{"id":23400,"date":"2022-08-20T12:49:28","date_gmt":"2022-08-20T12:49:28","guid":{"rendered":"https:\/\/7culture.ci\/?p=23400"},"modified":"2022-08-26T16:44:59","modified_gmt":"2022-08-26T16:44:59","slug":"qui-a-assassine-la-journaliste-ange-lath","status":"publish","type":"post","link":"https:\/\/7culture.ci\/index.php\/2022\/08\/20\/qui-a-assassine-la-journaliste-ange-lath\/","title":{"rendered":"Qui a assassin\u00e9 la journaliste Ange Lath\u00a0?"},"content":{"rendered":"\n<p>D\u2019une mani\u00e8re atroce, la voix d\u2019Ange Valence Lath s\u2019est \u00e9teinte \u00e0 jamais. Et les auditeurs de Port-Bou\u00ebt ne l\u2019entendront plus, eux qui \u00e9taient familiers au timbre vocal de la jeune journaliste.<\/p>\n\n\n\n<p>Journaliste \u00e0 la radio communale de Port-Bou\u00ebt, ATM (Abidjan Terre Mer), Ange Valence Lath a \u00e9t\u00e9 retrouv\u00e9e morte dans son domicile le vendredi 19 ao\u00fbt 2022 quartier Gonzagville. La fille de 31 ans \u00e9t\u00e9 assassin\u00e9e dans la nuit du jeudi 18 au vendredi 19 ao\u00fbt 2022. \u00ab&nbsp;<strong><em>Ma petite, les reportages sans toi auront un go\u00fbt fade et un go\u00fbt d&#8217;inachev\u00e9. L&#8217;on ne verra plus ta jolie silhouette tendre le micro aux autorit\u00e9s encore moins au citoyen lambda pour les micros trottoirs. Repose en paix Ange Lath<\/em><\/strong>&nbsp;\u00bb, regrette Monique Koffi, journaliste \u00e0 Radio ATM.<\/p>\n\n\n\n<figure class=\"wp-block-gallery has-nested-images columns-default is-cropped wp-block-gallery-1 is-layout-flex wp-block-gallery-is-layout-flex\">\n<figure class=\"wp-block-image size-large\"><img loading=\"lazy\" decoding=\"async\" width=\"720\" height=\"960\" data-id=\"23404\" src=\"https:\/\/7culture.ci\/wp-content\/uploads\/2022\/08\/Ange-Lath1.jpg\" alt=\"\" class=\"wp-image-23404\" srcset=\"https:\/\/7culture.ci\/wp-content\/uploads\/2022\/08\/Ange-Lath1.jpg 720w, https:\/\/7culture.ci\/wp-content\/uploads\/2022\/08\/Ange-Lath1-225x300.jpg 225w\" sizes=\"(max-width: 720px) 100vw, 720px\" \/><\/figure>\n\n\n\n<figure class=\"wp-block-image size-large\"><img loading=\"lazy\" decoding=\"async\" width=\"496\" height=\"960\" data-id=\"23402\" src=\"https:\/\/7culture.ci\/wp-content\/uploads\/2022\/08\/Ange-Lath3.jpg\" alt=\"\" class=\"wp-image-23402\" srcset=\"https:\/\/7culture.ci\/wp-content\/uploads\/2022\/08\/Ange-Lath3.jpg 496w, https:\/\/7culture.ci\/wp-content\/uploads\/2022\/08\/Ange-Lath3-155x300.jpg 155w\" sizes=\"(max-width: 496px) 100vw, 496px\" \/><\/figure>\n\n\n\n<figure class=\"wp-block-image size-large\"><img loading=\"lazy\" decoding=\"async\" width=\"768\" height=\"1024\" data-id=\"23403\" src=\"https:\/\/7culture.ci\/wp-content\/uploads\/2022\/08\/Ange-Lath5-768x1024.jpg\" alt=\"\" class=\"wp-image-23403\" srcset=\"https:\/\/7culture.ci\/wp-content\/uploads\/2022\/08\/Ange-Lath5-768x1024.jpg 768w, https:\/\/7culture.ci\/wp-content\/uploads\/2022\/08\/Ange-Lath5-225x300.jpg 225w, https:\/\/7culture.ci\/wp-content\/uploads\/2022\/08\/Ange-Lath5.jpg 1080w\" sizes=\"(max-width: 768px) 100vw, 768px\" \/><\/figure>\n<\/figure>\n\n\n\n<p>24 heures apr\u00e8s les tragiques et tristes faits, le site du quotidien gouvernemental ivoirien, Fraternit\u00e9 Matin, affirme que la police a mis la main sur l\u2019auteur pr\u00e9sum\u00e9 de l\u2019assassinat de la journaliste d\u2019ATM. \u00ab&nbsp;<strong><em>Kouyat\u00e9 Adams dit Miki. Il est le copain de la journaliste de 31 ans, Lath Ange de Radio ATM. C\u2019est sur lui que p\u00e8sent de lourds soup\u00e7ons d\u2019\u00eatre le tueur de sa dulcin\u00e9e<\/em><\/strong>&nbsp;\u00bb, \u00e9crit fratmat.info avant d\u2019affirmer&nbsp;: \u00ab&nbsp;<strong><em>Il a \u00e9t\u00e9 mis aux arr\u00eats, dans l\u2019apr\u00e8s-midi du vendredi 19 ao\u00fbt 2022 par le commissariat de police du 24<sup>e<\/sup> arrondissement de Port-Bou\u00ebt<\/em><\/strong>&nbsp;\u00bb.<\/p>\n\n\n\n<p>Par OAK<\/p>\n","protected":false},"excerpt":{"rendered":"<p>D\u2019une mani\u00e8re atroce, la voix d\u2019Ange Valence Lath s\u2019est \u00e9teinte \u00e0 jamais. Et les auditeurs de Port-Bou\u00ebt ne l\u2019entendront plus, eux qui \u00e9taient familiers au timbre vocal de la jeune journaliste. Journaliste \u00e0 la radio communale de Port-Bou\u00ebt, ATM (Abidjan Terre Mer), Ange Valence Lath a \u00e9t\u00e9 retrouv\u00e9e morte dans son domicile le vendredi 19 &hellip;<\/p>\n<p class=\"read-more\"> <a class=\"\" href=\"https:\/\/7culture.ci\/index.php\/2022\/08\/20\/qui-a-assassine-la-journaliste-ange-lath\/\"> <span class=\"screen-reader-text\">Qui a assassin\u00e9 la journaliste Ange Lath\u00a0?<\/span> Lire la suite\u00a0\u00bb<\/a><\/p>\n","protected":false},"author":1,"featured_media":23406,"comment_status":"open","ping_status":"open","sticky":false,"template":"","format":"standard","meta":{"_mi_skip_tracking":false,"_monsterinsights_sitenote_active":false,"_monsterinsights_sitenote_note":"","_monsterinsights_sitenote_category":0,"site-sidebar-layout":"default","site-content-layout":"default","ast-global-header-display":"","ast-main-header-display":"","ast-hfb-above-header-display":"","ast-hfb-below-header-display":"","ast-hfb-mobile-header-display":"","site-post-title":"","ast-breadcrumbs-content":"","ast-featured-img":"","footer-sml-layout":"","theme-transparent-header-meta":"","adv-header-id-meta":"","stick-header-meta":"","header-above-stick-meta":"","header-main-stick-meta":"","header-below-stick-meta":"","footnotes":"","jetpack_publicize_message":"","jetpack_is_tweetstorm":false,"jetpack_publicize_feature_enabled":true},"categories":[22],"tags":[],"jetpack_publicize_connections":[],"acf":[],"aioseo_notices":[],"yoast_head":"<!-- This site is optimized with the Yoast SEO plugin v19.6.1 - https:\/\/yoast.com\/wordpress\/plugins\/seo\/ -->\n<title>Qui a assassin\u00e9 la journaliste Ange Lath\u00a0? -<\/title>\n<meta name=\"robots\" content=\"index, follow, max-snippet:-1, max-image-preview:large, max-video-preview:-1\" \/>\n<link rel=\"canonical\" href=\"https:\/\/7culture.ci\/index.php\/2022\/08\/20\/qui-a-assassine-la-journaliste-ange-lath\/\" \/>\n<meta property=\"og:locale\" content=\"fr_FR\" \/>\n<meta property=\"og:type\" content=\"article\" \/>\n<meta property=\"og:title\" content=\"Qui a assassin\u00e9 la journaliste Ange Lath\u00a0? -\" \/>\n<meta property=\"og:description\" content=\"D\u2019une mani\u00e8re atroce, la voix d\u2019Ange Valence Lath s\u2019est \u00e9teinte \u00e0 jamais. Et les auditeurs de Port-Bou\u00ebt ne l\u2019entendront plus, eux qui \u00e9taient familiers au timbre vocal de la jeune journaliste. Journaliste \u00e0 la radio communale de Port-Bou\u00ebt, ATM (Abidjan Terre Mer), Ange Valence Lath a \u00e9t\u00e9 retrouv\u00e9e morte dans son domicile le vendredi 19 &hellip; Qui a assassin\u00e9 la journaliste Ange Lath\u00a0? Lire la suite\u00a0\u00bb\" \/>\n<meta property=\"og:url\" content=\"https:\/\/7culture.ci\/index.php\/2022\/08\/20\/qui-a-assassine-la-journaliste-ange-lath\/\" \/>\n<meta property=\"og:site_name\" content=\"7culture\" \/>\n<meta property=\"article:publisher\" content=\"https:\/\/www.facebook.com\/redchefclaude\" \/>\n<meta property=\"article:published_time\" content=\"2022-08-20T12:49:28+00:00\" \/>\n<meta property=\"article:modified_time\" content=\"2022-08-26T16:44:59+00:00\" \/>\n<meta property=\"og:image\" content=\"http:\/\/7culture.ci\/wp-content\/uploads\/2022\/08\/Ange-Lath4-bon-1.jpg\" \/>\n\t<meta property=\"og:image:width\" content=\"775\" \/>\n\t<meta property=\"og:image:height\" content=\"600\" \/>\n\t<meta property=\"og:image:type\" content=\"image\/jpeg\" \/>\n<meta name=\"author\" content=\"7culture2020\" \/>\n<meta name=\"twitter:card\" content=\"summary_large_image\" \/>\n<meta name=\"twitter:creator\" content=\"@7culturec\" \/>\n<meta name=\"twitter:site\" content=\"@7culturec\" \/>\n<meta name=\"twitter:label1\" content=\"\u00c9crit par\" \/>\n\t<meta name=\"twitter:data1\" content=\"7culture2020\" \/>\n\t<meta name=\"twitter:label2\" content=\"Dur\u00e9e de lecture estim\u00e9e\" \/>\n\t<meta name=\"twitter:data2\" content=\"2 minutes\" \/>\n<script type=\"application\/ld+json\" class=\"yoast-schema-graph\">{\"@context\":\"https:\/\/schema.org\",\"@graph\":[{\"@type\":\"Article\",\"@id\":\"https:\/\/7culture.ci\/index.php\/2022\/08\/20\/qui-a-assassine-la-journaliste-ange-lath\/#article\",\"isPartOf\":{\"@id\":\"https:\/\/7culture.ci\/index.php\/2022\/08\/20\/qui-a-assassine-la-journaliste-ange-lath\/\"},\"author\":{\"name\":\"7culture2020\",\"@id\":\"https:\/\/7culture.ci\/#\/schema\/person\/16150d28d7ef66ba788c1f87f28c4426\"},\"headline\":\"Qui a assassin\u00e9 la journaliste Ange Lath\u00a0?\",\"datePublished\":\"2022-08-20T12:49:28+00:00\",\"dateModified\":\"2022-08-26T16:44:59+00:00\",\"mainEntityOfPage\":{\"@id\":\"https:\/\/7culture.ci\/index.php\/2022\/08\/20\/qui-a-assassine-la-journaliste-ange-lath\/\"},\"wordCount\":251,\"commentCount\":0,\"publisher\":{\"@id\":\"https:\/\/7culture.ci\/#organization\"},\"articleSection\":[\"Actualit\u00e9\"],\"inLanguage\":\"fr-FR\",\"potentialAction\":[{\"@type\":\"CommentAction\",\"name\":\"Comment\",\"target\":[\"https:\/\/7culture.ci\/index.php\/2022\/08\/20\/qui-a-assassine-la-journaliste-ange-lath\/#respond\"]}]},{\"@type\":\"WebPage\",\"@id\":\"https:\/\/7culture.ci\/index.php\/2022\/08\/20\/qui-a-assassine-la-journaliste-ange-lath\/\",\"url\":\"https:\/\/7culture.ci\/index.php\/2022\/08\/20\/qui-a-assassine-la-journaliste-ange-lath\/\",\"name\":\"Qui a assassin\u00e9 la journaliste Ange Lath\u00a0? -\",\"isPartOf\":{\"@id\":\"https:\/\/7culture.ci\/#website\"},\"datePublished\":\"2022-08-20T12:49:28+00:00\",\"dateModified\":\"2022-08-26T16:44:59+00:00\",\"breadcrumb\":{\"@id\":\"https:\/\/7culture.ci\/index.php\/2022\/08\/20\/qui-a-assassine-la-journaliste-ange-lath\/#breadcrumb\"},\"inLanguage\":\"fr-FR\",\"potentialAction\":[{\"@type\":\"ReadAction\",\"target\":[\"https:\/\/7culture.ci\/index.php\/2022\/08\/20\/qui-a-assassine-la-journaliste-ange-lath\/\"]}]},{\"@type\":\"BreadcrumbList\",\"@id\":\"https:\/\/7culture.ci\/index.php\/2022\/08\/20\/qui-a-assassine-la-journaliste-ange-lath\/#breadcrumb\",\"itemListElement\":[{\"@type\":\"ListItem\",\"position\":1,\"name\":\"Accueil\",\"item\":\"https:\/\/7culture.ci\/\"},{\"@type\":\"ListItem\",\"position\":2,\"name\":\"Qui a assassin\u00e9 la journaliste Ange Lath\u00a0?\"}]},{\"@type\":\"WebSite\",\"@id\":\"https:\/\/7culture.ci\/#website\",\"url\":\"https:\/\/7culture.ci\/\",\"name\":\"7culture\",\"description\":\"Tout sur l&#039;actualit\u00e9\",\"publisher\":{\"@id\":\"https:\/\/7culture.ci\/#organization\"},\"potentialAction\":[{\"@type\":\"SearchAction\",\"target\":{\"@type\":\"EntryPoint\",\"urlTemplate\":\"https:\/\/7culture.ci\/?s={search_term_string}\"},\"query-input\":\"required name=search_term_string\"}],\"inLanguage\":\"fr-FR\"},{\"@type\":\"Organization\",\"@id\":\"https:\/\/7culture.ci\/#organization\",\"name\":\"7culture\",\"url\":\"https:\/\/7culture.ci\/\",\"sameAs\":[\"https:\/\/www.facebook.com\/redchefclaude\",\"https:\/\/twitter.com\/7culturec\"],\"logo\":{\"@type\":\"ImageObject\",\"inLanguage\":\"fr-FR\",\"@id\":\"https:\/\/7culture.ci\/#\/schema\/logo\/image\/\",\"url\":\"https:\/\/7culture.ci\/wp-content\/uploads\/2021\/12\/S1a-1.png\",\"contentUrl\":\"https:\/\/7culture.ci\/wp-content\/uploads\/2021\/12\/S1a-1.png\",\"width\":588,\"height\":192,\"caption\":\"7culture\"},\"image\":{\"@id\":\"https:\/\/7culture.ci\/#\/schema\/logo\/image\/\"}},{\"@type\":\"Person\",\"@id\":\"https:\/\/7culture.ci\/#\/schema\/person\/16150d28d7ef66ba788c1f87f28c4426\",\"name\":\"7culture2020\",\"image\":{\"@type\":\"ImageObject\",\"inLanguage\":\"fr-FR\",\"@id\":\"https:\/\/7culture.ci\/#\/schema\/person\/image\/\",\"url\":\"https:\/\/secure.gravatar.com\/avatar\/9a0784f951306c37bcd065f52844ef95?s=96&d=mm&r=g\",\"contentUrl\":\"https:\/\/secure.gravatar.com\/avatar\/9a0784f951306c37bcd065f52844ef95?s=96&d=mm&r=g\",\"caption\":\"7culture2020\"},\"sameAs\":[\"http:\/\/7culture.ci\",\"Claude.kipre\"],\"url\":\"https:\/\/7culture.ci\/index.php\/author\/7culture2020\/\"}]}<\/script>\n<!-- \/ Yoast SEO plugin. -->","yoast_head_json":{"title":"Qui a assassin\u00e9 la journaliste Ange Lath\u00a0? -","robots":{"index":"index","follow":"follow","max-snippet":"max-snippet:-1","max-image-preview":"max-image-preview:large","max-video-preview":"max-video-preview:-1"},"canonical":"https:\/\/7culture.ci\/index.php\/2022\/08\/20\/qui-a-assassine-la-journaliste-ange-lath\/","og_locale":"fr_FR","og_type":"article","og_title":"Qui a assassin\u00e9 la journaliste Ange Lath\u00a0? -","og_description":"D\u2019une mani\u00e8re atroce, la voix d\u2019Ange Valence Lath s\u2019est \u00e9teinte \u00e0 jamais. Et les auditeurs de Port-Bou\u00ebt ne l\u2019entendront plus, eux qui \u00e9taient familiers au timbre vocal de la jeune journaliste. Journaliste \u00e0 la radio communale de Port-Bou\u00ebt, ATM (Abidjan Terre Mer), Ange Valence Lath a \u00e9t\u00e9 retrouv\u00e9e morte dans son domicile le vendredi 19 &hellip; Qui a assassin\u00e9 la journaliste Ange Lath\u00a0? Lire la suite\u00a0\u00bb","og_url":"https:\/\/7culture.ci\/index.php\/2022\/08\/20\/qui-a-assassine-la-journaliste-ange-lath\/","og_site_name":"7culture","article_publisher":"https:\/\/www.facebook.com\/redchefclaude","article_published_time":"2022-08-20T12:49:28+00:00","article_modified_time":"2022-08-26T16:44:59+00:00","og_image":[{"width":775,"height":600,"url":"http:\/\/7culture.ci\/wp-content\/uploads\/2022\/08\/Ange-Lath4-bon-1.jpg","type":"image\/jpeg"}],"author":"7culture2020","twitter_card":"summary_large_image","twitter_creator":"@7culturec","twitter_site":"@7culturec","twitter_misc":{"\u00c9crit par":"7culture2020","Dur\u00e9e de lecture estim\u00e9e":"2 minutes"},"schema":{"@context":"https:\/\/schema.org","@graph":[{"@type":"Article","@id":"https:\/\/7culture.ci\/index.php\/2022\/08\/20\/qui-a-assassine-la-journaliste-ange-lath\/#article","isPartOf":{"@id":"https:\/\/7culture.ci\/index.php\/2022\/08\/20\/qui-a-assassine-la-journaliste-ange-lath\/"},"author":{"name":"7culture2020","@id":"https:\/\/7culture.ci\/#\/schema\/person\/16150d28d7ef66ba788c1f87f28c4426"},"headline":"Qui a assassin\u00e9 la journaliste Ange Lath\u00a0?","datePublished":"2022-08-20T12:49:28+00:00","dateModified":"2022-08-26T16:44:59+00:00","mainEntityOfPage":{"@id":"https:\/\/7culture.ci\/index.php\/2022\/08\/20\/qui-a-assassine-la-journaliste-ange-lath\/"},"wordCount":251,"commentCount":0,"publisher":{"@id":"https:\/\/7culture.ci\/#organization"},"articleSection":["Actualit\u00e9"],"inLanguage":"fr-FR","potentialAction":[{"@type":"CommentAction","name":"Comment","target":["https:\/\/7culture.ci\/index.php\/2022\/08\/20\/qui-a-assassine-la-journaliste-ange-lath\/#respond"]}]},{"@type":"WebPage","@id":"https:\/\/7culture.ci\/index.php\/2022\/08\/20\/qui-a-assassine-la-journaliste-ange-lath\/","url":"https:\/\/7culture.ci\/index.php\/2022\/08\/20\/qui-a-assassine-la-journaliste-ange-lath\/","name":"Qui a assassin\u00e9 la journaliste Ange Lath\u00a0? -","isPartOf":{"@id":"https:\/\/7culture.ci\/#website"},"datePublished":"2022-08-20T12:49:28+00:00","dateModified":"2022-08-26T16:44:59+00:00","breadcrumb":{"@id":"https:\/\/7culture.ci\/index.php\/2022\/08\/20\/qui-a-assassine-la-journaliste-ange-lath\/#breadcrumb"},"inLanguage":"fr-FR","potentialAction":[{"@type":"ReadAction","target":["https:\/\/7culture.ci\/index.php\/2022\/08\/20\/qui-a-assassine-la-journaliste-ange-lath\/"]}]},{"@type":"BreadcrumbList","@id":"https:\/\/7culture.ci\/index.php\/2022\/08\/20\/qui-a-assassine-la-journaliste-ange-lath\/#breadcrumb","itemListElement":[{"@type":"ListItem","position":1,"name":"Accueil","item":"https:\/\/7culture.ci\/"},{"@type":"ListItem","position":2,"name":"Qui a assassin\u00e9 la journaliste Ange Lath\u00a0?"}]},{"@type":"WebSite","@id":"https:\/\/7culture.ci\/#website","url":"https:\/\/7culture.ci\/","name":"7culture","description":"Tout sur l&#039;actualit\u00e9","publisher":{"@id":"https:\/\/7culture.ci\/#organization"},"potentialAction":[{"@type":"SearchAction","target":{"@type":"EntryPoint","urlTemplate":"https:\/\/7culture.ci\/?s={search_term_string}"},"query-input":"required name=search_term_string"}],"inLanguage":"fr-FR"},{"@type":"Organization","@id":"https:\/\/7culture.ci\/#organization","name":"7culture","url":"https:\/\/7culture.ci\/","sameAs":["https:\/\/www.facebook.com\/redchefclaude","https:\/\/twitter.com\/7culturec"],"logo":{"@type":"ImageObject","inLanguage":"fr-FR","@id":"https:\/\/7culture.ci\/#\/schema\/logo\/image\/","url":"https:\/\/7culture.ci\/wp-content\/uploads\/2021\/12\/S1a-1.png","contentUrl":"https:\/\/7culture.ci\/wp-content\/uploads\/2021\/12\/S1a-1.png","width":588,"height":192,"caption":"7culture"},"image":{"@id":"https:\/\/7culture.ci\/#\/schema\/logo\/image\/"}},{"@type":"Person","@id":"https:\/\/7culture.ci\/#\/schema\/person\/16150d28d7ef66ba788c1f87f28c4426","name":"7culture2020","image":{"@type":"ImageObject","inLanguage":"fr-FR","@id":"https:\/\/7culture.ci\/#\/schema\/person\/image\/","url":"https:\/\/secure.gravatar.com\/avatar\/9a0784f951306c37bcd065f52844ef95?s=96&d=mm&r=g","contentUrl":"https:\/\/secure.gravatar.com\/avatar\/9a0784f951306c37bcd065f52844ef95?s=96&d=mm&r=g","caption":"7culture2020"},"sameAs":["http:\/\/7culture.ci","Claude.kipre"],"url":"https:\/\/7culture.ci\/index.php\/author\/7culture2020\/"}]}},"jetpack_featured_media_url":"https:\/\/7culture.ci\/wp-content\/uploads\/2022\/08\/Ange-Lath4-bon-1.jpg","jetpack_likes_enabled":true,"jetpack_sharing_enabled":true,"_links":{"self":[{"href":"https:\/\/7culture.ci\/index.php\/wp-json\/wp\/v2\/posts\/23400"}],"collection":[{"href":"https:\/\/7culture.ci\/index.php\/wp-json\/wp\/v2\/posts"}],"about":[{"href":"https:\/\/7culture.ci\/index.php\/wp-json\/wp\/v2\/types\/post"}],"author":[{"embeddable":true,"href":"https:\/\/7culture.ci\/index.php\/wp-json\/wp\/v2\/users\/1"}],"replies":[{"embeddable":true,"href":"https:\/\/7culture.ci\/index.php\/wp-json\/wp\/v2\/comments?post=23400"}],"version-history":[{"count":0,"href":"https:\/\/7culture.ci\/index.php\/wp-json\/wp\/v2\/posts\/23400\/revisions"}],"wp:featuredmedia":[{"embeddable":true,"href":"https:\/\/7culture.ci\/index.php\/wp-json\/wp\/v2\/media\/23406"}],"wp:attachment":[{"href":"https:\/\/7culture.ci\/index.php\/wp-json\/wp\/v2\/media?parent=23400"}],"wp:term":[{"taxonomy":"category","embeddable":true,"href":"https:\/\/7culture.ci\/index.php\/wp-json\/wp\/v2\/categories?post=23400"},{"taxonomy":"post_tag","embeddable":true,"href":"https:\/\/7culture.ci\/index.php\/wp-json\/wp\/v2\/tags?post=23400"}],"curies":[{"name":"wp","href":"https:\/\/api.w.org\/{rel}","templated":true}]}}