{"id":23383,"date":"2022-08-19T11:46:37","date_gmt":"2022-08-19T11:46:37","guid":{"rendered":"https:\/\/7culture.ci\/?p=23383"},"modified":"2022-08-19T12:26:30","modified_gmt":"2022-08-19T12:26:30","slug":"la-ville-de-sinfra-bat-au-rythme-du-festival-kahafla-fe-2022","status":"publish","type":"post","link":"https:\/\/7culture.ci\/index.php\/2022\/08\/19\/la-ville-de-sinfra-bat-au-rythme-du-festival-kahafla-fe-2022\/","title":{"rendered":"La ville de Sinfra bat au rythme du festival Kahafla-F\u00ea 2022"},"content":{"rendered":"\n<p>Apr\u00e8s une premi\u00e8re \u00e9dition r\u00e9ussie en 2021, le Kahafla-F\u00ea-Stival s\u2019installe \u00e0 nouveau \u00e0 Sinfra, une ville du centre de la C\u00f4te d&#8217;Ivoire. Le 2<sup>e<\/sup> rendez-vous de la promotion et de la valorisation de la culture gourou se tiendra du 19 au 21 ao\u00fbt 2022. Cette ann\u00e9e, l\u2019organisation pilot\u00e9e par la tr\u00e8s dynamique chor\u00e9graphe internationale Cellou Blagon\u00e9, fait les choses en grand. Aucun d\u00e9tail n\u2019a \u00e9t\u00e9 n\u00e9glig\u00e9. Tenez, avant l\u2019ouverture officielle de l\u2019\u00e9v\u00e8nement, il se tient d\u00e9j\u00e0 dans la ville h\u00f4te, une sorte de pr\u00e9-festival Kahafla-F\u00ea. Les mercredi 17 et jeudi 18 ao\u00fbt 2022, on a remis au go\u00fbt du jour les ambiances villageoises comme le feu de camp au campement. On a retrouv\u00e9 les contes, les histoires dr\u00f4les et de l\u2019animation \u00e0 l\u2019ancienne de 21 h \u00e0 l&#8217;aube. Il y a eu aussi l\u2019instauration d\u2019une journ\u00e9e de la vie au village gouro qui s\u2019\u00e9tendait du lever au coucher du soleil.<\/p>\n\n\n\n<figure class=\"wp-block-gallery has-nested-images columns-default is-cropped wp-block-gallery-1 is-layout-flex wp-block-gallery-is-layout-flex\">\n<figure class=\"wp-block-image size-large\"><img loading=\"lazy\" decoding=\"async\" width=\"489\" height=\"490\" data-id=\"23385\" src=\"https:\/\/7culture.ci\/wp-content\/uploads\/2022\/08\/97099574_103907301327071_1205134378347266048_n.jpg\" alt=\"\" class=\"wp-image-23385\" srcset=\"https:\/\/7culture.ci\/wp-content\/uploads\/2022\/08\/97099574_103907301327071_1205134378347266048_n.jpg 489w, https:\/\/7culture.ci\/wp-content\/uploads\/2022\/08\/97099574_103907301327071_1205134378347266048_n-300x300.jpg 300w, https:\/\/7culture.ci\/wp-content\/uploads\/2022\/08\/97099574_103907301327071_1205134378347266048_n-150x150.jpg 150w\" sizes=\"(max-width: 489px) 100vw, 489px\" \/><\/figure>\n\n\n\n<figure class=\"wp-block-image size-large\"><img loading=\"lazy\" decoding=\"async\" width=\"683\" height=\"1024\" data-id=\"23386\" src=\"https:\/\/7culture.ci\/wp-content\/uploads\/2022\/08\/WhatsApp-Image-2022-08-17-at-21.01.52.jpeg\" alt=\"\" class=\"wp-image-23386\" srcset=\"https:\/\/7culture.ci\/wp-content\/uploads\/2022\/08\/WhatsApp-Image-2022-08-17-at-21.01.52.jpeg 683w, https:\/\/7culture.ci\/wp-content\/uploads\/2022\/08\/WhatsApp-Image-2022-08-17-at-21.01.52-200x300.jpeg 200w\" sizes=\"(max-width: 683px) 100vw, 683px\" \/><\/figure>\n\n\n\n<figure class=\"wp-block-image size-large\"><img loading=\"lazy\" decoding=\"async\" width=\"427\" height=\"640\" data-id=\"23387\" src=\"https:\/\/7culture.ci\/wp-content\/uploads\/2022\/08\/WhatsApp-Image-2022-08-17-at-21.01.53-1.jpeg\" alt=\"\" class=\"wp-image-23387\" srcset=\"https:\/\/7culture.ci\/wp-content\/uploads\/2022\/08\/WhatsApp-Image-2022-08-17-at-21.01.53-1.jpeg 427w, https:\/\/7culture.ci\/wp-content\/uploads\/2022\/08\/WhatsApp-Image-2022-08-17-at-21.01.53-1-200x300.jpeg 200w\" sizes=\"(max-width: 427px) 100vw, 427px\" \/><\/figure>\n<\/figure>\n\n\n\n<p>A partir de ce vendredi 19 ao\u00fbt, on entre au vif du sujet par l\u2019ouverture du village Kahafla-F\u00ea-stival. L\u2019espace am\u00e9nag\u00e9 comprend stands dans lesquels sont expos\u00e9s des objets d&#8217;art, des tenues vestimentaires traditionnelles. Il y a \u00e9galement des maquis-resto avec des mets typiquement Gouro, des jeux de soci\u00e9t\u00e9 en pays gouro et un espace gaming pour jeune public. Le menu comprend la pr\u00e9sentation d\u2019une com\u00e9die musicale sign\u00e9e Sellou Blagon\u00e9, l\u2019ex\u00e9cution des chants traditionnels, un concours de danse. Le Kahafla-F\u00ea-stival 2022 donne aussi une place de choix aux concerts avec des prestations d&#8217;artistes tradi-modernes et de paroliers. La cuisine est \u00e9galement au rendez-vous avec un concours culinaire bas\u00e9 sur la gastronomie de la r\u00e9gion et la pratique des rites initiatiques chez les Gouro. Les autres points culminants de cette 2<sup>e<\/sup> \u00e9dition du festival Kahafla-F\u00ea, sont les visites et d\u00e9couvertes des richesses touristiques de la Marahou\u00e9 et un d\u00e9fil\u00e9 des cr\u00e9ateurs de mode. Les diff\u00e9rents participants au festival se mettront en \u00e9vidence \u00e0 travers une parade des troupes.<\/p>\n\n\n\n<div class=\"wp-block-image\"><figure class=\"aligncenter size-large is-resized\"><img loading=\"lazy\" decoding=\"async\" src=\"https:\/\/7culture.ci\/wp-content\/uploads\/2022\/08\/WhatsApp-Image-2022-08-17-at-21.01.54-1024x1024.jpeg\" alt=\"\" class=\"wp-image-23388\" width=\"473\" height=\"473\" srcset=\"https:\/\/7culture.ci\/wp-content\/uploads\/2022\/08\/WhatsApp-Image-2022-08-17-at-21.01.54.jpeg 1024w, https:\/\/7culture.ci\/wp-content\/uploads\/2022\/08\/WhatsApp-Image-2022-08-17-at-21.01.54-300x300.jpeg 300w, https:\/\/7culture.ci\/wp-content\/uploads\/2022\/08\/WhatsApp-Image-2022-08-17-at-21.01.54-150x150.jpeg 150w, https:\/\/7culture.ci\/wp-content\/uploads\/2022\/08\/WhatsApp-Image-2022-08-17-at-21.01.54-768x768.jpeg 768w\" sizes=\"(max-width: 473px) 100vw, 473px\" \/><\/figure><\/div>\n\n\n\n<p>A c\u00f4t\u00e9 de cet aspect ludique, le festival Kahafla-F\u00eal comprend aussi un volet didactique notamment une conf\u00e9rence sur le th\u00e8me: l\u2019identit\u00e9 culturelle Gouro d&#8217;hier \u00e0 aujourd&#8217;hui : quelle perspective ? Il est \u00e9galement pr\u00e9vu des panels qui seront anim\u00e9s par des sp\u00e9cialistes de la culture Gouro. En collaboration avec les autorit\u00e9s \u00e9ducatives de la r\u00e9gion, les organisateurs du festival inaugureront la biblioth\u00e8que de l&#8217;EPP Koblata. Les initiateurs du Kahafla-F\u00ea-stival et leurs partenaires proc\u00e9deront \u00e0 la remise de dons au Centre d&#8217;accueil des enfants en situation vuln\u00e9rable. Le grand rendez-vous culturel de Sinfra refermera ses portes par une soir\u00e9e de promotion de l\u2019excellence, de distinction et de remises de prix aux meilleurs acteurs culturels, aux acteurs de d\u00e9veloppement et aux apprenants.<\/p>\n\n\n\n<div class=\"wp-block-image\"><figure class=\"aligncenter size-full is-resized\"><img loading=\"lazy\" decoding=\"async\" src=\"https:\/\/7culture.ci\/wp-content\/uploads\/2022\/08\/WhatsApp-Image-2022-08-17-at-21.01.53.jpeg\" alt=\"\" class=\"wp-image-23389\" width=\"620\" height=\"414\" srcset=\"https:\/\/7culture.ci\/wp-content\/uploads\/2022\/08\/WhatsApp-Image-2022-08-17-at-21.01.53.jpeg 1024w, https:\/\/7culture.ci\/wp-content\/uploads\/2022\/08\/WhatsApp-Image-2022-08-17-at-21.01.53-300x200.jpeg 300w, https:\/\/7culture.ci\/wp-content\/uploads\/2022\/08\/WhatsApp-Image-2022-08-17-at-21.01.53-768x512.jpeg 768w\" sizes=\"(max-width: 620px) 100vw, 620px\" \/><figcaption>Sellou Blagon\u00e9<\/figcaption><\/figure><\/div>\n\n\n\n<p>\u00ab<strong><em>\u2019\u2019Kahafla-F\u00ea\u2019\u2019 signifie la chose de chez nous en langue gouro. Il se veut un cadre de valorisation de la culture Gouro. A chaque rendez-vous, nous essayons de mettre en lumi\u00e8re tous les pans culturels Gouro de Sinfta, de Zouenoula et de Bouafl\u00e9<\/em><\/strong>&nbsp;\u00bb, rappelle la commissaire g\u00e9n\u00e9rale, Sellou Blagon\u00e9. Avant d\u2019ajouter&nbsp;: \u00ab&nbsp;<strong><em>A travers ce festival, j\u2019ambitionne f\u00e9d\u00e9rer \u00e0 Sinfra, toute la cr\u00e9ation artistique de la r\u00e9gion de la Marahou\u00e9<\/em><\/strong> \u00bb<\/p>\n\n\n\n<p>Le Kahafla-F\u00ea-stival est un festival d\u2019\u00e9changes culturels entre la C\u00f4te d\u2019Ivoire et le reste du monde. Cette manifestation promeut la culture ivoirienne et plus particuli\u00e8rement la richesse du peuple gouro (art, culture, gastronomie\u2026) dont l\u2019un des masques, le Zaouli, est class\u00e9 au patrimoine mondial de l\u2019UNESCO.<\/p>\n\n\n\n<p>\u00ab&nbsp;<strong><em>Les objectifs du Kahafla-F\u00ea-stival sont \u00e9galement la contribution au renforcement de l\u2019unit\u00e9 nationale, \u00e0 travers le brassage des cultures des diff\u00e9rentes communaut\u00e9s vivant en pays gouro et le d\u00e9veloppement des alliances avec les autres peuples<\/em><\/strong>&nbsp;\u00bb, soutient Sellou Blagon\u00e9 dont toute l\u2019activit\u00e9 est coordonn\u00e9e par l&#8217;association Nawe Sellou&#8217;Art.<\/p>\n\n\n\n<p>Par Omar AK<\/p>\n","protected":false},"excerpt":{"rendered":"<p>Apr\u00e8s une premi\u00e8re \u00e9dition r\u00e9ussie en 2021, le Kahafla-F\u00ea-Stival s\u2019installe \u00e0 nouveau \u00e0 Sinfra, une ville du centre de la C\u00f4te d&#8217;Ivoire. Le 2e rendez-vous de la promotion et de la valorisation de la culture gourou se tiendra du 19 au 21 ao\u00fbt 2022. Cette ann\u00e9e, l\u2019organisation pilot\u00e9e par la tr\u00e8s dynamique chor\u00e9graphe internationale Cellou &hellip;<\/p>\n<p class=\"read-more\"> <a class=\"\" href=\"https:\/\/7culture.ci\/index.php\/2022\/08\/19\/la-ville-de-sinfra-bat-au-rythme-du-festival-kahafla-fe-2022\/\"> <span class=\"screen-reader-text\">La ville de Sinfra bat au rythme du festival Kahafla-F\u00ea 2022<\/span> Lire la suite\u00a0\u00bb<\/a><\/p>\n","protected":false},"author":1,"featured_media":23384,"comment_status":"open","ping_status":"open","sticky":false,"template":"","format":"standard","meta":{"_mi_skip_tracking":false,"_monsterinsights_sitenote_active":false,"_monsterinsights_sitenote_note":"","_monsterinsights_sitenote_category":0,"site-sidebar-layout":"default","site-content-layout":"default","ast-global-header-display":"","ast-main-header-display":"","ast-hfb-above-header-display":"","ast-hfb-below-header-display":"","ast-hfb-mobile-header-display":"","site-post-title":"","ast-breadcrumbs-content":"","ast-featured-img":"","footer-sml-layout":"","theme-transparent-header-meta":"","adv-header-id-meta":"","stick-header-meta":"","header-above-stick-meta":"","header-main-stick-meta":"","header-below-stick-meta":"","footnotes":"","jetpack_publicize_message":"","jetpack_is_tweetstorm":false,"jetpack_publicize_feature_enabled":true},"categories":[22],"tags":[],"jetpack_publicize_connections":[],"acf":[],"aioseo_notices":[],"yoast_head":"<!-- This site is optimized with the Yoast SEO plugin v19.6.1 - https:\/\/yoast.com\/wordpress\/plugins\/seo\/ -->\n<title>La ville de Sinfra bat au rythme du festival Kahafla-F\u00ea 2022 -<\/title>\n<meta name=\"robots\" content=\"index, follow, max-snippet:-1, max-image-preview:large, max-video-preview:-1\" \/>\n<link rel=\"canonical\" href=\"https:\/\/7culture.ci\/index.php\/2022\/08\/19\/la-ville-de-sinfra-bat-au-rythme-du-festival-kahafla-fe-2022\/\" \/>\n<meta property=\"og:locale\" content=\"fr_FR\" \/>\n<meta property=\"og:type\" content=\"article\" \/>\n<meta property=\"og:title\" content=\"La ville de Sinfra bat au rythme du festival Kahafla-F\u00ea 2022 -\" \/>\n<meta property=\"og:description\" content=\"Apr\u00e8s une premi\u00e8re \u00e9dition r\u00e9ussie en 2021, le Kahafla-F\u00ea-Stival s\u2019installe \u00e0 nouveau \u00e0 Sinfra, une ville du centre de la C\u00f4te d&#8217;Ivoire. Le 2e rendez-vous de la promotion et de la valorisation de la culture gourou se tiendra du 19 au 21 ao\u00fbt 2022. Cette ann\u00e9e, l\u2019organisation pilot\u00e9e par la tr\u00e8s dynamique chor\u00e9graphe internationale Cellou &hellip; La ville de Sinfra bat au rythme du festival Kahafla-F\u00ea 2022 Lire la suite\u00a0\u00bb\" \/>\n<meta property=\"og:url\" content=\"https:\/\/7culture.ci\/index.php\/2022\/08\/19\/la-ville-de-sinfra-bat-au-rythme-du-festival-kahafla-fe-2022\/\" \/>\n<meta property=\"og:site_name\" content=\"7culture\" \/>\n<meta property=\"article:publisher\" content=\"https:\/\/www.facebook.com\/redchefclaude\" \/>\n<meta property=\"article:published_time\" content=\"2022-08-19T11:46:37+00:00\" \/>\n<meta property=\"article:modified_time\" content=\"2022-08-19T12:26:30+00:00\" \/>\n<meta property=\"og:image\" content=\"http:\/\/7culture.ci\/wp-content\/uploads\/2022\/08\/1-2.jpg\" \/>\n\t<meta property=\"og:image:width\" content=\"674\" \/>\n\t<meta property=\"og:image:height\" content=\"655\" \/>\n\t<meta property=\"og:image:type\" content=\"image\/jpeg\" \/>\n<meta name=\"author\" content=\"7culture2020\" \/>\n<meta name=\"twitter:card\" content=\"summary_large_image\" \/>\n<meta name=\"twitter:creator\" content=\"@7culturec\" \/>\n<meta name=\"twitter:site\" content=\"@7culturec\" \/>\n<meta name=\"twitter:label1\" content=\"\u00c9crit par\" \/>\n\t<meta name=\"twitter:data1\" content=\"7culture2020\" \/>\n\t<meta name=\"twitter:label2\" content=\"Dur\u00e9e de lecture estim\u00e9e\" \/>\n\t<meta name=\"twitter:data2\" content=\"5 minutes\" \/>\n<script type=\"application\/ld+json\" class=\"yoast-schema-graph\">{\"@context\":\"https:\/\/schema.org\",\"@graph\":[{\"@type\":\"Article\",\"@id\":\"https:\/\/7culture.ci\/index.php\/2022\/08\/19\/la-ville-de-sinfra-bat-au-rythme-du-festival-kahafla-fe-2022\/#article\",\"isPartOf\":{\"@id\":\"https:\/\/7culture.ci\/index.php\/2022\/08\/19\/la-ville-de-sinfra-bat-au-rythme-du-festival-kahafla-fe-2022\/\"},\"author\":{\"name\":\"7culture2020\",\"@id\":\"https:\/\/7culture.ci\/#\/schema\/person\/16150d28d7ef66ba788c1f87f28c4426\"},\"headline\":\"La ville de Sinfra bat au rythme du festival Kahafla-F\u00ea 2022\",\"datePublished\":\"2022-08-19T11:46:37+00:00\",\"dateModified\":\"2022-08-19T12:26:30+00:00\",\"mainEntityOfPage\":{\"@id\":\"https:\/\/7culture.ci\/index.php\/2022\/08\/19\/la-ville-de-sinfra-bat-au-rythme-du-festival-kahafla-fe-2022\/\"},\"wordCount\":685,\"commentCount\":0,\"publisher\":{\"@id\":\"https:\/\/7culture.ci\/#organization\"},\"articleSection\":[\"Actualit\u00e9\"],\"inLanguage\":\"fr-FR\",\"potentialAction\":[{\"@type\":\"CommentAction\",\"name\":\"Comment\",\"target\":[\"https:\/\/7culture.ci\/index.php\/2022\/08\/19\/la-ville-de-sinfra-bat-au-rythme-du-festival-kahafla-fe-2022\/#respond\"]}]},{\"@type\":\"WebPage\",\"@id\":\"https:\/\/7culture.ci\/index.php\/2022\/08\/19\/la-ville-de-sinfra-bat-au-rythme-du-festival-kahafla-fe-2022\/\",\"url\":\"https:\/\/7culture.ci\/index.php\/2022\/08\/19\/la-ville-de-sinfra-bat-au-rythme-du-festival-kahafla-fe-2022\/\",\"name\":\"La ville de Sinfra bat au rythme du festival Kahafla-F\u00ea 2022 -\",\"isPartOf\":{\"@id\":\"https:\/\/7culture.ci\/#website\"},\"datePublished\":\"2022-08-19T11:46:37+00:00\",\"dateModified\":\"2022-08-19T12:26:30+00:00\",\"breadcrumb\":{\"@id\":\"https:\/\/7culture.ci\/index.php\/2022\/08\/19\/la-ville-de-sinfra-bat-au-rythme-du-festival-kahafla-fe-2022\/#breadcrumb\"},\"inLanguage\":\"fr-FR\",\"potentialAction\":[{\"@type\":\"ReadAction\",\"target\":[\"https:\/\/7culture.ci\/index.php\/2022\/08\/19\/la-ville-de-sinfra-bat-au-rythme-du-festival-kahafla-fe-2022\/\"]}]},{\"@type\":\"BreadcrumbList\",\"@id\":\"https:\/\/7culture.ci\/index.php\/2022\/08\/19\/la-ville-de-sinfra-bat-au-rythme-du-festival-kahafla-fe-2022\/#breadcrumb\",\"itemListElement\":[{\"@type\":\"ListItem\",\"position\":1,\"name\":\"Accueil\",\"item\":\"https:\/\/7culture.ci\/\"},{\"@type\":\"ListItem\",\"position\":2,\"name\":\"La ville de Sinfra bat au rythme du festival Kahafla-F\u00ea 2022\"}]},{\"@type\":\"WebSite\",\"@id\":\"https:\/\/7culture.ci\/#website\",\"url\":\"https:\/\/7culture.ci\/\",\"name\":\"7culture\",\"description\":\"Tout sur l&#039;actualit\u00e9\",\"publisher\":{\"@id\":\"https:\/\/7culture.ci\/#organization\"},\"potentialAction\":[{\"@type\":\"SearchAction\",\"target\":{\"@type\":\"EntryPoint\",\"urlTemplate\":\"https:\/\/7culture.ci\/?s={search_term_string}\"},\"query-input\":\"required name=search_term_string\"}],\"inLanguage\":\"fr-FR\"},{\"@type\":\"Organization\",\"@id\":\"https:\/\/7culture.ci\/#organization\",\"name\":\"7culture\",\"url\":\"https:\/\/7culture.ci\/\",\"sameAs\":[\"https:\/\/www.facebook.com\/redchefclaude\",\"https:\/\/twitter.com\/7culturec\"],\"logo\":{\"@type\":\"ImageObject\",\"inLanguage\":\"fr-FR\",\"@id\":\"https:\/\/7culture.ci\/#\/schema\/logo\/image\/\",\"url\":\"https:\/\/7culture.ci\/wp-content\/uploads\/2021\/12\/S1a-1.png\",\"contentUrl\":\"https:\/\/7culture.ci\/wp-content\/uploads\/2021\/12\/S1a-1.png\",\"width\":588,\"height\":192,\"caption\":\"7culture\"},\"image\":{\"@id\":\"https:\/\/7culture.ci\/#\/schema\/logo\/image\/\"}},{\"@type\":\"Person\",\"@id\":\"https:\/\/7culture.ci\/#\/schema\/person\/16150d28d7ef66ba788c1f87f28c4426\",\"name\":\"7culture2020\",\"image\":{\"@type\":\"ImageObject\",\"inLanguage\":\"fr-FR\",\"@id\":\"https:\/\/7culture.ci\/#\/schema\/person\/image\/\",\"url\":\"https:\/\/secure.gravatar.com\/avatar\/9a0784f951306c37bcd065f52844ef95?s=96&d=mm&r=g\",\"contentUrl\":\"https:\/\/secure.gravatar.com\/avatar\/9a0784f951306c37bcd065f52844ef95?s=96&d=mm&r=g\",\"caption\":\"7culture2020\"},\"sameAs\":[\"http:\/\/7culture.ci\",\"Claude.kipre\"],\"url\":\"https:\/\/7culture.ci\/index.php\/author\/7culture2020\/\"}]}<\/script>\n<!-- \/ Yoast SEO plugin. -->","yoast_head_json":{"title":"La ville de Sinfra bat au rythme du festival Kahafla-F\u00ea 2022 -","robots":{"index":"index","follow":"follow","max-snippet":"max-snippet:-1","max-image-preview":"max-image-preview:large","max-video-preview":"max-video-preview:-1"},"canonical":"https:\/\/7culture.ci\/index.php\/2022\/08\/19\/la-ville-de-sinfra-bat-au-rythme-du-festival-kahafla-fe-2022\/","og_locale":"fr_FR","og_type":"article","og_title":"La ville de Sinfra bat au rythme du festival Kahafla-F\u00ea 2022 -","og_description":"Apr\u00e8s une premi\u00e8re \u00e9dition r\u00e9ussie en 2021, le Kahafla-F\u00ea-Stival s\u2019installe \u00e0 nouveau \u00e0 Sinfra, une ville du centre de la C\u00f4te d&#8217;Ivoire. Le 2e rendez-vous de la promotion et de la valorisation de la culture gourou se tiendra du 19 au 21 ao\u00fbt 2022. Cette ann\u00e9e, l\u2019organisation pilot\u00e9e par la tr\u00e8s dynamique chor\u00e9graphe internationale Cellou &hellip; La ville de Sinfra bat au rythme du festival Kahafla-F\u00ea 2022 Lire la suite\u00a0\u00bb","og_url":"https:\/\/7culture.ci\/index.php\/2022\/08\/19\/la-ville-de-sinfra-bat-au-rythme-du-festival-kahafla-fe-2022\/","og_site_name":"7culture","article_publisher":"https:\/\/www.facebook.com\/redchefclaude","article_published_time":"2022-08-19T11:46:37+00:00","article_modified_time":"2022-08-19T12:26:30+00:00","og_image":[{"width":674,"height":655,"url":"http:\/\/7culture.ci\/wp-content\/uploads\/2022\/08\/1-2.jpg","type":"image\/jpeg"}],"author":"7culture2020","twitter_card":"summary_large_image","twitter_creator":"@7culturec","twitter_site":"@7culturec","twitter_misc":{"\u00c9crit par":"7culture2020","Dur\u00e9e de lecture estim\u00e9e":"5 minutes"},"schema":{"@context":"https:\/\/schema.org","@graph":[{"@type":"Article","@id":"https:\/\/7culture.ci\/index.php\/2022\/08\/19\/la-ville-de-sinfra-bat-au-rythme-du-festival-kahafla-fe-2022\/#article","isPartOf":{"@id":"https:\/\/7culture.ci\/index.php\/2022\/08\/19\/la-ville-de-sinfra-bat-au-rythme-du-festival-kahafla-fe-2022\/"},"author":{"name":"7culture2020","@id":"https:\/\/7culture.ci\/#\/schema\/person\/16150d28d7ef66ba788c1f87f28c4426"},"headline":"La ville de Sinfra bat au rythme du festival Kahafla-F\u00ea 2022","datePublished":"2022-08-19T11:46:37+00:00","dateModified":"2022-08-19T12:26:30+00:00","mainEntityOfPage":{"@id":"https:\/\/7culture.ci\/index.php\/2022\/08\/19\/la-ville-de-sinfra-bat-au-rythme-du-festival-kahafla-fe-2022\/"},"wordCount":685,"commentCount":0,"publisher":{"@id":"https:\/\/7culture.ci\/#organization"},"articleSection":["Actualit\u00e9"],"inLanguage":"fr-FR","potentialAction":[{"@type":"CommentAction","name":"Comment","target":["https:\/\/7culture.ci\/index.php\/2022\/08\/19\/la-ville-de-sinfra-bat-au-rythme-du-festival-kahafla-fe-2022\/#respond"]}]},{"@type":"WebPage","@id":"https:\/\/7culture.ci\/index.php\/2022\/08\/19\/la-ville-de-sinfra-bat-au-rythme-du-festival-kahafla-fe-2022\/","url":"https:\/\/7culture.ci\/index.php\/2022\/08\/19\/la-ville-de-sinfra-bat-au-rythme-du-festival-kahafla-fe-2022\/","name":"La ville de Sinfra bat au rythme du festival Kahafla-F\u00ea 2022 -","isPartOf":{"@id":"https:\/\/7culture.ci\/#website"},"datePublished":"2022-08-19T11:46:37+00:00","dateModified":"2022-08-19T12:26:30+00:00","breadcrumb":{"@id":"https:\/\/7culture.ci\/index.php\/2022\/08\/19\/la-ville-de-sinfra-bat-au-rythme-du-festival-kahafla-fe-2022\/#breadcrumb"},"inLanguage":"fr-FR","potentialAction":[{"@type":"ReadAction","target":["https:\/\/7culture.ci\/index.php\/2022\/08\/19\/la-ville-de-sinfra-bat-au-rythme-du-festival-kahafla-fe-2022\/"]}]},{"@type":"BreadcrumbList","@id":"https:\/\/7culture.ci\/index.php\/2022\/08\/19\/la-ville-de-sinfra-bat-au-rythme-du-festival-kahafla-fe-2022\/#breadcrumb","itemListElement":[{"@type":"ListItem","position":1,"name":"Accueil","item":"https:\/\/7culture.ci\/"},{"@type":"ListItem","position":2,"name":"La ville de Sinfra bat au rythme du festival Kahafla-F\u00ea 2022"}]},{"@type":"WebSite","@id":"https:\/\/7culture.ci\/#website","url":"https:\/\/7culture.ci\/","name":"7culture","description":"Tout sur l&#039;actualit\u00e9","publisher":{"@id":"https:\/\/7culture.ci\/#organization"},"potentialAction":[{"@type":"SearchAction","target":{"@type":"EntryPoint","urlTemplate":"https:\/\/7culture.ci\/?s={search_term_string}"},"query-input":"required name=search_term_string"}],"inLanguage":"fr-FR"},{"@type":"Organization","@id":"https:\/\/7culture.ci\/#organization","name":"7culture","url":"https:\/\/7culture.ci\/","sameAs":["https:\/\/www.facebook.com\/redchefclaude","https:\/\/twitter.com\/7culturec"],"logo":{"@type":"ImageObject","inLanguage":"fr-FR","@id":"https:\/\/7culture.ci\/#\/schema\/logo\/image\/","url":"https:\/\/7culture.ci\/wp-content\/uploads\/2021\/12\/S1a-1.png","contentUrl":"https:\/\/7culture.ci\/wp-content\/uploads\/2021\/12\/S1a-1.png","width":588,"height":192,"caption":"7culture"},"image":{"@id":"https:\/\/7culture.ci\/#\/schema\/logo\/image\/"}},{"@type":"Person","@id":"https:\/\/7culture.ci\/#\/schema\/person\/16150d28d7ef66ba788c1f87f28c4426","name":"7culture2020","image":{"@type":"ImageObject","inLanguage":"fr-FR","@id":"https:\/\/7culture.ci\/#\/schema\/person\/image\/","url":"https:\/\/secure.gravatar.com\/avatar\/9a0784f951306c37bcd065f52844ef95?s=96&d=mm&r=g","contentUrl":"https:\/\/secure.gravatar.com\/avatar\/9a0784f951306c37bcd065f52844ef95?s=96&d=mm&r=g","caption":"7culture2020"},"sameAs":["http:\/\/7culture.ci","Claude.kipre"],"url":"https:\/\/7culture.ci\/index.php\/author\/7culture2020\/"}]}},"jetpack_featured_media_url":"https:\/\/7culture.ci\/wp-content\/uploads\/2022\/08\/1-2.jpg","jetpack_likes_enabled":true,"jetpack_sharing_enabled":true,"_links":{"self":[{"href":"https:\/\/7culture.ci\/index.php\/wp-json\/wp\/v2\/posts\/23383"}],"collection":[{"href":"https:\/\/7culture.ci\/index.php\/wp-json\/wp\/v2\/posts"}],"about":[{"href":"https:\/\/7culture.ci\/index.php\/wp-json\/wp\/v2\/types\/post"}],"author":[{"embeddable":true,"href":"https:\/\/7culture.ci\/index.php\/wp-json\/wp\/v2\/users\/1"}],"replies":[{"embeddable":true,"href":"https:\/\/7culture.ci\/index.php\/wp-json\/wp\/v2\/comments?post=23383"}],"version-history":[{"count":0,"href":"https:\/\/7culture.ci\/index.php\/wp-json\/wp\/v2\/posts\/23383\/revisions"}],"wp:featuredmedia":[{"embeddable":true,"href":"https:\/\/7culture.ci\/index.php\/wp-json\/wp\/v2\/media\/23384"}],"wp:attachment":[{"href":"https:\/\/7culture.ci\/index.php\/wp-json\/wp\/v2\/media?parent=23383"}],"wp:term":[{"taxonomy":"category","embeddable":true,"href":"https:\/\/7culture.ci\/index.php\/wp-json\/wp\/v2\/categories?post=23383"},{"taxonomy":"post_tag","embeddable":true,"href":"https:\/\/7culture.ci\/index.php\/wp-json\/wp\/v2\/tags?post=23383"}],"curies":[{"name":"wp","href":"https:\/\/api.w.org\/{rel}","templated":true}]}}