{"id":23370,"date":"2022-08-17T18:09:51","date_gmt":"2022-08-17T18:09:51","guid":{"rendered":"https:\/\/7culture.ci\/?p=23370"},"modified":"2022-08-19T08:29:41","modified_gmt":"2022-08-19T08:29:41","slug":"didi-b-en-concert-le-27-aout-au-palais-de-la-culture","status":"publish","type":"post","link":"https:\/\/7culture.ci\/index.php\/2022\/08\/17\/didi-b-en-concert-le-27-aout-au-palais-de-la-culture\/","title":{"rendered":"Didi B en concert le 27 ao\u00fbt au palais de la culture"},"content":{"rendered":"\n<p>Apr\u00e8s \u2018\u2019Release Party\u2019\u2019, la s\u00e9ance d\u2019\u00e9coute de son album d\u00e9nomm\u00e9 \u2018\u2019History\u2019\u2019 au palais de la culture le 27 mai dernier, le moment est venu pour Didi B de faire son premier concert. Le rappeur ivoirien et membre du groupe \u2018\u2019Kiff No Beat\u2019\u2019 sera en attraction le 27 ao\u00fbt prochain au palais de la culture de Treichville. Didi B fera ses premiers pas en tant qu\u2019artiste solo. En deux heures trente minutes, \u2018\u2019le Mojaveli\u2019\u2019 jouera les titres de son nouvel album intitul\u00e9 \u2018\u2019History\u2019\u2019 et quelques singles aim\u00e9s du public.<\/p>\n\n\n\n<p>Dans une publication faite sur sa page Facebook, le fils de Bassa Bomou et de feue Pehoula Z\u00e9r\u00e9hou\u00e9 a adress\u00e9 un message \u00e0 ses fans. \u00ab<strong> <em>Il est maintenant temps de nous rencontrer sur sc\u00e8ne, sur les planches du palais de la culture pour une f\u00eate historique. Cette fois-ci, on l\u00e2che tout. Je veux montrer \u00e0 toute la C\u00f4te d\u2019Ivoire ce que c\u2019est que mettre le feu sur sc\u00e8ne. Mais, je ne pourrais pas le faire sans vous. On n\u2019arr\u00eate pas la conspiration. Tous au palais de la culture ce 27 ao\u00fbt pour continuer l\u2019histoire&nbsp;<\/em><\/strong>\u00bb, a post\u00e9 l\u2019artiste.<\/p>\n\n\n\n<div class=\"wp-block-image\"><figure class=\"aligncenter size-large is-resized\"><img loading=\"lazy\" decoding=\"async\" src=\"https:\/\/7culture.ci\/wp-content\/uploads\/2022\/08\/Didi-b2-1024x1024.jpg\" alt=\"\" class=\"wp-image-23373\" width=\"603\" height=\"603\" srcset=\"https:\/\/7culture.ci\/wp-content\/uploads\/2022\/08\/Didi-b2-1024x1024.jpg 1024w, https:\/\/7culture.ci\/wp-content\/uploads\/2022\/08\/Didi-b2-300x300.jpg 300w, https:\/\/7culture.ci\/wp-content\/uploads\/2022\/08\/Didi-b2-150x150.jpg 150w, https:\/\/7culture.ci\/wp-content\/uploads\/2022\/08\/Didi-b2-768x768.jpg 768w, https:\/\/7culture.ci\/wp-content\/uploads\/2022\/08\/Didi-b2.jpg 1080w\" sizes=\"(max-width: 603px) 100vw, 603px\" \/><\/figure><\/div>\n\n\n\n<p>De son vrai nom, Diyilem Bassa Zerehou\u00e9, Didi B, est n\u00e9 le 3 mars 1992 au village Kiyi. En 1995 \u00e0 l\u2019\u00e2ge de trois ans, il fait son apparition dans le clip \u2018<em>\u2019Death society<\/em>\u2019\u2019 de Meiway. Il a 13 ans en 2008 quand il d\u00e9croche le r\u00f4le principal du film \u2018\u2019Les fr\u00e8res Kadogo\u2019\u2019 des r\u00e9alisateurs Joseph Muganga et Henri Duparc. Le film obtient plusieurs prix, Mojaveli est re\u00e7u par le pr\u00e9sident de la R\u00e9publique de l\u2019\u00e9poque, Laurent Gbagbo.<\/p>\n\n\n\n<figure class=\"wp-block-image size-large is-resized\"><img loading=\"lazy\" decoding=\"async\" src=\"https:\/\/7culture.ci\/wp-content\/uploads\/2022\/08\/Didi-b4-1024x1024.jpg\" alt=\"\" class=\"wp-image-23374\" width=\"503\" height=\"503\" srcset=\"https:\/\/7culture.ci\/wp-content\/uploads\/2022\/08\/Didi-b4-1024x1024.jpg 1024w, https:\/\/7culture.ci\/wp-content\/uploads\/2022\/08\/Didi-b4-300x300.jpg 300w, https:\/\/7culture.ci\/wp-content\/uploads\/2022\/08\/Didi-b4-150x150.jpg 150w, https:\/\/7culture.ci\/wp-content\/uploads\/2022\/08\/Didi-b4-768x768.jpg 768w, https:\/\/7culture.ci\/wp-content\/uploads\/2022\/08\/Didi-b4.jpg 1162w\" sizes=\"(max-width: 503px) 100vw, 503px\" \/><\/figure>\n\n\n\n<p>Leader et membre fondateur du c\u00e9l\u00e8bre groupe de rap ivoirien Kiff No Beat, Didi s\u2019est souvent essay\u00e9 sur des projets solo. Il lance en 2018 &nbsp;le single \u2018\u2019Mojaveli\u2019\u2019, titre \u00e9ponyme dans lequel il fait montre de son talent de rappeur. En novembre 2019 alors qu\u2019il surfe sur le succ\u00e8s de son groupe, le rappeur sort \u2018\u2019Assinie\u2019\u2019. Chanson qui porte le nom d\u2019une ville baln\u00e9aire beaucoup pris\u00e9e par les touristes et par la classe bourgeoise ivoirienne. &nbsp;Diyilem enchaine avec de nombreux singles qui vont aboutir \u00e0 un album&nbsp;\u2018\u2019History\u2019\u2019 en 2022.<\/p>\n\n\n\n<p>Thierry Samuel<\/p>\n","protected":false},"excerpt":{"rendered":"<p>Apr\u00e8s \u2018\u2019Release Party\u2019\u2019, la s\u00e9ance d\u2019\u00e9coute de son album d\u00e9nomm\u00e9 \u2018\u2019History\u2019\u2019 au palais de la culture le 27 mai dernier, le moment est venu pour Didi B de faire son premier concert. Le rappeur ivoirien et membre du groupe \u2018\u2019Kiff No Beat\u2019\u2019 sera en attraction le 27 ao\u00fbt prochain au palais de la culture de &hellip;<\/p>\n<p class=\"read-more\"> <a class=\"\" href=\"https:\/\/7culture.ci\/index.php\/2022\/08\/17\/didi-b-en-concert-le-27-aout-au-palais-de-la-culture\/\"> <span class=\"screen-reader-text\">Didi B en concert le 27 ao\u00fbt au palais de la culture<\/span> Lire la suite\u00a0\u00bb<\/a><\/p>\n","protected":false},"author":1,"featured_media":23372,"comment_status":"open","ping_status":"open","sticky":false,"template":"","format":"standard","meta":{"_mi_skip_tracking":false,"_monsterinsights_sitenote_active":false,"_monsterinsights_sitenote_note":"","_monsterinsights_sitenote_category":0,"site-sidebar-layout":"default","site-content-layout":"default","ast-global-header-display":"","ast-main-header-display":"","ast-hfb-above-header-display":"","ast-hfb-below-header-display":"","ast-hfb-mobile-header-display":"","site-post-title":"","ast-breadcrumbs-content":"","ast-featured-img":"","footer-sml-layout":"","theme-transparent-header-meta":"","adv-header-id-meta":"","stick-header-meta":"","header-above-stick-meta":"","header-main-stick-meta":"","header-below-stick-meta":"","footnotes":"","jetpack_publicize_message":"","jetpack_is_tweetstorm":false,"jetpack_publicize_feature_enabled":true},"categories":[16],"tags":[],"jetpack_publicize_connections":[],"acf":[],"aioseo_notices":[],"yoast_head":"<!-- This site is optimized with the Yoast SEO plugin v19.6.1 - https:\/\/yoast.com\/wordpress\/plugins\/seo\/ -->\n<title>Didi B en concert le 27 ao\u00fbt au palais de la culture -<\/title>\n<meta name=\"robots\" content=\"index, follow, max-snippet:-1, max-image-preview:large, max-video-preview:-1\" \/>\n<link rel=\"canonical\" href=\"https:\/\/7culture.ci\/index.php\/2022\/08\/17\/didi-b-en-concert-le-27-aout-au-palais-de-la-culture\/\" \/>\n<meta property=\"og:locale\" content=\"fr_FR\" \/>\n<meta property=\"og:type\" content=\"article\" \/>\n<meta property=\"og:title\" content=\"Didi B en concert le 27 ao\u00fbt au palais de la culture -\" \/>\n<meta property=\"og:description\" content=\"Apr\u00e8s \u2018\u2019Release Party\u2019\u2019, la s\u00e9ance d\u2019\u00e9coute de son album d\u00e9nomm\u00e9 \u2018\u2019History\u2019\u2019 au palais de la culture le 27 mai dernier, le moment est venu pour Didi B de faire son premier concert. Le rappeur ivoirien et membre du groupe \u2018\u2019Kiff No Beat\u2019\u2019 sera en attraction le 27 ao\u00fbt prochain au palais de la culture de &hellip; Didi B en concert le 27 ao\u00fbt au palais de la culture Lire la suite\u00a0\u00bb\" \/>\n<meta property=\"og:url\" content=\"https:\/\/7culture.ci\/index.php\/2022\/08\/17\/didi-b-en-concert-le-27-aout-au-palais-de-la-culture\/\" \/>\n<meta property=\"og:site_name\" content=\"7culture\" \/>\n<meta property=\"article:publisher\" content=\"https:\/\/www.facebook.com\/redchefclaude\" \/>\n<meta property=\"article:published_time\" content=\"2022-08-17T18:09:51+00:00\" \/>\n<meta property=\"article:modified_time\" content=\"2022-08-19T08:29:41+00:00\" \/>\n<meta property=\"og:image\" content=\"http:\/\/7culture.ci\/wp-content\/uploads\/2022\/08\/Didi-b3.jpg\" \/>\n\t<meta property=\"og:image:width\" content=\"1078\" \/>\n\t<meta property=\"og:image:height\" content=\"705\" \/>\n\t<meta property=\"og:image:type\" content=\"image\/jpeg\" \/>\n<meta name=\"author\" content=\"7culture2020\" \/>\n<meta name=\"twitter:card\" content=\"summary_large_image\" \/>\n<meta name=\"twitter:creator\" content=\"@7culturec\" \/>\n<meta name=\"twitter:site\" content=\"@7culturec\" \/>\n<meta name=\"twitter:label1\" content=\"\u00c9crit par\" \/>\n\t<meta name=\"twitter:data1\" content=\"7culture2020\" \/>\n\t<meta name=\"twitter:label2\" content=\"Dur\u00e9e de lecture estim\u00e9e\" \/>\n\t<meta name=\"twitter:data2\" content=\"3 minutes\" \/>\n<script type=\"application\/ld+json\" class=\"yoast-schema-graph\">{\"@context\":\"https:\/\/schema.org\",\"@graph\":[{\"@type\":\"Article\",\"@id\":\"https:\/\/7culture.ci\/index.php\/2022\/08\/17\/didi-b-en-concert-le-27-aout-au-palais-de-la-culture\/#article\",\"isPartOf\":{\"@id\":\"https:\/\/7culture.ci\/index.php\/2022\/08\/17\/didi-b-en-concert-le-27-aout-au-palais-de-la-culture\/\"},\"author\":{\"name\":\"7culture2020\",\"@id\":\"https:\/\/7culture.ci\/#\/schema\/person\/16150d28d7ef66ba788c1f87f28c4426\"},\"headline\":\"Didi B en concert le 27 ao\u00fbt au palais de la culture\",\"datePublished\":\"2022-08-17T18:09:51+00:00\",\"dateModified\":\"2022-08-19T08:29:41+00:00\",\"mainEntityOfPage\":{\"@id\":\"https:\/\/7culture.ci\/index.php\/2022\/08\/17\/didi-b-en-concert-le-27-aout-au-palais-de-la-culture\/\"},\"wordCount\":394,\"commentCount\":0,\"publisher\":{\"@id\":\"https:\/\/7culture.ci\/#organization\"},\"articleSection\":[\"Musique\"],\"inLanguage\":\"fr-FR\",\"potentialAction\":[{\"@type\":\"CommentAction\",\"name\":\"Comment\",\"target\":[\"https:\/\/7culture.ci\/index.php\/2022\/08\/17\/didi-b-en-concert-le-27-aout-au-palais-de-la-culture\/#respond\"]}]},{\"@type\":\"WebPage\",\"@id\":\"https:\/\/7culture.ci\/index.php\/2022\/08\/17\/didi-b-en-concert-le-27-aout-au-palais-de-la-culture\/\",\"url\":\"https:\/\/7culture.ci\/index.php\/2022\/08\/17\/didi-b-en-concert-le-27-aout-au-palais-de-la-culture\/\",\"name\":\"Didi B en concert le 27 ao\u00fbt au palais de la culture -\",\"isPartOf\":{\"@id\":\"https:\/\/7culture.ci\/#website\"},\"datePublished\":\"2022-08-17T18:09:51+00:00\",\"dateModified\":\"2022-08-19T08:29:41+00:00\",\"breadcrumb\":{\"@id\":\"https:\/\/7culture.ci\/index.php\/2022\/08\/17\/didi-b-en-concert-le-27-aout-au-palais-de-la-culture\/#breadcrumb\"},\"inLanguage\":\"fr-FR\",\"potentialAction\":[{\"@type\":\"ReadAction\",\"target\":[\"https:\/\/7culture.ci\/index.php\/2022\/08\/17\/didi-b-en-concert-le-27-aout-au-palais-de-la-culture\/\"]}]},{\"@type\":\"BreadcrumbList\",\"@id\":\"https:\/\/7culture.ci\/index.php\/2022\/08\/17\/didi-b-en-concert-le-27-aout-au-palais-de-la-culture\/#breadcrumb\",\"itemListElement\":[{\"@type\":\"ListItem\",\"position\":1,\"name\":\"Accueil\",\"item\":\"https:\/\/7culture.ci\/\"},{\"@type\":\"ListItem\",\"position\":2,\"name\":\"Didi B en concert le 27 ao\u00fbt au palais de la culture\"}]},{\"@type\":\"WebSite\",\"@id\":\"https:\/\/7culture.ci\/#website\",\"url\":\"https:\/\/7culture.ci\/\",\"name\":\"7culture\",\"description\":\"Tout sur l&#039;actualit\u00e9\",\"publisher\":{\"@id\":\"https:\/\/7culture.ci\/#organization\"},\"potentialAction\":[{\"@type\":\"SearchAction\",\"target\":{\"@type\":\"EntryPoint\",\"urlTemplate\":\"https:\/\/7culture.ci\/?s={search_term_string}\"},\"query-input\":\"required name=search_term_string\"}],\"inLanguage\":\"fr-FR\"},{\"@type\":\"Organization\",\"@id\":\"https:\/\/7culture.ci\/#organization\",\"name\":\"7culture\",\"url\":\"https:\/\/7culture.ci\/\",\"sameAs\":[\"https:\/\/www.facebook.com\/redchefclaude\",\"https:\/\/twitter.com\/7culturec\"],\"logo\":{\"@type\":\"ImageObject\",\"inLanguage\":\"fr-FR\",\"@id\":\"https:\/\/7culture.ci\/#\/schema\/logo\/image\/\",\"url\":\"https:\/\/7culture.ci\/wp-content\/uploads\/2021\/12\/S1a-1.png\",\"contentUrl\":\"https:\/\/7culture.ci\/wp-content\/uploads\/2021\/12\/S1a-1.png\",\"width\":588,\"height\":192,\"caption\":\"7culture\"},\"image\":{\"@id\":\"https:\/\/7culture.ci\/#\/schema\/logo\/image\/\"}},{\"@type\":\"Person\",\"@id\":\"https:\/\/7culture.ci\/#\/schema\/person\/16150d28d7ef66ba788c1f87f28c4426\",\"name\":\"7culture2020\",\"image\":{\"@type\":\"ImageObject\",\"inLanguage\":\"fr-FR\",\"@id\":\"https:\/\/7culture.ci\/#\/schema\/person\/image\/\",\"url\":\"https:\/\/secure.gravatar.com\/avatar\/9a0784f951306c37bcd065f52844ef95?s=96&d=mm&r=g\",\"contentUrl\":\"https:\/\/secure.gravatar.com\/avatar\/9a0784f951306c37bcd065f52844ef95?s=96&d=mm&r=g\",\"caption\":\"7culture2020\"},\"sameAs\":[\"http:\/\/7culture.ci\",\"Claude.kipre\"],\"url\":\"https:\/\/7culture.ci\/index.php\/author\/7culture2020\/\"}]}<\/script>\n<!-- \/ Yoast SEO plugin. -->","yoast_head_json":{"title":"Didi B en concert le 27 ao\u00fbt au palais de la culture -","robots":{"index":"index","follow":"follow","max-snippet":"max-snippet:-1","max-image-preview":"max-image-preview:large","max-video-preview":"max-video-preview:-1"},"canonical":"https:\/\/7culture.ci\/index.php\/2022\/08\/17\/didi-b-en-concert-le-27-aout-au-palais-de-la-culture\/","og_locale":"fr_FR","og_type":"article","og_title":"Didi B en concert le 27 ao\u00fbt au palais de la culture -","og_description":"Apr\u00e8s \u2018\u2019Release Party\u2019\u2019, la s\u00e9ance d\u2019\u00e9coute de son album d\u00e9nomm\u00e9 \u2018\u2019History\u2019\u2019 au palais de la culture le 27 mai dernier, le moment est venu pour Didi B de faire son premier concert. Le rappeur ivoirien et membre du groupe \u2018\u2019Kiff No Beat\u2019\u2019 sera en attraction le 27 ao\u00fbt prochain au palais de la culture de &hellip; Didi B en concert le 27 ao\u00fbt au palais de la culture Lire la suite\u00a0\u00bb","og_url":"https:\/\/7culture.ci\/index.php\/2022\/08\/17\/didi-b-en-concert-le-27-aout-au-palais-de-la-culture\/","og_site_name":"7culture","article_publisher":"https:\/\/www.facebook.com\/redchefclaude","article_published_time":"2022-08-17T18:09:51+00:00","article_modified_time":"2022-08-19T08:29:41+00:00","og_image":[{"width":1078,"height":705,"url":"http:\/\/7culture.ci\/wp-content\/uploads\/2022\/08\/Didi-b3.jpg","type":"image\/jpeg"}],"author":"7culture2020","twitter_card":"summary_large_image","twitter_creator":"@7culturec","twitter_site":"@7culturec","twitter_misc":{"\u00c9crit par":"7culture2020","Dur\u00e9e de lecture estim\u00e9e":"3 minutes"},"schema":{"@context":"https:\/\/schema.org","@graph":[{"@type":"Article","@id":"https:\/\/7culture.ci\/index.php\/2022\/08\/17\/didi-b-en-concert-le-27-aout-au-palais-de-la-culture\/#article","isPartOf":{"@id":"https:\/\/7culture.ci\/index.php\/2022\/08\/17\/didi-b-en-concert-le-27-aout-au-palais-de-la-culture\/"},"author":{"name":"7culture2020","@id":"https:\/\/7culture.ci\/#\/schema\/person\/16150d28d7ef66ba788c1f87f28c4426"},"headline":"Didi B en concert le 27 ao\u00fbt au palais de la culture","datePublished":"2022-08-17T18:09:51+00:00","dateModified":"2022-08-19T08:29:41+00:00","mainEntityOfPage":{"@id":"https:\/\/7culture.ci\/index.php\/2022\/08\/17\/didi-b-en-concert-le-27-aout-au-palais-de-la-culture\/"},"wordCount":394,"commentCount":0,"publisher":{"@id":"https:\/\/7culture.ci\/#organization"},"articleSection":["Musique"],"inLanguage":"fr-FR","potentialAction":[{"@type":"CommentAction","name":"Comment","target":["https:\/\/7culture.ci\/index.php\/2022\/08\/17\/didi-b-en-concert-le-27-aout-au-palais-de-la-culture\/#respond"]}]},{"@type":"WebPage","@id":"https:\/\/7culture.ci\/index.php\/2022\/08\/17\/didi-b-en-concert-le-27-aout-au-palais-de-la-culture\/","url":"https:\/\/7culture.ci\/index.php\/2022\/08\/17\/didi-b-en-concert-le-27-aout-au-palais-de-la-culture\/","name":"Didi B en concert le 27 ao\u00fbt au palais de la culture -","isPartOf":{"@id":"https:\/\/7culture.ci\/#website"},"datePublished":"2022-08-17T18:09:51+00:00","dateModified":"2022-08-19T08:29:41+00:00","breadcrumb":{"@id":"https:\/\/7culture.ci\/index.php\/2022\/08\/17\/didi-b-en-concert-le-27-aout-au-palais-de-la-culture\/#breadcrumb"},"inLanguage":"fr-FR","potentialAction":[{"@type":"ReadAction","target":["https:\/\/7culture.ci\/index.php\/2022\/08\/17\/didi-b-en-concert-le-27-aout-au-palais-de-la-culture\/"]}]},{"@type":"BreadcrumbList","@id":"https:\/\/7culture.ci\/index.php\/2022\/08\/17\/didi-b-en-concert-le-27-aout-au-palais-de-la-culture\/#breadcrumb","itemListElement":[{"@type":"ListItem","position":1,"name":"Accueil","item":"https:\/\/7culture.ci\/"},{"@type":"ListItem","position":2,"name":"Didi B en concert le 27 ao\u00fbt au palais de la culture"}]},{"@type":"WebSite","@id":"https:\/\/7culture.ci\/#website","url":"https:\/\/7culture.ci\/","name":"7culture","description":"Tout sur l&#039;actualit\u00e9","publisher":{"@id":"https:\/\/7culture.ci\/#organization"},"potentialAction":[{"@type":"SearchAction","target":{"@type":"EntryPoint","urlTemplate":"https:\/\/7culture.ci\/?s={search_term_string}"},"query-input":"required name=search_term_string"}],"inLanguage":"fr-FR"},{"@type":"Organization","@id":"https:\/\/7culture.ci\/#organization","name":"7culture","url":"https:\/\/7culture.ci\/","sameAs":["https:\/\/www.facebook.com\/redchefclaude","https:\/\/twitter.com\/7culturec"],"logo":{"@type":"ImageObject","inLanguage":"fr-FR","@id":"https:\/\/7culture.ci\/#\/schema\/logo\/image\/","url":"https:\/\/7culture.ci\/wp-content\/uploads\/2021\/12\/S1a-1.png","contentUrl":"https:\/\/7culture.ci\/wp-content\/uploads\/2021\/12\/S1a-1.png","width":588,"height":192,"caption":"7culture"},"image":{"@id":"https:\/\/7culture.ci\/#\/schema\/logo\/image\/"}},{"@type":"Person","@id":"https:\/\/7culture.ci\/#\/schema\/person\/16150d28d7ef66ba788c1f87f28c4426","name":"7culture2020","image":{"@type":"ImageObject","inLanguage":"fr-FR","@id":"https:\/\/7culture.ci\/#\/schema\/person\/image\/","url":"https:\/\/secure.gravatar.com\/avatar\/9a0784f951306c37bcd065f52844ef95?s=96&d=mm&r=g","contentUrl":"https:\/\/secure.gravatar.com\/avatar\/9a0784f951306c37bcd065f52844ef95?s=96&d=mm&r=g","caption":"7culture2020"},"sameAs":["http:\/\/7culture.ci","Claude.kipre"],"url":"https:\/\/7culture.ci\/index.php\/author\/7culture2020\/"}]}},"jetpack_featured_media_url":"https:\/\/7culture.ci\/wp-content\/uploads\/2022\/08\/Didi-b3.jpg","jetpack_likes_enabled":true,"jetpack_sharing_enabled":true,"_links":{"self":[{"href":"https:\/\/7culture.ci\/index.php\/wp-json\/wp\/v2\/posts\/23370"}],"collection":[{"href":"https:\/\/7culture.ci\/index.php\/wp-json\/wp\/v2\/posts"}],"about":[{"href":"https:\/\/7culture.ci\/index.php\/wp-json\/wp\/v2\/types\/post"}],"author":[{"embeddable":true,"href":"https:\/\/7culture.ci\/index.php\/wp-json\/wp\/v2\/users\/1"}],"replies":[{"embeddable":true,"href":"https:\/\/7culture.ci\/index.php\/wp-json\/wp\/v2\/comments?post=23370"}],"version-history":[{"count":0,"href":"https:\/\/7culture.ci\/index.php\/wp-json\/wp\/v2\/posts\/23370\/revisions"}],"wp:featuredmedia":[{"embeddable":true,"href":"https:\/\/7culture.ci\/index.php\/wp-json\/wp\/v2\/media\/23372"}],"wp:attachment":[{"href":"https:\/\/7culture.ci\/index.php\/wp-json\/wp\/v2\/media?parent=23370"}],"wp:term":[{"taxonomy":"category","embeddable":true,"href":"https:\/\/7culture.ci\/index.php\/wp-json\/wp\/v2\/categories?post=23370"},{"taxonomy":"post_tag","embeddable":true,"href":"https:\/\/7culture.ci\/index.php\/wp-json\/wp\/v2\/tags?post=23370"}],"curies":[{"name":"wp","href":"https:\/\/api.w.org\/{rel}","templated":true}]}}