{"id":23357,"date":"2022-08-17T16:28:20","date_gmt":"2022-08-17T16:28:20","guid":{"rendered":"https:\/\/7culture.ci\/?p=23357"},"modified":"2022-08-17T16:28:25","modified_gmt":"2022-08-17T16:28:25","slug":"festiwem-2-cetait-bon","status":"publish","type":"post","link":"https:\/\/7culture.ci\/index.php\/2022\/08\/17\/festiwem-2-cetait-bon\/","title":{"rendered":"Festiwem 2\u00a0: c\u2019\u00e9tait bon\u00a0!"},"content":{"rendered":"\n<p><strong><em>D\u00e9but\u00e9e vendredi 12 ao\u00fbt 2022 par une conf\u00e9rence-d\u00e9bat au foyer des jeunes de Marcory, la deuxi\u00e8me \u00e9dition du festival W\u00e8 de Marcory (Festiwem), a ferm\u00e9 ses portes dimanche 14 ao\u00fbt 2022 au stade Konan Rapha\u00ebl. Occasion donn\u00e9e au Commissaire g\u00e9n\u00e9ral Olivier Yro, de pr\u00e9senter au monde entier, tout le riche patrimoine culturel des peuples W\u00e8.<\/em><\/strong><\/p>\n\n\n\n<p>Comme l\u2019ann\u00e9e derni\u00e8re, la deuxi\u00e8me \u00e9dition du Festival W\u00e8 de Marcory (Festiwem) a ouvert ses portes au foyer des jeunes de la commune de Marcory le 12 ao\u00fbt 2022. Trois panels, pr\u00e9sent\u00e9s par trois grandes figures de l\u2019ergonomie culturelle des peuples W\u00e8, ont \u00e9t\u00e9 organis\u00e9s autour du th\u00e8me principal marquant la deuxi\u00e8me \u00e9dition de ce festival : \u00ab&nbsp;T<strong><em>raditions et Environnement&nbsp;<\/em><\/strong>\u00bb.<\/p>\n\n\n\n<p>Si le premier panel de cette s\u00e9rie des r\u00e9flexions a \u00e9t\u00e9 brillamment expos\u00e9 par l\u2019ing\u00e9nieur culturel, Dr Alain Tailly avec pour sous-th\u00e8me&nbsp;: \u00ab&nbsp;<strong><em>C\u00e9l\u00e9bration d\u2019un centenaire en pays W\u00ea<\/em><\/strong>\u00bb, les deux autres panels, en l\u2019occurrence&nbsp;: <strong><em>\u00ab&nbsp; La place de la musique dans la pr\u00e9servation de la culture W\u00e8&nbsp;: cas du&nbsp; Glah&nbsp;<\/em><\/strong>\u00bb et \u00ab&nbsp;<strong><em>Tourisme culturel et d\u00e9veloppement communautaire, quel impact pour la coh\u00e9sion sociale&nbsp;?<\/em><\/strong>&nbsp;\u00bb, ont \u00e9t\u00e9 respectivement expos\u00e9s par Dr Bassirima Kon\u00e9, Ma\u00eetre Assistant de conf\u00e9rence \u00e0 l\u2019universit\u00e9 F\u00e9lix Houphou\u00ebt-Boigny de Cocody et M. Hyppolite Kouadio, expert \u00e0 C\u00f4te d\u2019Ivoire Tourisme (<strong>CIT<\/strong>).<\/p>\n\n\n\n<figure class=\"wp-block-gallery has-nested-images columns-default is-cropped wp-block-gallery-1 is-layout-flex wp-block-gallery-is-layout-flex\">\n<figure class=\"wp-block-image size-large\"><img loading=\"lazy\" decoding=\"async\" width=\"1024\" height=\"461\" data-id=\"23359\" src=\"https:\/\/7culture.ci\/wp-content\/uploads\/2022\/08\/2-1-1024x461.jpg\" alt=\"\" class=\"wp-image-23359\" srcset=\"https:\/\/7culture.ci\/wp-content\/uploads\/2022\/08\/2-1-1024x461.jpg 1024w, https:\/\/7culture.ci\/wp-content\/uploads\/2022\/08\/2-1-300x135.jpg 300w, https:\/\/7culture.ci\/wp-content\/uploads\/2022\/08\/2-1-768x346.jpg 768w, https:\/\/7culture.ci\/wp-content\/uploads\/2022\/08\/2-1.jpg 1080w\" sizes=\"(max-width: 1024px) 100vw, 1024px\" \/><\/figure>\n\n\n\n<figure class=\"wp-block-image size-large\"><img loading=\"lazy\" decoding=\"async\" width=\"1024\" height=\"461\" data-id=\"23361\" src=\"https:\/\/7culture.ci\/wp-content\/uploads\/2022\/08\/3-1024x461.jpg\" alt=\"\" class=\"wp-image-23361\" srcset=\"https:\/\/7culture.ci\/wp-content\/uploads\/2022\/08\/3-1024x461.jpg 1024w, https:\/\/7culture.ci\/wp-content\/uploads\/2022\/08\/3-300x135.jpg 300w, https:\/\/7culture.ci\/wp-content\/uploads\/2022\/08\/3-768x346.jpg 768w, https:\/\/7culture.ci\/wp-content\/uploads\/2022\/08\/3.jpg 1080w\" sizes=\"(max-width: 1024px) 100vw, 1024px\" \/><\/figure>\n\n\n\n<figure class=\"wp-block-image size-large\"><img loading=\"lazy\" decoding=\"async\" width=\"1024\" height=\"461\" data-id=\"23360\" src=\"https:\/\/7culture.ci\/wp-content\/uploads\/2022\/08\/4-1-1024x461.jpg\" alt=\"\" class=\"wp-image-23360\" srcset=\"https:\/\/7culture.ci\/wp-content\/uploads\/2022\/08\/4-1-1024x461.jpg 1024w, https:\/\/7culture.ci\/wp-content\/uploads\/2022\/08\/4-1-300x135.jpg 300w, https:\/\/7culture.ci\/wp-content\/uploads\/2022\/08\/4-1-768x346.jpg 768w, https:\/\/7culture.ci\/wp-content\/uploads\/2022\/08\/4-1.jpg 1080w\" sizes=\"(max-width: 1024px) 100vw, 1024px\" \/><\/figure>\n<\/figure>\n\n\n\n<p>Parmi les nombreuses personnes venues de partout pour prendre part \u00e0 cette conf\u00e9rence-d\u00e9bat en ouverture de cette deuxi\u00e8me \u00e9dition de Festiwem, l\u2019on pouvait voir entre autres dans la salle, la pr\u00e9sence tr\u00e8s remarqu\u00e9e de l\u2019ex-ministre d\u2019Etat Ang\u00e8le Gnonsoa aupr\u00e8s de qui l\u2019on pouvait \u00e9galement apercevoir la professeure d\u2019universit\u00e9 Jos\u00e9phine Wandja Guidy.<\/p>\n\n\n\n<p>Apr\u00e8s cette premi\u00e8re partie de la premi\u00e8re journ\u00e9e en ouverture du Festiwem et consacr\u00e9e \u00e0 la conf\u00e9rence-d\u00e9bat autour du th\u00e8me&nbsp;: \u00ab&nbsp;<strong><em>Traditions et Environnement<\/em><\/strong>&nbsp;\u00bb, toute la d\u00e9l\u00e9gation s\u2019est ensuite d\u00e9port\u00e9e au &nbsp;stade Konan Raphael de Marcory-Sicogi pour la coupure officielle du ruban et d\u00e9couvrir les saveurs gastronomiques, chor\u00e9graphiques, musicales et artisanales.<\/p>\n\n\n\n<p>Cet acte solennel a \u00e9t\u00e9 pos\u00e9 par le patron de la c\u00e9r\u00e9monie, l\u2019ancien ministre d\u2019Etat Emile Constant Bombet, par ailleurs membre du Coll\u00e8ge des Doyens des cadres &nbsp;du Gu\u00e9mon et du Cavally. Il \u00e9tait accompagn\u00e9 d\u2019une forte d\u00e9l\u00e9gation compos\u00e9e de l\u2019ancienne ministre d\u2019Etat Ang\u00e8le Gnonsoa, l\u2019ex-ministre Hubert Oula\u00ef, Mme Guidy Wandja, Joseph Guy Monsio, &nbsp;Ren\u00e9 Tahou, Chef central des W\u00e8 de Marcory et bien d\u2019autres cadres et doyens de la m\u00eame r\u00e9gion.<\/p>\n\n\n\n<figure class=\"wp-block-gallery has-nested-images columns-default is-cropped wp-block-gallery-2 is-layout-flex wp-block-gallery-is-layout-flex\">\n<figure class=\"wp-block-image size-large\"><img loading=\"lazy\" decoding=\"async\" width=\"1024\" height=\"461\" data-id=\"23362\" src=\"https:\/\/7culture.ci\/wp-content\/uploads\/2022\/08\/5-1-1024x461.jpg\" alt=\"\" class=\"wp-image-23362\" srcset=\"https:\/\/7culture.ci\/wp-content\/uploads\/2022\/08\/5-1-1024x461.jpg 1024w, https:\/\/7culture.ci\/wp-content\/uploads\/2022\/08\/5-1-300x135.jpg 300w, https:\/\/7culture.ci\/wp-content\/uploads\/2022\/08\/5-1-768x346.jpg 768w, https:\/\/7culture.ci\/wp-content\/uploads\/2022\/08\/5-1.jpg 1080w\" sizes=\"(max-width: 1024px) 100vw, 1024px\" \/><\/figure>\n\n\n\n<figure class=\"wp-block-image size-large\"><img loading=\"lazy\" decoding=\"async\" width=\"1024\" height=\"461\" data-id=\"23363\" src=\"https:\/\/7culture.ci\/wp-content\/uploads\/2022\/08\/6-1024x461.jpg\" alt=\"\" class=\"wp-image-23363\" srcset=\"https:\/\/7culture.ci\/wp-content\/uploads\/2022\/08\/6-1024x461.jpg 1024w, https:\/\/7culture.ci\/wp-content\/uploads\/2022\/08\/6-300x135.jpg 300w, https:\/\/7culture.ci\/wp-content\/uploads\/2022\/08\/6-768x346.jpg 768w, https:\/\/7culture.ci\/wp-content\/uploads\/2022\/08\/6.jpg 1080w\" sizes=\"(max-width: 1024px) 100vw, 1024px\" \/><\/figure>\n\n\n\n<figure class=\"wp-block-image size-large\"><img loading=\"lazy\" decoding=\"async\" width=\"1000\" height=\"750\" data-id=\"23364\" src=\"https:\/\/7culture.ci\/wp-content\/uploads\/2022\/08\/7-1.jpg\" alt=\"\" class=\"wp-image-23364\" srcset=\"https:\/\/7culture.ci\/wp-content\/uploads\/2022\/08\/7-1.jpg 1000w, https:\/\/7culture.ci\/wp-content\/uploads\/2022\/08\/7-1-300x225.jpg 300w, https:\/\/7culture.ci\/wp-content\/uploads\/2022\/08\/7-1-768x576.jpg 768w\" sizes=\"(max-width: 1000px) 100vw, 1000px\" \/><\/figure>\n<\/figure>\n\n\n\n<p>Apr\u00e8s les civilit\u00e9s traditionnelles d\u2019usage, le Commissaire g\u00e9n\u00e9ral du Festiwem Olivier Yro,&nbsp; s\u2019est d\u2019abord f\u00e9licit\u00e9 de la tenue de cette deuxi\u00e8me \u00e9dition du Festiwem avant de se dire fier de l\u2019appui qu\u2019il a re\u00e7u du d\u00e9put\u00e9-maire de Marcory Raoul Aby, de la ministre de la Culture et de la Francophonie Fran\u00e7oise Remarck ainsi que de tous les cadres et doyens de sa r\u00e9gion d\u2019origine. En fait, le Gu\u00e9mon et le Cavally lui ont fait l\u2019insigne honneur de rehausser l\u2019image de marque du Festiwem par leur pr\u00e9sence effective et leurs b\u00e9n\u00e9dictions.<\/p>\n\n\n\n<p>Quant \u00e0 la repr\u00e9sentante du d\u00e9put\u00e9-maire de Marcory et pr\u00e9sident de cette deuxi\u00e8me \u00e9dition du Festiwem, Mme Fauquemberg Epse Amoakon a d\u2019abord reconnu tout le dynamisme du Commissaire g\u00e9n\u00e9ral Olivier Yro avant de lui donner par la suite et au nom du d\u00e9put\u00e9-maire Aby Raoul, tout le soutien qu\u2019il d\u00e9sire pour les \u00e9ditions \u00e0 venir. L\u2019ex-ministre d\u2019Etat Emile Constant Bombet s\u2019est fortement r\u00e9joui de l\u2019av\u00e8nement de ce festival qui vient enrichir tout le patrimoine culturel ivoirien et a encourag\u00e9 les initiateurs. Car, a-t-il pr\u00e9cis\u00e9, \u00ab&nbsp;<strong><em>vous n\u2019\u00eates solides que lorsque vous vous adossez sur votre culture<\/em><\/strong>&nbsp;\u00bb.<\/p>\n\n\n\n<p>Pour le repr\u00e9sentant de Fran\u00e7oise Remarck, la ministre de la Culture et de la Francophonie, Mark Jossen Koffi, il a reconnu que le Festiwem vient r\u00e9pondre aux pr\u00e9occupations de la ministre concernant sa politique de valorisation de la culture ivoirienne dans chacune des localit\u00e9s des r\u00e9gions du pays. L\u2019ambition \u00e9tant alors de faire du tourisme ivoirien un v\u00e9ritable p\u00f4le touristique de premi\u00e8re destination sur le continent africain. C\u2019est pourquoi il a insist\u00e9 en laissant savoir que le Festiwem est pour le minist\u00e8re, un instrument \u00e0 saisir et \u00e0 entretenir pour une mise en \u00e9vidence de cette politique.<\/p>\n\n\n\n<figure class=\"wp-block-gallery has-nested-images columns-default is-cropped wp-block-gallery-3 is-layout-flex wp-block-gallery-is-layout-flex\">\n<figure class=\"wp-block-image size-large\"><img loading=\"lazy\" decoding=\"async\" width=\"1024\" height=\"461\" data-id=\"23366\" src=\"https:\/\/7culture.ci\/wp-content\/uploads\/2022\/08\/8-1024x461.jpg\" alt=\"\" class=\"wp-image-23366\" srcset=\"https:\/\/7culture.ci\/wp-content\/uploads\/2022\/08\/8-1024x461.jpg 1024w, https:\/\/7culture.ci\/wp-content\/uploads\/2022\/08\/8-300x135.jpg 300w, https:\/\/7culture.ci\/wp-content\/uploads\/2022\/08\/8-768x346.jpg 768w, https:\/\/7culture.ci\/wp-content\/uploads\/2022\/08\/8.jpg 1080w\" sizes=\"(max-width: 1024px) 100vw, 1024px\" \/><\/figure>\n\n\n\n<figure class=\"wp-block-image size-large\"><img loading=\"lazy\" decoding=\"async\" width=\"1024\" height=\"461\" data-id=\"23365\" src=\"https:\/\/7culture.ci\/wp-content\/uploads\/2022\/08\/9-1024x461.jpg\" alt=\"\" class=\"wp-image-23365\" srcset=\"https:\/\/7culture.ci\/wp-content\/uploads\/2022\/08\/9-1024x461.jpg 1024w, https:\/\/7culture.ci\/wp-content\/uploads\/2022\/08\/9-300x135.jpg 300w, https:\/\/7culture.ci\/wp-content\/uploads\/2022\/08\/9-768x346.jpg 768w, https:\/\/7culture.ci\/wp-content\/uploads\/2022\/08\/9.jpg 1080w\" sizes=\"(max-width: 1024px) 100vw, 1024px\" \/><\/figure>\n\n\n\n<figure class=\"wp-block-image size-large\"><img loading=\"lazy\" decoding=\"async\" width=\"768\" height=\"1024\" data-id=\"23367\" src=\"https:\/\/7culture.ci\/wp-content\/uploads\/2022\/08\/10-768x1024.jpg\" alt=\"\" class=\"wp-image-23367\" srcset=\"https:\/\/7culture.ci\/wp-content\/uploads\/2022\/08\/10-768x1024.jpg 768w, https:\/\/7culture.ci\/wp-content\/uploads\/2022\/08\/10-225x300.jpg 225w, https:\/\/7culture.ci\/wp-content\/uploads\/2022\/08\/10.jpg 810w\" sizes=\"(max-width: 768px) 100vw, 768px\" \/><\/figure>\n<\/figure>\n\n\n\n<p>Apr\u00e8s toutes ces civilit\u00e9s des officiels, place a \u00e9t\u00e9 laiss\u00e9e au show-party. Un grand moment de r\u00e9jouissance au cours duquel, les festivaliers venus nombreux et de toute part, ont appr\u00e9ci\u00e9 la prestation des Gla\u00e9 venus de Gu\u00e9houo et de Tiagnini (Bangolo) ainsi que celle des chansonniers. Les artistes tradi-modernes Bl\u00e9 Tind\u00e9, Belier Blanc, Guetro de Bahibly, Guy de l\u2019Ouest, Ciss\u00e9 de Guitrozon, Simplo de Seba\u2026<\/p>\n\n\n\n<p>Au total, &nbsp;durant &nbsp;trois jours, Marcory a v\u00e9cu un \u00e9v\u00e9nement grandeur nature non seulement en termes de qualit\u00e9 d\u2019\u00e9minentes identit\u00e9s remarquables sollicit\u00e9es pour animer des conf\u00e9rences publiques mais aussi, de hautes personnalit\u00e9s politiques et des chefs traditionnels qui ont b\u00e9ni cette initiative. Rendez-vous est pris donc pour l\u2019ann\u00e9e prochaine.<\/p>\n\n\n\n<p>Par SerCom<\/p>\n","protected":false},"excerpt":{"rendered":"<p>D\u00e9but\u00e9e vendredi 12 ao\u00fbt 2022 par une conf\u00e9rence-d\u00e9bat au foyer des jeunes de Marcory, la deuxi\u00e8me \u00e9dition du festival W\u00e8 de Marcory (Festiwem), a ferm\u00e9 ses portes dimanche 14 ao\u00fbt 2022 au stade Konan Rapha\u00ebl. Occasion donn\u00e9e au Commissaire g\u00e9n\u00e9ral Olivier Yro, de pr\u00e9senter au monde entier, tout le riche patrimoine culturel des peuples W\u00e8. &hellip;<\/p>\n<p class=\"read-more\"> <a class=\"\" href=\"https:\/\/7culture.ci\/index.php\/2022\/08\/17\/festiwem-2-cetait-bon\/\"> <span class=\"screen-reader-text\">Festiwem 2\u00a0: c\u2019\u00e9tait bon\u00a0!<\/span> Lire la suite\u00a0\u00bb<\/a><\/p>\n","protected":false},"author":1,"featured_media":23358,"comment_status":"open","ping_status":"open","sticky":false,"template":"","format":"standard","meta":{"_mi_skip_tracking":false,"_monsterinsights_sitenote_active":false,"_monsterinsights_sitenote_note":"","_monsterinsights_sitenote_category":0,"site-sidebar-layout":"default","site-content-layout":"default","ast-global-header-display":"","ast-main-header-display":"","ast-hfb-above-header-display":"","ast-hfb-below-header-display":"","ast-hfb-mobile-header-display":"","site-post-title":"","ast-breadcrumbs-content":"","ast-featured-img":"","footer-sml-layout":"","theme-transparent-header-meta":"","adv-header-id-meta":"","stick-header-meta":"","header-above-stick-meta":"","header-main-stick-meta":"","header-below-stick-meta":"","footnotes":"","jetpack_publicize_message":"","jetpack_is_tweetstorm":false,"jetpack_publicize_feature_enabled":true},"categories":[22],"tags":[],"jetpack_publicize_connections":[],"acf":[],"aioseo_notices":[],"yoast_head":"<!-- This site is optimized with the Yoast SEO plugin v19.6.1 - https:\/\/yoast.com\/wordpress\/plugins\/seo\/ -->\n<title>Festiwem 2\u00a0: c\u2019\u00e9tait bon\u00a0! - 7culture<\/title>\n<meta name=\"robots\" content=\"index, follow, max-snippet:-1, max-image-preview:large, max-video-preview:-1\" \/>\n<link rel=\"canonical\" href=\"https:\/\/7culture.ci\/index.php\/2022\/08\/17\/festiwem-2-cetait-bon\/\" \/>\n<meta property=\"og:locale\" content=\"fr_FR\" \/>\n<meta property=\"og:type\" content=\"article\" \/>\n<meta property=\"og:title\" content=\"Festiwem 2\u00a0: c\u2019\u00e9tait bon\u00a0! - 7culture\" \/>\n<meta property=\"og:description\" content=\"D\u00e9but\u00e9e vendredi 12 ao\u00fbt 2022 par une conf\u00e9rence-d\u00e9bat au foyer des jeunes de Marcory, la deuxi\u00e8me \u00e9dition du festival W\u00e8 de Marcory (Festiwem), a ferm\u00e9 ses portes dimanche 14 ao\u00fbt 2022 au stade Konan Rapha\u00ebl. Occasion donn\u00e9e au Commissaire g\u00e9n\u00e9ral Olivier Yro, de pr\u00e9senter au monde entier, tout le riche patrimoine culturel des peuples W\u00e8. &hellip; Festiwem 2\u00a0: c\u2019\u00e9tait bon\u00a0! Lire la suite\u00a0\u00bb\" \/>\n<meta property=\"og:url\" content=\"https:\/\/7culture.ci\/index.php\/2022\/08\/17\/festiwem-2-cetait-bon\/\" \/>\n<meta property=\"og:site_name\" content=\"7culture\" \/>\n<meta property=\"article:publisher\" content=\"https:\/\/www.facebook.com\/redchefclaude\" \/>\n<meta property=\"article:published_time\" content=\"2022-08-17T16:28:20+00:00\" \/>\n<meta property=\"article:modified_time\" content=\"2022-08-17T16:28:25+00:00\" \/>\n<meta property=\"og:image\" content=\"http:\/\/7culture.ci\/wp-content\/uploads\/2022\/08\/1-1.jpg\" \/>\n\t<meta property=\"og:image:width\" content=\"1000\" \/>\n\t<meta property=\"og:image:height\" content=\"750\" \/>\n\t<meta property=\"og:image:type\" content=\"image\/jpeg\" \/>\n<meta name=\"author\" content=\"7culture2020\" \/>\n<meta name=\"twitter:card\" content=\"summary_large_image\" \/>\n<meta name=\"twitter:creator\" content=\"@7culturec\" \/>\n<meta name=\"twitter:site\" content=\"@7culturec\" \/>\n<meta name=\"twitter:label1\" content=\"\u00c9crit par\" \/>\n\t<meta name=\"twitter:data1\" content=\"7culture2020\" \/>\n\t<meta name=\"twitter:label2\" content=\"Dur\u00e9e de lecture estim\u00e9e\" \/>\n\t<meta name=\"twitter:data2\" content=\"6 minutes\" \/>\n<script type=\"application\/ld+json\" class=\"yoast-schema-graph\">{\"@context\":\"https:\/\/schema.org\",\"@graph\":[{\"@type\":\"Article\",\"@id\":\"https:\/\/7culture.ci\/index.php\/2022\/08\/17\/festiwem-2-cetait-bon\/#article\",\"isPartOf\":{\"@id\":\"https:\/\/7culture.ci\/index.php\/2022\/08\/17\/festiwem-2-cetait-bon\/\"},\"author\":{\"name\":\"7culture2020\",\"@id\":\"https:\/\/7culture.ci\/#\/schema\/person\/16150d28d7ef66ba788c1f87f28c4426\"},\"headline\":\"Festiwem 2\u00a0: c\u2019\u00e9tait bon\u00a0!\",\"datePublished\":\"2022-08-17T16:28:20+00:00\",\"dateModified\":\"2022-08-17T16:28:25+00:00\",\"mainEntityOfPage\":{\"@id\":\"https:\/\/7culture.ci\/index.php\/2022\/08\/17\/festiwem-2-cetait-bon\/\"},\"wordCount\":948,\"commentCount\":0,\"publisher\":{\"@id\":\"https:\/\/7culture.ci\/#organization\"},\"articleSection\":[\"Actualit\u00e9\"],\"inLanguage\":\"fr-FR\",\"potentialAction\":[{\"@type\":\"CommentAction\",\"name\":\"Comment\",\"target\":[\"https:\/\/7culture.ci\/index.php\/2022\/08\/17\/festiwem-2-cetait-bon\/#respond\"]}]},{\"@type\":\"WebPage\",\"@id\":\"https:\/\/7culture.ci\/index.php\/2022\/08\/17\/festiwem-2-cetait-bon\/\",\"url\":\"https:\/\/7culture.ci\/index.php\/2022\/08\/17\/festiwem-2-cetait-bon\/\",\"name\":\"Festiwem 2\u00a0: c\u2019\u00e9tait bon\u00a0! - 7culture\",\"isPartOf\":{\"@id\":\"https:\/\/7culture.ci\/#website\"},\"datePublished\":\"2022-08-17T16:28:20+00:00\",\"dateModified\":\"2022-08-17T16:28:25+00:00\",\"breadcrumb\":{\"@id\":\"https:\/\/7culture.ci\/index.php\/2022\/08\/17\/festiwem-2-cetait-bon\/#breadcrumb\"},\"inLanguage\":\"fr-FR\",\"potentialAction\":[{\"@type\":\"ReadAction\",\"target\":[\"https:\/\/7culture.ci\/index.php\/2022\/08\/17\/festiwem-2-cetait-bon\/\"]}]},{\"@type\":\"BreadcrumbList\",\"@id\":\"https:\/\/7culture.ci\/index.php\/2022\/08\/17\/festiwem-2-cetait-bon\/#breadcrumb\",\"itemListElement\":[{\"@type\":\"ListItem\",\"position\":1,\"name\":\"Accueil\",\"item\":\"https:\/\/7culture.ci\/\"},{\"@type\":\"ListItem\",\"position\":2,\"name\":\"Festiwem 2\u00a0: c\u2019\u00e9tait bon\u00a0!\"}]},{\"@type\":\"WebSite\",\"@id\":\"https:\/\/7culture.ci\/#website\",\"url\":\"https:\/\/7culture.ci\/\",\"name\":\"7culture\",\"description\":\"Tout sur l&#039;actualit\u00e9\",\"publisher\":{\"@id\":\"https:\/\/7culture.ci\/#organization\"},\"potentialAction\":[{\"@type\":\"SearchAction\",\"target\":{\"@type\":\"EntryPoint\",\"urlTemplate\":\"https:\/\/7culture.ci\/?s={search_term_string}\"},\"query-input\":\"required name=search_term_string\"}],\"inLanguage\":\"fr-FR\"},{\"@type\":\"Organization\",\"@id\":\"https:\/\/7culture.ci\/#organization\",\"name\":\"7culture\",\"url\":\"https:\/\/7culture.ci\/\",\"sameAs\":[\"https:\/\/www.facebook.com\/redchefclaude\",\"https:\/\/twitter.com\/7culturec\"],\"logo\":{\"@type\":\"ImageObject\",\"inLanguage\":\"fr-FR\",\"@id\":\"https:\/\/7culture.ci\/#\/schema\/logo\/image\/\",\"url\":\"https:\/\/7culture.ci\/wp-content\/uploads\/2021\/12\/S1a-1.png\",\"contentUrl\":\"https:\/\/7culture.ci\/wp-content\/uploads\/2021\/12\/S1a-1.png\",\"width\":588,\"height\":192,\"caption\":\"7culture\"},\"image\":{\"@id\":\"https:\/\/7culture.ci\/#\/schema\/logo\/image\/\"}},{\"@type\":\"Person\",\"@id\":\"https:\/\/7culture.ci\/#\/schema\/person\/16150d28d7ef66ba788c1f87f28c4426\",\"name\":\"7culture2020\",\"image\":{\"@type\":\"ImageObject\",\"inLanguage\":\"fr-FR\",\"@id\":\"https:\/\/7culture.ci\/#\/schema\/person\/image\/\",\"url\":\"https:\/\/secure.gravatar.com\/avatar\/9a0784f951306c37bcd065f52844ef95?s=96&d=mm&r=g\",\"contentUrl\":\"https:\/\/secure.gravatar.com\/avatar\/9a0784f951306c37bcd065f52844ef95?s=96&d=mm&r=g\",\"caption\":\"7culture2020\"},\"sameAs\":[\"http:\/\/7culture.ci\",\"Claude.kipre\"],\"url\":\"https:\/\/7culture.ci\/index.php\/author\/7culture2020\/\"}]}<\/script>\n<!-- \/ Yoast SEO plugin. -->","yoast_head_json":{"title":"Festiwem 2\u00a0: c\u2019\u00e9tait bon\u00a0! - 7culture","robots":{"index":"index","follow":"follow","max-snippet":"max-snippet:-1","max-image-preview":"max-image-preview:large","max-video-preview":"max-video-preview:-1"},"canonical":"https:\/\/7culture.ci\/index.php\/2022\/08\/17\/festiwem-2-cetait-bon\/","og_locale":"fr_FR","og_type":"article","og_title":"Festiwem 2\u00a0: c\u2019\u00e9tait bon\u00a0! - 7culture","og_description":"D\u00e9but\u00e9e vendredi 12 ao\u00fbt 2022 par une conf\u00e9rence-d\u00e9bat au foyer des jeunes de Marcory, la deuxi\u00e8me \u00e9dition du festival W\u00e8 de Marcory (Festiwem), a ferm\u00e9 ses portes dimanche 14 ao\u00fbt 2022 au stade Konan Rapha\u00ebl. Occasion donn\u00e9e au Commissaire g\u00e9n\u00e9ral Olivier Yro, de pr\u00e9senter au monde entier, tout le riche patrimoine culturel des peuples W\u00e8. &hellip; Festiwem 2\u00a0: c\u2019\u00e9tait bon\u00a0! Lire la suite\u00a0\u00bb","og_url":"https:\/\/7culture.ci\/index.php\/2022\/08\/17\/festiwem-2-cetait-bon\/","og_site_name":"7culture","article_publisher":"https:\/\/www.facebook.com\/redchefclaude","article_published_time":"2022-08-17T16:28:20+00:00","article_modified_time":"2022-08-17T16:28:25+00:00","og_image":[{"width":1000,"height":750,"url":"http:\/\/7culture.ci\/wp-content\/uploads\/2022\/08\/1-1.jpg","type":"image\/jpeg"}],"author":"7culture2020","twitter_card":"summary_large_image","twitter_creator":"@7culturec","twitter_site":"@7culturec","twitter_misc":{"\u00c9crit par":"7culture2020","Dur\u00e9e de lecture estim\u00e9e":"6 minutes"},"schema":{"@context":"https:\/\/schema.org","@graph":[{"@type":"Article","@id":"https:\/\/7culture.ci\/index.php\/2022\/08\/17\/festiwem-2-cetait-bon\/#article","isPartOf":{"@id":"https:\/\/7culture.ci\/index.php\/2022\/08\/17\/festiwem-2-cetait-bon\/"},"author":{"name":"7culture2020","@id":"https:\/\/7culture.ci\/#\/schema\/person\/16150d28d7ef66ba788c1f87f28c4426"},"headline":"Festiwem 2\u00a0: c\u2019\u00e9tait bon\u00a0!","datePublished":"2022-08-17T16:28:20+00:00","dateModified":"2022-08-17T16:28:25+00:00","mainEntityOfPage":{"@id":"https:\/\/7culture.ci\/index.php\/2022\/08\/17\/festiwem-2-cetait-bon\/"},"wordCount":948,"commentCount":0,"publisher":{"@id":"https:\/\/7culture.ci\/#organization"},"articleSection":["Actualit\u00e9"],"inLanguage":"fr-FR","potentialAction":[{"@type":"CommentAction","name":"Comment","target":["https:\/\/7culture.ci\/index.php\/2022\/08\/17\/festiwem-2-cetait-bon\/#respond"]}]},{"@type":"WebPage","@id":"https:\/\/7culture.ci\/index.php\/2022\/08\/17\/festiwem-2-cetait-bon\/","url":"https:\/\/7culture.ci\/index.php\/2022\/08\/17\/festiwem-2-cetait-bon\/","name":"Festiwem 2\u00a0: c\u2019\u00e9tait bon\u00a0! - 7culture","isPartOf":{"@id":"https:\/\/7culture.ci\/#website"},"datePublished":"2022-08-17T16:28:20+00:00","dateModified":"2022-08-17T16:28:25+00:00","breadcrumb":{"@id":"https:\/\/7culture.ci\/index.php\/2022\/08\/17\/festiwem-2-cetait-bon\/#breadcrumb"},"inLanguage":"fr-FR","potentialAction":[{"@type":"ReadAction","target":["https:\/\/7culture.ci\/index.php\/2022\/08\/17\/festiwem-2-cetait-bon\/"]}]},{"@type":"BreadcrumbList","@id":"https:\/\/7culture.ci\/index.php\/2022\/08\/17\/festiwem-2-cetait-bon\/#breadcrumb","itemListElement":[{"@type":"ListItem","position":1,"name":"Accueil","item":"https:\/\/7culture.ci\/"},{"@type":"ListItem","position":2,"name":"Festiwem 2\u00a0: c\u2019\u00e9tait bon\u00a0!"}]},{"@type":"WebSite","@id":"https:\/\/7culture.ci\/#website","url":"https:\/\/7culture.ci\/","name":"7culture","description":"Tout sur l&#039;actualit\u00e9","publisher":{"@id":"https:\/\/7culture.ci\/#organization"},"potentialAction":[{"@type":"SearchAction","target":{"@type":"EntryPoint","urlTemplate":"https:\/\/7culture.ci\/?s={search_term_string}"},"query-input":"required name=search_term_string"}],"inLanguage":"fr-FR"},{"@type":"Organization","@id":"https:\/\/7culture.ci\/#organization","name":"7culture","url":"https:\/\/7culture.ci\/","sameAs":["https:\/\/www.facebook.com\/redchefclaude","https:\/\/twitter.com\/7culturec"],"logo":{"@type":"ImageObject","inLanguage":"fr-FR","@id":"https:\/\/7culture.ci\/#\/schema\/logo\/image\/","url":"https:\/\/7culture.ci\/wp-content\/uploads\/2021\/12\/S1a-1.png","contentUrl":"https:\/\/7culture.ci\/wp-content\/uploads\/2021\/12\/S1a-1.png","width":588,"height":192,"caption":"7culture"},"image":{"@id":"https:\/\/7culture.ci\/#\/schema\/logo\/image\/"}},{"@type":"Person","@id":"https:\/\/7culture.ci\/#\/schema\/person\/16150d28d7ef66ba788c1f87f28c4426","name":"7culture2020","image":{"@type":"ImageObject","inLanguage":"fr-FR","@id":"https:\/\/7culture.ci\/#\/schema\/person\/image\/","url":"https:\/\/secure.gravatar.com\/avatar\/9a0784f951306c37bcd065f52844ef95?s=96&d=mm&r=g","contentUrl":"https:\/\/secure.gravatar.com\/avatar\/9a0784f951306c37bcd065f52844ef95?s=96&d=mm&r=g","caption":"7culture2020"},"sameAs":["http:\/\/7culture.ci","Claude.kipre"],"url":"https:\/\/7culture.ci\/index.php\/author\/7culture2020\/"}]}},"jetpack_featured_media_url":"https:\/\/7culture.ci\/wp-content\/uploads\/2022\/08\/1-1.jpg","jetpack_likes_enabled":true,"jetpack_sharing_enabled":true,"_links":{"self":[{"href":"https:\/\/7culture.ci\/index.php\/wp-json\/wp\/v2\/posts\/23357"}],"collection":[{"href":"https:\/\/7culture.ci\/index.php\/wp-json\/wp\/v2\/posts"}],"about":[{"href":"https:\/\/7culture.ci\/index.php\/wp-json\/wp\/v2\/types\/post"}],"author":[{"embeddable":true,"href":"https:\/\/7culture.ci\/index.php\/wp-json\/wp\/v2\/users\/1"}],"replies":[{"embeddable":true,"href":"https:\/\/7culture.ci\/index.php\/wp-json\/wp\/v2\/comments?post=23357"}],"version-history":[{"count":0,"href":"https:\/\/7culture.ci\/index.php\/wp-json\/wp\/v2\/posts\/23357\/revisions"}],"wp:featuredmedia":[{"embeddable":true,"href":"https:\/\/7culture.ci\/index.php\/wp-json\/wp\/v2\/media\/23358"}],"wp:attachment":[{"href":"https:\/\/7culture.ci\/index.php\/wp-json\/wp\/v2\/media?parent=23357"}],"wp:term":[{"taxonomy":"category","embeddable":true,"href":"https:\/\/7culture.ci\/index.php\/wp-json\/wp\/v2\/categories?post=23357"},{"taxonomy":"post_tag","embeddable":true,"href":"https:\/\/7culture.ci\/index.php\/wp-json\/wp\/v2\/tags?post=23357"}],"curies":[{"name":"wp","href":"https:\/\/api.w.org\/{rel}","templated":true}]}}