{"id":23332,"date":"2022-08-17T12:34:00","date_gmt":"2022-08-17T12:34:00","guid":{"rendered":"https:\/\/7culture.ci\/?p=23332"},"modified":"2022-08-17T17:01:06","modified_gmt":"2022-08-17T17:01:06","slug":"tout-savoir-sur-yvan-buravan-laureat-prix-rfi-decouvertes-2018-decede","status":"publish","type":"post","link":"https:\/\/7culture.ci\/index.php\/2022\/08\/17\/tout-savoir-sur-yvan-buravan-laureat-prix-rfi-decouvertes-2018-decede\/","title":{"rendered":"Tout savoir sur Yvan Buravan, laur\u00e9at Prix RFI D\u00e9couvertes 2018, d\u00e9c\u00e9d\u00e9\u00a0!"},"content":{"rendered":"\n<p><strong><em>Yvan Buravan avait 27 ans. Musicien, chanteur n\u00e9 au Rwanda, il avait une belle et longue carri\u00e8re devant lui. Il avait remport\u00e9 le prix D\u00e9couvertes RFI en 2018 et faisait donc partie de la famille RFI. Il est d\u00e9c\u00e9d\u00e9 en Inde cette nuit des suites d&#8217;un cancer du pancr\u00e9as. Il avait remport\u00e9 le prix D\u00e9couvertes RFI en 2018 et faisait donc partie de la famille RFI. Il est d\u00e9c\u00e9d\u00e9 en Inde cette nuit des suites d&#8217;un cancer du pancr\u00e9as.<\/em><\/strong><\/p>\n\n\n\n<p>Il aura tout fait tr\u00e8s jeune : la danse folklorique, le chant, les concours de jeunes talents, encourag\u00e9 par sa famille. Apr\u00e8s le lyc\u00e9e, il s\u2019inscrit \u00e0 la Kigali Music School, s\u00fbr de son chemin. Il n&#8217;a que 20 ans. Son titre \u2018\u2019<em>Malaika<\/em>\u2019\u2019 sort l\u2019ann\u00e9e suivante et est un v\u00e9ritable succ\u00e8s non seulement au Rwanda mais au-del\u00e0, dans les pays limitrophes. Ses prestations sont acclam\u00e9es par le public. \u00c0 l&#8217;\u00e9t\u00e9 2018, il se produit en Belgique puis au Burundi. C&#8217;est dans ce d\u00e9but de carri\u00e8re qu&#8217;il entre dans la famille des artistes qui comptent pour Radio France Internationale. Il devient ainsi le premier artiste rwandais \u00e0 remporter le prix D\u00e9couvertes depuis sa cr\u00e9ation en 1981.<\/p>\n\n\n\n<figure class=\"wp-block-image size-full is-resized\"><img loading=\"lazy\" decoding=\"async\" src=\"https:\/\/7culture.ci\/wp-content\/uploads\/2022\/08\/yvan-buraman1.jpg\" alt=\"\" class=\"wp-image-23334\" width=\"556\" height=\"556\" srcset=\"https:\/\/7culture.ci\/wp-content\/uploads\/2022\/08\/yvan-buraman1.jpg 770w, https:\/\/7culture.ci\/wp-content\/uploads\/2022\/08\/yvan-buraman1-300x300.jpg 300w, https:\/\/7culture.ci\/wp-content\/uploads\/2022\/08\/yvan-buraman1-150x150.jpg 150w, https:\/\/7culture.ci\/wp-content\/uploads\/2022\/08\/yvan-buraman1-768x768.jpg 768w\" sizes=\"(max-width: 556px) 100vw, 556px\" \/><\/figure>\n\n\n\n<p>En avril, il se produit \u00e0 Paris et fait connaissance avec son public europ\u00e9en. Re\u00e7u dans les studios de RFI, il parlait de sa vocation, de ses d\u00e9buts dans le milieu artistique, mais \u00e9galement de ses engagements. Toutes les \u00e9quipes de RFI avaient pu appr\u00e9cier son professionnalisme, son humilit\u00e9 et surtout sa passion pour la musique qu&#8217;elle soit traditionnelle ou urbaine.<\/p>\n\n\n\n<div class=\"wp-block-image\"><figure class=\"aligncenter size-full is-resized\"><img loading=\"lazy\" decoding=\"async\" src=\"https:\/\/7culture.ci\/wp-content\/uploads\/2022\/08\/yvan-buraman3.jpg\" alt=\"\" class=\"wp-image-23335\" width=\"466\" height=\"466\" srcset=\"https:\/\/7culture.ci\/wp-content\/uploads\/2022\/08\/yvan-buraman3.jpg 752w, https:\/\/7culture.ci\/wp-content\/uploads\/2022\/08\/yvan-buraman3-300x300.jpg 300w, https:\/\/7culture.ci\/wp-content\/uploads\/2022\/08\/yvan-buraman3-150x150.jpg 150w\" sizes=\"(max-width: 466px) 100vw, 466px\" \/><\/figure><\/div>\n\n\n\n<p>Viendra ensuite \u2018<em>\u2019The Love Lab<\/em>\u2019\u2019, compos\u00e9 de 17 titres. Un album sur le th\u00e8me de l\u2019amour avec des touches de r&#8217;n&#8217;b et de musique urbaine. C\u2019est le cas de l\u2019excellent \u2018\u2019<em>Oya<\/em>\u2019\u2019, ou encore du tr\u00e8s dansant \u2018\u2019<em>Garagaza<\/em>\u2019\u2019. On y retrouve des collaborations avec une pl\u00e9iade d&#8217;artistes comme les chanteuses Charly &amp; Nina, Gakondo, Victor Rukotana, et Oncle Austin.<\/p>\n\n\n\n<p>Puis vint le moment du deuxi\u00e8me album. Il se met au travail \u00e0 Kigali apr\u00e8s une ultime date en Su\u00e8de en f\u00e9vrier 2020, en pleine pand\u00e9mie\u2026 La suite <strong><a href=\"https:\/\/musique.rfi.fr\/musique\/20220817-mort-dyvan-buravan-laureat-prix-rfi-decouvertes-2018\">ICI.<\/a><\/strong><\/p>\n","protected":false},"excerpt":{"rendered":"<p>Yvan Buravan avait 27 ans. Musicien, chanteur n\u00e9 au Rwanda, il avait une belle et longue carri\u00e8re devant lui. Il avait remport\u00e9 le prix D\u00e9couvertes RFI en 2018 et faisait donc partie de la famille RFI. Il est d\u00e9c\u00e9d\u00e9 en Inde cette nuit des suites d&#8217;un cancer du pancr\u00e9as. Il avait remport\u00e9 le prix D\u00e9couvertes &hellip;<\/p>\n<p class=\"read-more\"> <a class=\"\" href=\"https:\/\/7culture.ci\/index.php\/2022\/08\/17\/tout-savoir-sur-yvan-buravan-laureat-prix-rfi-decouvertes-2018-decede\/\"> <span class=\"screen-reader-text\">Tout savoir sur Yvan Buravan, laur\u00e9at Prix RFI D\u00e9couvertes 2018, d\u00e9c\u00e9d\u00e9\u00a0!<\/span> Lire la suite\u00a0\u00bb<\/a><\/p>\n","protected":false},"author":1,"featured_media":23333,"comment_status":"open","ping_status":"open","sticky":false,"template":"","format":"standard","meta":{"_mi_skip_tracking":false,"_monsterinsights_sitenote_active":false,"_monsterinsights_sitenote_note":"","_monsterinsights_sitenote_category":0,"site-sidebar-layout":"default","site-content-layout":"default","ast-global-header-display":"","ast-main-header-display":"","ast-hfb-above-header-display":"","ast-hfb-below-header-display":"","ast-hfb-mobile-header-display":"","site-post-title":"","ast-breadcrumbs-content":"","ast-featured-img":"","footer-sml-layout":"","theme-transparent-header-meta":"","adv-header-id-meta":"","stick-header-meta":"","header-above-stick-meta":"","header-main-stick-meta":"","header-below-stick-meta":"","footnotes":"","jetpack_publicize_message":"","jetpack_is_tweetstorm":false,"jetpack_publicize_feature_enabled":true},"categories":[22],"tags":[],"jetpack_publicize_connections":[],"acf":[],"aioseo_notices":[],"yoast_head":"<!-- This site is optimized with the Yoast SEO plugin v19.6.1 - https:\/\/yoast.com\/wordpress\/plugins\/seo\/ -->\n<title>Tout savoir sur Yvan Buravan, laur\u00e9at Prix RFI D\u00e9couvertes 2018, d\u00e9c\u00e9d\u00e9\u00a0! -<\/title>\n<meta name=\"robots\" content=\"index, follow, max-snippet:-1, max-image-preview:large, max-video-preview:-1\" \/>\n<link rel=\"canonical\" href=\"https:\/\/7culture.ci\/index.php\/2022\/08\/17\/tout-savoir-sur-yvan-buravan-laureat-prix-rfi-decouvertes-2018-decede\/\" \/>\n<meta property=\"og:locale\" content=\"fr_FR\" \/>\n<meta property=\"og:type\" content=\"article\" \/>\n<meta property=\"og:title\" content=\"Tout savoir sur Yvan Buravan, laur\u00e9at Prix RFI D\u00e9couvertes 2018, d\u00e9c\u00e9d\u00e9\u00a0! -\" \/>\n<meta property=\"og:description\" content=\"Yvan Buravan avait 27 ans. Musicien, chanteur n\u00e9 au Rwanda, il avait une belle et longue carri\u00e8re devant lui. Il avait remport\u00e9 le prix D\u00e9couvertes RFI en 2018 et faisait donc partie de la famille RFI. Il est d\u00e9c\u00e9d\u00e9 en Inde cette nuit des suites d&#8217;un cancer du pancr\u00e9as. Il avait remport\u00e9 le prix D\u00e9couvertes &hellip; Tout savoir sur Yvan Buravan, laur\u00e9at Prix RFI D\u00e9couvertes 2018, d\u00e9c\u00e9d\u00e9\u00a0! Lire la suite\u00a0\u00bb\" \/>\n<meta property=\"og:url\" content=\"https:\/\/7culture.ci\/index.php\/2022\/08\/17\/tout-savoir-sur-yvan-buravan-laureat-prix-rfi-decouvertes-2018-decede\/\" \/>\n<meta property=\"og:site_name\" content=\"7culture\" \/>\n<meta property=\"article:publisher\" content=\"https:\/\/www.facebook.com\/redchefclaude\" \/>\n<meta property=\"article:published_time\" content=\"2022-08-17T12:34:00+00:00\" \/>\n<meta property=\"article:modified_time\" content=\"2022-08-17T17:01:06+00:00\" \/>\n<meta property=\"og:image\" content=\"http:\/\/7culture.ci\/wp-content\/uploads\/2022\/08\/yvan-buraman2.jpg\" \/>\n\t<meta property=\"og:image:width\" content=\"744\" \/>\n\t<meta property=\"og:image:height\" content=\"601\" \/>\n\t<meta property=\"og:image:type\" content=\"image\/jpeg\" \/>\n<meta name=\"author\" content=\"7culture2020\" \/>\n<meta name=\"twitter:card\" content=\"summary_large_image\" \/>\n<meta name=\"twitter:creator\" content=\"@7culturec\" \/>\n<meta name=\"twitter:site\" content=\"@7culturec\" \/>\n<meta name=\"twitter:label1\" content=\"\u00c9crit par\" \/>\n\t<meta name=\"twitter:data1\" content=\"7culture2020\" \/>\n\t<meta name=\"twitter:label2\" content=\"Dur\u00e9e de lecture estim\u00e9e\" \/>\n\t<meta name=\"twitter:data2\" content=\"3 minutes\" \/>\n<script type=\"application\/ld+json\" class=\"yoast-schema-graph\">{\"@context\":\"https:\/\/schema.org\",\"@graph\":[{\"@type\":\"Article\",\"@id\":\"https:\/\/7culture.ci\/index.php\/2022\/08\/17\/tout-savoir-sur-yvan-buravan-laureat-prix-rfi-decouvertes-2018-decede\/#article\",\"isPartOf\":{\"@id\":\"https:\/\/7culture.ci\/index.php\/2022\/08\/17\/tout-savoir-sur-yvan-buravan-laureat-prix-rfi-decouvertes-2018-decede\/\"},\"author\":{\"name\":\"7culture2020\",\"@id\":\"https:\/\/7culture.ci\/#\/schema\/person\/16150d28d7ef66ba788c1f87f28c4426\"},\"headline\":\"Tout savoir sur Yvan Buravan, laur\u00e9at Prix RFI D\u00e9couvertes 2018, d\u00e9c\u00e9d\u00e9\u00a0!\",\"datePublished\":\"2022-08-17T12:34:00+00:00\",\"dateModified\":\"2022-08-17T17:01:06+00:00\",\"mainEntityOfPage\":{\"@id\":\"https:\/\/7culture.ci\/index.php\/2022\/08\/17\/tout-savoir-sur-yvan-buravan-laureat-prix-rfi-decouvertes-2018-decede\/\"},\"wordCount\":381,\"commentCount\":0,\"publisher\":{\"@id\":\"https:\/\/7culture.ci\/#organization\"},\"articleSection\":[\"Actualit\u00e9\"],\"inLanguage\":\"fr-FR\",\"potentialAction\":[{\"@type\":\"CommentAction\",\"name\":\"Comment\",\"target\":[\"https:\/\/7culture.ci\/index.php\/2022\/08\/17\/tout-savoir-sur-yvan-buravan-laureat-prix-rfi-decouvertes-2018-decede\/#respond\"]}]},{\"@type\":\"WebPage\",\"@id\":\"https:\/\/7culture.ci\/index.php\/2022\/08\/17\/tout-savoir-sur-yvan-buravan-laureat-prix-rfi-decouvertes-2018-decede\/\",\"url\":\"https:\/\/7culture.ci\/index.php\/2022\/08\/17\/tout-savoir-sur-yvan-buravan-laureat-prix-rfi-decouvertes-2018-decede\/\",\"name\":\"Tout savoir sur Yvan Buravan, laur\u00e9at Prix RFI D\u00e9couvertes 2018, d\u00e9c\u00e9d\u00e9\u00a0! -\",\"isPartOf\":{\"@id\":\"https:\/\/7culture.ci\/#website\"},\"datePublished\":\"2022-08-17T12:34:00+00:00\",\"dateModified\":\"2022-08-17T17:01:06+00:00\",\"breadcrumb\":{\"@id\":\"https:\/\/7culture.ci\/index.php\/2022\/08\/17\/tout-savoir-sur-yvan-buravan-laureat-prix-rfi-decouvertes-2018-decede\/#breadcrumb\"},\"inLanguage\":\"fr-FR\",\"potentialAction\":[{\"@type\":\"ReadAction\",\"target\":[\"https:\/\/7culture.ci\/index.php\/2022\/08\/17\/tout-savoir-sur-yvan-buravan-laureat-prix-rfi-decouvertes-2018-decede\/\"]}]},{\"@type\":\"BreadcrumbList\",\"@id\":\"https:\/\/7culture.ci\/index.php\/2022\/08\/17\/tout-savoir-sur-yvan-buravan-laureat-prix-rfi-decouvertes-2018-decede\/#breadcrumb\",\"itemListElement\":[{\"@type\":\"ListItem\",\"position\":1,\"name\":\"Accueil\",\"item\":\"https:\/\/7culture.ci\/\"},{\"@type\":\"ListItem\",\"position\":2,\"name\":\"Tout savoir sur Yvan Buravan, laur\u00e9at Prix RFI D\u00e9couvertes 2018, d\u00e9c\u00e9d\u00e9\u00a0!\"}]},{\"@type\":\"WebSite\",\"@id\":\"https:\/\/7culture.ci\/#website\",\"url\":\"https:\/\/7culture.ci\/\",\"name\":\"7culture\",\"description\":\"Tout sur l&#039;actualit\u00e9\",\"publisher\":{\"@id\":\"https:\/\/7culture.ci\/#organization\"},\"potentialAction\":[{\"@type\":\"SearchAction\",\"target\":{\"@type\":\"EntryPoint\",\"urlTemplate\":\"https:\/\/7culture.ci\/?s={search_term_string}\"},\"query-input\":\"required name=search_term_string\"}],\"inLanguage\":\"fr-FR\"},{\"@type\":\"Organization\",\"@id\":\"https:\/\/7culture.ci\/#organization\",\"name\":\"7culture\",\"url\":\"https:\/\/7culture.ci\/\",\"sameAs\":[\"https:\/\/www.facebook.com\/redchefclaude\",\"https:\/\/twitter.com\/7culturec\"],\"logo\":{\"@type\":\"ImageObject\",\"inLanguage\":\"fr-FR\",\"@id\":\"https:\/\/7culture.ci\/#\/schema\/logo\/image\/\",\"url\":\"https:\/\/7culture.ci\/wp-content\/uploads\/2021\/12\/S1a-1.png\",\"contentUrl\":\"https:\/\/7culture.ci\/wp-content\/uploads\/2021\/12\/S1a-1.png\",\"width\":588,\"height\":192,\"caption\":\"7culture\"},\"image\":{\"@id\":\"https:\/\/7culture.ci\/#\/schema\/logo\/image\/\"}},{\"@type\":\"Person\",\"@id\":\"https:\/\/7culture.ci\/#\/schema\/person\/16150d28d7ef66ba788c1f87f28c4426\",\"name\":\"7culture2020\",\"image\":{\"@type\":\"ImageObject\",\"inLanguage\":\"fr-FR\",\"@id\":\"https:\/\/7culture.ci\/#\/schema\/person\/image\/\",\"url\":\"https:\/\/secure.gravatar.com\/avatar\/9a0784f951306c37bcd065f52844ef95?s=96&d=mm&r=g\",\"contentUrl\":\"https:\/\/secure.gravatar.com\/avatar\/9a0784f951306c37bcd065f52844ef95?s=96&d=mm&r=g\",\"caption\":\"7culture2020\"},\"sameAs\":[\"http:\/\/7culture.ci\",\"Claude.kipre\"],\"url\":\"https:\/\/7culture.ci\/index.php\/author\/7culture2020\/\"}]}<\/script>\n<!-- \/ Yoast SEO plugin. -->","yoast_head_json":{"title":"Tout savoir sur Yvan Buravan, laur\u00e9at Prix RFI D\u00e9couvertes 2018, d\u00e9c\u00e9d\u00e9\u00a0! -","robots":{"index":"index","follow":"follow","max-snippet":"max-snippet:-1","max-image-preview":"max-image-preview:large","max-video-preview":"max-video-preview:-1"},"canonical":"https:\/\/7culture.ci\/index.php\/2022\/08\/17\/tout-savoir-sur-yvan-buravan-laureat-prix-rfi-decouvertes-2018-decede\/","og_locale":"fr_FR","og_type":"article","og_title":"Tout savoir sur Yvan Buravan, laur\u00e9at Prix RFI D\u00e9couvertes 2018, d\u00e9c\u00e9d\u00e9\u00a0! -","og_description":"Yvan Buravan avait 27 ans. Musicien, chanteur n\u00e9 au Rwanda, il avait une belle et longue carri\u00e8re devant lui. Il avait remport\u00e9 le prix D\u00e9couvertes RFI en 2018 et faisait donc partie de la famille RFI. Il est d\u00e9c\u00e9d\u00e9 en Inde cette nuit des suites d&#8217;un cancer du pancr\u00e9as. Il avait remport\u00e9 le prix D\u00e9couvertes &hellip; Tout savoir sur Yvan Buravan, laur\u00e9at Prix RFI D\u00e9couvertes 2018, d\u00e9c\u00e9d\u00e9\u00a0! Lire la suite\u00a0\u00bb","og_url":"https:\/\/7culture.ci\/index.php\/2022\/08\/17\/tout-savoir-sur-yvan-buravan-laureat-prix-rfi-decouvertes-2018-decede\/","og_site_name":"7culture","article_publisher":"https:\/\/www.facebook.com\/redchefclaude","article_published_time":"2022-08-17T12:34:00+00:00","article_modified_time":"2022-08-17T17:01:06+00:00","og_image":[{"width":744,"height":601,"url":"http:\/\/7culture.ci\/wp-content\/uploads\/2022\/08\/yvan-buraman2.jpg","type":"image\/jpeg"}],"author":"7culture2020","twitter_card":"summary_large_image","twitter_creator":"@7culturec","twitter_site":"@7culturec","twitter_misc":{"\u00c9crit par":"7culture2020","Dur\u00e9e de lecture estim\u00e9e":"3 minutes"},"schema":{"@context":"https:\/\/schema.org","@graph":[{"@type":"Article","@id":"https:\/\/7culture.ci\/index.php\/2022\/08\/17\/tout-savoir-sur-yvan-buravan-laureat-prix-rfi-decouvertes-2018-decede\/#article","isPartOf":{"@id":"https:\/\/7culture.ci\/index.php\/2022\/08\/17\/tout-savoir-sur-yvan-buravan-laureat-prix-rfi-decouvertes-2018-decede\/"},"author":{"name":"7culture2020","@id":"https:\/\/7culture.ci\/#\/schema\/person\/16150d28d7ef66ba788c1f87f28c4426"},"headline":"Tout savoir sur Yvan Buravan, laur\u00e9at Prix RFI D\u00e9couvertes 2018, d\u00e9c\u00e9d\u00e9\u00a0!","datePublished":"2022-08-17T12:34:00+00:00","dateModified":"2022-08-17T17:01:06+00:00","mainEntityOfPage":{"@id":"https:\/\/7culture.ci\/index.php\/2022\/08\/17\/tout-savoir-sur-yvan-buravan-laureat-prix-rfi-decouvertes-2018-decede\/"},"wordCount":381,"commentCount":0,"publisher":{"@id":"https:\/\/7culture.ci\/#organization"},"articleSection":["Actualit\u00e9"],"inLanguage":"fr-FR","potentialAction":[{"@type":"CommentAction","name":"Comment","target":["https:\/\/7culture.ci\/index.php\/2022\/08\/17\/tout-savoir-sur-yvan-buravan-laureat-prix-rfi-decouvertes-2018-decede\/#respond"]}]},{"@type":"WebPage","@id":"https:\/\/7culture.ci\/index.php\/2022\/08\/17\/tout-savoir-sur-yvan-buravan-laureat-prix-rfi-decouvertes-2018-decede\/","url":"https:\/\/7culture.ci\/index.php\/2022\/08\/17\/tout-savoir-sur-yvan-buravan-laureat-prix-rfi-decouvertes-2018-decede\/","name":"Tout savoir sur Yvan Buravan, laur\u00e9at Prix RFI D\u00e9couvertes 2018, d\u00e9c\u00e9d\u00e9\u00a0! -","isPartOf":{"@id":"https:\/\/7culture.ci\/#website"},"datePublished":"2022-08-17T12:34:00+00:00","dateModified":"2022-08-17T17:01:06+00:00","breadcrumb":{"@id":"https:\/\/7culture.ci\/index.php\/2022\/08\/17\/tout-savoir-sur-yvan-buravan-laureat-prix-rfi-decouvertes-2018-decede\/#breadcrumb"},"inLanguage":"fr-FR","potentialAction":[{"@type":"ReadAction","target":["https:\/\/7culture.ci\/index.php\/2022\/08\/17\/tout-savoir-sur-yvan-buravan-laureat-prix-rfi-decouvertes-2018-decede\/"]}]},{"@type":"BreadcrumbList","@id":"https:\/\/7culture.ci\/index.php\/2022\/08\/17\/tout-savoir-sur-yvan-buravan-laureat-prix-rfi-decouvertes-2018-decede\/#breadcrumb","itemListElement":[{"@type":"ListItem","position":1,"name":"Accueil","item":"https:\/\/7culture.ci\/"},{"@type":"ListItem","position":2,"name":"Tout savoir sur Yvan Buravan, laur\u00e9at Prix RFI D\u00e9couvertes 2018, d\u00e9c\u00e9d\u00e9\u00a0!"}]},{"@type":"WebSite","@id":"https:\/\/7culture.ci\/#website","url":"https:\/\/7culture.ci\/","name":"7culture","description":"Tout sur l&#039;actualit\u00e9","publisher":{"@id":"https:\/\/7culture.ci\/#organization"},"potentialAction":[{"@type":"SearchAction","target":{"@type":"EntryPoint","urlTemplate":"https:\/\/7culture.ci\/?s={search_term_string}"},"query-input":"required name=search_term_string"}],"inLanguage":"fr-FR"},{"@type":"Organization","@id":"https:\/\/7culture.ci\/#organization","name":"7culture","url":"https:\/\/7culture.ci\/","sameAs":["https:\/\/www.facebook.com\/redchefclaude","https:\/\/twitter.com\/7culturec"],"logo":{"@type":"ImageObject","inLanguage":"fr-FR","@id":"https:\/\/7culture.ci\/#\/schema\/logo\/image\/","url":"https:\/\/7culture.ci\/wp-content\/uploads\/2021\/12\/S1a-1.png","contentUrl":"https:\/\/7culture.ci\/wp-content\/uploads\/2021\/12\/S1a-1.png","width":588,"height":192,"caption":"7culture"},"image":{"@id":"https:\/\/7culture.ci\/#\/schema\/logo\/image\/"}},{"@type":"Person","@id":"https:\/\/7culture.ci\/#\/schema\/person\/16150d28d7ef66ba788c1f87f28c4426","name":"7culture2020","image":{"@type":"ImageObject","inLanguage":"fr-FR","@id":"https:\/\/7culture.ci\/#\/schema\/person\/image\/","url":"https:\/\/secure.gravatar.com\/avatar\/9a0784f951306c37bcd065f52844ef95?s=96&d=mm&r=g","contentUrl":"https:\/\/secure.gravatar.com\/avatar\/9a0784f951306c37bcd065f52844ef95?s=96&d=mm&r=g","caption":"7culture2020"},"sameAs":["http:\/\/7culture.ci","Claude.kipre"],"url":"https:\/\/7culture.ci\/index.php\/author\/7culture2020\/"}]}},"jetpack_featured_media_url":"https:\/\/7culture.ci\/wp-content\/uploads\/2022\/08\/yvan-buraman2.jpg","jetpack_likes_enabled":true,"jetpack_sharing_enabled":true,"_links":{"self":[{"href":"https:\/\/7culture.ci\/index.php\/wp-json\/wp\/v2\/posts\/23332"}],"collection":[{"href":"https:\/\/7culture.ci\/index.php\/wp-json\/wp\/v2\/posts"}],"about":[{"href":"https:\/\/7culture.ci\/index.php\/wp-json\/wp\/v2\/types\/post"}],"author":[{"embeddable":true,"href":"https:\/\/7culture.ci\/index.php\/wp-json\/wp\/v2\/users\/1"}],"replies":[{"embeddable":true,"href":"https:\/\/7culture.ci\/index.php\/wp-json\/wp\/v2\/comments?post=23332"}],"version-history":[{"count":0,"href":"https:\/\/7culture.ci\/index.php\/wp-json\/wp\/v2\/posts\/23332\/revisions"}],"wp:featuredmedia":[{"embeddable":true,"href":"https:\/\/7culture.ci\/index.php\/wp-json\/wp\/v2\/media\/23333"}],"wp:attachment":[{"href":"https:\/\/7culture.ci\/index.php\/wp-json\/wp\/v2\/media?parent=23332"}],"wp:term":[{"taxonomy":"category","embeddable":true,"href":"https:\/\/7culture.ci\/index.php\/wp-json\/wp\/v2\/categories?post=23332"},{"taxonomy":"post_tag","embeddable":true,"href":"https:\/\/7culture.ci\/index.php\/wp-json\/wp\/v2\/tags?post=23332"}],"curies":[{"name":"wp","href":"https:\/\/api.w.org\/{rel}","templated":true}]}}