{"id":23316,"date":"2022-08-17T09:18:00","date_gmt":"2022-08-17T09:18:00","guid":{"rendered":"https:\/\/7culture.ci\/?p=23316"},"modified":"2022-08-17T09:58:37","modified_gmt":"2022-08-17T09:58:37","slug":"carnaval-anoumabo-on-est-class-4-eric-sekongo-guy-kalou-kankou-ont-fait-sensation","status":"publish","type":"post","link":"https:\/\/7culture.ci\/index.php\/2022\/08\/17\/carnaval-anoumabo-on-est-class-4-eric-sekongo-guy-kalou-kankou-ont-fait-sensation\/","title":{"rendered":"Carnaval Anoumabo, On Est Class 4\u00a0: Eric Sekongo, Guy Kalou, Kankou \u2026 ont fait sensation"},"content":{"rendered":"\n<p>D\u00e9marr\u00e9 le 12 ao\u00fbt, le \u2018\u2019Carnaval Anoumabo, On est Class\u2019\u2019 a referm\u00e9 ses portes le dimanche 14 ao\u00fbt dernier par un concert de Fior2Bior devant un parterre de spectateurs. C\u2019\u00e9tait comme durant les deux pr\u00e9c\u00e9dentes soir\u00e9es. Apr\u00e8s le groupe zouglou, Les Marabouts, qui a clos la premi\u00e8re nuit de spectacle, le reggaeman Isma\u00ebl Isaac \u2018\u2019a chauff\u00e9\u2019\u2019 le quartier pendant deux heures de show non-stop le samedi 13 ao\u00fbt. L\u2019autre point culminant de cette 2<sup>e<\/sup> journ\u00e9e du \u2018\u2019 Carnaval Anoumabo, On Est Class\u2019\u2019 4, c\u2019\u00e9tait la c\u00e9r\u00e9monie de distinction. \u00ab&nbsp;<strong><em>Dans le but d\u2019\u0153uvrer \u00e0 l\u2019instauration d\u2019une culture de travail, du m\u00e9rite et de l\u2019excellence comme valeurs cardinales de la soci\u00e9t\u00e9 africaine, Anoumabo.com a cr\u00e9\u00e9 en 2021, les awards d\u2019Anoumabo<\/em><\/strong>&nbsp;\u00bb, a expliqu\u00e9 Michel Gnabl\u00e9, CEO d\u2019anoumabo.com.<\/p>\n\n\n\n<figure class=\"wp-block-gallery has-nested-images columns-default is-cropped wp-block-gallery-1 is-layout-flex wp-block-gallery-is-layout-flex\">\n<figure class=\"wp-block-image size-large\"><img loading=\"lazy\" decoding=\"async\" width=\"720\" height=\"480\" data-id=\"23319\" src=\"https:\/\/7culture.ci\/wp-content\/uploads\/2022\/08\/IMG-20220816-WA0088.jpg\" alt=\"\" class=\"wp-image-23319\" srcset=\"https:\/\/7culture.ci\/wp-content\/uploads\/2022\/08\/IMG-20220816-WA0088.jpg 720w, https:\/\/7culture.ci\/wp-content\/uploads\/2022\/08\/IMG-20220816-WA0088-300x200.jpg 300w\" sizes=\"(max-width: 720px) 100vw, 720px\" \/><\/figure>\n\n\n\n<figure class=\"wp-block-image size-large\"><img loading=\"lazy\" decoding=\"async\" width=\"720\" height=\"480\" data-id=\"23318\" src=\"https:\/\/7culture.ci\/wp-content\/uploads\/2022\/08\/IMG-20220816-WA0091.jpg\" alt=\"\" class=\"wp-image-23318\" srcset=\"https:\/\/7culture.ci\/wp-content\/uploads\/2022\/08\/IMG-20220816-WA0091.jpg 720w, https:\/\/7culture.ci\/wp-content\/uploads\/2022\/08\/IMG-20220816-WA0091-300x200.jpg 300w\" sizes=\"(max-width: 720px) 100vw, 720px\" \/><\/figure>\n\n\n\n<figure class=\"wp-block-image size-large\"><img loading=\"lazy\" decoding=\"async\" width=\"720\" height=\"480\" data-id=\"23320\" src=\"https:\/\/7culture.ci\/wp-content\/uploads\/2022\/08\/IMG-20220816-WA0092.jpg\" alt=\"\" class=\"wp-image-23320\" srcset=\"https:\/\/7culture.ci\/wp-content\/uploads\/2022\/08\/IMG-20220816-WA0092.jpg 720w, https:\/\/7culture.ci\/wp-content\/uploads\/2022\/08\/IMG-20220816-WA0092-300x200.jpg 300w\" sizes=\"(max-width: 720px) 100vw, 720px\" \/><\/figure>\n<\/figure>\n\n\n\n<p>Pour l\u2019\u00e9dition 4 du grand rendez-vous culturel du quartier Ebri\u00e9 de Marcory, neuf personnalit\u00e9s de divers secteurs d\u2019activit\u00e9s ont \u00e9t\u00e9 r\u00e9compens\u00e9es avant qu\u2019Isma\u00ebl Isaac ne monte sur la sc\u00e8ne. Il s\u2019agit notamment d\u2019Isabelle Anoh (repr\u00e9sent\u00e9e), Prix du leadership entrepreneurial, d\u2019Eric S\u00e9kongo, Prix de la communication audiovisuelle, d\u2019Emile Guy Kalou, Prix du leadership masculin, de Roukiatou Hampat\u00e9 B\u00e2, Prix de la promotion des arts et de la culture, le groupe zouglou Les Patrons, Prix de l\u2019acteur ivoirien de la musique de l\u2019ann\u00e9e, Jean Marc Saboa, Prix de la performance manag\u00e9riale de l\u2019ann\u00e9e, d\u2019Eliame Niamk\u00e9, Prix de l\u2019entreprenariat culturel, Kankou Samak\u00e9, Prix sp\u00e9cial du service d\u2019accueil de l\u2019ann\u00e9e et d\u2019Abel Bloa, Prix de l\u2019acteur pour l\u2019\u00e9ducation nationale de l\u2019ann\u00e9e.<\/p>\n\n\n\n<figure class=\"wp-block-gallery has-nested-images columns-default is-cropped wp-block-gallery-2 is-layout-flex wp-block-gallery-is-layout-flex\">\n<figure class=\"wp-block-image size-large\"><img loading=\"lazy\" decoding=\"async\" width=\"720\" height=\"480\" data-id=\"23322\" src=\"https:\/\/7culture.ci\/wp-content\/uploads\/2022\/08\/IMG-20220816-WA0093.jpg\" alt=\"\" class=\"wp-image-23322\" srcset=\"https:\/\/7culture.ci\/wp-content\/uploads\/2022\/08\/IMG-20220816-WA0093.jpg 720w, https:\/\/7culture.ci\/wp-content\/uploads\/2022\/08\/IMG-20220816-WA0093-300x200.jpg 300w\" sizes=\"(max-width: 720px) 100vw, 720px\" \/><\/figure>\n\n\n\n<figure class=\"wp-block-image size-large\"><img loading=\"lazy\" decoding=\"async\" width=\"720\" height=\"480\" data-id=\"23323\" src=\"https:\/\/7culture.ci\/wp-content\/uploads\/2022\/08\/IMG-20220816-WA0095.jpg\" alt=\"\" class=\"wp-image-23323\" srcset=\"https:\/\/7culture.ci\/wp-content\/uploads\/2022\/08\/IMG-20220816-WA0095.jpg 720w, https:\/\/7culture.ci\/wp-content\/uploads\/2022\/08\/IMG-20220816-WA0095-300x200.jpg 300w\" sizes=\"(max-width: 720px) 100vw, 720px\" \/><\/figure>\n\n\n\n<figure class=\"wp-block-image size-large\"><img loading=\"lazy\" decoding=\"async\" width=\"720\" height=\"480\" data-id=\"23321\" src=\"https:\/\/7culture.ci\/wp-content\/uploads\/2022\/08\/IMG-20220816-WA0096.jpg\" alt=\"\" class=\"wp-image-23321\" srcset=\"https:\/\/7culture.ci\/wp-content\/uploads\/2022\/08\/IMG-20220816-WA0096.jpg 720w, https:\/\/7culture.ci\/wp-content\/uploads\/2022\/08\/IMG-20220816-WA0096-300x200.jpg 300w\" sizes=\"(max-width: 720px) 100vw, 720px\" \/><\/figure>\n<\/figure>\n\n\n\n<p>En plus de la musique qui repr\u00e9sentait un pan important de ce rendez-vous, il y avait \u00e9galement la mode avec un d\u00e9fil\u00e9 de mode en plein air et au c\u0153ur du village. Mais pour cette \u00e9dition du carnaval d\u2019Anoumabo, c\u2019est le d\u00e9fil\u00e9 carnavalesque avec toutes sortes de d\u00e9guisements qui a retenu l\u2019attention des visiteurs. Pendant l\u2019\u00e9v\u00e9nement, il y a eu \u00e9galement une s\u00e9rie de panels autour du th\u00e8me g\u00e9n\u00e9ral: \u2018\u2019Quelle jeunesse pour un environnement sain ?\u2019\u2019. Une &nbsp;journ\u00e9e de salubrit\u00e9 a permis \u00e0 l\u2019organisation et aux habitants de nettoyer quelques rues du quartier de Magic System.<\/p>\n\n\n\n<figure class=\"wp-block-gallery has-nested-images columns-default is-cropped wp-block-gallery-3 is-layout-flex wp-block-gallery-is-layout-flex\">\n<figure class=\"wp-block-image size-large\"><img loading=\"lazy\" decoding=\"async\" width=\"720\" height=\"480\" data-id=\"23325\" src=\"https:\/\/7culture.ci\/wp-content\/uploads\/2022\/08\/IMG-20220816-WA0102.jpg\" alt=\"\" class=\"wp-image-23325\" srcset=\"https:\/\/7culture.ci\/wp-content\/uploads\/2022\/08\/IMG-20220816-WA0102.jpg 720w, https:\/\/7culture.ci\/wp-content\/uploads\/2022\/08\/IMG-20220816-WA0102-300x200.jpg 300w\" sizes=\"(max-width: 720px) 100vw, 720px\" \/><\/figure>\n\n\n\n<figure class=\"wp-block-image size-large\"><img loading=\"lazy\" decoding=\"async\" width=\"720\" height=\"480\" data-id=\"23324\" src=\"https:\/\/7culture.ci\/wp-content\/uploads\/2022\/08\/IMG-20220816-WA0104.jpg\" alt=\"\" class=\"wp-image-23324\" srcset=\"https:\/\/7culture.ci\/wp-content\/uploads\/2022\/08\/IMG-20220816-WA0104.jpg 720w, https:\/\/7culture.ci\/wp-content\/uploads\/2022\/08\/IMG-20220816-WA0104-300x200.jpg 300w\" sizes=\"(max-width: 720px) 100vw, 720px\" \/><\/figure>\n\n\n\n<figure class=\"wp-block-image size-large\"><img loading=\"lazy\" decoding=\"async\" width=\"720\" height=\"480\" data-id=\"23326\" src=\"https:\/\/7culture.ci\/wp-content\/uploads\/2022\/08\/IMG-20220816-WA0106.jpg\" alt=\"\" class=\"wp-image-23326\" srcset=\"https:\/\/7culture.ci\/wp-content\/uploads\/2022\/08\/IMG-20220816-WA0106.jpg 720w, https:\/\/7culture.ci\/wp-content\/uploads\/2022\/08\/IMG-20220816-WA0106-300x200.jpg 300w\" sizes=\"(max-width: 720px) 100vw, 720px\" \/><\/figure>\n<\/figure>\n\n\n\n<p>Que ce soit dans le night-club g\u00e9ant plant\u00e9 plein air ou dans les maquis alentour, l\u2019ambiance \u00e9tait au rendez-vous chaque soir jusqu\u2019au petit matin.<\/p>\n\n\n\n<p>Par Omar AK<\/p>\n","protected":false},"excerpt":{"rendered":"<p>D\u00e9marr\u00e9 le 12 ao\u00fbt, le \u2018\u2019Carnaval Anoumabo, On est Class\u2019\u2019 a referm\u00e9 ses portes le dimanche 14 ao\u00fbt dernier par un concert de Fior2Bior devant un parterre de spectateurs. C\u2019\u00e9tait comme durant les deux pr\u00e9c\u00e9dentes soir\u00e9es. Apr\u00e8s le groupe zouglou, Les Marabouts, qui a clos la premi\u00e8re nuit de spectacle, le reggaeman Isma\u00ebl Isaac \u2018\u2019a &hellip;<\/p>\n<p class=\"read-more\"> <a class=\"\" href=\"https:\/\/7culture.ci\/index.php\/2022\/08\/17\/carnaval-anoumabo-on-est-class-4-eric-sekongo-guy-kalou-kankou-ont-fait-sensation\/\"> <span class=\"screen-reader-text\">Carnaval Anoumabo, On Est Class 4\u00a0: Eric Sekongo, Guy Kalou, Kankou \u2026 ont fait sensation<\/span> Lire la suite\u00a0\u00bb<\/a><\/p>\n","protected":false},"author":1,"featured_media":23317,"comment_status":"open","ping_status":"open","sticky":false,"template":"","format":"standard","meta":{"_mi_skip_tracking":false,"_monsterinsights_sitenote_active":false,"_monsterinsights_sitenote_note":"","_monsterinsights_sitenote_category":0,"site-sidebar-layout":"default","site-content-layout":"default","ast-global-header-display":"","ast-main-header-display":"","ast-hfb-above-header-display":"","ast-hfb-below-header-display":"","ast-hfb-mobile-header-display":"","site-post-title":"","ast-breadcrumbs-content":"","ast-featured-img":"","footer-sml-layout":"","theme-transparent-header-meta":"","adv-header-id-meta":"","stick-header-meta":"","header-above-stick-meta":"","header-main-stick-meta":"","header-below-stick-meta":"","footnotes":"","jetpack_publicize_message":"","jetpack_is_tweetstorm":false,"jetpack_publicize_feature_enabled":true},"categories":[22],"tags":[],"jetpack_publicize_connections":[],"acf":[],"aioseo_notices":[],"yoast_head":"<!-- This site is optimized with the Yoast SEO plugin v19.6.1 - https:\/\/yoast.com\/wordpress\/plugins\/seo\/ -->\n<title>Carnaval Anoumabo, On Est Class 4\u00a0: Eric Sekongo, Guy Kalou, Kankou \u2026 ont fait sensation - 7culture<\/title>\n<meta name=\"robots\" content=\"index, follow, max-snippet:-1, max-image-preview:large, max-video-preview:-1\" \/>\n<link rel=\"canonical\" href=\"https:\/\/7culture.ci\/index.php\/2022\/08\/17\/carnaval-anoumabo-on-est-class-4-eric-sekongo-guy-kalou-kankou-ont-fait-sensation\/\" \/>\n<meta property=\"og:locale\" content=\"fr_FR\" \/>\n<meta property=\"og:type\" content=\"article\" \/>\n<meta property=\"og:title\" content=\"Carnaval Anoumabo, On Est Class 4\u00a0: Eric Sekongo, Guy Kalou, Kankou \u2026 ont fait sensation - 7culture\" \/>\n<meta property=\"og:description\" content=\"D\u00e9marr\u00e9 le 12 ao\u00fbt, le \u2018\u2019Carnaval Anoumabo, On est Class\u2019\u2019 a referm\u00e9 ses portes le dimanche 14 ao\u00fbt dernier par un concert de Fior2Bior devant un parterre de spectateurs. C\u2019\u00e9tait comme durant les deux pr\u00e9c\u00e9dentes soir\u00e9es. Apr\u00e8s le groupe zouglou, Les Marabouts, qui a clos la premi\u00e8re nuit de spectacle, le reggaeman Isma\u00ebl Isaac \u2018\u2019a &hellip; Carnaval Anoumabo, On Est Class 4\u00a0: Eric Sekongo, Guy Kalou, Kankou \u2026 ont fait sensation Lire la suite\u00a0\u00bb\" \/>\n<meta property=\"og:url\" content=\"https:\/\/7culture.ci\/index.php\/2022\/08\/17\/carnaval-anoumabo-on-est-class-4-eric-sekongo-guy-kalou-kankou-ont-fait-sensation\/\" \/>\n<meta property=\"og:site_name\" content=\"7culture\" \/>\n<meta property=\"article:publisher\" content=\"https:\/\/www.facebook.com\/redchefclaude\" \/>\n<meta property=\"article:published_time\" content=\"2022-08-17T09:18:00+00:00\" \/>\n<meta property=\"article:modified_time\" content=\"2022-08-17T09:58:37+00:00\" \/>\n<meta property=\"og:image\" content=\"http:\/\/7culture.ci\/wp-content\/uploads\/2022\/08\/IMG-20220816-WA0085.jpg\" \/>\n\t<meta property=\"og:image:width\" content=\"720\" \/>\n\t<meta property=\"og:image:height\" content=\"480\" \/>\n\t<meta property=\"og:image:type\" content=\"image\/jpeg\" \/>\n<meta name=\"author\" content=\"7culture2020\" \/>\n<meta name=\"twitter:card\" content=\"summary_large_image\" \/>\n<meta name=\"twitter:creator\" content=\"@7culturec\" \/>\n<meta name=\"twitter:site\" content=\"@7culturec\" \/>\n<meta name=\"twitter:label1\" content=\"\u00c9crit par\" \/>\n\t<meta name=\"twitter:data1\" content=\"7culture2020\" \/>\n\t<meta name=\"twitter:label2\" content=\"Dur\u00e9e de lecture estim\u00e9e\" \/>\n\t<meta name=\"twitter:data2\" content=\"4 minutes\" \/>\n<script type=\"application\/ld+json\" class=\"yoast-schema-graph\">{\"@context\":\"https:\/\/schema.org\",\"@graph\":[{\"@type\":\"Article\",\"@id\":\"https:\/\/7culture.ci\/index.php\/2022\/08\/17\/carnaval-anoumabo-on-est-class-4-eric-sekongo-guy-kalou-kankou-ont-fait-sensation\/#article\",\"isPartOf\":{\"@id\":\"https:\/\/7culture.ci\/index.php\/2022\/08\/17\/carnaval-anoumabo-on-est-class-4-eric-sekongo-guy-kalou-kankou-ont-fait-sensation\/\"},\"author\":{\"name\":\"7culture2020\",\"@id\":\"https:\/\/7culture.ci\/#\/schema\/person\/16150d28d7ef66ba788c1f87f28c4426\"},\"headline\":\"Carnaval Anoumabo, On Est Class 4\u00a0: Eric Sekongo, Guy Kalou, Kankou \u2026 ont fait sensation\",\"datePublished\":\"2022-08-17T09:18:00+00:00\",\"dateModified\":\"2022-08-17T09:58:37+00:00\",\"mainEntityOfPage\":{\"@id\":\"https:\/\/7culture.ci\/index.php\/2022\/08\/17\/carnaval-anoumabo-on-est-class-4-eric-sekongo-guy-kalou-kankou-ont-fait-sensation\/\"},\"wordCount\":449,\"commentCount\":0,\"publisher\":{\"@id\":\"https:\/\/7culture.ci\/#organization\"},\"articleSection\":[\"Actualit\u00e9\"],\"inLanguage\":\"fr-FR\",\"potentialAction\":[{\"@type\":\"CommentAction\",\"name\":\"Comment\",\"target\":[\"https:\/\/7culture.ci\/index.php\/2022\/08\/17\/carnaval-anoumabo-on-est-class-4-eric-sekongo-guy-kalou-kankou-ont-fait-sensation\/#respond\"]}]},{\"@type\":\"WebPage\",\"@id\":\"https:\/\/7culture.ci\/index.php\/2022\/08\/17\/carnaval-anoumabo-on-est-class-4-eric-sekongo-guy-kalou-kankou-ont-fait-sensation\/\",\"url\":\"https:\/\/7culture.ci\/index.php\/2022\/08\/17\/carnaval-anoumabo-on-est-class-4-eric-sekongo-guy-kalou-kankou-ont-fait-sensation\/\",\"name\":\"Carnaval Anoumabo, On Est Class 4\u00a0: Eric Sekongo, Guy Kalou, Kankou \u2026 ont fait sensation - 7culture\",\"isPartOf\":{\"@id\":\"https:\/\/7culture.ci\/#website\"},\"datePublished\":\"2022-08-17T09:18:00+00:00\",\"dateModified\":\"2022-08-17T09:58:37+00:00\",\"breadcrumb\":{\"@id\":\"https:\/\/7culture.ci\/index.php\/2022\/08\/17\/carnaval-anoumabo-on-est-class-4-eric-sekongo-guy-kalou-kankou-ont-fait-sensation\/#breadcrumb\"},\"inLanguage\":\"fr-FR\",\"potentialAction\":[{\"@type\":\"ReadAction\",\"target\":[\"https:\/\/7culture.ci\/index.php\/2022\/08\/17\/carnaval-anoumabo-on-est-class-4-eric-sekongo-guy-kalou-kankou-ont-fait-sensation\/\"]}]},{\"@type\":\"BreadcrumbList\",\"@id\":\"https:\/\/7culture.ci\/index.php\/2022\/08\/17\/carnaval-anoumabo-on-est-class-4-eric-sekongo-guy-kalou-kankou-ont-fait-sensation\/#breadcrumb\",\"itemListElement\":[{\"@type\":\"ListItem\",\"position\":1,\"name\":\"Accueil\",\"item\":\"https:\/\/7culture.ci\/\"},{\"@type\":\"ListItem\",\"position\":2,\"name\":\"Carnaval Anoumabo, On Est Class 4\u00a0: Eric Sekongo, Guy Kalou, Kankou \u2026 ont fait sensation\"}]},{\"@type\":\"WebSite\",\"@id\":\"https:\/\/7culture.ci\/#website\",\"url\":\"https:\/\/7culture.ci\/\",\"name\":\"7culture\",\"description\":\"Tout sur l&#039;actualit\u00e9\",\"publisher\":{\"@id\":\"https:\/\/7culture.ci\/#organization\"},\"potentialAction\":[{\"@type\":\"SearchAction\",\"target\":{\"@type\":\"EntryPoint\",\"urlTemplate\":\"https:\/\/7culture.ci\/?s={search_term_string}\"},\"query-input\":\"required name=search_term_string\"}],\"inLanguage\":\"fr-FR\"},{\"@type\":\"Organization\",\"@id\":\"https:\/\/7culture.ci\/#organization\",\"name\":\"7culture\",\"url\":\"https:\/\/7culture.ci\/\",\"sameAs\":[\"https:\/\/www.facebook.com\/redchefclaude\",\"https:\/\/twitter.com\/7culturec\"],\"logo\":{\"@type\":\"ImageObject\",\"inLanguage\":\"fr-FR\",\"@id\":\"https:\/\/7culture.ci\/#\/schema\/logo\/image\/\",\"url\":\"https:\/\/7culture.ci\/wp-content\/uploads\/2021\/12\/S1a-1.png\",\"contentUrl\":\"https:\/\/7culture.ci\/wp-content\/uploads\/2021\/12\/S1a-1.png\",\"width\":588,\"height\":192,\"caption\":\"7culture\"},\"image\":{\"@id\":\"https:\/\/7culture.ci\/#\/schema\/logo\/image\/\"}},{\"@type\":\"Person\",\"@id\":\"https:\/\/7culture.ci\/#\/schema\/person\/16150d28d7ef66ba788c1f87f28c4426\",\"name\":\"7culture2020\",\"image\":{\"@type\":\"ImageObject\",\"inLanguage\":\"fr-FR\",\"@id\":\"https:\/\/7culture.ci\/#\/schema\/person\/image\/\",\"url\":\"https:\/\/secure.gravatar.com\/avatar\/9a0784f951306c37bcd065f52844ef95?s=96&d=mm&r=g\",\"contentUrl\":\"https:\/\/secure.gravatar.com\/avatar\/9a0784f951306c37bcd065f52844ef95?s=96&d=mm&r=g\",\"caption\":\"7culture2020\"},\"sameAs\":[\"http:\/\/7culture.ci\",\"Claude.kipre\"],\"url\":\"https:\/\/7culture.ci\/index.php\/author\/7culture2020\/\"}]}<\/script>\n<!-- \/ Yoast SEO plugin. -->","yoast_head_json":{"title":"Carnaval Anoumabo, On Est Class 4\u00a0: Eric Sekongo, Guy Kalou, Kankou \u2026 ont fait sensation - 7culture","robots":{"index":"index","follow":"follow","max-snippet":"max-snippet:-1","max-image-preview":"max-image-preview:large","max-video-preview":"max-video-preview:-1"},"canonical":"https:\/\/7culture.ci\/index.php\/2022\/08\/17\/carnaval-anoumabo-on-est-class-4-eric-sekongo-guy-kalou-kankou-ont-fait-sensation\/","og_locale":"fr_FR","og_type":"article","og_title":"Carnaval Anoumabo, On Est Class 4\u00a0: Eric Sekongo, Guy Kalou, Kankou \u2026 ont fait sensation - 7culture","og_description":"D\u00e9marr\u00e9 le 12 ao\u00fbt, le \u2018\u2019Carnaval Anoumabo, On est Class\u2019\u2019 a referm\u00e9 ses portes le dimanche 14 ao\u00fbt dernier par un concert de Fior2Bior devant un parterre de spectateurs. C\u2019\u00e9tait comme durant les deux pr\u00e9c\u00e9dentes soir\u00e9es. Apr\u00e8s le groupe zouglou, Les Marabouts, qui a clos la premi\u00e8re nuit de spectacle, le reggaeman Isma\u00ebl Isaac \u2018\u2019a &hellip; Carnaval Anoumabo, On Est Class 4\u00a0: Eric Sekongo, Guy Kalou, Kankou \u2026 ont fait sensation Lire la suite\u00a0\u00bb","og_url":"https:\/\/7culture.ci\/index.php\/2022\/08\/17\/carnaval-anoumabo-on-est-class-4-eric-sekongo-guy-kalou-kankou-ont-fait-sensation\/","og_site_name":"7culture","article_publisher":"https:\/\/www.facebook.com\/redchefclaude","article_published_time":"2022-08-17T09:18:00+00:00","article_modified_time":"2022-08-17T09:58:37+00:00","og_image":[{"width":720,"height":480,"url":"http:\/\/7culture.ci\/wp-content\/uploads\/2022\/08\/IMG-20220816-WA0085.jpg","type":"image\/jpeg"}],"author":"7culture2020","twitter_card":"summary_large_image","twitter_creator":"@7culturec","twitter_site":"@7culturec","twitter_misc":{"\u00c9crit par":"7culture2020","Dur\u00e9e de lecture estim\u00e9e":"4 minutes"},"schema":{"@context":"https:\/\/schema.org","@graph":[{"@type":"Article","@id":"https:\/\/7culture.ci\/index.php\/2022\/08\/17\/carnaval-anoumabo-on-est-class-4-eric-sekongo-guy-kalou-kankou-ont-fait-sensation\/#article","isPartOf":{"@id":"https:\/\/7culture.ci\/index.php\/2022\/08\/17\/carnaval-anoumabo-on-est-class-4-eric-sekongo-guy-kalou-kankou-ont-fait-sensation\/"},"author":{"name":"7culture2020","@id":"https:\/\/7culture.ci\/#\/schema\/person\/16150d28d7ef66ba788c1f87f28c4426"},"headline":"Carnaval Anoumabo, On Est Class 4\u00a0: Eric Sekongo, Guy Kalou, Kankou \u2026 ont fait sensation","datePublished":"2022-08-17T09:18:00+00:00","dateModified":"2022-08-17T09:58:37+00:00","mainEntityOfPage":{"@id":"https:\/\/7culture.ci\/index.php\/2022\/08\/17\/carnaval-anoumabo-on-est-class-4-eric-sekongo-guy-kalou-kankou-ont-fait-sensation\/"},"wordCount":449,"commentCount":0,"publisher":{"@id":"https:\/\/7culture.ci\/#organization"},"articleSection":["Actualit\u00e9"],"inLanguage":"fr-FR","potentialAction":[{"@type":"CommentAction","name":"Comment","target":["https:\/\/7culture.ci\/index.php\/2022\/08\/17\/carnaval-anoumabo-on-est-class-4-eric-sekongo-guy-kalou-kankou-ont-fait-sensation\/#respond"]}]},{"@type":"WebPage","@id":"https:\/\/7culture.ci\/index.php\/2022\/08\/17\/carnaval-anoumabo-on-est-class-4-eric-sekongo-guy-kalou-kankou-ont-fait-sensation\/","url":"https:\/\/7culture.ci\/index.php\/2022\/08\/17\/carnaval-anoumabo-on-est-class-4-eric-sekongo-guy-kalou-kankou-ont-fait-sensation\/","name":"Carnaval Anoumabo, On Est Class 4\u00a0: Eric Sekongo, Guy Kalou, Kankou \u2026 ont fait sensation - 7culture","isPartOf":{"@id":"https:\/\/7culture.ci\/#website"},"datePublished":"2022-08-17T09:18:00+00:00","dateModified":"2022-08-17T09:58:37+00:00","breadcrumb":{"@id":"https:\/\/7culture.ci\/index.php\/2022\/08\/17\/carnaval-anoumabo-on-est-class-4-eric-sekongo-guy-kalou-kankou-ont-fait-sensation\/#breadcrumb"},"inLanguage":"fr-FR","potentialAction":[{"@type":"ReadAction","target":["https:\/\/7culture.ci\/index.php\/2022\/08\/17\/carnaval-anoumabo-on-est-class-4-eric-sekongo-guy-kalou-kankou-ont-fait-sensation\/"]}]},{"@type":"BreadcrumbList","@id":"https:\/\/7culture.ci\/index.php\/2022\/08\/17\/carnaval-anoumabo-on-est-class-4-eric-sekongo-guy-kalou-kankou-ont-fait-sensation\/#breadcrumb","itemListElement":[{"@type":"ListItem","position":1,"name":"Accueil","item":"https:\/\/7culture.ci\/"},{"@type":"ListItem","position":2,"name":"Carnaval Anoumabo, On Est Class 4\u00a0: Eric Sekongo, Guy Kalou, Kankou \u2026 ont fait sensation"}]},{"@type":"WebSite","@id":"https:\/\/7culture.ci\/#website","url":"https:\/\/7culture.ci\/","name":"7culture","description":"Tout sur l&#039;actualit\u00e9","publisher":{"@id":"https:\/\/7culture.ci\/#organization"},"potentialAction":[{"@type":"SearchAction","target":{"@type":"EntryPoint","urlTemplate":"https:\/\/7culture.ci\/?s={search_term_string}"},"query-input":"required name=search_term_string"}],"inLanguage":"fr-FR"},{"@type":"Organization","@id":"https:\/\/7culture.ci\/#organization","name":"7culture","url":"https:\/\/7culture.ci\/","sameAs":["https:\/\/www.facebook.com\/redchefclaude","https:\/\/twitter.com\/7culturec"],"logo":{"@type":"ImageObject","inLanguage":"fr-FR","@id":"https:\/\/7culture.ci\/#\/schema\/logo\/image\/","url":"https:\/\/7culture.ci\/wp-content\/uploads\/2021\/12\/S1a-1.png","contentUrl":"https:\/\/7culture.ci\/wp-content\/uploads\/2021\/12\/S1a-1.png","width":588,"height":192,"caption":"7culture"},"image":{"@id":"https:\/\/7culture.ci\/#\/schema\/logo\/image\/"}},{"@type":"Person","@id":"https:\/\/7culture.ci\/#\/schema\/person\/16150d28d7ef66ba788c1f87f28c4426","name":"7culture2020","image":{"@type":"ImageObject","inLanguage":"fr-FR","@id":"https:\/\/7culture.ci\/#\/schema\/person\/image\/","url":"https:\/\/secure.gravatar.com\/avatar\/9a0784f951306c37bcd065f52844ef95?s=96&d=mm&r=g","contentUrl":"https:\/\/secure.gravatar.com\/avatar\/9a0784f951306c37bcd065f52844ef95?s=96&d=mm&r=g","caption":"7culture2020"},"sameAs":["http:\/\/7culture.ci","Claude.kipre"],"url":"https:\/\/7culture.ci\/index.php\/author\/7culture2020\/"}]}},"jetpack_featured_media_url":"https:\/\/7culture.ci\/wp-content\/uploads\/2022\/08\/IMG-20220816-WA0085.jpg","jetpack_likes_enabled":true,"jetpack_sharing_enabled":true,"_links":{"self":[{"href":"https:\/\/7culture.ci\/index.php\/wp-json\/wp\/v2\/posts\/23316"}],"collection":[{"href":"https:\/\/7culture.ci\/index.php\/wp-json\/wp\/v2\/posts"}],"about":[{"href":"https:\/\/7culture.ci\/index.php\/wp-json\/wp\/v2\/types\/post"}],"author":[{"embeddable":true,"href":"https:\/\/7culture.ci\/index.php\/wp-json\/wp\/v2\/users\/1"}],"replies":[{"embeddable":true,"href":"https:\/\/7culture.ci\/index.php\/wp-json\/wp\/v2\/comments?post=23316"}],"version-history":[{"count":0,"href":"https:\/\/7culture.ci\/index.php\/wp-json\/wp\/v2\/posts\/23316\/revisions"}],"wp:featuredmedia":[{"embeddable":true,"href":"https:\/\/7culture.ci\/index.php\/wp-json\/wp\/v2\/media\/23317"}],"wp:attachment":[{"href":"https:\/\/7culture.ci\/index.php\/wp-json\/wp\/v2\/media?parent=23316"}],"wp:term":[{"taxonomy":"category","embeddable":true,"href":"https:\/\/7culture.ci\/index.php\/wp-json\/wp\/v2\/categories?post=23316"},{"taxonomy":"post_tag","embeddable":true,"href":"https:\/\/7culture.ci\/index.php\/wp-json\/wp\/v2\/tags?post=23316"}],"curies":[{"name":"wp","href":"https:\/\/api.w.org\/{rel}","templated":true}]}}