{"id":23300,"date":"2022-08-16T19:48:53","date_gmt":"2022-08-16T17:48:53","guid":{"rendered":"https:\/\/7culture.ci\/?p=23300"},"modified":"2022-08-16T20:24:08","modified_gmt":"2022-08-16T18:24:08","slug":"prix-pafed-2022-dan-nicoco-est-revenu-avec-deux-prix","status":"publish","type":"post","link":"https:\/\/7culture.ci\/index.php\/2022\/08\/16\/prix-pafed-2022-dan-nicoco-est-revenu-avec-deux-prix\/","title":{"rendered":"Prix PAFED 2022\u00a0: Dan Nicoco est revenu avec deux prix"},"content":{"rendered":"\n<p>Organis\u00e9 par le R\u00e9seau des Professionnels de la Communication pour l\u2019Int\u00e9gration Africaine(REPCIAF) le samedi 13 ao\u00fbt dernier \u00e0 l\u2019H\u00f4tel Pr\u00e9sident de Yamoussoukro, le 21<sup>e<\/sup> &#8221;D\u00eener-Gala des Grands B\u00e2tisseurs de l&#8217;\u00c9mergence Africaine\u2019\u2019 a doublement souri \u00e0 M. Nicoco Dan Gondo. Le jeune entrepreneur et directeur g\u00e9n\u00e9ral de SOFINEL SARL &nbsp;\u00e9tait \u00e0 cette soir\u00e9e pour recevoir le Prix africain du meilleur manager pour la qualit\u00e9 des services du secteur \u00e9lectrique qui lui a \u00e9t\u00e9 d\u00e9cern\u00e9 par l\u2019organisateurs. En plus de ce prix, DG Dan Nicoco s\u2019est class\u00e9 en troisi\u00e8me position pour le Super Prix PAFED 2022 et a d\u00e9croch\u00e9 l\u2019Argent. En montant sur le podium des meilleurs managers du continent, le DG de SOFINEL SARL confirme ses comp\u00e9tences et la reconnaissance internationale de son travail. Devant de nombreuses personnalit\u00e9s venues du Burkina Faso, de la Tanzanie, du Maroc et de la C\u00f4te d\u2019Ivoire, le laur\u00e9at a affich\u00e9 fi\u00e8rement ses troph\u00e9es. \u00ab&nbsp;<strong><em>D\u2019entr\u00e9e, je dirai merci aux initiateurs de ces r\u00e9compenses et de cette soir\u00e9e qui permet aux entrepreneurs de nous retrouver. Je suis ensuite reconnaissant aux jur\u00e9s qui ont port\u00e9 leur choix sur ma modeste personne. Ce qui est int\u00e9ressant en recevant un prix, il ne nous dit pas qu\u2019on est meilleur. Mais il nous invite plut\u00f4t \u00e0 redoubler d\u2019efforts. A partir d\u2019aujourd\u2019hui, je n\u2019ai plus droit \u00e0 l\u2019erreur. La fa\u00e7on dont M. Sanogo et son \u00e9quipe m\u2019ont plac\u00e9 sous les feux de la rampe, est-ce que je peux encore baisser les bras&nbsp;? Enfin, je dirai merci aux chefs d\u2019entreprises qui sont l\u00e0 et \u00e0 tous mes collaborateurs sans qui, rien ne sera possible<\/em><\/strong>&nbsp;\u00bb, a d\u00e9clar\u00e9 le laur\u00e9at.<\/p>\n\n\n\n<figure class=\"wp-block-image size-full is-resized\"><img loading=\"lazy\" decoding=\"async\" src=\"https:\/\/7culture.ci\/wp-content\/uploads\/2022\/08\/WhatsApp-Image-2022-08-16-at-15.23.58-1.jpeg\" alt=\"\" class=\"wp-image-23302\" width=\"453\" height=\"604\" srcset=\"https:\/\/7culture.ci\/wp-content\/uploads\/2022\/08\/WhatsApp-Image-2022-08-16-at-15.23.58-1.jpeg 768w, https:\/\/7culture.ci\/wp-content\/uploads\/2022\/08\/WhatsApp-Image-2022-08-16-at-15.23.58-1-225x300.jpeg 225w\" sizes=\"(max-width: 453px) 100vw, 453px\" \/><\/figure>\n\n\n\n<p>Selon le jury, le choix de Dan Nicoco a \u00e9t\u00e9 motiv\u00e9 par la vision, l\u2019expertise, le professionnalisme, l\u2019ing\u00e9niosit\u00e9 avec lesquels il d\u00e9veloppe son entreprise. En plus, le r\u00e9cipiendaire est reconnu pour \u00eatre un entrepreneur de grande vision, outill\u00e9 par une formation solide dans l\u2019\u00e9lectrotechnique, technologies et g\u00e9nie \u00e9lectrique \u00e0 l\u2019institut sup\u00e9rieur de formation puis par les techniques commerciales, marketing et management couronn\u00e9e par un dipl\u00f4me d\u2019ing\u00e9nieur \u00e0 l\u2019Universit\u00e9 de Cocody. M.<\/p>\n\n\n\n<div class=\"wp-block-image\"><figure class=\"aligncenter size-full is-resized\"><img loading=\"lazy\" decoding=\"async\" src=\"https:\/\/7culture.ci\/wp-content\/uploads\/2022\/08\/WhatsApp-Image-2022-08-16-at-15.23.58-2.jpeg\" alt=\"\" class=\"wp-image-23303\" width=\"455\" height=\"606\" srcset=\"https:\/\/7culture.ci\/wp-content\/uploads\/2022\/08\/WhatsApp-Image-2022-08-16-at-15.23.58-2.jpeg 768w, https:\/\/7culture.ci\/wp-content\/uploads\/2022\/08\/WhatsApp-Image-2022-08-16-at-15.23.58-2-225x300.jpeg 225w\" sizes=\"(max-width: 455px) 100vw, 455px\" \/><\/figure><\/div>\n\n\n\n<p>A l\u2019occasion de la 21<sup>e<\/sup> \u00e9dition de la F\u00eate de l\u2019int\u00e9gration africaine (FIA) et du Prix Africain de l\u2019Emergence et du D\u00e9veloppement (PAFED) qui s\u2019est tenu le 13 ao\u00fbt dernier \u00e0 l\u2019H\u00f4tel Pr\u00e9sident de Yamoussoukro, le r\u00e9seau des professionnels de la communication pour l\u2019int\u00e9gration africaine (REPCIAF) a r\u00e9ussi son pari. Pendant son speech de bienvenue, M. Adama Sanogo, le pr\u00e9sident du REPCIAF, a invit\u00e9 les entrepreneurs et les grands patrons africains \u00e0 la solidarit\u00e9. Avant d\u2019aller la grande soir\u00e9e de r\u00e9compenses, la matin\u00e9e a \u00e9t\u00e9 consacr\u00e9e \u00e0 un forum qui a r\u00e9uni tous les laur\u00e9ats. Il s\u2019agissait d\u2019un \u00e9change d\u2019exp\u00e9rience o\u00f9 chacun a pr\u00e9sent\u00e9 bri\u00e8vement son activit\u00e9.<\/p>\n\n\n\n<p>Par Omar AK<\/p>\n","protected":false},"excerpt":{"rendered":"<p>Organis\u00e9 par le R\u00e9seau des Professionnels de la Communication pour l\u2019Int\u00e9gration Africaine(REPCIAF) le samedi 13 ao\u00fbt dernier \u00e0 l\u2019H\u00f4tel Pr\u00e9sident de Yamoussoukro, le 21e &#8221;D\u00eener-Gala des Grands B\u00e2tisseurs de l&#8217;\u00c9mergence Africaine\u2019\u2019 a doublement souri \u00e0 M. Nicoco Dan Gondo. Le jeune entrepreneur et directeur g\u00e9n\u00e9ral de SOFINEL SARL &nbsp;\u00e9tait \u00e0 cette soir\u00e9e pour recevoir le &hellip;<\/p>\n<p class=\"read-more\"> <a class=\"\" href=\"https:\/\/7culture.ci\/index.php\/2022\/08\/16\/prix-pafed-2022-dan-nicoco-est-revenu-avec-deux-prix\/\"> <span class=\"screen-reader-text\">Prix PAFED 2022\u00a0: Dan Nicoco est revenu avec deux prix<\/span> Lire la suite\u00a0\u00bb<\/a><\/p>\n","protected":false},"author":1,"featured_media":23301,"comment_status":"open","ping_status":"open","sticky":false,"template":"","format":"standard","meta":{"_mi_skip_tracking":false,"_monsterinsights_sitenote_active":false,"_monsterinsights_sitenote_note":"","_monsterinsights_sitenote_category":0,"site-sidebar-layout":"default","site-content-layout":"default","ast-global-header-display":"","ast-main-header-display":"","ast-hfb-above-header-display":"","ast-hfb-below-header-display":"","ast-hfb-mobile-header-display":"","site-post-title":"","ast-breadcrumbs-content":"","ast-featured-img":"","footer-sml-layout":"","theme-transparent-header-meta":"","adv-header-id-meta":"","stick-header-meta":"","header-above-stick-meta":"","header-main-stick-meta":"","header-below-stick-meta":"","footnotes":"","jetpack_publicize_message":"","jetpack_is_tweetstorm":false,"jetpack_publicize_feature_enabled":true},"categories":[22],"tags":[],"jetpack_publicize_connections":[],"acf":[],"aioseo_notices":[],"yoast_head":"<!-- This site is optimized with the Yoast SEO plugin v19.6.1 - https:\/\/yoast.com\/wordpress\/plugins\/seo\/ -->\n<title>Prix PAFED 2022\u00a0: Dan Nicoco est revenu avec deux prix - 7culture<\/title>\n<meta name=\"robots\" content=\"index, follow, max-snippet:-1, max-image-preview:large, max-video-preview:-1\" \/>\n<link rel=\"canonical\" href=\"https:\/\/7culture.ci\/index.php\/2022\/08\/16\/prix-pafed-2022-dan-nicoco-est-revenu-avec-deux-prix\/\" \/>\n<meta property=\"og:locale\" content=\"fr_FR\" \/>\n<meta property=\"og:type\" content=\"article\" \/>\n<meta property=\"og:title\" content=\"Prix PAFED 2022\u00a0: Dan Nicoco est revenu avec deux prix - 7culture\" \/>\n<meta property=\"og:description\" content=\"Organis\u00e9 par le R\u00e9seau des Professionnels de la Communication pour l\u2019Int\u00e9gration Africaine(REPCIAF) le samedi 13 ao\u00fbt dernier \u00e0 l\u2019H\u00f4tel Pr\u00e9sident de Yamoussoukro, le 21e &#8221;D\u00eener-Gala des Grands B\u00e2tisseurs de l&#8217;\u00c9mergence Africaine\u2019\u2019 a doublement souri \u00e0 M. Nicoco Dan Gondo. Le jeune entrepreneur et directeur g\u00e9n\u00e9ral de SOFINEL SARL &nbsp;\u00e9tait \u00e0 cette soir\u00e9e pour recevoir le &hellip; Prix PAFED 2022\u00a0: Dan Nicoco est revenu avec deux prix Lire la suite\u00a0\u00bb\" \/>\n<meta property=\"og:url\" content=\"https:\/\/7culture.ci\/index.php\/2022\/08\/16\/prix-pafed-2022-dan-nicoco-est-revenu-avec-deux-prix\/\" \/>\n<meta property=\"og:site_name\" content=\"7culture\" \/>\n<meta property=\"article:publisher\" content=\"https:\/\/www.facebook.com\/redchefclaude\" \/>\n<meta property=\"article:published_time\" content=\"2022-08-16T17:48:53+00:00\" \/>\n<meta property=\"article:modified_time\" content=\"2022-08-16T18:24:08+00:00\" \/>\n<meta property=\"og:image\" content=\"http:\/\/7culture.ci\/wp-content\/uploads\/2022\/08\/WhatsApp-Image-2022-08-16-at-15.23.58.jpeg\" \/>\n\t<meta property=\"og:image:width\" content=\"1024\" \/>\n\t<meta property=\"og:image:height\" content=\"768\" \/>\n\t<meta property=\"og:image:type\" content=\"image\/jpeg\" \/>\n<meta name=\"author\" content=\"7culture2020\" \/>\n<meta name=\"twitter:card\" content=\"summary_large_image\" \/>\n<meta name=\"twitter:creator\" content=\"@7culturec\" \/>\n<meta name=\"twitter:site\" content=\"@7culturec\" \/>\n<meta name=\"twitter:label1\" content=\"\u00c9crit par\" \/>\n\t<meta name=\"twitter:data1\" content=\"7culture2020\" \/>\n\t<meta name=\"twitter:label2\" content=\"Dur\u00e9e de lecture estim\u00e9e\" \/>\n\t<meta name=\"twitter:data2\" content=\"3 minutes\" \/>\n<script type=\"application\/ld+json\" class=\"yoast-schema-graph\">{\"@context\":\"https:\/\/schema.org\",\"@graph\":[{\"@type\":\"Article\",\"@id\":\"https:\/\/7culture.ci\/index.php\/2022\/08\/16\/prix-pafed-2022-dan-nicoco-est-revenu-avec-deux-prix\/#article\",\"isPartOf\":{\"@id\":\"https:\/\/7culture.ci\/index.php\/2022\/08\/16\/prix-pafed-2022-dan-nicoco-est-revenu-avec-deux-prix\/\"},\"author\":{\"name\":\"7culture2020\",\"@id\":\"https:\/\/7culture.ci\/#\/schema\/person\/16150d28d7ef66ba788c1f87f28c4426\"},\"headline\":\"Prix PAFED 2022\u00a0: Dan Nicoco est revenu avec deux prix\",\"datePublished\":\"2022-08-16T17:48:53+00:00\",\"dateModified\":\"2022-08-16T18:24:08+00:00\",\"mainEntityOfPage\":{\"@id\":\"https:\/\/7culture.ci\/index.php\/2022\/08\/16\/prix-pafed-2022-dan-nicoco-est-revenu-avec-deux-prix\/\"},\"wordCount\":533,\"commentCount\":0,\"publisher\":{\"@id\":\"https:\/\/7culture.ci\/#organization\"},\"articleSection\":[\"Actualit\u00e9\"],\"inLanguage\":\"fr-FR\",\"potentialAction\":[{\"@type\":\"CommentAction\",\"name\":\"Comment\",\"target\":[\"https:\/\/7culture.ci\/index.php\/2022\/08\/16\/prix-pafed-2022-dan-nicoco-est-revenu-avec-deux-prix\/#respond\"]}]},{\"@type\":\"WebPage\",\"@id\":\"https:\/\/7culture.ci\/index.php\/2022\/08\/16\/prix-pafed-2022-dan-nicoco-est-revenu-avec-deux-prix\/\",\"url\":\"https:\/\/7culture.ci\/index.php\/2022\/08\/16\/prix-pafed-2022-dan-nicoco-est-revenu-avec-deux-prix\/\",\"name\":\"Prix PAFED 2022\u00a0: Dan Nicoco est revenu avec deux prix - 7culture\",\"isPartOf\":{\"@id\":\"https:\/\/7culture.ci\/#website\"},\"datePublished\":\"2022-08-16T17:48:53+00:00\",\"dateModified\":\"2022-08-16T18:24:08+00:00\",\"breadcrumb\":{\"@id\":\"https:\/\/7culture.ci\/index.php\/2022\/08\/16\/prix-pafed-2022-dan-nicoco-est-revenu-avec-deux-prix\/#breadcrumb\"},\"inLanguage\":\"fr-FR\",\"potentialAction\":[{\"@type\":\"ReadAction\",\"target\":[\"https:\/\/7culture.ci\/index.php\/2022\/08\/16\/prix-pafed-2022-dan-nicoco-est-revenu-avec-deux-prix\/\"]}]},{\"@type\":\"BreadcrumbList\",\"@id\":\"https:\/\/7culture.ci\/index.php\/2022\/08\/16\/prix-pafed-2022-dan-nicoco-est-revenu-avec-deux-prix\/#breadcrumb\",\"itemListElement\":[{\"@type\":\"ListItem\",\"position\":1,\"name\":\"Accueil\",\"item\":\"https:\/\/7culture.ci\/\"},{\"@type\":\"ListItem\",\"position\":2,\"name\":\"Prix PAFED 2022\u00a0: Dan Nicoco est revenu avec deux prix\"}]},{\"@type\":\"WebSite\",\"@id\":\"https:\/\/7culture.ci\/#website\",\"url\":\"https:\/\/7culture.ci\/\",\"name\":\"7culture\",\"description\":\"Tout sur l&#039;actualit\u00e9\",\"publisher\":{\"@id\":\"https:\/\/7culture.ci\/#organization\"},\"potentialAction\":[{\"@type\":\"SearchAction\",\"target\":{\"@type\":\"EntryPoint\",\"urlTemplate\":\"https:\/\/7culture.ci\/?s={search_term_string}\"},\"query-input\":\"required name=search_term_string\"}],\"inLanguage\":\"fr-FR\"},{\"@type\":\"Organization\",\"@id\":\"https:\/\/7culture.ci\/#organization\",\"name\":\"7culture\",\"url\":\"https:\/\/7culture.ci\/\",\"sameAs\":[\"https:\/\/www.facebook.com\/redchefclaude\",\"https:\/\/twitter.com\/7culturec\"],\"logo\":{\"@type\":\"ImageObject\",\"inLanguage\":\"fr-FR\",\"@id\":\"https:\/\/7culture.ci\/#\/schema\/logo\/image\/\",\"url\":\"https:\/\/7culture.ci\/wp-content\/uploads\/2021\/12\/S1a-1.png\",\"contentUrl\":\"https:\/\/7culture.ci\/wp-content\/uploads\/2021\/12\/S1a-1.png\",\"width\":588,\"height\":192,\"caption\":\"7culture\"},\"image\":{\"@id\":\"https:\/\/7culture.ci\/#\/schema\/logo\/image\/\"}},{\"@type\":\"Person\",\"@id\":\"https:\/\/7culture.ci\/#\/schema\/person\/16150d28d7ef66ba788c1f87f28c4426\",\"name\":\"7culture2020\",\"image\":{\"@type\":\"ImageObject\",\"inLanguage\":\"fr-FR\",\"@id\":\"https:\/\/7culture.ci\/#\/schema\/person\/image\/\",\"url\":\"https:\/\/secure.gravatar.com\/avatar\/9a0784f951306c37bcd065f52844ef95?s=96&d=mm&r=g\",\"contentUrl\":\"https:\/\/secure.gravatar.com\/avatar\/9a0784f951306c37bcd065f52844ef95?s=96&d=mm&r=g\",\"caption\":\"7culture2020\"},\"sameAs\":[\"http:\/\/7culture.ci\",\"Claude.kipre\"],\"url\":\"https:\/\/7culture.ci\/index.php\/author\/7culture2020\/\"}]}<\/script>\n<!-- \/ Yoast SEO plugin. -->","yoast_head_json":{"title":"Prix PAFED 2022\u00a0: Dan Nicoco est revenu avec deux prix - 7culture","robots":{"index":"index","follow":"follow","max-snippet":"max-snippet:-1","max-image-preview":"max-image-preview:large","max-video-preview":"max-video-preview:-1"},"canonical":"https:\/\/7culture.ci\/index.php\/2022\/08\/16\/prix-pafed-2022-dan-nicoco-est-revenu-avec-deux-prix\/","og_locale":"fr_FR","og_type":"article","og_title":"Prix PAFED 2022\u00a0: Dan Nicoco est revenu avec deux prix - 7culture","og_description":"Organis\u00e9 par le R\u00e9seau des Professionnels de la Communication pour l\u2019Int\u00e9gration Africaine(REPCIAF) le samedi 13 ao\u00fbt dernier \u00e0 l\u2019H\u00f4tel Pr\u00e9sident de Yamoussoukro, le 21e &#8221;D\u00eener-Gala des Grands B\u00e2tisseurs de l&#8217;\u00c9mergence Africaine\u2019\u2019 a doublement souri \u00e0 M. Nicoco Dan Gondo. Le jeune entrepreneur et directeur g\u00e9n\u00e9ral de SOFINEL SARL &nbsp;\u00e9tait \u00e0 cette soir\u00e9e pour recevoir le &hellip; Prix PAFED 2022\u00a0: Dan Nicoco est revenu avec deux prix Lire la suite\u00a0\u00bb","og_url":"https:\/\/7culture.ci\/index.php\/2022\/08\/16\/prix-pafed-2022-dan-nicoco-est-revenu-avec-deux-prix\/","og_site_name":"7culture","article_publisher":"https:\/\/www.facebook.com\/redchefclaude","article_published_time":"2022-08-16T17:48:53+00:00","article_modified_time":"2022-08-16T18:24:08+00:00","og_image":[{"width":1024,"height":768,"url":"http:\/\/7culture.ci\/wp-content\/uploads\/2022\/08\/WhatsApp-Image-2022-08-16-at-15.23.58.jpeg","type":"image\/jpeg"}],"author":"7culture2020","twitter_card":"summary_large_image","twitter_creator":"@7culturec","twitter_site":"@7culturec","twitter_misc":{"\u00c9crit par":"7culture2020","Dur\u00e9e de lecture estim\u00e9e":"3 minutes"},"schema":{"@context":"https:\/\/schema.org","@graph":[{"@type":"Article","@id":"https:\/\/7culture.ci\/index.php\/2022\/08\/16\/prix-pafed-2022-dan-nicoco-est-revenu-avec-deux-prix\/#article","isPartOf":{"@id":"https:\/\/7culture.ci\/index.php\/2022\/08\/16\/prix-pafed-2022-dan-nicoco-est-revenu-avec-deux-prix\/"},"author":{"name":"7culture2020","@id":"https:\/\/7culture.ci\/#\/schema\/person\/16150d28d7ef66ba788c1f87f28c4426"},"headline":"Prix PAFED 2022\u00a0: Dan Nicoco est revenu avec deux prix","datePublished":"2022-08-16T17:48:53+00:00","dateModified":"2022-08-16T18:24:08+00:00","mainEntityOfPage":{"@id":"https:\/\/7culture.ci\/index.php\/2022\/08\/16\/prix-pafed-2022-dan-nicoco-est-revenu-avec-deux-prix\/"},"wordCount":533,"commentCount":0,"publisher":{"@id":"https:\/\/7culture.ci\/#organization"},"articleSection":["Actualit\u00e9"],"inLanguage":"fr-FR","potentialAction":[{"@type":"CommentAction","name":"Comment","target":["https:\/\/7culture.ci\/index.php\/2022\/08\/16\/prix-pafed-2022-dan-nicoco-est-revenu-avec-deux-prix\/#respond"]}]},{"@type":"WebPage","@id":"https:\/\/7culture.ci\/index.php\/2022\/08\/16\/prix-pafed-2022-dan-nicoco-est-revenu-avec-deux-prix\/","url":"https:\/\/7culture.ci\/index.php\/2022\/08\/16\/prix-pafed-2022-dan-nicoco-est-revenu-avec-deux-prix\/","name":"Prix PAFED 2022\u00a0: Dan Nicoco est revenu avec deux prix - 7culture","isPartOf":{"@id":"https:\/\/7culture.ci\/#website"},"datePublished":"2022-08-16T17:48:53+00:00","dateModified":"2022-08-16T18:24:08+00:00","breadcrumb":{"@id":"https:\/\/7culture.ci\/index.php\/2022\/08\/16\/prix-pafed-2022-dan-nicoco-est-revenu-avec-deux-prix\/#breadcrumb"},"inLanguage":"fr-FR","potentialAction":[{"@type":"ReadAction","target":["https:\/\/7culture.ci\/index.php\/2022\/08\/16\/prix-pafed-2022-dan-nicoco-est-revenu-avec-deux-prix\/"]}]},{"@type":"BreadcrumbList","@id":"https:\/\/7culture.ci\/index.php\/2022\/08\/16\/prix-pafed-2022-dan-nicoco-est-revenu-avec-deux-prix\/#breadcrumb","itemListElement":[{"@type":"ListItem","position":1,"name":"Accueil","item":"https:\/\/7culture.ci\/"},{"@type":"ListItem","position":2,"name":"Prix PAFED 2022\u00a0: Dan Nicoco est revenu avec deux prix"}]},{"@type":"WebSite","@id":"https:\/\/7culture.ci\/#website","url":"https:\/\/7culture.ci\/","name":"7culture","description":"Tout sur l&#039;actualit\u00e9","publisher":{"@id":"https:\/\/7culture.ci\/#organization"},"potentialAction":[{"@type":"SearchAction","target":{"@type":"EntryPoint","urlTemplate":"https:\/\/7culture.ci\/?s={search_term_string}"},"query-input":"required name=search_term_string"}],"inLanguage":"fr-FR"},{"@type":"Organization","@id":"https:\/\/7culture.ci\/#organization","name":"7culture","url":"https:\/\/7culture.ci\/","sameAs":["https:\/\/www.facebook.com\/redchefclaude","https:\/\/twitter.com\/7culturec"],"logo":{"@type":"ImageObject","inLanguage":"fr-FR","@id":"https:\/\/7culture.ci\/#\/schema\/logo\/image\/","url":"https:\/\/7culture.ci\/wp-content\/uploads\/2021\/12\/S1a-1.png","contentUrl":"https:\/\/7culture.ci\/wp-content\/uploads\/2021\/12\/S1a-1.png","width":588,"height":192,"caption":"7culture"},"image":{"@id":"https:\/\/7culture.ci\/#\/schema\/logo\/image\/"}},{"@type":"Person","@id":"https:\/\/7culture.ci\/#\/schema\/person\/16150d28d7ef66ba788c1f87f28c4426","name":"7culture2020","image":{"@type":"ImageObject","inLanguage":"fr-FR","@id":"https:\/\/7culture.ci\/#\/schema\/person\/image\/","url":"https:\/\/secure.gravatar.com\/avatar\/9a0784f951306c37bcd065f52844ef95?s=96&d=mm&r=g","contentUrl":"https:\/\/secure.gravatar.com\/avatar\/9a0784f951306c37bcd065f52844ef95?s=96&d=mm&r=g","caption":"7culture2020"},"sameAs":["http:\/\/7culture.ci","Claude.kipre"],"url":"https:\/\/7culture.ci\/index.php\/author\/7culture2020\/"}]}},"jetpack_featured_media_url":"https:\/\/7culture.ci\/wp-content\/uploads\/2022\/08\/WhatsApp-Image-2022-08-16-at-15.23.58.jpeg","jetpack_likes_enabled":true,"jetpack_sharing_enabled":true,"_links":{"self":[{"href":"https:\/\/7culture.ci\/index.php\/wp-json\/wp\/v2\/posts\/23300"}],"collection":[{"href":"https:\/\/7culture.ci\/index.php\/wp-json\/wp\/v2\/posts"}],"about":[{"href":"https:\/\/7culture.ci\/index.php\/wp-json\/wp\/v2\/types\/post"}],"author":[{"embeddable":true,"href":"https:\/\/7culture.ci\/index.php\/wp-json\/wp\/v2\/users\/1"}],"replies":[{"embeddable":true,"href":"https:\/\/7culture.ci\/index.php\/wp-json\/wp\/v2\/comments?post=23300"}],"version-history":[{"count":0,"href":"https:\/\/7culture.ci\/index.php\/wp-json\/wp\/v2\/posts\/23300\/revisions"}],"wp:featuredmedia":[{"embeddable":true,"href":"https:\/\/7culture.ci\/index.php\/wp-json\/wp\/v2\/media\/23301"}],"wp:attachment":[{"href":"https:\/\/7culture.ci\/index.php\/wp-json\/wp\/v2\/media?parent=23300"}],"wp:term":[{"taxonomy":"category","embeddable":true,"href":"https:\/\/7culture.ci\/index.php\/wp-json\/wp\/v2\/categories?post=23300"},{"taxonomy":"post_tag","embeddable":true,"href":"https:\/\/7culture.ci\/index.php\/wp-json\/wp\/v2\/tags?post=23300"}],"curies":[{"name":"wp","href":"https:\/\/api.w.org\/{rel}","templated":true}]}}