{"id":23295,"date":"2022-08-16T15:21:48","date_gmt":"2022-08-16T13:21:48","guid":{"rendered":"https:\/\/7culture.ci\/?p=23295"},"modified":"2022-08-16T19:51:38","modified_gmt":"2022-08-16T17:51:38","slug":"gims-lautre-representant-de-la-france-a-la-coupe-du-monde-de-football-au-qatar","status":"publish","type":"post","link":"https:\/\/7culture.ci\/index.php\/2022\/08\/16\/gims-lautre-representant-de-la-france-a-la-coupe-du-monde-de-football-au-qatar\/","title":{"rendered":"Gims, l&#8217;autre repr\u00e9sentant de la France \u00e0 la coupe du monde de football au Qatar"},"content":{"rendered":"\n<p><strong><em>La coupe du monde masculine de football se tiendra au Qatar du 21 novembre au 18 d\u00e9cembre 2022. Comme \u00e0 chaque \u00e9dition depuis un moment, il y aura un hymne officiel. Gims, le rappeur fran\u00e7ais, est dans le coup cette fois-ci.<\/em><\/strong><\/p>\n\n\n\n<p>Le rappeur fran\u00e7ais d\u2019origine congolaise, Gims, a \u00e9t\u00e9 d\u00e9sign\u00e9 pour r\u00e9aliser l\u2019hymne de la coupe du monde masculine de football qui se d\u00e9roulera au Qatar en fin d\u2019ann\u00e9e 2022. Sur cet hymne, Gims est en collaboration avec la star de la musique latino, Ozuna. Les deux artistes auront la lourde t\u00e2che \u2018\u2019d\u2019ambiancer\u2019\u2019 les fans du ballon rond lors de cette coupe intercontinentale. Ce morceau intitul\u00e9 \u2018\u2019<em>Arhabo<\/em>\u2019\u2019 est d\u00e9j\u00e0 clipp\u00e9 et la sortie est imminente. &nbsp;Un extrait du titre a \u00e9t\u00e9 post\u00e9 sur le compte twitter de la coupe du monde.<\/p>\n\n\n\n<figure class=\"wp-block-gallery has-nested-images columns-default is-cropped wp-block-gallery-1 is-layout-flex wp-block-gallery-is-layout-flex\">\n<figure class=\"wp-block-image size-large\"><img loading=\"lazy\" decoding=\"async\" width=\"715\" height=\"894\" data-id=\"23298\" src=\"https:\/\/7culture.ci\/wp-content\/uploads\/2022\/08\/WhatsApp-Image-2022-08-16-at-12.33.06-1.jpeg\" alt=\"\" class=\"wp-image-23298\" srcset=\"https:\/\/7culture.ci\/wp-content\/uploads\/2022\/08\/WhatsApp-Image-2022-08-16-at-12.33.06-1.jpeg 715w, https:\/\/7culture.ci\/wp-content\/uploads\/2022\/08\/WhatsApp-Image-2022-08-16-at-12.33.06-1-240x300.jpeg 240w\" sizes=\"(max-width: 715px) 100vw, 715px\" \/><\/figure>\n\n\n\n<figure class=\"wp-block-image size-large\"><img loading=\"lazy\" decoding=\"async\" width=\"715\" height=\"733\" data-id=\"23297\" src=\"https:\/\/7culture.ci\/wp-content\/uploads\/2022\/08\/WhatsApp-Image-2022-08-16-at-13.08.14.jpeg\" alt=\"\" class=\"wp-image-23297\" srcset=\"https:\/\/7culture.ci\/wp-content\/uploads\/2022\/08\/WhatsApp-Image-2022-08-16-at-13.08.14.jpeg 715w, https:\/\/7culture.ci\/wp-content\/uploads\/2022\/08\/WhatsApp-Image-2022-08-16-at-13.08.14-293x300.jpeg 293w\" sizes=\"(max-width: 715px) 100vw, 715px\" \/><\/figure>\n<\/figure>\n\n\n\n<p>Gims devient le premier artiste fran\u00e7ais \u00e0 interpr\u00e9ter l\u2019hymne d\u2019une coupe du monde de football. Un nouveau d\u00e9fi pour le natif de Kinshasa qui verra sa musique jouer dans tous les stades qatariens pendant la dur\u00e9e de la comp\u00e9tition.<\/p>\n\n\n\n<p>Thierry Samuel<\/p>\n","protected":false},"excerpt":{"rendered":"<p>La coupe du monde masculine de football se tiendra au Qatar du 21 novembre au 18 d\u00e9cembre 2022. Comme \u00e0 chaque \u00e9dition depuis un moment, il y aura un hymne officiel. Gims, le rappeur fran\u00e7ais, est dans le coup cette fois-ci. Le rappeur fran\u00e7ais d\u2019origine congolaise, Gims, a \u00e9t\u00e9 d\u00e9sign\u00e9 pour r\u00e9aliser l\u2019hymne de la &hellip;<\/p>\n<p class=\"read-more\"> <a class=\"\" href=\"https:\/\/7culture.ci\/index.php\/2022\/08\/16\/gims-lautre-representant-de-la-france-a-la-coupe-du-monde-de-football-au-qatar\/\"> <span class=\"screen-reader-text\">Gims, l&#8217;autre repr\u00e9sentant de la France \u00e0 la coupe du monde de football au Qatar<\/span> Lire la suite\u00a0\u00bb<\/a><\/p>\n","protected":false},"author":1,"featured_media":23296,"comment_status":"open","ping_status":"open","sticky":false,"template":"","format":"standard","meta":{"_mi_skip_tracking":false,"_monsterinsights_sitenote_active":false,"_monsterinsights_sitenote_note":"","_monsterinsights_sitenote_category":0,"site-sidebar-layout":"default","site-content-layout":"default","ast-global-header-display":"","ast-main-header-display":"","ast-hfb-above-header-display":"","ast-hfb-below-header-display":"","ast-hfb-mobile-header-display":"","site-post-title":"","ast-breadcrumbs-content":"","ast-featured-img":"","footer-sml-layout":"","theme-transparent-header-meta":"","adv-header-id-meta":"","stick-header-meta":"","header-above-stick-meta":"","header-main-stick-meta":"","header-below-stick-meta":"","footnotes":"","jetpack_publicize_message":"","jetpack_is_tweetstorm":false,"jetpack_publicize_feature_enabled":true},"categories":[16],"tags":[],"jetpack_publicize_connections":[],"acf":[],"aioseo_notices":[],"yoast_head":"<!-- This site is optimized with the Yoast SEO plugin v19.6.1 - https:\/\/yoast.com\/wordpress\/plugins\/seo\/ -->\n<title>Gims, l&#039;autre repr\u00e9sentant de la France \u00e0 la coupe du monde de football au Qatar -<\/title>\n<meta name=\"robots\" content=\"index, follow, max-snippet:-1, max-image-preview:large, max-video-preview:-1\" \/>\n<link rel=\"canonical\" href=\"https:\/\/7culture.ci\/index.php\/2022\/08\/16\/gims-lautre-representant-de-la-france-a-la-coupe-du-monde-de-football-au-qatar\/\" \/>\n<meta property=\"og:locale\" content=\"fr_FR\" \/>\n<meta property=\"og:type\" content=\"article\" \/>\n<meta property=\"og:title\" content=\"Gims, l&#039;autre repr\u00e9sentant de la France \u00e0 la coupe du monde de football au Qatar -\" \/>\n<meta property=\"og:description\" content=\"La coupe du monde masculine de football se tiendra au Qatar du 21 novembre au 18 d\u00e9cembre 2022. Comme \u00e0 chaque \u00e9dition depuis un moment, il y aura un hymne officiel. Gims, le rappeur fran\u00e7ais, est dans le coup cette fois-ci. Le rappeur fran\u00e7ais d\u2019origine congolaise, Gims, a \u00e9t\u00e9 d\u00e9sign\u00e9 pour r\u00e9aliser l\u2019hymne de la &hellip; Gims, l&#8217;autre repr\u00e9sentant de la France \u00e0 la coupe du monde de football au Qatar Lire la suite\u00a0\u00bb\" \/>\n<meta property=\"og:url\" content=\"https:\/\/7culture.ci\/index.php\/2022\/08\/16\/gims-lautre-representant-de-la-france-a-la-coupe-du-monde-de-football-au-qatar\/\" \/>\n<meta property=\"og:site_name\" content=\"7culture\" \/>\n<meta property=\"article:publisher\" content=\"https:\/\/www.facebook.com\/redchefclaude\" \/>\n<meta property=\"article:published_time\" content=\"2022-08-16T13:21:48+00:00\" \/>\n<meta property=\"article:modified_time\" content=\"2022-08-16T17:51:38+00:00\" \/>\n<meta property=\"og:image\" content=\"http:\/\/7culture.ci\/wp-content\/uploads\/2022\/08\/gims1.jpeg\" \/>\n\t<meta property=\"og:image:width\" content=\"639\" \/>\n\t<meta property=\"og:image:height\" content=\"517\" \/>\n\t<meta property=\"og:image:type\" content=\"image\/jpeg\" \/>\n<meta name=\"author\" content=\"7culture2020\" \/>\n<meta name=\"twitter:card\" content=\"summary_large_image\" \/>\n<meta name=\"twitter:creator\" content=\"@7culturec\" \/>\n<meta name=\"twitter:site\" content=\"@7culturec\" \/>\n<meta name=\"twitter:label1\" content=\"\u00c9crit par\" \/>\n\t<meta name=\"twitter:data1\" content=\"7culture2020\" \/>\n\t<meta name=\"twitter:label2\" content=\"Dur\u00e9e de lecture estim\u00e9e\" \/>\n\t<meta name=\"twitter:data2\" content=\"2 minutes\" \/>\n<script type=\"application\/ld+json\" class=\"yoast-schema-graph\">{\"@context\":\"https:\/\/schema.org\",\"@graph\":[{\"@type\":\"Article\",\"@id\":\"https:\/\/7culture.ci\/index.php\/2022\/08\/16\/gims-lautre-representant-de-la-france-a-la-coupe-du-monde-de-football-au-qatar\/#article\",\"isPartOf\":{\"@id\":\"https:\/\/7culture.ci\/index.php\/2022\/08\/16\/gims-lautre-representant-de-la-france-a-la-coupe-du-monde-de-football-au-qatar\/\"},\"author\":{\"name\":\"7culture2020\",\"@id\":\"https:\/\/7culture.ci\/#\/schema\/person\/16150d28d7ef66ba788c1f87f28c4426\"},\"headline\":\"Gims, l&#8217;autre repr\u00e9sentant de la France \u00e0 la coupe du monde de football au Qatar\",\"datePublished\":\"2022-08-16T13:21:48+00:00\",\"dateModified\":\"2022-08-16T17:51:38+00:00\",\"mainEntityOfPage\":{\"@id\":\"https:\/\/7culture.ci\/index.php\/2022\/08\/16\/gims-lautre-representant-de-la-france-a-la-coupe-du-monde-de-football-au-qatar\/\"},\"wordCount\":202,\"commentCount\":0,\"publisher\":{\"@id\":\"https:\/\/7culture.ci\/#organization\"},\"articleSection\":[\"Musique\"],\"inLanguage\":\"fr-FR\",\"potentialAction\":[{\"@type\":\"CommentAction\",\"name\":\"Comment\",\"target\":[\"https:\/\/7culture.ci\/index.php\/2022\/08\/16\/gims-lautre-representant-de-la-france-a-la-coupe-du-monde-de-football-au-qatar\/#respond\"]}]},{\"@type\":\"WebPage\",\"@id\":\"https:\/\/7culture.ci\/index.php\/2022\/08\/16\/gims-lautre-representant-de-la-france-a-la-coupe-du-monde-de-football-au-qatar\/\",\"url\":\"https:\/\/7culture.ci\/index.php\/2022\/08\/16\/gims-lautre-representant-de-la-france-a-la-coupe-du-monde-de-football-au-qatar\/\",\"name\":\"Gims, l'autre repr\u00e9sentant de la France \u00e0 la coupe du monde de football au Qatar -\",\"isPartOf\":{\"@id\":\"https:\/\/7culture.ci\/#website\"},\"datePublished\":\"2022-08-16T13:21:48+00:00\",\"dateModified\":\"2022-08-16T17:51:38+00:00\",\"breadcrumb\":{\"@id\":\"https:\/\/7culture.ci\/index.php\/2022\/08\/16\/gims-lautre-representant-de-la-france-a-la-coupe-du-monde-de-football-au-qatar\/#breadcrumb\"},\"inLanguage\":\"fr-FR\",\"potentialAction\":[{\"@type\":\"ReadAction\",\"target\":[\"https:\/\/7culture.ci\/index.php\/2022\/08\/16\/gims-lautre-representant-de-la-france-a-la-coupe-du-monde-de-football-au-qatar\/\"]}]},{\"@type\":\"BreadcrumbList\",\"@id\":\"https:\/\/7culture.ci\/index.php\/2022\/08\/16\/gims-lautre-representant-de-la-france-a-la-coupe-du-monde-de-football-au-qatar\/#breadcrumb\",\"itemListElement\":[{\"@type\":\"ListItem\",\"position\":1,\"name\":\"Accueil\",\"item\":\"https:\/\/7culture.ci\/\"},{\"@type\":\"ListItem\",\"position\":2,\"name\":\"Gims, l&rsquo;autre repr\u00e9sentant de la France \u00e0 la coupe du monde de football au Qatar\"}]},{\"@type\":\"WebSite\",\"@id\":\"https:\/\/7culture.ci\/#website\",\"url\":\"https:\/\/7culture.ci\/\",\"name\":\"7culture\",\"description\":\"Tout sur l&#039;actualit\u00e9\",\"publisher\":{\"@id\":\"https:\/\/7culture.ci\/#organization\"},\"potentialAction\":[{\"@type\":\"SearchAction\",\"target\":{\"@type\":\"EntryPoint\",\"urlTemplate\":\"https:\/\/7culture.ci\/?s={search_term_string}\"},\"query-input\":\"required name=search_term_string\"}],\"inLanguage\":\"fr-FR\"},{\"@type\":\"Organization\",\"@id\":\"https:\/\/7culture.ci\/#organization\",\"name\":\"7culture\",\"url\":\"https:\/\/7culture.ci\/\",\"sameAs\":[\"https:\/\/www.facebook.com\/redchefclaude\",\"https:\/\/twitter.com\/7culturec\"],\"logo\":{\"@type\":\"ImageObject\",\"inLanguage\":\"fr-FR\",\"@id\":\"https:\/\/7culture.ci\/#\/schema\/logo\/image\/\",\"url\":\"https:\/\/7culture.ci\/wp-content\/uploads\/2021\/12\/S1a-1.png\",\"contentUrl\":\"https:\/\/7culture.ci\/wp-content\/uploads\/2021\/12\/S1a-1.png\",\"width\":588,\"height\":192,\"caption\":\"7culture\"},\"image\":{\"@id\":\"https:\/\/7culture.ci\/#\/schema\/logo\/image\/\"}},{\"@type\":\"Person\",\"@id\":\"https:\/\/7culture.ci\/#\/schema\/person\/16150d28d7ef66ba788c1f87f28c4426\",\"name\":\"7culture2020\",\"image\":{\"@type\":\"ImageObject\",\"inLanguage\":\"fr-FR\",\"@id\":\"https:\/\/7culture.ci\/#\/schema\/person\/image\/\",\"url\":\"https:\/\/secure.gravatar.com\/avatar\/9a0784f951306c37bcd065f52844ef95?s=96&d=mm&r=g\",\"contentUrl\":\"https:\/\/secure.gravatar.com\/avatar\/9a0784f951306c37bcd065f52844ef95?s=96&d=mm&r=g\",\"caption\":\"7culture2020\"},\"sameAs\":[\"http:\/\/7culture.ci\",\"Claude.kipre\"],\"url\":\"https:\/\/7culture.ci\/index.php\/author\/7culture2020\/\"}]}<\/script>\n<!-- \/ Yoast SEO plugin. -->","yoast_head_json":{"title":"Gims, l'autre repr\u00e9sentant de la France \u00e0 la coupe du monde de football au Qatar -","robots":{"index":"index","follow":"follow","max-snippet":"max-snippet:-1","max-image-preview":"max-image-preview:large","max-video-preview":"max-video-preview:-1"},"canonical":"https:\/\/7culture.ci\/index.php\/2022\/08\/16\/gims-lautre-representant-de-la-france-a-la-coupe-du-monde-de-football-au-qatar\/","og_locale":"fr_FR","og_type":"article","og_title":"Gims, l'autre repr\u00e9sentant de la France \u00e0 la coupe du monde de football au Qatar -","og_description":"La coupe du monde masculine de football se tiendra au Qatar du 21 novembre au 18 d\u00e9cembre 2022. Comme \u00e0 chaque \u00e9dition depuis un moment, il y aura un hymne officiel. Gims, le rappeur fran\u00e7ais, est dans le coup cette fois-ci. Le rappeur fran\u00e7ais d\u2019origine congolaise, Gims, a \u00e9t\u00e9 d\u00e9sign\u00e9 pour r\u00e9aliser l\u2019hymne de la &hellip; Gims, l&#8217;autre repr\u00e9sentant de la France \u00e0 la coupe du monde de football au Qatar Lire la suite\u00a0\u00bb","og_url":"https:\/\/7culture.ci\/index.php\/2022\/08\/16\/gims-lautre-representant-de-la-france-a-la-coupe-du-monde-de-football-au-qatar\/","og_site_name":"7culture","article_publisher":"https:\/\/www.facebook.com\/redchefclaude","article_published_time":"2022-08-16T13:21:48+00:00","article_modified_time":"2022-08-16T17:51:38+00:00","og_image":[{"width":639,"height":517,"url":"http:\/\/7culture.ci\/wp-content\/uploads\/2022\/08\/gims1.jpeg","type":"image\/jpeg"}],"author":"7culture2020","twitter_card":"summary_large_image","twitter_creator":"@7culturec","twitter_site":"@7culturec","twitter_misc":{"\u00c9crit par":"7culture2020","Dur\u00e9e de lecture estim\u00e9e":"2 minutes"},"schema":{"@context":"https:\/\/schema.org","@graph":[{"@type":"Article","@id":"https:\/\/7culture.ci\/index.php\/2022\/08\/16\/gims-lautre-representant-de-la-france-a-la-coupe-du-monde-de-football-au-qatar\/#article","isPartOf":{"@id":"https:\/\/7culture.ci\/index.php\/2022\/08\/16\/gims-lautre-representant-de-la-france-a-la-coupe-du-monde-de-football-au-qatar\/"},"author":{"name":"7culture2020","@id":"https:\/\/7culture.ci\/#\/schema\/person\/16150d28d7ef66ba788c1f87f28c4426"},"headline":"Gims, l&#8217;autre repr\u00e9sentant de la France \u00e0 la coupe du monde de football au Qatar","datePublished":"2022-08-16T13:21:48+00:00","dateModified":"2022-08-16T17:51:38+00:00","mainEntityOfPage":{"@id":"https:\/\/7culture.ci\/index.php\/2022\/08\/16\/gims-lautre-representant-de-la-france-a-la-coupe-du-monde-de-football-au-qatar\/"},"wordCount":202,"commentCount":0,"publisher":{"@id":"https:\/\/7culture.ci\/#organization"},"articleSection":["Musique"],"inLanguage":"fr-FR","potentialAction":[{"@type":"CommentAction","name":"Comment","target":["https:\/\/7culture.ci\/index.php\/2022\/08\/16\/gims-lautre-representant-de-la-france-a-la-coupe-du-monde-de-football-au-qatar\/#respond"]}]},{"@type":"WebPage","@id":"https:\/\/7culture.ci\/index.php\/2022\/08\/16\/gims-lautre-representant-de-la-france-a-la-coupe-du-monde-de-football-au-qatar\/","url":"https:\/\/7culture.ci\/index.php\/2022\/08\/16\/gims-lautre-representant-de-la-france-a-la-coupe-du-monde-de-football-au-qatar\/","name":"Gims, l'autre repr\u00e9sentant de la France \u00e0 la coupe du monde de football au Qatar -","isPartOf":{"@id":"https:\/\/7culture.ci\/#website"},"datePublished":"2022-08-16T13:21:48+00:00","dateModified":"2022-08-16T17:51:38+00:00","breadcrumb":{"@id":"https:\/\/7culture.ci\/index.php\/2022\/08\/16\/gims-lautre-representant-de-la-france-a-la-coupe-du-monde-de-football-au-qatar\/#breadcrumb"},"inLanguage":"fr-FR","potentialAction":[{"@type":"ReadAction","target":["https:\/\/7culture.ci\/index.php\/2022\/08\/16\/gims-lautre-representant-de-la-france-a-la-coupe-du-monde-de-football-au-qatar\/"]}]},{"@type":"BreadcrumbList","@id":"https:\/\/7culture.ci\/index.php\/2022\/08\/16\/gims-lautre-representant-de-la-france-a-la-coupe-du-monde-de-football-au-qatar\/#breadcrumb","itemListElement":[{"@type":"ListItem","position":1,"name":"Accueil","item":"https:\/\/7culture.ci\/"},{"@type":"ListItem","position":2,"name":"Gims, l&rsquo;autre repr\u00e9sentant de la France \u00e0 la coupe du monde de football au Qatar"}]},{"@type":"WebSite","@id":"https:\/\/7culture.ci\/#website","url":"https:\/\/7culture.ci\/","name":"7culture","description":"Tout sur l&#039;actualit\u00e9","publisher":{"@id":"https:\/\/7culture.ci\/#organization"},"potentialAction":[{"@type":"SearchAction","target":{"@type":"EntryPoint","urlTemplate":"https:\/\/7culture.ci\/?s={search_term_string}"},"query-input":"required name=search_term_string"}],"inLanguage":"fr-FR"},{"@type":"Organization","@id":"https:\/\/7culture.ci\/#organization","name":"7culture","url":"https:\/\/7culture.ci\/","sameAs":["https:\/\/www.facebook.com\/redchefclaude","https:\/\/twitter.com\/7culturec"],"logo":{"@type":"ImageObject","inLanguage":"fr-FR","@id":"https:\/\/7culture.ci\/#\/schema\/logo\/image\/","url":"https:\/\/7culture.ci\/wp-content\/uploads\/2021\/12\/S1a-1.png","contentUrl":"https:\/\/7culture.ci\/wp-content\/uploads\/2021\/12\/S1a-1.png","width":588,"height":192,"caption":"7culture"},"image":{"@id":"https:\/\/7culture.ci\/#\/schema\/logo\/image\/"}},{"@type":"Person","@id":"https:\/\/7culture.ci\/#\/schema\/person\/16150d28d7ef66ba788c1f87f28c4426","name":"7culture2020","image":{"@type":"ImageObject","inLanguage":"fr-FR","@id":"https:\/\/7culture.ci\/#\/schema\/person\/image\/","url":"https:\/\/secure.gravatar.com\/avatar\/9a0784f951306c37bcd065f52844ef95?s=96&d=mm&r=g","contentUrl":"https:\/\/secure.gravatar.com\/avatar\/9a0784f951306c37bcd065f52844ef95?s=96&d=mm&r=g","caption":"7culture2020"},"sameAs":["http:\/\/7culture.ci","Claude.kipre"],"url":"https:\/\/7culture.ci\/index.php\/author\/7culture2020\/"}]}},"jetpack_featured_media_url":"https:\/\/7culture.ci\/wp-content\/uploads\/2022\/08\/gims1.jpeg","jetpack_likes_enabled":true,"jetpack_sharing_enabled":true,"_links":{"self":[{"href":"https:\/\/7culture.ci\/index.php\/wp-json\/wp\/v2\/posts\/23295"}],"collection":[{"href":"https:\/\/7culture.ci\/index.php\/wp-json\/wp\/v2\/posts"}],"about":[{"href":"https:\/\/7culture.ci\/index.php\/wp-json\/wp\/v2\/types\/post"}],"author":[{"embeddable":true,"href":"https:\/\/7culture.ci\/index.php\/wp-json\/wp\/v2\/users\/1"}],"replies":[{"embeddable":true,"href":"https:\/\/7culture.ci\/index.php\/wp-json\/wp\/v2\/comments?post=23295"}],"version-history":[{"count":0,"href":"https:\/\/7culture.ci\/index.php\/wp-json\/wp\/v2\/posts\/23295\/revisions"}],"wp:featuredmedia":[{"embeddable":true,"href":"https:\/\/7culture.ci\/index.php\/wp-json\/wp\/v2\/media\/23296"}],"wp:attachment":[{"href":"https:\/\/7culture.ci\/index.php\/wp-json\/wp\/v2\/media?parent=23295"}],"wp:term":[{"taxonomy":"category","embeddable":true,"href":"https:\/\/7culture.ci\/index.php\/wp-json\/wp\/v2\/categories?post=23295"},{"taxonomy":"post_tag","embeddable":true,"href":"https:\/\/7culture.ci\/index.php\/wp-json\/wp\/v2\/tags?post=23295"}],"curies":[{"name":"wp","href":"https:\/\/api.w.org\/{rel}","templated":true}]}}