{"id":23269,"date":"2022-08-13T13:43:22","date_gmt":"2022-08-13T11:43:22","guid":{"rendered":"https:\/\/7culture.ci\/?p=23269"},"modified":"2022-08-13T13:43:25","modified_gmt":"2022-08-13T11:43:25","slug":"fior2bior-bientot-en-concert-au-palais-de-la-culture","status":"publish","type":"post","link":"https:\/\/7culture.ci\/index.php\/2022\/08\/13\/fior2bior-bientot-en-concert-au-palais-de-la-culture\/","title":{"rendered":"Fior2Bior, bient\u00f4t en concert au Palais de la culture"},"content":{"rendered":"\n<p>C\u2019est une bonne nouvelle pour les fans du rap ivoire. La jeune p\u00e9pite dudit mouvement, Fior2Bior, sera en attraction au palais de la culture d\u2019Abidjan le samedi 1<sup>er<\/sup> octobre 2022.<\/p>\n\n\n\n<p>L\u2019information a \u00e9t\u00e9 donn\u00e9e par sa maison de production Gaou Production dans un post qu\u2019elle a fait sur le Meta. Ce concert sera une premi\u00e8re dans la carri\u00e8re de l\u2019enfant de Marcory. &nbsp;<\/p>\n\n\n\n<p>Sous le coup de 16h, \u2018\u2019le Gbogbarada\u2019\u2019, comme il se fait appeler, fera sensation dans la salle Anoumabo avec l\u2019interpr\u00e9tation de tous les titres de son r\u00e9pertoire musical.<\/p>\n\n\n\n<figure class=\"wp-block-image size-full is-resized\"><img loading=\"lazy\" decoding=\"async\" src=\"https:\/\/7culture.ci\/wp-content\/uploads\/2022\/08\/Fior2Bior2.jpg\" alt=\"\" class=\"wp-image-23271\" width=\"528\" height=\"541\" srcset=\"https:\/\/7culture.ci\/wp-content\/uploads\/2022\/08\/Fior2Bior2.jpg 654w, https:\/\/7culture.ci\/wp-content\/uploads\/2022\/08\/Fior2Bior2-293x300.jpg 293w\" sizes=\"(max-width: 528px) 100vw, 528px\" \/><\/figure>\n\n\n\n<p>De son vrai nom Junior Djomossoukpa Ak\u00e9, Fior de Bior fait ses d\u00e9buts dans la musique en 2017 \u00e0 travers des parodies et des freestyles musicaux. Il est r\u00e9v\u00e9l\u00e9 en 2018 par Ariel Sheney et int\u00e8gre son label <em>AS Record<\/em>. Fior de Bior sort alors son premier single \u2018<em>\u2019Kpokpokpouo Souhal\u00e9l\u00e9<\/em>\u2019\u2019 qui rencontre un \u00e9norme succ\u00e8s, cumulant plus de deux millions et demi de vues YouTube. Il enchaine par la suite plusieurs collaborations \u00e0 succ\u00e8s avec des artistes tels que Oyoki Onanayo, DJ Lewis, avant de sortir son deuxi\u00e8me single \u2018\u2019<em>Ils se jettent\u2019\u2019<\/em>.<\/p>\n\n\n\n<div class=\"wp-block-image\"><figure class=\"aligncenter size-large is-resized\"><img loading=\"lazy\" decoding=\"async\" src=\"https:\/\/7culture.ci\/wp-content\/uploads\/2022\/08\/WhatsApp-Image-2022-08-11-at-16.35.50-934x1024.jpeg\" alt=\"\" class=\"wp-image-23272\" width=\"512\" height=\"561\" srcset=\"https:\/\/7culture.ci\/wp-content\/uploads\/2022\/08\/WhatsApp-Image-2022-08-11-at-16.35.50-934x1024.jpeg 934w, https:\/\/7culture.ci\/wp-content\/uploads\/2022\/08\/WhatsApp-Image-2022-08-11-at-16.35.50-274x300.jpeg 274w, https:\/\/7culture.ci\/wp-content\/uploads\/2022\/08\/WhatsApp-Image-2022-08-11-at-16.35.50-768x842.jpeg 768w, https:\/\/7culture.ci\/wp-content\/uploads\/2022\/08\/WhatsApp-Image-2022-08-11-at-16.35.50.jpeg 1168w\" sizes=\"(max-width: 512px) 100vw, 512px\" \/><\/figure><\/div>\n\n\n\n<p>En 2021, il sort son titre \u2018\u2019Gnonmi avec lait\u2019\u2019 en collaboration avec le rappeur fran\u00e7ais Niska qui devient vite viral comptabilisant trois millions de vues en trois jours. Le 25 d\u00e9cembre de la m\u00eame ann\u00e9e, un autre single \u2018\u2019Godo Godo\u2019\u2019&nbsp; est disponible sur YouTube et atteint le cap du million de vues en 10 jours.<\/p>\n\n\n\n<p>Thierry Samuel<\/p>\n","protected":false},"excerpt":{"rendered":"<p>C\u2019est une bonne nouvelle pour les fans du rap ivoire. La jeune p\u00e9pite dudit mouvement, Fior2Bior, sera en attraction au palais de la culture d\u2019Abidjan le samedi 1er octobre 2022. L\u2019information a \u00e9t\u00e9 donn\u00e9e par sa maison de production Gaou Production dans un post qu\u2019elle a fait sur le Meta. Ce concert sera une premi\u00e8re &hellip;<\/p>\n<p class=\"read-more\"> <a class=\"\" href=\"https:\/\/7culture.ci\/index.php\/2022\/08\/13\/fior2bior-bientot-en-concert-au-palais-de-la-culture\/\"> <span class=\"screen-reader-text\">Fior2Bior, bient\u00f4t en concert au Palais de la culture<\/span> Lire la suite\u00a0\u00bb<\/a><\/p>\n","protected":false},"author":1,"featured_media":23270,"comment_status":"open","ping_status":"open","sticky":false,"template":"","format":"standard","meta":{"_mi_skip_tracking":false,"_monsterinsights_sitenote_active":false,"_monsterinsights_sitenote_note":"","_monsterinsights_sitenote_category":0,"site-sidebar-layout":"default","site-content-layout":"default","ast-global-header-display":"","ast-main-header-display":"","ast-hfb-above-header-display":"","ast-hfb-below-header-display":"","ast-hfb-mobile-header-display":"","site-post-title":"","ast-breadcrumbs-content":"","ast-featured-img":"","footer-sml-layout":"","theme-transparent-header-meta":"","adv-header-id-meta":"","stick-header-meta":"","header-above-stick-meta":"","header-main-stick-meta":"","header-below-stick-meta":"","footnotes":"","jetpack_publicize_message":"","jetpack_is_tweetstorm":false,"jetpack_publicize_feature_enabled":true},"categories":[16],"tags":[],"jetpack_publicize_connections":[],"acf":[],"aioseo_notices":[],"yoast_head":"<!-- This site is optimized with the Yoast SEO plugin v19.6.1 - https:\/\/yoast.com\/wordpress\/plugins\/seo\/ -->\n<title>Fior2Bior, bient\u00f4t en concert au Palais de la culture -<\/title>\n<meta name=\"robots\" content=\"index, follow, max-snippet:-1, max-image-preview:large, max-video-preview:-1\" \/>\n<link rel=\"canonical\" href=\"https:\/\/7culture.ci\/index.php\/2022\/08\/13\/fior2bior-bientot-en-concert-au-palais-de-la-culture\/\" \/>\n<meta property=\"og:locale\" content=\"fr_FR\" \/>\n<meta property=\"og:type\" content=\"article\" \/>\n<meta property=\"og:title\" content=\"Fior2Bior, bient\u00f4t en concert au Palais de la culture -\" \/>\n<meta property=\"og:description\" content=\"C\u2019est une bonne nouvelle pour les fans du rap ivoire. La jeune p\u00e9pite dudit mouvement, Fior2Bior, sera en attraction au palais de la culture d\u2019Abidjan le samedi 1er octobre 2022. L\u2019information a \u00e9t\u00e9 donn\u00e9e par sa maison de production Gaou Production dans un post qu\u2019elle a fait sur le Meta. Ce concert sera une premi\u00e8re &hellip; Fior2Bior, bient\u00f4t en concert au Palais de la culture Lire la suite\u00a0\u00bb\" \/>\n<meta property=\"og:url\" content=\"https:\/\/7culture.ci\/index.php\/2022\/08\/13\/fior2bior-bientot-en-concert-au-palais-de-la-culture\/\" \/>\n<meta property=\"og:site_name\" content=\"7culture\" \/>\n<meta property=\"article:publisher\" content=\"https:\/\/www.facebook.com\/redchefclaude\" \/>\n<meta property=\"article:published_time\" content=\"2022-08-13T11:43:22+00:00\" \/>\n<meta property=\"article:modified_time\" content=\"2022-08-13T11:43:25+00:00\" \/>\n<meta property=\"og:image\" content=\"http:\/\/7culture.ci\/wp-content\/uploads\/2022\/08\/Fior2Bior3.jpg\" \/>\n\t<meta property=\"og:image:width\" content=\"820\" \/>\n\t<meta property=\"og:image:height\" content=\"535\" \/>\n\t<meta property=\"og:image:type\" content=\"image\/jpeg\" \/>\n<meta name=\"author\" content=\"7culture2020\" \/>\n<meta name=\"twitter:card\" content=\"summary_large_image\" \/>\n<meta name=\"twitter:creator\" content=\"@7culturec\" \/>\n<meta name=\"twitter:site\" content=\"@7culturec\" \/>\n<meta name=\"twitter:label1\" content=\"\u00c9crit par\" \/>\n\t<meta name=\"twitter:data1\" content=\"7culture2020\" \/>\n\t<meta name=\"twitter:label2\" content=\"Dur\u00e9e de lecture estim\u00e9e\" \/>\n\t<meta name=\"twitter:data2\" content=\"2 minutes\" \/>\n<script type=\"application\/ld+json\" class=\"yoast-schema-graph\">{\"@context\":\"https:\/\/schema.org\",\"@graph\":[{\"@type\":\"Article\",\"@id\":\"https:\/\/7culture.ci\/index.php\/2022\/08\/13\/fior2bior-bientot-en-concert-au-palais-de-la-culture\/#article\",\"isPartOf\":{\"@id\":\"https:\/\/7culture.ci\/index.php\/2022\/08\/13\/fior2bior-bientot-en-concert-au-palais-de-la-culture\/\"},\"author\":{\"name\":\"7culture2020\",\"@id\":\"https:\/\/7culture.ci\/#\/schema\/person\/16150d28d7ef66ba788c1f87f28c4426\"},\"headline\":\"Fior2Bior, bient\u00f4t en concert au Palais de la culture\",\"datePublished\":\"2022-08-13T11:43:22+00:00\",\"dateModified\":\"2022-08-13T11:43:25+00:00\",\"mainEntityOfPage\":{\"@id\":\"https:\/\/7culture.ci\/index.php\/2022\/08\/13\/fior2bior-bientot-en-concert-au-palais-de-la-culture\/\"},\"wordCount\":269,\"commentCount\":0,\"publisher\":{\"@id\":\"https:\/\/7culture.ci\/#organization\"},\"articleSection\":[\"Musique\"],\"inLanguage\":\"fr-FR\",\"potentialAction\":[{\"@type\":\"CommentAction\",\"name\":\"Comment\",\"target\":[\"https:\/\/7culture.ci\/index.php\/2022\/08\/13\/fior2bior-bientot-en-concert-au-palais-de-la-culture\/#respond\"]}]},{\"@type\":\"WebPage\",\"@id\":\"https:\/\/7culture.ci\/index.php\/2022\/08\/13\/fior2bior-bientot-en-concert-au-palais-de-la-culture\/\",\"url\":\"https:\/\/7culture.ci\/index.php\/2022\/08\/13\/fior2bior-bientot-en-concert-au-palais-de-la-culture\/\",\"name\":\"Fior2Bior, bient\u00f4t en concert au Palais de la culture -\",\"isPartOf\":{\"@id\":\"https:\/\/7culture.ci\/#website\"},\"datePublished\":\"2022-08-13T11:43:22+00:00\",\"dateModified\":\"2022-08-13T11:43:25+00:00\",\"breadcrumb\":{\"@id\":\"https:\/\/7culture.ci\/index.php\/2022\/08\/13\/fior2bior-bientot-en-concert-au-palais-de-la-culture\/#breadcrumb\"},\"inLanguage\":\"fr-FR\",\"potentialAction\":[{\"@type\":\"ReadAction\",\"target\":[\"https:\/\/7culture.ci\/index.php\/2022\/08\/13\/fior2bior-bientot-en-concert-au-palais-de-la-culture\/\"]}]},{\"@type\":\"BreadcrumbList\",\"@id\":\"https:\/\/7culture.ci\/index.php\/2022\/08\/13\/fior2bior-bientot-en-concert-au-palais-de-la-culture\/#breadcrumb\",\"itemListElement\":[{\"@type\":\"ListItem\",\"position\":1,\"name\":\"Accueil\",\"item\":\"https:\/\/7culture.ci\/\"},{\"@type\":\"ListItem\",\"position\":2,\"name\":\"Fior2Bior, bient\u00f4t en concert au Palais de la culture\"}]},{\"@type\":\"WebSite\",\"@id\":\"https:\/\/7culture.ci\/#website\",\"url\":\"https:\/\/7culture.ci\/\",\"name\":\"7culture\",\"description\":\"Tout sur l&#039;actualit\u00e9\",\"publisher\":{\"@id\":\"https:\/\/7culture.ci\/#organization\"},\"potentialAction\":[{\"@type\":\"SearchAction\",\"target\":{\"@type\":\"EntryPoint\",\"urlTemplate\":\"https:\/\/7culture.ci\/?s={search_term_string}\"},\"query-input\":\"required name=search_term_string\"}],\"inLanguage\":\"fr-FR\"},{\"@type\":\"Organization\",\"@id\":\"https:\/\/7culture.ci\/#organization\",\"name\":\"7culture\",\"url\":\"https:\/\/7culture.ci\/\",\"sameAs\":[\"https:\/\/www.facebook.com\/redchefclaude\",\"https:\/\/twitter.com\/7culturec\"],\"logo\":{\"@type\":\"ImageObject\",\"inLanguage\":\"fr-FR\",\"@id\":\"https:\/\/7culture.ci\/#\/schema\/logo\/image\/\",\"url\":\"https:\/\/7culture.ci\/wp-content\/uploads\/2021\/12\/S1a-1.png\",\"contentUrl\":\"https:\/\/7culture.ci\/wp-content\/uploads\/2021\/12\/S1a-1.png\",\"width\":588,\"height\":192,\"caption\":\"7culture\"},\"image\":{\"@id\":\"https:\/\/7culture.ci\/#\/schema\/logo\/image\/\"}},{\"@type\":\"Person\",\"@id\":\"https:\/\/7culture.ci\/#\/schema\/person\/16150d28d7ef66ba788c1f87f28c4426\",\"name\":\"7culture2020\",\"image\":{\"@type\":\"ImageObject\",\"inLanguage\":\"fr-FR\",\"@id\":\"https:\/\/7culture.ci\/#\/schema\/person\/image\/\",\"url\":\"https:\/\/secure.gravatar.com\/avatar\/9a0784f951306c37bcd065f52844ef95?s=96&d=mm&r=g\",\"contentUrl\":\"https:\/\/secure.gravatar.com\/avatar\/9a0784f951306c37bcd065f52844ef95?s=96&d=mm&r=g\",\"caption\":\"7culture2020\"},\"sameAs\":[\"http:\/\/7culture.ci\",\"Claude.kipre\"],\"url\":\"https:\/\/7culture.ci\/index.php\/author\/7culture2020\/\"}]}<\/script>\n<!-- \/ Yoast SEO plugin. -->","yoast_head_json":{"title":"Fior2Bior, bient\u00f4t en concert au Palais de la culture -","robots":{"index":"index","follow":"follow","max-snippet":"max-snippet:-1","max-image-preview":"max-image-preview:large","max-video-preview":"max-video-preview:-1"},"canonical":"https:\/\/7culture.ci\/index.php\/2022\/08\/13\/fior2bior-bientot-en-concert-au-palais-de-la-culture\/","og_locale":"fr_FR","og_type":"article","og_title":"Fior2Bior, bient\u00f4t en concert au Palais de la culture -","og_description":"C\u2019est une bonne nouvelle pour les fans du rap ivoire. La jeune p\u00e9pite dudit mouvement, Fior2Bior, sera en attraction au palais de la culture d\u2019Abidjan le samedi 1er octobre 2022. L\u2019information a \u00e9t\u00e9 donn\u00e9e par sa maison de production Gaou Production dans un post qu\u2019elle a fait sur le Meta. Ce concert sera une premi\u00e8re &hellip; Fior2Bior, bient\u00f4t en concert au Palais de la culture Lire la suite\u00a0\u00bb","og_url":"https:\/\/7culture.ci\/index.php\/2022\/08\/13\/fior2bior-bientot-en-concert-au-palais-de-la-culture\/","og_site_name":"7culture","article_publisher":"https:\/\/www.facebook.com\/redchefclaude","article_published_time":"2022-08-13T11:43:22+00:00","article_modified_time":"2022-08-13T11:43:25+00:00","og_image":[{"width":820,"height":535,"url":"http:\/\/7culture.ci\/wp-content\/uploads\/2022\/08\/Fior2Bior3.jpg","type":"image\/jpeg"}],"author":"7culture2020","twitter_card":"summary_large_image","twitter_creator":"@7culturec","twitter_site":"@7culturec","twitter_misc":{"\u00c9crit par":"7culture2020","Dur\u00e9e de lecture estim\u00e9e":"2 minutes"},"schema":{"@context":"https:\/\/schema.org","@graph":[{"@type":"Article","@id":"https:\/\/7culture.ci\/index.php\/2022\/08\/13\/fior2bior-bientot-en-concert-au-palais-de-la-culture\/#article","isPartOf":{"@id":"https:\/\/7culture.ci\/index.php\/2022\/08\/13\/fior2bior-bientot-en-concert-au-palais-de-la-culture\/"},"author":{"name":"7culture2020","@id":"https:\/\/7culture.ci\/#\/schema\/person\/16150d28d7ef66ba788c1f87f28c4426"},"headline":"Fior2Bior, bient\u00f4t en concert au Palais de la culture","datePublished":"2022-08-13T11:43:22+00:00","dateModified":"2022-08-13T11:43:25+00:00","mainEntityOfPage":{"@id":"https:\/\/7culture.ci\/index.php\/2022\/08\/13\/fior2bior-bientot-en-concert-au-palais-de-la-culture\/"},"wordCount":269,"commentCount":0,"publisher":{"@id":"https:\/\/7culture.ci\/#organization"},"articleSection":["Musique"],"inLanguage":"fr-FR","potentialAction":[{"@type":"CommentAction","name":"Comment","target":["https:\/\/7culture.ci\/index.php\/2022\/08\/13\/fior2bior-bientot-en-concert-au-palais-de-la-culture\/#respond"]}]},{"@type":"WebPage","@id":"https:\/\/7culture.ci\/index.php\/2022\/08\/13\/fior2bior-bientot-en-concert-au-palais-de-la-culture\/","url":"https:\/\/7culture.ci\/index.php\/2022\/08\/13\/fior2bior-bientot-en-concert-au-palais-de-la-culture\/","name":"Fior2Bior, bient\u00f4t en concert au Palais de la culture -","isPartOf":{"@id":"https:\/\/7culture.ci\/#website"},"datePublished":"2022-08-13T11:43:22+00:00","dateModified":"2022-08-13T11:43:25+00:00","breadcrumb":{"@id":"https:\/\/7culture.ci\/index.php\/2022\/08\/13\/fior2bior-bientot-en-concert-au-palais-de-la-culture\/#breadcrumb"},"inLanguage":"fr-FR","potentialAction":[{"@type":"ReadAction","target":["https:\/\/7culture.ci\/index.php\/2022\/08\/13\/fior2bior-bientot-en-concert-au-palais-de-la-culture\/"]}]},{"@type":"BreadcrumbList","@id":"https:\/\/7culture.ci\/index.php\/2022\/08\/13\/fior2bior-bientot-en-concert-au-palais-de-la-culture\/#breadcrumb","itemListElement":[{"@type":"ListItem","position":1,"name":"Accueil","item":"https:\/\/7culture.ci\/"},{"@type":"ListItem","position":2,"name":"Fior2Bior, bient\u00f4t en concert au Palais de la culture"}]},{"@type":"WebSite","@id":"https:\/\/7culture.ci\/#website","url":"https:\/\/7culture.ci\/","name":"7culture","description":"Tout sur l&#039;actualit\u00e9","publisher":{"@id":"https:\/\/7culture.ci\/#organization"},"potentialAction":[{"@type":"SearchAction","target":{"@type":"EntryPoint","urlTemplate":"https:\/\/7culture.ci\/?s={search_term_string}"},"query-input":"required name=search_term_string"}],"inLanguage":"fr-FR"},{"@type":"Organization","@id":"https:\/\/7culture.ci\/#organization","name":"7culture","url":"https:\/\/7culture.ci\/","sameAs":["https:\/\/www.facebook.com\/redchefclaude","https:\/\/twitter.com\/7culturec"],"logo":{"@type":"ImageObject","inLanguage":"fr-FR","@id":"https:\/\/7culture.ci\/#\/schema\/logo\/image\/","url":"https:\/\/7culture.ci\/wp-content\/uploads\/2021\/12\/S1a-1.png","contentUrl":"https:\/\/7culture.ci\/wp-content\/uploads\/2021\/12\/S1a-1.png","width":588,"height":192,"caption":"7culture"},"image":{"@id":"https:\/\/7culture.ci\/#\/schema\/logo\/image\/"}},{"@type":"Person","@id":"https:\/\/7culture.ci\/#\/schema\/person\/16150d28d7ef66ba788c1f87f28c4426","name":"7culture2020","image":{"@type":"ImageObject","inLanguage":"fr-FR","@id":"https:\/\/7culture.ci\/#\/schema\/person\/image\/","url":"https:\/\/secure.gravatar.com\/avatar\/9a0784f951306c37bcd065f52844ef95?s=96&d=mm&r=g","contentUrl":"https:\/\/secure.gravatar.com\/avatar\/9a0784f951306c37bcd065f52844ef95?s=96&d=mm&r=g","caption":"7culture2020"},"sameAs":["http:\/\/7culture.ci","Claude.kipre"],"url":"https:\/\/7culture.ci\/index.php\/author\/7culture2020\/"}]}},"jetpack_featured_media_url":"https:\/\/7culture.ci\/wp-content\/uploads\/2022\/08\/Fior2Bior3.jpg","jetpack_likes_enabled":true,"jetpack_sharing_enabled":true,"_links":{"self":[{"href":"https:\/\/7culture.ci\/index.php\/wp-json\/wp\/v2\/posts\/23269"}],"collection":[{"href":"https:\/\/7culture.ci\/index.php\/wp-json\/wp\/v2\/posts"}],"about":[{"href":"https:\/\/7culture.ci\/index.php\/wp-json\/wp\/v2\/types\/post"}],"author":[{"embeddable":true,"href":"https:\/\/7culture.ci\/index.php\/wp-json\/wp\/v2\/users\/1"}],"replies":[{"embeddable":true,"href":"https:\/\/7culture.ci\/index.php\/wp-json\/wp\/v2\/comments?post=23269"}],"version-history":[{"count":0,"href":"https:\/\/7culture.ci\/index.php\/wp-json\/wp\/v2\/posts\/23269\/revisions"}],"wp:featuredmedia":[{"embeddable":true,"href":"https:\/\/7culture.ci\/index.php\/wp-json\/wp\/v2\/media\/23270"}],"wp:attachment":[{"href":"https:\/\/7culture.ci\/index.php\/wp-json\/wp\/v2\/media?parent=23269"}],"wp:term":[{"taxonomy":"category","embeddable":true,"href":"https:\/\/7culture.ci\/index.php\/wp-json\/wp\/v2\/categories?post=23269"},{"taxonomy":"post_tag","embeddable":true,"href":"https:\/\/7culture.ci\/index.php\/wp-json\/wp\/v2\/tags?post=23269"}],"curies":[{"name":"wp","href":"https:\/\/api.w.org\/{rel}","templated":true}]}}