{"id":23238,"date":"2022-08-12T16:37:42","date_gmt":"2022-08-12T14:37:42","guid":{"rendered":"https:\/\/7culture.ci\/?p=23238"},"modified":"2022-08-12T19:06:09","modified_gmt":"2022-08-12T17:06:09","slug":"an-3-du-deces-darafat-dj-sa-famille-set-ses-amis-lui-rendent-hommage","status":"publish","type":"post","link":"https:\/\/7culture.ci\/index.php\/2022\/08\/12\/an-3-du-deces-darafat-dj-sa-famille-set-ses-amis-lui-rendent-hommage\/","title":{"rendered":"An 3 du d\u00e9c\u00e8s d\u2019Arafat DJ\u00a0: sa famille set ses amis lui rendent hommage\u00a0!"},"content":{"rendered":"\n<p>Le temps passe vite&nbsp;! DJ Arafat, le roi du couper-d\u00e9caler est pass\u00e9 de vie \u00e0 tr\u00e9pas il y a trois ans maintenant. A l\u2019occasion de la comm\u00e9moration de ces trois ann\u00e9es de d\u00e9c\u00e8s, sa famille et ses proches lui rendent hommage. Son ex compagne a laiss\u00e9 un message. <strong>\u00ab&nbsp;<em>Didier, ils diront pleins de choses, mais moi, je sais ce que je continue de ressentir<\/em>&nbsp;\u00bb,<\/strong> a \u00e9crit Carmen Sama sur son compte Facebook. &nbsp;<\/p>\n\n\n\n<p>Carmen a d\u00e9cid\u00e9 de comm\u00e9morer le d\u00e9c\u00e8s du p\u00e8re de sa fille en faisant des \u0153uvres caritatives. Ce vendredi 12 ao\u00fbt 2022, \u2018\u2019la m\u00e8re de la Chine\u2019\u2019, en collaboration avec la fondation Nina Bley, fera une remise de dons au village SOS de Yamoussoukro et \u00e0 l\u2019institut des aveugles de Toumodi. S\u2019en suivra un match de gala dot\u00e9 du troph\u00e9e \u2018\u2019Arafat DJ\u2019\u2019.<\/p>\n\n\n\n<figure class=\"wp-block-image size-full\"><img loading=\"lazy\" decoding=\"async\" width=\"640\" height=\"360\" src=\"https:\/\/7culture.ci\/wp-content\/uploads\/2022\/08\/arafat6.jpg\" alt=\"\" class=\"wp-image-23240\" srcset=\"https:\/\/7culture.ci\/wp-content\/uploads\/2022\/08\/arafat6.jpg 640w, https:\/\/7culture.ci\/wp-content\/uploads\/2022\/08\/arafat6-300x169.jpg 300w\" sizes=\"(max-width: 640px) 100vw, 640px\" \/><\/figure>\n\n\n\n<p>La m\u00e8re de feu Arafat DJ, Tina Glamour, quant \u00e0 elle, tiendra un concert ce m\u00eame vendredi 12 ao\u00fbt du cot\u00e9 du palais de la culture d\u2019Abidjan en l\u2019honneur de son gar\u00e7on et de sa fille qui sont d\u00e9c\u00e9d\u00e9s. &nbsp;&nbsp;<\/p>\n\n\n\n<p>Les amis du \u2018\u2019Daishikan\u2019\u2019, comme il se faisait appeler, lui ont rendu un hommage \u00e0 travers la confection des tee-shirts, casquettes et des gadgets \u00e0 son effigie. Ils ont pr\u00e9vu une parade \u00e0 moto sur le lieu de son accident.<\/p>\n\n\n\n<div class=\"wp-block-image\"><figure class=\"aligncenter size-full is-resized\"><img loading=\"lazy\" decoding=\"async\" src=\"https:\/\/7culture.ci\/wp-content\/uploads\/2022\/08\/arafat1.jpg\" alt=\"\" class=\"wp-image-23241\" width=\"510\" height=\"510\" srcset=\"https:\/\/7culture.ci\/wp-content\/uploads\/2022\/08\/arafat1.jpg 720w, https:\/\/7culture.ci\/wp-content\/uploads\/2022\/08\/arafat1-300x300.jpg 300w, https:\/\/7culture.ci\/wp-content\/uploads\/2022\/08\/arafat1-150x150.jpg 150w\" sizes=\"(max-width: 510px) 100vw, 510px\" \/><\/figure><\/div>\n\n\n\n<p>&nbsp;De son vrai nom Ange Didier Houon, Arafat est d\u00e9c\u00e9d\u00e9 dans une clinique de la place suite \u00e0 un accident de moto le 12 ao\u00fbt 2019. Disc-Jockey, arrangeur et chanteur, c&#8217;est en 2001 que le \u2018\u2019Daishi\u2019\u2019 s&#8217;est fait conna\u00eetre gr\u00e2ce \u00e0 son premier single, &#8220;hommage \u00e0 Jonathan&#8221;. Ce titre qui fait t\u00e2che d\u2019huile, lui a permis de s\u2019imposer dans l\u2019univers du couper-d\u00e9caler.<\/p>\n\n\n\n<p>Thierry Samuel<\/p>\n","protected":false},"excerpt":{"rendered":"<p>Le temps passe vite&nbsp;! DJ Arafat, le roi du couper-d\u00e9caler est pass\u00e9 de vie \u00e0 tr\u00e9pas il y a trois ans maintenant. A l\u2019occasion de la comm\u00e9moration de ces trois ann\u00e9es de d\u00e9c\u00e8s, sa famille et ses proches lui rendent hommage. Son ex compagne a laiss\u00e9 un message. \u00ab&nbsp;Didier, ils diront pleins de choses, mais &hellip;<\/p>\n<p class=\"read-more\"> <a class=\"\" href=\"https:\/\/7culture.ci\/index.php\/2022\/08\/12\/an-3-du-deces-darafat-dj-sa-famille-set-ses-amis-lui-rendent-hommage\/\"> <span class=\"screen-reader-text\">An 3 du d\u00e9c\u00e8s d\u2019Arafat DJ\u00a0: sa famille set ses amis lui rendent hommage\u00a0!<\/span> Lire la suite\u00a0\u00bb<\/a><\/p>\n","protected":false},"author":1,"featured_media":23239,"comment_status":"open","ping_status":"open","sticky":false,"template":"","format":"standard","meta":{"_mi_skip_tracking":false,"_monsterinsights_sitenote_active":false,"_monsterinsights_sitenote_note":"","_monsterinsights_sitenote_category":0,"site-sidebar-layout":"default","site-content-layout":"default","ast-global-header-display":"","ast-main-header-display":"","ast-hfb-above-header-display":"","ast-hfb-below-header-display":"","ast-hfb-mobile-header-display":"","site-post-title":"","ast-breadcrumbs-content":"","ast-featured-img":"","footer-sml-layout":"","theme-transparent-header-meta":"","adv-header-id-meta":"","stick-header-meta":"","header-above-stick-meta":"","header-main-stick-meta":"","header-below-stick-meta":"","footnotes":"","jetpack_publicize_message":"","jetpack_is_tweetstorm":false,"jetpack_publicize_feature_enabled":true},"categories":[22],"tags":[],"jetpack_publicize_connections":[],"acf":[],"aioseo_notices":[],"yoast_head":"<!-- This site is optimized with the Yoast SEO plugin v19.6.1 - https:\/\/yoast.com\/wordpress\/plugins\/seo\/ -->\n<title>An 3 du d\u00e9c\u00e8s d\u2019Arafat DJ\u00a0: sa famille set ses amis lui rendent hommage\u00a0! - 7culture<\/title>\n<meta name=\"robots\" content=\"index, follow, max-snippet:-1, max-image-preview:large, max-video-preview:-1\" \/>\n<link rel=\"canonical\" href=\"https:\/\/7culture.ci\/index.php\/2022\/08\/12\/an-3-du-deces-darafat-dj-sa-famille-set-ses-amis-lui-rendent-hommage\/\" \/>\n<meta property=\"og:locale\" content=\"fr_FR\" \/>\n<meta property=\"og:type\" content=\"article\" \/>\n<meta property=\"og:title\" content=\"An 3 du d\u00e9c\u00e8s d\u2019Arafat DJ\u00a0: sa famille set ses amis lui rendent hommage\u00a0! - 7culture\" \/>\n<meta property=\"og:description\" content=\"Le temps passe vite&nbsp;! DJ Arafat, le roi du couper-d\u00e9caler est pass\u00e9 de vie \u00e0 tr\u00e9pas il y a trois ans maintenant. A l\u2019occasion de la comm\u00e9moration de ces trois ann\u00e9es de d\u00e9c\u00e8s, sa famille et ses proches lui rendent hommage. Son ex compagne a laiss\u00e9 un message. \u00ab&nbsp;Didier, ils diront pleins de choses, mais &hellip; An 3 du d\u00e9c\u00e8s d\u2019Arafat DJ\u00a0: sa famille set ses amis lui rendent hommage\u00a0! Lire la suite\u00a0\u00bb\" \/>\n<meta property=\"og:url\" content=\"https:\/\/7culture.ci\/index.php\/2022\/08\/12\/an-3-du-deces-darafat-dj-sa-famille-set-ses-amis-lui-rendent-hommage\/\" \/>\n<meta property=\"og:site_name\" content=\"7culture\" \/>\n<meta property=\"article:publisher\" content=\"https:\/\/www.facebook.com\/redchefclaude\" \/>\n<meta property=\"article:published_time\" content=\"2022-08-12T14:37:42+00:00\" \/>\n<meta property=\"article:modified_time\" content=\"2022-08-12T17:06:09+00:00\" \/>\n<meta property=\"og:image\" content=\"http:\/\/7culture.ci\/wp-content\/uploads\/2022\/08\/arafat4.jpg\" \/>\n\t<meta property=\"og:image:width\" content=\"979\" \/>\n\t<meta property=\"og:image:height\" content=\"796\" \/>\n\t<meta property=\"og:image:type\" content=\"image\/jpeg\" \/>\n<meta name=\"author\" content=\"7culture2020\" \/>\n<meta name=\"twitter:card\" content=\"summary_large_image\" \/>\n<meta name=\"twitter:creator\" content=\"@7culturec\" \/>\n<meta name=\"twitter:site\" content=\"@7culturec\" \/>\n<meta name=\"twitter:label1\" content=\"\u00c9crit par\" \/>\n\t<meta name=\"twitter:data1\" content=\"7culture2020\" \/>\n\t<meta name=\"twitter:label2\" content=\"Dur\u00e9e de lecture estim\u00e9e\" \/>\n\t<meta name=\"twitter:data2\" content=\"2 minutes\" \/>\n<script type=\"application\/ld+json\" class=\"yoast-schema-graph\">{\"@context\":\"https:\/\/schema.org\",\"@graph\":[{\"@type\":\"Article\",\"@id\":\"https:\/\/7culture.ci\/index.php\/2022\/08\/12\/an-3-du-deces-darafat-dj-sa-famille-set-ses-amis-lui-rendent-hommage\/#article\",\"isPartOf\":{\"@id\":\"https:\/\/7culture.ci\/index.php\/2022\/08\/12\/an-3-du-deces-darafat-dj-sa-famille-set-ses-amis-lui-rendent-hommage\/\"},\"author\":{\"name\":\"7culture2020\",\"@id\":\"https:\/\/7culture.ci\/#\/schema\/person\/16150d28d7ef66ba788c1f87f28c4426\"},\"headline\":\"An 3 du d\u00e9c\u00e8s d\u2019Arafat DJ\u00a0: sa famille set ses amis lui rendent hommage\u00a0!\",\"datePublished\":\"2022-08-12T14:37:42+00:00\",\"dateModified\":\"2022-08-12T17:06:09+00:00\",\"mainEntityOfPage\":{\"@id\":\"https:\/\/7culture.ci\/index.php\/2022\/08\/12\/an-3-du-deces-darafat-dj-sa-famille-set-ses-amis-lui-rendent-hommage\/\"},\"wordCount\":322,\"commentCount\":0,\"publisher\":{\"@id\":\"https:\/\/7culture.ci\/#organization\"},\"articleSection\":[\"Actualit\u00e9\"],\"inLanguage\":\"fr-FR\",\"potentialAction\":[{\"@type\":\"CommentAction\",\"name\":\"Comment\",\"target\":[\"https:\/\/7culture.ci\/index.php\/2022\/08\/12\/an-3-du-deces-darafat-dj-sa-famille-set-ses-amis-lui-rendent-hommage\/#respond\"]}]},{\"@type\":\"WebPage\",\"@id\":\"https:\/\/7culture.ci\/index.php\/2022\/08\/12\/an-3-du-deces-darafat-dj-sa-famille-set-ses-amis-lui-rendent-hommage\/\",\"url\":\"https:\/\/7culture.ci\/index.php\/2022\/08\/12\/an-3-du-deces-darafat-dj-sa-famille-set-ses-amis-lui-rendent-hommage\/\",\"name\":\"An 3 du d\u00e9c\u00e8s d\u2019Arafat DJ\u00a0: sa famille set ses amis lui rendent hommage\u00a0! - 7culture\",\"isPartOf\":{\"@id\":\"https:\/\/7culture.ci\/#website\"},\"datePublished\":\"2022-08-12T14:37:42+00:00\",\"dateModified\":\"2022-08-12T17:06:09+00:00\",\"breadcrumb\":{\"@id\":\"https:\/\/7culture.ci\/index.php\/2022\/08\/12\/an-3-du-deces-darafat-dj-sa-famille-set-ses-amis-lui-rendent-hommage\/#breadcrumb\"},\"inLanguage\":\"fr-FR\",\"potentialAction\":[{\"@type\":\"ReadAction\",\"target\":[\"https:\/\/7culture.ci\/index.php\/2022\/08\/12\/an-3-du-deces-darafat-dj-sa-famille-set-ses-amis-lui-rendent-hommage\/\"]}]},{\"@type\":\"BreadcrumbList\",\"@id\":\"https:\/\/7culture.ci\/index.php\/2022\/08\/12\/an-3-du-deces-darafat-dj-sa-famille-set-ses-amis-lui-rendent-hommage\/#breadcrumb\",\"itemListElement\":[{\"@type\":\"ListItem\",\"position\":1,\"name\":\"Accueil\",\"item\":\"https:\/\/7culture.ci\/\"},{\"@type\":\"ListItem\",\"position\":2,\"name\":\"An 3 du d\u00e9c\u00e8s d\u2019Arafat DJ\u00a0: sa famille set ses amis lui rendent hommage\u00a0!\"}]},{\"@type\":\"WebSite\",\"@id\":\"https:\/\/7culture.ci\/#website\",\"url\":\"https:\/\/7culture.ci\/\",\"name\":\"7culture\",\"description\":\"Tout sur l&#039;actualit\u00e9\",\"publisher\":{\"@id\":\"https:\/\/7culture.ci\/#organization\"},\"potentialAction\":[{\"@type\":\"SearchAction\",\"target\":{\"@type\":\"EntryPoint\",\"urlTemplate\":\"https:\/\/7culture.ci\/?s={search_term_string}\"},\"query-input\":\"required name=search_term_string\"}],\"inLanguage\":\"fr-FR\"},{\"@type\":\"Organization\",\"@id\":\"https:\/\/7culture.ci\/#organization\",\"name\":\"7culture\",\"url\":\"https:\/\/7culture.ci\/\",\"sameAs\":[\"https:\/\/www.facebook.com\/redchefclaude\",\"https:\/\/twitter.com\/7culturec\"],\"logo\":{\"@type\":\"ImageObject\",\"inLanguage\":\"fr-FR\",\"@id\":\"https:\/\/7culture.ci\/#\/schema\/logo\/image\/\",\"url\":\"https:\/\/7culture.ci\/wp-content\/uploads\/2021\/12\/S1a-1.png\",\"contentUrl\":\"https:\/\/7culture.ci\/wp-content\/uploads\/2021\/12\/S1a-1.png\",\"width\":588,\"height\":192,\"caption\":\"7culture\"},\"image\":{\"@id\":\"https:\/\/7culture.ci\/#\/schema\/logo\/image\/\"}},{\"@type\":\"Person\",\"@id\":\"https:\/\/7culture.ci\/#\/schema\/person\/16150d28d7ef66ba788c1f87f28c4426\",\"name\":\"7culture2020\",\"image\":{\"@type\":\"ImageObject\",\"inLanguage\":\"fr-FR\",\"@id\":\"https:\/\/7culture.ci\/#\/schema\/person\/image\/\",\"url\":\"https:\/\/secure.gravatar.com\/avatar\/9a0784f951306c37bcd065f52844ef95?s=96&d=mm&r=g\",\"contentUrl\":\"https:\/\/secure.gravatar.com\/avatar\/9a0784f951306c37bcd065f52844ef95?s=96&d=mm&r=g\",\"caption\":\"7culture2020\"},\"sameAs\":[\"http:\/\/7culture.ci\",\"Claude.kipre\"],\"url\":\"https:\/\/7culture.ci\/index.php\/author\/7culture2020\/\"}]}<\/script>\n<!-- \/ Yoast SEO plugin. -->","yoast_head_json":{"title":"An 3 du d\u00e9c\u00e8s d\u2019Arafat DJ\u00a0: sa famille set ses amis lui rendent hommage\u00a0! - 7culture","robots":{"index":"index","follow":"follow","max-snippet":"max-snippet:-1","max-image-preview":"max-image-preview:large","max-video-preview":"max-video-preview:-1"},"canonical":"https:\/\/7culture.ci\/index.php\/2022\/08\/12\/an-3-du-deces-darafat-dj-sa-famille-set-ses-amis-lui-rendent-hommage\/","og_locale":"fr_FR","og_type":"article","og_title":"An 3 du d\u00e9c\u00e8s d\u2019Arafat DJ\u00a0: sa famille set ses amis lui rendent hommage\u00a0! - 7culture","og_description":"Le temps passe vite&nbsp;! DJ Arafat, le roi du couper-d\u00e9caler est pass\u00e9 de vie \u00e0 tr\u00e9pas il y a trois ans maintenant. A l\u2019occasion de la comm\u00e9moration de ces trois ann\u00e9es de d\u00e9c\u00e8s, sa famille et ses proches lui rendent hommage. Son ex compagne a laiss\u00e9 un message. \u00ab&nbsp;Didier, ils diront pleins de choses, mais &hellip; An 3 du d\u00e9c\u00e8s d\u2019Arafat DJ\u00a0: sa famille set ses amis lui rendent hommage\u00a0! Lire la suite\u00a0\u00bb","og_url":"https:\/\/7culture.ci\/index.php\/2022\/08\/12\/an-3-du-deces-darafat-dj-sa-famille-set-ses-amis-lui-rendent-hommage\/","og_site_name":"7culture","article_publisher":"https:\/\/www.facebook.com\/redchefclaude","article_published_time":"2022-08-12T14:37:42+00:00","article_modified_time":"2022-08-12T17:06:09+00:00","og_image":[{"width":979,"height":796,"url":"http:\/\/7culture.ci\/wp-content\/uploads\/2022\/08\/arafat4.jpg","type":"image\/jpeg"}],"author":"7culture2020","twitter_card":"summary_large_image","twitter_creator":"@7culturec","twitter_site":"@7culturec","twitter_misc":{"\u00c9crit par":"7culture2020","Dur\u00e9e de lecture estim\u00e9e":"2 minutes"},"schema":{"@context":"https:\/\/schema.org","@graph":[{"@type":"Article","@id":"https:\/\/7culture.ci\/index.php\/2022\/08\/12\/an-3-du-deces-darafat-dj-sa-famille-set-ses-amis-lui-rendent-hommage\/#article","isPartOf":{"@id":"https:\/\/7culture.ci\/index.php\/2022\/08\/12\/an-3-du-deces-darafat-dj-sa-famille-set-ses-amis-lui-rendent-hommage\/"},"author":{"name":"7culture2020","@id":"https:\/\/7culture.ci\/#\/schema\/person\/16150d28d7ef66ba788c1f87f28c4426"},"headline":"An 3 du d\u00e9c\u00e8s d\u2019Arafat DJ\u00a0: sa famille set ses amis lui rendent hommage\u00a0!","datePublished":"2022-08-12T14:37:42+00:00","dateModified":"2022-08-12T17:06:09+00:00","mainEntityOfPage":{"@id":"https:\/\/7culture.ci\/index.php\/2022\/08\/12\/an-3-du-deces-darafat-dj-sa-famille-set-ses-amis-lui-rendent-hommage\/"},"wordCount":322,"commentCount":0,"publisher":{"@id":"https:\/\/7culture.ci\/#organization"},"articleSection":["Actualit\u00e9"],"inLanguage":"fr-FR","potentialAction":[{"@type":"CommentAction","name":"Comment","target":["https:\/\/7culture.ci\/index.php\/2022\/08\/12\/an-3-du-deces-darafat-dj-sa-famille-set-ses-amis-lui-rendent-hommage\/#respond"]}]},{"@type":"WebPage","@id":"https:\/\/7culture.ci\/index.php\/2022\/08\/12\/an-3-du-deces-darafat-dj-sa-famille-set-ses-amis-lui-rendent-hommage\/","url":"https:\/\/7culture.ci\/index.php\/2022\/08\/12\/an-3-du-deces-darafat-dj-sa-famille-set-ses-amis-lui-rendent-hommage\/","name":"An 3 du d\u00e9c\u00e8s d\u2019Arafat DJ\u00a0: sa famille set ses amis lui rendent hommage\u00a0! - 7culture","isPartOf":{"@id":"https:\/\/7culture.ci\/#website"},"datePublished":"2022-08-12T14:37:42+00:00","dateModified":"2022-08-12T17:06:09+00:00","breadcrumb":{"@id":"https:\/\/7culture.ci\/index.php\/2022\/08\/12\/an-3-du-deces-darafat-dj-sa-famille-set-ses-amis-lui-rendent-hommage\/#breadcrumb"},"inLanguage":"fr-FR","potentialAction":[{"@type":"ReadAction","target":["https:\/\/7culture.ci\/index.php\/2022\/08\/12\/an-3-du-deces-darafat-dj-sa-famille-set-ses-amis-lui-rendent-hommage\/"]}]},{"@type":"BreadcrumbList","@id":"https:\/\/7culture.ci\/index.php\/2022\/08\/12\/an-3-du-deces-darafat-dj-sa-famille-set-ses-amis-lui-rendent-hommage\/#breadcrumb","itemListElement":[{"@type":"ListItem","position":1,"name":"Accueil","item":"https:\/\/7culture.ci\/"},{"@type":"ListItem","position":2,"name":"An 3 du d\u00e9c\u00e8s d\u2019Arafat DJ\u00a0: sa famille set ses amis lui rendent hommage\u00a0!"}]},{"@type":"WebSite","@id":"https:\/\/7culture.ci\/#website","url":"https:\/\/7culture.ci\/","name":"7culture","description":"Tout sur l&#039;actualit\u00e9","publisher":{"@id":"https:\/\/7culture.ci\/#organization"},"potentialAction":[{"@type":"SearchAction","target":{"@type":"EntryPoint","urlTemplate":"https:\/\/7culture.ci\/?s={search_term_string}"},"query-input":"required name=search_term_string"}],"inLanguage":"fr-FR"},{"@type":"Organization","@id":"https:\/\/7culture.ci\/#organization","name":"7culture","url":"https:\/\/7culture.ci\/","sameAs":["https:\/\/www.facebook.com\/redchefclaude","https:\/\/twitter.com\/7culturec"],"logo":{"@type":"ImageObject","inLanguage":"fr-FR","@id":"https:\/\/7culture.ci\/#\/schema\/logo\/image\/","url":"https:\/\/7culture.ci\/wp-content\/uploads\/2021\/12\/S1a-1.png","contentUrl":"https:\/\/7culture.ci\/wp-content\/uploads\/2021\/12\/S1a-1.png","width":588,"height":192,"caption":"7culture"},"image":{"@id":"https:\/\/7culture.ci\/#\/schema\/logo\/image\/"}},{"@type":"Person","@id":"https:\/\/7culture.ci\/#\/schema\/person\/16150d28d7ef66ba788c1f87f28c4426","name":"7culture2020","image":{"@type":"ImageObject","inLanguage":"fr-FR","@id":"https:\/\/7culture.ci\/#\/schema\/person\/image\/","url":"https:\/\/secure.gravatar.com\/avatar\/9a0784f951306c37bcd065f52844ef95?s=96&d=mm&r=g","contentUrl":"https:\/\/secure.gravatar.com\/avatar\/9a0784f951306c37bcd065f52844ef95?s=96&d=mm&r=g","caption":"7culture2020"},"sameAs":["http:\/\/7culture.ci","Claude.kipre"],"url":"https:\/\/7culture.ci\/index.php\/author\/7culture2020\/"}]}},"jetpack_featured_media_url":"https:\/\/7culture.ci\/wp-content\/uploads\/2022\/08\/arafat4.jpg","jetpack_likes_enabled":true,"jetpack_sharing_enabled":true,"_links":{"self":[{"href":"https:\/\/7culture.ci\/index.php\/wp-json\/wp\/v2\/posts\/23238"}],"collection":[{"href":"https:\/\/7culture.ci\/index.php\/wp-json\/wp\/v2\/posts"}],"about":[{"href":"https:\/\/7culture.ci\/index.php\/wp-json\/wp\/v2\/types\/post"}],"author":[{"embeddable":true,"href":"https:\/\/7culture.ci\/index.php\/wp-json\/wp\/v2\/users\/1"}],"replies":[{"embeddable":true,"href":"https:\/\/7culture.ci\/index.php\/wp-json\/wp\/v2\/comments?post=23238"}],"version-history":[{"count":0,"href":"https:\/\/7culture.ci\/index.php\/wp-json\/wp\/v2\/posts\/23238\/revisions"}],"wp:featuredmedia":[{"embeddable":true,"href":"https:\/\/7culture.ci\/index.php\/wp-json\/wp\/v2\/media\/23239"}],"wp:attachment":[{"href":"https:\/\/7culture.ci\/index.php\/wp-json\/wp\/v2\/media?parent=23238"}],"wp:term":[{"taxonomy":"category","embeddable":true,"href":"https:\/\/7culture.ci\/index.php\/wp-json\/wp\/v2\/categories?post=23238"},{"taxonomy":"post_tag","embeddable":true,"href":"https:\/\/7culture.ci\/index.php\/wp-json\/wp\/v2\/tags?post=23238"}],"curies":[{"name":"wp","href":"https:\/\/api.w.org\/{rel}","templated":true}]}}