{"id":23053,"date":"2022-08-09T16:27:39","date_gmt":"2022-08-09T14:27:39","guid":{"rendered":"https:\/\/7culture.ci\/?p=23053"},"modified":"2022-08-10T11:23:32","modified_gmt":"2022-08-10T09:23:32","slug":"45-ans-daicha-kone-a-lhotel-ivoire-comme-une-fete-au-village","status":"publish","type":"post","link":"https:\/\/7culture.ci\/index.php\/2022\/08\/09\/45-ans-daicha-kone-a-lhotel-ivoire-comme-une-fete-au-village\/","title":{"rendered":"45 ans d&#8217;Aicha Kon\u00e9 \u00e0 l\u2019h\u00f4tel Ivoire : comme une f\u00eate au village"},"content":{"rendered":"\n<p>\u00ab&nbsp;<strong><em>Aicha Kon\u00e9, toi qu\u2019on appelle \u00e0 Adjam\u00e9 Massiata Kon\u00e9. Imagine Manu Dibango, Jimmy Hyacinthe, Miriam Makeba\u2026 de l\u00e0 o\u00f9 ils se trouvent, ils sont tous l\u00e0 ce soir pour toi au Palais des congr\u00e8s du Sofitel Abidjan H\u00f4tel Ivoire. Tout le village te c\u00e9l\u00e8bre. (\u2026)&nbsp;<\/em><\/strong>\u00bb. Ces mots du pr\u00e9sentateur et animateurs Robert Brazza r\u00e9sument l\u2019ambiance qui a r\u00e9gn\u00e9 le 7 ao\u00fbt dernier au palais des congr\u00e8s du Sofitel Abidjan Ivoire. Dans cette salle qui a re\u00e7u les plus grandes rencontres de l\u2019histoire de la C\u00f4te d\u2019Ivoire et dans laquelle de nombreux artistes d\u2019ici et d\u2019ailleurs ont chant\u00e9, Aicha Kon\u00e9 c\u00e9l\u00e9brait ses quatre d\u00e9cennies de sc\u00e8ne.<\/p>\n\n\n\n<p>Apr\u00e8s une entr\u00e9e r\u00e9ussie sous les ch\u0153urs et les acclamations du public, la diva donne les couleurs&nbsp;: \u00ab&nbsp;<strong><em>Nous sommes aujourd&#8217;hui dans une nuit de reconnaissance<\/em><\/strong>&nbsp;\u00bb. Sur sa reprise de \u2018\u2019<em>Kilimandjaro<\/em>\u2019\u2019 de Miriam Makeba qu\u2019elle salue au passage, l\u2019imp\u00e9ratrice de la chanson ivoirienne fait un coucou aux couturiers Ciss st Mo\u00efse et Gilles Tour\u00e9 avant de dire un petit mot gentil \u00e0 l\u2019endroit de Tour\u00e9 Ahmed Boua. Apr\u00e8s avoir remerci\u00e9 comme il se doit le pr\u00e9sident Laurent Gbagbo, A\u00efcha Kon\u00e9 se montre reconnaissante \u00e0 Lass PR, Soro Guillaume, Ado, B\u00e9di\u00e9&#8230; avant de les inviter \u00e0 la paix dans une chanson. \u00ab&nbsp;<strong><em>B\u00e9di\u00e9, Soro, Gbagbo, Alassane, c&#8217;est quoi \u00e7a ?? Qui a la r\u00e9ponse ?<\/em><\/strong>\u00bb, demande-t-elle et chante&nbsp;: \u00ab&nbsp;<strong>Laurent Gbagbo, k\u00e8l\u00e8 magny <\/strong>(la guerre n\u2019est pas bien, ndlr)<strong>, Alassane Ouattara, k\u00e8l\u00e8 magny, Henri Konan B\u00e9di\u00e9, k\u00e8l\u00e8 magny, Mabri Toikeuse, k\u00e8l\u00e8 magny, Soro Guillaume, k\u00e8l\u00e8 magny&#8230;<\/strong>&nbsp;\u00bb. Puis d\u2019implorer: \u00ab&nbsp;<strong><em>On veut la paix<\/em><\/strong>&nbsp;\u00bb.<\/p>\n\n\n\n<figure class=\"wp-block-gallery has-nested-images columns-default is-cropped wp-block-gallery-1 is-layout-flex wp-block-gallery-is-layout-flex\">\n<figure class=\"wp-block-image size-large\"><img loading=\"lazy\" decoding=\"async\" width=\"608\" height=\"912\" data-id=\"23063\" src=\"https:\/\/7culture.ci\/wp-content\/uploads\/2022\/08\/WhatsApp-Image-2022-08-09-at-14.07.20-1-1.jpeg\" alt=\"\" class=\"wp-image-23063\" srcset=\"https:\/\/7culture.ci\/wp-content\/uploads\/2022\/08\/WhatsApp-Image-2022-08-09-at-14.07.20-1-1.jpeg 608w, https:\/\/7culture.ci\/wp-content\/uploads\/2022\/08\/WhatsApp-Image-2022-08-09-at-14.07.20-1-1-200x300.jpeg 200w\" sizes=\"(max-width: 608px) 100vw, 608px\" \/><\/figure>\n\n\n\n<figure class=\"wp-block-image size-large\"><img loading=\"lazy\" decoding=\"async\" width=\"912\" height=\"608\" data-id=\"23064\" src=\"https:\/\/7culture.ci\/wp-content\/uploads\/2022\/08\/WhatsApp-Image-2022-08-09-at-14.07.24-1.jpeg\" alt=\"\" class=\"wp-image-23064\" srcset=\"https:\/\/7culture.ci\/wp-content\/uploads\/2022\/08\/WhatsApp-Image-2022-08-09-at-14.07.24-1.jpeg 912w, https:\/\/7culture.ci\/wp-content\/uploads\/2022\/08\/WhatsApp-Image-2022-08-09-at-14.07.24-1-300x200.jpeg 300w, https:\/\/7culture.ci\/wp-content\/uploads\/2022\/08\/WhatsApp-Image-2022-08-09-at-14.07.24-1-768x512.jpeg 768w\" sizes=\"(max-width: 912px) 100vw, 912px\" \/><\/figure>\n\n\n\n<figure class=\"wp-block-image size-large\"><img loading=\"lazy\" decoding=\"async\" width=\"912\" height=\"608\" data-id=\"23065\" src=\"https:\/\/7culture.ci\/wp-content\/uploads\/2022\/08\/WhatsApp-Image-2022-08-09-at-14.07.24-2.jpeg\" alt=\"\" class=\"wp-image-23065\" srcset=\"https:\/\/7culture.ci\/wp-content\/uploads\/2022\/08\/WhatsApp-Image-2022-08-09-at-14.07.24-2.jpeg 912w, https:\/\/7culture.ci\/wp-content\/uploads\/2022\/08\/WhatsApp-Image-2022-08-09-at-14.07.24-2-300x200.jpeg 300w, https:\/\/7culture.ci\/wp-content\/uploads\/2022\/08\/WhatsApp-Image-2022-08-09-at-14.07.24-2-768x512.jpeg 768w\" sizes=\"(max-width: 912px) 100vw, 912px\" \/><\/figure>\n<\/figure>\n\n\n\n<p>C\u2019est vrai qu\u2019A\u00efcha Kon\u00e9 n\u2019a pas eu l\u2019image qu\u2019elle voulait donner \u00e0 ses 45 ans de carri\u00e8re. Celle de voir les pr\u00e9sidents B\u00e9di\u00e9, Gbagbo et Ouattara r\u00e9unis \u00e0 son concert. A part le pr\u00e9sident Gbagbo pr\u00e9sident physiquement, les autres ont envoy\u00e9 des repr\u00e9sentants. Qu\u2019\u00e0 cela ne tienne, la f\u00eate \u00e9tait belle et l\u2019\u00e9v\u00e8nement a tenu toutes ses promesses.<\/p>\n\n\n\n<p>Les surprises n\u2019ont pas manqu\u00e9 \u00e0 la f\u00eate \u00e0 A\u00efcha Kon\u00e9. Comme quand les doyens Bamba Bakary et Boncana Ma\u00efga montent sur la sc\u00e8ne rejoindre la diva, la salle exulte. \u00ab&nbsp;<strong><em>Je suis un papa tr\u00e8s heureux qui a vu sa fille grandir. C&#8217;\u00e9tait entre 1973 et 1974, j&#8217;\u00e9tais enseignant \u00e0 l\u2019INA <\/em><\/strong>(Institut national des arts, ndlr). <strong><em>Et je dirigeais l&#8217;orchestre de la RTI. Un jour, A\u00efcha m\u2019a trouv\u00e9 \u00e0 l\u2019INA. Je venais d&#8217;arriver de Cuba et elle me dit qu&#8217;elle veut chanter et qu&#8217;elle va me chanter Guantanamera. Je lui dis, vas-y, chante alors. 45 ans apr\u00e8s, elle chante encore tr\u00e8s bien<\/em><\/strong>&nbsp;\u00bb, complimente le c\u00e9l\u00e8bre arrangeur, musicien et chanteur. L\u2019auteur du tube \u2018\u2019 Rendez-vous chez Fatimata\u2019\u2019 chante sur le champ une exclusivit\u00e9 d\u00e9di\u00e9e \u00e0 sa m\u00e8re pour Aicha Kon\u00e9. Puis, c\u2019est au tour des anciens George Ta\u00ef Benson et Diabo Steck qui prennent place aux c\u00f4t\u00e9s de leurs s\u0153urs. L\u2019ancienne vedette de la t\u00e9l\u00e9vision ivoirienne entonne un chant avec la diva. \u00ab&nbsp;<strong><em>Comme A\u00efcha l\u2019a dit, c\u2019est une soir\u00e9e de gratitude et de reconnaissance. Je suis sorti de l&#8217;h\u00f4pital pour venir dire merci \u00e0 A\u00efcha Kon\u00e9. Ils ne sont pas nombreux ceux qui m\u2019ont retourn\u00e9 l&#8217;ascenseur. Que Dieu \u00e9claire \u00e0 nouveau le chemin artistique d&#8217;Aicha Kon\u00e9<\/em><\/strong>&nbsp;\u00bb, a souhait\u00e9 George Ta\u00ef Benson. Dans ce lot de rencontres in\u00e9dites et de collaborations improvis\u00e9es, il est \u00e0 signaler celle de Bailly Spinto avec la m\u00e8re de Tchaga. Le Rossignol de la chanson ivoirienne interpr\u00e8te son titre culte \u2018\u2019Taxi Sognon\u2019\u2019 que l\u2019imp\u00e9ratrice reprend en dioula avec ses termes \u00e0 elle. La salle appr\u00e9cie avec des acclamations. Tout comme elle le fait quand des enfants chantent \u2018\u2019Narda\u2019\u2019 avec Amy Bamba.<\/p>\n\n\n\n<figure class=\"wp-block-gallery has-nested-images columns-default is-cropped wp-block-gallery-2 is-layout-flex wp-block-gallery-is-layout-flex\">\n<figure class=\"wp-block-image size-large\"><img loading=\"lazy\" decoding=\"async\" width=\"912\" height=\"608\" data-id=\"23057\" src=\"https:\/\/7culture.ci\/wp-content\/uploads\/2022\/08\/WhatsApp-Image-2022-08-09-at-14.07.15-1.jpeg\" alt=\"\" class=\"wp-image-23057\" srcset=\"https:\/\/7culture.ci\/wp-content\/uploads\/2022\/08\/WhatsApp-Image-2022-08-09-at-14.07.15-1.jpeg 912w, https:\/\/7culture.ci\/wp-content\/uploads\/2022\/08\/WhatsApp-Image-2022-08-09-at-14.07.15-1-300x200.jpeg 300w, https:\/\/7culture.ci\/wp-content\/uploads\/2022\/08\/WhatsApp-Image-2022-08-09-at-14.07.15-1-768x512.jpeg 768w\" sizes=\"(max-width: 912px) 100vw, 912px\" \/><\/figure>\n\n\n\n<figure class=\"wp-block-image size-large\"><img loading=\"lazy\" decoding=\"async\" width=\"912\" height=\"608\" data-id=\"23058\" src=\"https:\/\/7culture.ci\/wp-content\/uploads\/2022\/08\/WhatsApp-Image-2022-08-09-at-14.07.16.jpeg\" alt=\"\" class=\"wp-image-23058\" srcset=\"https:\/\/7culture.ci\/wp-content\/uploads\/2022\/08\/WhatsApp-Image-2022-08-09-at-14.07.16.jpeg 912w, https:\/\/7culture.ci\/wp-content\/uploads\/2022\/08\/WhatsApp-Image-2022-08-09-at-14.07.16-300x200.jpeg 300w, https:\/\/7culture.ci\/wp-content\/uploads\/2022\/08\/WhatsApp-Image-2022-08-09-at-14.07.16-768x512.jpeg 768w\" sizes=\"(max-width: 912px) 100vw, 912px\" \/><\/figure>\n\n\n\n<figure class=\"wp-block-image size-large\"><img loading=\"lazy\" decoding=\"async\" width=\"912\" height=\"608\" data-id=\"23059\" src=\"https:\/\/7culture.ci\/wp-content\/uploads\/2022\/08\/WhatsApp-Image-2022-08-09-at-14.07.17.jpeg\" alt=\"\" class=\"wp-image-23059\" srcset=\"https:\/\/7culture.ci\/wp-content\/uploads\/2022\/08\/WhatsApp-Image-2022-08-09-at-14.07.17.jpeg 912w, https:\/\/7culture.ci\/wp-content\/uploads\/2022\/08\/WhatsApp-Image-2022-08-09-at-14.07.17-300x200.jpeg 300w, https:\/\/7culture.ci\/wp-content\/uploads\/2022\/08\/WhatsApp-Image-2022-08-09-at-14.07.17-768x512.jpeg 768w\" sizes=\"(max-width: 912px) 100vw, 912px\" \/><\/figure>\n<\/figure>\n\n\n\n<p>Sur la sc\u00e8ne, A\u00efcha Kon\u00e9 a re\u00e7u tous les honneurs de ses coll\u00e8gues. En C\u00f4te d\u2019Ivoire, Dan Log, Dothy-Z, Sidonie la Tigresse, Monique Seka, Aydissa, Aklane, Chantal Ta\u00efba, Sophie Farane, Alain D\u00e9mari, L\u00e9onie\u2026 rejoignent l\u2019artiste sexag\u00e9naire qui pour lui remettre un bouquet de fleurs, qui pour lui offrir un complet de pagne. Ou qui encore pour lui donner de l\u2019argent. Par l\u2019entremise de son manager, Meiway a offert un tableau \u00e0 l\u2019effigie de la chanteuse.<\/p>\n\n\n\n<p>Pour la c\u00e9l\u00e9bration des 45 ans de carri\u00e8re d\u2019A\u00efcha Kon\u00e9, les artistes sont venus de partout. Tshala Muana de la RDC, Amy Ko\u00efta du Mali, Isma\u00ebl L\u00f4 du S\u00e9n\u00e9gal, Amadou Sodia de la Guin\u00e9e, Zougnazaguemda et Almamy KJ du Burkina Faso \u00e9taient aussi de la partie. \u00ab&nbsp;<strong><em>Je suis chanteur d&#8217;op\u00e9ra en France et j\u2019ai 44 ans. Ce soir, j&#8217;ai r\u00e9alis\u00e9 mon r\u00eave: chanter avec Aicha Kon\u00e9<\/em><\/strong>&nbsp;\u00bb, s\u2019est r\u00e9joui Isaac John Kon\u00e9 du Gabon. A travers ses s\u0153urs, le couturier Alphadi a remis des pagnes \u00e0 la star de la soir\u00e9e.<\/p>\n\n\n\n<figure class=\"wp-block-gallery has-nested-images columns-default is-cropped wp-block-gallery-3 is-layout-flex wp-block-gallery-is-layout-flex\">\n<figure class=\"wp-block-image size-large\"><img loading=\"lazy\" decoding=\"async\" width=\"608\" height=\"912\" data-id=\"23060\" src=\"https:\/\/7culture.ci\/wp-content\/uploads\/2022\/08\/WhatsApp-Image-2022-08-09-at-14.07.18.jpeg\" alt=\"\" class=\"wp-image-23060\" srcset=\"https:\/\/7culture.ci\/wp-content\/uploads\/2022\/08\/WhatsApp-Image-2022-08-09-at-14.07.18.jpeg 608w, https:\/\/7culture.ci\/wp-content\/uploads\/2022\/08\/WhatsApp-Image-2022-08-09-at-14.07.18-200x300.jpeg 200w\" sizes=\"(max-width: 608px) 100vw, 608px\" \/><\/figure>\n\n\n\n<figure class=\"wp-block-image size-large\"><img loading=\"lazy\" decoding=\"async\" width=\"608\" height=\"912\" data-id=\"23061\" src=\"https:\/\/7culture.ci\/wp-content\/uploads\/2022\/08\/WhatsApp-Image-2022-08-09-at-14.07.19-1.jpeg\" alt=\"\" class=\"wp-image-23061\" srcset=\"https:\/\/7culture.ci\/wp-content\/uploads\/2022\/08\/WhatsApp-Image-2022-08-09-at-14.07.19-1.jpeg 608w, https:\/\/7culture.ci\/wp-content\/uploads\/2022\/08\/WhatsApp-Image-2022-08-09-at-14.07.19-1-200x300.jpeg 200w\" sizes=\"(max-width: 608px) 100vw, 608px\" \/><\/figure>\n\n\n\n<figure class=\"wp-block-image size-large\"><img loading=\"lazy\" decoding=\"async\" width=\"912\" height=\"608\" data-id=\"23062\" src=\"https:\/\/7culture.ci\/wp-content\/uploads\/2022\/08\/WhatsApp-Image-2022-08-09-at-14.07.21.jpeg\" alt=\"\" class=\"wp-image-23062\" srcset=\"https:\/\/7culture.ci\/wp-content\/uploads\/2022\/08\/WhatsApp-Image-2022-08-09-at-14.07.21.jpeg 912w, https:\/\/7culture.ci\/wp-content\/uploads\/2022\/08\/WhatsApp-Image-2022-08-09-at-14.07.21-300x200.jpeg 300w, https:\/\/7culture.ci\/wp-content\/uploads\/2022\/08\/WhatsApp-Image-2022-08-09-at-14.07.21-768x512.jpeg 768w\" sizes=\"(max-width: 912px) 100vw, 912px\" \/><\/figure>\n<\/figure>\n\n\n\n<p>Avant le lever de rideau, Digital DJ, Lili Djely, Mel Claudia, Mister Bryan, Jojo Barley, Julienne et Mike Alabi ont assur\u00e9 la premi\u00e8re partie du grand show d\u00e9di\u00e9 \u00e0 A\u00efcha Kon\u00e9. Les ma\u00eetres de c\u00e9r\u00e9monie \u00e9taient Momo, Necy N\u2019dry et Adama Dahico. La coordination g\u00e9n\u00e9rale du spectacle a \u00e9t\u00e9 orchestr\u00e9e par David Tayorault, le directeur artistique. L\u2019\u00e9v\u00e8nement a \u00e9t\u00e9 pilot\u00e9 par la structure Africa Black Label (ABL) du jeune Mohamed Fofana. D\u00e9marr\u00e9e \u00e0 22h30, la c\u00e9l\u00e9bration des 45 ans de carri\u00e8re d\u2019A\u00efcha Kon\u00e9 a pris fin \u00e0 2h10 autour d\u2019un gigantesque g\u00e2teau d\u2019anniversaire.<\/p>\n\n\n\n<div class=\"wp-block-image\"><figure class=\"aligncenter size-full is-resized\"><img loading=\"lazy\" decoding=\"async\" src=\"https:\/\/7culture.ci\/wp-content\/uploads\/2022\/08\/WhatsApp-Image-2022-08-09-at-14.07.10.jpeg\" alt=\"\" class=\"wp-image-23066\" width=\"651\" height=\"434\" srcset=\"https:\/\/7culture.ci\/wp-content\/uploads\/2022\/08\/WhatsApp-Image-2022-08-09-at-14.07.10.jpeg 912w, https:\/\/7culture.ci\/wp-content\/uploads\/2022\/08\/WhatsApp-Image-2022-08-09-at-14.07.10-300x200.jpeg 300w, https:\/\/7culture.ci\/wp-content\/uploads\/2022\/08\/WhatsApp-Image-2022-08-09-at-14.07.10-768x512.jpeg 768w\" sizes=\"(max-width: 651px) 100vw, 651px\" \/><\/figure><\/div>\n\n\n\n<p>Par Omar AK<\/p>\n\n\n\n<p>Cr\u00e9dit Photos&nbsp;: Pascal Secredou<\/p>\n","protected":false},"excerpt":{"rendered":"<p>\u00ab&nbsp;Aicha Kon\u00e9, toi qu\u2019on appelle \u00e0 Adjam\u00e9 Massiata Kon\u00e9. Imagine Manu Dibango, Jimmy Hyacinthe, Miriam Makeba\u2026 de l\u00e0 o\u00f9 ils se trouvent, ils sont tous l\u00e0 ce soir pour toi au Palais des congr\u00e8s du Sofitel Abidjan H\u00f4tel Ivoire. Tout le village te c\u00e9l\u00e8bre. (\u2026)&nbsp;\u00bb. Ces mots du pr\u00e9sentateur et animateurs Robert Brazza r\u00e9sument l\u2019ambiance &hellip;<\/p>\n<p class=\"read-more\"> <a class=\"\" href=\"https:\/\/7culture.ci\/index.php\/2022\/08\/09\/45-ans-daicha-kone-a-lhotel-ivoire-comme-une-fete-au-village\/\"> <span class=\"screen-reader-text\">45 ans d&#8217;Aicha Kon\u00e9 \u00e0 l\u2019h\u00f4tel Ivoire : comme une f\u00eate au village<\/span> Lire la suite\u00a0\u00bb<\/a><\/p>\n","protected":false},"author":1,"featured_media":23054,"comment_status":"open","ping_status":"open","sticky":false,"template":"","format":"standard","meta":{"_mi_skip_tracking":false,"_monsterinsights_sitenote_active":false,"_monsterinsights_sitenote_note":"","_monsterinsights_sitenote_category":0,"site-sidebar-layout":"default","site-content-layout":"default","ast-global-header-display":"","ast-main-header-display":"","ast-hfb-above-header-display":"","ast-hfb-below-header-display":"","ast-hfb-mobile-header-display":"","site-post-title":"","ast-breadcrumbs-content":"","ast-featured-img":"","footer-sml-layout":"","theme-transparent-header-meta":"","adv-header-id-meta":"","stick-header-meta":"","header-above-stick-meta":"","header-main-stick-meta":"","header-below-stick-meta":"","footnotes":"","jetpack_publicize_message":"","jetpack_is_tweetstorm":false,"jetpack_publicize_feature_enabled":true},"categories":[16],"tags":[],"jetpack_publicize_connections":[],"acf":[],"aioseo_notices":[],"yoast_head":"<!-- This site is optimized with the Yoast SEO plugin v19.6.1 - https:\/\/yoast.com\/wordpress\/plugins\/seo\/ -->\n<title>45 ans d&#039;Aicha Kon\u00e9 \u00e0 l\u2019h\u00f4tel Ivoire : comme une f\u00eate au village -<\/title>\n<meta name=\"robots\" content=\"index, follow, max-snippet:-1, max-image-preview:large, max-video-preview:-1\" \/>\n<link rel=\"canonical\" href=\"https:\/\/7culture.ci\/index.php\/2022\/08\/09\/45-ans-daicha-kone-a-lhotel-ivoire-comme-une-fete-au-village\/\" \/>\n<meta property=\"og:locale\" content=\"fr_FR\" \/>\n<meta property=\"og:type\" content=\"article\" \/>\n<meta property=\"og:title\" content=\"45 ans d&#039;Aicha Kon\u00e9 \u00e0 l\u2019h\u00f4tel Ivoire : comme une f\u00eate au village -\" \/>\n<meta property=\"og:description\" content=\"\u00ab&nbsp;Aicha Kon\u00e9, toi qu\u2019on appelle \u00e0 Adjam\u00e9 Massiata Kon\u00e9. Imagine Manu Dibango, Jimmy Hyacinthe, Miriam Makeba\u2026 de l\u00e0 o\u00f9 ils se trouvent, ils sont tous l\u00e0 ce soir pour toi au Palais des congr\u00e8s du Sofitel Abidjan H\u00f4tel Ivoire. Tout le village te c\u00e9l\u00e8bre. (\u2026)&nbsp;\u00bb. Ces mots du pr\u00e9sentateur et animateurs Robert Brazza r\u00e9sument l\u2019ambiance &hellip; 45 ans d&#8217;Aicha Kon\u00e9 \u00e0 l\u2019h\u00f4tel Ivoire : comme une f\u00eate au village Lire la suite\u00a0\u00bb\" \/>\n<meta property=\"og:url\" content=\"https:\/\/7culture.ci\/index.php\/2022\/08\/09\/45-ans-daicha-kone-a-lhotel-ivoire-comme-une-fete-au-village\/\" \/>\n<meta property=\"og:site_name\" content=\"7culture\" \/>\n<meta property=\"article:publisher\" content=\"https:\/\/www.facebook.com\/redchefclaude\" \/>\n<meta property=\"article:published_time\" content=\"2022-08-09T14:27:39+00:00\" \/>\n<meta property=\"article:modified_time\" content=\"2022-08-10T09:23:32+00:00\" \/>\n<meta property=\"og:image\" content=\"http:\/\/7culture.ci\/wp-content\/uploads\/2022\/08\/WhatsApp-Image-2022-08-09-at-14.07.23.jpeg\" \/>\n\t<meta property=\"og:image:width\" content=\"912\" \/>\n\t<meta property=\"og:image:height\" content=\"608\" \/>\n\t<meta property=\"og:image:type\" content=\"image\/jpeg\" \/>\n<meta name=\"author\" content=\"7culture2020\" \/>\n<meta name=\"twitter:card\" content=\"summary_large_image\" \/>\n<meta name=\"twitter:creator\" content=\"@7culturec\" \/>\n<meta name=\"twitter:site\" content=\"@7culturec\" \/>\n<meta name=\"twitter:label1\" content=\"\u00c9crit par\" \/>\n\t<meta name=\"twitter:data1\" content=\"7culture2020\" \/>\n\t<meta name=\"twitter:label2\" content=\"Dur\u00e9e de lecture estim\u00e9e\" \/>\n\t<meta name=\"twitter:data2\" content=\"7 minutes\" \/>\n<script type=\"application\/ld+json\" class=\"yoast-schema-graph\">{\"@context\":\"https:\/\/schema.org\",\"@graph\":[{\"@type\":\"Article\",\"@id\":\"https:\/\/7culture.ci\/index.php\/2022\/08\/09\/45-ans-daicha-kone-a-lhotel-ivoire-comme-une-fete-au-village\/#article\",\"isPartOf\":{\"@id\":\"https:\/\/7culture.ci\/index.php\/2022\/08\/09\/45-ans-daicha-kone-a-lhotel-ivoire-comme-une-fete-au-village\/\"},\"author\":{\"name\":\"7culture2020\",\"@id\":\"https:\/\/7culture.ci\/#\/schema\/person\/16150d28d7ef66ba788c1f87f28c4426\"},\"headline\":\"45 ans d&#8217;Aicha Kon\u00e9 \u00e0 l\u2019h\u00f4tel Ivoire : comme une f\u00eate au village\",\"datePublished\":\"2022-08-09T14:27:39+00:00\",\"dateModified\":\"2022-08-10T09:23:32+00:00\",\"mainEntityOfPage\":{\"@id\":\"https:\/\/7culture.ci\/index.php\/2022\/08\/09\/45-ans-daicha-kone-a-lhotel-ivoire-comme-une-fete-au-village\/\"},\"wordCount\":1005,\"commentCount\":0,\"publisher\":{\"@id\":\"https:\/\/7culture.ci\/#organization\"},\"articleSection\":[\"Musique\"],\"inLanguage\":\"fr-FR\",\"potentialAction\":[{\"@type\":\"CommentAction\",\"name\":\"Comment\",\"target\":[\"https:\/\/7culture.ci\/index.php\/2022\/08\/09\/45-ans-daicha-kone-a-lhotel-ivoire-comme-une-fete-au-village\/#respond\"]}]},{\"@type\":\"WebPage\",\"@id\":\"https:\/\/7culture.ci\/index.php\/2022\/08\/09\/45-ans-daicha-kone-a-lhotel-ivoire-comme-une-fete-au-village\/\",\"url\":\"https:\/\/7culture.ci\/index.php\/2022\/08\/09\/45-ans-daicha-kone-a-lhotel-ivoire-comme-une-fete-au-village\/\",\"name\":\"45 ans d'Aicha Kon\u00e9 \u00e0 l\u2019h\u00f4tel Ivoire : comme une f\u00eate au village -\",\"isPartOf\":{\"@id\":\"https:\/\/7culture.ci\/#website\"},\"datePublished\":\"2022-08-09T14:27:39+00:00\",\"dateModified\":\"2022-08-10T09:23:32+00:00\",\"breadcrumb\":{\"@id\":\"https:\/\/7culture.ci\/index.php\/2022\/08\/09\/45-ans-daicha-kone-a-lhotel-ivoire-comme-une-fete-au-village\/#breadcrumb\"},\"inLanguage\":\"fr-FR\",\"potentialAction\":[{\"@type\":\"ReadAction\",\"target\":[\"https:\/\/7culture.ci\/index.php\/2022\/08\/09\/45-ans-daicha-kone-a-lhotel-ivoire-comme-une-fete-au-village\/\"]}]},{\"@type\":\"BreadcrumbList\",\"@id\":\"https:\/\/7culture.ci\/index.php\/2022\/08\/09\/45-ans-daicha-kone-a-lhotel-ivoire-comme-une-fete-au-village\/#breadcrumb\",\"itemListElement\":[{\"@type\":\"ListItem\",\"position\":1,\"name\":\"Accueil\",\"item\":\"https:\/\/7culture.ci\/\"},{\"@type\":\"ListItem\",\"position\":2,\"name\":\"45 ans d&rsquo;Aicha Kon\u00e9 \u00e0 l\u2019h\u00f4tel Ivoire : comme une f\u00eate au village\"}]},{\"@type\":\"WebSite\",\"@id\":\"https:\/\/7culture.ci\/#website\",\"url\":\"https:\/\/7culture.ci\/\",\"name\":\"7culture\",\"description\":\"Tout sur l&#039;actualit\u00e9\",\"publisher\":{\"@id\":\"https:\/\/7culture.ci\/#organization\"},\"potentialAction\":[{\"@type\":\"SearchAction\",\"target\":{\"@type\":\"EntryPoint\",\"urlTemplate\":\"https:\/\/7culture.ci\/?s={search_term_string}\"},\"query-input\":\"required name=search_term_string\"}],\"inLanguage\":\"fr-FR\"},{\"@type\":\"Organization\",\"@id\":\"https:\/\/7culture.ci\/#organization\",\"name\":\"7culture\",\"url\":\"https:\/\/7culture.ci\/\",\"sameAs\":[\"https:\/\/www.facebook.com\/redchefclaude\",\"https:\/\/twitter.com\/7culturec\"],\"logo\":{\"@type\":\"ImageObject\",\"inLanguage\":\"fr-FR\",\"@id\":\"https:\/\/7culture.ci\/#\/schema\/logo\/image\/\",\"url\":\"https:\/\/7culture.ci\/wp-content\/uploads\/2021\/12\/S1a-1.png\",\"contentUrl\":\"https:\/\/7culture.ci\/wp-content\/uploads\/2021\/12\/S1a-1.png\",\"width\":588,\"height\":192,\"caption\":\"7culture\"},\"image\":{\"@id\":\"https:\/\/7culture.ci\/#\/schema\/logo\/image\/\"}},{\"@type\":\"Person\",\"@id\":\"https:\/\/7culture.ci\/#\/schema\/person\/16150d28d7ef66ba788c1f87f28c4426\",\"name\":\"7culture2020\",\"image\":{\"@type\":\"ImageObject\",\"inLanguage\":\"fr-FR\",\"@id\":\"https:\/\/7culture.ci\/#\/schema\/person\/image\/\",\"url\":\"https:\/\/secure.gravatar.com\/avatar\/9a0784f951306c37bcd065f52844ef95?s=96&d=mm&r=g\",\"contentUrl\":\"https:\/\/secure.gravatar.com\/avatar\/9a0784f951306c37bcd065f52844ef95?s=96&d=mm&r=g\",\"caption\":\"7culture2020\"},\"sameAs\":[\"http:\/\/7culture.ci\",\"Claude.kipre\"],\"url\":\"https:\/\/7culture.ci\/index.php\/author\/7culture2020\/\"}]}<\/script>\n<!-- \/ Yoast SEO plugin. -->","yoast_head_json":{"title":"45 ans d'Aicha Kon\u00e9 \u00e0 l\u2019h\u00f4tel Ivoire : comme une f\u00eate au village -","robots":{"index":"index","follow":"follow","max-snippet":"max-snippet:-1","max-image-preview":"max-image-preview:large","max-video-preview":"max-video-preview:-1"},"canonical":"https:\/\/7culture.ci\/index.php\/2022\/08\/09\/45-ans-daicha-kone-a-lhotel-ivoire-comme-une-fete-au-village\/","og_locale":"fr_FR","og_type":"article","og_title":"45 ans d'Aicha Kon\u00e9 \u00e0 l\u2019h\u00f4tel Ivoire : comme une f\u00eate au village -","og_description":"\u00ab&nbsp;Aicha Kon\u00e9, toi qu\u2019on appelle \u00e0 Adjam\u00e9 Massiata Kon\u00e9. Imagine Manu Dibango, Jimmy Hyacinthe, Miriam Makeba\u2026 de l\u00e0 o\u00f9 ils se trouvent, ils sont tous l\u00e0 ce soir pour toi au Palais des congr\u00e8s du Sofitel Abidjan H\u00f4tel Ivoire. Tout le village te c\u00e9l\u00e8bre. (\u2026)&nbsp;\u00bb. Ces mots du pr\u00e9sentateur et animateurs Robert Brazza r\u00e9sument l\u2019ambiance &hellip; 45 ans d&#8217;Aicha Kon\u00e9 \u00e0 l\u2019h\u00f4tel Ivoire : comme une f\u00eate au village Lire la suite\u00a0\u00bb","og_url":"https:\/\/7culture.ci\/index.php\/2022\/08\/09\/45-ans-daicha-kone-a-lhotel-ivoire-comme-une-fete-au-village\/","og_site_name":"7culture","article_publisher":"https:\/\/www.facebook.com\/redchefclaude","article_published_time":"2022-08-09T14:27:39+00:00","article_modified_time":"2022-08-10T09:23:32+00:00","og_image":[{"width":912,"height":608,"url":"http:\/\/7culture.ci\/wp-content\/uploads\/2022\/08\/WhatsApp-Image-2022-08-09-at-14.07.23.jpeg","type":"image\/jpeg"}],"author":"7culture2020","twitter_card":"summary_large_image","twitter_creator":"@7culturec","twitter_site":"@7culturec","twitter_misc":{"\u00c9crit par":"7culture2020","Dur\u00e9e de lecture estim\u00e9e":"7 minutes"},"schema":{"@context":"https:\/\/schema.org","@graph":[{"@type":"Article","@id":"https:\/\/7culture.ci\/index.php\/2022\/08\/09\/45-ans-daicha-kone-a-lhotel-ivoire-comme-une-fete-au-village\/#article","isPartOf":{"@id":"https:\/\/7culture.ci\/index.php\/2022\/08\/09\/45-ans-daicha-kone-a-lhotel-ivoire-comme-une-fete-au-village\/"},"author":{"name":"7culture2020","@id":"https:\/\/7culture.ci\/#\/schema\/person\/16150d28d7ef66ba788c1f87f28c4426"},"headline":"45 ans d&#8217;Aicha Kon\u00e9 \u00e0 l\u2019h\u00f4tel Ivoire : comme une f\u00eate au village","datePublished":"2022-08-09T14:27:39+00:00","dateModified":"2022-08-10T09:23:32+00:00","mainEntityOfPage":{"@id":"https:\/\/7culture.ci\/index.php\/2022\/08\/09\/45-ans-daicha-kone-a-lhotel-ivoire-comme-une-fete-au-village\/"},"wordCount":1005,"commentCount":0,"publisher":{"@id":"https:\/\/7culture.ci\/#organization"},"articleSection":["Musique"],"inLanguage":"fr-FR","potentialAction":[{"@type":"CommentAction","name":"Comment","target":["https:\/\/7culture.ci\/index.php\/2022\/08\/09\/45-ans-daicha-kone-a-lhotel-ivoire-comme-une-fete-au-village\/#respond"]}]},{"@type":"WebPage","@id":"https:\/\/7culture.ci\/index.php\/2022\/08\/09\/45-ans-daicha-kone-a-lhotel-ivoire-comme-une-fete-au-village\/","url":"https:\/\/7culture.ci\/index.php\/2022\/08\/09\/45-ans-daicha-kone-a-lhotel-ivoire-comme-une-fete-au-village\/","name":"45 ans d'Aicha Kon\u00e9 \u00e0 l\u2019h\u00f4tel Ivoire : comme une f\u00eate au village -","isPartOf":{"@id":"https:\/\/7culture.ci\/#website"},"datePublished":"2022-08-09T14:27:39+00:00","dateModified":"2022-08-10T09:23:32+00:00","breadcrumb":{"@id":"https:\/\/7culture.ci\/index.php\/2022\/08\/09\/45-ans-daicha-kone-a-lhotel-ivoire-comme-une-fete-au-village\/#breadcrumb"},"inLanguage":"fr-FR","potentialAction":[{"@type":"ReadAction","target":["https:\/\/7culture.ci\/index.php\/2022\/08\/09\/45-ans-daicha-kone-a-lhotel-ivoire-comme-une-fete-au-village\/"]}]},{"@type":"BreadcrumbList","@id":"https:\/\/7culture.ci\/index.php\/2022\/08\/09\/45-ans-daicha-kone-a-lhotel-ivoire-comme-une-fete-au-village\/#breadcrumb","itemListElement":[{"@type":"ListItem","position":1,"name":"Accueil","item":"https:\/\/7culture.ci\/"},{"@type":"ListItem","position":2,"name":"45 ans d&rsquo;Aicha Kon\u00e9 \u00e0 l\u2019h\u00f4tel Ivoire : comme une f\u00eate au village"}]},{"@type":"WebSite","@id":"https:\/\/7culture.ci\/#website","url":"https:\/\/7culture.ci\/","name":"7culture","description":"Tout sur l&#039;actualit\u00e9","publisher":{"@id":"https:\/\/7culture.ci\/#organization"},"potentialAction":[{"@type":"SearchAction","target":{"@type":"EntryPoint","urlTemplate":"https:\/\/7culture.ci\/?s={search_term_string}"},"query-input":"required name=search_term_string"}],"inLanguage":"fr-FR"},{"@type":"Organization","@id":"https:\/\/7culture.ci\/#organization","name":"7culture","url":"https:\/\/7culture.ci\/","sameAs":["https:\/\/www.facebook.com\/redchefclaude","https:\/\/twitter.com\/7culturec"],"logo":{"@type":"ImageObject","inLanguage":"fr-FR","@id":"https:\/\/7culture.ci\/#\/schema\/logo\/image\/","url":"https:\/\/7culture.ci\/wp-content\/uploads\/2021\/12\/S1a-1.png","contentUrl":"https:\/\/7culture.ci\/wp-content\/uploads\/2021\/12\/S1a-1.png","width":588,"height":192,"caption":"7culture"},"image":{"@id":"https:\/\/7culture.ci\/#\/schema\/logo\/image\/"}},{"@type":"Person","@id":"https:\/\/7culture.ci\/#\/schema\/person\/16150d28d7ef66ba788c1f87f28c4426","name":"7culture2020","image":{"@type":"ImageObject","inLanguage":"fr-FR","@id":"https:\/\/7culture.ci\/#\/schema\/person\/image\/","url":"https:\/\/secure.gravatar.com\/avatar\/9a0784f951306c37bcd065f52844ef95?s=96&d=mm&r=g","contentUrl":"https:\/\/secure.gravatar.com\/avatar\/9a0784f951306c37bcd065f52844ef95?s=96&d=mm&r=g","caption":"7culture2020"},"sameAs":["http:\/\/7culture.ci","Claude.kipre"],"url":"https:\/\/7culture.ci\/index.php\/author\/7culture2020\/"}]}},"jetpack_featured_media_url":"https:\/\/7culture.ci\/wp-content\/uploads\/2022\/08\/WhatsApp-Image-2022-08-09-at-14.07.23.jpeg","jetpack_likes_enabled":true,"jetpack_sharing_enabled":true,"_links":{"self":[{"href":"https:\/\/7culture.ci\/index.php\/wp-json\/wp\/v2\/posts\/23053"}],"collection":[{"href":"https:\/\/7culture.ci\/index.php\/wp-json\/wp\/v2\/posts"}],"about":[{"href":"https:\/\/7culture.ci\/index.php\/wp-json\/wp\/v2\/types\/post"}],"author":[{"embeddable":true,"href":"https:\/\/7culture.ci\/index.php\/wp-json\/wp\/v2\/users\/1"}],"replies":[{"embeddable":true,"href":"https:\/\/7culture.ci\/index.php\/wp-json\/wp\/v2\/comments?post=23053"}],"version-history":[{"count":0,"href":"https:\/\/7culture.ci\/index.php\/wp-json\/wp\/v2\/posts\/23053\/revisions"}],"wp:featuredmedia":[{"embeddable":true,"href":"https:\/\/7culture.ci\/index.php\/wp-json\/wp\/v2\/media\/23054"}],"wp:attachment":[{"href":"https:\/\/7culture.ci\/index.php\/wp-json\/wp\/v2\/media?parent=23053"}],"wp:term":[{"taxonomy":"category","embeddable":true,"href":"https:\/\/7culture.ci\/index.php\/wp-json\/wp\/v2\/categories?post=23053"},{"taxonomy":"post_tag","embeddable":true,"href":"https:\/\/7culture.ci\/index.php\/wp-json\/wp\/v2\/tags?post=23053"}],"curies":[{"name":"wp","href":"https:\/\/api.w.org\/{rel}","templated":true}]}}