{"id":23043,"date":"2022-08-05T21:03:02","date_gmt":"2022-08-05T19:03:02","guid":{"rendered":"https:\/\/7culture.ci\/?p=23043"},"modified":"2022-08-09T12:40:48","modified_gmt":"2022-08-09T10:40:48","slug":"prix-dexcellence-2022-bienvenu-neba-olivier-ble-roger-bango-augustin-akou-lassina-serme-laureats","status":"publish","type":"post","link":"https:\/\/7culture.ci\/index.php\/2022\/08\/05\/prix-dexcellence-2022-bienvenu-neba-olivier-ble-roger-bango-augustin-akou-lassina-serme-laureats\/","title":{"rendered":"Prix d\u2019excellence 2022\u00a0: Bienvenu Neba, Olivier Bl\u00e9, Roger Bango, Augustin Akou, Lassina Serm\u00e9\u2026 laur\u00e9ats"},"content":{"rendered":"\n<p>Ce vendredi 5 ao\u00fbt 2022, a eu lieu la c\u00e9r\u00e9monie de c\u00e9l\u00e9bration de la journ\u00e9e nationale de l\u2019excellence, au palais pr\u00e9sidentiel d\u2019Abidjan. Cette 9<sup>e<\/sup> \u00e9dition a \u00e9t\u00e9 marqu\u00e9e par la remise de prix aux Ivoiriens qui se sont le plus d\u00e9marqu\u00e9s dans leurs domaines d\u2019activit\u00e9s en cette ann\u00e9e 2022.&nbsp; 84 laur\u00e9ats dont 43 personnes physiques et 41 personnes morales, ont \u00e9t\u00e9 r\u00e9compens\u00e9es pour le travail bien fait.<\/p>\n\n\n\n<p>Le domaine de la culture et de la communication compte d\u2019illustres r\u00e9cipiendaires. Le doyen du 7e art ivoirien, Bienvenu Neba, a \u00e9t\u00e9 le premier \u00e0 recevoir le prix culturel. Il est celui qui s\u2019est distingu\u00e9 le plus dans la cat\u00e9gorie du cin\u00e9ma et des arts visuels. Il dit \u00eatre encourag\u00e9 par cette distinction qui vient cl\u00f4turer plus de 50 ans de carri\u00e8res. <strong>\u00ab&nbsp;Ce prix est encourageant. Il vient couronner toutes les ann\u00e9es de travail&nbsp;\u00bb,<\/strong> s\u2019est-il exprim\u00e9. Olivier Bl\u00e9, c\u00e9l\u00e8bre arrangeur et ing\u00e9nieur de son, a re\u00e7u le prix d\u2019excellence des arts vivants. Cet honneur de la part du gouvernement vient en reconnaissance de ses trois d\u00e9cennies de service rendu \u00e0 la musique ivoire. Quant au couturier Roger bango, il a re\u00e7u le prix d\u2019excellence de meilleur artisan 2022.<\/p>\n\n\n\n<p>Le prix d\u2019excellence de la meilleure entreprise de communication a \u00e9t\u00e9 d\u00e9cern\u00e9 \u00e0 l\u2019entreprise de communication 2A consulting. Dirig\u00e9e par Augustin Akou, elle est l\u2019agence de communication qui s\u2019est le mieux d\u00e9marqu\u00e9e dans son milieu. Lassina Serm\u00e9 d\u2019Apa News a, lui, \u00e9t\u00e9 prim\u00e9 prix d&#8217;excellence pour le d\u00e9veloppement des m\u00e9dias.<\/p>\n\n\n\n<p>Thierry Samuel<\/p>\n","protected":false},"excerpt":{"rendered":"<p>Ce vendredi 5 ao\u00fbt 2022, a eu lieu la c\u00e9r\u00e9monie de c\u00e9l\u00e9bration de la journ\u00e9e nationale de l\u2019excellence, au palais pr\u00e9sidentiel d\u2019Abidjan. Cette 9e \u00e9dition a \u00e9t\u00e9 marqu\u00e9e par la remise de prix aux Ivoiriens qui se sont le plus d\u00e9marqu\u00e9s dans leurs domaines d\u2019activit\u00e9s en cette ann\u00e9e 2022.&nbsp; 84 laur\u00e9ats dont 43 personnes physiques &hellip;<\/p>\n<p class=\"read-more\"> <a class=\"\" href=\"https:\/\/7culture.ci\/index.php\/2022\/08\/05\/prix-dexcellence-2022-bienvenu-neba-olivier-ble-roger-bango-augustin-akou-lassina-serme-laureats\/\"> <span class=\"screen-reader-text\">Prix d\u2019excellence 2022\u00a0: Bienvenu Neba, Olivier Bl\u00e9, Roger Bango, Augustin Akou, Lassina Serm\u00e9\u2026 laur\u00e9ats<\/span> Lire la suite\u00a0\u00bb<\/a><\/p>\n","protected":false},"author":1,"featured_media":23044,"comment_status":"open","ping_status":"open","sticky":false,"template":"","format":"standard","meta":{"_mi_skip_tracking":false,"_monsterinsights_sitenote_active":false,"_monsterinsights_sitenote_note":"","_monsterinsights_sitenote_category":0,"site-sidebar-layout":"default","site-content-layout":"default","ast-global-header-display":"","ast-main-header-display":"","ast-hfb-above-header-display":"","ast-hfb-below-header-display":"","ast-hfb-mobile-header-display":"","site-post-title":"","ast-breadcrumbs-content":"","ast-featured-img":"","footer-sml-layout":"","theme-transparent-header-meta":"","adv-header-id-meta":"","stick-header-meta":"","header-above-stick-meta":"","header-main-stick-meta":"","header-below-stick-meta":"","footnotes":"","jetpack_publicize_message":"","jetpack_is_tweetstorm":false,"jetpack_publicize_feature_enabled":true},"categories":[22],"tags":[],"jetpack_publicize_connections":[],"acf":[],"aioseo_notices":[],"yoast_head":"<!-- This site is optimized with the Yoast SEO plugin v19.6.1 - https:\/\/yoast.com\/wordpress\/plugins\/seo\/ -->\n<title>Prix d\u2019excellence 2022\u00a0: Bienvenu Neba, Olivier Bl\u00e9, Roger Bango, Augustin Akou, Lassina Serm\u00e9\u2026 laur\u00e9ats -<\/title>\n<meta name=\"robots\" content=\"index, follow, max-snippet:-1, max-image-preview:large, max-video-preview:-1\" \/>\n<link rel=\"canonical\" href=\"https:\/\/7culture.ci\/index.php\/2022\/08\/05\/prix-dexcellence-2022-bienvenu-neba-olivier-ble-roger-bango-augustin-akou-lassina-serme-laureats\/\" \/>\n<meta property=\"og:locale\" content=\"fr_FR\" \/>\n<meta property=\"og:type\" content=\"article\" \/>\n<meta property=\"og:title\" content=\"Prix d\u2019excellence 2022\u00a0: Bienvenu Neba, Olivier Bl\u00e9, Roger Bango, Augustin Akou, Lassina Serm\u00e9\u2026 laur\u00e9ats -\" \/>\n<meta property=\"og:description\" content=\"Ce vendredi 5 ao\u00fbt 2022, a eu lieu la c\u00e9r\u00e9monie de c\u00e9l\u00e9bration de la journ\u00e9e nationale de l\u2019excellence, au palais pr\u00e9sidentiel d\u2019Abidjan. Cette 9e \u00e9dition a \u00e9t\u00e9 marqu\u00e9e par la remise de prix aux Ivoiriens qui se sont le plus d\u00e9marqu\u00e9s dans leurs domaines d\u2019activit\u00e9s en cette ann\u00e9e 2022.&nbsp; 84 laur\u00e9ats dont 43 personnes physiques &hellip; Prix d\u2019excellence 2022\u00a0: Bienvenu Neba, Olivier Bl\u00e9, Roger Bango, Augustin Akou, Lassina Serm\u00e9\u2026 laur\u00e9ats Lire la suite\u00a0\u00bb\" \/>\n<meta property=\"og:url\" content=\"https:\/\/7culture.ci\/index.php\/2022\/08\/05\/prix-dexcellence-2022-bienvenu-neba-olivier-ble-roger-bango-augustin-akou-lassina-serme-laureats\/\" \/>\n<meta property=\"og:site_name\" content=\"7culture\" \/>\n<meta property=\"article:publisher\" content=\"https:\/\/www.facebook.com\/redchefclaude\" \/>\n<meta property=\"article:published_time\" content=\"2022-08-05T19:03:02+00:00\" \/>\n<meta property=\"article:modified_time\" content=\"2022-08-09T10:40:48+00:00\" \/>\n<meta property=\"og:image\" content=\"https:\/\/7culture.ci\/wp-content\/uploads\/2022\/08\/roger.jpg\" \/>\n\t<meta property=\"og:image:width\" content=\"750\" \/>\n\t<meta property=\"og:image:height\" content=\"450\" \/>\n\t<meta property=\"og:image:type\" content=\"image\/jpeg\" \/>\n<meta name=\"author\" content=\"7culture2020\" \/>\n<meta name=\"twitter:card\" content=\"summary_large_image\" \/>\n<meta name=\"twitter:creator\" content=\"@7culturec\" \/>\n<meta name=\"twitter:site\" content=\"@7culturec\" \/>\n<meta name=\"twitter:label1\" content=\"\u00c9crit par\" \/>\n\t<meta name=\"twitter:data1\" content=\"7culture2020\" \/>\n\t<meta name=\"twitter:label2\" content=\"Dur\u00e9e de lecture estim\u00e9e\" \/>\n\t<meta name=\"twitter:data2\" content=\"2 minutes\" \/>\n<script type=\"application\/ld+json\" class=\"yoast-schema-graph\">{\"@context\":\"https:\/\/schema.org\",\"@graph\":[{\"@type\":\"Article\",\"@id\":\"https:\/\/7culture.ci\/index.php\/2022\/08\/05\/prix-dexcellence-2022-bienvenu-neba-olivier-ble-roger-bango-augustin-akou-lassina-serme-laureats\/#article\",\"isPartOf\":{\"@id\":\"https:\/\/7culture.ci\/index.php\/2022\/08\/05\/prix-dexcellence-2022-bienvenu-neba-olivier-ble-roger-bango-augustin-akou-lassina-serme-laureats\/\"},\"author\":{\"name\":\"7culture2020\",\"@id\":\"https:\/\/7culture.ci\/#\/schema\/person\/16150d28d7ef66ba788c1f87f28c4426\"},\"headline\":\"Prix d\u2019excellence 2022\u00a0: Bienvenu Neba, Olivier Bl\u00e9, Roger Bango, Augustin Akou, Lassina Serm\u00e9\u2026 laur\u00e9ats\",\"datePublished\":\"2022-08-05T19:03:02+00:00\",\"dateModified\":\"2022-08-09T10:40:48+00:00\",\"mainEntityOfPage\":{\"@id\":\"https:\/\/7culture.ci\/index.php\/2022\/08\/05\/prix-dexcellence-2022-bienvenu-neba-olivier-ble-roger-bango-augustin-akou-lassina-serme-laureats\/\"},\"wordCount\":300,\"commentCount\":0,\"publisher\":{\"@id\":\"https:\/\/7culture.ci\/#organization\"},\"articleSection\":[\"Actualit\u00e9\"],\"inLanguage\":\"fr-FR\",\"potentialAction\":[{\"@type\":\"CommentAction\",\"name\":\"Comment\",\"target\":[\"https:\/\/7culture.ci\/index.php\/2022\/08\/05\/prix-dexcellence-2022-bienvenu-neba-olivier-ble-roger-bango-augustin-akou-lassina-serme-laureats\/#respond\"]}]},{\"@type\":\"WebPage\",\"@id\":\"https:\/\/7culture.ci\/index.php\/2022\/08\/05\/prix-dexcellence-2022-bienvenu-neba-olivier-ble-roger-bango-augustin-akou-lassina-serme-laureats\/\",\"url\":\"https:\/\/7culture.ci\/index.php\/2022\/08\/05\/prix-dexcellence-2022-bienvenu-neba-olivier-ble-roger-bango-augustin-akou-lassina-serme-laureats\/\",\"name\":\"Prix d\u2019excellence 2022\u00a0: Bienvenu Neba, Olivier Bl\u00e9, Roger Bango, Augustin Akou, Lassina Serm\u00e9\u2026 laur\u00e9ats -\",\"isPartOf\":{\"@id\":\"https:\/\/7culture.ci\/#website\"},\"datePublished\":\"2022-08-05T19:03:02+00:00\",\"dateModified\":\"2022-08-09T10:40:48+00:00\",\"breadcrumb\":{\"@id\":\"https:\/\/7culture.ci\/index.php\/2022\/08\/05\/prix-dexcellence-2022-bienvenu-neba-olivier-ble-roger-bango-augustin-akou-lassina-serme-laureats\/#breadcrumb\"},\"inLanguage\":\"fr-FR\",\"potentialAction\":[{\"@type\":\"ReadAction\",\"target\":[\"https:\/\/7culture.ci\/index.php\/2022\/08\/05\/prix-dexcellence-2022-bienvenu-neba-olivier-ble-roger-bango-augustin-akou-lassina-serme-laureats\/\"]}]},{\"@type\":\"BreadcrumbList\",\"@id\":\"https:\/\/7culture.ci\/index.php\/2022\/08\/05\/prix-dexcellence-2022-bienvenu-neba-olivier-ble-roger-bango-augustin-akou-lassina-serme-laureats\/#breadcrumb\",\"itemListElement\":[{\"@type\":\"ListItem\",\"position\":1,\"name\":\"Accueil\",\"item\":\"https:\/\/7culture.ci\/\"},{\"@type\":\"ListItem\",\"position\":2,\"name\":\"Prix d\u2019excellence 2022\u00a0: Bienvenu Neba, Olivier Bl\u00e9, Roger Bango, Augustin Akou, Lassina Serm\u00e9\u2026 laur\u00e9ats\"}]},{\"@type\":\"WebSite\",\"@id\":\"https:\/\/7culture.ci\/#website\",\"url\":\"https:\/\/7culture.ci\/\",\"name\":\"7culture\",\"description\":\"Tout sur l&#039;actualit\u00e9\",\"publisher\":{\"@id\":\"https:\/\/7culture.ci\/#organization\"},\"potentialAction\":[{\"@type\":\"SearchAction\",\"target\":{\"@type\":\"EntryPoint\",\"urlTemplate\":\"https:\/\/7culture.ci\/?s={search_term_string}\"},\"query-input\":\"required name=search_term_string\"}],\"inLanguage\":\"fr-FR\"},{\"@type\":\"Organization\",\"@id\":\"https:\/\/7culture.ci\/#organization\",\"name\":\"7culture\",\"url\":\"https:\/\/7culture.ci\/\",\"sameAs\":[\"https:\/\/www.facebook.com\/redchefclaude\",\"https:\/\/twitter.com\/7culturec\"],\"logo\":{\"@type\":\"ImageObject\",\"inLanguage\":\"fr-FR\",\"@id\":\"https:\/\/7culture.ci\/#\/schema\/logo\/image\/\",\"url\":\"https:\/\/7culture.ci\/wp-content\/uploads\/2021\/12\/S1a-1.png\",\"contentUrl\":\"https:\/\/7culture.ci\/wp-content\/uploads\/2021\/12\/S1a-1.png\",\"width\":588,\"height\":192,\"caption\":\"7culture\"},\"image\":{\"@id\":\"https:\/\/7culture.ci\/#\/schema\/logo\/image\/\"}},{\"@type\":\"Person\",\"@id\":\"https:\/\/7culture.ci\/#\/schema\/person\/16150d28d7ef66ba788c1f87f28c4426\",\"name\":\"7culture2020\",\"image\":{\"@type\":\"ImageObject\",\"inLanguage\":\"fr-FR\",\"@id\":\"https:\/\/7culture.ci\/#\/schema\/person\/image\/\",\"url\":\"https:\/\/secure.gravatar.com\/avatar\/9a0784f951306c37bcd065f52844ef95?s=96&d=mm&r=g\",\"contentUrl\":\"https:\/\/secure.gravatar.com\/avatar\/9a0784f951306c37bcd065f52844ef95?s=96&d=mm&r=g\",\"caption\":\"7culture2020\"},\"sameAs\":[\"http:\/\/7culture.ci\",\"Claude.kipre\"],\"url\":\"https:\/\/7culture.ci\/index.php\/author\/7culture2020\/\"}]}<\/script>\n<!-- \/ Yoast SEO plugin. -->","yoast_head_json":{"title":"Prix d\u2019excellence 2022\u00a0: Bienvenu Neba, Olivier Bl\u00e9, Roger Bango, Augustin Akou, Lassina Serm\u00e9\u2026 laur\u00e9ats -","robots":{"index":"index","follow":"follow","max-snippet":"max-snippet:-1","max-image-preview":"max-image-preview:large","max-video-preview":"max-video-preview:-1"},"canonical":"https:\/\/7culture.ci\/index.php\/2022\/08\/05\/prix-dexcellence-2022-bienvenu-neba-olivier-ble-roger-bango-augustin-akou-lassina-serme-laureats\/","og_locale":"fr_FR","og_type":"article","og_title":"Prix d\u2019excellence 2022\u00a0: Bienvenu Neba, Olivier Bl\u00e9, Roger Bango, Augustin Akou, Lassina Serm\u00e9\u2026 laur\u00e9ats -","og_description":"Ce vendredi 5 ao\u00fbt 2022, a eu lieu la c\u00e9r\u00e9monie de c\u00e9l\u00e9bration de la journ\u00e9e nationale de l\u2019excellence, au palais pr\u00e9sidentiel d\u2019Abidjan. Cette 9e \u00e9dition a \u00e9t\u00e9 marqu\u00e9e par la remise de prix aux Ivoiriens qui se sont le plus d\u00e9marqu\u00e9s dans leurs domaines d\u2019activit\u00e9s en cette ann\u00e9e 2022.&nbsp; 84 laur\u00e9ats dont 43 personnes physiques &hellip; Prix d\u2019excellence 2022\u00a0: Bienvenu Neba, Olivier Bl\u00e9, Roger Bango, Augustin Akou, Lassina Serm\u00e9\u2026 laur\u00e9ats Lire la suite\u00a0\u00bb","og_url":"https:\/\/7culture.ci\/index.php\/2022\/08\/05\/prix-dexcellence-2022-bienvenu-neba-olivier-ble-roger-bango-augustin-akou-lassina-serme-laureats\/","og_site_name":"7culture","article_publisher":"https:\/\/www.facebook.com\/redchefclaude","article_published_time":"2022-08-05T19:03:02+00:00","article_modified_time":"2022-08-09T10:40:48+00:00","og_image":[{"width":750,"height":450,"url":"https:\/\/7culture.ci\/wp-content\/uploads\/2022\/08\/roger.jpg","type":"image\/jpeg"}],"author":"7culture2020","twitter_card":"summary_large_image","twitter_creator":"@7culturec","twitter_site":"@7culturec","twitter_misc":{"\u00c9crit par":"7culture2020","Dur\u00e9e de lecture estim\u00e9e":"2 minutes"},"schema":{"@context":"https:\/\/schema.org","@graph":[{"@type":"Article","@id":"https:\/\/7culture.ci\/index.php\/2022\/08\/05\/prix-dexcellence-2022-bienvenu-neba-olivier-ble-roger-bango-augustin-akou-lassina-serme-laureats\/#article","isPartOf":{"@id":"https:\/\/7culture.ci\/index.php\/2022\/08\/05\/prix-dexcellence-2022-bienvenu-neba-olivier-ble-roger-bango-augustin-akou-lassina-serme-laureats\/"},"author":{"name":"7culture2020","@id":"https:\/\/7culture.ci\/#\/schema\/person\/16150d28d7ef66ba788c1f87f28c4426"},"headline":"Prix d\u2019excellence 2022\u00a0: Bienvenu Neba, Olivier Bl\u00e9, Roger Bango, Augustin Akou, Lassina Serm\u00e9\u2026 laur\u00e9ats","datePublished":"2022-08-05T19:03:02+00:00","dateModified":"2022-08-09T10:40:48+00:00","mainEntityOfPage":{"@id":"https:\/\/7culture.ci\/index.php\/2022\/08\/05\/prix-dexcellence-2022-bienvenu-neba-olivier-ble-roger-bango-augustin-akou-lassina-serme-laureats\/"},"wordCount":300,"commentCount":0,"publisher":{"@id":"https:\/\/7culture.ci\/#organization"},"articleSection":["Actualit\u00e9"],"inLanguage":"fr-FR","potentialAction":[{"@type":"CommentAction","name":"Comment","target":["https:\/\/7culture.ci\/index.php\/2022\/08\/05\/prix-dexcellence-2022-bienvenu-neba-olivier-ble-roger-bango-augustin-akou-lassina-serme-laureats\/#respond"]}]},{"@type":"WebPage","@id":"https:\/\/7culture.ci\/index.php\/2022\/08\/05\/prix-dexcellence-2022-bienvenu-neba-olivier-ble-roger-bango-augustin-akou-lassina-serme-laureats\/","url":"https:\/\/7culture.ci\/index.php\/2022\/08\/05\/prix-dexcellence-2022-bienvenu-neba-olivier-ble-roger-bango-augustin-akou-lassina-serme-laureats\/","name":"Prix d\u2019excellence 2022\u00a0: Bienvenu Neba, Olivier Bl\u00e9, Roger Bango, Augustin Akou, Lassina Serm\u00e9\u2026 laur\u00e9ats -","isPartOf":{"@id":"https:\/\/7culture.ci\/#website"},"datePublished":"2022-08-05T19:03:02+00:00","dateModified":"2022-08-09T10:40:48+00:00","breadcrumb":{"@id":"https:\/\/7culture.ci\/index.php\/2022\/08\/05\/prix-dexcellence-2022-bienvenu-neba-olivier-ble-roger-bango-augustin-akou-lassina-serme-laureats\/#breadcrumb"},"inLanguage":"fr-FR","potentialAction":[{"@type":"ReadAction","target":["https:\/\/7culture.ci\/index.php\/2022\/08\/05\/prix-dexcellence-2022-bienvenu-neba-olivier-ble-roger-bango-augustin-akou-lassina-serme-laureats\/"]}]},{"@type":"BreadcrumbList","@id":"https:\/\/7culture.ci\/index.php\/2022\/08\/05\/prix-dexcellence-2022-bienvenu-neba-olivier-ble-roger-bango-augustin-akou-lassina-serme-laureats\/#breadcrumb","itemListElement":[{"@type":"ListItem","position":1,"name":"Accueil","item":"https:\/\/7culture.ci\/"},{"@type":"ListItem","position":2,"name":"Prix d\u2019excellence 2022\u00a0: Bienvenu Neba, Olivier Bl\u00e9, Roger Bango, Augustin Akou, Lassina Serm\u00e9\u2026 laur\u00e9ats"}]},{"@type":"WebSite","@id":"https:\/\/7culture.ci\/#website","url":"https:\/\/7culture.ci\/","name":"7culture","description":"Tout sur l&#039;actualit\u00e9","publisher":{"@id":"https:\/\/7culture.ci\/#organization"},"potentialAction":[{"@type":"SearchAction","target":{"@type":"EntryPoint","urlTemplate":"https:\/\/7culture.ci\/?s={search_term_string}"},"query-input":"required name=search_term_string"}],"inLanguage":"fr-FR"},{"@type":"Organization","@id":"https:\/\/7culture.ci\/#organization","name":"7culture","url":"https:\/\/7culture.ci\/","sameAs":["https:\/\/www.facebook.com\/redchefclaude","https:\/\/twitter.com\/7culturec"],"logo":{"@type":"ImageObject","inLanguage":"fr-FR","@id":"https:\/\/7culture.ci\/#\/schema\/logo\/image\/","url":"https:\/\/7culture.ci\/wp-content\/uploads\/2021\/12\/S1a-1.png","contentUrl":"https:\/\/7culture.ci\/wp-content\/uploads\/2021\/12\/S1a-1.png","width":588,"height":192,"caption":"7culture"},"image":{"@id":"https:\/\/7culture.ci\/#\/schema\/logo\/image\/"}},{"@type":"Person","@id":"https:\/\/7culture.ci\/#\/schema\/person\/16150d28d7ef66ba788c1f87f28c4426","name":"7culture2020","image":{"@type":"ImageObject","inLanguage":"fr-FR","@id":"https:\/\/7culture.ci\/#\/schema\/person\/image\/","url":"https:\/\/secure.gravatar.com\/avatar\/9a0784f951306c37bcd065f52844ef95?s=96&d=mm&r=g","contentUrl":"https:\/\/secure.gravatar.com\/avatar\/9a0784f951306c37bcd065f52844ef95?s=96&d=mm&r=g","caption":"7culture2020"},"sameAs":["http:\/\/7culture.ci","Claude.kipre"],"url":"https:\/\/7culture.ci\/index.php\/author\/7culture2020\/"}]}},"jetpack_featured_media_url":"https:\/\/7culture.ci\/wp-content\/uploads\/2022\/08\/roger.jpg","jetpack_likes_enabled":true,"jetpack_sharing_enabled":true,"_links":{"self":[{"href":"https:\/\/7culture.ci\/index.php\/wp-json\/wp\/v2\/posts\/23043"}],"collection":[{"href":"https:\/\/7culture.ci\/index.php\/wp-json\/wp\/v2\/posts"}],"about":[{"href":"https:\/\/7culture.ci\/index.php\/wp-json\/wp\/v2\/types\/post"}],"author":[{"embeddable":true,"href":"https:\/\/7culture.ci\/index.php\/wp-json\/wp\/v2\/users\/1"}],"replies":[{"embeddable":true,"href":"https:\/\/7culture.ci\/index.php\/wp-json\/wp\/v2\/comments?post=23043"}],"version-history":[{"count":0,"href":"https:\/\/7culture.ci\/index.php\/wp-json\/wp\/v2\/posts\/23043\/revisions"}],"wp:featuredmedia":[{"embeddable":true,"href":"https:\/\/7culture.ci\/index.php\/wp-json\/wp\/v2\/media\/23044"}],"wp:attachment":[{"href":"https:\/\/7culture.ci\/index.php\/wp-json\/wp\/v2\/media?parent=23043"}],"wp:term":[{"taxonomy":"category","embeddable":true,"href":"https:\/\/7culture.ci\/index.php\/wp-json\/wp\/v2\/categories?post=23043"},{"taxonomy":"post_tag","embeddable":true,"href":"https:\/\/7culture.ci\/index.php\/wp-json\/wp\/v2\/tags?post=23043"}],"curies":[{"name":"wp","href":"https:\/\/api.w.org\/{rel}","templated":true}]}}