{"id":23019,"date":"2022-08-05T12:00:46","date_gmt":"2022-08-05T10:00:46","guid":{"rendered":"https:\/\/7culture.ci\/?p=23019"},"modified":"2022-08-05T17:09:45","modified_gmt":"2022-08-05T15:09:45","slug":"bienvenue-au-carnaval-anoumabo-on-est-class-4","status":"publish","type":"post","link":"https:\/\/7culture.ci\/index.php\/2022\/08\/05\/bienvenue-au-carnaval-anoumabo-on-est-class-4\/","title":{"rendered":"Bienvenue au \u2018\u2019Carnaval Anoumabo On Est Class 4!"},"content":{"rendered":"\n<p>Fini, le festival \u2018\u2019Anoumabo, On est Class\u2019\u2019&nbsp;! Place d\u00e9sormais au \u2018\u2019Carnaval Anoumabo, On Est Class\u2019\u2019. La pr\u00e9cision a \u00e9t\u00e9 faite le mardi 2 ao\u00fbt dernier \u00e0 la chefferie d\u2019Anoumabo par le commissaire g\u00e9n\u00e9ral de l\u2019\u00e9v\u00e8nement Michel Gnabl\u00e9. C\u2019\u00e9tait au cours de la conf\u00e9rence de presse de lancement de l\u2019une des c\u00e9r\u00e9monies qui \u00e9merveille le village Ebri\u00e9 pendant les vacances. \u00ab&nbsp;<strong><em>A l\u2019instar du Popo Carnaval de Bonoua et du Festival International de la Culture et des Arts de Daoukro (FICAD),<\/em><\/strong><strong><em>nous voulons cr\u00e9er le plus grand carnaval d&#8217;Abidjan \u00e0 travers le \u2018\u2019Carnaval, Anoumabo, On Est Class\u2019\u2019<\/em><\/strong>\u00bb, a indiqu\u00e9 M. Gnabl\u00e9.<\/p>\n\n\n\n<p>La 4<sup>e<\/sup> \u00e9dition du \u2018\u2019Carnaval Anoumabo, On est Class\u2019\u2019 se tiendra du 12 au 14 ao\u00fbt prochain au Terrain du maire Raoul Aby. Le menu est vari\u00e9 et surfe entre activit\u00e9s ludiques, didactiques et sociales. Chaque soir, il y aura un concert live sur le podium g\u00e9ant. \u00ab&nbsp;<strong><em>Cette ann\u00e9e, il y aura Isma\u00ebl Isaac, Les Marabouts et Fior2Bior qui sont tous les enfants d\u2019Anoumabo. Auxquels, il faut ajouter d\u2019autres artistes en vogue \u00e0 Abidjan<\/em><\/strong>&nbsp;\u00bb, a annonc\u00e9 Michel Gnabl\u00e9, CEO d\u2019Anoumabo.com et Commissaire g\u00e9n\u00e9ral du \u2018\u2019Carnaval Anoumabo, On est Class\u2019\u2019. Autour du Terrain du maire, si\u00e8ge de l\u2019\u00e9v\u00e8nement, seront install\u00e9s des stands qui formeront l\u2019espace gastronomique. Les festivaliers y trouveront \u00e0 manger et \u00e0 boire.<\/p>\n\n\n\n<figure class=\"wp-block-gallery has-nested-images columns-default is-cropped wp-block-gallery-1 is-layout-flex wp-block-gallery-is-layout-flex\">\n<figure class=\"wp-block-image size-large\"><img loading=\"lazy\" decoding=\"async\" width=\"720\" height=\"480\" data-id=\"23021\" src=\"https:\/\/7culture.ci\/wp-content\/uploads\/2022\/08\/WhatsApp-Image-2022-08-04-at-07.57.48-1.jpeg\" alt=\"\" class=\"wp-image-23021\" srcset=\"https:\/\/7culture.ci\/wp-content\/uploads\/2022\/08\/WhatsApp-Image-2022-08-04-at-07.57.48-1.jpeg 720w, https:\/\/7culture.ci\/wp-content\/uploads\/2022\/08\/WhatsApp-Image-2022-08-04-at-07.57.48-1-300x200.jpeg 300w\" sizes=\"(max-width: 720px) 100vw, 720px\" \/><\/figure>\n\n\n\n<figure class=\"wp-block-image size-large\"><img loading=\"lazy\" decoding=\"async\" width=\"720\" height=\"480\" data-id=\"23022\" src=\"https:\/\/7culture.ci\/wp-content\/uploads\/2022\/08\/WhatsApp-Image-2022-08-04-at-07.57.49-1.jpeg\" alt=\"\" class=\"wp-image-23022\" srcset=\"https:\/\/7culture.ci\/wp-content\/uploads\/2022\/08\/WhatsApp-Image-2022-08-04-at-07.57.49-1.jpeg 720w, https:\/\/7culture.ci\/wp-content\/uploads\/2022\/08\/WhatsApp-Image-2022-08-04-at-07.57.49-1-300x200.jpeg 300w\" sizes=\"(max-width: 720px) 100vw, 720px\" \/><\/figure>\n\n\n\n<figure class=\"wp-block-image size-large\"><img loading=\"lazy\" decoding=\"async\" width=\"720\" height=\"480\" data-id=\"23023\" src=\"https:\/\/7culture.ci\/wp-content\/uploads\/2022\/08\/WhatsApp-Image-2022-08-04-at-07.57.51.jpeg\" alt=\"\" class=\"wp-image-23023\" srcset=\"https:\/\/7culture.ci\/wp-content\/uploads\/2022\/08\/WhatsApp-Image-2022-08-04-at-07.57.51.jpeg 720w, https:\/\/7culture.ci\/wp-content\/uploads\/2022\/08\/WhatsApp-Image-2022-08-04-at-07.57.51-300x200.jpeg 300w\" sizes=\"(max-width: 720px) 100vw, 720px\" \/><\/figure>\n<\/figure>\n\n\n\n<p>En plus de la musique qui repr\u00e9sente un pan important de ce rendez-vous, il y aura \u00e9galement la mode avec un d\u00e9fil\u00e9 de mode en plein air et au c\u0153ur du village. Mais l\u2019in\u00e9dit pour cette \u00e9dition du carnaval d\u2019Anoumabo, ce sera le d\u00e9fil\u00e9 carnavalesque avec toutes sortes de d\u00e9guisements. Par groupes ethniques, nationaux ou en solo, chaque carnavalier rivalisera d\u2019imagination pour s\u00e9duire le public. Et la bonne nouvelle, c\u2019est que l\u2019organisation pr\u00e9voit r\u00e9compenser le meilleur d\u00e9guisement ou la meilleure chor\u00e9graphie.<\/p>\n\n\n\n<figure class=\"wp-block-gallery has-nested-images columns-default is-cropped wp-block-gallery-2 is-layout-flex wp-block-gallery-is-layout-flex\">\n<figure class=\"wp-block-image size-large\"><img loading=\"lazy\" decoding=\"async\" width=\"1921\" height=\"1297\" data-id=\"22628\" src=\"http:\/\/7culture.ci\/wp-content\/uploads\/2022\/07\/Les-marabouts.jpg\" alt=\"\" class=\"wp-image-22628\" srcset=\"https:\/\/7culture.ci\/wp-content\/uploads\/2022\/07\/Les-marabouts.jpg 1921w, https:\/\/7culture.ci\/wp-content\/uploads\/2022\/07\/Les-marabouts-300x203.jpg 300w, https:\/\/7culture.ci\/wp-content\/uploads\/2022\/07\/Les-marabouts-1024x691.jpg 1024w, https:\/\/7culture.ci\/wp-content\/uploads\/2022\/07\/Les-marabouts-768x519.jpg 768w, https:\/\/7culture.ci\/wp-content\/uploads\/2022\/07\/Les-marabouts-1536x1037.jpg 1536w\" sizes=\"(max-width: 1921px) 100vw, 1921px\" \/><\/figure>\n\n\n\n<figure class=\"wp-block-image size-large\"><img loading=\"lazy\" decoding=\"async\" width=\"1080\" height=\"719\" data-id=\"22627\" src=\"http:\/\/7culture.ci\/wp-content\/uploads\/2022\/07\/fior2BIor-1.jpeg\" alt=\"\" class=\"wp-image-22627\" srcset=\"https:\/\/7culture.ci\/wp-content\/uploads\/2022\/07\/fior2BIor-1.jpeg 1080w, https:\/\/7culture.ci\/wp-content\/uploads\/2022\/07\/fior2BIor-1-300x200.jpeg 300w, https:\/\/7culture.ci\/wp-content\/uploads\/2022\/07\/fior2BIor-1-1024x682.jpeg 1024w, https:\/\/7culture.ci\/wp-content\/uploads\/2022\/07\/fior2BIor-1-768x511.jpeg 768w\" sizes=\"(max-width: 1080px) 100vw, 1080px\" \/><\/figure>\n\n\n\n<figure class=\"wp-block-image size-large\"><img loading=\"lazy\" decoding=\"async\" width=\"764\" height=\"764\" data-id=\"22626\" src=\"http:\/\/7culture.ci\/wp-content\/uploads\/2022\/07\/Ismo1-1.jpg\" alt=\"\" class=\"wp-image-22626\" srcset=\"https:\/\/7culture.ci\/wp-content\/uploads\/2022\/07\/Ismo1-1.jpg 764w, https:\/\/7culture.ci\/wp-content\/uploads\/2022\/07\/Ismo1-1-300x300.jpg 300w, https:\/\/7culture.ci\/wp-content\/uploads\/2022\/07\/Ismo1-1-150x150.jpg 150w\" sizes=\"(max-width: 764px) 100vw, 764px\" \/><\/figure>\n<\/figure>\n\n\n\n<p>Au \u2018\u2019 Carnaval Anoumabo, On Est Class\u2019\u2019 4, il aura la c\u00e9r\u00e9monie de distinction le samedi. Les nomm\u00e9s sont Isabelle Anoh, Eric Sekongo, Emile Guy Kalou, Roukiatou Hampat\u00e9 B\u00e2, Les Patrons, Jean Marc Saboa, Eliame Niamk\u00e9, Kankou Samak\u00e9 et Abel Bloa. L\u2019\u00e9v\u00e9nement comprendra \u00e9galement une s\u00e9rie de panels autour du th\u00e8me g\u00e9n\u00e9ral: \u2018\u2019Quelle jeunesse pour un environnement sain&nbsp;?\u2019\u2019. Le programme du \u2018\u2019Carnaval Anoumabo, On Est Class\u2019\u2019 4 est enrichi par des actions sociales avec notamment une journ\u00e9e de salubrit\u00e9.<\/p>\n\n\n\n<p>Par Omar AK<\/p>\n","protected":false},"excerpt":{"rendered":"<p>Fini, le festival \u2018\u2019Anoumabo, On est Class\u2019\u2019&nbsp;! Place d\u00e9sormais au \u2018\u2019Carnaval Anoumabo, On Est Class\u2019\u2019. La pr\u00e9cision a \u00e9t\u00e9 faite le mardi 2 ao\u00fbt dernier \u00e0 la chefferie d\u2019Anoumabo par le commissaire g\u00e9n\u00e9ral de l\u2019\u00e9v\u00e8nement Michel Gnabl\u00e9. C\u2019\u00e9tait au cours de la conf\u00e9rence de presse de lancement de l\u2019une des c\u00e9r\u00e9monies qui \u00e9merveille le village &hellip;<\/p>\n<p class=\"read-more\"> <a class=\"\" href=\"https:\/\/7culture.ci\/index.php\/2022\/08\/05\/bienvenue-au-carnaval-anoumabo-on-est-class-4\/\"> <span class=\"screen-reader-text\">Bienvenue au \u2018\u2019Carnaval Anoumabo On Est Class 4!<\/span> Lire la suite\u00a0\u00bb<\/a><\/p>\n","protected":false},"author":1,"featured_media":23025,"comment_status":"open","ping_status":"open","sticky":false,"template":"","format":"standard","meta":{"_mi_skip_tracking":false,"_monsterinsights_sitenote_active":false,"_monsterinsights_sitenote_note":"","_monsterinsights_sitenote_category":0,"site-sidebar-layout":"default","site-content-layout":"default","ast-global-header-display":"","ast-main-header-display":"","ast-hfb-above-header-display":"","ast-hfb-below-header-display":"","ast-hfb-mobile-header-display":"","site-post-title":"","ast-breadcrumbs-content":"","ast-featured-img":"","footer-sml-layout":"","theme-transparent-header-meta":"","adv-header-id-meta":"","stick-header-meta":"","header-above-stick-meta":"","header-main-stick-meta":"","header-below-stick-meta":"","footnotes":"","jetpack_publicize_message":"","jetpack_is_tweetstorm":false,"jetpack_publicize_feature_enabled":true},"categories":[22],"tags":[],"jetpack_publicize_connections":[],"acf":[],"aioseo_notices":[],"yoast_head":"<!-- This site is optimized with the Yoast SEO plugin v19.6.1 - https:\/\/yoast.com\/wordpress\/plugins\/seo\/ -->\n<title>Bienvenue au \u2018\u2019Carnaval Anoumabo On Est Class 4! -<\/title>\n<meta name=\"robots\" content=\"index, follow, max-snippet:-1, max-image-preview:large, max-video-preview:-1\" \/>\n<link rel=\"canonical\" href=\"https:\/\/7culture.ci\/index.php\/2022\/08\/05\/bienvenue-au-carnaval-anoumabo-on-est-class-4\/\" \/>\n<meta property=\"og:locale\" content=\"fr_FR\" \/>\n<meta property=\"og:type\" content=\"article\" \/>\n<meta property=\"og:title\" content=\"Bienvenue au \u2018\u2019Carnaval Anoumabo On Est Class 4! -\" \/>\n<meta property=\"og:description\" content=\"Fini, le festival \u2018\u2019Anoumabo, On est Class\u2019\u2019&nbsp;! Place d\u00e9sormais au \u2018\u2019Carnaval Anoumabo, On Est Class\u2019\u2019. La pr\u00e9cision a \u00e9t\u00e9 faite le mardi 2 ao\u00fbt dernier \u00e0 la chefferie d\u2019Anoumabo par le commissaire g\u00e9n\u00e9ral de l\u2019\u00e9v\u00e8nement Michel Gnabl\u00e9. C\u2019\u00e9tait au cours de la conf\u00e9rence de presse de lancement de l\u2019une des c\u00e9r\u00e9monies qui \u00e9merveille le village &hellip; Bienvenue au \u2018\u2019Carnaval Anoumabo On Est Class 4! Lire la suite\u00a0\u00bb\" \/>\n<meta property=\"og:url\" content=\"https:\/\/7culture.ci\/index.php\/2022\/08\/05\/bienvenue-au-carnaval-anoumabo-on-est-class-4\/\" \/>\n<meta property=\"og:site_name\" content=\"7culture\" \/>\n<meta property=\"article:publisher\" content=\"https:\/\/www.facebook.com\/redchefclaude\" \/>\n<meta property=\"article:published_time\" content=\"2022-08-05T10:00:46+00:00\" \/>\n<meta property=\"article:modified_time\" content=\"2022-08-05T15:09:45+00:00\" \/>\n<meta property=\"og:image\" content=\"https:\/\/7culture.ci\/wp-content\/uploads\/2022\/08\/michel.jpeg\" \/>\n\t<meta property=\"og:image:width\" content=\"454\" \/>\n\t<meta property=\"og:image:height\" content=\"347\" \/>\n\t<meta property=\"og:image:type\" content=\"image\/jpeg\" \/>\n<meta name=\"author\" content=\"7culture2020\" \/>\n<meta name=\"twitter:card\" content=\"summary_large_image\" \/>\n<meta name=\"twitter:creator\" content=\"@7culturec\" \/>\n<meta name=\"twitter:site\" content=\"@7culturec\" \/>\n<meta name=\"twitter:label1\" content=\"\u00c9crit par\" \/>\n\t<meta name=\"twitter:data1\" content=\"7culture2020\" \/>\n\t<meta name=\"twitter:label2\" content=\"Dur\u00e9e de lecture estim\u00e9e\" \/>\n\t<meta name=\"twitter:data2\" content=\"4 minutes\" \/>\n<script type=\"application\/ld+json\" class=\"yoast-schema-graph\">{\"@context\":\"https:\/\/schema.org\",\"@graph\":[{\"@type\":\"Article\",\"@id\":\"https:\/\/7culture.ci\/index.php\/2022\/08\/05\/bienvenue-au-carnaval-anoumabo-on-est-class-4\/#article\",\"isPartOf\":{\"@id\":\"https:\/\/7culture.ci\/index.php\/2022\/08\/05\/bienvenue-au-carnaval-anoumabo-on-est-class-4\/\"},\"author\":{\"name\":\"7culture2020\",\"@id\":\"https:\/\/7culture.ci\/#\/schema\/person\/16150d28d7ef66ba788c1f87f28c4426\"},\"headline\":\"Bienvenue au \u2018\u2019Carnaval Anoumabo On Est Class 4!\",\"datePublished\":\"2022-08-05T10:00:46+00:00\",\"dateModified\":\"2022-08-05T15:09:45+00:00\",\"mainEntityOfPage\":{\"@id\":\"https:\/\/7culture.ci\/index.php\/2022\/08\/05\/bienvenue-au-carnaval-anoumabo-on-est-class-4\/\"},\"wordCount\":435,\"commentCount\":0,\"publisher\":{\"@id\":\"https:\/\/7culture.ci\/#organization\"},\"articleSection\":[\"Actualit\u00e9\"],\"inLanguage\":\"fr-FR\",\"potentialAction\":[{\"@type\":\"CommentAction\",\"name\":\"Comment\",\"target\":[\"https:\/\/7culture.ci\/index.php\/2022\/08\/05\/bienvenue-au-carnaval-anoumabo-on-est-class-4\/#respond\"]}]},{\"@type\":\"WebPage\",\"@id\":\"https:\/\/7culture.ci\/index.php\/2022\/08\/05\/bienvenue-au-carnaval-anoumabo-on-est-class-4\/\",\"url\":\"https:\/\/7culture.ci\/index.php\/2022\/08\/05\/bienvenue-au-carnaval-anoumabo-on-est-class-4\/\",\"name\":\"Bienvenue au \u2018\u2019Carnaval Anoumabo On Est Class 4! -\",\"isPartOf\":{\"@id\":\"https:\/\/7culture.ci\/#website\"},\"datePublished\":\"2022-08-05T10:00:46+00:00\",\"dateModified\":\"2022-08-05T15:09:45+00:00\",\"breadcrumb\":{\"@id\":\"https:\/\/7culture.ci\/index.php\/2022\/08\/05\/bienvenue-au-carnaval-anoumabo-on-est-class-4\/#breadcrumb\"},\"inLanguage\":\"fr-FR\",\"potentialAction\":[{\"@type\":\"ReadAction\",\"target\":[\"https:\/\/7culture.ci\/index.php\/2022\/08\/05\/bienvenue-au-carnaval-anoumabo-on-est-class-4\/\"]}]},{\"@type\":\"BreadcrumbList\",\"@id\":\"https:\/\/7culture.ci\/index.php\/2022\/08\/05\/bienvenue-au-carnaval-anoumabo-on-est-class-4\/#breadcrumb\",\"itemListElement\":[{\"@type\":\"ListItem\",\"position\":1,\"name\":\"Accueil\",\"item\":\"https:\/\/7culture.ci\/\"},{\"@type\":\"ListItem\",\"position\":2,\"name\":\"Bienvenue au \u2018\u2019Carnaval Anoumabo On Est Class 4!\"}]},{\"@type\":\"WebSite\",\"@id\":\"https:\/\/7culture.ci\/#website\",\"url\":\"https:\/\/7culture.ci\/\",\"name\":\"7culture\",\"description\":\"Tout sur l&#039;actualit\u00e9\",\"publisher\":{\"@id\":\"https:\/\/7culture.ci\/#organization\"},\"potentialAction\":[{\"@type\":\"SearchAction\",\"target\":{\"@type\":\"EntryPoint\",\"urlTemplate\":\"https:\/\/7culture.ci\/?s={search_term_string}\"},\"query-input\":\"required name=search_term_string\"}],\"inLanguage\":\"fr-FR\"},{\"@type\":\"Organization\",\"@id\":\"https:\/\/7culture.ci\/#organization\",\"name\":\"7culture\",\"url\":\"https:\/\/7culture.ci\/\",\"sameAs\":[\"https:\/\/www.facebook.com\/redchefclaude\",\"https:\/\/twitter.com\/7culturec\"],\"logo\":{\"@type\":\"ImageObject\",\"inLanguage\":\"fr-FR\",\"@id\":\"https:\/\/7culture.ci\/#\/schema\/logo\/image\/\",\"url\":\"https:\/\/7culture.ci\/wp-content\/uploads\/2021\/12\/S1a-1.png\",\"contentUrl\":\"https:\/\/7culture.ci\/wp-content\/uploads\/2021\/12\/S1a-1.png\",\"width\":588,\"height\":192,\"caption\":\"7culture\"},\"image\":{\"@id\":\"https:\/\/7culture.ci\/#\/schema\/logo\/image\/\"}},{\"@type\":\"Person\",\"@id\":\"https:\/\/7culture.ci\/#\/schema\/person\/16150d28d7ef66ba788c1f87f28c4426\",\"name\":\"7culture2020\",\"image\":{\"@type\":\"ImageObject\",\"inLanguage\":\"fr-FR\",\"@id\":\"https:\/\/7culture.ci\/#\/schema\/person\/image\/\",\"url\":\"https:\/\/secure.gravatar.com\/avatar\/9a0784f951306c37bcd065f52844ef95?s=96&d=mm&r=g\",\"contentUrl\":\"https:\/\/secure.gravatar.com\/avatar\/9a0784f951306c37bcd065f52844ef95?s=96&d=mm&r=g\",\"caption\":\"7culture2020\"},\"sameAs\":[\"http:\/\/7culture.ci\",\"Claude.kipre\"],\"url\":\"https:\/\/7culture.ci\/index.php\/author\/7culture2020\/\"}]}<\/script>\n<!-- \/ Yoast SEO plugin. -->","yoast_head_json":{"title":"Bienvenue au \u2018\u2019Carnaval Anoumabo On Est Class 4! -","robots":{"index":"index","follow":"follow","max-snippet":"max-snippet:-1","max-image-preview":"max-image-preview:large","max-video-preview":"max-video-preview:-1"},"canonical":"https:\/\/7culture.ci\/index.php\/2022\/08\/05\/bienvenue-au-carnaval-anoumabo-on-est-class-4\/","og_locale":"fr_FR","og_type":"article","og_title":"Bienvenue au \u2018\u2019Carnaval Anoumabo On Est Class 4! -","og_description":"Fini, le festival \u2018\u2019Anoumabo, On est Class\u2019\u2019&nbsp;! Place d\u00e9sormais au \u2018\u2019Carnaval Anoumabo, On Est Class\u2019\u2019. La pr\u00e9cision a \u00e9t\u00e9 faite le mardi 2 ao\u00fbt dernier \u00e0 la chefferie d\u2019Anoumabo par le commissaire g\u00e9n\u00e9ral de l\u2019\u00e9v\u00e8nement Michel Gnabl\u00e9. C\u2019\u00e9tait au cours de la conf\u00e9rence de presse de lancement de l\u2019une des c\u00e9r\u00e9monies qui \u00e9merveille le village &hellip; Bienvenue au \u2018\u2019Carnaval Anoumabo On Est Class 4! Lire la suite\u00a0\u00bb","og_url":"https:\/\/7culture.ci\/index.php\/2022\/08\/05\/bienvenue-au-carnaval-anoumabo-on-est-class-4\/","og_site_name":"7culture","article_publisher":"https:\/\/www.facebook.com\/redchefclaude","article_published_time":"2022-08-05T10:00:46+00:00","article_modified_time":"2022-08-05T15:09:45+00:00","og_image":[{"width":454,"height":347,"url":"https:\/\/7culture.ci\/wp-content\/uploads\/2022\/08\/michel.jpeg","type":"image\/jpeg"}],"author":"7culture2020","twitter_card":"summary_large_image","twitter_creator":"@7culturec","twitter_site":"@7culturec","twitter_misc":{"\u00c9crit par":"7culture2020","Dur\u00e9e de lecture estim\u00e9e":"4 minutes"},"schema":{"@context":"https:\/\/schema.org","@graph":[{"@type":"Article","@id":"https:\/\/7culture.ci\/index.php\/2022\/08\/05\/bienvenue-au-carnaval-anoumabo-on-est-class-4\/#article","isPartOf":{"@id":"https:\/\/7culture.ci\/index.php\/2022\/08\/05\/bienvenue-au-carnaval-anoumabo-on-est-class-4\/"},"author":{"name":"7culture2020","@id":"https:\/\/7culture.ci\/#\/schema\/person\/16150d28d7ef66ba788c1f87f28c4426"},"headline":"Bienvenue au \u2018\u2019Carnaval Anoumabo On Est Class 4!","datePublished":"2022-08-05T10:00:46+00:00","dateModified":"2022-08-05T15:09:45+00:00","mainEntityOfPage":{"@id":"https:\/\/7culture.ci\/index.php\/2022\/08\/05\/bienvenue-au-carnaval-anoumabo-on-est-class-4\/"},"wordCount":435,"commentCount":0,"publisher":{"@id":"https:\/\/7culture.ci\/#organization"},"articleSection":["Actualit\u00e9"],"inLanguage":"fr-FR","potentialAction":[{"@type":"CommentAction","name":"Comment","target":["https:\/\/7culture.ci\/index.php\/2022\/08\/05\/bienvenue-au-carnaval-anoumabo-on-est-class-4\/#respond"]}]},{"@type":"WebPage","@id":"https:\/\/7culture.ci\/index.php\/2022\/08\/05\/bienvenue-au-carnaval-anoumabo-on-est-class-4\/","url":"https:\/\/7culture.ci\/index.php\/2022\/08\/05\/bienvenue-au-carnaval-anoumabo-on-est-class-4\/","name":"Bienvenue au \u2018\u2019Carnaval Anoumabo On Est Class 4! -","isPartOf":{"@id":"https:\/\/7culture.ci\/#website"},"datePublished":"2022-08-05T10:00:46+00:00","dateModified":"2022-08-05T15:09:45+00:00","breadcrumb":{"@id":"https:\/\/7culture.ci\/index.php\/2022\/08\/05\/bienvenue-au-carnaval-anoumabo-on-est-class-4\/#breadcrumb"},"inLanguage":"fr-FR","potentialAction":[{"@type":"ReadAction","target":["https:\/\/7culture.ci\/index.php\/2022\/08\/05\/bienvenue-au-carnaval-anoumabo-on-est-class-4\/"]}]},{"@type":"BreadcrumbList","@id":"https:\/\/7culture.ci\/index.php\/2022\/08\/05\/bienvenue-au-carnaval-anoumabo-on-est-class-4\/#breadcrumb","itemListElement":[{"@type":"ListItem","position":1,"name":"Accueil","item":"https:\/\/7culture.ci\/"},{"@type":"ListItem","position":2,"name":"Bienvenue au \u2018\u2019Carnaval Anoumabo On Est Class 4!"}]},{"@type":"WebSite","@id":"https:\/\/7culture.ci\/#website","url":"https:\/\/7culture.ci\/","name":"7culture","description":"Tout sur l&#039;actualit\u00e9","publisher":{"@id":"https:\/\/7culture.ci\/#organization"},"potentialAction":[{"@type":"SearchAction","target":{"@type":"EntryPoint","urlTemplate":"https:\/\/7culture.ci\/?s={search_term_string}"},"query-input":"required name=search_term_string"}],"inLanguage":"fr-FR"},{"@type":"Organization","@id":"https:\/\/7culture.ci\/#organization","name":"7culture","url":"https:\/\/7culture.ci\/","sameAs":["https:\/\/www.facebook.com\/redchefclaude","https:\/\/twitter.com\/7culturec"],"logo":{"@type":"ImageObject","inLanguage":"fr-FR","@id":"https:\/\/7culture.ci\/#\/schema\/logo\/image\/","url":"https:\/\/7culture.ci\/wp-content\/uploads\/2021\/12\/S1a-1.png","contentUrl":"https:\/\/7culture.ci\/wp-content\/uploads\/2021\/12\/S1a-1.png","width":588,"height":192,"caption":"7culture"},"image":{"@id":"https:\/\/7culture.ci\/#\/schema\/logo\/image\/"}},{"@type":"Person","@id":"https:\/\/7culture.ci\/#\/schema\/person\/16150d28d7ef66ba788c1f87f28c4426","name":"7culture2020","image":{"@type":"ImageObject","inLanguage":"fr-FR","@id":"https:\/\/7culture.ci\/#\/schema\/person\/image\/","url":"https:\/\/secure.gravatar.com\/avatar\/9a0784f951306c37bcd065f52844ef95?s=96&d=mm&r=g","contentUrl":"https:\/\/secure.gravatar.com\/avatar\/9a0784f951306c37bcd065f52844ef95?s=96&d=mm&r=g","caption":"7culture2020"},"sameAs":["http:\/\/7culture.ci","Claude.kipre"],"url":"https:\/\/7culture.ci\/index.php\/author\/7culture2020\/"}]}},"jetpack_featured_media_url":"https:\/\/7culture.ci\/wp-content\/uploads\/2022\/08\/michel.jpeg","jetpack_likes_enabled":true,"jetpack_sharing_enabled":true,"_links":{"self":[{"href":"https:\/\/7culture.ci\/index.php\/wp-json\/wp\/v2\/posts\/23019"}],"collection":[{"href":"https:\/\/7culture.ci\/index.php\/wp-json\/wp\/v2\/posts"}],"about":[{"href":"https:\/\/7culture.ci\/index.php\/wp-json\/wp\/v2\/types\/post"}],"author":[{"embeddable":true,"href":"https:\/\/7culture.ci\/index.php\/wp-json\/wp\/v2\/users\/1"}],"replies":[{"embeddable":true,"href":"https:\/\/7culture.ci\/index.php\/wp-json\/wp\/v2\/comments?post=23019"}],"version-history":[{"count":0,"href":"https:\/\/7culture.ci\/index.php\/wp-json\/wp\/v2\/posts\/23019\/revisions"}],"wp:featuredmedia":[{"embeddable":true,"href":"https:\/\/7culture.ci\/index.php\/wp-json\/wp\/v2\/media\/23025"}],"wp:attachment":[{"href":"https:\/\/7culture.ci\/index.php\/wp-json\/wp\/v2\/media?parent=23019"}],"wp:term":[{"taxonomy":"category","embeddable":true,"href":"https:\/\/7culture.ci\/index.php\/wp-json\/wp\/v2\/categories?post=23019"},{"taxonomy":"post_tag","embeddable":true,"href":"https:\/\/7culture.ci\/index.php\/wp-json\/wp\/v2\/tags?post=23019"}],"curies":[{"name":"wp","href":"https:\/\/api.w.org\/{rel}","templated":true}]}}