{"id":22981,"date":"2022-08-04T14:00:34","date_gmt":"2022-08-04T12:00:34","guid":{"rendered":"https:\/\/7culture.ci\/?p=22981"},"modified":"2022-08-04T18:02:23","modified_gmt":"2022-08-04T16:02:23","slug":"yode-et-siro-sengagent-dans-la-lutte-contre-la-deforestation-en-reboisant-182-ha-de-forets","status":"publish","type":"post","link":"https:\/\/7culture.ci\/index.php\/2022\/08\/04\/yode-et-siro-sengagent-dans-la-lutte-contre-la-deforestation-en-reboisant-182-ha-de-forets\/","title":{"rendered":"Yod\u00e9 et Siro s\u2019engagent dans la lutte contre la d\u00e9forestation en reboisant 182 ha de for\u00eats"},"content":{"rendered":"\n<p>Les donn\u00e9es de la soci\u00e9t\u00e9 de d\u00e9veloppement des for\u00eats indiquent que de 16 millions d\u2019hectares de for\u00eat \u00e0 l\u2019ind\u00e9pendance en 1960, la C\u00f4te d\u2019Ivoire ne compte plus que 2,9 millions d\u2019hectares \u00e0 ce jour. En vue d\u2019inverser cette tendance de la d\u00e9forestation, le pays a opt\u00e9 pour une nouvelle politique foresti\u00e8re en mai 2018 dont l\u2019objectif est de porter la couverture foresti\u00e8re \u00e0 au moins 20% du territoire national d\u2019ici \u00e0 l\u2019horizon 2030, soit un accroissement de 3 millions d\u2019hectares de for\u00eat tout en maintenant intact l\u2019existant.<\/p>\n\n\n\n<p>Ce souhait du pr\u00e9sident de la R\u00e9publique Alassane Ouattara de renouveler 20% du couvert v\u00e9g\u00e9tal ivoirien a trouv\u00e9 une oreille attentive chez les artistes du groupe zouglou Yod\u00e9 et Siro. A travers la Fondation YeS, leur fondation, les chanteurs ont rebois\u00e9 182 hectares de for\u00eats au cours de la caravane nationale de reboisement populaire 2022. La caravane a pris fin le lundi 1<sup>er<\/sup> ao\u00fbt dans la for\u00eat class\u00e9e de Rasso dans la r\u00e9gion d\u2019Agboville. A cette 10<sup>e<\/sup> \u00e9tape, la Fondation YeS et ses partenaires ont enfoui des plants sur une superficie de 10 ha.<\/p>\n\n\n\n<figure class=\"wp-block-gallery has-nested-images columns-default is-cropped wp-block-gallery-1 is-layout-flex wp-block-gallery-is-layout-flex\">\n<figure class=\"wp-block-image size-large\"><img loading=\"lazy\" decoding=\"async\" width=\"1024\" height=\"683\" data-id=\"22983\" src=\"https:\/\/7culture.ci\/wp-content\/uploads\/2022\/08\/WhatsApp-Image-2022-08-02-at-10.09.45.jpeg\" alt=\"\" class=\"wp-image-22983\" srcset=\"https:\/\/7culture.ci\/wp-content\/uploads\/2022\/08\/WhatsApp-Image-2022-08-02-at-10.09.45.jpeg 1024w, https:\/\/7culture.ci\/wp-content\/uploads\/2022\/08\/WhatsApp-Image-2022-08-02-at-10.09.45-300x200.jpeg 300w, https:\/\/7culture.ci\/wp-content\/uploads\/2022\/08\/WhatsApp-Image-2022-08-02-at-10.09.45-768x512.jpeg 768w\" sizes=\"(max-width: 1024px) 100vw, 1024px\" \/><\/figure>\n\n\n\n<figure class=\"wp-block-image size-large\"><img loading=\"lazy\" decoding=\"async\" width=\"683\" height=\"1024\" data-id=\"22984\" src=\"https:\/\/7culture.ci\/wp-content\/uploads\/2022\/08\/WhatsApp-Image-2022-08-02-at-10.09.49.jpeg\" alt=\"\" class=\"wp-image-22984\" srcset=\"https:\/\/7culture.ci\/wp-content\/uploads\/2022\/08\/WhatsApp-Image-2022-08-02-at-10.09.49.jpeg 683w, https:\/\/7culture.ci\/wp-content\/uploads\/2022\/08\/WhatsApp-Image-2022-08-02-at-10.09.49-200x300.jpeg 200w\" sizes=\"(max-width: 683px) 100vw, 683px\" \/><\/figure>\n\n\n\n<figure class=\"wp-block-image size-large\"><img loading=\"lazy\" decoding=\"async\" width=\"1024\" height=\"683\" data-id=\"22985\" src=\"https:\/\/7culture.ci\/wp-content\/uploads\/2022\/08\/WhatsApp-Image-2022-08-02-at-10.09.50.jpeg\" alt=\"\" class=\"wp-image-22985\" srcset=\"https:\/\/7culture.ci\/wp-content\/uploads\/2022\/08\/WhatsApp-Image-2022-08-02-at-10.09.50.jpeg 1024w, https:\/\/7culture.ci\/wp-content\/uploads\/2022\/08\/WhatsApp-Image-2022-08-02-at-10.09.50-300x200.jpeg 300w, https:\/\/7culture.ci\/wp-content\/uploads\/2022\/08\/WhatsApp-Image-2022-08-02-at-10.09.50-768x512.jpeg 768w\" sizes=\"(max-width: 1024px) 100vw, 1024px\" \/><\/figure>\n<\/figure>\n\n\n\n<p>L\u2019\u00e9tape de Rasso a \u00e9t\u00e9 une occasion pour faire le point de cette campagne de reboisement national qui avait d\u00e9marr\u00e9 le 18 juin dans la for\u00eat class\u00e9e d\u2019Angued\u00e9dou \u00e0 Abidjan. Tout est parti d\u2019une convention sign\u00e9e le 26 avril 2022 entre la Soci\u00e9t\u00e9 de d\u00e9veloppement des for\u00eats (SODEFOR) et la Fondation YeS. Le partenariat a permis de reboiser 182 hectares de for\u00eats. \u00ab&nbsp;<strong><em>Notre amour pour la for\u00eat date depuis longtemps. Mais le mettre en pratique vient de la main tendue de la SODEFOR que nous avons saisie. Allez dire au pr\u00e9sident de la R\u00e9publique que nous avons entendu son appel. La C\u00f4te d\u2019Ivoire va relever le d\u00e9fi d\u2019ici \u00e0 l\u2019horizon 2030<\/em><\/strong>&nbsp;\u00bb, a rassur\u00e9 Sylvain Decavailles Aba dit Siro, pr\u00e9sident de la Fondation YeS. Il a ensuite remerci\u00e9 ses partenaires qui ont accept\u00e9 de les suivre dans cette aventure. L\u2019initiative a mobilis\u00e9 plus de 3000 volontaires issus de plusieurs milieux socio-professionnels. La caravane nationale de reboisement a \u00e9t\u00e9 financ\u00e9e par la Fondation YeS avec l\u2019assistance technique de la SODEFOR. Cette derni\u00e8re a pr\u00e9par\u00e9 les terrains et a fourni les plants forestiers certifi\u00e9s. \u00ab&nbsp;<strong><em>Nous voyons aujourd\u2019hui ce qui se passe avec le d\u00e9r\u00e8glement climatique. Nous sommes satisfait de notre partenariat avec la Fondation YeS des artistes Yod\u00e9 et Siro qui ont compris l\u2019appel du pr\u00e9sident de la r\u00e9publique \u00e0 renouveler 20% du couvert forestier ivoirien d\u2019ici \u00e0 2030. Je leur dit merci pour l\u2019initiative&nbsp;<\/em><\/strong>\u00bb, a salu\u00e9 le Colonel-Major Mamadou Sangar\u00e9, Directeur g\u00e9n\u00e9ral de la soci\u00e9t\u00e9 de d\u00e9veloppement des for\u00eats (SODEFOR).<\/p>\n\n\n\n<figure class=\"wp-block-gallery has-nested-images columns-default is-cropped wp-block-gallery-2 is-layout-flex wp-block-gallery-is-layout-flex\">\n<figure class=\"wp-block-image size-large\"><img loading=\"lazy\" decoding=\"async\" width=\"1024\" height=\"683\" data-id=\"22986\" src=\"https:\/\/7culture.ci\/wp-content\/uploads\/2022\/08\/WhatsApp-Image-2022-08-02-at-10.09.40.jpeg\" alt=\"\" class=\"wp-image-22986\" srcset=\"https:\/\/7culture.ci\/wp-content\/uploads\/2022\/08\/WhatsApp-Image-2022-08-02-at-10.09.40.jpeg 1024w, https:\/\/7culture.ci\/wp-content\/uploads\/2022\/08\/WhatsApp-Image-2022-08-02-at-10.09.40-300x200.jpeg 300w, https:\/\/7culture.ci\/wp-content\/uploads\/2022\/08\/WhatsApp-Image-2022-08-02-at-10.09.40-768x512.jpeg 768w\" sizes=\"(max-width: 1024px) 100vw, 1024px\" \/><\/figure>\n\n\n\n<figure class=\"wp-block-image size-large\"><img loading=\"lazy\" decoding=\"async\" width=\"1024\" height=\"683\" data-id=\"22987\" src=\"https:\/\/7culture.ci\/wp-content\/uploads\/2022\/08\/WhatsApp-Image-2022-08-02-at-10.09.41.jpeg\" alt=\"\" class=\"wp-image-22987\" srcset=\"https:\/\/7culture.ci\/wp-content\/uploads\/2022\/08\/WhatsApp-Image-2022-08-02-at-10.09.41.jpeg 1024w, https:\/\/7culture.ci\/wp-content\/uploads\/2022\/08\/WhatsApp-Image-2022-08-02-at-10.09.41-300x200.jpeg 300w, https:\/\/7culture.ci\/wp-content\/uploads\/2022\/08\/WhatsApp-Image-2022-08-02-at-10.09.41-768x512.jpeg 768w\" sizes=\"(max-width: 1024px) 100vw, 1024px\" \/><\/figure>\n\n\n\n<figure class=\"wp-block-image size-large\"><img loading=\"lazy\" decoding=\"async\" width=\"1024\" height=\"683\" data-id=\"22988\" src=\"https:\/\/7culture.ci\/wp-content\/uploads\/2022\/08\/WhatsApp-Image-2022-08-02-at-10.09.42.jpeg\" alt=\"\" class=\"wp-image-22988\" srcset=\"https:\/\/7culture.ci\/wp-content\/uploads\/2022\/08\/WhatsApp-Image-2022-08-02-at-10.09.42.jpeg 1024w, https:\/\/7culture.ci\/wp-content\/uploads\/2022\/08\/WhatsApp-Image-2022-08-02-at-10.09.42-300x200.jpeg 300w, https:\/\/7culture.ci\/wp-content\/uploads\/2022\/08\/WhatsApp-Image-2022-08-02-at-10.09.42-768x512.jpeg 768w\" sizes=\"(max-width: 1024px) 100vw, 1024px\" \/><\/figure>\n<\/figure>\n\n\n\n<p>Depuis le 18 juin 2022 dans la for\u00eat class\u00e9e de l\u2019Anguededou (Abidjan), la caravane nationale de reboisement a parcouru les for\u00eats class\u00e9es de Kassa (Tiassal\u00e9), de la T\u00e9n\u00e9 (Oum\u00e9), d\u2019Ahua (Dimbokro), de Koin (Man), de Kimbirila (Odi\u00e9nn\u00e9), de Badikaha (Tafir\u00e9), de Tafir\u00e9 (Tafir\u00e9), de Bamoro (Bouak\u00e9) et de Rasso (Agboville).<\/p>\n\n\n\n<p>Pr\u00e9sent \u00e0 cette derni\u00e8re \u00e9tape de la caravane nationale de reboisement populaire 2022 le 1<sup>er<\/sup> ao\u00fbt dernier, le ministre de la Sant\u00e9 et de l\u2019Hygi\u00e8ne publique, Pierre Demba portait deux casquettes. Il repr\u00e9sentait son homologue des Eaux et For\u00eats, Laurent Tchagba mais il y \u00e9tait \u00e9galement en tant que pr\u00e9sident du Conseil r\u00e9gional de l\u2019Agn\u00e9by-Tiassa. Avant de planter son arbre et de conclure la c\u00e9r\u00e9monie de la fin du reboisement populaire 2022, M. Demba a accept\u00e9 d\u2019\u00eatre le parrain de la Fondation YeS, demande que lui avait adress\u00e9e Siro pendant son speech de remerciement. <strong><em>\u00ab&nbsp;Etre ministre de la Sant\u00e9, c\u2019est autre \u00eatre aussi ministre de la vie. Cette c\u00e9r\u00e9monie est une belle occasion pour c\u00e9l\u00e9brer la vie. Nous devons tous nous y engager. Nous devons tout mettre en \u0153uvre pour relever le d\u00e9fi de la reforestation<\/em><\/strong>&nbsp;\u00bb, a invit\u00e9 le ministre de la Sant\u00e9 et l\u2019Hygi\u00e8ne publique.<\/p>\n\n\n\n<figure class=\"wp-block-gallery has-nested-images columns-default is-cropped wp-block-gallery-3 is-layout-flex wp-block-gallery-is-layout-flex\">\n<figure class=\"wp-block-image size-large\"><img loading=\"lazy\" decoding=\"async\" width=\"1024\" height=\"683\" data-id=\"22989\" src=\"https:\/\/7culture.ci\/wp-content\/uploads\/2022\/08\/WhatsApp-Image-2022-08-02-at-10.09.43.jpeg\" alt=\"\" class=\"wp-image-22989\" srcset=\"https:\/\/7culture.ci\/wp-content\/uploads\/2022\/08\/WhatsApp-Image-2022-08-02-at-10.09.43.jpeg 1024w, https:\/\/7culture.ci\/wp-content\/uploads\/2022\/08\/WhatsApp-Image-2022-08-02-at-10.09.43-300x200.jpeg 300w, https:\/\/7culture.ci\/wp-content\/uploads\/2022\/08\/WhatsApp-Image-2022-08-02-at-10.09.43-768x512.jpeg 768w\" sizes=\"(max-width: 1024px) 100vw, 1024px\" \/><\/figure>\n\n\n\n<figure class=\"wp-block-image size-large\"><img loading=\"lazy\" decoding=\"async\" width=\"1024\" height=\"683\" data-id=\"22991\" src=\"https:\/\/7culture.ci\/wp-content\/uploads\/2022\/08\/WhatsApp-Image-2022-08-02-at-10.09.46.jpeg\" alt=\"\" class=\"wp-image-22991\" srcset=\"https:\/\/7culture.ci\/wp-content\/uploads\/2022\/08\/WhatsApp-Image-2022-08-02-at-10.09.46.jpeg 1024w, https:\/\/7culture.ci\/wp-content\/uploads\/2022\/08\/WhatsApp-Image-2022-08-02-at-10.09.46-300x200.jpeg 300w, https:\/\/7culture.ci\/wp-content\/uploads\/2022\/08\/WhatsApp-Image-2022-08-02-at-10.09.46-768x512.jpeg 768w\" sizes=\"(max-width: 1024px) 100vw, 1024px\" \/><\/figure>\n\n\n\n<figure class=\"wp-block-image size-large\"><img loading=\"lazy\" decoding=\"async\" width=\"1024\" height=\"683\" data-id=\"22990\" src=\"https:\/\/7culture.ci\/wp-content\/uploads\/2022\/08\/WhatsApp-Image-2022-08-02-at-10.09.47.jpeg\" alt=\"\" class=\"wp-image-22990\" srcset=\"https:\/\/7culture.ci\/wp-content\/uploads\/2022\/08\/WhatsApp-Image-2022-08-02-at-10.09.47.jpeg 1024w, https:\/\/7culture.ci\/wp-content\/uploads\/2022\/08\/WhatsApp-Image-2022-08-02-at-10.09.47-300x200.jpeg 300w, https:\/\/7culture.ci\/wp-content\/uploads\/2022\/08\/WhatsApp-Image-2022-08-02-at-10.09.47-768x512.jpeg 768w\" sizes=\"(max-width: 1024px) 100vw, 1024px\" \/><\/figure>\n<\/figure>\n\n\n\n<p>Par Omar AK<\/p>\n","protected":false},"excerpt":{"rendered":"<p>Les donn\u00e9es de la soci\u00e9t\u00e9 de d\u00e9veloppement des for\u00eats indiquent que de 16 millions d\u2019hectares de for\u00eat \u00e0 l\u2019ind\u00e9pendance en 1960, la C\u00f4te d\u2019Ivoire ne compte plus que 2,9 millions d\u2019hectares \u00e0 ce jour. En vue d\u2019inverser cette tendance de la d\u00e9forestation, le pays a opt\u00e9 pour une nouvelle politique foresti\u00e8re en mai 2018 dont &hellip;<\/p>\n<p class=\"read-more\"> <a class=\"\" href=\"https:\/\/7culture.ci\/index.php\/2022\/08\/04\/yode-et-siro-sengagent-dans-la-lutte-contre-la-deforestation-en-reboisant-182-ha-de-forets\/\"> <span class=\"screen-reader-text\">Yod\u00e9 et Siro s\u2019engagent dans la lutte contre la d\u00e9forestation en reboisant 182 ha de for\u00eats<\/span> Lire la suite\u00a0\u00bb<\/a><\/p>\n","protected":false},"author":1,"featured_media":22982,"comment_status":"open","ping_status":"open","sticky":false,"template":"","format":"standard","meta":{"_mi_skip_tracking":false,"_monsterinsights_sitenote_active":false,"_monsterinsights_sitenote_note":"","_monsterinsights_sitenote_category":0,"site-sidebar-layout":"default","site-content-layout":"default","ast-global-header-display":"","ast-main-header-display":"","ast-hfb-above-header-display":"","ast-hfb-below-header-display":"","ast-hfb-mobile-header-display":"","site-post-title":"","ast-breadcrumbs-content":"","ast-featured-img":"","footer-sml-layout":"","theme-transparent-header-meta":"","adv-header-id-meta":"","stick-header-meta":"","header-above-stick-meta":"","header-main-stick-meta":"","header-below-stick-meta":"","footnotes":"","jetpack_publicize_message":"","jetpack_is_tweetstorm":false,"jetpack_publicize_feature_enabled":true},"categories":[22],"tags":[],"jetpack_publicize_connections":[],"acf":[],"aioseo_notices":[],"yoast_head":"<!-- This site is optimized with the Yoast SEO plugin v19.6.1 - https:\/\/yoast.com\/wordpress\/plugins\/seo\/ -->\n<title>Yod\u00e9 et Siro s\u2019engagent dans la lutte contre la d\u00e9forestation en reboisant 182 ha de for\u00eats -<\/title>\n<meta name=\"robots\" content=\"index, follow, max-snippet:-1, max-image-preview:large, max-video-preview:-1\" \/>\n<link rel=\"canonical\" href=\"https:\/\/7culture.ci\/index.php\/2022\/08\/04\/yode-et-siro-sengagent-dans-la-lutte-contre-la-deforestation-en-reboisant-182-ha-de-forets\/\" \/>\n<meta property=\"og:locale\" content=\"fr_FR\" \/>\n<meta property=\"og:type\" content=\"article\" \/>\n<meta property=\"og:title\" content=\"Yod\u00e9 et Siro s\u2019engagent dans la lutte contre la d\u00e9forestation en reboisant 182 ha de for\u00eats -\" \/>\n<meta property=\"og:description\" content=\"Les donn\u00e9es de la soci\u00e9t\u00e9 de d\u00e9veloppement des for\u00eats indiquent que de 16 millions d\u2019hectares de for\u00eat \u00e0 l\u2019ind\u00e9pendance en 1960, la C\u00f4te d\u2019Ivoire ne compte plus que 2,9 millions d\u2019hectares \u00e0 ce jour. En vue d\u2019inverser cette tendance de la d\u00e9forestation, le pays a opt\u00e9 pour une nouvelle politique foresti\u00e8re en mai 2018 dont &hellip; Yod\u00e9 et Siro s\u2019engagent dans la lutte contre la d\u00e9forestation en reboisant 182 ha de for\u00eats Lire la suite\u00a0\u00bb\" \/>\n<meta property=\"og:url\" content=\"https:\/\/7culture.ci\/index.php\/2022\/08\/04\/yode-et-siro-sengagent-dans-la-lutte-contre-la-deforestation-en-reboisant-182-ha-de-forets\/\" \/>\n<meta property=\"og:site_name\" content=\"7culture\" \/>\n<meta property=\"article:publisher\" content=\"https:\/\/www.facebook.com\/redchefclaude\" \/>\n<meta property=\"article:published_time\" content=\"2022-08-04T12:00:34+00:00\" \/>\n<meta property=\"article:modified_time\" content=\"2022-08-04T16:02:23+00:00\" \/>\n<meta property=\"og:image\" content=\"http:\/\/7culture.ci\/wp-content\/uploads\/2022\/08\/yes.jpeg\" \/>\n\t<meta property=\"og:image:width\" content=\"665\" \/>\n\t<meta property=\"og:image:height\" content=\"509\" \/>\n\t<meta property=\"og:image:type\" content=\"image\/jpeg\" \/>\n<meta name=\"author\" content=\"7culture2020\" \/>\n<meta name=\"twitter:card\" content=\"summary_large_image\" \/>\n<meta name=\"twitter:creator\" content=\"@7culturec\" \/>\n<meta name=\"twitter:site\" content=\"@7culturec\" \/>\n<meta name=\"twitter:label1\" content=\"\u00c9crit par\" \/>\n\t<meta name=\"twitter:data1\" content=\"7culture2020\" \/>\n\t<meta name=\"twitter:label2\" content=\"Dur\u00e9e de lecture estim\u00e9e\" \/>\n\t<meta name=\"twitter:data2\" content=\"6 minutes\" \/>\n<script type=\"application\/ld+json\" class=\"yoast-schema-graph\">{\"@context\":\"https:\/\/schema.org\",\"@graph\":[{\"@type\":\"Article\",\"@id\":\"https:\/\/7culture.ci\/index.php\/2022\/08\/04\/yode-et-siro-sengagent-dans-la-lutte-contre-la-deforestation-en-reboisant-182-ha-de-forets\/#article\",\"isPartOf\":{\"@id\":\"https:\/\/7culture.ci\/index.php\/2022\/08\/04\/yode-et-siro-sengagent-dans-la-lutte-contre-la-deforestation-en-reboisant-182-ha-de-forets\/\"},\"author\":{\"name\":\"7culture2020\",\"@id\":\"https:\/\/7culture.ci\/#\/schema\/person\/16150d28d7ef66ba788c1f87f28c4426\"},\"headline\":\"Yod\u00e9 et Siro s\u2019engagent dans la lutte contre la d\u00e9forestation en reboisant 182 ha de for\u00eats\",\"datePublished\":\"2022-08-04T12:00:34+00:00\",\"dateModified\":\"2022-08-04T16:02:23+00:00\",\"mainEntityOfPage\":{\"@id\":\"https:\/\/7culture.ci\/index.php\/2022\/08\/04\/yode-et-siro-sengagent-dans-la-lutte-contre-la-deforestation-en-reboisant-182-ha-de-forets\/\"},\"wordCount\":722,\"commentCount\":0,\"publisher\":{\"@id\":\"https:\/\/7culture.ci\/#organization\"},\"articleSection\":[\"Actualit\u00e9\"],\"inLanguage\":\"fr-FR\",\"potentialAction\":[{\"@type\":\"CommentAction\",\"name\":\"Comment\",\"target\":[\"https:\/\/7culture.ci\/index.php\/2022\/08\/04\/yode-et-siro-sengagent-dans-la-lutte-contre-la-deforestation-en-reboisant-182-ha-de-forets\/#respond\"]}]},{\"@type\":\"WebPage\",\"@id\":\"https:\/\/7culture.ci\/index.php\/2022\/08\/04\/yode-et-siro-sengagent-dans-la-lutte-contre-la-deforestation-en-reboisant-182-ha-de-forets\/\",\"url\":\"https:\/\/7culture.ci\/index.php\/2022\/08\/04\/yode-et-siro-sengagent-dans-la-lutte-contre-la-deforestation-en-reboisant-182-ha-de-forets\/\",\"name\":\"Yod\u00e9 et Siro s\u2019engagent dans la lutte contre la d\u00e9forestation en reboisant 182 ha de for\u00eats -\",\"isPartOf\":{\"@id\":\"https:\/\/7culture.ci\/#website\"},\"datePublished\":\"2022-08-04T12:00:34+00:00\",\"dateModified\":\"2022-08-04T16:02:23+00:00\",\"breadcrumb\":{\"@id\":\"https:\/\/7culture.ci\/index.php\/2022\/08\/04\/yode-et-siro-sengagent-dans-la-lutte-contre-la-deforestation-en-reboisant-182-ha-de-forets\/#breadcrumb\"},\"inLanguage\":\"fr-FR\",\"potentialAction\":[{\"@type\":\"ReadAction\",\"target\":[\"https:\/\/7culture.ci\/index.php\/2022\/08\/04\/yode-et-siro-sengagent-dans-la-lutte-contre-la-deforestation-en-reboisant-182-ha-de-forets\/\"]}]},{\"@type\":\"BreadcrumbList\",\"@id\":\"https:\/\/7culture.ci\/index.php\/2022\/08\/04\/yode-et-siro-sengagent-dans-la-lutte-contre-la-deforestation-en-reboisant-182-ha-de-forets\/#breadcrumb\",\"itemListElement\":[{\"@type\":\"ListItem\",\"position\":1,\"name\":\"Accueil\",\"item\":\"https:\/\/7culture.ci\/\"},{\"@type\":\"ListItem\",\"position\":2,\"name\":\"Yod\u00e9 et Siro s\u2019engagent dans la lutte contre la d\u00e9forestation en reboisant 182 ha de for\u00eats\"}]},{\"@type\":\"WebSite\",\"@id\":\"https:\/\/7culture.ci\/#website\",\"url\":\"https:\/\/7culture.ci\/\",\"name\":\"7culture\",\"description\":\"Tout sur l&#039;actualit\u00e9\",\"publisher\":{\"@id\":\"https:\/\/7culture.ci\/#organization\"},\"potentialAction\":[{\"@type\":\"SearchAction\",\"target\":{\"@type\":\"EntryPoint\",\"urlTemplate\":\"https:\/\/7culture.ci\/?s={search_term_string}\"},\"query-input\":\"required name=search_term_string\"}],\"inLanguage\":\"fr-FR\"},{\"@type\":\"Organization\",\"@id\":\"https:\/\/7culture.ci\/#organization\",\"name\":\"7culture\",\"url\":\"https:\/\/7culture.ci\/\",\"sameAs\":[\"https:\/\/www.facebook.com\/redchefclaude\",\"https:\/\/twitter.com\/7culturec\"],\"logo\":{\"@type\":\"ImageObject\",\"inLanguage\":\"fr-FR\",\"@id\":\"https:\/\/7culture.ci\/#\/schema\/logo\/image\/\",\"url\":\"https:\/\/7culture.ci\/wp-content\/uploads\/2021\/12\/S1a-1.png\",\"contentUrl\":\"https:\/\/7culture.ci\/wp-content\/uploads\/2021\/12\/S1a-1.png\",\"width\":588,\"height\":192,\"caption\":\"7culture\"},\"image\":{\"@id\":\"https:\/\/7culture.ci\/#\/schema\/logo\/image\/\"}},{\"@type\":\"Person\",\"@id\":\"https:\/\/7culture.ci\/#\/schema\/person\/16150d28d7ef66ba788c1f87f28c4426\",\"name\":\"7culture2020\",\"image\":{\"@type\":\"ImageObject\",\"inLanguage\":\"fr-FR\",\"@id\":\"https:\/\/7culture.ci\/#\/schema\/person\/image\/\",\"url\":\"https:\/\/secure.gravatar.com\/avatar\/9a0784f951306c37bcd065f52844ef95?s=96&d=mm&r=g\",\"contentUrl\":\"https:\/\/secure.gravatar.com\/avatar\/9a0784f951306c37bcd065f52844ef95?s=96&d=mm&r=g\",\"caption\":\"7culture2020\"},\"sameAs\":[\"http:\/\/7culture.ci\",\"Claude.kipre\"],\"url\":\"https:\/\/7culture.ci\/index.php\/author\/7culture2020\/\"}]}<\/script>\n<!-- \/ Yoast SEO plugin. -->","yoast_head_json":{"title":"Yod\u00e9 et Siro s\u2019engagent dans la lutte contre la d\u00e9forestation en reboisant 182 ha de for\u00eats -","robots":{"index":"index","follow":"follow","max-snippet":"max-snippet:-1","max-image-preview":"max-image-preview:large","max-video-preview":"max-video-preview:-1"},"canonical":"https:\/\/7culture.ci\/index.php\/2022\/08\/04\/yode-et-siro-sengagent-dans-la-lutte-contre-la-deforestation-en-reboisant-182-ha-de-forets\/","og_locale":"fr_FR","og_type":"article","og_title":"Yod\u00e9 et Siro s\u2019engagent dans la lutte contre la d\u00e9forestation en reboisant 182 ha de for\u00eats -","og_description":"Les donn\u00e9es de la soci\u00e9t\u00e9 de d\u00e9veloppement des for\u00eats indiquent que de 16 millions d\u2019hectares de for\u00eat \u00e0 l\u2019ind\u00e9pendance en 1960, la C\u00f4te d\u2019Ivoire ne compte plus que 2,9 millions d\u2019hectares \u00e0 ce jour. En vue d\u2019inverser cette tendance de la d\u00e9forestation, le pays a opt\u00e9 pour une nouvelle politique foresti\u00e8re en mai 2018 dont &hellip; Yod\u00e9 et Siro s\u2019engagent dans la lutte contre la d\u00e9forestation en reboisant 182 ha de for\u00eats Lire la suite\u00a0\u00bb","og_url":"https:\/\/7culture.ci\/index.php\/2022\/08\/04\/yode-et-siro-sengagent-dans-la-lutte-contre-la-deforestation-en-reboisant-182-ha-de-forets\/","og_site_name":"7culture","article_publisher":"https:\/\/www.facebook.com\/redchefclaude","article_published_time":"2022-08-04T12:00:34+00:00","article_modified_time":"2022-08-04T16:02:23+00:00","og_image":[{"width":665,"height":509,"url":"http:\/\/7culture.ci\/wp-content\/uploads\/2022\/08\/yes.jpeg","type":"image\/jpeg"}],"author":"7culture2020","twitter_card":"summary_large_image","twitter_creator":"@7culturec","twitter_site":"@7culturec","twitter_misc":{"\u00c9crit par":"7culture2020","Dur\u00e9e de lecture estim\u00e9e":"6 minutes"},"schema":{"@context":"https:\/\/schema.org","@graph":[{"@type":"Article","@id":"https:\/\/7culture.ci\/index.php\/2022\/08\/04\/yode-et-siro-sengagent-dans-la-lutte-contre-la-deforestation-en-reboisant-182-ha-de-forets\/#article","isPartOf":{"@id":"https:\/\/7culture.ci\/index.php\/2022\/08\/04\/yode-et-siro-sengagent-dans-la-lutte-contre-la-deforestation-en-reboisant-182-ha-de-forets\/"},"author":{"name":"7culture2020","@id":"https:\/\/7culture.ci\/#\/schema\/person\/16150d28d7ef66ba788c1f87f28c4426"},"headline":"Yod\u00e9 et Siro s\u2019engagent dans la lutte contre la d\u00e9forestation en reboisant 182 ha de for\u00eats","datePublished":"2022-08-04T12:00:34+00:00","dateModified":"2022-08-04T16:02:23+00:00","mainEntityOfPage":{"@id":"https:\/\/7culture.ci\/index.php\/2022\/08\/04\/yode-et-siro-sengagent-dans-la-lutte-contre-la-deforestation-en-reboisant-182-ha-de-forets\/"},"wordCount":722,"commentCount":0,"publisher":{"@id":"https:\/\/7culture.ci\/#organization"},"articleSection":["Actualit\u00e9"],"inLanguage":"fr-FR","potentialAction":[{"@type":"CommentAction","name":"Comment","target":["https:\/\/7culture.ci\/index.php\/2022\/08\/04\/yode-et-siro-sengagent-dans-la-lutte-contre-la-deforestation-en-reboisant-182-ha-de-forets\/#respond"]}]},{"@type":"WebPage","@id":"https:\/\/7culture.ci\/index.php\/2022\/08\/04\/yode-et-siro-sengagent-dans-la-lutte-contre-la-deforestation-en-reboisant-182-ha-de-forets\/","url":"https:\/\/7culture.ci\/index.php\/2022\/08\/04\/yode-et-siro-sengagent-dans-la-lutte-contre-la-deforestation-en-reboisant-182-ha-de-forets\/","name":"Yod\u00e9 et Siro s\u2019engagent dans la lutte contre la d\u00e9forestation en reboisant 182 ha de for\u00eats -","isPartOf":{"@id":"https:\/\/7culture.ci\/#website"},"datePublished":"2022-08-04T12:00:34+00:00","dateModified":"2022-08-04T16:02:23+00:00","breadcrumb":{"@id":"https:\/\/7culture.ci\/index.php\/2022\/08\/04\/yode-et-siro-sengagent-dans-la-lutte-contre-la-deforestation-en-reboisant-182-ha-de-forets\/#breadcrumb"},"inLanguage":"fr-FR","potentialAction":[{"@type":"ReadAction","target":["https:\/\/7culture.ci\/index.php\/2022\/08\/04\/yode-et-siro-sengagent-dans-la-lutte-contre-la-deforestation-en-reboisant-182-ha-de-forets\/"]}]},{"@type":"BreadcrumbList","@id":"https:\/\/7culture.ci\/index.php\/2022\/08\/04\/yode-et-siro-sengagent-dans-la-lutte-contre-la-deforestation-en-reboisant-182-ha-de-forets\/#breadcrumb","itemListElement":[{"@type":"ListItem","position":1,"name":"Accueil","item":"https:\/\/7culture.ci\/"},{"@type":"ListItem","position":2,"name":"Yod\u00e9 et Siro s\u2019engagent dans la lutte contre la d\u00e9forestation en reboisant 182 ha de for\u00eats"}]},{"@type":"WebSite","@id":"https:\/\/7culture.ci\/#website","url":"https:\/\/7culture.ci\/","name":"7culture","description":"Tout sur l&#039;actualit\u00e9","publisher":{"@id":"https:\/\/7culture.ci\/#organization"},"potentialAction":[{"@type":"SearchAction","target":{"@type":"EntryPoint","urlTemplate":"https:\/\/7culture.ci\/?s={search_term_string}"},"query-input":"required name=search_term_string"}],"inLanguage":"fr-FR"},{"@type":"Organization","@id":"https:\/\/7culture.ci\/#organization","name":"7culture","url":"https:\/\/7culture.ci\/","sameAs":["https:\/\/www.facebook.com\/redchefclaude","https:\/\/twitter.com\/7culturec"],"logo":{"@type":"ImageObject","inLanguage":"fr-FR","@id":"https:\/\/7culture.ci\/#\/schema\/logo\/image\/","url":"https:\/\/7culture.ci\/wp-content\/uploads\/2021\/12\/S1a-1.png","contentUrl":"https:\/\/7culture.ci\/wp-content\/uploads\/2021\/12\/S1a-1.png","width":588,"height":192,"caption":"7culture"},"image":{"@id":"https:\/\/7culture.ci\/#\/schema\/logo\/image\/"}},{"@type":"Person","@id":"https:\/\/7culture.ci\/#\/schema\/person\/16150d28d7ef66ba788c1f87f28c4426","name":"7culture2020","image":{"@type":"ImageObject","inLanguage":"fr-FR","@id":"https:\/\/7culture.ci\/#\/schema\/person\/image\/","url":"https:\/\/secure.gravatar.com\/avatar\/9a0784f951306c37bcd065f52844ef95?s=96&d=mm&r=g","contentUrl":"https:\/\/secure.gravatar.com\/avatar\/9a0784f951306c37bcd065f52844ef95?s=96&d=mm&r=g","caption":"7culture2020"},"sameAs":["http:\/\/7culture.ci","Claude.kipre"],"url":"https:\/\/7culture.ci\/index.php\/author\/7culture2020\/"}]}},"jetpack_featured_media_url":"https:\/\/7culture.ci\/wp-content\/uploads\/2022\/08\/yes.jpeg","jetpack_likes_enabled":true,"jetpack_sharing_enabled":true,"_links":{"self":[{"href":"https:\/\/7culture.ci\/index.php\/wp-json\/wp\/v2\/posts\/22981"}],"collection":[{"href":"https:\/\/7culture.ci\/index.php\/wp-json\/wp\/v2\/posts"}],"about":[{"href":"https:\/\/7culture.ci\/index.php\/wp-json\/wp\/v2\/types\/post"}],"author":[{"embeddable":true,"href":"https:\/\/7culture.ci\/index.php\/wp-json\/wp\/v2\/users\/1"}],"replies":[{"embeddable":true,"href":"https:\/\/7culture.ci\/index.php\/wp-json\/wp\/v2\/comments?post=22981"}],"version-history":[{"count":0,"href":"https:\/\/7culture.ci\/index.php\/wp-json\/wp\/v2\/posts\/22981\/revisions"}],"wp:featuredmedia":[{"embeddable":true,"href":"https:\/\/7culture.ci\/index.php\/wp-json\/wp\/v2\/media\/22982"}],"wp:attachment":[{"href":"https:\/\/7culture.ci\/index.php\/wp-json\/wp\/v2\/media?parent=22981"}],"wp:term":[{"taxonomy":"category","embeddable":true,"href":"https:\/\/7culture.ci\/index.php\/wp-json\/wp\/v2\/categories?post=22981"},{"taxonomy":"post_tag","embeddable":true,"href":"https:\/\/7culture.ci\/index.php\/wp-json\/wp\/v2\/tags?post=22981"}],"curies":[{"name":"wp","href":"https:\/\/api.w.org\/{rel}","templated":true}]}}