{"id":22962,"date":"2022-08-03T18:34:57","date_gmt":"2022-08-03T16:34:57","guid":{"rendered":"https:\/\/7culture.ci\/?p=22962"},"modified":"2022-08-04T10:21:51","modified_gmt":"2022-08-04T08:21:51","slug":"tina-glamour-est-fachee-contre-des-amis-darafat-dj","status":"publish","type":"post","link":"https:\/\/7culture.ci\/index.php\/2022\/08\/03\/tina-glamour-est-fachee-contre-des-amis-darafat-dj\/","title":{"rendered":"Tina Glamour est f\u00e2ch\u00e9e contre des amis d\u2019Arafat DJ"},"content":{"rendered":"\n<p>Le 12 ao\u00fbt 2022 marquera le troisi\u00e8me anniversaire du d\u00e9c\u00e8s d\u2019Arafat DJ. Comme tous les ans, depuis son d\u00e9c\u00e8s, ses proches, sa famille et ses fans s\u2019activent \u00e0 lui rendre un vibrant hommage.<\/p>\n\n\n\n<p>Cette ann\u00e9e, l\u2019an III sera marqu\u00e9 par un concert g\u00e9ant de Tina Glamour dans lequel elle profitera pour c\u00e9l\u00e9brer 30 ans de carri\u00e8re. Dans les pr\u00e9paratifs de cet \u00e9v\u00e9nement \u00e0 double importance pour elle, la m\u00e8re de feu Ange Didier Houon dit \u00eatre perturb\u00e9e par des individus mal intentionn\u00e9s.<\/p>\n\n\n\n<div class=\"wp-block-image\"><figure class=\"aligncenter size-full\"><img loading=\"lazy\" decoding=\"async\" width=\"715\" height=\"431\" src=\"https:\/\/7culture.ci\/wp-content\/uploads\/2022\/08\/WhatsApp-Image-2022-08-03-at-15.59.23.jpeg\" alt=\"\" class=\"wp-image-22964\" srcset=\"https:\/\/7culture.ci\/wp-content\/uploads\/2022\/08\/WhatsApp-Image-2022-08-03-at-15.59.23.jpeg 715w, https:\/\/7culture.ci\/wp-content\/uploads\/2022\/08\/WhatsApp-Image-2022-08-03-at-15.59.23-300x181.jpeg 300w\" sizes=\"(max-width: 715px) 100vw, 715px\" \/><\/figure><\/div>\n\n\n\n<p>Dans une vid\u00e9o qu\u2019elle a publi\u00e9e sur sa page Facebook dans la soir\u00e9e du lundi 1<sup>er<\/sup> ao\u00fbt 2022, elle a mis en garde tous les opportunistes qui veulent profiter de la c\u00e9l\u00e9bration de l\u2019anniversaire de la disparition de son fils pour se remplir les poches. &nbsp;Selon Tina Glamour, certains amis de son d\u00e9funt enfant se seraient lanc\u00e9s dans la vente de t-shirts \u00e0 l\u2019effigie de celui-ci pour l\u2019anniversaire de son d\u00e9c\u00e8s.<\/p>\n\n\n\n<p><strong>\u00ab&nbsp;<em>N\u2019achetez pas ces tee-shirts, c\u2019est sans ma b\u00e9n\u00e9diction<\/em>&nbsp;\u00bb<\/strong>,conseille-t-elle aux fanatiques de Daishi. Elle poursuit en s\u2019indignant contre les responsables. <strong>\u00ab&nbsp;<em>C\u2019est illicite, c\u2019est m\u00e9chant, ce que vous faites. Avant de faire quelque chose, vous devez venir me consulter, je suis la m\u00e8re de Dj Arafat<\/em>&nbsp;\u00bb, <\/strong>a-t-elle d\u00e9clar\u00e9<strong>.<\/strong><\/p>\n\n\n\n<p>Thierry Samuel<\/p>\n","protected":false},"excerpt":{"rendered":"<p>Le 12 ao\u00fbt 2022 marquera le troisi\u00e8me anniversaire du d\u00e9c\u00e8s d\u2019Arafat DJ. Comme tous les ans, depuis son d\u00e9c\u00e8s, ses proches, sa famille et ses fans s\u2019activent \u00e0 lui rendre un vibrant hommage. Cette ann\u00e9e, l\u2019an III sera marqu\u00e9 par un concert g\u00e9ant de Tina Glamour dans lequel elle profitera pour c\u00e9l\u00e9brer 30 ans de &hellip;<\/p>\n<p class=\"read-more\"> <a class=\"\" href=\"https:\/\/7culture.ci\/index.php\/2022\/08\/03\/tina-glamour-est-fachee-contre-des-amis-darafat-dj\/\"> <span class=\"screen-reader-text\">Tina Glamour est f\u00e2ch\u00e9e contre des amis d\u2019Arafat DJ<\/span> Lire la suite\u00a0\u00bb<\/a><\/p>\n","protected":false},"author":1,"featured_media":22963,"comment_status":"open","ping_status":"open","sticky":false,"template":"","format":"standard","meta":{"_mi_skip_tracking":false,"_monsterinsights_sitenote_active":false,"_monsterinsights_sitenote_note":"","_monsterinsights_sitenote_category":0,"site-sidebar-layout":"default","site-content-layout":"default","ast-global-header-display":"","ast-main-header-display":"","ast-hfb-above-header-display":"","ast-hfb-below-header-display":"","ast-hfb-mobile-header-display":"","site-post-title":"","ast-breadcrumbs-content":"","ast-featured-img":"","footer-sml-layout":"","theme-transparent-header-meta":"","adv-header-id-meta":"","stick-header-meta":"","header-above-stick-meta":"","header-main-stick-meta":"","header-below-stick-meta":"","footnotes":"","jetpack_publicize_message":"","jetpack_is_tweetstorm":false,"jetpack_publicize_feature_enabled":true},"categories":[22],"tags":[],"jetpack_publicize_connections":[],"acf":[],"aioseo_notices":[],"yoast_head":"<!-- This site is optimized with the Yoast SEO plugin v19.6.1 - https:\/\/yoast.com\/wordpress\/plugins\/seo\/ -->\n<title>Tina Glamour est f\u00e2ch\u00e9e contre des amis d\u2019Arafat DJ -<\/title>\n<meta name=\"robots\" content=\"index, follow, max-snippet:-1, max-image-preview:large, max-video-preview:-1\" \/>\n<link rel=\"canonical\" href=\"https:\/\/7culture.ci\/index.php\/2022\/08\/03\/tina-glamour-est-fachee-contre-des-amis-darafat-dj\/\" \/>\n<meta property=\"og:locale\" content=\"fr_FR\" \/>\n<meta property=\"og:type\" content=\"article\" \/>\n<meta property=\"og:title\" content=\"Tina Glamour est f\u00e2ch\u00e9e contre des amis d\u2019Arafat DJ -\" \/>\n<meta property=\"og:description\" content=\"Le 12 ao\u00fbt 2022 marquera le troisi\u00e8me anniversaire du d\u00e9c\u00e8s d\u2019Arafat DJ. Comme tous les ans, depuis son d\u00e9c\u00e8s, ses proches, sa famille et ses fans s\u2019activent \u00e0 lui rendre un vibrant hommage. Cette ann\u00e9e, l\u2019an III sera marqu\u00e9 par un concert g\u00e9ant de Tina Glamour dans lequel elle profitera pour c\u00e9l\u00e9brer 30 ans de &hellip; Tina Glamour est f\u00e2ch\u00e9e contre des amis d\u2019Arafat DJ Lire la suite\u00a0\u00bb\" \/>\n<meta property=\"og:url\" content=\"https:\/\/7culture.ci\/index.php\/2022\/08\/03\/tina-glamour-est-fachee-contre-des-amis-darafat-dj\/\" \/>\n<meta property=\"og:site_name\" content=\"7culture\" \/>\n<meta property=\"article:publisher\" content=\"https:\/\/www.facebook.com\/redchefclaude\" \/>\n<meta property=\"article:published_time\" content=\"2022-08-03T16:34:57+00:00\" \/>\n<meta property=\"article:modified_time\" content=\"2022-08-04T08:21:51+00:00\" \/>\n<meta property=\"og:image\" content=\"http:\/\/7culture.ci\/wp-content\/uploads\/2022\/08\/WhatsApp-Image-2022-08-03-at-15.59.23-1.jpeg\" \/>\n\t<meta property=\"og:image:width\" content=\"715\" \/>\n\t<meta property=\"og:image:height\" content=\"715\" \/>\n\t<meta property=\"og:image:type\" content=\"image\/jpeg\" \/>\n<meta name=\"author\" content=\"7culture2020\" \/>\n<meta name=\"twitter:card\" content=\"summary_large_image\" \/>\n<meta name=\"twitter:creator\" content=\"@7culturec\" \/>\n<meta name=\"twitter:site\" content=\"@7culturec\" \/>\n<meta name=\"twitter:label1\" content=\"\u00c9crit par\" \/>\n\t<meta name=\"twitter:data1\" content=\"7culture2020\" \/>\n\t<meta name=\"twitter:label2\" content=\"Dur\u00e9e de lecture estim\u00e9e\" \/>\n\t<meta name=\"twitter:data2\" content=\"2 minutes\" \/>\n<script type=\"application\/ld+json\" class=\"yoast-schema-graph\">{\"@context\":\"https:\/\/schema.org\",\"@graph\":[{\"@type\":\"Article\",\"@id\":\"https:\/\/7culture.ci\/index.php\/2022\/08\/03\/tina-glamour-est-fachee-contre-des-amis-darafat-dj\/#article\",\"isPartOf\":{\"@id\":\"https:\/\/7culture.ci\/index.php\/2022\/08\/03\/tina-glamour-est-fachee-contre-des-amis-darafat-dj\/\"},\"author\":{\"name\":\"7culture2020\",\"@id\":\"https:\/\/7culture.ci\/#\/schema\/person\/16150d28d7ef66ba788c1f87f28c4426\"},\"headline\":\"Tina Glamour est f\u00e2ch\u00e9e contre des amis d\u2019Arafat DJ\",\"datePublished\":\"2022-08-03T16:34:57+00:00\",\"dateModified\":\"2022-08-04T08:21:51+00:00\",\"mainEntityOfPage\":{\"@id\":\"https:\/\/7culture.ci\/index.php\/2022\/08\/03\/tina-glamour-est-fachee-contre-des-amis-darafat-dj\/\"},\"wordCount\":255,\"commentCount\":0,\"publisher\":{\"@id\":\"https:\/\/7culture.ci\/#organization\"},\"articleSection\":[\"Actualit\u00e9\"],\"inLanguage\":\"fr-FR\",\"potentialAction\":[{\"@type\":\"CommentAction\",\"name\":\"Comment\",\"target\":[\"https:\/\/7culture.ci\/index.php\/2022\/08\/03\/tina-glamour-est-fachee-contre-des-amis-darafat-dj\/#respond\"]}]},{\"@type\":\"WebPage\",\"@id\":\"https:\/\/7culture.ci\/index.php\/2022\/08\/03\/tina-glamour-est-fachee-contre-des-amis-darafat-dj\/\",\"url\":\"https:\/\/7culture.ci\/index.php\/2022\/08\/03\/tina-glamour-est-fachee-contre-des-amis-darafat-dj\/\",\"name\":\"Tina Glamour est f\u00e2ch\u00e9e contre des amis d\u2019Arafat DJ -\",\"isPartOf\":{\"@id\":\"https:\/\/7culture.ci\/#website\"},\"datePublished\":\"2022-08-03T16:34:57+00:00\",\"dateModified\":\"2022-08-04T08:21:51+00:00\",\"breadcrumb\":{\"@id\":\"https:\/\/7culture.ci\/index.php\/2022\/08\/03\/tina-glamour-est-fachee-contre-des-amis-darafat-dj\/#breadcrumb\"},\"inLanguage\":\"fr-FR\",\"potentialAction\":[{\"@type\":\"ReadAction\",\"target\":[\"https:\/\/7culture.ci\/index.php\/2022\/08\/03\/tina-glamour-est-fachee-contre-des-amis-darafat-dj\/\"]}]},{\"@type\":\"BreadcrumbList\",\"@id\":\"https:\/\/7culture.ci\/index.php\/2022\/08\/03\/tina-glamour-est-fachee-contre-des-amis-darafat-dj\/#breadcrumb\",\"itemListElement\":[{\"@type\":\"ListItem\",\"position\":1,\"name\":\"Accueil\",\"item\":\"https:\/\/7culture.ci\/\"},{\"@type\":\"ListItem\",\"position\":2,\"name\":\"Tina Glamour est f\u00e2ch\u00e9e contre des amis d\u2019Arafat DJ\"}]},{\"@type\":\"WebSite\",\"@id\":\"https:\/\/7culture.ci\/#website\",\"url\":\"https:\/\/7culture.ci\/\",\"name\":\"7culture\",\"description\":\"Tout sur l&#039;actualit\u00e9\",\"publisher\":{\"@id\":\"https:\/\/7culture.ci\/#organization\"},\"potentialAction\":[{\"@type\":\"SearchAction\",\"target\":{\"@type\":\"EntryPoint\",\"urlTemplate\":\"https:\/\/7culture.ci\/?s={search_term_string}\"},\"query-input\":\"required name=search_term_string\"}],\"inLanguage\":\"fr-FR\"},{\"@type\":\"Organization\",\"@id\":\"https:\/\/7culture.ci\/#organization\",\"name\":\"7culture\",\"url\":\"https:\/\/7culture.ci\/\",\"sameAs\":[\"https:\/\/www.facebook.com\/redchefclaude\",\"https:\/\/twitter.com\/7culturec\"],\"logo\":{\"@type\":\"ImageObject\",\"inLanguage\":\"fr-FR\",\"@id\":\"https:\/\/7culture.ci\/#\/schema\/logo\/image\/\",\"url\":\"https:\/\/7culture.ci\/wp-content\/uploads\/2021\/12\/S1a-1.png\",\"contentUrl\":\"https:\/\/7culture.ci\/wp-content\/uploads\/2021\/12\/S1a-1.png\",\"width\":588,\"height\":192,\"caption\":\"7culture\"},\"image\":{\"@id\":\"https:\/\/7culture.ci\/#\/schema\/logo\/image\/\"}},{\"@type\":\"Person\",\"@id\":\"https:\/\/7culture.ci\/#\/schema\/person\/16150d28d7ef66ba788c1f87f28c4426\",\"name\":\"7culture2020\",\"image\":{\"@type\":\"ImageObject\",\"inLanguage\":\"fr-FR\",\"@id\":\"https:\/\/7culture.ci\/#\/schema\/person\/image\/\",\"url\":\"https:\/\/secure.gravatar.com\/avatar\/9a0784f951306c37bcd065f52844ef95?s=96&d=mm&r=g\",\"contentUrl\":\"https:\/\/secure.gravatar.com\/avatar\/9a0784f951306c37bcd065f52844ef95?s=96&d=mm&r=g\",\"caption\":\"7culture2020\"},\"sameAs\":[\"http:\/\/7culture.ci\",\"Claude.kipre\"],\"url\":\"https:\/\/7culture.ci\/index.php\/author\/7culture2020\/\"}]}<\/script>\n<!-- \/ Yoast SEO plugin. -->","yoast_head_json":{"title":"Tina Glamour est f\u00e2ch\u00e9e contre des amis d\u2019Arafat DJ -","robots":{"index":"index","follow":"follow","max-snippet":"max-snippet:-1","max-image-preview":"max-image-preview:large","max-video-preview":"max-video-preview:-1"},"canonical":"https:\/\/7culture.ci\/index.php\/2022\/08\/03\/tina-glamour-est-fachee-contre-des-amis-darafat-dj\/","og_locale":"fr_FR","og_type":"article","og_title":"Tina Glamour est f\u00e2ch\u00e9e contre des amis d\u2019Arafat DJ -","og_description":"Le 12 ao\u00fbt 2022 marquera le troisi\u00e8me anniversaire du d\u00e9c\u00e8s d\u2019Arafat DJ. Comme tous les ans, depuis son d\u00e9c\u00e8s, ses proches, sa famille et ses fans s\u2019activent \u00e0 lui rendre un vibrant hommage. Cette ann\u00e9e, l\u2019an III sera marqu\u00e9 par un concert g\u00e9ant de Tina Glamour dans lequel elle profitera pour c\u00e9l\u00e9brer 30 ans de &hellip; Tina Glamour est f\u00e2ch\u00e9e contre des amis d\u2019Arafat DJ Lire la suite\u00a0\u00bb","og_url":"https:\/\/7culture.ci\/index.php\/2022\/08\/03\/tina-glamour-est-fachee-contre-des-amis-darafat-dj\/","og_site_name":"7culture","article_publisher":"https:\/\/www.facebook.com\/redchefclaude","article_published_time":"2022-08-03T16:34:57+00:00","article_modified_time":"2022-08-04T08:21:51+00:00","og_image":[{"width":715,"height":715,"url":"http:\/\/7culture.ci\/wp-content\/uploads\/2022\/08\/WhatsApp-Image-2022-08-03-at-15.59.23-1.jpeg","type":"image\/jpeg"}],"author":"7culture2020","twitter_card":"summary_large_image","twitter_creator":"@7culturec","twitter_site":"@7culturec","twitter_misc":{"\u00c9crit par":"7culture2020","Dur\u00e9e de lecture estim\u00e9e":"2 minutes"},"schema":{"@context":"https:\/\/schema.org","@graph":[{"@type":"Article","@id":"https:\/\/7culture.ci\/index.php\/2022\/08\/03\/tina-glamour-est-fachee-contre-des-amis-darafat-dj\/#article","isPartOf":{"@id":"https:\/\/7culture.ci\/index.php\/2022\/08\/03\/tina-glamour-est-fachee-contre-des-amis-darafat-dj\/"},"author":{"name":"7culture2020","@id":"https:\/\/7culture.ci\/#\/schema\/person\/16150d28d7ef66ba788c1f87f28c4426"},"headline":"Tina Glamour est f\u00e2ch\u00e9e contre des amis d\u2019Arafat DJ","datePublished":"2022-08-03T16:34:57+00:00","dateModified":"2022-08-04T08:21:51+00:00","mainEntityOfPage":{"@id":"https:\/\/7culture.ci\/index.php\/2022\/08\/03\/tina-glamour-est-fachee-contre-des-amis-darafat-dj\/"},"wordCount":255,"commentCount":0,"publisher":{"@id":"https:\/\/7culture.ci\/#organization"},"articleSection":["Actualit\u00e9"],"inLanguage":"fr-FR","potentialAction":[{"@type":"CommentAction","name":"Comment","target":["https:\/\/7culture.ci\/index.php\/2022\/08\/03\/tina-glamour-est-fachee-contre-des-amis-darafat-dj\/#respond"]}]},{"@type":"WebPage","@id":"https:\/\/7culture.ci\/index.php\/2022\/08\/03\/tina-glamour-est-fachee-contre-des-amis-darafat-dj\/","url":"https:\/\/7culture.ci\/index.php\/2022\/08\/03\/tina-glamour-est-fachee-contre-des-amis-darafat-dj\/","name":"Tina Glamour est f\u00e2ch\u00e9e contre des amis d\u2019Arafat DJ -","isPartOf":{"@id":"https:\/\/7culture.ci\/#website"},"datePublished":"2022-08-03T16:34:57+00:00","dateModified":"2022-08-04T08:21:51+00:00","breadcrumb":{"@id":"https:\/\/7culture.ci\/index.php\/2022\/08\/03\/tina-glamour-est-fachee-contre-des-amis-darafat-dj\/#breadcrumb"},"inLanguage":"fr-FR","potentialAction":[{"@type":"ReadAction","target":["https:\/\/7culture.ci\/index.php\/2022\/08\/03\/tina-glamour-est-fachee-contre-des-amis-darafat-dj\/"]}]},{"@type":"BreadcrumbList","@id":"https:\/\/7culture.ci\/index.php\/2022\/08\/03\/tina-glamour-est-fachee-contre-des-amis-darafat-dj\/#breadcrumb","itemListElement":[{"@type":"ListItem","position":1,"name":"Accueil","item":"https:\/\/7culture.ci\/"},{"@type":"ListItem","position":2,"name":"Tina Glamour est f\u00e2ch\u00e9e contre des amis d\u2019Arafat DJ"}]},{"@type":"WebSite","@id":"https:\/\/7culture.ci\/#website","url":"https:\/\/7culture.ci\/","name":"7culture","description":"Tout sur l&#039;actualit\u00e9","publisher":{"@id":"https:\/\/7culture.ci\/#organization"},"potentialAction":[{"@type":"SearchAction","target":{"@type":"EntryPoint","urlTemplate":"https:\/\/7culture.ci\/?s={search_term_string}"},"query-input":"required name=search_term_string"}],"inLanguage":"fr-FR"},{"@type":"Organization","@id":"https:\/\/7culture.ci\/#organization","name":"7culture","url":"https:\/\/7culture.ci\/","sameAs":["https:\/\/www.facebook.com\/redchefclaude","https:\/\/twitter.com\/7culturec"],"logo":{"@type":"ImageObject","inLanguage":"fr-FR","@id":"https:\/\/7culture.ci\/#\/schema\/logo\/image\/","url":"https:\/\/7culture.ci\/wp-content\/uploads\/2021\/12\/S1a-1.png","contentUrl":"https:\/\/7culture.ci\/wp-content\/uploads\/2021\/12\/S1a-1.png","width":588,"height":192,"caption":"7culture"},"image":{"@id":"https:\/\/7culture.ci\/#\/schema\/logo\/image\/"}},{"@type":"Person","@id":"https:\/\/7culture.ci\/#\/schema\/person\/16150d28d7ef66ba788c1f87f28c4426","name":"7culture2020","image":{"@type":"ImageObject","inLanguage":"fr-FR","@id":"https:\/\/7culture.ci\/#\/schema\/person\/image\/","url":"https:\/\/secure.gravatar.com\/avatar\/9a0784f951306c37bcd065f52844ef95?s=96&d=mm&r=g","contentUrl":"https:\/\/secure.gravatar.com\/avatar\/9a0784f951306c37bcd065f52844ef95?s=96&d=mm&r=g","caption":"7culture2020"},"sameAs":["http:\/\/7culture.ci","Claude.kipre"],"url":"https:\/\/7culture.ci\/index.php\/author\/7culture2020\/"}]}},"jetpack_featured_media_url":"https:\/\/7culture.ci\/wp-content\/uploads\/2022\/08\/WhatsApp-Image-2022-08-03-at-15.59.23-1.jpeg","jetpack_likes_enabled":true,"jetpack_sharing_enabled":true,"_links":{"self":[{"href":"https:\/\/7culture.ci\/index.php\/wp-json\/wp\/v2\/posts\/22962"}],"collection":[{"href":"https:\/\/7culture.ci\/index.php\/wp-json\/wp\/v2\/posts"}],"about":[{"href":"https:\/\/7culture.ci\/index.php\/wp-json\/wp\/v2\/types\/post"}],"author":[{"embeddable":true,"href":"https:\/\/7culture.ci\/index.php\/wp-json\/wp\/v2\/users\/1"}],"replies":[{"embeddable":true,"href":"https:\/\/7culture.ci\/index.php\/wp-json\/wp\/v2\/comments?post=22962"}],"version-history":[{"count":0,"href":"https:\/\/7culture.ci\/index.php\/wp-json\/wp\/v2\/posts\/22962\/revisions"}],"wp:featuredmedia":[{"embeddable":true,"href":"https:\/\/7culture.ci\/index.php\/wp-json\/wp\/v2\/media\/22963"}],"wp:attachment":[{"href":"https:\/\/7culture.ci\/index.php\/wp-json\/wp\/v2\/media?parent=22962"}],"wp:term":[{"taxonomy":"category","embeddable":true,"href":"https:\/\/7culture.ci\/index.php\/wp-json\/wp\/v2\/categories?post=22962"},{"taxonomy":"post_tag","embeddable":true,"href":"https:\/\/7culture.ci\/index.php\/wp-json\/wp\/v2\/tags?post=22962"}],"curies":[{"name":"wp","href":"https:\/\/api.w.org\/{rel}","templated":true}]}}