{"id":22956,"date":"2022-08-03T17:45:39","date_gmt":"2022-08-03T15:45:39","guid":{"rendered":"https:\/\/7culture.ci\/?p=22956"},"modified":"2022-08-03T21:08:05","modified_gmt":"2022-08-03T19:08:05","slug":"agents-deflates-de-la-rti-aboke-conduit-une-mission-de-bons-offices-aupres-de-kkb","status":"publish","type":"post","link":"https:\/\/7culture.ci\/index.php\/2022\/08\/03\/agents-deflates-de-la-rti-aboke-conduit-une-mission-de-bons-offices-aupres-de-kkb\/","title":{"rendered":"Agents d\u00e9flat\u00e9s de la RTI\u00a0: Abok\u00e9 conduit une mission de bons offices aupr\u00e8s de KKB"},"content":{"rendered":"\n<p>Ancien directeur g\u00e9n\u00e9ral de radiodiffusion t\u00e9l\u00e9vision ivoirienne (RTI), Georges Wenceslas Abok\u00e9 \u00e9tait \u00e0 la t\u00eate d\u2019une d\u00e9l\u00e9gation de d\u00e9flat\u00e9s de l\u2019organe de presse \u00e9tatique qui a rencontr\u00e9 le ministre de la R\u00e9conciliation et de la Coh\u00e9sion Nationale le mardi 2 ao\u00fbt dernier \u00e0 son cabinet au Plateau. \u00ab&nbsp;<strong><em>Constitu\u00e9s d\u2019une d\u00e9l\u00e9gation d\u2019une cinquantaine de personnes, ils sont venus solliciter la m\u00e9diation du ministre de la R\u00e9conciliation et de la Coh\u00e9sion nationale dans le dossier relatif au licenciement de plus 300 agents depuis 2012<\/em><\/strong>&nbsp;\u00bb, a post\u00e9 le minist\u00e8re de la R\u00e9conciliation et de la Coh\u00e9sion Nationale sur sa page Facebook apr\u00e8s la rencontre.<\/p>\n\n\n\n<p>Selon le post minist\u00e9riel, Georges Wenceslas Abok\u00e9 a plant\u00e9 le d\u00e9cor avant de laisser la parole \u00e0 Joachim Konan, ex-directeur des Ressources Humaines. Ce dernier a pr\u00e9sent\u00e9 les faits et d\u00e9cortiqu\u00e9 la situation des licenci\u00e9s de 2012 qui se pr\u00e9sentent sous divers aspects. Le lourd dossier apport\u00e9 par Abok\u00e9 et ses amis au ministre Bertin Konan Kouadio (KKB) concerne 322 agent de la Maison Bleue dont 80 fonctionnaires issus de ce licenciement massif de 2012. \u00ab&nbsp;<strong><em>Aujourd\u2019hui quarante (40) ne sont plus de ce monde. Fernand Didia et Koffi Yobouet viennent de rendre l\u2019\u00e2me, il y a quelques jours<\/em><\/strong>&nbsp;\u00bb, rappelle le post du minist\u00e8re.<\/p>\n\n\n\n<figure class=\"wp-block-image size-large is-resized\"><img loading=\"lazy\" decoding=\"async\" src=\"https:\/\/7culture.ci\/wp-content\/uploads\/2022\/08\/Abok-KKB2-1024x683.jpg\" alt=\"\" class=\"wp-image-22958\" width=\"707\" height=\"472\" srcset=\"https:\/\/7culture.ci\/wp-content\/uploads\/2022\/08\/Abok-KKB2-1024x683.jpg 1024w, https:\/\/7culture.ci\/wp-content\/uploads\/2022\/08\/Abok-KKB2-300x200.jpg 300w, https:\/\/7culture.ci\/wp-content\/uploads\/2022\/08\/Abok-KKB2-768x512.jpg 768w, https:\/\/7culture.ci\/wp-content\/uploads\/2022\/08\/Abok-KKB2.jpg 1280w\" sizes=\"(max-width: 707px) 100vw, 707px\" \/><\/figure>\n\n\n\n<p>Il y avait un seul ordre du jour \u00e0 cette rencontre&nbsp;: r\u00e9habiliter les agents d\u00e9flat\u00e9s. \u00ab&nbsp;<strong><em>La pr\u00e9occupation majeure de ces d\u00e9flat\u00e9s est la r\u00e9habilitation des membres dont des fonctionnaires, des agents de l\u2019Etat et des collaborateurs ext\u00e9rieurs ayant fait les beaux jours de la RTI<\/em><\/strong>&nbsp;\u00bb, d\u00e9voile la page Facebook du minist\u00e8re de la R\u00e9conciliation et de la Coh\u00e9sion Nationale.<\/p>\n\n\n\n<p>Apr\u00e8s avoir tap\u00e9 sans succ\u00e8s \u00e0 de nombreuses portes, les agents d\u00e9flat\u00e9s de RTI se sont retourn\u00e9s vers le ministre KKB. \u00ab&nbsp;<strong><em>Jusqu\u2019aujourd\u2019hui, c\u2019est le silence radio sur la question de ces personnes qui ne cessent de frapper \u00e0 des portes pour un d\u00e9nouement heureux dans cette affaire<\/em><\/strong>&nbsp;\u00bb, r\u00e9v\u00e8lent les services du ministre. Qui \u00ab&nbsp;<strong><em>a invit\u00e9 ses visiteurs du jour \u00e0 demeurer dans la dynamique de la r\u00e9conciliation et de la coh\u00e9sion. Il entend mieux s\u2019impr\u00e9gner du dossier et surtout user de la diplomatie silencieuse dans la conduite de cette affaire<\/em><\/strong>&nbsp;\u00bb. Esp\u00e9rons que le dossier des d\u00e9flat\u00e9s de la RTI puisse trouver une issue favorable avec la m\u00e9diation du minist\u00e8re de la R\u00e9conciliation et de la Coh\u00e9sion Nationale.<\/p>\n\n\n\n<div class=\"wp-block-image\"><figure class=\"aligncenter size-large is-resized\"><img loading=\"lazy\" decoding=\"async\" src=\"https:\/\/7culture.ci\/wp-content\/uploads\/2022\/08\/Abok-KKB3-1024x683.jpg\" alt=\"\" class=\"wp-image-22959\" width=\"686\" height=\"458\" srcset=\"https:\/\/7culture.ci\/wp-content\/uploads\/2022\/08\/Abok-KKB3-1024x683.jpg 1024w, https:\/\/7culture.ci\/wp-content\/uploads\/2022\/08\/Abok-KKB3-300x200.jpg 300w, https:\/\/7culture.ci\/wp-content\/uploads\/2022\/08\/Abok-KKB3-768x512.jpg 768w, https:\/\/7culture.ci\/wp-content\/uploads\/2022\/08\/Abok-KKB3.jpg 1280w\" sizes=\"(max-width: 686px) 100vw, 686px\" \/><\/figure><\/div>\n\n\n\n<p>Par Omar AK<\/p>\n","protected":false},"excerpt":{"rendered":"<p>Ancien directeur g\u00e9n\u00e9ral de radiodiffusion t\u00e9l\u00e9vision ivoirienne (RTI), Georges Wenceslas Abok\u00e9 \u00e9tait \u00e0 la t\u00eate d\u2019une d\u00e9l\u00e9gation de d\u00e9flat\u00e9s de l\u2019organe de presse \u00e9tatique qui a rencontr\u00e9 le ministre de la R\u00e9conciliation et de la Coh\u00e9sion Nationale le mardi 2 ao\u00fbt dernier \u00e0 son cabinet au Plateau. \u00ab&nbsp;Constitu\u00e9s d\u2019une d\u00e9l\u00e9gation d\u2019une cinquantaine de personnes, ils &hellip;<\/p>\n<p class=\"read-more\"> <a class=\"\" href=\"https:\/\/7culture.ci\/index.php\/2022\/08\/03\/agents-deflates-de-la-rti-aboke-conduit-une-mission-de-bons-offices-aupres-de-kkb\/\"> <span class=\"screen-reader-text\">Agents d\u00e9flat\u00e9s de la RTI\u00a0: Abok\u00e9 conduit une mission de bons offices aupr\u00e8s de KKB<\/span> Lire la suite\u00a0\u00bb<\/a><\/p>\n","protected":false},"author":1,"featured_media":22957,"comment_status":"open","ping_status":"open","sticky":false,"template":"","format":"standard","meta":{"_mi_skip_tracking":false,"_monsterinsights_sitenote_active":false,"_monsterinsights_sitenote_note":"","_monsterinsights_sitenote_category":0,"site-sidebar-layout":"default","site-content-layout":"default","ast-global-header-display":"","ast-main-header-display":"","ast-hfb-above-header-display":"","ast-hfb-below-header-display":"","ast-hfb-mobile-header-display":"","site-post-title":"","ast-breadcrumbs-content":"","ast-featured-img":"","footer-sml-layout":"","theme-transparent-header-meta":"","adv-header-id-meta":"","stick-header-meta":"","header-above-stick-meta":"","header-main-stick-meta":"","header-below-stick-meta":"","footnotes":"","jetpack_publicize_message":"","jetpack_is_tweetstorm":false,"jetpack_publicize_feature_enabled":true},"categories":[22],"tags":[],"jetpack_publicize_connections":[],"acf":[],"aioseo_notices":[],"yoast_head":"<!-- This site is optimized with the Yoast SEO plugin v19.6.1 - https:\/\/yoast.com\/wordpress\/plugins\/seo\/ -->\n<title>Agents d\u00e9flat\u00e9s de la RTI\u00a0: Abok\u00e9 conduit une mission de bons offices aupr\u00e8s de KKB -<\/title>\n<meta name=\"robots\" content=\"index, follow, max-snippet:-1, max-image-preview:large, max-video-preview:-1\" \/>\n<link rel=\"canonical\" href=\"https:\/\/7culture.ci\/index.php\/2022\/08\/03\/agents-deflates-de-la-rti-aboke-conduit-une-mission-de-bons-offices-aupres-de-kkb\/\" \/>\n<meta property=\"og:locale\" content=\"fr_FR\" \/>\n<meta property=\"og:type\" content=\"article\" \/>\n<meta property=\"og:title\" content=\"Agents d\u00e9flat\u00e9s de la RTI\u00a0: Abok\u00e9 conduit une mission de bons offices aupr\u00e8s de KKB -\" \/>\n<meta property=\"og:description\" content=\"Ancien directeur g\u00e9n\u00e9ral de radiodiffusion t\u00e9l\u00e9vision ivoirienne (RTI), Georges Wenceslas Abok\u00e9 \u00e9tait \u00e0 la t\u00eate d\u2019une d\u00e9l\u00e9gation de d\u00e9flat\u00e9s de l\u2019organe de presse \u00e9tatique qui a rencontr\u00e9 le ministre de la R\u00e9conciliation et de la Coh\u00e9sion Nationale le mardi 2 ao\u00fbt dernier \u00e0 son cabinet au Plateau. \u00ab&nbsp;Constitu\u00e9s d\u2019une d\u00e9l\u00e9gation d\u2019une cinquantaine de personnes, ils &hellip; Agents d\u00e9flat\u00e9s de la RTI\u00a0: Abok\u00e9 conduit une mission de bons offices aupr\u00e8s de KKB Lire la suite\u00a0\u00bb\" \/>\n<meta property=\"og:url\" content=\"https:\/\/7culture.ci\/index.php\/2022\/08\/03\/agents-deflates-de-la-rti-aboke-conduit-une-mission-de-bons-offices-aupres-de-kkb\/\" \/>\n<meta property=\"og:site_name\" content=\"7culture\" \/>\n<meta property=\"article:publisher\" content=\"https:\/\/www.facebook.com\/redchefclaude\" \/>\n<meta property=\"article:published_time\" content=\"2022-08-03T15:45:39+00:00\" \/>\n<meta property=\"article:modified_time\" content=\"2022-08-03T19:08:05+00:00\" \/>\n<meta property=\"og:image\" content=\"http:\/\/7culture.ci\/wp-content\/uploads\/2022\/08\/Abok-KKBbon.jpg\" \/>\n\t<meta property=\"og:image:width\" content=\"750\" \/>\n\t<meta property=\"og:image:height\" content=\"450\" \/>\n\t<meta property=\"og:image:type\" content=\"image\/jpeg\" \/>\n<meta name=\"author\" content=\"7culture2020\" \/>\n<meta name=\"twitter:card\" content=\"summary_large_image\" \/>\n<meta name=\"twitter:creator\" content=\"@7culturec\" \/>\n<meta name=\"twitter:site\" content=\"@7culturec\" \/>\n<meta name=\"twitter:label1\" content=\"\u00c9crit par\" \/>\n\t<meta name=\"twitter:data1\" content=\"7culture2020\" \/>\n\t<meta name=\"twitter:label2\" content=\"Dur\u00e9e de lecture estim\u00e9e\" \/>\n\t<meta name=\"twitter:data2\" content=\"3 minutes\" \/>\n<script type=\"application\/ld+json\" class=\"yoast-schema-graph\">{\"@context\":\"https:\/\/schema.org\",\"@graph\":[{\"@type\":\"Article\",\"@id\":\"https:\/\/7culture.ci\/index.php\/2022\/08\/03\/agents-deflates-de-la-rti-aboke-conduit-une-mission-de-bons-offices-aupres-de-kkb\/#article\",\"isPartOf\":{\"@id\":\"https:\/\/7culture.ci\/index.php\/2022\/08\/03\/agents-deflates-de-la-rti-aboke-conduit-une-mission-de-bons-offices-aupres-de-kkb\/\"},\"author\":{\"name\":\"7culture2020\",\"@id\":\"https:\/\/7culture.ci\/#\/schema\/person\/16150d28d7ef66ba788c1f87f28c4426\"},\"headline\":\"Agents d\u00e9flat\u00e9s de la RTI\u00a0: Abok\u00e9 conduit une mission de bons offices aupr\u00e8s de KKB\",\"datePublished\":\"2022-08-03T15:45:39+00:00\",\"dateModified\":\"2022-08-03T19:08:05+00:00\",\"mainEntityOfPage\":{\"@id\":\"https:\/\/7culture.ci\/index.php\/2022\/08\/03\/agents-deflates-de-la-rti-aboke-conduit-une-mission-de-bons-offices-aupres-de-kkb\/\"},\"wordCount\":467,\"commentCount\":0,\"publisher\":{\"@id\":\"https:\/\/7culture.ci\/#organization\"},\"articleSection\":[\"Actualit\u00e9\"],\"inLanguage\":\"fr-FR\",\"potentialAction\":[{\"@type\":\"CommentAction\",\"name\":\"Comment\",\"target\":[\"https:\/\/7culture.ci\/index.php\/2022\/08\/03\/agents-deflates-de-la-rti-aboke-conduit-une-mission-de-bons-offices-aupres-de-kkb\/#respond\"]}]},{\"@type\":\"WebPage\",\"@id\":\"https:\/\/7culture.ci\/index.php\/2022\/08\/03\/agents-deflates-de-la-rti-aboke-conduit-une-mission-de-bons-offices-aupres-de-kkb\/\",\"url\":\"https:\/\/7culture.ci\/index.php\/2022\/08\/03\/agents-deflates-de-la-rti-aboke-conduit-une-mission-de-bons-offices-aupres-de-kkb\/\",\"name\":\"Agents d\u00e9flat\u00e9s de la RTI\u00a0: Abok\u00e9 conduit une mission de bons offices aupr\u00e8s de KKB -\",\"isPartOf\":{\"@id\":\"https:\/\/7culture.ci\/#website\"},\"datePublished\":\"2022-08-03T15:45:39+00:00\",\"dateModified\":\"2022-08-03T19:08:05+00:00\",\"breadcrumb\":{\"@id\":\"https:\/\/7culture.ci\/index.php\/2022\/08\/03\/agents-deflates-de-la-rti-aboke-conduit-une-mission-de-bons-offices-aupres-de-kkb\/#breadcrumb\"},\"inLanguage\":\"fr-FR\",\"potentialAction\":[{\"@type\":\"ReadAction\",\"target\":[\"https:\/\/7culture.ci\/index.php\/2022\/08\/03\/agents-deflates-de-la-rti-aboke-conduit-une-mission-de-bons-offices-aupres-de-kkb\/\"]}]},{\"@type\":\"BreadcrumbList\",\"@id\":\"https:\/\/7culture.ci\/index.php\/2022\/08\/03\/agents-deflates-de-la-rti-aboke-conduit-une-mission-de-bons-offices-aupres-de-kkb\/#breadcrumb\",\"itemListElement\":[{\"@type\":\"ListItem\",\"position\":1,\"name\":\"Accueil\",\"item\":\"https:\/\/7culture.ci\/\"},{\"@type\":\"ListItem\",\"position\":2,\"name\":\"Agents d\u00e9flat\u00e9s de la RTI\u00a0: Abok\u00e9 conduit une mission de bons offices aupr\u00e8s de KKB\"}]},{\"@type\":\"WebSite\",\"@id\":\"https:\/\/7culture.ci\/#website\",\"url\":\"https:\/\/7culture.ci\/\",\"name\":\"7culture\",\"description\":\"Tout sur l&#039;actualit\u00e9\",\"publisher\":{\"@id\":\"https:\/\/7culture.ci\/#organization\"},\"potentialAction\":[{\"@type\":\"SearchAction\",\"target\":{\"@type\":\"EntryPoint\",\"urlTemplate\":\"https:\/\/7culture.ci\/?s={search_term_string}\"},\"query-input\":\"required name=search_term_string\"}],\"inLanguage\":\"fr-FR\"},{\"@type\":\"Organization\",\"@id\":\"https:\/\/7culture.ci\/#organization\",\"name\":\"7culture\",\"url\":\"https:\/\/7culture.ci\/\",\"sameAs\":[\"https:\/\/www.facebook.com\/redchefclaude\",\"https:\/\/twitter.com\/7culturec\"],\"logo\":{\"@type\":\"ImageObject\",\"inLanguage\":\"fr-FR\",\"@id\":\"https:\/\/7culture.ci\/#\/schema\/logo\/image\/\",\"url\":\"https:\/\/7culture.ci\/wp-content\/uploads\/2021\/12\/S1a-1.png\",\"contentUrl\":\"https:\/\/7culture.ci\/wp-content\/uploads\/2021\/12\/S1a-1.png\",\"width\":588,\"height\":192,\"caption\":\"7culture\"},\"image\":{\"@id\":\"https:\/\/7culture.ci\/#\/schema\/logo\/image\/\"}},{\"@type\":\"Person\",\"@id\":\"https:\/\/7culture.ci\/#\/schema\/person\/16150d28d7ef66ba788c1f87f28c4426\",\"name\":\"7culture2020\",\"image\":{\"@type\":\"ImageObject\",\"inLanguage\":\"fr-FR\",\"@id\":\"https:\/\/7culture.ci\/#\/schema\/person\/image\/\",\"url\":\"https:\/\/secure.gravatar.com\/avatar\/9a0784f951306c37bcd065f52844ef95?s=96&d=mm&r=g\",\"contentUrl\":\"https:\/\/secure.gravatar.com\/avatar\/9a0784f951306c37bcd065f52844ef95?s=96&d=mm&r=g\",\"caption\":\"7culture2020\"},\"sameAs\":[\"http:\/\/7culture.ci\",\"Claude.kipre\"],\"url\":\"https:\/\/7culture.ci\/index.php\/author\/7culture2020\/\"}]}<\/script>\n<!-- \/ Yoast SEO plugin. -->","yoast_head_json":{"title":"Agents d\u00e9flat\u00e9s de la RTI\u00a0: Abok\u00e9 conduit une mission de bons offices aupr\u00e8s de KKB -","robots":{"index":"index","follow":"follow","max-snippet":"max-snippet:-1","max-image-preview":"max-image-preview:large","max-video-preview":"max-video-preview:-1"},"canonical":"https:\/\/7culture.ci\/index.php\/2022\/08\/03\/agents-deflates-de-la-rti-aboke-conduit-une-mission-de-bons-offices-aupres-de-kkb\/","og_locale":"fr_FR","og_type":"article","og_title":"Agents d\u00e9flat\u00e9s de la RTI\u00a0: Abok\u00e9 conduit une mission de bons offices aupr\u00e8s de KKB -","og_description":"Ancien directeur g\u00e9n\u00e9ral de radiodiffusion t\u00e9l\u00e9vision ivoirienne (RTI), Georges Wenceslas Abok\u00e9 \u00e9tait \u00e0 la t\u00eate d\u2019une d\u00e9l\u00e9gation de d\u00e9flat\u00e9s de l\u2019organe de presse \u00e9tatique qui a rencontr\u00e9 le ministre de la R\u00e9conciliation et de la Coh\u00e9sion Nationale le mardi 2 ao\u00fbt dernier \u00e0 son cabinet au Plateau. \u00ab&nbsp;Constitu\u00e9s d\u2019une d\u00e9l\u00e9gation d\u2019une cinquantaine de personnes, ils &hellip; Agents d\u00e9flat\u00e9s de la RTI\u00a0: Abok\u00e9 conduit une mission de bons offices aupr\u00e8s de KKB Lire la suite\u00a0\u00bb","og_url":"https:\/\/7culture.ci\/index.php\/2022\/08\/03\/agents-deflates-de-la-rti-aboke-conduit-une-mission-de-bons-offices-aupres-de-kkb\/","og_site_name":"7culture","article_publisher":"https:\/\/www.facebook.com\/redchefclaude","article_published_time":"2022-08-03T15:45:39+00:00","article_modified_time":"2022-08-03T19:08:05+00:00","og_image":[{"width":750,"height":450,"url":"http:\/\/7culture.ci\/wp-content\/uploads\/2022\/08\/Abok-KKBbon.jpg","type":"image\/jpeg"}],"author":"7culture2020","twitter_card":"summary_large_image","twitter_creator":"@7culturec","twitter_site":"@7culturec","twitter_misc":{"\u00c9crit par":"7culture2020","Dur\u00e9e de lecture estim\u00e9e":"3 minutes"},"schema":{"@context":"https:\/\/schema.org","@graph":[{"@type":"Article","@id":"https:\/\/7culture.ci\/index.php\/2022\/08\/03\/agents-deflates-de-la-rti-aboke-conduit-une-mission-de-bons-offices-aupres-de-kkb\/#article","isPartOf":{"@id":"https:\/\/7culture.ci\/index.php\/2022\/08\/03\/agents-deflates-de-la-rti-aboke-conduit-une-mission-de-bons-offices-aupres-de-kkb\/"},"author":{"name":"7culture2020","@id":"https:\/\/7culture.ci\/#\/schema\/person\/16150d28d7ef66ba788c1f87f28c4426"},"headline":"Agents d\u00e9flat\u00e9s de la RTI\u00a0: Abok\u00e9 conduit une mission de bons offices aupr\u00e8s de KKB","datePublished":"2022-08-03T15:45:39+00:00","dateModified":"2022-08-03T19:08:05+00:00","mainEntityOfPage":{"@id":"https:\/\/7culture.ci\/index.php\/2022\/08\/03\/agents-deflates-de-la-rti-aboke-conduit-une-mission-de-bons-offices-aupres-de-kkb\/"},"wordCount":467,"commentCount":0,"publisher":{"@id":"https:\/\/7culture.ci\/#organization"},"articleSection":["Actualit\u00e9"],"inLanguage":"fr-FR","potentialAction":[{"@type":"CommentAction","name":"Comment","target":["https:\/\/7culture.ci\/index.php\/2022\/08\/03\/agents-deflates-de-la-rti-aboke-conduit-une-mission-de-bons-offices-aupres-de-kkb\/#respond"]}]},{"@type":"WebPage","@id":"https:\/\/7culture.ci\/index.php\/2022\/08\/03\/agents-deflates-de-la-rti-aboke-conduit-une-mission-de-bons-offices-aupres-de-kkb\/","url":"https:\/\/7culture.ci\/index.php\/2022\/08\/03\/agents-deflates-de-la-rti-aboke-conduit-une-mission-de-bons-offices-aupres-de-kkb\/","name":"Agents d\u00e9flat\u00e9s de la RTI\u00a0: Abok\u00e9 conduit une mission de bons offices aupr\u00e8s de KKB -","isPartOf":{"@id":"https:\/\/7culture.ci\/#website"},"datePublished":"2022-08-03T15:45:39+00:00","dateModified":"2022-08-03T19:08:05+00:00","breadcrumb":{"@id":"https:\/\/7culture.ci\/index.php\/2022\/08\/03\/agents-deflates-de-la-rti-aboke-conduit-une-mission-de-bons-offices-aupres-de-kkb\/#breadcrumb"},"inLanguage":"fr-FR","potentialAction":[{"@type":"ReadAction","target":["https:\/\/7culture.ci\/index.php\/2022\/08\/03\/agents-deflates-de-la-rti-aboke-conduit-une-mission-de-bons-offices-aupres-de-kkb\/"]}]},{"@type":"BreadcrumbList","@id":"https:\/\/7culture.ci\/index.php\/2022\/08\/03\/agents-deflates-de-la-rti-aboke-conduit-une-mission-de-bons-offices-aupres-de-kkb\/#breadcrumb","itemListElement":[{"@type":"ListItem","position":1,"name":"Accueil","item":"https:\/\/7culture.ci\/"},{"@type":"ListItem","position":2,"name":"Agents d\u00e9flat\u00e9s de la RTI\u00a0: Abok\u00e9 conduit une mission de bons offices aupr\u00e8s de KKB"}]},{"@type":"WebSite","@id":"https:\/\/7culture.ci\/#website","url":"https:\/\/7culture.ci\/","name":"7culture","description":"Tout sur l&#039;actualit\u00e9","publisher":{"@id":"https:\/\/7culture.ci\/#organization"},"potentialAction":[{"@type":"SearchAction","target":{"@type":"EntryPoint","urlTemplate":"https:\/\/7culture.ci\/?s={search_term_string}"},"query-input":"required name=search_term_string"}],"inLanguage":"fr-FR"},{"@type":"Organization","@id":"https:\/\/7culture.ci\/#organization","name":"7culture","url":"https:\/\/7culture.ci\/","sameAs":["https:\/\/www.facebook.com\/redchefclaude","https:\/\/twitter.com\/7culturec"],"logo":{"@type":"ImageObject","inLanguage":"fr-FR","@id":"https:\/\/7culture.ci\/#\/schema\/logo\/image\/","url":"https:\/\/7culture.ci\/wp-content\/uploads\/2021\/12\/S1a-1.png","contentUrl":"https:\/\/7culture.ci\/wp-content\/uploads\/2021\/12\/S1a-1.png","width":588,"height":192,"caption":"7culture"},"image":{"@id":"https:\/\/7culture.ci\/#\/schema\/logo\/image\/"}},{"@type":"Person","@id":"https:\/\/7culture.ci\/#\/schema\/person\/16150d28d7ef66ba788c1f87f28c4426","name":"7culture2020","image":{"@type":"ImageObject","inLanguage":"fr-FR","@id":"https:\/\/7culture.ci\/#\/schema\/person\/image\/","url":"https:\/\/secure.gravatar.com\/avatar\/9a0784f951306c37bcd065f52844ef95?s=96&d=mm&r=g","contentUrl":"https:\/\/secure.gravatar.com\/avatar\/9a0784f951306c37bcd065f52844ef95?s=96&d=mm&r=g","caption":"7culture2020"},"sameAs":["http:\/\/7culture.ci","Claude.kipre"],"url":"https:\/\/7culture.ci\/index.php\/author\/7culture2020\/"}]}},"jetpack_featured_media_url":"https:\/\/7culture.ci\/wp-content\/uploads\/2022\/08\/Abok-KKBbon.jpg","jetpack_likes_enabled":true,"jetpack_sharing_enabled":true,"_links":{"self":[{"href":"https:\/\/7culture.ci\/index.php\/wp-json\/wp\/v2\/posts\/22956"}],"collection":[{"href":"https:\/\/7culture.ci\/index.php\/wp-json\/wp\/v2\/posts"}],"about":[{"href":"https:\/\/7culture.ci\/index.php\/wp-json\/wp\/v2\/types\/post"}],"author":[{"embeddable":true,"href":"https:\/\/7culture.ci\/index.php\/wp-json\/wp\/v2\/users\/1"}],"replies":[{"embeddable":true,"href":"https:\/\/7culture.ci\/index.php\/wp-json\/wp\/v2\/comments?post=22956"}],"version-history":[{"count":0,"href":"https:\/\/7culture.ci\/index.php\/wp-json\/wp\/v2\/posts\/22956\/revisions"}],"wp:featuredmedia":[{"embeddable":true,"href":"https:\/\/7culture.ci\/index.php\/wp-json\/wp\/v2\/media\/22957"}],"wp:attachment":[{"href":"https:\/\/7culture.ci\/index.php\/wp-json\/wp\/v2\/media?parent=22956"}],"wp:term":[{"taxonomy":"category","embeddable":true,"href":"https:\/\/7culture.ci\/index.php\/wp-json\/wp\/v2\/categories?post=22956"},{"taxonomy":"post_tag","embeddable":true,"href":"https:\/\/7culture.ci\/index.php\/wp-json\/wp\/v2\/tags?post=22956"}],"curies":[{"name":"wp","href":"https:\/\/api.w.org\/{rel}","templated":true}]}}