{"id":22926,"date":"2022-08-02T10:42:54","date_gmt":"2022-08-02T08:42:54","guid":{"rendered":"https:\/\/7culture.ci\/?p=22926"},"modified":"2022-08-03T13:45:03","modified_gmt":"2022-08-03T11:45:03","slug":"vda-remercie-ses-fans-apres-la-reussite-de-son-1er-concert-a-lhotel-ivoire","status":"publish","type":"post","link":"https:\/\/7culture.ci\/index.php\/2022\/08\/02\/vda-remercie-ses-fans-apres-la-reussite-de-son-1er-concert-a-lhotel-ivoire\/","title":{"rendered":"VDA remercie ses fans apr\u00e8s la r\u00e9ussite de son 1er concert \u00e0 l\u2019H\u00f4tel Ivoire"},"content":{"rendered":"\n<p>Premier pari r\u00e9ussi pour le groupe zouglou le plus inspir\u00e9 du moment. C\u2019est dans une ambiance de feu que s\u2019est tenu le premier de la s\u00e9rie de deux concerts du groupe la Voix des Anges (VDA).<\/p>\n\n\n\n<p>Le samedi 30 juillet 2022, les adeptes du zouglou et plusieurs personnalit\u00e9s ivoiriennes ont satur\u00e9 le palais des congr\u00e8s du Sofitel Abidjan H\u00f4tel Ivoire.<\/p>\n\n\n\n<figure class=\"wp-block-image size-full is-resized\"><img loading=\"lazy\" decoding=\"async\" src=\"https:\/\/7culture.ci\/wp-content\/uploads\/2022\/08\/WhatsApp-Image-2022-08-01-at-12.05.04-1.jpeg\" alt=\"\" class=\"wp-image-22928\" width=\"671\" height=\"446\" srcset=\"https:\/\/7culture.ci\/wp-content\/uploads\/2022\/08\/WhatsApp-Image-2022-08-01-at-12.05.04-1.jpeg 720w, https:\/\/7culture.ci\/wp-content\/uploads\/2022\/08\/WhatsApp-Image-2022-08-01-at-12.05.04-1-300x200.jpeg 300w\" sizes=\"(max-width: 671px) 100vw, 671px\" \/><\/figure>\n\n\n\n<p>Jim et Pitch ont jou\u00e9, en quelques heures, tous les titres de leur deuxi\u00e8me album intitul\u00e9 \u2018<em>\u2019Notre exploit<\/em>\u2019\u2019. Ils ont \u00e9galement interpr\u00e9t\u00e9 quelques singles connus par le public. &nbsp;En live, les artistes ont fait montre de leur talent indiscutable.<\/p>\n\n\n\n<div class=\"wp-block-image\"><figure class=\"aligncenter size-full is-resized\"><img loading=\"lazy\" decoding=\"async\" src=\"https:\/\/7culture.ci\/wp-content\/uploads\/2022\/08\/WhatsApp-Image-2022-08-01-at-12.05.04.jpeg\" alt=\"\" class=\"wp-image-22929\" width=\"642\" height=\"427\" srcset=\"https:\/\/7culture.ci\/wp-content\/uploads\/2022\/08\/WhatsApp-Image-2022-08-01-at-12.05.04.jpeg 720w, https:\/\/7culture.ci\/wp-content\/uploads\/2022\/08\/WhatsApp-Image-2022-08-01-at-12.05.04-300x200.jpeg 300w\" sizes=\"(max-width: 642px) 100vw, 642px\" \/><\/figure><\/div>\n\n\n\n<p>Au lendemain de ce concert r\u00e9ussi, VDA a tenu \u00eatre reconnaissant. Dans un message publi\u00e9 sur leur page Facebook, ils ont remerci\u00e9 le Ciel pour la r\u00e9alisation de cette premi\u00e8re \u00e9tape. Les poulains de \u2018\u2019Schama Production\u2019\u2019 ont \u00e9galement remerci\u00e9 leurs fans et collaborateurs pour les soutiens apport\u00e9s. <strong>\u00ab&nbsp;<\/strong><strong><em>Merci \u00e0 DIEU qui nous a permis de r\u00e9aliser ce magnifique projet. Merci \u00e0 tous nos fans et soutiens qui ont cru en nous. R\u00eave devenu r\u00e9alit\u00e9 gr\u00e2ce au travail acharn\u00e9 de tous nos collaborateurs&nbsp;<\/em><\/strong><strong>\u00bb<\/strong>, ont-ils \u00e9crit.<\/p>\n\n\n\n<p>Le deuxi\u00e8me et dernier show de cette s\u00e9rie de spectacles aura lieu le samedi 6 ao\u00fbt 2022 sur l\u2019esplanade du palais de la culture de Treichville.<\/p>\n\n\n\n<p>Thierry Samuel<\/p>\n","protected":false},"excerpt":{"rendered":"<p>Premier pari r\u00e9ussi pour le groupe zouglou le plus inspir\u00e9 du moment. C\u2019est dans une ambiance de feu que s\u2019est tenu le premier de la s\u00e9rie de deux concerts du groupe la Voix des Anges (VDA). Le samedi 30 juillet 2022, les adeptes du zouglou et plusieurs personnalit\u00e9s ivoiriennes ont satur\u00e9 le palais des congr\u00e8s &hellip;<\/p>\n<p class=\"read-more\"> <a class=\"\" href=\"https:\/\/7culture.ci\/index.php\/2022\/08\/02\/vda-remercie-ses-fans-apres-la-reussite-de-son-1er-concert-a-lhotel-ivoire\/\"> <span class=\"screen-reader-text\">VDA remercie ses fans apr\u00e8s la r\u00e9ussite de son 1er concert \u00e0 l\u2019H\u00f4tel Ivoire<\/span> Lire la suite\u00a0\u00bb<\/a><\/p>\n","protected":false},"author":1,"featured_media":22927,"comment_status":"open","ping_status":"open","sticky":false,"template":"","format":"standard","meta":{"_mi_skip_tracking":false,"_monsterinsights_sitenote_active":false,"_monsterinsights_sitenote_note":"","_monsterinsights_sitenote_category":0,"site-sidebar-layout":"default","site-content-layout":"default","ast-global-header-display":"","ast-main-header-display":"","ast-hfb-above-header-display":"","ast-hfb-below-header-display":"","ast-hfb-mobile-header-display":"","site-post-title":"","ast-breadcrumbs-content":"","ast-featured-img":"","footer-sml-layout":"","theme-transparent-header-meta":"","adv-header-id-meta":"","stick-header-meta":"","header-above-stick-meta":"","header-main-stick-meta":"","header-below-stick-meta":"","footnotes":"","jetpack_publicize_message":"","jetpack_is_tweetstorm":false,"jetpack_publicize_feature_enabled":true},"categories":[16],"tags":[],"jetpack_publicize_connections":[],"acf":[],"aioseo_notices":[],"yoast_head":"<!-- This site is optimized with the Yoast SEO plugin v19.6.1 - https:\/\/yoast.com\/wordpress\/plugins\/seo\/ -->\n<title>VDA remercie ses fans apr\u00e8s la r\u00e9ussite de son 1er concert \u00e0 l\u2019H\u00f4tel Ivoire -<\/title>\n<meta name=\"robots\" content=\"index, follow, max-snippet:-1, max-image-preview:large, max-video-preview:-1\" \/>\n<link rel=\"canonical\" href=\"https:\/\/7culture.ci\/index.php\/2022\/08\/02\/vda-remercie-ses-fans-apres-la-reussite-de-son-1er-concert-a-lhotel-ivoire\/\" \/>\n<meta property=\"og:locale\" content=\"fr_FR\" \/>\n<meta property=\"og:type\" content=\"article\" \/>\n<meta property=\"og:title\" content=\"VDA remercie ses fans apr\u00e8s la r\u00e9ussite de son 1er concert \u00e0 l\u2019H\u00f4tel Ivoire -\" \/>\n<meta property=\"og:description\" content=\"Premier pari r\u00e9ussi pour le groupe zouglou le plus inspir\u00e9 du moment. C\u2019est dans une ambiance de feu que s\u2019est tenu le premier de la s\u00e9rie de deux concerts du groupe la Voix des Anges (VDA). Le samedi 30 juillet 2022, les adeptes du zouglou et plusieurs personnalit\u00e9s ivoiriennes ont satur\u00e9 le palais des congr\u00e8s &hellip; VDA remercie ses fans apr\u00e8s la r\u00e9ussite de son 1er concert \u00e0 l\u2019H\u00f4tel Ivoire Lire la suite\u00a0\u00bb\" \/>\n<meta property=\"og:url\" content=\"https:\/\/7culture.ci\/index.php\/2022\/08\/02\/vda-remercie-ses-fans-apres-la-reussite-de-son-1er-concert-a-lhotel-ivoire\/\" \/>\n<meta property=\"og:site_name\" content=\"7culture\" \/>\n<meta property=\"article:publisher\" content=\"https:\/\/www.facebook.com\/redchefclaude\" \/>\n<meta property=\"article:published_time\" content=\"2022-08-02T08:42:54+00:00\" \/>\n<meta property=\"article:modified_time\" content=\"2022-08-03T11:45:03+00:00\" \/>\n<meta property=\"og:image\" content=\"http:\/\/7culture.ci\/wp-content\/uploads\/2022\/08\/WhatsApp-Image-2022-08-01-at-12.05.05.jpeg\" \/>\n\t<meta property=\"og:image:width\" content=\"719\" \/>\n\t<meta property=\"og:image:height\" content=\"480\" \/>\n\t<meta property=\"og:image:type\" content=\"image\/jpeg\" \/>\n<meta name=\"author\" content=\"7culture2020\" \/>\n<meta name=\"twitter:card\" content=\"summary_large_image\" \/>\n<meta name=\"twitter:creator\" content=\"@7culturec\" \/>\n<meta name=\"twitter:site\" content=\"@7culturec\" \/>\n<meta name=\"twitter:label1\" content=\"\u00c9crit par\" \/>\n\t<meta name=\"twitter:data1\" content=\"7culture2020\" \/>\n\t<meta name=\"twitter:label2\" content=\"Dur\u00e9e de lecture estim\u00e9e\" \/>\n\t<meta name=\"twitter:data2\" content=\"2 minutes\" \/>\n<script type=\"application\/ld+json\" class=\"yoast-schema-graph\">{\"@context\":\"https:\/\/schema.org\",\"@graph\":[{\"@type\":\"Article\",\"@id\":\"https:\/\/7culture.ci\/index.php\/2022\/08\/02\/vda-remercie-ses-fans-apres-la-reussite-de-son-1er-concert-a-lhotel-ivoire\/#article\",\"isPartOf\":{\"@id\":\"https:\/\/7culture.ci\/index.php\/2022\/08\/02\/vda-remercie-ses-fans-apres-la-reussite-de-son-1er-concert-a-lhotel-ivoire\/\"},\"author\":{\"name\":\"7culture2020\",\"@id\":\"https:\/\/7culture.ci\/#\/schema\/person\/16150d28d7ef66ba788c1f87f28c4426\"},\"headline\":\"VDA remercie ses fans apr\u00e8s la r\u00e9ussite de son 1er concert \u00e0 l\u2019H\u00f4tel Ivoire\",\"datePublished\":\"2022-08-02T08:42:54+00:00\",\"dateModified\":\"2022-08-03T11:45:03+00:00\",\"mainEntityOfPage\":{\"@id\":\"https:\/\/7culture.ci\/index.php\/2022\/08\/02\/vda-remercie-ses-fans-apres-la-reussite-de-son-1er-concert-a-lhotel-ivoire\/\"},\"wordCount\":246,\"commentCount\":0,\"publisher\":{\"@id\":\"https:\/\/7culture.ci\/#organization\"},\"articleSection\":[\"Musique\"],\"inLanguage\":\"fr-FR\",\"potentialAction\":[{\"@type\":\"CommentAction\",\"name\":\"Comment\",\"target\":[\"https:\/\/7culture.ci\/index.php\/2022\/08\/02\/vda-remercie-ses-fans-apres-la-reussite-de-son-1er-concert-a-lhotel-ivoire\/#respond\"]}]},{\"@type\":\"WebPage\",\"@id\":\"https:\/\/7culture.ci\/index.php\/2022\/08\/02\/vda-remercie-ses-fans-apres-la-reussite-de-son-1er-concert-a-lhotel-ivoire\/\",\"url\":\"https:\/\/7culture.ci\/index.php\/2022\/08\/02\/vda-remercie-ses-fans-apres-la-reussite-de-son-1er-concert-a-lhotel-ivoire\/\",\"name\":\"VDA remercie ses fans apr\u00e8s la r\u00e9ussite de son 1er concert \u00e0 l\u2019H\u00f4tel Ivoire -\",\"isPartOf\":{\"@id\":\"https:\/\/7culture.ci\/#website\"},\"datePublished\":\"2022-08-02T08:42:54+00:00\",\"dateModified\":\"2022-08-03T11:45:03+00:00\",\"breadcrumb\":{\"@id\":\"https:\/\/7culture.ci\/index.php\/2022\/08\/02\/vda-remercie-ses-fans-apres-la-reussite-de-son-1er-concert-a-lhotel-ivoire\/#breadcrumb\"},\"inLanguage\":\"fr-FR\",\"potentialAction\":[{\"@type\":\"ReadAction\",\"target\":[\"https:\/\/7culture.ci\/index.php\/2022\/08\/02\/vda-remercie-ses-fans-apres-la-reussite-de-son-1er-concert-a-lhotel-ivoire\/\"]}]},{\"@type\":\"BreadcrumbList\",\"@id\":\"https:\/\/7culture.ci\/index.php\/2022\/08\/02\/vda-remercie-ses-fans-apres-la-reussite-de-son-1er-concert-a-lhotel-ivoire\/#breadcrumb\",\"itemListElement\":[{\"@type\":\"ListItem\",\"position\":1,\"name\":\"Accueil\",\"item\":\"https:\/\/7culture.ci\/\"},{\"@type\":\"ListItem\",\"position\":2,\"name\":\"VDA remercie ses fans apr\u00e8s la r\u00e9ussite de son 1er concert \u00e0 l\u2019H\u00f4tel Ivoire\"}]},{\"@type\":\"WebSite\",\"@id\":\"https:\/\/7culture.ci\/#website\",\"url\":\"https:\/\/7culture.ci\/\",\"name\":\"7culture\",\"description\":\"Tout sur l&#039;actualit\u00e9\",\"publisher\":{\"@id\":\"https:\/\/7culture.ci\/#organization\"},\"potentialAction\":[{\"@type\":\"SearchAction\",\"target\":{\"@type\":\"EntryPoint\",\"urlTemplate\":\"https:\/\/7culture.ci\/?s={search_term_string}\"},\"query-input\":\"required name=search_term_string\"}],\"inLanguage\":\"fr-FR\"},{\"@type\":\"Organization\",\"@id\":\"https:\/\/7culture.ci\/#organization\",\"name\":\"7culture\",\"url\":\"https:\/\/7culture.ci\/\",\"sameAs\":[\"https:\/\/www.facebook.com\/redchefclaude\",\"https:\/\/twitter.com\/7culturec\"],\"logo\":{\"@type\":\"ImageObject\",\"inLanguage\":\"fr-FR\",\"@id\":\"https:\/\/7culture.ci\/#\/schema\/logo\/image\/\",\"url\":\"https:\/\/7culture.ci\/wp-content\/uploads\/2021\/12\/S1a-1.png\",\"contentUrl\":\"https:\/\/7culture.ci\/wp-content\/uploads\/2021\/12\/S1a-1.png\",\"width\":588,\"height\":192,\"caption\":\"7culture\"},\"image\":{\"@id\":\"https:\/\/7culture.ci\/#\/schema\/logo\/image\/\"}},{\"@type\":\"Person\",\"@id\":\"https:\/\/7culture.ci\/#\/schema\/person\/16150d28d7ef66ba788c1f87f28c4426\",\"name\":\"7culture2020\",\"image\":{\"@type\":\"ImageObject\",\"inLanguage\":\"fr-FR\",\"@id\":\"https:\/\/7culture.ci\/#\/schema\/person\/image\/\",\"url\":\"https:\/\/secure.gravatar.com\/avatar\/9a0784f951306c37bcd065f52844ef95?s=96&d=mm&r=g\",\"contentUrl\":\"https:\/\/secure.gravatar.com\/avatar\/9a0784f951306c37bcd065f52844ef95?s=96&d=mm&r=g\",\"caption\":\"7culture2020\"},\"sameAs\":[\"http:\/\/7culture.ci\",\"Claude.kipre\"],\"url\":\"https:\/\/7culture.ci\/index.php\/author\/7culture2020\/\"}]}<\/script>\n<!-- \/ Yoast SEO plugin. -->","yoast_head_json":{"title":"VDA remercie ses fans apr\u00e8s la r\u00e9ussite de son 1er concert \u00e0 l\u2019H\u00f4tel Ivoire -","robots":{"index":"index","follow":"follow","max-snippet":"max-snippet:-1","max-image-preview":"max-image-preview:large","max-video-preview":"max-video-preview:-1"},"canonical":"https:\/\/7culture.ci\/index.php\/2022\/08\/02\/vda-remercie-ses-fans-apres-la-reussite-de-son-1er-concert-a-lhotel-ivoire\/","og_locale":"fr_FR","og_type":"article","og_title":"VDA remercie ses fans apr\u00e8s la r\u00e9ussite de son 1er concert \u00e0 l\u2019H\u00f4tel Ivoire -","og_description":"Premier pari r\u00e9ussi pour le groupe zouglou le plus inspir\u00e9 du moment. C\u2019est dans une ambiance de feu que s\u2019est tenu le premier de la s\u00e9rie de deux concerts du groupe la Voix des Anges (VDA). Le samedi 30 juillet 2022, les adeptes du zouglou et plusieurs personnalit\u00e9s ivoiriennes ont satur\u00e9 le palais des congr\u00e8s &hellip; VDA remercie ses fans apr\u00e8s la r\u00e9ussite de son 1er concert \u00e0 l\u2019H\u00f4tel Ivoire Lire la suite\u00a0\u00bb","og_url":"https:\/\/7culture.ci\/index.php\/2022\/08\/02\/vda-remercie-ses-fans-apres-la-reussite-de-son-1er-concert-a-lhotel-ivoire\/","og_site_name":"7culture","article_publisher":"https:\/\/www.facebook.com\/redchefclaude","article_published_time":"2022-08-02T08:42:54+00:00","article_modified_time":"2022-08-03T11:45:03+00:00","og_image":[{"width":719,"height":480,"url":"http:\/\/7culture.ci\/wp-content\/uploads\/2022\/08\/WhatsApp-Image-2022-08-01-at-12.05.05.jpeg","type":"image\/jpeg"}],"author":"7culture2020","twitter_card":"summary_large_image","twitter_creator":"@7culturec","twitter_site":"@7culturec","twitter_misc":{"\u00c9crit par":"7culture2020","Dur\u00e9e de lecture estim\u00e9e":"2 minutes"},"schema":{"@context":"https:\/\/schema.org","@graph":[{"@type":"Article","@id":"https:\/\/7culture.ci\/index.php\/2022\/08\/02\/vda-remercie-ses-fans-apres-la-reussite-de-son-1er-concert-a-lhotel-ivoire\/#article","isPartOf":{"@id":"https:\/\/7culture.ci\/index.php\/2022\/08\/02\/vda-remercie-ses-fans-apres-la-reussite-de-son-1er-concert-a-lhotel-ivoire\/"},"author":{"name":"7culture2020","@id":"https:\/\/7culture.ci\/#\/schema\/person\/16150d28d7ef66ba788c1f87f28c4426"},"headline":"VDA remercie ses fans apr\u00e8s la r\u00e9ussite de son 1er concert \u00e0 l\u2019H\u00f4tel Ivoire","datePublished":"2022-08-02T08:42:54+00:00","dateModified":"2022-08-03T11:45:03+00:00","mainEntityOfPage":{"@id":"https:\/\/7culture.ci\/index.php\/2022\/08\/02\/vda-remercie-ses-fans-apres-la-reussite-de-son-1er-concert-a-lhotel-ivoire\/"},"wordCount":246,"commentCount":0,"publisher":{"@id":"https:\/\/7culture.ci\/#organization"},"articleSection":["Musique"],"inLanguage":"fr-FR","potentialAction":[{"@type":"CommentAction","name":"Comment","target":["https:\/\/7culture.ci\/index.php\/2022\/08\/02\/vda-remercie-ses-fans-apres-la-reussite-de-son-1er-concert-a-lhotel-ivoire\/#respond"]}]},{"@type":"WebPage","@id":"https:\/\/7culture.ci\/index.php\/2022\/08\/02\/vda-remercie-ses-fans-apres-la-reussite-de-son-1er-concert-a-lhotel-ivoire\/","url":"https:\/\/7culture.ci\/index.php\/2022\/08\/02\/vda-remercie-ses-fans-apres-la-reussite-de-son-1er-concert-a-lhotel-ivoire\/","name":"VDA remercie ses fans apr\u00e8s la r\u00e9ussite de son 1er concert \u00e0 l\u2019H\u00f4tel Ivoire -","isPartOf":{"@id":"https:\/\/7culture.ci\/#website"},"datePublished":"2022-08-02T08:42:54+00:00","dateModified":"2022-08-03T11:45:03+00:00","breadcrumb":{"@id":"https:\/\/7culture.ci\/index.php\/2022\/08\/02\/vda-remercie-ses-fans-apres-la-reussite-de-son-1er-concert-a-lhotel-ivoire\/#breadcrumb"},"inLanguage":"fr-FR","potentialAction":[{"@type":"ReadAction","target":["https:\/\/7culture.ci\/index.php\/2022\/08\/02\/vda-remercie-ses-fans-apres-la-reussite-de-son-1er-concert-a-lhotel-ivoire\/"]}]},{"@type":"BreadcrumbList","@id":"https:\/\/7culture.ci\/index.php\/2022\/08\/02\/vda-remercie-ses-fans-apres-la-reussite-de-son-1er-concert-a-lhotel-ivoire\/#breadcrumb","itemListElement":[{"@type":"ListItem","position":1,"name":"Accueil","item":"https:\/\/7culture.ci\/"},{"@type":"ListItem","position":2,"name":"VDA remercie ses fans apr\u00e8s la r\u00e9ussite de son 1er concert \u00e0 l\u2019H\u00f4tel Ivoire"}]},{"@type":"WebSite","@id":"https:\/\/7culture.ci\/#website","url":"https:\/\/7culture.ci\/","name":"7culture","description":"Tout sur l&#039;actualit\u00e9","publisher":{"@id":"https:\/\/7culture.ci\/#organization"},"potentialAction":[{"@type":"SearchAction","target":{"@type":"EntryPoint","urlTemplate":"https:\/\/7culture.ci\/?s={search_term_string}"},"query-input":"required name=search_term_string"}],"inLanguage":"fr-FR"},{"@type":"Organization","@id":"https:\/\/7culture.ci\/#organization","name":"7culture","url":"https:\/\/7culture.ci\/","sameAs":["https:\/\/www.facebook.com\/redchefclaude","https:\/\/twitter.com\/7culturec"],"logo":{"@type":"ImageObject","inLanguage":"fr-FR","@id":"https:\/\/7culture.ci\/#\/schema\/logo\/image\/","url":"https:\/\/7culture.ci\/wp-content\/uploads\/2021\/12\/S1a-1.png","contentUrl":"https:\/\/7culture.ci\/wp-content\/uploads\/2021\/12\/S1a-1.png","width":588,"height":192,"caption":"7culture"},"image":{"@id":"https:\/\/7culture.ci\/#\/schema\/logo\/image\/"}},{"@type":"Person","@id":"https:\/\/7culture.ci\/#\/schema\/person\/16150d28d7ef66ba788c1f87f28c4426","name":"7culture2020","image":{"@type":"ImageObject","inLanguage":"fr-FR","@id":"https:\/\/7culture.ci\/#\/schema\/person\/image\/","url":"https:\/\/secure.gravatar.com\/avatar\/9a0784f951306c37bcd065f52844ef95?s=96&d=mm&r=g","contentUrl":"https:\/\/secure.gravatar.com\/avatar\/9a0784f951306c37bcd065f52844ef95?s=96&d=mm&r=g","caption":"7culture2020"},"sameAs":["http:\/\/7culture.ci","Claude.kipre"],"url":"https:\/\/7culture.ci\/index.php\/author\/7culture2020\/"}]}},"jetpack_featured_media_url":"https:\/\/7culture.ci\/wp-content\/uploads\/2022\/08\/WhatsApp-Image-2022-08-01-at-12.05.05.jpeg","jetpack_likes_enabled":true,"jetpack_sharing_enabled":true,"_links":{"self":[{"href":"https:\/\/7culture.ci\/index.php\/wp-json\/wp\/v2\/posts\/22926"}],"collection":[{"href":"https:\/\/7culture.ci\/index.php\/wp-json\/wp\/v2\/posts"}],"about":[{"href":"https:\/\/7culture.ci\/index.php\/wp-json\/wp\/v2\/types\/post"}],"author":[{"embeddable":true,"href":"https:\/\/7culture.ci\/index.php\/wp-json\/wp\/v2\/users\/1"}],"replies":[{"embeddable":true,"href":"https:\/\/7culture.ci\/index.php\/wp-json\/wp\/v2\/comments?post=22926"}],"version-history":[{"count":0,"href":"https:\/\/7culture.ci\/index.php\/wp-json\/wp\/v2\/posts\/22926\/revisions"}],"wp:featuredmedia":[{"embeddable":true,"href":"https:\/\/7culture.ci\/index.php\/wp-json\/wp\/v2\/media\/22927"}],"wp:attachment":[{"href":"https:\/\/7culture.ci\/index.php\/wp-json\/wp\/v2\/media?parent=22926"}],"wp:term":[{"taxonomy":"category","embeddable":true,"href":"https:\/\/7culture.ci\/index.php\/wp-json\/wp\/v2\/categories?post=22926"},{"taxonomy":"post_tag","embeddable":true,"href":"https:\/\/7culture.ci\/index.php\/wp-json\/wp\/v2\/tags?post=22926"}],"curies":[{"name":"wp","href":"https:\/\/api.w.org\/{rel}","templated":true}]}}