{"id":22913,"date":"2022-07-30T12:51:31","date_gmt":"2022-07-30T10:51:31","guid":{"rendered":"https:\/\/7culture.ci\/?p=22913"},"modified":"2022-07-30T12:51:35","modified_gmt":"2022-07-30T10:51:35","slug":"un-nouveau-trophee-pour-aicha-kone","status":"publish","type":"post","link":"https:\/\/7culture.ci\/index.php\/2022\/07\/30\/un-nouveau-trophee-pour-aicha-kone\/","title":{"rendered":"Un nouveau troph\u00e9e pour A\u00efcha Kon\u00e9"},"content":{"rendered":"\n<p>La diva de la musique africaine A\u00efcha Kon\u00e9 c\u00e9l\u00e9brera ses 45 ans de carri\u00e8re le 7 ao\u00fbt 2022 au Palais des congr\u00e8s du Sofitel Abidjan H\u00f4tel Ivoire. Avant cette date tant attendue par ses nombreux fans, la chanteuse sexag\u00e9naire continue de recevoir des distinctions. Comme c\u2019\u00e9tait le cas le vendredi 29 juillet dernier au d\u00eener gala de distinction de la femme africaine engag\u00e9e pour le d\u00e9veloppement de son continent \u00e0 l\u2019h\u00f4tel Novotel d\u2019Abidjan-Plateau. L\u2019imp\u00e9ratrice de la chanson africaine y a re\u00e7u le \u2018\u2019Prix d\u2019Honneur Or de la Femme africaine\u2019\u2019. \u00ab&nbsp;<strong><em>J\u2019ai re\u00e7u le prix d&#8217;honneur or de la femme africaine. Merci \u00e0 la Fondation Femme d\u2019Afrique<\/em><\/strong>&nbsp;\u00bb, a post\u00e9 l\u2019artiste sur Facebook en l\u00e9gende aux images de la c\u00e9r\u00e9monie.<\/p>\n\n\n\n<div class=\"wp-block-image\"><figure class=\"aligncenter size-large is-resized\"><img loading=\"lazy\" decoding=\"async\" src=\"https:\/\/7culture.ci\/wp-content\/uploads\/2022\/07\/Aiche-Kone1-809x1024.jpg\" alt=\"\" class=\"wp-image-22915\" width=\"511\" height=\"646\" srcset=\"https:\/\/7culture.ci\/wp-content\/uploads\/2022\/07\/Aiche-Kone1-809x1024.jpg 809w, https:\/\/7culture.ci\/wp-content\/uploads\/2022\/07\/Aiche-Kone1-237x300.jpg 237w, https:\/\/7culture.ci\/wp-content\/uploads\/2022\/07\/Aiche-Kone1-768x972.jpg 768w, https:\/\/7culture.ci\/wp-content\/uploads\/2022\/07\/Aiche-Kone1.jpg 1138w\" sizes=\"(max-width: 511px) 100vw, 511px\" \/><\/figure><\/div>\n\n\n\n<p>L\u2019\u00e9v\u00e8nement a \u00e9t\u00e9 organis\u00e9 par la Fondation &#8220;Femme d&#8217;Afrique L\u00e8ve-toi&#8221; qui c\u00e9l\u00e8bre la femme africaine du 29 au 30 juillet 2022 \u00e0 Abidjan. La Fondation Femme d&#8217;Afrique L\u00e8ves-toi\u2019\u2019 est pr\u00e9sid\u00e9e par Mme Fatou Gouedan Diarra.<\/p>\n\n\n\n<p>Par OAK<\/p>\n","protected":false},"excerpt":{"rendered":"<p>La diva de la musique africaine A\u00efcha Kon\u00e9 c\u00e9l\u00e9brera ses 45 ans de carri\u00e8re le 7 ao\u00fbt 2022 au Palais des congr\u00e8s du Sofitel Abidjan H\u00f4tel Ivoire. Avant cette date tant attendue par ses nombreux fans, la chanteuse sexag\u00e9naire continue de recevoir des distinctions. Comme c\u2019\u00e9tait le cas le vendredi 29 juillet dernier au d\u00eener &hellip;<\/p>\n<p class=\"read-more\"> <a class=\"\" href=\"https:\/\/7culture.ci\/index.php\/2022\/07\/30\/un-nouveau-trophee-pour-aicha-kone\/\"> <span class=\"screen-reader-text\">Un nouveau troph\u00e9e pour A\u00efcha Kon\u00e9<\/span> Lire la suite\u00a0\u00bb<\/a><\/p>\n","protected":false},"author":1,"featured_media":22914,"comment_status":"open","ping_status":"open","sticky":false,"template":"","format":"standard","meta":{"_mi_skip_tracking":false,"_monsterinsights_sitenote_active":false,"_monsterinsights_sitenote_note":"","_monsterinsights_sitenote_category":0,"site-sidebar-layout":"default","site-content-layout":"default","ast-global-header-display":"","ast-main-header-display":"","ast-hfb-above-header-display":"","ast-hfb-below-header-display":"","ast-hfb-mobile-header-display":"","site-post-title":"","ast-breadcrumbs-content":"","ast-featured-img":"","footer-sml-layout":"","theme-transparent-header-meta":"","adv-header-id-meta":"","stick-header-meta":"","header-above-stick-meta":"","header-main-stick-meta":"","header-below-stick-meta":"","footnotes":"","jetpack_publicize_message":"","jetpack_is_tweetstorm":false,"jetpack_publicize_feature_enabled":true},"categories":[22],"tags":[],"jetpack_publicize_connections":[],"acf":[],"aioseo_notices":[],"yoast_head":"<!-- This site is optimized with the Yoast SEO plugin v19.6.1 - https:\/\/yoast.com\/wordpress\/plugins\/seo\/ -->\n<title>Un nouveau troph\u00e9e pour A\u00efcha Kon\u00e9 -<\/title>\n<meta name=\"robots\" content=\"index, follow, max-snippet:-1, max-image-preview:large, max-video-preview:-1\" \/>\n<link rel=\"canonical\" href=\"https:\/\/7culture.ci\/index.php\/2022\/07\/30\/un-nouveau-trophee-pour-aicha-kone\/\" \/>\n<meta property=\"og:locale\" content=\"fr_FR\" \/>\n<meta property=\"og:type\" content=\"article\" \/>\n<meta property=\"og:title\" content=\"Un nouveau troph\u00e9e pour A\u00efcha Kon\u00e9 -\" \/>\n<meta property=\"og:description\" content=\"La diva de la musique africaine A\u00efcha Kon\u00e9 c\u00e9l\u00e9brera ses 45 ans de carri\u00e8re le 7 ao\u00fbt 2022 au Palais des congr\u00e8s du Sofitel Abidjan H\u00f4tel Ivoire. Avant cette date tant attendue par ses nombreux fans, la chanteuse sexag\u00e9naire continue de recevoir des distinctions. Comme c\u2019\u00e9tait le cas le vendredi 29 juillet dernier au d\u00eener &hellip; Un nouveau troph\u00e9e pour A\u00efcha Kon\u00e9 Lire la suite\u00a0\u00bb\" \/>\n<meta property=\"og:url\" content=\"https:\/\/7culture.ci\/index.php\/2022\/07\/30\/un-nouveau-trophee-pour-aicha-kone\/\" \/>\n<meta property=\"og:site_name\" content=\"7culture\" \/>\n<meta property=\"article:publisher\" content=\"https:\/\/www.facebook.com\/redchefclaude\" \/>\n<meta property=\"article:published_time\" content=\"2022-07-30T10:51:31+00:00\" \/>\n<meta property=\"article:modified_time\" content=\"2022-07-30T10:51:35+00:00\" \/>\n<meta property=\"og:image\" content=\"http:\/\/7culture.ci\/wp-content\/uploads\/2022\/07\/Aiche-Kone2.jpg\" \/>\n\t<meta property=\"og:image:width\" content=\"1440\" \/>\n\t<meta property=\"og:image:height\" content=\"924\" \/>\n\t<meta property=\"og:image:type\" content=\"image\/jpeg\" \/>\n<meta name=\"author\" content=\"7culture2020\" \/>\n<meta name=\"twitter:card\" content=\"summary_large_image\" \/>\n<meta name=\"twitter:creator\" content=\"@7culturec\" \/>\n<meta name=\"twitter:site\" content=\"@7culturec\" \/>\n<meta name=\"twitter:label1\" content=\"\u00c9crit par\" \/>\n\t<meta name=\"twitter:data1\" content=\"7culture2020\" \/>\n\t<meta name=\"twitter:label2\" content=\"Dur\u00e9e de lecture estim\u00e9e\" \/>\n\t<meta name=\"twitter:data2\" content=\"1 minute\" \/>\n<script type=\"application\/ld+json\" class=\"yoast-schema-graph\">{\"@context\":\"https:\/\/schema.org\",\"@graph\":[{\"@type\":\"Article\",\"@id\":\"https:\/\/7culture.ci\/index.php\/2022\/07\/30\/un-nouveau-trophee-pour-aicha-kone\/#article\",\"isPartOf\":{\"@id\":\"https:\/\/7culture.ci\/index.php\/2022\/07\/30\/un-nouveau-trophee-pour-aicha-kone\/\"},\"author\":{\"name\":\"7culture2020\",\"@id\":\"https:\/\/7culture.ci\/#\/schema\/person\/16150d28d7ef66ba788c1f87f28c4426\"},\"headline\":\"Un nouveau troph\u00e9e pour A\u00efcha Kon\u00e9\",\"datePublished\":\"2022-07-30T10:51:31+00:00\",\"dateModified\":\"2022-07-30T10:51:35+00:00\",\"mainEntityOfPage\":{\"@id\":\"https:\/\/7culture.ci\/index.php\/2022\/07\/30\/un-nouveau-trophee-pour-aicha-kone\/\"},\"wordCount\":188,\"commentCount\":0,\"publisher\":{\"@id\":\"https:\/\/7culture.ci\/#organization\"},\"articleSection\":[\"Actualit\u00e9\"],\"inLanguage\":\"fr-FR\",\"potentialAction\":[{\"@type\":\"CommentAction\",\"name\":\"Comment\",\"target\":[\"https:\/\/7culture.ci\/index.php\/2022\/07\/30\/un-nouveau-trophee-pour-aicha-kone\/#respond\"]}]},{\"@type\":\"WebPage\",\"@id\":\"https:\/\/7culture.ci\/index.php\/2022\/07\/30\/un-nouveau-trophee-pour-aicha-kone\/\",\"url\":\"https:\/\/7culture.ci\/index.php\/2022\/07\/30\/un-nouveau-trophee-pour-aicha-kone\/\",\"name\":\"Un nouveau troph\u00e9e pour A\u00efcha Kon\u00e9 -\",\"isPartOf\":{\"@id\":\"https:\/\/7culture.ci\/#website\"},\"datePublished\":\"2022-07-30T10:51:31+00:00\",\"dateModified\":\"2022-07-30T10:51:35+00:00\",\"breadcrumb\":{\"@id\":\"https:\/\/7culture.ci\/index.php\/2022\/07\/30\/un-nouveau-trophee-pour-aicha-kone\/#breadcrumb\"},\"inLanguage\":\"fr-FR\",\"potentialAction\":[{\"@type\":\"ReadAction\",\"target\":[\"https:\/\/7culture.ci\/index.php\/2022\/07\/30\/un-nouveau-trophee-pour-aicha-kone\/\"]}]},{\"@type\":\"BreadcrumbList\",\"@id\":\"https:\/\/7culture.ci\/index.php\/2022\/07\/30\/un-nouveau-trophee-pour-aicha-kone\/#breadcrumb\",\"itemListElement\":[{\"@type\":\"ListItem\",\"position\":1,\"name\":\"Accueil\",\"item\":\"https:\/\/7culture.ci\/\"},{\"@type\":\"ListItem\",\"position\":2,\"name\":\"Un nouveau troph\u00e9e pour A\u00efcha Kon\u00e9\"}]},{\"@type\":\"WebSite\",\"@id\":\"https:\/\/7culture.ci\/#website\",\"url\":\"https:\/\/7culture.ci\/\",\"name\":\"7culture\",\"description\":\"Tout sur l&#039;actualit\u00e9\",\"publisher\":{\"@id\":\"https:\/\/7culture.ci\/#organization\"},\"potentialAction\":[{\"@type\":\"SearchAction\",\"target\":{\"@type\":\"EntryPoint\",\"urlTemplate\":\"https:\/\/7culture.ci\/?s={search_term_string}\"},\"query-input\":\"required name=search_term_string\"}],\"inLanguage\":\"fr-FR\"},{\"@type\":\"Organization\",\"@id\":\"https:\/\/7culture.ci\/#organization\",\"name\":\"7culture\",\"url\":\"https:\/\/7culture.ci\/\",\"sameAs\":[\"https:\/\/www.facebook.com\/redchefclaude\",\"https:\/\/twitter.com\/7culturec\"],\"logo\":{\"@type\":\"ImageObject\",\"inLanguage\":\"fr-FR\",\"@id\":\"https:\/\/7culture.ci\/#\/schema\/logo\/image\/\",\"url\":\"https:\/\/7culture.ci\/wp-content\/uploads\/2021\/12\/S1a-1.png\",\"contentUrl\":\"https:\/\/7culture.ci\/wp-content\/uploads\/2021\/12\/S1a-1.png\",\"width\":588,\"height\":192,\"caption\":\"7culture\"},\"image\":{\"@id\":\"https:\/\/7culture.ci\/#\/schema\/logo\/image\/\"}},{\"@type\":\"Person\",\"@id\":\"https:\/\/7culture.ci\/#\/schema\/person\/16150d28d7ef66ba788c1f87f28c4426\",\"name\":\"7culture2020\",\"image\":{\"@type\":\"ImageObject\",\"inLanguage\":\"fr-FR\",\"@id\":\"https:\/\/7culture.ci\/#\/schema\/person\/image\/\",\"url\":\"https:\/\/secure.gravatar.com\/avatar\/9a0784f951306c37bcd065f52844ef95?s=96&d=mm&r=g\",\"contentUrl\":\"https:\/\/secure.gravatar.com\/avatar\/9a0784f951306c37bcd065f52844ef95?s=96&d=mm&r=g\",\"caption\":\"7culture2020\"},\"sameAs\":[\"http:\/\/7culture.ci\",\"Claude.kipre\"],\"url\":\"https:\/\/7culture.ci\/index.php\/author\/7culture2020\/\"}]}<\/script>\n<!-- \/ Yoast SEO plugin. -->","yoast_head_json":{"title":"Un nouveau troph\u00e9e pour A\u00efcha Kon\u00e9 -","robots":{"index":"index","follow":"follow","max-snippet":"max-snippet:-1","max-image-preview":"max-image-preview:large","max-video-preview":"max-video-preview:-1"},"canonical":"https:\/\/7culture.ci\/index.php\/2022\/07\/30\/un-nouveau-trophee-pour-aicha-kone\/","og_locale":"fr_FR","og_type":"article","og_title":"Un nouveau troph\u00e9e pour A\u00efcha Kon\u00e9 -","og_description":"La diva de la musique africaine A\u00efcha Kon\u00e9 c\u00e9l\u00e9brera ses 45 ans de carri\u00e8re le 7 ao\u00fbt 2022 au Palais des congr\u00e8s du Sofitel Abidjan H\u00f4tel Ivoire. Avant cette date tant attendue par ses nombreux fans, la chanteuse sexag\u00e9naire continue de recevoir des distinctions. Comme c\u2019\u00e9tait le cas le vendredi 29 juillet dernier au d\u00eener &hellip; Un nouveau troph\u00e9e pour A\u00efcha Kon\u00e9 Lire la suite\u00a0\u00bb","og_url":"https:\/\/7culture.ci\/index.php\/2022\/07\/30\/un-nouveau-trophee-pour-aicha-kone\/","og_site_name":"7culture","article_publisher":"https:\/\/www.facebook.com\/redchefclaude","article_published_time":"2022-07-30T10:51:31+00:00","article_modified_time":"2022-07-30T10:51:35+00:00","og_image":[{"width":1440,"height":924,"url":"http:\/\/7culture.ci\/wp-content\/uploads\/2022\/07\/Aiche-Kone2.jpg","type":"image\/jpeg"}],"author":"7culture2020","twitter_card":"summary_large_image","twitter_creator":"@7culturec","twitter_site":"@7culturec","twitter_misc":{"\u00c9crit par":"7culture2020","Dur\u00e9e de lecture estim\u00e9e":"1 minute"},"schema":{"@context":"https:\/\/schema.org","@graph":[{"@type":"Article","@id":"https:\/\/7culture.ci\/index.php\/2022\/07\/30\/un-nouveau-trophee-pour-aicha-kone\/#article","isPartOf":{"@id":"https:\/\/7culture.ci\/index.php\/2022\/07\/30\/un-nouveau-trophee-pour-aicha-kone\/"},"author":{"name":"7culture2020","@id":"https:\/\/7culture.ci\/#\/schema\/person\/16150d28d7ef66ba788c1f87f28c4426"},"headline":"Un nouveau troph\u00e9e pour A\u00efcha Kon\u00e9","datePublished":"2022-07-30T10:51:31+00:00","dateModified":"2022-07-30T10:51:35+00:00","mainEntityOfPage":{"@id":"https:\/\/7culture.ci\/index.php\/2022\/07\/30\/un-nouveau-trophee-pour-aicha-kone\/"},"wordCount":188,"commentCount":0,"publisher":{"@id":"https:\/\/7culture.ci\/#organization"},"articleSection":["Actualit\u00e9"],"inLanguage":"fr-FR","potentialAction":[{"@type":"CommentAction","name":"Comment","target":["https:\/\/7culture.ci\/index.php\/2022\/07\/30\/un-nouveau-trophee-pour-aicha-kone\/#respond"]}]},{"@type":"WebPage","@id":"https:\/\/7culture.ci\/index.php\/2022\/07\/30\/un-nouveau-trophee-pour-aicha-kone\/","url":"https:\/\/7culture.ci\/index.php\/2022\/07\/30\/un-nouveau-trophee-pour-aicha-kone\/","name":"Un nouveau troph\u00e9e pour A\u00efcha Kon\u00e9 -","isPartOf":{"@id":"https:\/\/7culture.ci\/#website"},"datePublished":"2022-07-30T10:51:31+00:00","dateModified":"2022-07-30T10:51:35+00:00","breadcrumb":{"@id":"https:\/\/7culture.ci\/index.php\/2022\/07\/30\/un-nouveau-trophee-pour-aicha-kone\/#breadcrumb"},"inLanguage":"fr-FR","potentialAction":[{"@type":"ReadAction","target":["https:\/\/7culture.ci\/index.php\/2022\/07\/30\/un-nouveau-trophee-pour-aicha-kone\/"]}]},{"@type":"BreadcrumbList","@id":"https:\/\/7culture.ci\/index.php\/2022\/07\/30\/un-nouveau-trophee-pour-aicha-kone\/#breadcrumb","itemListElement":[{"@type":"ListItem","position":1,"name":"Accueil","item":"https:\/\/7culture.ci\/"},{"@type":"ListItem","position":2,"name":"Un nouveau troph\u00e9e pour A\u00efcha Kon\u00e9"}]},{"@type":"WebSite","@id":"https:\/\/7culture.ci\/#website","url":"https:\/\/7culture.ci\/","name":"7culture","description":"Tout sur l&#039;actualit\u00e9","publisher":{"@id":"https:\/\/7culture.ci\/#organization"},"potentialAction":[{"@type":"SearchAction","target":{"@type":"EntryPoint","urlTemplate":"https:\/\/7culture.ci\/?s={search_term_string}"},"query-input":"required name=search_term_string"}],"inLanguage":"fr-FR"},{"@type":"Organization","@id":"https:\/\/7culture.ci\/#organization","name":"7culture","url":"https:\/\/7culture.ci\/","sameAs":["https:\/\/www.facebook.com\/redchefclaude","https:\/\/twitter.com\/7culturec"],"logo":{"@type":"ImageObject","inLanguage":"fr-FR","@id":"https:\/\/7culture.ci\/#\/schema\/logo\/image\/","url":"https:\/\/7culture.ci\/wp-content\/uploads\/2021\/12\/S1a-1.png","contentUrl":"https:\/\/7culture.ci\/wp-content\/uploads\/2021\/12\/S1a-1.png","width":588,"height":192,"caption":"7culture"},"image":{"@id":"https:\/\/7culture.ci\/#\/schema\/logo\/image\/"}},{"@type":"Person","@id":"https:\/\/7culture.ci\/#\/schema\/person\/16150d28d7ef66ba788c1f87f28c4426","name":"7culture2020","image":{"@type":"ImageObject","inLanguage":"fr-FR","@id":"https:\/\/7culture.ci\/#\/schema\/person\/image\/","url":"https:\/\/secure.gravatar.com\/avatar\/9a0784f951306c37bcd065f52844ef95?s=96&d=mm&r=g","contentUrl":"https:\/\/secure.gravatar.com\/avatar\/9a0784f951306c37bcd065f52844ef95?s=96&d=mm&r=g","caption":"7culture2020"},"sameAs":["http:\/\/7culture.ci","Claude.kipre"],"url":"https:\/\/7culture.ci\/index.php\/author\/7culture2020\/"}]}},"jetpack_featured_media_url":"https:\/\/7culture.ci\/wp-content\/uploads\/2022\/07\/Aiche-Kone2.jpg","jetpack_likes_enabled":true,"jetpack_sharing_enabled":true,"_links":{"self":[{"href":"https:\/\/7culture.ci\/index.php\/wp-json\/wp\/v2\/posts\/22913"}],"collection":[{"href":"https:\/\/7culture.ci\/index.php\/wp-json\/wp\/v2\/posts"}],"about":[{"href":"https:\/\/7culture.ci\/index.php\/wp-json\/wp\/v2\/types\/post"}],"author":[{"embeddable":true,"href":"https:\/\/7culture.ci\/index.php\/wp-json\/wp\/v2\/users\/1"}],"replies":[{"embeddable":true,"href":"https:\/\/7culture.ci\/index.php\/wp-json\/wp\/v2\/comments?post=22913"}],"version-history":[{"count":0,"href":"https:\/\/7culture.ci\/index.php\/wp-json\/wp\/v2\/posts\/22913\/revisions"}],"wp:featuredmedia":[{"embeddable":true,"href":"https:\/\/7culture.ci\/index.php\/wp-json\/wp\/v2\/media\/22914"}],"wp:attachment":[{"href":"https:\/\/7culture.ci\/index.php\/wp-json\/wp\/v2\/media?parent=22913"}],"wp:term":[{"taxonomy":"category","embeddable":true,"href":"https:\/\/7culture.ci\/index.php\/wp-json\/wp\/v2\/categories?post=22913"},{"taxonomy":"post_tag","embeddable":true,"href":"https:\/\/7culture.ci\/index.php\/wp-json\/wp\/v2\/tags?post=22913"}],"curies":[{"name":"wp","href":"https:\/\/api.w.org\/{rel}","templated":true}]}}