{"id":22881,"date":"2022-07-29T16:43:23","date_gmt":"2022-07-29T14:43:23","guid":{"rendered":"https:\/\/7culture.ci\/?p=22881"},"modified":"2022-07-29T20:35:19","modified_gmt":"2022-07-29T18:35:19","slug":"roseline-layo-reve-dun-feat-avec-josey","status":"publish","type":"post","link":"https:\/\/7culture.ci\/index.php\/2022\/07\/29\/roseline-layo-reve-dun-feat-avec-josey\/","title":{"rendered":"Roseline Layo r\u00eave d\u2019un feat avec Josey"},"content":{"rendered":"\n<p>Jeune et talentueuse, elle s\u2019impose merveilleusement dans la musique \u00e0 travers les lives. Tr\u00e8s souvent compar\u00e9e \u00e0 Josey Priscille de par sa prestance et son coffre vocal, la chanteuse Roseline Layo a su garder la t\u00eate sur les \u00e9paules. Elle \u00e9tait l\u2019invit\u00e9e sur le plateau de la \u2018\u2019T\u00e9l\u00e9 d\u2019Ici Vacances\u2019\u2019 de la cha\u00eene NCI, le mercredi 28 juillet 2022.<\/p>\n\n\n\n<p>Pendant l\u2019\u00e9mission, Roseline a expliqu\u00e9 les raisons qui l\u2019ont pouss\u00e9 \u00e0 faire du live avant de faire sortir des titres. Son but \u00e9tait d\u2019avoir une bonne comp\u00e9tence musicale au travers du live. <strong>\u00ab&nbsp;<em>Quand tu vois des ic\u00f4nes comme Josey, maman Aicha Kon\u00e9 et biens d\u2019autres, tu te dis que tu ne peux pas rentrer dans le game comme \u00e7a et donc il faut avoir une base. Et la base, c\u2019est de bien se former. Ma particularit\u00e9, c\u2019est le live. Quand tu te formes et que tu connais bien, tu assures quand tu sors<\/em> \u00bb, <\/strong>a-t-elle dit<strong>. &nbsp;<\/strong><\/p>\n\n\n\n<div class=\"wp-block-image\"><figure class=\"aligncenter size-large is-resized\"><img loading=\"lazy\" decoding=\"async\" src=\"https:\/\/7culture.ci\/wp-content\/uploads\/2022\/07\/291987802_590164439137214_1886486640218324824_n-1-887x1024.jpg\" alt=\"\" class=\"wp-image-22885\" width=\"468\" height=\"540\" srcset=\"https:\/\/7culture.ci\/wp-content\/uploads\/2022\/07\/291987802_590164439137214_1886486640218324824_n-1-887x1024.jpg 887w, https:\/\/7culture.ci\/wp-content\/uploads\/2022\/07\/291987802_590164439137214_1886486640218324824_n-1-260x300.jpg 260w, https:\/\/7culture.ci\/wp-content\/uploads\/2022\/07\/291987802_590164439137214_1886486640218324824_n-1-768x886.jpg 768w, https:\/\/7culture.ci\/wp-content\/uploads\/2022\/07\/291987802_590164439137214_1886486640218324824_n-1.jpg 1169w\" sizes=\"(max-width: 468px) 100vw, 468px\" \/><\/figure><\/div>\n\n\n\n<p>L\u2019interpr\u00e8te de \u2018\u2019Donnez-nous un peu\u2019\u2019 a \u00e9galement exprim\u00e9 son ambition avec l\u2019artiste Josey. Elle r\u00eave d\u2019une collaboration avec celle pour qui elle a une grande admiration et un profond respect. <strong>\u00ab&nbsp;Mon r\u00eave, moi Roseline Layo, depuis que j\u2019\u00e9tais dans les bars et piano-bars, et m\u00eame encore aujourd\u2019hui, c\u2019est de voir mes managers approcher Josey, et lui dire que l\u2019artiste que je suis, souhaite faire un feat avec toi&nbsp;et d\u2019entendre la grande s\u0153ur dire&nbsp;: d\u2019un, c\u2019est mon enfant, je l\u2019aime. De deux, c\u2019est une petite s\u0153ur que j\u2019ai vue apprendre dans les cabarets et dans les bars, \u00e7a me plairait bien de collaborer avec elle \u00bb, <\/strong>a-t-elle estim\u00e9.<\/p>\n\n\n\n<figure class=\"wp-block-gallery has-nested-images columns-default is-cropped wp-block-gallery-1 is-layout-flex wp-block-gallery-is-layout-flex\">\n<figure class=\"wp-block-image size-large\"><img loading=\"lazy\" decoding=\"async\" width=\"683\" height=\"682\" data-id=\"22886\" src=\"https:\/\/7culture.ci\/wp-content\/uploads\/2022\/07\/roseline1.jpg\" alt=\"\" class=\"wp-image-22886\" srcset=\"https:\/\/7culture.ci\/wp-content\/uploads\/2022\/07\/roseline1.jpg 683w, https:\/\/7culture.ci\/wp-content\/uploads\/2022\/07\/roseline1-300x300.jpg 300w, https:\/\/7culture.ci\/wp-content\/uploads\/2022\/07\/roseline1-150x150.jpg 150w\" sizes=\"(max-width: 683px) 100vw, 683px\" \/><\/figure>\n\n\n\n<figure class=\"wp-block-image size-large\"><img loading=\"lazy\" decoding=\"async\" width=\"720\" height=\"900\" data-id=\"22887\" src=\"https:\/\/7culture.ci\/wp-content\/uploads\/2022\/07\/WhatsApp-Image-2022-07-29-at-12.24.17-1.jpeg\" alt=\"\" class=\"wp-image-22887\" srcset=\"https:\/\/7culture.ci\/wp-content\/uploads\/2022\/07\/WhatsApp-Image-2022-07-29-at-12.24.17-1.jpeg 720w, https:\/\/7culture.ci\/wp-content\/uploads\/2022\/07\/WhatsApp-Image-2022-07-29-at-12.24.17-1-240x300.jpeg 240w\" sizes=\"(max-width: 720px) 100vw, 720px\" \/><\/figure>\n<\/figure>\n\n\n\n<p>Thierry Samuel<\/p>\n","protected":false},"excerpt":{"rendered":"<p>Jeune et talentueuse, elle s\u2019impose merveilleusement dans la musique \u00e0 travers les lives. Tr\u00e8s souvent compar\u00e9e \u00e0 Josey Priscille de par sa prestance et son coffre vocal, la chanteuse Roseline Layo a su garder la t\u00eate sur les \u00e9paules. Elle \u00e9tait l\u2019invit\u00e9e sur le plateau de la \u2018\u2019T\u00e9l\u00e9 d\u2019Ici Vacances\u2019\u2019 de la cha\u00eene NCI, le &hellip;<\/p>\n<p class=\"read-more\"> <a class=\"\" href=\"https:\/\/7culture.ci\/index.php\/2022\/07\/29\/roseline-layo-reve-dun-feat-avec-josey\/\"> <span class=\"screen-reader-text\">Roseline Layo r\u00eave d\u2019un feat avec Josey<\/span> Lire la suite\u00a0\u00bb<\/a><\/p>\n","protected":false},"author":1,"featured_media":22883,"comment_status":"open","ping_status":"open","sticky":false,"template":"","format":"standard","meta":{"_mi_skip_tracking":false,"_monsterinsights_sitenote_active":false,"_monsterinsights_sitenote_note":"","_monsterinsights_sitenote_category":0,"site-sidebar-layout":"default","site-content-layout":"default","ast-global-header-display":"","ast-main-header-display":"","ast-hfb-above-header-display":"","ast-hfb-below-header-display":"","ast-hfb-mobile-header-display":"","site-post-title":"","ast-breadcrumbs-content":"","ast-featured-img":"","footer-sml-layout":"","theme-transparent-header-meta":"","adv-header-id-meta":"","stick-header-meta":"","header-above-stick-meta":"","header-main-stick-meta":"","header-below-stick-meta":"","footnotes":"","jetpack_publicize_message":"","jetpack_is_tweetstorm":false,"jetpack_publicize_feature_enabled":true},"categories":[16],"tags":[],"jetpack_publicize_connections":[],"acf":[],"aioseo_notices":[],"yoast_head":"<!-- This site is optimized with the Yoast SEO plugin v19.6.1 - https:\/\/yoast.com\/wordpress\/plugins\/seo\/ -->\n<title>Roseline Layo r\u00eave d\u2019un feat avec Josey -<\/title>\n<meta name=\"robots\" content=\"index, follow, max-snippet:-1, max-image-preview:large, max-video-preview:-1\" \/>\n<link rel=\"canonical\" href=\"https:\/\/7culture.ci\/index.php\/2022\/07\/29\/roseline-layo-reve-dun-feat-avec-josey\/\" \/>\n<meta property=\"og:locale\" content=\"fr_FR\" \/>\n<meta property=\"og:type\" content=\"article\" \/>\n<meta property=\"og:title\" content=\"Roseline Layo r\u00eave d\u2019un feat avec Josey -\" \/>\n<meta property=\"og:description\" content=\"Jeune et talentueuse, elle s\u2019impose merveilleusement dans la musique \u00e0 travers les lives. Tr\u00e8s souvent compar\u00e9e \u00e0 Josey Priscille de par sa prestance et son coffre vocal, la chanteuse Roseline Layo a su garder la t\u00eate sur les \u00e9paules. Elle \u00e9tait l\u2019invit\u00e9e sur le plateau de la \u2018\u2019T\u00e9l\u00e9 d\u2019Ici Vacances\u2019\u2019 de la cha\u00eene NCI, le &hellip; Roseline Layo r\u00eave d\u2019un feat avec Josey Lire la suite\u00a0\u00bb\" \/>\n<meta property=\"og:url\" content=\"https:\/\/7culture.ci\/index.php\/2022\/07\/29\/roseline-layo-reve-dun-feat-avec-josey\/\" \/>\n<meta property=\"og:site_name\" content=\"7culture\" \/>\n<meta property=\"article:publisher\" content=\"https:\/\/www.facebook.com\/redchefclaude\" \/>\n<meta property=\"article:published_time\" content=\"2022-07-29T14:43:23+00:00\" \/>\n<meta property=\"article:modified_time\" content=\"2022-07-29T18:35:19+00:00\" \/>\n<meta property=\"og:image\" content=\"http:\/\/7culture.ci\/wp-content\/uploads\/2022\/07\/292216810_590845125735812_8425453569503480820_n.jpg\" \/>\n\t<meta property=\"og:image:width\" content=\"750\" \/>\n\t<meta property=\"og:image:height\" content=\"450\" \/>\n\t<meta property=\"og:image:type\" content=\"image\/jpeg\" \/>\n<meta name=\"author\" content=\"7culture2020\" \/>\n<meta name=\"twitter:card\" content=\"summary_large_image\" \/>\n<meta name=\"twitter:creator\" content=\"@7culturec\" \/>\n<meta name=\"twitter:site\" content=\"@7culturec\" \/>\n<meta name=\"twitter:label1\" content=\"\u00c9crit par\" \/>\n\t<meta name=\"twitter:data1\" content=\"7culture2020\" \/>\n\t<meta name=\"twitter:label2\" content=\"Dur\u00e9e de lecture estim\u00e9e\" \/>\n\t<meta name=\"twitter:data2\" content=\"2 minutes\" \/>\n<script type=\"application\/ld+json\" class=\"yoast-schema-graph\">{\"@context\":\"https:\/\/schema.org\",\"@graph\":[{\"@type\":\"Article\",\"@id\":\"https:\/\/7culture.ci\/index.php\/2022\/07\/29\/roseline-layo-reve-dun-feat-avec-josey\/#article\",\"isPartOf\":{\"@id\":\"https:\/\/7culture.ci\/index.php\/2022\/07\/29\/roseline-layo-reve-dun-feat-avec-josey\/\"},\"author\":{\"name\":\"7culture2020\",\"@id\":\"https:\/\/7culture.ci\/#\/schema\/person\/16150d28d7ef66ba788c1f87f28c4426\"},\"headline\":\"Roseline Layo r\u00eave d\u2019un feat avec Josey\",\"datePublished\":\"2022-07-29T14:43:23+00:00\",\"dateModified\":\"2022-07-29T18:35:19+00:00\",\"mainEntityOfPage\":{\"@id\":\"https:\/\/7culture.ci\/index.php\/2022\/07\/29\/roseline-layo-reve-dun-feat-avec-josey\/\"},\"wordCount\":308,\"commentCount\":0,\"publisher\":{\"@id\":\"https:\/\/7culture.ci\/#organization\"},\"articleSection\":[\"Musique\"],\"inLanguage\":\"fr-FR\",\"potentialAction\":[{\"@type\":\"CommentAction\",\"name\":\"Comment\",\"target\":[\"https:\/\/7culture.ci\/index.php\/2022\/07\/29\/roseline-layo-reve-dun-feat-avec-josey\/#respond\"]}]},{\"@type\":\"WebPage\",\"@id\":\"https:\/\/7culture.ci\/index.php\/2022\/07\/29\/roseline-layo-reve-dun-feat-avec-josey\/\",\"url\":\"https:\/\/7culture.ci\/index.php\/2022\/07\/29\/roseline-layo-reve-dun-feat-avec-josey\/\",\"name\":\"Roseline Layo r\u00eave d\u2019un feat avec Josey -\",\"isPartOf\":{\"@id\":\"https:\/\/7culture.ci\/#website\"},\"datePublished\":\"2022-07-29T14:43:23+00:00\",\"dateModified\":\"2022-07-29T18:35:19+00:00\",\"breadcrumb\":{\"@id\":\"https:\/\/7culture.ci\/index.php\/2022\/07\/29\/roseline-layo-reve-dun-feat-avec-josey\/#breadcrumb\"},\"inLanguage\":\"fr-FR\",\"potentialAction\":[{\"@type\":\"ReadAction\",\"target\":[\"https:\/\/7culture.ci\/index.php\/2022\/07\/29\/roseline-layo-reve-dun-feat-avec-josey\/\"]}]},{\"@type\":\"BreadcrumbList\",\"@id\":\"https:\/\/7culture.ci\/index.php\/2022\/07\/29\/roseline-layo-reve-dun-feat-avec-josey\/#breadcrumb\",\"itemListElement\":[{\"@type\":\"ListItem\",\"position\":1,\"name\":\"Accueil\",\"item\":\"https:\/\/7culture.ci\/\"},{\"@type\":\"ListItem\",\"position\":2,\"name\":\"Roseline Layo r\u00eave d\u2019un feat avec Josey\"}]},{\"@type\":\"WebSite\",\"@id\":\"https:\/\/7culture.ci\/#website\",\"url\":\"https:\/\/7culture.ci\/\",\"name\":\"7culture\",\"description\":\"Tout sur l&#039;actualit\u00e9\",\"publisher\":{\"@id\":\"https:\/\/7culture.ci\/#organization\"},\"potentialAction\":[{\"@type\":\"SearchAction\",\"target\":{\"@type\":\"EntryPoint\",\"urlTemplate\":\"https:\/\/7culture.ci\/?s={search_term_string}\"},\"query-input\":\"required name=search_term_string\"}],\"inLanguage\":\"fr-FR\"},{\"@type\":\"Organization\",\"@id\":\"https:\/\/7culture.ci\/#organization\",\"name\":\"7culture\",\"url\":\"https:\/\/7culture.ci\/\",\"sameAs\":[\"https:\/\/www.facebook.com\/redchefclaude\",\"https:\/\/twitter.com\/7culturec\"],\"logo\":{\"@type\":\"ImageObject\",\"inLanguage\":\"fr-FR\",\"@id\":\"https:\/\/7culture.ci\/#\/schema\/logo\/image\/\",\"url\":\"https:\/\/7culture.ci\/wp-content\/uploads\/2021\/12\/S1a-1.png\",\"contentUrl\":\"https:\/\/7culture.ci\/wp-content\/uploads\/2021\/12\/S1a-1.png\",\"width\":588,\"height\":192,\"caption\":\"7culture\"},\"image\":{\"@id\":\"https:\/\/7culture.ci\/#\/schema\/logo\/image\/\"}},{\"@type\":\"Person\",\"@id\":\"https:\/\/7culture.ci\/#\/schema\/person\/16150d28d7ef66ba788c1f87f28c4426\",\"name\":\"7culture2020\",\"image\":{\"@type\":\"ImageObject\",\"inLanguage\":\"fr-FR\",\"@id\":\"https:\/\/7culture.ci\/#\/schema\/person\/image\/\",\"url\":\"https:\/\/secure.gravatar.com\/avatar\/9a0784f951306c37bcd065f52844ef95?s=96&d=mm&r=g\",\"contentUrl\":\"https:\/\/secure.gravatar.com\/avatar\/9a0784f951306c37bcd065f52844ef95?s=96&d=mm&r=g\",\"caption\":\"7culture2020\"},\"sameAs\":[\"http:\/\/7culture.ci\",\"Claude.kipre\"],\"url\":\"https:\/\/7culture.ci\/index.php\/author\/7culture2020\/\"}]}<\/script>\n<!-- \/ Yoast SEO plugin. -->","yoast_head_json":{"title":"Roseline Layo r\u00eave d\u2019un feat avec Josey -","robots":{"index":"index","follow":"follow","max-snippet":"max-snippet:-1","max-image-preview":"max-image-preview:large","max-video-preview":"max-video-preview:-1"},"canonical":"https:\/\/7culture.ci\/index.php\/2022\/07\/29\/roseline-layo-reve-dun-feat-avec-josey\/","og_locale":"fr_FR","og_type":"article","og_title":"Roseline Layo r\u00eave d\u2019un feat avec Josey -","og_description":"Jeune et talentueuse, elle s\u2019impose merveilleusement dans la musique \u00e0 travers les lives. Tr\u00e8s souvent compar\u00e9e \u00e0 Josey Priscille de par sa prestance et son coffre vocal, la chanteuse Roseline Layo a su garder la t\u00eate sur les \u00e9paules. Elle \u00e9tait l\u2019invit\u00e9e sur le plateau de la \u2018\u2019T\u00e9l\u00e9 d\u2019Ici Vacances\u2019\u2019 de la cha\u00eene NCI, le &hellip; Roseline Layo r\u00eave d\u2019un feat avec Josey Lire la suite\u00a0\u00bb","og_url":"https:\/\/7culture.ci\/index.php\/2022\/07\/29\/roseline-layo-reve-dun-feat-avec-josey\/","og_site_name":"7culture","article_publisher":"https:\/\/www.facebook.com\/redchefclaude","article_published_time":"2022-07-29T14:43:23+00:00","article_modified_time":"2022-07-29T18:35:19+00:00","og_image":[{"width":750,"height":450,"url":"http:\/\/7culture.ci\/wp-content\/uploads\/2022\/07\/292216810_590845125735812_8425453569503480820_n.jpg","type":"image\/jpeg"}],"author":"7culture2020","twitter_card":"summary_large_image","twitter_creator":"@7culturec","twitter_site":"@7culturec","twitter_misc":{"\u00c9crit par":"7culture2020","Dur\u00e9e de lecture estim\u00e9e":"2 minutes"},"schema":{"@context":"https:\/\/schema.org","@graph":[{"@type":"Article","@id":"https:\/\/7culture.ci\/index.php\/2022\/07\/29\/roseline-layo-reve-dun-feat-avec-josey\/#article","isPartOf":{"@id":"https:\/\/7culture.ci\/index.php\/2022\/07\/29\/roseline-layo-reve-dun-feat-avec-josey\/"},"author":{"name":"7culture2020","@id":"https:\/\/7culture.ci\/#\/schema\/person\/16150d28d7ef66ba788c1f87f28c4426"},"headline":"Roseline Layo r\u00eave d\u2019un feat avec Josey","datePublished":"2022-07-29T14:43:23+00:00","dateModified":"2022-07-29T18:35:19+00:00","mainEntityOfPage":{"@id":"https:\/\/7culture.ci\/index.php\/2022\/07\/29\/roseline-layo-reve-dun-feat-avec-josey\/"},"wordCount":308,"commentCount":0,"publisher":{"@id":"https:\/\/7culture.ci\/#organization"},"articleSection":["Musique"],"inLanguage":"fr-FR","potentialAction":[{"@type":"CommentAction","name":"Comment","target":["https:\/\/7culture.ci\/index.php\/2022\/07\/29\/roseline-layo-reve-dun-feat-avec-josey\/#respond"]}]},{"@type":"WebPage","@id":"https:\/\/7culture.ci\/index.php\/2022\/07\/29\/roseline-layo-reve-dun-feat-avec-josey\/","url":"https:\/\/7culture.ci\/index.php\/2022\/07\/29\/roseline-layo-reve-dun-feat-avec-josey\/","name":"Roseline Layo r\u00eave d\u2019un feat avec Josey -","isPartOf":{"@id":"https:\/\/7culture.ci\/#website"},"datePublished":"2022-07-29T14:43:23+00:00","dateModified":"2022-07-29T18:35:19+00:00","breadcrumb":{"@id":"https:\/\/7culture.ci\/index.php\/2022\/07\/29\/roseline-layo-reve-dun-feat-avec-josey\/#breadcrumb"},"inLanguage":"fr-FR","potentialAction":[{"@type":"ReadAction","target":["https:\/\/7culture.ci\/index.php\/2022\/07\/29\/roseline-layo-reve-dun-feat-avec-josey\/"]}]},{"@type":"BreadcrumbList","@id":"https:\/\/7culture.ci\/index.php\/2022\/07\/29\/roseline-layo-reve-dun-feat-avec-josey\/#breadcrumb","itemListElement":[{"@type":"ListItem","position":1,"name":"Accueil","item":"https:\/\/7culture.ci\/"},{"@type":"ListItem","position":2,"name":"Roseline Layo r\u00eave d\u2019un feat avec Josey"}]},{"@type":"WebSite","@id":"https:\/\/7culture.ci\/#website","url":"https:\/\/7culture.ci\/","name":"7culture","description":"Tout sur l&#039;actualit\u00e9","publisher":{"@id":"https:\/\/7culture.ci\/#organization"},"potentialAction":[{"@type":"SearchAction","target":{"@type":"EntryPoint","urlTemplate":"https:\/\/7culture.ci\/?s={search_term_string}"},"query-input":"required name=search_term_string"}],"inLanguage":"fr-FR"},{"@type":"Organization","@id":"https:\/\/7culture.ci\/#organization","name":"7culture","url":"https:\/\/7culture.ci\/","sameAs":["https:\/\/www.facebook.com\/redchefclaude","https:\/\/twitter.com\/7culturec"],"logo":{"@type":"ImageObject","inLanguage":"fr-FR","@id":"https:\/\/7culture.ci\/#\/schema\/logo\/image\/","url":"https:\/\/7culture.ci\/wp-content\/uploads\/2021\/12\/S1a-1.png","contentUrl":"https:\/\/7culture.ci\/wp-content\/uploads\/2021\/12\/S1a-1.png","width":588,"height":192,"caption":"7culture"},"image":{"@id":"https:\/\/7culture.ci\/#\/schema\/logo\/image\/"}},{"@type":"Person","@id":"https:\/\/7culture.ci\/#\/schema\/person\/16150d28d7ef66ba788c1f87f28c4426","name":"7culture2020","image":{"@type":"ImageObject","inLanguage":"fr-FR","@id":"https:\/\/7culture.ci\/#\/schema\/person\/image\/","url":"https:\/\/secure.gravatar.com\/avatar\/9a0784f951306c37bcd065f52844ef95?s=96&d=mm&r=g","contentUrl":"https:\/\/secure.gravatar.com\/avatar\/9a0784f951306c37bcd065f52844ef95?s=96&d=mm&r=g","caption":"7culture2020"},"sameAs":["http:\/\/7culture.ci","Claude.kipre"],"url":"https:\/\/7culture.ci\/index.php\/author\/7culture2020\/"}]}},"jetpack_featured_media_url":"https:\/\/7culture.ci\/wp-content\/uploads\/2022\/07\/292216810_590845125735812_8425453569503480820_n.jpg","jetpack_likes_enabled":true,"jetpack_sharing_enabled":true,"_links":{"self":[{"href":"https:\/\/7culture.ci\/index.php\/wp-json\/wp\/v2\/posts\/22881"}],"collection":[{"href":"https:\/\/7culture.ci\/index.php\/wp-json\/wp\/v2\/posts"}],"about":[{"href":"https:\/\/7culture.ci\/index.php\/wp-json\/wp\/v2\/types\/post"}],"author":[{"embeddable":true,"href":"https:\/\/7culture.ci\/index.php\/wp-json\/wp\/v2\/users\/1"}],"replies":[{"embeddable":true,"href":"https:\/\/7culture.ci\/index.php\/wp-json\/wp\/v2\/comments?post=22881"}],"version-history":[{"count":0,"href":"https:\/\/7culture.ci\/index.php\/wp-json\/wp\/v2\/posts\/22881\/revisions"}],"wp:featuredmedia":[{"embeddable":true,"href":"https:\/\/7culture.ci\/index.php\/wp-json\/wp\/v2\/media\/22883"}],"wp:attachment":[{"href":"https:\/\/7culture.ci\/index.php\/wp-json\/wp\/v2\/media?parent=22881"}],"wp:term":[{"taxonomy":"category","embeddable":true,"href":"https:\/\/7culture.ci\/index.php\/wp-json\/wp\/v2\/categories?post=22881"},{"taxonomy":"post_tag","embeddable":true,"href":"https:\/\/7culture.ci\/index.php\/wp-json\/wp\/v2\/tags?post=22881"}],"curies":[{"name":"wp","href":"https:\/\/api.w.org\/{rel}","templated":true}]}}