{"id":22862,"date":"2022-07-29T14:14:02","date_gmt":"2022-07-29T12:14:02","guid":{"rendered":"https:\/\/7culture.ci\/?p=22862"},"modified":"2022-07-29T14:14:08","modified_gmt":"2022-07-29T12:14:08","slug":"en-photos-laudience-accordee-a-hanny-tchelley-par-la-ministre-francoise-remarck","status":"publish","type":"post","link":"https:\/\/7culture.ci\/index.php\/2022\/07\/29\/en-photos-laudience-accordee-a-hanny-tchelley-par-la-ministre-francoise-remarck\/","title":{"rendered":"En photos, l\u2019audience accord\u00e9e \u00e0 Hanny Tchelley par la ministre Fran\u00e7oise Remarck"},"content":{"rendered":"\n<p><strong><em>Rentr\u00e9e en C\u00f4te d\u2019Ivoire le 25 juillet dernier, Hanny Tchelley a \u00e9t\u00e9 l\u2019h\u00f4te de la ministre de la Culture et de la Francophonie, Fran\u00e7oise Remarck le 28 juillet 2022 au cours d\u2019audience. Retour en images sur cette rencontre.<\/em><\/strong><\/p>\n\n\n\n<figure class=\"wp-block-gallery has-nested-images columns-default is-cropped wp-block-gallery-1 is-layout-flex wp-block-gallery-is-layout-flex\">\n<figure class=\"wp-block-image size-large\"><img loading=\"lazy\" decoding=\"async\" width=\"960\" height=\"720\" data-id=\"22865\" src=\"https:\/\/7culture.ci\/wp-content\/uploads\/2022\/07\/295282088_415773627254864_9093014677464661380_n.jpg\" alt=\"\" class=\"wp-image-22865\" srcset=\"https:\/\/7culture.ci\/wp-content\/uploads\/2022\/07\/295282088_415773627254864_9093014677464661380_n.jpg 960w, https:\/\/7culture.ci\/wp-content\/uploads\/2022\/07\/295282088_415773627254864_9093014677464661380_n-300x225.jpg 300w, https:\/\/7culture.ci\/wp-content\/uploads\/2022\/07\/295282088_415773627254864_9093014677464661380_n-768x576.jpg 768w\" sizes=\"(max-width: 960px) 100vw, 960px\" \/><\/figure>\n\n\n\n<figure class=\"wp-block-image size-large\"><img loading=\"lazy\" decoding=\"async\" width=\"960\" height=\"720\" data-id=\"22866\" src=\"https:\/\/7culture.ci\/wp-content\/uploads\/2022\/07\/295300415_415774200588140_2631664346522925682_n-1.jpg\" alt=\"\" class=\"wp-image-22866\" srcset=\"https:\/\/7culture.ci\/wp-content\/uploads\/2022\/07\/295300415_415774200588140_2631664346522925682_n-1.jpg 960w, https:\/\/7culture.ci\/wp-content\/uploads\/2022\/07\/295300415_415774200588140_2631664346522925682_n-1-300x225.jpg 300w, https:\/\/7culture.ci\/wp-content\/uploads\/2022\/07\/295300415_415774200588140_2631664346522925682_n-1-768x576.jpg 768w\" sizes=\"(max-width: 960px) 100vw, 960px\" \/><\/figure>\n\n\n\n<figure class=\"wp-block-image size-large\"><img loading=\"lazy\" decoding=\"async\" width=\"960\" height=\"720\" data-id=\"22867\" src=\"https:\/\/7culture.ci\/wp-content\/uploads\/2022\/07\/295510974_415773917254835_4074151023027970529_n.jpg\" alt=\"\" class=\"wp-image-22867\" srcset=\"https:\/\/7culture.ci\/wp-content\/uploads\/2022\/07\/295510974_415773917254835_4074151023027970529_n.jpg 960w, https:\/\/7culture.ci\/wp-content\/uploads\/2022\/07\/295510974_415773917254835_4074151023027970529_n-300x225.jpg 300w, https:\/\/7culture.ci\/wp-content\/uploads\/2022\/07\/295510974_415773917254835_4074151023027970529_n-768x576.jpg 768w\" sizes=\"(max-width: 960px) 100vw, 960px\" \/><\/figure>\n<\/figure>\n\n\n\n<figure class=\"wp-block-gallery has-nested-images columns-default is-cropped wp-block-gallery-2 is-layout-flex wp-block-gallery-is-layout-flex\">\n<figure class=\"wp-block-image size-large\"><img loading=\"lazy\" decoding=\"async\" width=\"960\" height=\"720\" data-id=\"22868\" src=\"https:\/\/7culture.ci\/wp-content\/uploads\/2022\/07\/295553449_415774017254825_7975980704238339824_n.jpg\" alt=\"\" class=\"wp-image-22868\" srcset=\"https:\/\/7culture.ci\/wp-content\/uploads\/2022\/07\/295553449_415774017254825_7975980704238339824_n.jpg 960w, https:\/\/7culture.ci\/wp-content\/uploads\/2022\/07\/295553449_415774017254825_7975980704238339824_n-300x225.jpg 300w, https:\/\/7culture.ci\/wp-content\/uploads\/2022\/07\/295553449_415774017254825_7975980704238339824_n-768x576.jpg 768w\" sizes=\"(max-width: 960px) 100vw, 960px\" \/><\/figure>\n\n\n\n<figure class=\"wp-block-image size-large\"><img loading=\"lazy\" decoding=\"async\" width=\"960\" height=\"720\" data-id=\"22869\" src=\"https:\/\/7culture.ci\/wp-content\/uploads\/2022\/07\/295554899_415774253921468_5086881942566842225_n.jpg\" alt=\"\" class=\"wp-image-22869\" srcset=\"https:\/\/7culture.ci\/wp-content\/uploads\/2022\/07\/295554899_415774253921468_5086881942566842225_n.jpg 960w, https:\/\/7culture.ci\/wp-content\/uploads\/2022\/07\/295554899_415774253921468_5086881942566842225_n-300x225.jpg 300w, https:\/\/7culture.ci\/wp-content\/uploads\/2022\/07\/295554899_415774253921468_5086881942566842225_n-768x576.jpg 768w\" sizes=\"(max-width: 960px) 100vw, 960px\" \/><\/figure>\n\n\n\n<figure class=\"wp-block-image size-large\"><img loading=\"lazy\" decoding=\"async\" width=\"960\" height=\"720\" data-id=\"22870\" src=\"https:\/\/7culture.ci\/wp-content\/uploads\/2022\/07\/295610665_415773550588205_8250644282851647330_n-1.jpg\" alt=\"\" class=\"wp-image-22870\" srcset=\"https:\/\/7culture.ci\/wp-content\/uploads\/2022\/07\/295610665_415773550588205_8250644282851647330_n-1.jpg 960w, https:\/\/7culture.ci\/wp-content\/uploads\/2022\/07\/295610665_415773550588205_8250644282851647330_n-1-300x225.jpg 300w, https:\/\/7culture.ci\/wp-content\/uploads\/2022\/07\/295610665_415773550588205_8250644282851647330_n-1-768x576.jpg 768w\" sizes=\"(max-width: 960px) 100vw, 960px\" \/><\/figure>\n<\/figure>\n\n\n\n<figure class=\"wp-block-gallery has-nested-images columns-default is-cropped wp-block-gallery-3 is-layout-flex wp-block-gallery-is-layout-flex\">\n<figure class=\"wp-block-image size-large\"><img loading=\"lazy\" decoding=\"async\" width=\"960\" height=\"720\" data-id=\"22871\" src=\"https:\/\/7culture.ci\/wp-content\/uploads\/2022\/07\/295662854_415773767254850_8614703743004501349_n.jpg\" alt=\"\" class=\"wp-image-22871\" srcset=\"https:\/\/7culture.ci\/wp-content\/uploads\/2022\/07\/295662854_415773767254850_8614703743004501349_n.jpg 960w, https:\/\/7culture.ci\/wp-content\/uploads\/2022\/07\/295662854_415773767254850_8614703743004501349_n-300x225.jpg 300w, https:\/\/7culture.ci\/wp-content\/uploads\/2022\/07\/295662854_415773767254850_8614703743004501349_n-768x576.jpg 768w\" sizes=\"(max-width: 960px) 100vw, 960px\" \/><\/figure>\n\n\n\n<figure class=\"wp-block-image size-large\"><img loading=\"lazy\" decoding=\"async\" width=\"960\" height=\"720\" data-id=\"22873\" src=\"https:\/\/7culture.ci\/wp-content\/uploads\/2022\/07\/295727241_415773970588163_3038768720556154249_n.jpg\" alt=\"\" class=\"wp-image-22873\" srcset=\"https:\/\/7culture.ci\/wp-content\/uploads\/2022\/07\/295727241_415773970588163_3038768720556154249_n.jpg 960w, https:\/\/7culture.ci\/wp-content\/uploads\/2022\/07\/295727241_415773970588163_3038768720556154249_n-300x225.jpg 300w, https:\/\/7culture.ci\/wp-content\/uploads\/2022\/07\/295727241_415773970588163_3038768720556154249_n-768x576.jpg 768w\" sizes=\"(max-width: 960px) 100vw, 960px\" \/><\/figure>\n\n\n\n<figure class=\"wp-block-image size-large\"><img loading=\"lazy\" decoding=\"async\" width=\"960\" height=\"720\" data-id=\"22872\" src=\"https:\/\/7culture.ci\/wp-content\/uploads\/2022\/07\/295758936_415773823921511_1148418034041896816_n.jpg\" alt=\"\" class=\"wp-image-22872\" srcset=\"https:\/\/7culture.ci\/wp-content\/uploads\/2022\/07\/295758936_415773823921511_1148418034041896816_n.jpg 960w, https:\/\/7culture.ci\/wp-content\/uploads\/2022\/07\/295758936_415773823921511_1148418034041896816_n-300x225.jpg 300w, https:\/\/7culture.ci\/wp-content\/uploads\/2022\/07\/295758936_415773823921511_1148418034041896816_n-768x576.jpg 768w\" sizes=\"(max-width: 960px) 100vw, 960px\" \/><\/figure>\n<\/figure>\n\n\n\n<figure class=\"wp-block-gallery has-nested-images columns-default is-cropped wp-block-gallery-4 is-layout-flex wp-block-gallery-is-layout-flex\">\n<figure class=\"wp-block-image size-large\"><img loading=\"lazy\" decoding=\"async\" width=\"960\" height=\"720\" data-id=\"22875\" src=\"https:\/\/7culture.ci\/wp-content\/uploads\/2022\/07\/295850511_415773707254856_5405144753131602892_n.jpg\" alt=\"\" class=\"wp-image-22875\" srcset=\"https:\/\/7culture.ci\/wp-content\/uploads\/2022\/07\/295850511_415773707254856_5405144753131602892_n.jpg 960w, https:\/\/7culture.ci\/wp-content\/uploads\/2022\/07\/295850511_415773707254856_5405144753131602892_n-300x225.jpg 300w, https:\/\/7culture.ci\/wp-content\/uploads\/2022\/07\/295850511_415773707254856_5405144753131602892_n-768x576.jpg 768w\" sizes=\"(max-width: 960px) 100vw, 960px\" \/><\/figure>\n\n\n\n<figure class=\"wp-block-image size-large\"><img loading=\"lazy\" decoding=\"async\" width=\"960\" height=\"720\" data-id=\"22876\" src=\"https:\/\/7culture.ci\/wp-content\/uploads\/2022\/07\/295991692_415774293921464_7821345851992220501_n.jpg\" alt=\"\" class=\"wp-image-22876\" srcset=\"https:\/\/7culture.ci\/wp-content\/uploads\/2022\/07\/295991692_415774293921464_7821345851992220501_n.jpg 960w, https:\/\/7culture.ci\/wp-content\/uploads\/2022\/07\/295991692_415774293921464_7821345851992220501_n-300x225.jpg 300w, https:\/\/7culture.ci\/wp-content\/uploads\/2022\/07\/295991692_415774293921464_7821345851992220501_n-768x576.jpg 768w\" sizes=\"(max-width: 960px) 100vw, 960px\" \/><\/figure>\n\n\n\n<figure class=\"wp-block-image size-large\"><img loading=\"lazy\" decoding=\"async\" width=\"960\" height=\"720\" data-id=\"22874\" src=\"https:\/\/7culture.ci\/wp-content\/uploads\/2022\/07\/296088671_415773880588172_6812686730732129739_n.jpg\" alt=\"\" class=\"wp-image-22874\" srcset=\"https:\/\/7culture.ci\/wp-content\/uploads\/2022\/07\/296088671_415773880588172_6812686730732129739_n.jpg 960w, https:\/\/7culture.ci\/wp-content\/uploads\/2022\/07\/296088671_415773880588172_6812686730732129739_n-300x225.jpg 300w, https:\/\/7culture.ci\/wp-content\/uploads\/2022\/07\/296088671_415773880588172_6812686730732129739_n-768x576.jpg 768w\" sizes=\"(max-width: 960px) 100vw, 960px\" \/><\/figure>\n<\/figure>\n\n\n\n<figure class=\"wp-block-gallery has-nested-images columns-default is-cropped wp-block-gallery-5 is-layout-flex wp-block-gallery-is-layout-flex\">\n<figure class=\"wp-block-image size-large\"><img loading=\"lazy\" decoding=\"async\" width=\"960\" height=\"720\" data-id=\"22878\" src=\"https:\/\/7culture.ci\/wp-content\/uploads\/2022\/07\/296100981_415774077254819_205236434417816474_n.jpg\" alt=\"\" class=\"wp-image-22878\" srcset=\"https:\/\/7culture.ci\/wp-content\/uploads\/2022\/07\/296100981_415774077254819_205236434417816474_n.jpg 960w, https:\/\/7culture.ci\/wp-content\/uploads\/2022\/07\/296100981_415774077254819_205236434417816474_n-300x225.jpg 300w, https:\/\/7culture.ci\/wp-content\/uploads\/2022\/07\/296100981_415774077254819_205236434417816474_n-768x576.jpg 768w\" sizes=\"(max-width: 960px) 100vw, 960px\" \/><\/figure>\n\n\n\n<figure class=\"wp-block-image size-large\"><img loading=\"lazy\" decoding=\"async\" width=\"960\" height=\"720\" data-id=\"22879\" src=\"https:\/\/7culture.ci\/wp-content\/uploads\/2022\/07\/296158216_415773587254868_2520612983008678857_n.jpg\" alt=\"\" class=\"wp-image-22879\" srcset=\"https:\/\/7culture.ci\/wp-content\/uploads\/2022\/07\/296158216_415773587254868_2520612983008678857_n.jpg 960w, https:\/\/7culture.ci\/wp-content\/uploads\/2022\/07\/296158216_415773587254868_2520612983008678857_n-300x225.jpg 300w, https:\/\/7culture.ci\/wp-content\/uploads\/2022\/07\/296158216_415773587254868_2520612983008678857_n-768x576.jpg 768w\" sizes=\"(max-width: 960px) 100vw, 960px\" \/><\/figure>\n\n\n\n<figure class=\"wp-block-image size-large\"><img loading=\"lazy\" decoding=\"async\" width=\"960\" height=\"720\" data-id=\"22877\" src=\"https:\/\/7culture.ci\/wp-content\/uploads\/2022\/07\/296352252_415773660588194_7624795111001238922_n.jpg\" alt=\"\" class=\"wp-image-22877\" srcset=\"https:\/\/7culture.ci\/wp-content\/uploads\/2022\/07\/296352252_415773660588194_7624795111001238922_n.jpg 960w, https:\/\/7culture.ci\/wp-content\/uploads\/2022\/07\/296352252_415773660588194_7624795111001238922_n-300x225.jpg 300w, https:\/\/7culture.ci\/wp-content\/uploads\/2022\/07\/296352252_415773660588194_7624795111001238922_n-768x576.jpg 768w\" sizes=\"(max-width: 960px) 100vw, 960px\" \/><\/figure>\n<\/figure>\n","protected":false},"excerpt":{"rendered":"<p>Rentr\u00e9e en C\u00f4te d\u2019Ivoire le 25 juillet dernier, Hanny Tchelley a \u00e9t\u00e9 l\u2019h\u00f4te de la ministre de la Culture et de la Francophonie, Fran\u00e7oise Remarck le 28 juillet 2022 au cours d\u2019audience. Retour en images sur cette rencontre.<\/p>\n","protected":false},"author":1,"featured_media":22864,"comment_status":"open","ping_status":"open","sticky":false,"template":"","format":"standard","meta":{"_mi_skip_tracking":false,"_monsterinsights_sitenote_active":false,"_monsterinsights_sitenote_note":"","_monsterinsights_sitenote_category":0,"site-sidebar-layout":"default","site-content-layout":"default","ast-global-header-display":"","ast-main-header-display":"","ast-hfb-above-header-display":"","ast-hfb-below-header-display":"","ast-hfb-mobile-header-display":"","site-post-title":"","ast-breadcrumbs-content":"","ast-featured-img":"","footer-sml-layout":"","theme-transparent-header-meta":"","adv-header-id-meta":"","stick-header-meta":"","header-above-stick-meta":"","header-main-stick-meta":"","header-below-stick-meta":"","footnotes":"","jetpack_publicize_message":"","jetpack_is_tweetstorm":false,"jetpack_publicize_feature_enabled":true},"categories":[43],"tags":[],"jetpack_publicize_connections":[],"acf":[],"aioseo_notices":[],"yoast_head":"<!-- This site is optimized with the Yoast SEO plugin v19.6.1 - https:\/\/yoast.com\/wordpress\/plugins\/seo\/ -->\n<title>En photos, l\u2019audience accord\u00e9e \u00e0 Hanny Tchelley par la ministre Fran\u00e7oise Remarck -<\/title>\n<meta name=\"robots\" content=\"index, follow, max-snippet:-1, max-image-preview:large, max-video-preview:-1\" \/>\n<link rel=\"canonical\" href=\"https:\/\/7culture.ci\/index.php\/2022\/07\/29\/en-photos-laudience-accordee-a-hanny-tchelley-par-la-ministre-francoise-remarck\/\" \/>\n<meta property=\"og:locale\" content=\"fr_FR\" \/>\n<meta property=\"og:type\" content=\"article\" \/>\n<meta property=\"og:title\" content=\"En photos, l\u2019audience accord\u00e9e \u00e0 Hanny Tchelley par la ministre Fran\u00e7oise Remarck -\" \/>\n<meta property=\"og:description\" content=\"Rentr\u00e9e en C\u00f4te d\u2019Ivoire le 25 juillet dernier, Hanny Tchelley a \u00e9t\u00e9 l\u2019h\u00f4te de la ministre de la Culture et de la Francophonie, Fran\u00e7oise Remarck le 28 juillet 2022 au cours d\u2019audience. Retour en images sur cette rencontre.\" \/>\n<meta property=\"og:url\" content=\"https:\/\/7culture.ci\/index.php\/2022\/07\/29\/en-photos-laudience-accordee-a-hanny-tchelley-par-la-ministre-francoise-remarck\/\" \/>\n<meta property=\"og:site_name\" content=\"7culture\" \/>\n<meta property=\"article:publisher\" content=\"https:\/\/www.facebook.com\/redchefclaude\" \/>\n<meta property=\"article:published_time\" content=\"2022-07-29T12:14:02+00:00\" \/>\n<meta property=\"article:modified_time\" content=\"2022-07-29T12:14:08+00:00\" \/>\n<meta property=\"og:image\" content=\"http:\/\/7culture.ci\/wp-content\/uploads\/2022\/07\/1-2.jpg\" \/>\n\t<meta property=\"og:image:width\" content=\"750\" \/>\n\t<meta property=\"og:image:height\" content=\"450\" \/>\n\t<meta property=\"og:image:type\" content=\"image\/jpeg\" \/>\n<meta name=\"author\" content=\"7culture2020\" \/>\n<meta name=\"twitter:card\" content=\"summary_large_image\" \/>\n<meta name=\"twitter:creator\" content=\"@7culturec\" \/>\n<meta name=\"twitter:site\" content=\"@7culturec\" \/>\n<meta name=\"twitter:label1\" content=\"\u00c9crit par\" \/>\n\t<meta name=\"twitter:data1\" content=\"7culture2020\" \/>\n\t<meta name=\"twitter:label2\" content=\"Dur\u00e9e de lecture estim\u00e9e\" \/>\n\t<meta name=\"twitter:data2\" content=\"4 minutes\" \/>\n<script type=\"application\/ld+json\" class=\"yoast-schema-graph\">{\"@context\":\"https:\/\/schema.org\",\"@graph\":[{\"@type\":\"Article\",\"@id\":\"https:\/\/7culture.ci\/index.php\/2022\/07\/29\/en-photos-laudience-accordee-a-hanny-tchelley-par-la-ministre-francoise-remarck\/#article\",\"isPartOf\":{\"@id\":\"https:\/\/7culture.ci\/index.php\/2022\/07\/29\/en-photos-laudience-accordee-a-hanny-tchelley-par-la-ministre-francoise-remarck\/\"},\"author\":{\"name\":\"7culture2020\",\"@id\":\"https:\/\/7culture.ci\/#\/schema\/person\/16150d28d7ef66ba788c1f87f28c4426\"},\"headline\":\"En photos, l\u2019audience accord\u00e9e \u00e0 Hanny Tchelley par la ministre Fran\u00e7oise Remarck\",\"datePublished\":\"2022-07-29T12:14:02+00:00\",\"dateModified\":\"2022-07-29T12:14:08+00:00\",\"mainEntityOfPage\":{\"@id\":\"https:\/\/7culture.ci\/index.php\/2022\/07\/29\/en-photos-laudience-accordee-a-hanny-tchelley-par-la-ministre-francoise-remarck\/\"},\"wordCount\":56,\"commentCount\":0,\"publisher\":{\"@id\":\"https:\/\/7culture.ci\/#organization\"},\"articleSection\":[\"Album photo\"],\"inLanguage\":\"fr-FR\",\"potentialAction\":[{\"@type\":\"CommentAction\",\"name\":\"Comment\",\"target\":[\"https:\/\/7culture.ci\/index.php\/2022\/07\/29\/en-photos-laudience-accordee-a-hanny-tchelley-par-la-ministre-francoise-remarck\/#respond\"]}]},{\"@type\":\"WebPage\",\"@id\":\"https:\/\/7culture.ci\/index.php\/2022\/07\/29\/en-photos-laudience-accordee-a-hanny-tchelley-par-la-ministre-francoise-remarck\/\",\"url\":\"https:\/\/7culture.ci\/index.php\/2022\/07\/29\/en-photos-laudience-accordee-a-hanny-tchelley-par-la-ministre-francoise-remarck\/\",\"name\":\"En photos, l\u2019audience accord\u00e9e \u00e0 Hanny Tchelley par la ministre Fran\u00e7oise Remarck -\",\"isPartOf\":{\"@id\":\"https:\/\/7culture.ci\/#website\"},\"datePublished\":\"2022-07-29T12:14:02+00:00\",\"dateModified\":\"2022-07-29T12:14:08+00:00\",\"breadcrumb\":{\"@id\":\"https:\/\/7culture.ci\/index.php\/2022\/07\/29\/en-photos-laudience-accordee-a-hanny-tchelley-par-la-ministre-francoise-remarck\/#breadcrumb\"},\"inLanguage\":\"fr-FR\",\"potentialAction\":[{\"@type\":\"ReadAction\",\"target\":[\"https:\/\/7culture.ci\/index.php\/2022\/07\/29\/en-photos-laudience-accordee-a-hanny-tchelley-par-la-ministre-francoise-remarck\/\"]}]},{\"@type\":\"BreadcrumbList\",\"@id\":\"https:\/\/7culture.ci\/index.php\/2022\/07\/29\/en-photos-laudience-accordee-a-hanny-tchelley-par-la-ministre-francoise-remarck\/#breadcrumb\",\"itemListElement\":[{\"@type\":\"ListItem\",\"position\":1,\"name\":\"Accueil\",\"item\":\"https:\/\/7culture.ci\/\"},{\"@type\":\"ListItem\",\"position\":2,\"name\":\"En photos, l\u2019audience accord\u00e9e \u00e0 Hanny Tchelley par la ministre Fran\u00e7oise Remarck\"}]},{\"@type\":\"WebSite\",\"@id\":\"https:\/\/7culture.ci\/#website\",\"url\":\"https:\/\/7culture.ci\/\",\"name\":\"7culture\",\"description\":\"Tout sur l&#039;actualit\u00e9\",\"publisher\":{\"@id\":\"https:\/\/7culture.ci\/#organization\"},\"potentialAction\":[{\"@type\":\"SearchAction\",\"target\":{\"@type\":\"EntryPoint\",\"urlTemplate\":\"https:\/\/7culture.ci\/?s={search_term_string}\"},\"query-input\":\"required name=search_term_string\"}],\"inLanguage\":\"fr-FR\"},{\"@type\":\"Organization\",\"@id\":\"https:\/\/7culture.ci\/#organization\",\"name\":\"7culture\",\"url\":\"https:\/\/7culture.ci\/\",\"sameAs\":[\"https:\/\/www.facebook.com\/redchefclaude\",\"https:\/\/twitter.com\/7culturec\"],\"logo\":{\"@type\":\"ImageObject\",\"inLanguage\":\"fr-FR\",\"@id\":\"https:\/\/7culture.ci\/#\/schema\/logo\/image\/\",\"url\":\"https:\/\/7culture.ci\/wp-content\/uploads\/2021\/12\/S1a-1.png\",\"contentUrl\":\"https:\/\/7culture.ci\/wp-content\/uploads\/2021\/12\/S1a-1.png\",\"width\":588,\"height\":192,\"caption\":\"7culture\"},\"image\":{\"@id\":\"https:\/\/7culture.ci\/#\/schema\/logo\/image\/\"}},{\"@type\":\"Person\",\"@id\":\"https:\/\/7culture.ci\/#\/schema\/person\/16150d28d7ef66ba788c1f87f28c4426\",\"name\":\"7culture2020\",\"image\":{\"@type\":\"ImageObject\",\"inLanguage\":\"fr-FR\",\"@id\":\"https:\/\/7culture.ci\/#\/schema\/person\/image\/\",\"url\":\"https:\/\/secure.gravatar.com\/avatar\/9a0784f951306c37bcd065f52844ef95?s=96&d=mm&r=g\",\"contentUrl\":\"https:\/\/secure.gravatar.com\/avatar\/9a0784f951306c37bcd065f52844ef95?s=96&d=mm&r=g\",\"caption\":\"7culture2020\"},\"sameAs\":[\"http:\/\/7culture.ci\",\"Claude.kipre\"],\"url\":\"https:\/\/7culture.ci\/index.php\/author\/7culture2020\/\"}]}<\/script>\n<!-- \/ Yoast SEO plugin. -->","yoast_head_json":{"title":"En photos, l\u2019audience accord\u00e9e \u00e0 Hanny Tchelley par la ministre Fran\u00e7oise Remarck -","robots":{"index":"index","follow":"follow","max-snippet":"max-snippet:-1","max-image-preview":"max-image-preview:large","max-video-preview":"max-video-preview:-1"},"canonical":"https:\/\/7culture.ci\/index.php\/2022\/07\/29\/en-photos-laudience-accordee-a-hanny-tchelley-par-la-ministre-francoise-remarck\/","og_locale":"fr_FR","og_type":"article","og_title":"En photos, l\u2019audience accord\u00e9e \u00e0 Hanny Tchelley par la ministre Fran\u00e7oise Remarck -","og_description":"Rentr\u00e9e en C\u00f4te d\u2019Ivoire le 25 juillet dernier, Hanny Tchelley a \u00e9t\u00e9 l\u2019h\u00f4te de la ministre de la Culture et de la Francophonie, Fran\u00e7oise Remarck le 28 juillet 2022 au cours d\u2019audience. Retour en images sur cette rencontre.","og_url":"https:\/\/7culture.ci\/index.php\/2022\/07\/29\/en-photos-laudience-accordee-a-hanny-tchelley-par-la-ministre-francoise-remarck\/","og_site_name":"7culture","article_publisher":"https:\/\/www.facebook.com\/redchefclaude","article_published_time":"2022-07-29T12:14:02+00:00","article_modified_time":"2022-07-29T12:14:08+00:00","og_image":[{"width":750,"height":450,"url":"http:\/\/7culture.ci\/wp-content\/uploads\/2022\/07\/1-2.jpg","type":"image\/jpeg"}],"author":"7culture2020","twitter_card":"summary_large_image","twitter_creator":"@7culturec","twitter_site":"@7culturec","twitter_misc":{"\u00c9crit par":"7culture2020","Dur\u00e9e de lecture estim\u00e9e":"4 minutes"},"schema":{"@context":"https:\/\/schema.org","@graph":[{"@type":"Article","@id":"https:\/\/7culture.ci\/index.php\/2022\/07\/29\/en-photos-laudience-accordee-a-hanny-tchelley-par-la-ministre-francoise-remarck\/#article","isPartOf":{"@id":"https:\/\/7culture.ci\/index.php\/2022\/07\/29\/en-photos-laudience-accordee-a-hanny-tchelley-par-la-ministre-francoise-remarck\/"},"author":{"name":"7culture2020","@id":"https:\/\/7culture.ci\/#\/schema\/person\/16150d28d7ef66ba788c1f87f28c4426"},"headline":"En photos, l\u2019audience accord\u00e9e \u00e0 Hanny Tchelley par la ministre Fran\u00e7oise Remarck","datePublished":"2022-07-29T12:14:02+00:00","dateModified":"2022-07-29T12:14:08+00:00","mainEntityOfPage":{"@id":"https:\/\/7culture.ci\/index.php\/2022\/07\/29\/en-photos-laudience-accordee-a-hanny-tchelley-par-la-ministre-francoise-remarck\/"},"wordCount":56,"commentCount":0,"publisher":{"@id":"https:\/\/7culture.ci\/#organization"},"articleSection":["Album photo"],"inLanguage":"fr-FR","potentialAction":[{"@type":"CommentAction","name":"Comment","target":["https:\/\/7culture.ci\/index.php\/2022\/07\/29\/en-photos-laudience-accordee-a-hanny-tchelley-par-la-ministre-francoise-remarck\/#respond"]}]},{"@type":"WebPage","@id":"https:\/\/7culture.ci\/index.php\/2022\/07\/29\/en-photos-laudience-accordee-a-hanny-tchelley-par-la-ministre-francoise-remarck\/","url":"https:\/\/7culture.ci\/index.php\/2022\/07\/29\/en-photos-laudience-accordee-a-hanny-tchelley-par-la-ministre-francoise-remarck\/","name":"En photos, l\u2019audience accord\u00e9e \u00e0 Hanny Tchelley par la ministre Fran\u00e7oise Remarck -","isPartOf":{"@id":"https:\/\/7culture.ci\/#website"},"datePublished":"2022-07-29T12:14:02+00:00","dateModified":"2022-07-29T12:14:08+00:00","breadcrumb":{"@id":"https:\/\/7culture.ci\/index.php\/2022\/07\/29\/en-photos-laudience-accordee-a-hanny-tchelley-par-la-ministre-francoise-remarck\/#breadcrumb"},"inLanguage":"fr-FR","potentialAction":[{"@type":"ReadAction","target":["https:\/\/7culture.ci\/index.php\/2022\/07\/29\/en-photos-laudience-accordee-a-hanny-tchelley-par-la-ministre-francoise-remarck\/"]}]},{"@type":"BreadcrumbList","@id":"https:\/\/7culture.ci\/index.php\/2022\/07\/29\/en-photos-laudience-accordee-a-hanny-tchelley-par-la-ministre-francoise-remarck\/#breadcrumb","itemListElement":[{"@type":"ListItem","position":1,"name":"Accueil","item":"https:\/\/7culture.ci\/"},{"@type":"ListItem","position":2,"name":"En photos, l\u2019audience accord\u00e9e \u00e0 Hanny Tchelley par la ministre Fran\u00e7oise Remarck"}]},{"@type":"WebSite","@id":"https:\/\/7culture.ci\/#website","url":"https:\/\/7culture.ci\/","name":"7culture","description":"Tout sur l&#039;actualit\u00e9","publisher":{"@id":"https:\/\/7culture.ci\/#organization"},"potentialAction":[{"@type":"SearchAction","target":{"@type":"EntryPoint","urlTemplate":"https:\/\/7culture.ci\/?s={search_term_string}"},"query-input":"required name=search_term_string"}],"inLanguage":"fr-FR"},{"@type":"Organization","@id":"https:\/\/7culture.ci\/#organization","name":"7culture","url":"https:\/\/7culture.ci\/","sameAs":["https:\/\/www.facebook.com\/redchefclaude","https:\/\/twitter.com\/7culturec"],"logo":{"@type":"ImageObject","inLanguage":"fr-FR","@id":"https:\/\/7culture.ci\/#\/schema\/logo\/image\/","url":"https:\/\/7culture.ci\/wp-content\/uploads\/2021\/12\/S1a-1.png","contentUrl":"https:\/\/7culture.ci\/wp-content\/uploads\/2021\/12\/S1a-1.png","width":588,"height":192,"caption":"7culture"},"image":{"@id":"https:\/\/7culture.ci\/#\/schema\/logo\/image\/"}},{"@type":"Person","@id":"https:\/\/7culture.ci\/#\/schema\/person\/16150d28d7ef66ba788c1f87f28c4426","name":"7culture2020","image":{"@type":"ImageObject","inLanguage":"fr-FR","@id":"https:\/\/7culture.ci\/#\/schema\/person\/image\/","url":"https:\/\/secure.gravatar.com\/avatar\/9a0784f951306c37bcd065f52844ef95?s=96&d=mm&r=g","contentUrl":"https:\/\/secure.gravatar.com\/avatar\/9a0784f951306c37bcd065f52844ef95?s=96&d=mm&r=g","caption":"7culture2020"},"sameAs":["http:\/\/7culture.ci","Claude.kipre"],"url":"https:\/\/7culture.ci\/index.php\/author\/7culture2020\/"}]}},"jetpack_featured_media_url":"https:\/\/7culture.ci\/wp-content\/uploads\/2022\/07\/1-2.jpg","jetpack_likes_enabled":true,"jetpack_sharing_enabled":true,"_links":{"self":[{"href":"https:\/\/7culture.ci\/index.php\/wp-json\/wp\/v2\/posts\/22862"}],"collection":[{"href":"https:\/\/7culture.ci\/index.php\/wp-json\/wp\/v2\/posts"}],"about":[{"href":"https:\/\/7culture.ci\/index.php\/wp-json\/wp\/v2\/types\/post"}],"author":[{"embeddable":true,"href":"https:\/\/7culture.ci\/index.php\/wp-json\/wp\/v2\/users\/1"}],"replies":[{"embeddable":true,"href":"https:\/\/7culture.ci\/index.php\/wp-json\/wp\/v2\/comments?post=22862"}],"version-history":[{"count":0,"href":"https:\/\/7culture.ci\/index.php\/wp-json\/wp\/v2\/posts\/22862\/revisions"}],"wp:featuredmedia":[{"embeddable":true,"href":"https:\/\/7culture.ci\/index.php\/wp-json\/wp\/v2\/media\/22864"}],"wp:attachment":[{"href":"https:\/\/7culture.ci\/index.php\/wp-json\/wp\/v2\/media?parent=22862"}],"wp:term":[{"taxonomy":"category","embeddable":true,"href":"https:\/\/7culture.ci\/index.php\/wp-json\/wp\/v2\/categories?post=22862"},{"taxonomy":"post_tag","embeddable":true,"href":"https:\/\/7culture.ci\/index.php\/wp-json\/wp\/v2\/tags?post=22862"}],"curies":[{"name":"wp","href":"https:\/\/api.w.org\/{rel}","templated":true}]}}