{"id":22855,"date":"2022-07-29T14:02:23","date_gmt":"2022-07-29T12:02:23","guid":{"rendered":"https:\/\/7culture.ci\/?p=22855"},"modified":"2022-07-29T14:02:27","modified_gmt":"2022-07-29T12:02:27","slug":"apres-son-retour-dexil-hanny-tchelley-a-recue-par-la-ministre-francoise-remarck","status":"publish","type":"post","link":"https:\/\/7culture.ci\/index.php\/2022\/07\/29\/apres-son-retour-dexil-hanny-tchelley-a-recue-par-la-ministre-francoise-remarck\/","title":{"rendered":"Apr\u00e8s son retour d\u2019exil, Hanny Tchelley a re\u00e7ue par la ministre Fran\u00e7oise Remarck"},"content":{"rendered":"\n<p>Revenue en C\u00f4te d\u2019Ivoire le 25 juillet dernier apr\u00e8s 11 ans d\u2019exil en Europe, Hanny Tchelley a \u00e9t\u00e9 re\u00e7ue par la ministre de la Culture et de la Francophonie, Fran\u00e7oise Remarck le 28 juillet 2022.<\/p>\n\n\n\n<p>Heureuse de son retour, l&#8217;actrice a remerci\u00e9 la tutelle pour son accueil chaleureux, et son engagement \u00e0 faire de la culture l&#8217;un des piliers de la coh\u00e9sion et de la reconstruction nationale.<\/p>\n\n\n\n<p>Pour sa part, la ministre s&#8217;est r\u00e9jouie de ce retour qui offrira \u00e0 l&#8217;actrice de continuer sa contribution au rayonnement culturel de la nation \u00e0 travers ses \u0153uvres.<\/p>\n\n\n\n<figure class=\"wp-block-gallery has-nested-images columns-default is-cropped wp-block-gallery-1 is-layout-flex wp-block-gallery-is-layout-flex\">\n<figure class=\"wp-block-image size-large\"><img loading=\"lazy\" decoding=\"async\" width=\"960\" height=\"720\" data-id=\"22859\" src=\"https:\/\/7culture.ci\/wp-content\/uploads\/2022\/07\/295286185_415774153921478_5654544239913527602_n.jpg\" alt=\"\" class=\"wp-image-22859\" srcset=\"https:\/\/7culture.ci\/wp-content\/uploads\/2022\/07\/295286185_415774153921478_5654544239913527602_n.jpg 960w, https:\/\/7culture.ci\/wp-content\/uploads\/2022\/07\/295286185_415774153921478_5654544239913527602_n-300x225.jpg 300w, https:\/\/7culture.ci\/wp-content\/uploads\/2022\/07\/295286185_415774153921478_5654544239913527602_n-768x576.jpg 768w\" sizes=\"(max-width: 960px) 100vw, 960px\" \/><\/figure>\n\n\n\n<figure class=\"wp-block-image size-large\"><img loading=\"lazy\" decoding=\"async\" width=\"960\" height=\"720\" data-id=\"22857\" src=\"https:\/\/7culture.ci\/wp-content\/uploads\/2022\/07\/295300415_415774200588140_2631664346522925682_n.jpg\" alt=\"\" class=\"wp-image-22857\" srcset=\"https:\/\/7culture.ci\/wp-content\/uploads\/2022\/07\/295300415_415774200588140_2631664346522925682_n.jpg 960w, https:\/\/7culture.ci\/wp-content\/uploads\/2022\/07\/295300415_415774200588140_2631664346522925682_n-300x225.jpg 300w, https:\/\/7culture.ci\/wp-content\/uploads\/2022\/07\/295300415_415774200588140_2631664346522925682_n-768x576.jpg 768w\" sizes=\"(max-width: 960px) 100vw, 960px\" \/><\/figure>\n\n\n\n<figure class=\"wp-block-image size-large\"><img loading=\"lazy\" decoding=\"async\" width=\"960\" height=\"720\" data-id=\"22858\" src=\"https:\/\/7culture.ci\/wp-content\/uploads\/2022\/07\/295610665_415773550588205_8250644282851647330_n.jpg\" alt=\"\" class=\"wp-image-22858\" srcset=\"https:\/\/7culture.ci\/wp-content\/uploads\/2022\/07\/295610665_415773550588205_8250644282851647330_n.jpg 960w, https:\/\/7culture.ci\/wp-content\/uploads\/2022\/07\/295610665_415773550588205_8250644282851647330_n-300x225.jpg 300w, https:\/\/7culture.ci\/wp-content\/uploads\/2022\/07\/295610665_415773550588205_8250644282851647330_n-768x576.jpg 768w\" sizes=\"(max-width: 960px) 100vw, 960px\" \/><\/figure>\n<\/figure>\n\n\n\n<p>Fran\u00e7oise Remarck a \u00e9galement invit\u00e9 Hanny Tchelley \u00e0 \u00eatre la marraine de l&#8217;\u00e9dition 2022 de Clap Ivoire International puis \u00e0 c\u00e9l\u00e9brer ensemble les 45 ans de carri\u00e8re de l&#8217;artiste chanteuse A\u00efcha Kon\u00e9, le 7 ao\u00fbt prochain.<\/p>\n","protected":false},"excerpt":{"rendered":"<p>Revenue en C\u00f4te d\u2019Ivoire le 25 juillet dernier apr\u00e8s 11 ans d\u2019exil en Europe, Hanny Tchelley a \u00e9t\u00e9 re\u00e7ue par la ministre de la Culture et de la Francophonie, Fran\u00e7oise Remarck le 28 juillet 2022. Heureuse de son retour, l&#8217;actrice a remerci\u00e9 la tutelle pour son accueil chaleureux, et son engagement \u00e0 faire de la &hellip;<\/p>\n<p class=\"read-more\"> <a class=\"\" href=\"https:\/\/7culture.ci\/index.php\/2022\/07\/29\/apres-son-retour-dexil-hanny-tchelley-a-recue-par-la-ministre-francoise-remarck\/\"> <span class=\"screen-reader-text\">Apr\u00e8s son retour d\u2019exil, Hanny Tchelley a re\u00e7ue par la ministre Fran\u00e7oise Remarck<\/span> Lire la suite\u00a0\u00bb<\/a><\/p>\n","protected":false},"author":1,"featured_media":22856,"comment_status":"open","ping_status":"open","sticky":false,"template":"","format":"standard","meta":{"_mi_skip_tracking":false,"_monsterinsights_sitenote_active":false,"_monsterinsights_sitenote_note":"","_monsterinsights_sitenote_category":0,"site-sidebar-layout":"default","site-content-layout":"default","ast-global-header-display":"","ast-main-header-display":"","ast-hfb-above-header-display":"","ast-hfb-below-header-display":"","ast-hfb-mobile-header-display":"","site-post-title":"","ast-breadcrumbs-content":"","ast-featured-img":"","footer-sml-layout":"","theme-transparent-header-meta":"","adv-header-id-meta":"","stick-header-meta":"","header-above-stick-meta":"","header-main-stick-meta":"","header-below-stick-meta":"","footnotes":"","jetpack_publicize_message":"","jetpack_is_tweetstorm":false,"jetpack_publicize_feature_enabled":true},"categories":[22],"tags":[],"jetpack_publicize_connections":[],"acf":[],"aioseo_notices":[],"yoast_head":"<!-- This site is optimized with the Yoast SEO plugin v19.6.1 - https:\/\/yoast.com\/wordpress\/plugins\/seo\/ -->\n<title>Apr\u00e8s son retour d\u2019exil, Hanny Tchelley a re\u00e7ue par la ministre Fran\u00e7oise Remarck -<\/title>\n<meta name=\"robots\" content=\"index, follow, max-snippet:-1, max-image-preview:large, max-video-preview:-1\" \/>\n<link rel=\"canonical\" href=\"https:\/\/7culture.ci\/index.php\/2022\/07\/29\/apres-son-retour-dexil-hanny-tchelley-a-recue-par-la-ministre-francoise-remarck\/\" \/>\n<meta property=\"og:locale\" content=\"fr_FR\" \/>\n<meta property=\"og:type\" content=\"article\" \/>\n<meta property=\"og:title\" content=\"Apr\u00e8s son retour d\u2019exil, Hanny Tchelley a re\u00e7ue par la ministre Fran\u00e7oise Remarck -\" \/>\n<meta property=\"og:description\" content=\"Revenue en C\u00f4te d\u2019Ivoire le 25 juillet dernier apr\u00e8s 11 ans d\u2019exil en Europe, Hanny Tchelley a \u00e9t\u00e9 re\u00e7ue par la ministre de la Culture et de la Francophonie, Fran\u00e7oise Remarck le 28 juillet 2022. Heureuse de son retour, l&#8217;actrice a remerci\u00e9 la tutelle pour son accueil chaleureux, et son engagement \u00e0 faire de la &hellip; Apr\u00e8s son retour d\u2019exil, Hanny Tchelley a re\u00e7ue par la ministre Fran\u00e7oise Remarck Lire la suite\u00a0\u00bb\" \/>\n<meta property=\"og:url\" content=\"https:\/\/7culture.ci\/index.php\/2022\/07\/29\/apres-son-retour-dexil-hanny-tchelley-a-recue-par-la-ministre-francoise-remarck\/\" \/>\n<meta property=\"og:site_name\" content=\"7culture\" \/>\n<meta property=\"article:publisher\" content=\"https:\/\/www.facebook.com\/redchefclaude\" \/>\n<meta property=\"article:published_time\" content=\"2022-07-29T12:02:23+00:00\" \/>\n<meta property=\"article:modified_time\" content=\"2022-07-29T12:02:27+00:00\" \/>\n<meta property=\"og:image\" content=\"http:\/\/7culture.ci\/wp-content\/uploads\/2022\/07\/hanny1.jpg\" \/>\n\t<meta property=\"og:image:width\" content=\"750\" \/>\n\t<meta property=\"og:image:height\" content=\"450\" \/>\n\t<meta property=\"og:image:type\" content=\"image\/jpeg\" \/>\n<meta name=\"author\" content=\"7culture2020\" \/>\n<meta name=\"twitter:card\" content=\"summary_large_image\" \/>\n<meta name=\"twitter:creator\" content=\"@7culturec\" \/>\n<meta name=\"twitter:site\" content=\"@7culturec\" \/>\n<meta name=\"twitter:label1\" content=\"\u00c9crit par\" \/>\n\t<meta name=\"twitter:data1\" content=\"7culture2020\" \/>\n\t<meta name=\"twitter:label2\" content=\"Dur\u00e9e de lecture estim\u00e9e\" \/>\n\t<meta name=\"twitter:data2\" content=\"2 minutes\" \/>\n<script type=\"application\/ld+json\" class=\"yoast-schema-graph\">{\"@context\":\"https:\/\/schema.org\",\"@graph\":[{\"@type\":\"Article\",\"@id\":\"https:\/\/7culture.ci\/index.php\/2022\/07\/29\/apres-son-retour-dexil-hanny-tchelley-a-recue-par-la-ministre-francoise-remarck\/#article\",\"isPartOf\":{\"@id\":\"https:\/\/7culture.ci\/index.php\/2022\/07\/29\/apres-son-retour-dexil-hanny-tchelley-a-recue-par-la-ministre-francoise-remarck\/\"},\"author\":{\"name\":\"7culture2020\",\"@id\":\"https:\/\/7culture.ci\/#\/schema\/person\/16150d28d7ef66ba788c1f87f28c4426\"},\"headline\":\"Apr\u00e8s son retour d\u2019exil, Hanny Tchelley a re\u00e7ue par la ministre Fran\u00e7oise Remarck\",\"datePublished\":\"2022-07-29T12:02:23+00:00\",\"dateModified\":\"2022-07-29T12:02:27+00:00\",\"mainEntityOfPage\":{\"@id\":\"https:\/\/7culture.ci\/index.php\/2022\/07\/29\/apres-son-retour-dexil-hanny-tchelley-a-recue-par-la-ministre-francoise-remarck\/\"},\"wordCount\":151,\"commentCount\":0,\"publisher\":{\"@id\":\"https:\/\/7culture.ci\/#organization\"},\"articleSection\":[\"Actualit\u00e9\"],\"inLanguage\":\"fr-FR\",\"potentialAction\":[{\"@type\":\"CommentAction\",\"name\":\"Comment\",\"target\":[\"https:\/\/7culture.ci\/index.php\/2022\/07\/29\/apres-son-retour-dexil-hanny-tchelley-a-recue-par-la-ministre-francoise-remarck\/#respond\"]}]},{\"@type\":\"WebPage\",\"@id\":\"https:\/\/7culture.ci\/index.php\/2022\/07\/29\/apres-son-retour-dexil-hanny-tchelley-a-recue-par-la-ministre-francoise-remarck\/\",\"url\":\"https:\/\/7culture.ci\/index.php\/2022\/07\/29\/apres-son-retour-dexil-hanny-tchelley-a-recue-par-la-ministre-francoise-remarck\/\",\"name\":\"Apr\u00e8s son retour d\u2019exil, Hanny Tchelley a re\u00e7ue par la ministre Fran\u00e7oise Remarck -\",\"isPartOf\":{\"@id\":\"https:\/\/7culture.ci\/#website\"},\"datePublished\":\"2022-07-29T12:02:23+00:00\",\"dateModified\":\"2022-07-29T12:02:27+00:00\",\"breadcrumb\":{\"@id\":\"https:\/\/7culture.ci\/index.php\/2022\/07\/29\/apres-son-retour-dexil-hanny-tchelley-a-recue-par-la-ministre-francoise-remarck\/#breadcrumb\"},\"inLanguage\":\"fr-FR\",\"potentialAction\":[{\"@type\":\"ReadAction\",\"target\":[\"https:\/\/7culture.ci\/index.php\/2022\/07\/29\/apres-son-retour-dexil-hanny-tchelley-a-recue-par-la-ministre-francoise-remarck\/\"]}]},{\"@type\":\"BreadcrumbList\",\"@id\":\"https:\/\/7culture.ci\/index.php\/2022\/07\/29\/apres-son-retour-dexil-hanny-tchelley-a-recue-par-la-ministre-francoise-remarck\/#breadcrumb\",\"itemListElement\":[{\"@type\":\"ListItem\",\"position\":1,\"name\":\"Accueil\",\"item\":\"https:\/\/7culture.ci\/\"},{\"@type\":\"ListItem\",\"position\":2,\"name\":\"Apr\u00e8s son retour d\u2019exil, Hanny Tchelley a re\u00e7ue par la ministre Fran\u00e7oise Remarck\"}]},{\"@type\":\"WebSite\",\"@id\":\"https:\/\/7culture.ci\/#website\",\"url\":\"https:\/\/7culture.ci\/\",\"name\":\"7culture\",\"description\":\"Tout sur l&#039;actualit\u00e9\",\"publisher\":{\"@id\":\"https:\/\/7culture.ci\/#organization\"},\"potentialAction\":[{\"@type\":\"SearchAction\",\"target\":{\"@type\":\"EntryPoint\",\"urlTemplate\":\"https:\/\/7culture.ci\/?s={search_term_string}\"},\"query-input\":\"required name=search_term_string\"}],\"inLanguage\":\"fr-FR\"},{\"@type\":\"Organization\",\"@id\":\"https:\/\/7culture.ci\/#organization\",\"name\":\"7culture\",\"url\":\"https:\/\/7culture.ci\/\",\"sameAs\":[\"https:\/\/www.facebook.com\/redchefclaude\",\"https:\/\/twitter.com\/7culturec\"],\"logo\":{\"@type\":\"ImageObject\",\"inLanguage\":\"fr-FR\",\"@id\":\"https:\/\/7culture.ci\/#\/schema\/logo\/image\/\",\"url\":\"https:\/\/7culture.ci\/wp-content\/uploads\/2021\/12\/S1a-1.png\",\"contentUrl\":\"https:\/\/7culture.ci\/wp-content\/uploads\/2021\/12\/S1a-1.png\",\"width\":588,\"height\":192,\"caption\":\"7culture\"},\"image\":{\"@id\":\"https:\/\/7culture.ci\/#\/schema\/logo\/image\/\"}},{\"@type\":\"Person\",\"@id\":\"https:\/\/7culture.ci\/#\/schema\/person\/16150d28d7ef66ba788c1f87f28c4426\",\"name\":\"7culture2020\",\"image\":{\"@type\":\"ImageObject\",\"inLanguage\":\"fr-FR\",\"@id\":\"https:\/\/7culture.ci\/#\/schema\/person\/image\/\",\"url\":\"https:\/\/secure.gravatar.com\/avatar\/9a0784f951306c37bcd065f52844ef95?s=96&d=mm&r=g\",\"contentUrl\":\"https:\/\/secure.gravatar.com\/avatar\/9a0784f951306c37bcd065f52844ef95?s=96&d=mm&r=g\",\"caption\":\"7culture2020\"},\"sameAs\":[\"http:\/\/7culture.ci\",\"Claude.kipre\"],\"url\":\"https:\/\/7culture.ci\/index.php\/author\/7culture2020\/\"}]}<\/script>\n<!-- \/ Yoast SEO plugin. -->","yoast_head_json":{"title":"Apr\u00e8s son retour d\u2019exil, Hanny Tchelley a re\u00e7ue par la ministre Fran\u00e7oise Remarck -","robots":{"index":"index","follow":"follow","max-snippet":"max-snippet:-1","max-image-preview":"max-image-preview:large","max-video-preview":"max-video-preview:-1"},"canonical":"https:\/\/7culture.ci\/index.php\/2022\/07\/29\/apres-son-retour-dexil-hanny-tchelley-a-recue-par-la-ministre-francoise-remarck\/","og_locale":"fr_FR","og_type":"article","og_title":"Apr\u00e8s son retour d\u2019exil, Hanny Tchelley a re\u00e7ue par la ministre Fran\u00e7oise Remarck -","og_description":"Revenue en C\u00f4te d\u2019Ivoire le 25 juillet dernier apr\u00e8s 11 ans d\u2019exil en Europe, Hanny Tchelley a \u00e9t\u00e9 re\u00e7ue par la ministre de la Culture et de la Francophonie, Fran\u00e7oise Remarck le 28 juillet 2022. Heureuse de son retour, l&#8217;actrice a remerci\u00e9 la tutelle pour son accueil chaleureux, et son engagement \u00e0 faire de la &hellip; Apr\u00e8s son retour d\u2019exil, Hanny Tchelley a re\u00e7ue par la ministre Fran\u00e7oise Remarck Lire la suite\u00a0\u00bb","og_url":"https:\/\/7culture.ci\/index.php\/2022\/07\/29\/apres-son-retour-dexil-hanny-tchelley-a-recue-par-la-ministre-francoise-remarck\/","og_site_name":"7culture","article_publisher":"https:\/\/www.facebook.com\/redchefclaude","article_published_time":"2022-07-29T12:02:23+00:00","article_modified_time":"2022-07-29T12:02:27+00:00","og_image":[{"width":750,"height":450,"url":"http:\/\/7culture.ci\/wp-content\/uploads\/2022\/07\/hanny1.jpg","type":"image\/jpeg"}],"author":"7culture2020","twitter_card":"summary_large_image","twitter_creator":"@7culturec","twitter_site":"@7culturec","twitter_misc":{"\u00c9crit par":"7culture2020","Dur\u00e9e de lecture estim\u00e9e":"2 minutes"},"schema":{"@context":"https:\/\/schema.org","@graph":[{"@type":"Article","@id":"https:\/\/7culture.ci\/index.php\/2022\/07\/29\/apres-son-retour-dexil-hanny-tchelley-a-recue-par-la-ministre-francoise-remarck\/#article","isPartOf":{"@id":"https:\/\/7culture.ci\/index.php\/2022\/07\/29\/apres-son-retour-dexil-hanny-tchelley-a-recue-par-la-ministre-francoise-remarck\/"},"author":{"name":"7culture2020","@id":"https:\/\/7culture.ci\/#\/schema\/person\/16150d28d7ef66ba788c1f87f28c4426"},"headline":"Apr\u00e8s son retour d\u2019exil, Hanny Tchelley a re\u00e7ue par la ministre Fran\u00e7oise Remarck","datePublished":"2022-07-29T12:02:23+00:00","dateModified":"2022-07-29T12:02:27+00:00","mainEntityOfPage":{"@id":"https:\/\/7culture.ci\/index.php\/2022\/07\/29\/apres-son-retour-dexil-hanny-tchelley-a-recue-par-la-ministre-francoise-remarck\/"},"wordCount":151,"commentCount":0,"publisher":{"@id":"https:\/\/7culture.ci\/#organization"},"articleSection":["Actualit\u00e9"],"inLanguage":"fr-FR","potentialAction":[{"@type":"CommentAction","name":"Comment","target":["https:\/\/7culture.ci\/index.php\/2022\/07\/29\/apres-son-retour-dexil-hanny-tchelley-a-recue-par-la-ministre-francoise-remarck\/#respond"]}]},{"@type":"WebPage","@id":"https:\/\/7culture.ci\/index.php\/2022\/07\/29\/apres-son-retour-dexil-hanny-tchelley-a-recue-par-la-ministre-francoise-remarck\/","url":"https:\/\/7culture.ci\/index.php\/2022\/07\/29\/apres-son-retour-dexil-hanny-tchelley-a-recue-par-la-ministre-francoise-remarck\/","name":"Apr\u00e8s son retour d\u2019exil, Hanny Tchelley a re\u00e7ue par la ministre Fran\u00e7oise Remarck -","isPartOf":{"@id":"https:\/\/7culture.ci\/#website"},"datePublished":"2022-07-29T12:02:23+00:00","dateModified":"2022-07-29T12:02:27+00:00","breadcrumb":{"@id":"https:\/\/7culture.ci\/index.php\/2022\/07\/29\/apres-son-retour-dexil-hanny-tchelley-a-recue-par-la-ministre-francoise-remarck\/#breadcrumb"},"inLanguage":"fr-FR","potentialAction":[{"@type":"ReadAction","target":["https:\/\/7culture.ci\/index.php\/2022\/07\/29\/apres-son-retour-dexil-hanny-tchelley-a-recue-par-la-ministre-francoise-remarck\/"]}]},{"@type":"BreadcrumbList","@id":"https:\/\/7culture.ci\/index.php\/2022\/07\/29\/apres-son-retour-dexil-hanny-tchelley-a-recue-par-la-ministre-francoise-remarck\/#breadcrumb","itemListElement":[{"@type":"ListItem","position":1,"name":"Accueil","item":"https:\/\/7culture.ci\/"},{"@type":"ListItem","position":2,"name":"Apr\u00e8s son retour d\u2019exil, Hanny Tchelley a re\u00e7ue par la ministre Fran\u00e7oise Remarck"}]},{"@type":"WebSite","@id":"https:\/\/7culture.ci\/#website","url":"https:\/\/7culture.ci\/","name":"7culture","description":"Tout sur l&#039;actualit\u00e9","publisher":{"@id":"https:\/\/7culture.ci\/#organization"},"potentialAction":[{"@type":"SearchAction","target":{"@type":"EntryPoint","urlTemplate":"https:\/\/7culture.ci\/?s={search_term_string}"},"query-input":"required name=search_term_string"}],"inLanguage":"fr-FR"},{"@type":"Organization","@id":"https:\/\/7culture.ci\/#organization","name":"7culture","url":"https:\/\/7culture.ci\/","sameAs":["https:\/\/www.facebook.com\/redchefclaude","https:\/\/twitter.com\/7culturec"],"logo":{"@type":"ImageObject","inLanguage":"fr-FR","@id":"https:\/\/7culture.ci\/#\/schema\/logo\/image\/","url":"https:\/\/7culture.ci\/wp-content\/uploads\/2021\/12\/S1a-1.png","contentUrl":"https:\/\/7culture.ci\/wp-content\/uploads\/2021\/12\/S1a-1.png","width":588,"height":192,"caption":"7culture"},"image":{"@id":"https:\/\/7culture.ci\/#\/schema\/logo\/image\/"}},{"@type":"Person","@id":"https:\/\/7culture.ci\/#\/schema\/person\/16150d28d7ef66ba788c1f87f28c4426","name":"7culture2020","image":{"@type":"ImageObject","inLanguage":"fr-FR","@id":"https:\/\/7culture.ci\/#\/schema\/person\/image\/","url":"https:\/\/secure.gravatar.com\/avatar\/9a0784f951306c37bcd065f52844ef95?s=96&d=mm&r=g","contentUrl":"https:\/\/secure.gravatar.com\/avatar\/9a0784f951306c37bcd065f52844ef95?s=96&d=mm&r=g","caption":"7culture2020"},"sameAs":["http:\/\/7culture.ci","Claude.kipre"],"url":"https:\/\/7culture.ci\/index.php\/author\/7culture2020\/"}]}},"jetpack_featured_media_url":"https:\/\/7culture.ci\/wp-content\/uploads\/2022\/07\/hanny1.jpg","jetpack_likes_enabled":true,"jetpack_sharing_enabled":true,"_links":{"self":[{"href":"https:\/\/7culture.ci\/index.php\/wp-json\/wp\/v2\/posts\/22855"}],"collection":[{"href":"https:\/\/7culture.ci\/index.php\/wp-json\/wp\/v2\/posts"}],"about":[{"href":"https:\/\/7culture.ci\/index.php\/wp-json\/wp\/v2\/types\/post"}],"author":[{"embeddable":true,"href":"https:\/\/7culture.ci\/index.php\/wp-json\/wp\/v2\/users\/1"}],"replies":[{"embeddable":true,"href":"https:\/\/7culture.ci\/index.php\/wp-json\/wp\/v2\/comments?post=22855"}],"version-history":[{"count":0,"href":"https:\/\/7culture.ci\/index.php\/wp-json\/wp\/v2\/posts\/22855\/revisions"}],"wp:featuredmedia":[{"embeddable":true,"href":"https:\/\/7culture.ci\/index.php\/wp-json\/wp\/v2\/media\/22856"}],"wp:attachment":[{"href":"https:\/\/7culture.ci\/index.php\/wp-json\/wp\/v2\/media?parent=22855"}],"wp:term":[{"taxonomy":"category","embeddable":true,"href":"https:\/\/7culture.ci\/index.php\/wp-json\/wp\/v2\/categories?post=22855"},{"taxonomy":"post_tag","embeddable":true,"href":"https:\/\/7culture.ci\/index.php\/wp-json\/wp\/v2\/tags?post=22855"}],"curies":[{"name":"wp","href":"https:\/\/api.w.org\/{rel}","templated":true}]}}