{"id":22816,"date":"2022-07-28T17:08:45","date_gmt":"2022-07-28T15:08:45","guid":{"rendered":"https:\/\/7culture.ci\/?p=22816"},"modified":"2022-07-28T19:01:16","modified_gmt":"2022-07-28T17:01:16","slug":"40-ans-de-de-luckson-padaud-panel-concerts-livre-au-menu","status":"publish","type":"post","link":"https:\/\/7culture.ci\/index.php\/2022\/07\/28\/40-ans-de-de-luckson-padaud-panel-concerts-livre-au-menu\/","title":{"rendered":"40 ans de Luckson Padaud\u00a0: panel, concerts, livre\u2026 au menu"},"content":{"rendered":"\n<p>De 1982, date \u00e0 laquelle Luckson Padaud a publi\u00e9 son premier album \u00e0 2022, cela fait 40 ans que le chanteur ne cesse d\u2019animer le show-biz africain de ses belles m\u00e9lodies. Apr\u00e8s quatre d\u00e9cennies de sc\u00e8nes et de studios, l\u2019artiste tradi-moderne a d\u00e9cid\u00e9 de faire une halte afin de faire un point sur sa riche carri\u00e8re. Il va c\u00e9l\u00e9brer ses 40 ans de carri\u00e8re avec plusieurs activit\u00e9s au menu. Le clou de ces festivit\u00e9s sera deux concerts. Le pr\u00e9curseur et promoteur du Laba-Laba, donnera d\u2019abord un spectacle live VIP le 27 ao\u00fbt au Sofitel Abidjan H\u00f4tel Ivoire. Une semaine apr\u00e8s, le chef des fr\u00e8res S\u00e9hia retrouvera ses fans pour un giga concert le 3 septembre sur l\u2019esplanade du Palais de la culture d\u2019Abidjan-Treichville.<\/p>\n\n\n\n<figure class=\"wp-block-image size-full is-resized\"><img loading=\"lazy\" decoding=\"async\" src=\"https:\/\/7culture.ci\/wp-content\/uploads\/2022\/07\/Luckson-Padaud5-1.jpg\" alt=\"\" class=\"wp-image-22822\" width=\"695\" height=\"431\" srcset=\"https:\/\/7culture.ci\/wp-content\/uploads\/2022\/07\/Luckson-Padaud5-1.jpg 904w, https:\/\/7culture.ci\/wp-content\/uploads\/2022\/07\/Luckson-Padaud5-1-300x186.jpg 300w, https:\/\/7culture.ci\/wp-content\/uploads\/2022\/07\/Luckson-Padaud5-1-768x476.jpg 768w\" sizes=\"(max-width: 695px) 100vw, 695px\" \/><\/figure>\n\n\n\n<p>Avant d\u2019arriver \u00e0 ses dates, les 40 ans de carri\u00e8re de Lago Tap\u00e9 S\u00e9hia comprennent d\u2019autres chapitres \u00e0 feuilleter. Ce jeudi 28 juillet \u00e0 la Rotonde des arts au Plateau \u00e0 partir de 17h, ce sera une journ\u00e9e de reconnaissance \u00e0 l\u2019enfant de Tahiraguh\u00e9, une localit\u00e9 proche de Daloa \u00e0 l&#8217;ouest de la C\u00f4te d&#8217;Ivoire. Intitul\u00e9 \u2018\u2019Journ\u00e9e d\u2019hommage \u00e0 Luckson Padaud\u2019\u2019, l\u2019\u00e9v\u00e8nement se d\u00e9roulera autour d\u2019un panel dont le th\u00e8me est: \u2018\u2019Luckson Padaud, l&#8217;homme, sa musique et sa discographie\u2019\u2019. Les pan\u00e9listes sont Barth\u00e9lemy Inabo Zouzoua, animateur et producteur audio-visuel, Djabo Steck, historien musicologue et producteur, Georges Goubo, Inspecteur de l&#8217;enseignement primaire et \u00e9crivain, et Jean Honor\u00e9 S\u00e9a, Vice-gouverneur du District d\u2019Abidjan.<\/p>\n\n\n\n<div class=\"wp-block-image\"><figure class=\"aligncenter size-large is-resized\"><img loading=\"lazy\" decoding=\"async\" src=\"https:\/\/7culture.ci\/wp-content\/uploads\/2022\/07\/Luckson-Padaud-Hommage1-1-1024x576.jpg\" alt=\"\" class=\"wp-image-22823\" width=\"812\" height=\"457\" srcset=\"https:\/\/7culture.ci\/wp-content\/uploads\/2022\/07\/Luckson-Padaud-Hommage1-1-1024x576.jpg 1024w, https:\/\/7culture.ci\/wp-content\/uploads\/2022\/07\/Luckson-Padaud-Hommage1-1-300x169.jpg 300w, https:\/\/7culture.ci\/wp-content\/uploads\/2022\/07\/Luckson-Padaud-Hommage1-1-768x432.jpg 768w, https:\/\/7culture.ci\/wp-content\/uploads\/2022\/07\/Luckson-Padaud-Hommage1-1.jpg 1080w\" sizes=\"(max-width: 812px) 100vw, 812px\" \/><\/figure><\/div>\n\n\n\n<p>Dans le floril\u00e8ge d\u2019activit\u00e9s consacr\u00e9es \u00e0 Luckson Padaud pour ses 40 ans de carri\u00e8re, il est pr\u00e9vu \u00e9galement la publication d\u2019un livre. Herv\u00e9 Gobou, \u00e9crivain et ma\u00eetre en histoire contemporaine, a couch\u00e9 la vie de Lago Tap\u00e9 S\u00e9hia dans un bouquin. Titr\u00e9 \u2018\u2019S\u00e9hia Luckson Padaud, une vie de musique\/Le Gb\u00eakazoukou de Tahiraguh\u00e9\u2019\u2019, l\u2018ouvrage a \u00e9t\u00e9 pr\u00e9fac\u00e9 par le Pr D\u00e9di S\u00e9ri.<\/p>\n\n\n\n<figure class=\"wp-block-image size-full\"><img loading=\"lazy\" decoding=\"async\" width=\"421\" height=\"595\" src=\"https:\/\/7culture.ci\/wp-content\/uploads\/2022\/07\/WhatsApp-Image-2022-07-27-at-17.27.03.jpeg\" alt=\"\" class=\"wp-image-22824\" srcset=\"https:\/\/7culture.ci\/wp-content\/uploads\/2022\/07\/WhatsApp-Image-2022-07-27-at-17.27.03.jpeg 421w, https:\/\/7culture.ci\/wp-content\/uploads\/2022\/07\/WhatsApp-Image-2022-07-27-at-17.27.03-212x300.jpeg 212w\" sizes=\"(max-width: 421px) 100vw, 421px\" \/><\/figure>\n\n\n\n<p>Par Omar AK<\/p>\n","protected":false},"excerpt":{"rendered":"<p>De 1982, date \u00e0 laquelle Luckson Padaud a publi\u00e9 son premier album \u00e0 2022, cela fait 40 ans que le chanteur ne cesse d\u2019animer le show-biz africain de ses belles m\u00e9lodies. Apr\u00e8s quatre d\u00e9cennies de sc\u00e8nes et de studios, l\u2019artiste tradi-moderne a d\u00e9cid\u00e9 de faire une halte afin de faire un point sur sa riche &hellip;<\/p>\n<p class=\"read-more\"> <a class=\"\" href=\"https:\/\/7culture.ci\/index.php\/2022\/07\/28\/40-ans-de-de-luckson-padaud-panel-concerts-livre-au-menu\/\"> <span class=\"screen-reader-text\">40 ans de Luckson Padaud\u00a0: panel, concerts, livre\u2026 au menu<\/span> Lire la suite\u00a0\u00bb<\/a><\/p>\n","protected":false},"author":1,"featured_media":22818,"comment_status":"open","ping_status":"open","sticky":false,"template":"","format":"standard","meta":{"_mi_skip_tracking":false,"_monsterinsights_sitenote_active":false,"_monsterinsights_sitenote_note":"","_monsterinsights_sitenote_category":0,"site-sidebar-layout":"default","site-content-layout":"default","ast-global-header-display":"","ast-main-header-display":"","ast-hfb-above-header-display":"","ast-hfb-below-header-display":"","ast-hfb-mobile-header-display":"","site-post-title":"","ast-breadcrumbs-content":"","ast-featured-img":"","footer-sml-layout":"","theme-transparent-header-meta":"","adv-header-id-meta":"","stick-header-meta":"","header-above-stick-meta":"","header-main-stick-meta":"","header-below-stick-meta":"","footnotes":"","jetpack_publicize_message":"","jetpack_is_tweetstorm":false,"jetpack_publicize_feature_enabled":true},"categories":[22],"tags":[],"jetpack_publicize_connections":[],"acf":[],"aioseo_notices":[],"yoast_head":"<!-- This site is optimized with the Yoast SEO plugin v19.6.1 - https:\/\/yoast.com\/wordpress\/plugins\/seo\/ -->\n<title>40 ans de Luckson Padaud\u00a0: panel, concerts, livre\u2026 au menu -<\/title>\n<meta name=\"robots\" content=\"index, follow, max-snippet:-1, max-image-preview:large, max-video-preview:-1\" \/>\n<link rel=\"canonical\" href=\"https:\/\/7culture.ci\/index.php\/2022\/07\/28\/40-ans-de-de-luckson-padaud-panel-concerts-livre-au-menu\/\" \/>\n<meta property=\"og:locale\" content=\"fr_FR\" \/>\n<meta property=\"og:type\" content=\"article\" \/>\n<meta property=\"og:title\" content=\"40 ans de Luckson Padaud\u00a0: panel, concerts, livre\u2026 au menu -\" \/>\n<meta property=\"og:description\" content=\"De 1982, date \u00e0 laquelle Luckson Padaud a publi\u00e9 son premier album \u00e0 2022, cela fait 40 ans que le chanteur ne cesse d\u2019animer le show-biz africain de ses belles m\u00e9lodies. Apr\u00e8s quatre d\u00e9cennies de sc\u00e8nes et de studios, l\u2019artiste tradi-moderne a d\u00e9cid\u00e9 de faire une halte afin de faire un point sur sa riche &hellip; 40 ans de Luckson Padaud\u00a0: panel, concerts, livre\u2026 au menu Lire la suite\u00a0\u00bb\" \/>\n<meta property=\"og:url\" content=\"https:\/\/7culture.ci\/index.php\/2022\/07\/28\/40-ans-de-de-luckson-padaud-panel-concerts-livre-au-menu\/\" \/>\n<meta property=\"og:site_name\" content=\"7culture\" \/>\n<meta property=\"article:publisher\" content=\"https:\/\/www.facebook.com\/redchefclaude\" \/>\n<meta property=\"article:published_time\" content=\"2022-07-28T15:08:45+00:00\" \/>\n<meta property=\"article:modified_time\" content=\"2022-07-28T17:01:16+00:00\" \/>\n<meta property=\"og:image\" content=\"http:\/\/7culture.ci\/wp-content\/uploads\/2022\/07\/Luckson-Padaud4.jpg.jpeg\" \/>\n\t<meta property=\"og:image:width\" content=\"421\" \/>\n\t<meta property=\"og:image:height\" content=\"387\" \/>\n\t<meta property=\"og:image:type\" content=\"image\/jpeg\" \/>\n<meta name=\"author\" content=\"7culture2020\" \/>\n<meta name=\"twitter:card\" content=\"summary_large_image\" \/>\n<meta name=\"twitter:creator\" content=\"@7culturec\" \/>\n<meta name=\"twitter:site\" content=\"@7culturec\" \/>\n<meta name=\"twitter:label1\" content=\"\u00c9crit par\" \/>\n\t<meta name=\"twitter:data1\" content=\"7culture2020\" \/>\n\t<meta name=\"twitter:label2\" content=\"Dur\u00e9e de lecture estim\u00e9e\" \/>\n\t<meta name=\"twitter:data2\" content=\"3 minutes\" \/>\n<script type=\"application\/ld+json\" class=\"yoast-schema-graph\">{\"@context\":\"https:\/\/schema.org\",\"@graph\":[{\"@type\":\"Article\",\"@id\":\"https:\/\/7culture.ci\/index.php\/2022\/07\/28\/40-ans-de-de-luckson-padaud-panel-concerts-livre-au-menu\/#article\",\"isPartOf\":{\"@id\":\"https:\/\/7culture.ci\/index.php\/2022\/07\/28\/40-ans-de-de-luckson-padaud-panel-concerts-livre-au-menu\/\"},\"author\":{\"name\":\"7culture2020\",\"@id\":\"https:\/\/7culture.ci\/#\/schema\/person\/16150d28d7ef66ba788c1f87f28c4426\"},\"headline\":\"40 ans de Luckson Padaud\u00a0: panel, concerts, livre\u2026 au menu\",\"datePublished\":\"2022-07-28T15:08:45+00:00\",\"dateModified\":\"2022-07-28T17:01:16+00:00\",\"mainEntityOfPage\":{\"@id\":\"https:\/\/7culture.ci\/index.php\/2022\/07\/28\/40-ans-de-de-luckson-padaud-panel-concerts-livre-au-menu\/\"},\"wordCount\":344,\"commentCount\":0,\"publisher\":{\"@id\":\"https:\/\/7culture.ci\/#organization\"},\"articleSection\":[\"Actualit\u00e9\"],\"inLanguage\":\"fr-FR\",\"potentialAction\":[{\"@type\":\"CommentAction\",\"name\":\"Comment\",\"target\":[\"https:\/\/7culture.ci\/index.php\/2022\/07\/28\/40-ans-de-de-luckson-padaud-panel-concerts-livre-au-menu\/#respond\"]}]},{\"@type\":\"WebPage\",\"@id\":\"https:\/\/7culture.ci\/index.php\/2022\/07\/28\/40-ans-de-de-luckson-padaud-panel-concerts-livre-au-menu\/\",\"url\":\"https:\/\/7culture.ci\/index.php\/2022\/07\/28\/40-ans-de-de-luckson-padaud-panel-concerts-livre-au-menu\/\",\"name\":\"40 ans de Luckson Padaud\u00a0: panel, concerts, livre\u2026 au menu -\",\"isPartOf\":{\"@id\":\"https:\/\/7culture.ci\/#website\"},\"datePublished\":\"2022-07-28T15:08:45+00:00\",\"dateModified\":\"2022-07-28T17:01:16+00:00\",\"breadcrumb\":{\"@id\":\"https:\/\/7culture.ci\/index.php\/2022\/07\/28\/40-ans-de-de-luckson-padaud-panel-concerts-livre-au-menu\/#breadcrumb\"},\"inLanguage\":\"fr-FR\",\"potentialAction\":[{\"@type\":\"ReadAction\",\"target\":[\"https:\/\/7culture.ci\/index.php\/2022\/07\/28\/40-ans-de-de-luckson-padaud-panel-concerts-livre-au-menu\/\"]}]},{\"@type\":\"BreadcrumbList\",\"@id\":\"https:\/\/7culture.ci\/index.php\/2022\/07\/28\/40-ans-de-de-luckson-padaud-panel-concerts-livre-au-menu\/#breadcrumb\",\"itemListElement\":[{\"@type\":\"ListItem\",\"position\":1,\"name\":\"Accueil\",\"item\":\"https:\/\/7culture.ci\/\"},{\"@type\":\"ListItem\",\"position\":2,\"name\":\"40 ans de Luckson Padaud\u00a0: panel, concerts, livre\u2026 au menu\"}]},{\"@type\":\"WebSite\",\"@id\":\"https:\/\/7culture.ci\/#website\",\"url\":\"https:\/\/7culture.ci\/\",\"name\":\"7culture\",\"description\":\"Tout sur l&#039;actualit\u00e9\",\"publisher\":{\"@id\":\"https:\/\/7culture.ci\/#organization\"},\"potentialAction\":[{\"@type\":\"SearchAction\",\"target\":{\"@type\":\"EntryPoint\",\"urlTemplate\":\"https:\/\/7culture.ci\/?s={search_term_string}\"},\"query-input\":\"required name=search_term_string\"}],\"inLanguage\":\"fr-FR\"},{\"@type\":\"Organization\",\"@id\":\"https:\/\/7culture.ci\/#organization\",\"name\":\"7culture\",\"url\":\"https:\/\/7culture.ci\/\",\"sameAs\":[\"https:\/\/www.facebook.com\/redchefclaude\",\"https:\/\/twitter.com\/7culturec\"],\"logo\":{\"@type\":\"ImageObject\",\"inLanguage\":\"fr-FR\",\"@id\":\"https:\/\/7culture.ci\/#\/schema\/logo\/image\/\",\"url\":\"https:\/\/7culture.ci\/wp-content\/uploads\/2021\/12\/S1a-1.png\",\"contentUrl\":\"https:\/\/7culture.ci\/wp-content\/uploads\/2021\/12\/S1a-1.png\",\"width\":588,\"height\":192,\"caption\":\"7culture\"},\"image\":{\"@id\":\"https:\/\/7culture.ci\/#\/schema\/logo\/image\/\"}},{\"@type\":\"Person\",\"@id\":\"https:\/\/7culture.ci\/#\/schema\/person\/16150d28d7ef66ba788c1f87f28c4426\",\"name\":\"7culture2020\",\"image\":{\"@type\":\"ImageObject\",\"inLanguage\":\"fr-FR\",\"@id\":\"https:\/\/7culture.ci\/#\/schema\/person\/image\/\",\"url\":\"https:\/\/secure.gravatar.com\/avatar\/9a0784f951306c37bcd065f52844ef95?s=96&d=mm&r=g\",\"contentUrl\":\"https:\/\/secure.gravatar.com\/avatar\/9a0784f951306c37bcd065f52844ef95?s=96&d=mm&r=g\",\"caption\":\"7culture2020\"},\"sameAs\":[\"http:\/\/7culture.ci\",\"Claude.kipre\"],\"url\":\"https:\/\/7culture.ci\/index.php\/author\/7culture2020\/\"}]}<\/script>\n<!-- \/ Yoast SEO plugin. -->","yoast_head_json":{"title":"40 ans de Luckson Padaud\u00a0: panel, concerts, livre\u2026 au menu -","robots":{"index":"index","follow":"follow","max-snippet":"max-snippet:-1","max-image-preview":"max-image-preview:large","max-video-preview":"max-video-preview:-1"},"canonical":"https:\/\/7culture.ci\/index.php\/2022\/07\/28\/40-ans-de-de-luckson-padaud-panel-concerts-livre-au-menu\/","og_locale":"fr_FR","og_type":"article","og_title":"40 ans de Luckson Padaud\u00a0: panel, concerts, livre\u2026 au menu -","og_description":"De 1982, date \u00e0 laquelle Luckson Padaud a publi\u00e9 son premier album \u00e0 2022, cela fait 40 ans que le chanteur ne cesse d\u2019animer le show-biz africain de ses belles m\u00e9lodies. Apr\u00e8s quatre d\u00e9cennies de sc\u00e8nes et de studios, l\u2019artiste tradi-moderne a d\u00e9cid\u00e9 de faire une halte afin de faire un point sur sa riche &hellip; 40 ans de Luckson Padaud\u00a0: panel, concerts, livre\u2026 au menu Lire la suite\u00a0\u00bb","og_url":"https:\/\/7culture.ci\/index.php\/2022\/07\/28\/40-ans-de-de-luckson-padaud-panel-concerts-livre-au-menu\/","og_site_name":"7culture","article_publisher":"https:\/\/www.facebook.com\/redchefclaude","article_published_time":"2022-07-28T15:08:45+00:00","article_modified_time":"2022-07-28T17:01:16+00:00","og_image":[{"width":421,"height":387,"url":"http:\/\/7culture.ci\/wp-content\/uploads\/2022\/07\/Luckson-Padaud4.jpg.jpeg","type":"image\/jpeg"}],"author":"7culture2020","twitter_card":"summary_large_image","twitter_creator":"@7culturec","twitter_site":"@7culturec","twitter_misc":{"\u00c9crit par":"7culture2020","Dur\u00e9e de lecture estim\u00e9e":"3 minutes"},"schema":{"@context":"https:\/\/schema.org","@graph":[{"@type":"Article","@id":"https:\/\/7culture.ci\/index.php\/2022\/07\/28\/40-ans-de-de-luckson-padaud-panel-concerts-livre-au-menu\/#article","isPartOf":{"@id":"https:\/\/7culture.ci\/index.php\/2022\/07\/28\/40-ans-de-de-luckson-padaud-panel-concerts-livre-au-menu\/"},"author":{"name":"7culture2020","@id":"https:\/\/7culture.ci\/#\/schema\/person\/16150d28d7ef66ba788c1f87f28c4426"},"headline":"40 ans de Luckson Padaud\u00a0: panel, concerts, livre\u2026 au menu","datePublished":"2022-07-28T15:08:45+00:00","dateModified":"2022-07-28T17:01:16+00:00","mainEntityOfPage":{"@id":"https:\/\/7culture.ci\/index.php\/2022\/07\/28\/40-ans-de-de-luckson-padaud-panel-concerts-livre-au-menu\/"},"wordCount":344,"commentCount":0,"publisher":{"@id":"https:\/\/7culture.ci\/#organization"},"articleSection":["Actualit\u00e9"],"inLanguage":"fr-FR","potentialAction":[{"@type":"CommentAction","name":"Comment","target":["https:\/\/7culture.ci\/index.php\/2022\/07\/28\/40-ans-de-de-luckson-padaud-panel-concerts-livre-au-menu\/#respond"]}]},{"@type":"WebPage","@id":"https:\/\/7culture.ci\/index.php\/2022\/07\/28\/40-ans-de-de-luckson-padaud-panel-concerts-livre-au-menu\/","url":"https:\/\/7culture.ci\/index.php\/2022\/07\/28\/40-ans-de-de-luckson-padaud-panel-concerts-livre-au-menu\/","name":"40 ans de Luckson Padaud\u00a0: panel, concerts, livre\u2026 au menu -","isPartOf":{"@id":"https:\/\/7culture.ci\/#website"},"datePublished":"2022-07-28T15:08:45+00:00","dateModified":"2022-07-28T17:01:16+00:00","breadcrumb":{"@id":"https:\/\/7culture.ci\/index.php\/2022\/07\/28\/40-ans-de-de-luckson-padaud-panel-concerts-livre-au-menu\/#breadcrumb"},"inLanguage":"fr-FR","potentialAction":[{"@type":"ReadAction","target":["https:\/\/7culture.ci\/index.php\/2022\/07\/28\/40-ans-de-de-luckson-padaud-panel-concerts-livre-au-menu\/"]}]},{"@type":"BreadcrumbList","@id":"https:\/\/7culture.ci\/index.php\/2022\/07\/28\/40-ans-de-de-luckson-padaud-panel-concerts-livre-au-menu\/#breadcrumb","itemListElement":[{"@type":"ListItem","position":1,"name":"Accueil","item":"https:\/\/7culture.ci\/"},{"@type":"ListItem","position":2,"name":"40 ans de Luckson Padaud\u00a0: panel, concerts, livre\u2026 au menu"}]},{"@type":"WebSite","@id":"https:\/\/7culture.ci\/#website","url":"https:\/\/7culture.ci\/","name":"7culture","description":"Tout sur l&#039;actualit\u00e9","publisher":{"@id":"https:\/\/7culture.ci\/#organization"},"potentialAction":[{"@type":"SearchAction","target":{"@type":"EntryPoint","urlTemplate":"https:\/\/7culture.ci\/?s={search_term_string}"},"query-input":"required name=search_term_string"}],"inLanguage":"fr-FR"},{"@type":"Organization","@id":"https:\/\/7culture.ci\/#organization","name":"7culture","url":"https:\/\/7culture.ci\/","sameAs":["https:\/\/www.facebook.com\/redchefclaude","https:\/\/twitter.com\/7culturec"],"logo":{"@type":"ImageObject","inLanguage":"fr-FR","@id":"https:\/\/7culture.ci\/#\/schema\/logo\/image\/","url":"https:\/\/7culture.ci\/wp-content\/uploads\/2021\/12\/S1a-1.png","contentUrl":"https:\/\/7culture.ci\/wp-content\/uploads\/2021\/12\/S1a-1.png","width":588,"height":192,"caption":"7culture"},"image":{"@id":"https:\/\/7culture.ci\/#\/schema\/logo\/image\/"}},{"@type":"Person","@id":"https:\/\/7culture.ci\/#\/schema\/person\/16150d28d7ef66ba788c1f87f28c4426","name":"7culture2020","image":{"@type":"ImageObject","inLanguage":"fr-FR","@id":"https:\/\/7culture.ci\/#\/schema\/person\/image\/","url":"https:\/\/secure.gravatar.com\/avatar\/9a0784f951306c37bcd065f52844ef95?s=96&d=mm&r=g","contentUrl":"https:\/\/secure.gravatar.com\/avatar\/9a0784f951306c37bcd065f52844ef95?s=96&d=mm&r=g","caption":"7culture2020"},"sameAs":["http:\/\/7culture.ci","Claude.kipre"],"url":"https:\/\/7culture.ci\/index.php\/author\/7culture2020\/"}]}},"jetpack_featured_media_url":"https:\/\/7culture.ci\/wp-content\/uploads\/2022\/07\/Luckson-Padaud4.jpg.jpeg","jetpack_likes_enabled":true,"jetpack_sharing_enabled":true,"_links":{"self":[{"href":"https:\/\/7culture.ci\/index.php\/wp-json\/wp\/v2\/posts\/22816"}],"collection":[{"href":"https:\/\/7culture.ci\/index.php\/wp-json\/wp\/v2\/posts"}],"about":[{"href":"https:\/\/7culture.ci\/index.php\/wp-json\/wp\/v2\/types\/post"}],"author":[{"embeddable":true,"href":"https:\/\/7culture.ci\/index.php\/wp-json\/wp\/v2\/users\/1"}],"replies":[{"embeddable":true,"href":"https:\/\/7culture.ci\/index.php\/wp-json\/wp\/v2\/comments?post=22816"}],"version-history":[{"count":0,"href":"https:\/\/7culture.ci\/index.php\/wp-json\/wp\/v2\/posts\/22816\/revisions"}],"wp:featuredmedia":[{"embeddable":true,"href":"https:\/\/7culture.ci\/index.php\/wp-json\/wp\/v2\/media\/22818"}],"wp:attachment":[{"href":"https:\/\/7culture.ci\/index.php\/wp-json\/wp\/v2\/media?parent=22816"}],"wp:term":[{"taxonomy":"category","embeddable":true,"href":"https:\/\/7culture.ci\/index.php\/wp-json\/wp\/v2\/categories?post=22816"},{"taxonomy":"post_tag","embeddable":true,"href":"https:\/\/7culture.ci\/index.php\/wp-json\/wp\/v2\/tags?post=22816"}],"curies":[{"name":"wp","href":"https:\/\/api.w.org\/{rel}","templated":true}]}}