{"id":22811,"date":"2022-07-28T15:00:05","date_gmt":"2022-07-28T13:00:05","guid":{"rendered":"https:\/\/7culture.ci\/?p=22811"},"modified":"2022-07-28T15:00:09","modified_gmt":"2022-07-28T13:00:09","slug":"justin-stanislas-le-temps-des-hommages","status":"publish","type":"post","link":"https:\/\/7culture.ci\/index.php\/2022\/07\/28\/justin-stanislas-le-temps-des-hommages\/","title":{"rendered":"Justin Stanislas\u00a0: le temps des hommages"},"content":{"rendered":"\n<p>Le doyen des artistes ivoirien a perdu son combat dans la lutte contre la mort le vendredi 1er juillet 2022 dans un h\u00f4pital parisien. Plac\u00e9 en r\u00e9animation, il tentait de s&#8217;accrocher \u00e0 la vie mais le dinosaure de la musique ivoirienne s&#8217;est finalement endormi dans les bras de la mort le vendredi apr\u00e8s-midi. Depuis pr\u00e8s d\u2019un mois, Justin Rabet s\u2019est endormi dans le ventre de la nuit. \u2018\u2019Une sp\u00e9ciale veill\u00e9e d\u2019hommage au Baobab d\u2019or, pr\u00e9sident des crooners\u2019\u2019 est pr\u00e9vue le 5 ao\u00fbt prochain \u00e0 l\u2019Espace Mosa\u00efk de Noisy-Le-Sec en r\u00e9gion \u00cele-de-France. \u00ab&nbsp;<strong><em>Un artiste ne meurt jamais&nbsp;! Vous avez assur\u00e9 de votre vivant. C&#8217;est le moment de vous reposer. Mais avant tout, vous aurez droit \u00e0 un hommage \u00e0 la hauteur de votre art, cher Crooner Justin Stanislas&nbsp;! Tout Paris est plus que mobilis\u00e9 pour vous. En attendant la C\u00f4te d&#8217;Ivoire<\/em><\/strong>&nbsp;\u00bb, a post\u00e9 Elpazo Traor\u00e9 sur Facebook en l\u00e9gende de l\u2019affiche de l\u2019\u00e9v\u00e8nement.<\/p>\n\n\n\n<div class=\"wp-block-image\"><figure class=\"aligncenter size-full is-resized\"><img loading=\"lazy\" decoding=\"async\" src=\"https:\/\/7culture.ci\/wp-content\/uploads\/2022\/07\/Justin-Stanislas-Hommage.jpg\" alt=\"\" class=\"wp-image-22814\" width=\"387\" height=\"509\" srcset=\"https:\/\/7culture.ci\/wp-content\/uploads\/2022\/07\/Justin-Stanislas-Hommage.jpg 729w, https:\/\/7culture.ci\/wp-content\/uploads\/2022\/07\/Justin-Stanislas-Hommage-228x300.jpg 228w\" sizes=\"(max-width: 387px) 100vw, 387px\" \/><\/figure><\/div>\n\n\n\n<p>Outre les prestations artistiques et les interpr\u00e9tations des meilleures chansons de l\u2019illustre disparu, il y aura une vente des CD et DVD de l\u2019ancienne star de la musique ivoirienne.<\/p>\n\n\n\n<p>Par Omar AK<\/p>\n","protected":false},"excerpt":{"rendered":"<p>Le doyen des artistes ivoirien a perdu son combat dans la lutte contre la mort le vendredi 1er juillet 2022 dans un h\u00f4pital parisien. Plac\u00e9 en r\u00e9animation, il tentait de s&#8217;accrocher \u00e0 la vie mais le dinosaure de la musique ivoirienne s&#8217;est finalement endormi dans les bras de la mort le vendredi apr\u00e8s-midi. Depuis pr\u00e8s &hellip;<\/p>\n<p class=\"read-more\"> <a class=\"\" href=\"https:\/\/7culture.ci\/index.php\/2022\/07\/28\/justin-stanislas-le-temps-des-hommages\/\"> <span class=\"screen-reader-text\">Justin Stanislas\u00a0: le temps des hommages<\/span> Lire la suite\u00a0\u00bb<\/a><\/p>\n","protected":false},"author":1,"featured_media":22813,"comment_status":"open","ping_status":"open","sticky":false,"template":"","format":"standard","meta":{"_mi_skip_tracking":false,"_monsterinsights_sitenote_active":false,"_monsterinsights_sitenote_note":"","_monsterinsights_sitenote_category":0,"site-sidebar-layout":"default","site-content-layout":"default","ast-global-header-display":"","ast-main-header-display":"","ast-hfb-above-header-display":"","ast-hfb-below-header-display":"","ast-hfb-mobile-header-display":"","site-post-title":"","ast-breadcrumbs-content":"","ast-featured-img":"","footer-sml-layout":"","theme-transparent-header-meta":"","adv-header-id-meta":"","stick-header-meta":"","header-above-stick-meta":"","header-main-stick-meta":"","header-below-stick-meta":"","footnotes":"","jetpack_publicize_message":"","jetpack_is_tweetstorm":false,"jetpack_publicize_feature_enabled":true},"categories":[22],"tags":[],"jetpack_publicize_connections":[],"acf":[],"aioseo_notices":[],"yoast_head":"<!-- This site is optimized with the Yoast SEO plugin v19.6.1 - https:\/\/yoast.com\/wordpress\/plugins\/seo\/ -->\n<title>Justin Stanislas\u00a0: le temps des hommages -<\/title>\n<meta name=\"robots\" content=\"index, follow, max-snippet:-1, max-image-preview:large, max-video-preview:-1\" \/>\n<link rel=\"canonical\" href=\"https:\/\/7culture.ci\/index.php\/2022\/07\/28\/justin-stanislas-le-temps-des-hommages\/\" \/>\n<meta property=\"og:locale\" content=\"fr_FR\" \/>\n<meta property=\"og:type\" content=\"article\" \/>\n<meta property=\"og:title\" content=\"Justin Stanislas\u00a0: le temps des hommages -\" \/>\n<meta property=\"og:description\" content=\"Le doyen des artistes ivoirien a perdu son combat dans la lutte contre la mort le vendredi 1er juillet 2022 dans un h\u00f4pital parisien. Plac\u00e9 en r\u00e9animation, il tentait de s&#8217;accrocher \u00e0 la vie mais le dinosaure de la musique ivoirienne s&#8217;est finalement endormi dans les bras de la mort le vendredi apr\u00e8s-midi. Depuis pr\u00e8s &hellip; Justin Stanislas\u00a0: le temps des hommages Lire la suite\u00a0\u00bb\" \/>\n<meta property=\"og:url\" content=\"https:\/\/7culture.ci\/index.php\/2022\/07\/28\/justin-stanislas-le-temps-des-hommages\/\" \/>\n<meta property=\"og:site_name\" content=\"7culture\" \/>\n<meta property=\"article:publisher\" content=\"https:\/\/www.facebook.com\/redchefclaude\" \/>\n<meta property=\"article:published_time\" content=\"2022-07-28T13:00:05+00:00\" \/>\n<meta property=\"article:modified_time\" content=\"2022-07-28T13:00:09+00:00\" \/>\n<meta property=\"og:image\" content=\"http:\/\/7culture.ci\/wp-content\/uploads\/2022\/07\/Justin-Stanislas-Hommage1.jpg\" \/>\n\t<meta property=\"og:image:width\" content=\"728\" \/>\n\t<meta property=\"og:image:height\" content=\"491\" \/>\n\t<meta property=\"og:image:type\" content=\"image\/jpeg\" \/>\n<meta name=\"author\" content=\"7culture2020\" \/>\n<meta name=\"twitter:card\" content=\"summary_large_image\" \/>\n<meta name=\"twitter:creator\" content=\"@7culturec\" \/>\n<meta name=\"twitter:site\" content=\"@7culturec\" \/>\n<meta name=\"twitter:label1\" content=\"\u00c9crit par\" \/>\n\t<meta name=\"twitter:data1\" content=\"7culture2020\" \/>\n\t<meta name=\"twitter:label2\" content=\"Dur\u00e9e de lecture estim\u00e9e\" \/>\n\t<meta name=\"twitter:data2\" content=\"2 minutes\" \/>\n<script type=\"application\/ld+json\" class=\"yoast-schema-graph\">{\"@context\":\"https:\/\/schema.org\",\"@graph\":[{\"@type\":\"Article\",\"@id\":\"https:\/\/7culture.ci\/index.php\/2022\/07\/28\/justin-stanislas-le-temps-des-hommages\/#article\",\"isPartOf\":{\"@id\":\"https:\/\/7culture.ci\/index.php\/2022\/07\/28\/justin-stanislas-le-temps-des-hommages\/\"},\"author\":{\"name\":\"7culture2020\",\"@id\":\"https:\/\/7culture.ci\/#\/schema\/person\/16150d28d7ef66ba788c1f87f28c4426\"},\"headline\":\"Justin Stanislas\u00a0: le temps des hommages\",\"datePublished\":\"2022-07-28T13:00:05+00:00\",\"dateModified\":\"2022-07-28T13:00:09+00:00\",\"mainEntityOfPage\":{\"@id\":\"https:\/\/7culture.ci\/index.php\/2022\/07\/28\/justin-stanislas-le-temps-des-hommages\/\"},\"wordCount\":212,\"commentCount\":0,\"publisher\":{\"@id\":\"https:\/\/7culture.ci\/#organization\"},\"articleSection\":[\"Actualit\u00e9\"],\"inLanguage\":\"fr-FR\",\"potentialAction\":[{\"@type\":\"CommentAction\",\"name\":\"Comment\",\"target\":[\"https:\/\/7culture.ci\/index.php\/2022\/07\/28\/justin-stanislas-le-temps-des-hommages\/#respond\"]}]},{\"@type\":\"WebPage\",\"@id\":\"https:\/\/7culture.ci\/index.php\/2022\/07\/28\/justin-stanislas-le-temps-des-hommages\/\",\"url\":\"https:\/\/7culture.ci\/index.php\/2022\/07\/28\/justin-stanislas-le-temps-des-hommages\/\",\"name\":\"Justin Stanislas\u00a0: le temps des hommages -\",\"isPartOf\":{\"@id\":\"https:\/\/7culture.ci\/#website\"},\"datePublished\":\"2022-07-28T13:00:05+00:00\",\"dateModified\":\"2022-07-28T13:00:09+00:00\",\"breadcrumb\":{\"@id\":\"https:\/\/7culture.ci\/index.php\/2022\/07\/28\/justin-stanislas-le-temps-des-hommages\/#breadcrumb\"},\"inLanguage\":\"fr-FR\",\"potentialAction\":[{\"@type\":\"ReadAction\",\"target\":[\"https:\/\/7culture.ci\/index.php\/2022\/07\/28\/justin-stanislas-le-temps-des-hommages\/\"]}]},{\"@type\":\"BreadcrumbList\",\"@id\":\"https:\/\/7culture.ci\/index.php\/2022\/07\/28\/justin-stanislas-le-temps-des-hommages\/#breadcrumb\",\"itemListElement\":[{\"@type\":\"ListItem\",\"position\":1,\"name\":\"Accueil\",\"item\":\"https:\/\/7culture.ci\/\"},{\"@type\":\"ListItem\",\"position\":2,\"name\":\"Justin Stanislas\u00a0: le temps des hommages\"}]},{\"@type\":\"WebSite\",\"@id\":\"https:\/\/7culture.ci\/#website\",\"url\":\"https:\/\/7culture.ci\/\",\"name\":\"7culture\",\"description\":\"Tout sur l&#039;actualit\u00e9\",\"publisher\":{\"@id\":\"https:\/\/7culture.ci\/#organization\"},\"potentialAction\":[{\"@type\":\"SearchAction\",\"target\":{\"@type\":\"EntryPoint\",\"urlTemplate\":\"https:\/\/7culture.ci\/?s={search_term_string}\"},\"query-input\":\"required name=search_term_string\"}],\"inLanguage\":\"fr-FR\"},{\"@type\":\"Organization\",\"@id\":\"https:\/\/7culture.ci\/#organization\",\"name\":\"7culture\",\"url\":\"https:\/\/7culture.ci\/\",\"sameAs\":[\"https:\/\/www.facebook.com\/redchefclaude\",\"https:\/\/twitter.com\/7culturec\"],\"logo\":{\"@type\":\"ImageObject\",\"inLanguage\":\"fr-FR\",\"@id\":\"https:\/\/7culture.ci\/#\/schema\/logo\/image\/\",\"url\":\"https:\/\/7culture.ci\/wp-content\/uploads\/2021\/12\/S1a-1.png\",\"contentUrl\":\"https:\/\/7culture.ci\/wp-content\/uploads\/2021\/12\/S1a-1.png\",\"width\":588,\"height\":192,\"caption\":\"7culture\"},\"image\":{\"@id\":\"https:\/\/7culture.ci\/#\/schema\/logo\/image\/\"}},{\"@type\":\"Person\",\"@id\":\"https:\/\/7culture.ci\/#\/schema\/person\/16150d28d7ef66ba788c1f87f28c4426\",\"name\":\"7culture2020\",\"image\":{\"@type\":\"ImageObject\",\"inLanguage\":\"fr-FR\",\"@id\":\"https:\/\/7culture.ci\/#\/schema\/person\/image\/\",\"url\":\"https:\/\/secure.gravatar.com\/avatar\/9a0784f951306c37bcd065f52844ef95?s=96&d=mm&r=g\",\"contentUrl\":\"https:\/\/secure.gravatar.com\/avatar\/9a0784f951306c37bcd065f52844ef95?s=96&d=mm&r=g\",\"caption\":\"7culture2020\"},\"sameAs\":[\"http:\/\/7culture.ci\",\"Claude.kipre\"],\"url\":\"https:\/\/7culture.ci\/index.php\/author\/7culture2020\/\"}]}<\/script>\n<!-- \/ Yoast SEO plugin. -->","yoast_head_json":{"title":"Justin Stanislas\u00a0: le temps des hommages -","robots":{"index":"index","follow":"follow","max-snippet":"max-snippet:-1","max-image-preview":"max-image-preview:large","max-video-preview":"max-video-preview:-1"},"canonical":"https:\/\/7culture.ci\/index.php\/2022\/07\/28\/justin-stanislas-le-temps-des-hommages\/","og_locale":"fr_FR","og_type":"article","og_title":"Justin Stanislas\u00a0: le temps des hommages -","og_description":"Le doyen des artistes ivoirien a perdu son combat dans la lutte contre la mort le vendredi 1er juillet 2022 dans un h\u00f4pital parisien. Plac\u00e9 en r\u00e9animation, il tentait de s&#8217;accrocher \u00e0 la vie mais le dinosaure de la musique ivoirienne s&#8217;est finalement endormi dans les bras de la mort le vendredi apr\u00e8s-midi. Depuis pr\u00e8s &hellip; Justin Stanislas\u00a0: le temps des hommages Lire la suite\u00a0\u00bb","og_url":"https:\/\/7culture.ci\/index.php\/2022\/07\/28\/justin-stanislas-le-temps-des-hommages\/","og_site_name":"7culture","article_publisher":"https:\/\/www.facebook.com\/redchefclaude","article_published_time":"2022-07-28T13:00:05+00:00","article_modified_time":"2022-07-28T13:00:09+00:00","og_image":[{"width":728,"height":491,"url":"http:\/\/7culture.ci\/wp-content\/uploads\/2022\/07\/Justin-Stanislas-Hommage1.jpg","type":"image\/jpeg"}],"author":"7culture2020","twitter_card":"summary_large_image","twitter_creator":"@7culturec","twitter_site":"@7culturec","twitter_misc":{"\u00c9crit par":"7culture2020","Dur\u00e9e de lecture estim\u00e9e":"2 minutes"},"schema":{"@context":"https:\/\/schema.org","@graph":[{"@type":"Article","@id":"https:\/\/7culture.ci\/index.php\/2022\/07\/28\/justin-stanislas-le-temps-des-hommages\/#article","isPartOf":{"@id":"https:\/\/7culture.ci\/index.php\/2022\/07\/28\/justin-stanislas-le-temps-des-hommages\/"},"author":{"name":"7culture2020","@id":"https:\/\/7culture.ci\/#\/schema\/person\/16150d28d7ef66ba788c1f87f28c4426"},"headline":"Justin Stanislas\u00a0: le temps des hommages","datePublished":"2022-07-28T13:00:05+00:00","dateModified":"2022-07-28T13:00:09+00:00","mainEntityOfPage":{"@id":"https:\/\/7culture.ci\/index.php\/2022\/07\/28\/justin-stanislas-le-temps-des-hommages\/"},"wordCount":212,"commentCount":0,"publisher":{"@id":"https:\/\/7culture.ci\/#organization"},"articleSection":["Actualit\u00e9"],"inLanguage":"fr-FR","potentialAction":[{"@type":"CommentAction","name":"Comment","target":["https:\/\/7culture.ci\/index.php\/2022\/07\/28\/justin-stanislas-le-temps-des-hommages\/#respond"]}]},{"@type":"WebPage","@id":"https:\/\/7culture.ci\/index.php\/2022\/07\/28\/justin-stanislas-le-temps-des-hommages\/","url":"https:\/\/7culture.ci\/index.php\/2022\/07\/28\/justin-stanislas-le-temps-des-hommages\/","name":"Justin Stanislas\u00a0: le temps des hommages -","isPartOf":{"@id":"https:\/\/7culture.ci\/#website"},"datePublished":"2022-07-28T13:00:05+00:00","dateModified":"2022-07-28T13:00:09+00:00","breadcrumb":{"@id":"https:\/\/7culture.ci\/index.php\/2022\/07\/28\/justin-stanislas-le-temps-des-hommages\/#breadcrumb"},"inLanguage":"fr-FR","potentialAction":[{"@type":"ReadAction","target":["https:\/\/7culture.ci\/index.php\/2022\/07\/28\/justin-stanislas-le-temps-des-hommages\/"]}]},{"@type":"BreadcrumbList","@id":"https:\/\/7culture.ci\/index.php\/2022\/07\/28\/justin-stanislas-le-temps-des-hommages\/#breadcrumb","itemListElement":[{"@type":"ListItem","position":1,"name":"Accueil","item":"https:\/\/7culture.ci\/"},{"@type":"ListItem","position":2,"name":"Justin Stanislas\u00a0: le temps des hommages"}]},{"@type":"WebSite","@id":"https:\/\/7culture.ci\/#website","url":"https:\/\/7culture.ci\/","name":"7culture","description":"Tout sur l&#039;actualit\u00e9","publisher":{"@id":"https:\/\/7culture.ci\/#organization"},"potentialAction":[{"@type":"SearchAction","target":{"@type":"EntryPoint","urlTemplate":"https:\/\/7culture.ci\/?s={search_term_string}"},"query-input":"required name=search_term_string"}],"inLanguage":"fr-FR"},{"@type":"Organization","@id":"https:\/\/7culture.ci\/#organization","name":"7culture","url":"https:\/\/7culture.ci\/","sameAs":["https:\/\/www.facebook.com\/redchefclaude","https:\/\/twitter.com\/7culturec"],"logo":{"@type":"ImageObject","inLanguage":"fr-FR","@id":"https:\/\/7culture.ci\/#\/schema\/logo\/image\/","url":"https:\/\/7culture.ci\/wp-content\/uploads\/2021\/12\/S1a-1.png","contentUrl":"https:\/\/7culture.ci\/wp-content\/uploads\/2021\/12\/S1a-1.png","width":588,"height":192,"caption":"7culture"},"image":{"@id":"https:\/\/7culture.ci\/#\/schema\/logo\/image\/"}},{"@type":"Person","@id":"https:\/\/7culture.ci\/#\/schema\/person\/16150d28d7ef66ba788c1f87f28c4426","name":"7culture2020","image":{"@type":"ImageObject","inLanguage":"fr-FR","@id":"https:\/\/7culture.ci\/#\/schema\/person\/image\/","url":"https:\/\/secure.gravatar.com\/avatar\/9a0784f951306c37bcd065f52844ef95?s=96&d=mm&r=g","contentUrl":"https:\/\/secure.gravatar.com\/avatar\/9a0784f951306c37bcd065f52844ef95?s=96&d=mm&r=g","caption":"7culture2020"},"sameAs":["http:\/\/7culture.ci","Claude.kipre"],"url":"https:\/\/7culture.ci\/index.php\/author\/7culture2020\/"}]}},"jetpack_featured_media_url":"https:\/\/7culture.ci\/wp-content\/uploads\/2022\/07\/Justin-Stanislas-Hommage1.jpg","jetpack_likes_enabled":true,"jetpack_sharing_enabled":true,"_links":{"self":[{"href":"https:\/\/7culture.ci\/index.php\/wp-json\/wp\/v2\/posts\/22811"}],"collection":[{"href":"https:\/\/7culture.ci\/index.php\/wp-json\/wp\/v2\/posts"}],"about":[{"href":"https:\/\/7culture.ci\/index.php\/wp-json\/wp\/v2\/types\/post"}],"author":[{"embeddable":true,"href":"https:\/\/7culture.ci\/index.php\/wp-json\/wp\/v2\/users\/1"}],"replies":[{"embeddable":true,"href":"https:\/\/7culture.ci\/index.php\/wp-json\/wp\/v2\/comments?post=22811"}],"version-history":[{"count":0,"href":"https:\/\/7culture.ci\/index.php\/wp-json\/wp\/v2\/posts\/22811\/revisions"}],"wp:featuredmedia":[{"embeddable":true,"href":"https:\/\/7culture.ci\/index.php\/wp-json\/wp\/v2\/media\/22813"}],"wp:attachment":[{"href":"https:\/\/7culture.ci\/index.php\/wp-json\/wp\/v2\/media?parent=22811"}],"wp:term":[{"taxonomy":"category","embeddable":true,"href":"https:\/\/7culture.ci\/index.php\/wp-json\/wp\/v2\/categories?post=22811"},{"taxonomy":"post_tag","embeddable":true,"href":"https:\/\/7culture.ci\/index.php\/wp-json\/wp\/v2\/tags?post=22811"}],"curies":[{"name":"wp","href":"https:\/\/api.w.org\/{rel}","templated":true}]}}