{"id":22802,"date":"2022-07-28T14:35:02","date_gmt":"2022-07-28T12:35:02","guid":{"rendered":"https:\/\/7culture.ci\/?p=22802"},"modified":"2022-07-28T14:35:05","modified_gmt":"2022-07-28T12:35:05","slug":"festival-we-de-marcory-rendez-vous-les-12-13-et-14-aout-2022","status":"publish","type":"post","link":"https:\/\/7culture.ci\/index.php\/2022\/07\/28\/festival-we-de-marcory-rendez-vous-les-12-13-et-14-aout-2022\/","title":{"rendered":"Festival W\u00ea de Marcory\u00a0: rendez-vous les 12, 13 et 14 ao\u00fbt 2022"},"content":{"rendered":"\n<p>C\u2019est officiel. Les dates du prochain festival W\u00ea de Marcory (Festiwem) sont d\u00e9sormais connues. Ce sera du 12 au 14 ao\u00fbt 2022 au Stade Raphael Konan de Marcory-SICOGI. C\u2019est au cours d\u2019une conf\u00e9rence de presse anim\u00e9e le mercredi 27 juillet au Foyer des Jeunes de la commune chic qu\u2019Olivier Yro, le commissaire g\u00e9n\u00e9ral, a donn\u00e9 les grandes articulations &nbsp;de cet \u00e9v\u00e9nement.<\/p>\n\n\n\n<p>Selon le journaliste Olivier Yro, le Festiwem c\u00e9l\u00e8bre la culture W\u00ea dans son ensemble. Le programme de la 2<sup>e<\/sup> \u00e9dition est tr\u00e8s riche et vari\u00e9. On aura des expositions pour montrer tout ce qui est richesses de l\u2019ouest montagneux de la C\u00f4te d\u2019Ivoire. Il y aura \u00e9galement un espace maquis avec buvette et restaurants. Sans oublier qu\u2019un podium est dress\u00e9 et que chaque soir, il s\u2019y tiendra un concert avec les artistes de la r\u00e9gion mais aussi ceux en vogue des autres localit\u00e9s du pays. Pendant les trois jours du festival, les masques W\u00ea seront \u00e9galement de sortie. Peuple conservateur, le v\u00eatement repr\u00e9sente un symbole fort chez les W\u00ea. Au Festiwem 2022, le chapitre vestimentaire sera d\u00e9velopp\u00e9 par la cr\u00e9atrice Ouli Pat au cours d\u2019un d\u00e9fil\u00e9 de mode qui mettra en relief l\u2019\u00e9toffe locale. La laur\u00e9ate du premier Prix Edition Limit\u00e9e de l\u2019Organisation internationale de la francophonie (OIF) en 2014, est la sp\u00e9cialiste de la confection des tenues W\u00ea et promotrice du festival Yorod\u00e9h\u00e9.<\/p>\n\n\n\n<figure class=\"wp-block-image size-full\"><img loading=\"lazy\" decoding=\"async\" width=\"526\" height=\"498\" src=\"https:\/\/7culture.ci\/wp-content\/uploads\/2022\/07\/Olivier2.jpg\" alt=\"\" class=\"wp-image-22804\" srcset=\"https:\/\/7culture.ci\/wp-content\/uploads\/2022\/07\/Olivier2.jpg 526w, https:\/\/7culture.ci\/wp-content\/uploads\/2022\/07\/Olivier2-300x284.jpg 300w\" sizes=\"(max-width: 526px) 100vw, 526px\" \/><\/figure>\n\n\n\n<p>A c\u00f4t\u00e9 des festivit\u00e9s populaires et de masse de l\u2019\u00e9v\u00e9nement, le festival W\u00ea de Marcory 2022, ouvrira une page importante \u00e0 la didactique. De nombreux panels seront anim\u00e9s par des intellectuels pour conna\u00eetre un peu plus le peuple et la culture W\u00ea. Dr Alain Tailly donnera son point de vue sur &#8220;La c\u00e9l\u00e9bration du centenaire en pays W\u00ea&#8221;. \u2018\u2019La musicalit\u00e9 et la musicologie W\u00ea&#8221; fera l\u2019objet d\u2019une communication que prononcera Dr Hien Si\u00e9. En plus, il y aura \u00ab <strong><em>l&#8217;atelier des artisans qui seront en grand nombre pour initier les enfants aux m\u00e9tiers de l&#8217;artisanat<\/em><\/strong>&nbsp;\u00bb, selon l\u2019organisation.<\/p>\n\n\n\n<figure class=\"wp-block-gallery has-nested-images columns-default is-cropped wp-block-gallery-1 is-layout-flex wp-block-gallery-is-layout-flex\">\n<figure class=\"wp-block-image size-large\"><img loading=\"lazy\" decoding=\"async\" width=\"720\" height=\"360\" data-id=\"22807\" src=\"https:\/\/7culture.ci\/wp-content\/uploads\/2022\/07\/WhatsApp-Image-2022-07-28-at-12.16.32.jpeg\" alt=\"\" class=\"wp-image-22807\" srcset=\"https:\/\/7culture.ci\/wp-content\/uploads\/2022\/07\/WhatsApp-Image-2022-07-28-at-12.16.32.jpeg 720w, https:\/\/7culture.ci\/wp-content\/uploads\/2022\/07\/WhatsApp-Image-2022-07-28-at-12.16.32-300x150.jpeg 300w\" sizes=\"(max-width: 720px) 100vw, 720px\" \/><\/figure>\n\n\n\n<figure class=\"wp-block-image size-large\"><img loading=\"lazy\" decoding=\"async\" width=\"1024\" height=\"1024\" data-id=\"22808\" src=\"https:\/\/7culture.ci\/wp-content\/uploads\/2022\/07\/WhatsApp-Image-2022-07-28-at-12.20.25-1-1-1024x1024.jpeg\" alt=\"\" class=\"wp-image-22808\" srcset=\"https:\/\/7culture.ci\/wp-content\/uploads\/2022\/07\/WhatsApp-Image-2022-07-28-at-12.20.25-1-1-1024x1024.jpeg 1024w, https:\/\/7culture.ci\/wp-content\/uploads\/2022\/07\/WhatsApp-Image-2022-07-28-at-12.20.25-1-1-300x300.jpeg 300w, https:\/\/7culture.ci\/wp-content\/uploads\/2022\/07\/WhatsApp-Image-2022-07-28-at-12.20.25-1-1-150x150.jpeg 150w, https:\/\/7culture.ci\/wp-content\/uploads\/2022\/07\/WhatsApp-Image-2022-07-28-at-12.20.25-1-1-768x768.jpeg 768w, https:\/\/7culture.ci\/wp-content\/uploads\/2022\/07\/WhatsApp-Image-2022-07-28-at-12.20.25-1-1.jpeg 1080w\" sizes=\"(max-width: 1024px) 100vw, 1024px\" \/><\/figure>\n<\/figure>\n\n\n\n<p>Par Omar AK<\/p>\n","protected":false},"excerpt":{"rendered":"<p>C\u2019est officiel. Les dates du prochain festival W\u00ea de Marcory (Festiwem) sont d\u00e9sormais connues. Ce sera du 12 au 14 ao\u00fbt 2022 au Stade Raphael Konan de Marcory-SICOGI. C\u2019est au cours d\u2019une conf\u00e9rence de presse anim\u00e9e le mercredi 27 juillet au Foyer des Jeunes de la commune chic qu\u2019Olivier Yro, le commissaire g\u00e9n\u00e9ral, a donn\u00e9 &hellip;<\/p>\n<p class=\"read-more\"> <a class=\"\" href=\"https:\/\/7culture.ci\/index.php\/2022\/07\/28\/festival-we-de-marcory-rendez-vous-les-12-13-et-14-aout-2022\/\"> <span class=\"screen-reader-text\">Festival W\u00ea de Marcory\u00a0: rendez-vous les 12, 13 et 14 ao\u00fbt 2022<\/span> Lire la suite\u00a0\u00bb<\/a><\/p>\n","protected":false},"author":1,"featured_media":22803,"comment_status":"open","ping_status":"open","sticky":false,"template":"","format":"standard","meta":{"_mi_skip_tracking":false,"_monsterinsights_sitenote_active":false,"_monsterinsights_sitenote_note":"","_monsterinsights_sitenote_category":0,"site-sidebar-layout":"default","site-content-layout":"default","ast-global-header-display":"","ast-main-header-display":"","ast-hfb-above-header-display":"","ast-hfb-below-header-display":"","ast-hfb-mobile-header-display":"","site-post-title":"","ast-breadcrumbs-content":"","ast-featured-img":"","footer-sml-layout":"","theme-transparent-header-meta":"","adv-header-id-meta":"","stick-header-meta":"","header-above-stick-meta":"","header-main-stick-meta":"","header-below-stick-meta":"","footnotes":"","jetpack_publicize_message":"","jetpack_is_tweetstorm":false,"jetpack_publicize_feature_enabled":true},"categories":[22],"tags":[],"jetpack_publicize_connections":[],"acf":[],"aioseo_notices":[],"yoast_head":"<!-- This site is optimized with the Yoast SEO plugin v19.6.1 - https:\/\/yoast.com\/wordpress\/plugins\/seo\/ -->\n<title>Festival W\u00ea de Marcory\u00a0: rendez-vous les 12, 13 et 14 ao\u00fbt 2022 -<\/title>\n<meta name=\"robots\" content=\"index, follow, max-snippet:-1, max-image-preview:large, max-video-preview:-1\" \/>\n<link rel=\"canonical\" href=\"https:\/\/7culture.ci\/index.php\/2022\/07\/28\/festival-we-de-marcory-rendez-vous-les-12-13-et-14-aout-2022\/\" \/>\n<meta property=\"og:locale\" content=\"fr_FR\" \/>\n<meta property=\"og:type\" content=\"article\" \/>\n<meta property=\"og:title\" content=\"Festival W\u00ea de Marcory\u00a0: rendez-vous les 12, 13 et 14 ao\u00fbt 2022 -\" \/>\n<meta property=\"og:description\" content=\"C\u2019est officiel. Les dates du prochain festival W\u00ea de Marcory (Festiwem) sont d\u00e9sormais connues. Ce sera du 12 au 14 ao\u00fbt 2022 au Stade Raphael Konan de Marcory-SICOGI. C\u2019est au cours d\u2019une conf\u00e9rence de presse anim\u00e9e le mercredi 27 juillet au Foyer des Jeunes de la commune chic qu\u2019Olivier Yro, le commissaire g\u00e9n\u00e9ral, a donn\u00e9 &hellip; Festival W\u00ea de Marcory\u00a0: rendez-vous les 12, 13 et 14 ao\u00fbt 2022 Lire la suite\u00a0\u00bb\" \/>\n<meta property=\"og:url\" content=\"https:\/\/7culture.ci\/index.php\/2022\/07\/28\/festival-we-de-marcory-rendez-vous-les-12-13-et-14-aout-2022\/\" \/>\n<meta property=\"og:site_name\" content=\"7culture\" \/>\n<meta property=\"article:publisher\" content=\"https:\/\/www.facebook.com\/redchefclaude\" \/>\n<meta property=\"article:published_time\" content=\"2022-07-28T12:35:02+00:00\" \/>\n<meta property=\"article:modified_time\" content=\"2022-07-28T12:35:05+00:00\" \/>\n<meta property=\"og:image\" content=\"http:\/\/7culture.ci\/wp-content\/uploads\/2022\/07\/Olivier3.jpg.jpeg\" \/>\n\t<meta property=\"og:image:width\" content=\"450\" \/>\n\t<meta property=\"og:image:height\" content=\"450\" \/>\n\t<meta property=\"og:image:type\" content=\"image\/jpeg\" \/>\n<meta name=\"author\" content=\"7culture2020\" \/>\n<meta name=\"twitter:card\" content=\"summary_large_image\" \/>\n<meta name=\"twitter:creator\" content=\"@7culturec\" \/>\n<meta name=\"twitter:site\" content=\"@7culturec\" \/>\n<meta name=\"twitter:label1\" content=\"\u00c9crit par\" \/>\n\t<meta name=\"twitter:data1\" content=\"7culture2020\" \/>\n\t<meta name=\"twitter:label2\" content=\"Dur\u00e9e de lecture estim\u00e9e\" \/>\n\t<meta name=\"twitter:data2\" content=\"3 minutes\" \/>\n<script type=\"application\/ld+json\" class=\"yoast-schema-graph\">{\"@context\":\"https:\/\/schema.org\",\"@graph\":[{\"@type\":\"Article\",\"@id\":\"https:\/\/7culture.ci\/index.php\/2022\/07\/28\/festival-we-de-marcory-rendez-vous-les-12-13-et-14-aout-2022\/#article\",\"isPartOf\":{\"@id\":\"https:\/\/7culture.ci\/index.php\/2022\/07\/28\/festival-we-de-marcory-rendez-vous-les-12-13-et-14-aout-2022\/\"},\"author\":{\"name\":\"7culture2020\",\"@id\":\"https:\/\/7culture.ci\/#\/schema\/person\/16150d28d7ef66ba788c1f87f28c4426\"},\"headline\":\"Festival W\u00ea de Marcory\u00a0: rendez-vous les 12, 13 et 14 ao\u00fbt 2022\",\"datePublished\":\"2022-07-28T12:35:02+00:00\",\"dateModified\":\"2022-07-28T12:35:05+00:00\",\"mainEntityOfPage\":{\"@id\":\"https:\/\/7culture.ci\/index.php\/2022\/07\/28\/festival-we-de-marcory-rendez-vous-les-12-13-et-14-aout-2022\/\"},\"wordCount\":372,\"commentCount\":0,\"publisher\":{\"@id\":\"https:\/\/7culture.ci\/#organization\"},\"articleSection\":[\"Actualit\u00e9\"],\"inLanguage\":\"fr-FR\",\"potentialAction\":[{\"@type\":\"CommentAction\",\"name\":\"Comment\",\"target\":[\"https:\/\/7culture.ci\/index.php\/2022\/07\/28\/festival-we-de-marcory-rendez-vous-les-12-13-et-14-aout-2022\/#respond\"]}]},{\"@type\":\"WebPage\",\"@id\":\"https:\/\/7culture.ci\/index.php\/2022\/07\/28\/festival-we-de-marcory-rendez-vous-les-12-13-et-14-aout-2022\/\",\"url\":\"https:\/\/7culture.ci\/index.php\/2022\/07\/28\/festival-we-de-marcory-rendez-vous-les-12-13-et-14-aout-2022\/\",\"name\":\"Festival W\u00ea de Marcory\u00a0: rendez-vous les 12, 13 et 14 ao\u00fbt 2022 -\",\"isPartOf\":{\"@id\":\"https:\/\/7culture.ci\/#website\"},\"datePublished\":\"2022-07-28T12:35:02+00:00\",\"dateModified\":\"2022-07-28T12:35:05+00:00\",\"breadcrumb\":{\"@id\":\"https:\/\/7culture.ci\/index.php\/2022\/07\/28\/festival-we-de-marcory-rendez-vous-les-12-13-et-14-aout-2022\/#breadcrumb\"},\"inLanguage\":\"fr-FR\",\"potentialAction\":[{\"@type\":\"ReadAction\",\"target\":[\"https:\/\/7culture.ci\/index.php\/2022\/07\/28\/festival-we-de-marcory-rendez-vous-les-12-13-et-14-aout-2022\/\"]}]},{\"@type\":\"BreadcrumbList\",\"@id\":\"https:\/\/7culture.ci\/index.php\/2022\/07\/28\/festival-we-de-marcory-rendez-vous-les-12-13-et-14-aout-2022\/#breadcrumb\",\"itemListElement\":[{\"@type\":\"ListItem\",\"position\":1,\"name\":\"Accueil\",\"item\":\"https:\/\/7culture.ci\/\"},{\"@type\":\"ListItem\",\"position\":2,\"name\":\"Festival W\u00ea de Marcory\u00a0: rendez-vous les 12, 13 et 14 ao\u00fbt 2022\"}]},{\"@type\":\"WebSite\",\"@id\":\"https:\/\/7culture.ci\/#website\",\"url\":\"https:\/\/7culture.ci\/\",\"name\":\"7culture\",\"description\":\"Tout sur l&#039;actualit\u00e9\",\"publisher\":{\"@id\":\"https:\/\/7culture.ci\/#organization\"},\"potentialAction\":[{\"@type\":\"SearchAction\",\"target\":{\"@type\":\"EntryPoint\",\"urlTemplate\":\"https:\/\/7culture.ci\/?s={search_term_string}\"},\"query-input\":\"required name=search_term_string\"}],\"inLanguage\":\"fr-FR\"},{\"@type\":\"Organization\",\"@id\":\"https:\/\/7culture.ci\/#organization\",\"name\":\"7culture\",\"url\":\"https:\/\/7culture.ci\/\",\"sameAs\":[\"https:\/\/www.facebook.com\/redchefclaude\",\"https:\/\/twitter.com\/7culturec\"],\"logo\":{\"@type\":\"ImageObject\",\"inLanguage\":\"fr-FR\",\"@id\":\"https:\/\/7culture.ci\/#\/schema\/logo\/image\/\",\"url\":\"https:\/\/7culture.ci\/wp-content\/uploads\/2021\/12\/S1a-1.png\",\"contentUrl\":\"https:\/\/7culture.ci\/wp-content\/uploads\/2021\/12\/S1a-1.png\",\"width\":588,\"height\":192,\"caption\":\"7culture\"},\"image\":{\"@id\":\"https:\/\/7culture.ci\/#\/schema\/logo\/image\/\"}},{\"@type\":\"Person\",\"@id\":\"https:\/\/7culture.ci\/#\/schema\/person\/16150d28d7ef66ba788c1f87f28c4426\",\"name\":\"7culture2020\",\"image\":{\"@type\":\"ImageObject\",\"inLanguage\":\"fr-FR\",\"@id\":\"https:\/\/7culture.ci\/#\/schema\/person\/image\/\",\"url\":\"https:\/\/secure.gravatar.com\/avatar\/9a0784f951306c37bcd065f52844ef95?s=96&d=mm&r=g\",\"contentUrl\":\"https:\/\/secure.gravatar.com\/avatar\/9a0784f951306c37bcd065f52844ef95?s=96&d=mm&r=g\",\"caption\":\"7culture2020\"},\"sameAs\":[\"http:\/\/7culture.ci\",\"Claude.kipre\"],\"url\":\"https:\/\/7culture.ci\/index.php\/author\/7culture2020\/\"}]}<\/script>\n<!-- \/ Yoast SEO plugin. -->","yoast_head_json":{"title":"Festival W\u00ea de Marcory\u00a0: rendez-vous les 12, 13 et 14 ao\u00fbt 2022 -","robots":{"index":"index","follow":"follow","max-snippet":"max-snippet:-1","max-image-preview":"max-image-preview:large","max-video-preview":"max-video-preview:-1"},"canonical":"https:\/\/7culture.ci\/index.php\/2022\/07\/28\/festival-we-de-marcory-rendez-vous-les-12-13-et-14-aout-2022\/","og_locale":"fr_FR","og_type":"article","og_title":"Festival W\u00ea de Marcory\u00a0: rendez-vous les 12, 13 et 14 ao\u00fbt 2022 -","og_description":"C\u2019est officiel. Les dates du prochain festival W\u00ea de Marcory (Festiwem) sont d\u00e9sormais connues. Ce sera du 12 au 14 ao\u00fbt 2022 au Stade Raphael Konan de Marcory-SICOGI. C\u2019est au cours d\u2019une conf\u00e9rence de presse anim\u00e9e le mercredi 27 juillet au Foyer des Jeunes de la commune chic qu\u2019Olivier Yro, le commissaire g\u00e9n\u00e9ral, a donn\u00e9 &hellip; Festival W\u00ea de Marcory\u00a0: rendez-vous les 12, 13 et 14 ao\u00fbt 2022 Lire la suite\u00a0\u00bb","og_url":"https:\/\/7culture.ci\/index.php\/2022\/07\/28\/festival-we-de-marcory-rendez-vous-les-12-13-et-14-aout-2022\/","og_site_name":"7culture","article_publisher":"https:\/\/www.facebook.com\/redchefclaude","article_published_time":"2022-07-28T12:35:02+00:00","article_modified_time":"2022-07-28T12:35:05+00:00","og_image":[{"width":450,"height":450,"url":"http:\/\/7culture.ci\/wp-content\/uploads\/2022\/07\/Olivier3.jpg.jpeg","type":"image\/jpeg"}],"author":"7culture2020","twitter_card":"summary_large_image","twitter_creator":"@7culturec","twitter_site":"@7culturec","twitter_misc":{"\u00c9crit par":"7culture2020","Dur\u00e9e de lecture estim\u00e9e":"3 minutes"},"schema":{"@context":"https:\/\/schema.org","@graph":[{"@type":"Article","@id":"https:\/\/7culture.ci\/index.php\/2022\/07\/28\/festival-we-de-marcory-rendez-vous-les-12-13-et-14-aout-2022\/#article","isPartOf":{"@id":"https:\/\/7culture.ci\/index.php\/2022\/07\/28\/festival-we-de-marcory-rendez-vous-les-12-13-et-14-aout-2022\/"},"author":{"name":"7culture2020","@id":"https:\/\/7culture.ci\/#\/schema\/person\/16150d28d7ef66ba788c1f87f28c4426"},"headline":"Festival W\u00ea de Marcory\u00a0: rendez-vous les 12, 13 et 14 ao\u00fbt 2022","datePublished":"2022-07-28T12:35:02+00:00","dateModified":"2022-07-28T12:35:05+00:00","mainEntityOfPage":{"@id":"https:\/\/7culture.ci\/index.php\/2022\/07\/28\/festival-we-de-marcory-rendez-vous-les-12-13-et-14-aout-2022\/"},"wordCount":372,"commentCount":0,"publisher":{"@id":"https:\/\/7culture.ci\/#organization"},"articleSection":["Actualit\u00e9"],"inLanguage":"fr-FR","potentialAction":[{"@type":"CommentAction","name":"Comment","target":["https:\/\/7culture.ci\/index.php\/2022\/07\/28\/festival-we-de-marcory-rendez-vous-les-12-13-et-14-aout-2022\/#respond"]}]},{"@type":"WebPage","@id":"https:\/\/7culture.ci\/index.php\/2022\/07\/28\/festival-we-de-marcory-rendez-vous-les-12-13-et-14-aout-2022\/","url":"https:\/\/7culture.ci\/index.php\/2022\/07\/28\/festival-we-de-marcory-rendez-vous-les-12-13-et-14-aout-2022\/","name":"Festival W\u00ea de Marcory\u00a0: rendez-vous les 12, 13 et 14 ao\u00fbt 2022 -","isPartOf":{"@id":"https:\/\/7culture.ci\/#website"},"datePublished":"2022-07-28T12:35:02+00:00","dateModified":"2022-07-28T12:35:05+00:00","breadcrumb":{"@id":"https:\/\/7culture.ci\/index.php\/2022\/07\/28\/festival-we-de-marcory-rendez-vous-les-12-13-et-14-aout-2022\/#breadcrumb"},"inLanguage":"fr-FR","potentialAction":[{"@type":"ReadAction","target":["https:\/\/7culture.ci\/index.php\/2022\/07\/28\/festival-we-de-marcory-rendez-vous-les-12-13-et-14-aout-2022\/"]}]},{"@type":"BreadcrumbList","@id":"https:\/\/7culture.ci\/index.php\/2022\/07\/28\/festival-we-de-marcory-rendez-vous-les-12-13-et-14-aout-2022\/#breadcrumb","itemListElement":[{"@type":"ListItem","position":1,"name":"Accueil","item":"https:\/\/7culture.ci\/"},{"@type":"ListItem","position":2,"name":"Festival W\u00ea de Marcory\u00a0: rendez-vous les 12, 13 et 14 ao\u00fbt 2022"}]},{"@type":"WebSite","@id":"https:\/\/7culture.ci\/#website","url":"https:\/\/7culture.ci\/","name":"7culture","description":"Tout sur l&#039;actualit\u00e9","publisher":{"@id":"https:\/\/7culture.ci\/#organization"},"potentialAction":[{"@type":"SearchAction","target":{"@type":"EntryPoint","urlTemplate":"https:\/\/7culture.ci\/?s={search_term_string}"},"query-input":"required name=search_term_string"}],"inLanguage":"fr-FR"},{"@type":"Organization","@id":"https:\/\/7culture.ci\/#organization","name":"7culture","url":"https:\/\/7culture.ci\/","sameAs":["https:\/\/www.facebook.com\/redchefclaude","https:\/\/twitter.com\/7culturec"],"logo":{"@type":"ImageObject","inLanguage":"fr-FR","@id":"https:\/\/7culture.ci\/#\/schema\/logo\/image\/","url":"https:\/\/7culture.ci\/wp-content\/uploads\/2021\/12\/S1a-1.png","contentUrl":"https:\/\/7culture.ci\/wp-content\/uploads\/2021\/12\/S1a-1.png","width":588,"height":192,"caption":"7culture"},"image":{"@id":"https:\/\/7culture.ci\/#\/schema\/logo\/image\/"}},{"@type":"Person","@id":"https:\/\/7culture.ci\/#\/schema\/person\/16150d28d7ef66ba788c1f87f28c4426","name":"7culture2020","image":{"@type":"ImageObject","inLanguage":"fr-FR","@id":"https:\/\/7culture.ci\/#\/schema\/person\/image\/","url":"https:\/\/secure.gravatar.com\/avatar\/9a0784f951306c37bcd065f52844ef95?s=96&d=mm&r=g","contentUrl":"https:\/\/secure.gravatar.com\/avatar\/9a0784f951306c37bcd065f52844ef95?s=96&d=mm&r=g","caption":"7culture2020"},"sameAs":["http:\/\/7culture.ci","Claude.kipre"],"url":"https:\/\/7culture.ci\/index.php\/author\/7culture2020\/"}]}},"jetpack_featured_media_url":"https:\/\/7culture.ci\/wp-content\/uploads\/2022\/07\/Olivier3.jpg.jpeg","jetpack_likes_enabled":true,"jetpack_sharing_enabled":true,"_links":{"self":[{"href":"https:\/\/7culture.ci\/index.php\/wp-json\/wp\/v2\/posts\/22802"}],"collection":[{"href":"https:\/\/7culture.ci\/index.php\/wp-json\/wp\/v2\/posts"}],"about":[{"href":"https:\/\/7culture.ci\/index.php\/wp-json\/wp\/v2\/types\/post"}],"author":[{"embeddable":true,"href":"https:\/\/7culture.ci\/index.php\/wp-json\/wp\/v2\/users\/1"}],"replies":[{"embeddable":true,"href":"https:\/\/7culture.ci\/index.php\/wp-json\/wp\/v2\/comments?post=22802"}],"version-history":[{"count":0,"href":"https:\/\/7culture.ci\/index.php\/wp-json\/wp\/v2\/posts\/22802\/revisions"}],"wp:featuredmedia":[{"embeddable":true,"href":"https:\/\/7culture.ci\/index.php\/wp-json\/wp\/v2\/media\/22803"}],"wp:attachment":[{"href":"https:\/\/7culture.ci\/index.php\/wp-json\/wp\/v2\/media?parent=22802"}],"wp:term":[{"taxonomy":"category","embeddable":true,"href":"https:\/\/7culture.ci\/index.php\/wp-json\/wp\/v2\/categories?post=22802"},{"taxonomy":"post_tag","embeddable":true,"href":"https:\/\/7culture.ci\/index.php\/wp-json\/wp\/v2\/tags?post=22802"}],"curies":[{"name":"wp","href":"https:\/\/api.w.org\/{rel}","templated":true}]}}