{"id":22790,"date":"2022-07-27T16:22:11","date_gmt":"2022-07-27T14:22:11","guid":{"rendered":"https:\/\/7culture.ci\/?p=22790"},"modified":"2022-07-27T16:22:14","modified_gmt":"2022-07-27T14:22:14","slug":"concours-genies-litteraires-2022-la-finale-ce-30-juillet","status":"publish","type":"post","link":"https:\/\/7culture.ci\/index.php\/2022\/07\/27\/concours-genies-litteraires-2022-la-finale-ce-30-juillet\/","title":{"rendered":"Concours G\u00e9nies litt\u00e9raires 2022\u00a0: la finale ce 30 juillet"},"content":{"rendered":"\n<p>Apr\u00e8s le succ\u00e8s \u00e9clatant de la premi\u00e8re \u00e9dition du concours \u2018\u2019G\u00e9nies litt\u00e9raires\u2019\u2019, l\u2019organisation, pilot\u00e9e par l&#8217;Association Ivoirienne des P\u00e9dagogues pour le D\u00e9veloppement(AIPED), a remis le couvert cette ann\u00e9e. La finale de la 2<sup>e<\/sup> \u00e9dition de cette comp\u00e9tition litt\u00e9raire se tiendra ce samedi 30 juillet &nbsp;\u00e0 la Biblioth\u00e8que nationale d\u2019Abidjan-Plateau sous le th\u00e8me \u2018\u2019Sida et Excision\u2019\u2019.<\/p>\n\n\n\n<p>Au nombre de 14, les candidats viennent de Daloa, Dam\u00e9, Tiassal\u00e9, Jacqueville et Abidjan. Ils subiront les \u00e9preuves de dict\u00e9e, lecture, orthographe des mots et po\u00e8mes. \u00ab&nbsp;<strong><em>A travers ce concours, nous voulons cr\u00e9er une \u00e9mulation au niveau des \u00e9l\u00e8ves et aussi les emmener \u00e0 attacher un int\u00e9r\u00eat \u00e0 la litt\u00e9rature car elle est la m\u00e8re de toutes les sciences<\/em><\/strong>&nbsp;\u00bb, explique la journaliste Mich\u00e8le Koffi, commissaire g\u00e9n\u00e9rale du concours et pr\u00e9sidente de l\u2019AIPED. La succession \u00e0 Ruth Esther Tanan Tra, la premi\u00e8re laur\u00e9ate du concept, est donc ouverte.<\/p>\n\n\n\n<figure class=\"wp-block-image size-large is-resized\"><img loading=\"lazy\" decoding=\"async\" src=\"https:\/\/7culture.ci\/wp-content\/uploads\/2022\/07\/IMG-20211115-WA0001-683x1024.jpg\" alt=\"\" class=\"wp-image-22792\" width=\"489\" height=\"733\" srcset=\"https:\/\/7culture.ci\/wp-content\/uploads\/2022\/07\/IMG-20211115-WA0001-683x1024.jpg 683w, https:\/\/7culture.ci\/wp-content\/uploads\/2022\/07\/IMG-20211115-WA0001-200x300.jpg 200w, https:\/\/7culture.ci\/wp-content\/uploads\/2022\/07\/IMG-20211115-WA0001.jpg 720w\" sizes=\"(max-width: 489px) 100vw, 489px\" \/><figcaption>Ruth Esther Tanan Tra, la laur\u00e9ate 2021<\/figcaption><\/figure>\n\n\n\n<p>L\u2019objectif recherch\u00e9 par les initiateurs de cet \u00e9v\u00e9nement didactique est d&#8217;emmener les \u00e9l\u00e8ves \u00e0 mieux s&#8217;exprimer. Par ces temps-ci o\u00f9 on parle de r\u00e9forme de l\u2019\u00e9cole ivoirienne, cet \u00e9v\u00e9nement est le bienvenu. \u00ab&nbsp;<strong><em>L\u2019\u00e9cole ivoirienne connait des difficult\u00e9s. Ces difficult\u00e9s se sont accentu\u00e9es au fil des ann\u00e9es de crises qu\u2019a connues la C\u00f4te d\u2019Ivoire. Les \u00e9l\u00e8ves rencontrent de plus en plus de difficult\u00e9s dans l\u2019acquisition du savoir. C\u2019est dans un tel contexte que l\u2019AIPED, soucieuse de ce mal qui ne donne pas bonne image \u00e0 l\u2019\u00e9cole ivoirienne, a donc d\u00e9cid\u00e9 d\u2019apporter sa contribution \u00e0 l\u2019\u00e9dification de celle-ci en cr\u00e9ant un concours d\u00e9nomm\u00e9 \u2033G\u00e9nies Litt\u00e9raires\u2033<\/em><\/strong>&nbsp;\u00bb, soutient la commissaire g\u00e9n\u00e9rale.<\/p>\n\n\n\n<p>La finale de la 2<sup>e<\/sup> \u00e9dition du concours \u2018\u2019G\u00e9nies litt\u00e9raires\u2019\u2019 est assur\u00e9e par M. Vassiriki Diarrassouba.<\/p>\n\n\n\n<p>Par Omar AK<\/p>\n","protected":false},"excerpt":{"rendered":"<p>Apr\u00e8s le succ\u00e8s \u00e9clatant de la premi\u00e8re \u00e9dition du concours \u2018\u2019G\u00e9nies litt\u00e9raires\u2019\u2019, l\u2019organisation, pilot\u00e9e par l&#8217;Association Ivoirienne des P\u00e9dagogues pour le D\u00e9veloppement(AIPED), a remis le couvert cette ann\u00e9e. La finale de la 2e \u00e9dition de cette comp\u00e9tition litt\u00e9raire se tiendra ce samedi 30 juillet &nbsp;\u00e0 la Biblioth\u00e8que nationale d\u2019Abidjan-Plateau sous le th\u00e8me \u2018\u2019Sida et Excision\u2019\u2019. &hellip;<\/p>\n<p class=\"read-more\"> <a class=\"\" href=\"https:\/\/7culture.ci\/index.php\/2022\/07\/27\/concours-genies-litteraires-2022-la-finale-ce-30-juillet\/\"> <span class=\"screen-reader-text\">Concours G\u00e9nies litt\u00e9raires 2022\u00a0: la finale ce 30 juillet<\/span> Lire la suite\u00a0\u00bb<\/a><\/p>\n","protected":false},"author":1,"featured_media":22791,"comment_status":"open","ping_status":"open","sticky":false,"template":"","format":"standard","meta":{"_mi_skip_tracking":false,"_monsterinsights_sitenote_active":false,"_monsterinsights_sitenote_note":"","_monsterinsights_sitenote_category":0,"site-sidebar-layout":"default","site-content-layout":"default","ast-global-header-display":"","ast-main-header-display":"","ast-hfb-above-header-display":"","ast-hfb-below-header-display":"","ast-hfb-mobile-header-display":"","site-post-title":"","ast-breadcrumbs-content":"","ast-featured-img":"","footer-sml-layout":"","theme-transparent-header-meta":"","adv-header-id-meta":"","stick-header-meta":"","header-above-stick-meta":"","header-main-stick-meta":"","header-below-stick-meta":"","footnotes":"","jetpack_publicize_message":"","jetpack_is_tweetstorm":false,"jetpack_publicize_feature_enabled":true},"categories":[1],"tags":[],"jetpack_publicize_connections":[],"acf":[],"aioseo_notices":[],"yoast_head":"<!-- This site is optimized with the Yoast SEO plugin v19.6.1 - https:\/\/yoast.com\/wordpress\/plugins\/seo\/ -->\n<title>Concours G\u00e9nies litt\u00e9raires 2022\u00a0: la finale ce 30 juillet - 7culture<\/title>\n<meta name=\"robots\" content=\"index, follow, max-snippet:-1, max-image-preview:large, max-video-preview:-1\" \/>\n<link rel=\"canonical\" href=\"https:\/\/7culture.ci\/index.php\/2022\/07\/27\/concours-genies-litteraires-2022-la-finale-ce-30-juillet\/\" \/>\n<meta property=\"og:locale\" content=\"fr_FR\" \/>\n<meta property=\"og:type\" content=\"article\" \/>\n<meta property=\"og:title\" content=\"Concours G\u00e9nies litt\u00e9raires 2022\u00a0: la finale ce 30 juillet - 7culture\" \/>\n<meta property=\"og:description\" content=\"Apr\u00e8s le succ\u00e8s \u00e9clatant de la premi\u00e8re \u00e9dition du concours \u2018\u2019G\u00e9nies litt\u00e9raires\u2019\u2019, l\u2019organisation, pilot\u00e9e par l&#8217;Association Ivoirienne des P\u00e9dagogues pour le D\u00e9veloppement(AIPED), a remis le couvert cette ann\u00e9e. La finale de la 2e \u00e9dition de cette comp\u00e9tition litt\u00e9raire se tiendra ce samedi 30 juillet &nbsp;\u00e0 la Biblioth\u00e8que nationale d\u2019Abidjan-Plateau sous le th\u00e8me \u2018\u2019Sida et Excision\u2019\u2019. &hellip; Concours G\u00e9nies litt\u00e9raires 2022\u00a0: la finale ce 30 juillet Lire la suite\u00a0\u00bb\" \/>\n<meta property=\"og:url\" content=\"https:\/\/7culture.ci\/index.php\/2022\/07\/27\/concours-genies-litteraires-2022-la-finale-ce-30-juillet\/\" \/>\n<meta property=\"og:site_name\" content=\"7culture\" \/>\n<meta property=\"article:publisher\" content=\"https:\/\/www.facebook.com\/redchefclaude\" \/>\n<meta property=\"article:published_time\" content=\"2022-07-27T14:22:11+00:00\" \/>\n<meta property=\"article:modified_time\" content=\"2022-07-27T14:22:14+00:00\" \/>\n<meta property=\"og:image\" content=\"http:\/\/7culture.ci\/wp-content\/uploads\/2022\/07\/IMG-20211115-WA0003.jpg\" \/>\n\t<meta property=\"og:image:width\" content=\"1280\" \/>\n\t<meta property=\"og:image:height\" content=\"853\" \/>\n\t<meta property=\"og:image:type\" content=\"image\/jpeg\" \/>\n<meta name=\"author\" content=\"7culture2020\" \/>\n<meta name=\"twitter:card\" content=\"summary_large_image\" \/>\n<meta name=\"twitter:creator\" content=\"@7culturec\" \/>\n<meta name=\"twitter:site\" content=\"@7culturec\" \/>\n<meta name=\"twitter:label1\" content=\"\u00c9crit par\" \/>\n\t<meta name=\"twitter:data1\" content=\"7culture2020\" \/>\n\t<meta name=\"twitter:label2\" content=\"Dur\u00e9e de lecture estim\u00e9e\" \/>\n\t<meta name=\"twitter:data2\" content=\"2 minutes\" \/>\n<script type=\"application\/ld+json\" class=\"yoast-schema-graph\">{\"@context\":\"https:\/\/schema.org\",\"@graph\":[{\"@type\":\"Article\",\"@id\":\"https:\/\/7culture.ci\/index.php\/2022\/07\/27\/concours-genies-litteraires-2022-la-finale-ce-30-juillet\/#article\",\"isPartOf\":{\"@id\":\"https:\/\/7culture.ci\/index.php\/2022\/07\/27\/concours-genies-litteraires-2022-la-finale-ce-30-juillet\/\"},\"author\":{\"name\":\"7culture2020\",\"@id\":\"https:\/\/7culture.ci\/#\/schema\/person\/16150d28d7ef66ba788c1f87f28c4426\"},\"headline\":\"Concours G\u00e9nies litt\u00e9raires 2022\u00a0: la finale ce 30 juillet\",\"datePublished\":\"2022-07-27T14:22:11+00:00\",\"dateModified\":\"2022-07-27T14:22:14+00:00\",\"mainEntityOfPage\":{\"@id\":\"https:\/\/7culture.ci\/index.php\/2022\/07\/27\/concours-genies-litteraires-2022-la-finale-ce-30-juillet\/\"},\"wordCount\":343,\"commentCount\":0,\"publisher\":{\"@id\":\"https:\/\/7culture.ci\/#organization\"},\"inLanguage\":\"fr-FR\",\"potentialAction\":[{\"@type\":\"CommentAction\",\"name\":\"Comment\",\"target\":[\"https:\/\/7culture.ci\/index.php\/2022\/07\/27\/concours-genies-litteraires-2022-la-finale-ce-30-juillet\/#respond\"]}]},{\"@type\":\"WebPage\",\"@id\":\"https:\/\/7culture.ci\/index.php\/2022\/07\/27\/concours-genies-litteraires-2022-la-finale-ce-30-juillet\/\",\"url\":\"https:\/\/7culture.ci\/index.php\/2022\/07\/27\/concours-genies-litteraires-2022-la-finale-ce-30-juillet\/\",\"name\":\"Concours G\u00e9nies litt\u00e9raires 2022\u00a0: la finale ce 30 juillet - 7culture\",\"isPartOf\":{\"@id\":\"https:\/\/7culture.ci\/#website\"},\"datePublished\":\"2022-07-27T14:22:11+00:00\",\"dateModified\":\"2022-07-27T14:22:14+00:00\",\"breadcrumb\":{\"@id\":\"https:\/\/7culture.ci\/index.php\/2022\/07\/27\/concours-genies-litteraires-2022-la-finale-ce-30-juillet\/#breadcrumb\"},\"inLanguage\":\"fr-FR\",\"potentialAction\":[{\"@type\":\"ReadAction\",\"target\":[\"https:\/\/7culture.ci\/index.php\/2022\/07\/27\/concours-genies-litteraires-2022-la-finale-ce-30-juillet\/\"]}]},{\"@type\":\"BreadcrumbList\",\"@id\":\"https:\/\/7culture.ci\/index.php\/2022\/07\/27\/concours-genies-litteraires-2022-la-finale-ce-30-juillet\/#breadcrumb\",\"itemListElement\":[{\"@type\":\"ListItem\",\"position\":1,\"name\":\"Accueil\",\"item\":\"https:\/\/7culture.ci\/\"},{\"@type\":\"ListItem\",\"position\":2,\"name\":\"Concours G\u00e9nies litt\u00e9raires 2022\u00a0: la finale ce 30 juillet\"}]},{\"@type\":\"WebSite\",\"@id\":\"https:\/\/7culture.ci\/#website\",\"url\":\"https:\/\/7culture.ci\/\",\"name\":\"7culture\",\"description\":\"Tout sur l&#039;actualit\u00e9\",\"publisher\":{\"@id\":\"https:\/\/7culture.ci\/#organization\"},\"potentialAction\":[{\"@type\":\"SearchAction\",\"target\":{\"@type\":\"EntryPoint\",\"urlTemplate\":\"https:\/\/7culture.ci\/?s={search_term_string}\"},\"query-input\":\"required name=search_term_string\"}],\"inLanguage\":\"fr-FR\"},{\"@type\":\"Organization\",\"@id\":\"https:\/\/7culture.ci\/#organization\",\"name\":\"7culture\",\"url\":\"https:\/\/7culture.ci\/\",\"sameAs\":[\"https:\/\/www.facebook.com\/redchefclaude\",\"https:\/\/twitter.com\/7culturec\"],\"logo\":{\"@type\":\"ImageObject\",\"inLanguage\":\"fr-FR\",\"@id\":\"https:\/\/7culture.ci\/#\/schema\/logo\/image\/\",\"url\":\"https:\/\/7culture.ci\/wp-content\/uploads\/2021\/12\/S1a-1.png\",\"contentUrl\":\"https:\/\/7culture.ci\/wp-content\/uploads\/2021\/12\/S1a-1.png\",\"width\":588,\"height\":192,\"caption\":\"7culture\"},\"image\":{\"@id\":\"https:\/\/7culture.ci\/#\/schema\/logo\/image\/\"}},{\"@type\":\"Person\",\"@id\":\"https:\/\/7culture.ci\/#\/schema\/person\/16150d28d7ef66ba788c1f87f28c4426\",\"name\":\"7culture2020\",\"image\":{\"@type\":\"ImageObject\",\"inLanguage\":\"fr-FR\",\"@id\":\"https:\/\/7culture.ci\/#\/schema\/person\/image\/\",\"url\":\"https:\/\/secure.gravatar.com\/avatar\/9a0784f951306c37bcd065f52844ef95?s=96&d=mm&r=g\",\"contentUrl\":\"https:\/\/secure.gravatar.com\/avatar\/9a0784f951306c37bcd065f52844ef95?s=96&d=mm&r=g\",\"caption\":\"7culture2020\"},\"sameAs\":[\"http:\/\/7culture.ci\",\"Claude.kipre\"],\"url\":\"https:\/\/7culture.ci\/index.php\/author\/7culture2020\/\"}]}<\/script>\n<!-- \/ Yoast SEO plugin. -->","yoast_head_json":{"title":"Concours G\u00e9nies litt\u00e9raires 2022\u00a0: la finale ce 30 juillet - 7culture","robots":{"index":"index","follow":"follow","max-snippet":"max-snippet:-1","max-image-preview":"max-image-preview:large","max-video-preview":"max-video-preview:-1"},"canonical":"https:\/\/7culture.ci\/index.php\/2022\/07\/27\/concours-genies-litteraires-2022-la-finale-ce-30-juillet\/","og_locale":"fr_FR","og_type":"article","og_title":"Concours G\u00e9nies litt\u00e9raires 2022\u00a0: la finale ce 30 juillet - 7culture","og_description":"Apr\u00e8s le succ\u00e8s \u00e9clatant de la premi\u00e8re \u00e9dition du concours \u2018\u2019G\u00e9nies litt\u00e9raires\u2019\u2019, l\u2019organisation, pilot\u00e9e par l&#8217;Association Ivoirienne des P\u00e9dagogues pour le D\u00e9veloppement(AIPED), a remis le couvert cette ann\u00e9e. La finale de la 2e \u00e9dition de cette comp\u00e9tition litt\u00e9raire se tiendra ce samedi 30 juillet &nbsp;\u00e0 la Biblioth\u00e8que nationale d\u2019Abidjan-Plateau sous le th\u00e8me \u2018\u2019Sida et Excision\u2019\u2019. &hellip; Concours G\u00e9nies litt\u00e9raires 2022\u00a0: la finale ce 30 juillet Lire la suite\u00a0\u00bb","og_url":"https:\/\/7culture.ci\/index.php\/2022\/07\/27\/concours-genies-litteraires-2022-la-finale-ce-30-juillet\/","og_site_name":"7culture","article_publisher":"https:\/\/www.facebook.com\/redchefclaude","article_published_time":"2022-07-27T14:22:11+00:00","article_modified_time":"2022-07-27T14:22:14+00:00","og_image":[{"width":1280,"height":853,"url":"http:\/\/7culture.ci\/wp-content\/uploads\/2022\/07\/IMG-20211115-WA0003.jpg","type":"image\/jpeg"}],"author":"7culture2020","twitter_card":"summary_large_image","twitter_creator":"@7culturec","twitter_site":"@7culturec","twitter_misc":{"\u00c9crit par":"7culture2020","Dur\u00e9e de lecture estim\u00e9e":"2 minutes"},"schema":{"@context":"https:\/\/schema.org","@graph":[{"@type":"Article","@id":"https:\/\/7culture.ci\/index.php\/2022\/07\/27\/concours-genies-litteraires-2022-la-finale-ce-30-juillet\/#article","isPartOf":{"@id":"https:\/\/7culture.ci\/index.php\/2022\/07\/27\/concours-genies-litteraires-2022-la-finale-ce-30-juillet\/"},"author":{"name":"7culture2020","@id":"https:\/\/7culture.ci\/#\/schema\/person\/16150d28d7ef66ba788c1f87f28c4426"},"headline":"Concours G\u00e9nies litt\u00e9raires 2022\u00a0: la finale ce 30 juillet","datePublished":"2022-07-27T14:22:11+00:00","dateModified":"2022-07-27T14:22:14+00:00","mainEntityOfPage":{"@id":"https:\/\/7culture.ci\/index.php\/2022\/07\/27\/concours-genies-litteraires-2022-la-finale-ce-30-juillet\/"},"wordCount":343,"commentCount":0,"publisher":{"@id":"https:\/\/7culture.ci\/#organization"},"inLanguage":"fr-FR","potentialAction":[{"@type":"CommentAction","name":"Comment","target":["https:\/\/7culture.ci\/index.php\/2022\/07\/27\/concours-genies-litteraires-2022-la-finale-ce-30-juillet\/#respond"]}]},{"@type":"WebPage","@id":"https:\/\/7culture.ci\/index.php\/2022\/07\/27\/concours-genies-litteraires-2022-la-finale-ce-30-juillet\/","url":"https:\/\/7culture.ci\/index.php\/2022\/07\/27\/concours-genies-litteraires-2022-la-finale-ce-30-juillet\/","name":"Concours G\u00e9nies litt\u00e9raires 2022\u00a0: la finale ce 30 juillet - 7culture","isPartOf":{"@id":"https:\/\/7culture.ci\/#website"},"datePublished":"2022-07-27T14:22:11+00:00","dateModified":"2022-07-27T14:22:14+00:00","breadcrumb":{"@id":"https:\/\/7culture.ci\/index.php\/2022\/07\/27\/concours-genies-litteraires-2022-la-finale-ce-30-juillet\/#breadcrumb"},"inLanguage":"fr-FR","potentialAction":[{"@type":"ReadAction","target":["https:\/\/7culture.ci\/index.php\/2022\/07\/27\/concours-genies-litteraires-2022-la-finale-ce-30-juillet\/"]}]},{"@type":"BreadcrumbList","@id":"https:\/\/7culture.ci\/index.php\/2022\/07\/27\/concours-genies-litteraires-2022-la-finale-ce-30-juillet\/#breadcrumb","itemListElement":[{"@type":"ListItem","position":1,"name":"Accueil","item":"https:\/\/7culture.ci\/"},{"@type":"ListItem","position":2,"name":"Concours G\u00e9nies litt\u00e9raires 2022\u00a0: la finale ce 30 juillet"}]},{"@type":"WebSite","@id":"https:\/\/7culture.ci\/#website","url":"https:\/\/7culture.ci\/","name":"7culture","description":"Tout sur l&#039;actualit\u00e9","publisher":{"@id":"https:\/\/7culture.ci\/#organization"},"potentialAction":[{"@type":"SearchAction","target":{"@type":"EntryPoint","urlTemplate":"https:\/\/7culture.ci\/?s={search_term_string}"},"query-input":"required name=search_term_string"}],"inLanguage":"fr-FR"},{"@type":"Organization","@id":"https:\/\/7culture.ci\/#organization","name":"7culture","url":"https:\/\/7culture.ci\/","sameAs":["https:\/\/www.facebook.com\/redchefclaude","https:\/\/twitter.com\/7culturec"],"logo":{"@type":"ImageObject","inLanguage":"fr-FR","@id":"https:\/\/7culture.ci\/#\/schema\/logo\/image\/","url":"https:\/\/7culture.ci\/wp-content\/uploads\/2021\/12\/S1a-1.png","contentUrl":"https:\/\/7culture.ci\/wp-content\/uploads\/2021\/12\/S1a-1.png","width":588,"height":192,"caption":"7culture"},"image":{"@id":"https:\/\/7culture.ci\/#\/schema\/logo\/image\/"}},{"@type":"Person","@id":"https:\/\/7culture.ci\/#\/schema\/person\/16150d28d7ef66ba788c1f87f28c4426","name":"7culture2020","image":{"@type":"ImageObject","inLanguage":"fr-FR","@id":"https:\/\/7culture.ci\/#\/schema\/person\/image\/","url":"https:\/\/secure.gravatar.com\/avatar\/9a0784f951306c37bcd065f52844ef95?s=96&d=mm&r=g","contentUrl":"https:\/\/secure.gravatar.com\/avatar\/9a0784f951306c37bcd065f52844ef95?s=96&d=mm&r=g","caption":"7culture2020"},"sameAs":["http:\/\/7culture.ci","Claude.kipre"],"url":"https:\/\/7culture.ci\/index.php\/author\/7culture2020\/"}]}},"jetpack_featured_media_url":"https:\/\/7culture.ci\/wp-content\/uploads\/2022\/07\/IMG-20211115-WA0003.jpg","jetpack_likes_enabled":true,"jetpack_sharing_enabled":true,"_links":{"self":[{"href":"https:\/\/7culture.ci\/index.php\/wp-json\/wp\/v2\/posts\/22790"}],"collection":[{"href":"https:\/\/7culture.ci\/index.php\/wp-json\/wp\/v2\/posts"}],"about":[{"href":"https:\/\/7culture.ci\/index.php\/wp-json\/wp\/v2\/types\/post"}],"author":[{"embeddable":true,"href":"https:\/\/7culture.ci\/index.php\/wp-json\/wp\/v2\/users\/1"}],"replies":[{"embeddable":true,"href":"https:\/\/7culture.ci\/index.php\/wp-json\/wp\/v2\/comments?post=22790"}],"version-history":[{"count":0,"href":"https:\/\/7culture.ci\/index.php\/wp-json\/wp\/v2\/posts\/22790\/revisions"}],"wp:featuredmedia":[{"embeddable":true,"href":"https:\/\/7culture.ci\/index.php\/wp-json\/wp\/v2\/media\/22791"}],"wp:attachment":[{"href":"https:\/\/7culture.ci\/index.php\/wp-json\/wp\/v2\/media?parent=22790"}],"wp:term":[{"taxonomy":"category","embeddable":true,"href":"https:\/\/7culture.ci\/index.php\/wp-json\/wp\/v2\/categories?post=22790"},{"taxonomy":"post_tag","embeddable":true,"href":"https:\/\/7culture.ci\/index.php\/wp-json\/wp\/v2\/tags?post=22790"}],"curies":[{"name":"wp","href":"https:\/\/api.w.org\/{rel}","templated":true}]}}