{"id":22784,"date":"2022-07-27T14:41:33","date_gmt":"2022-07-27T12:41:33","guid":{"rendered":"https:\/\/7culture.ci\/?p=22784"},"modified":"2022-08-04T14:03:46","modified_gmt":"2022-08-04T12:03:46","slug":"yannick-noah-pied-nus-a-recu-emmanuel-macron","status":"publish","type":"post","link":"https:\/\/7culture.ci\/index.php\/2022\/07\/27\/yannick-noah-pied-nus-a-recu-emmanuel-macron\/","title":{"rendered":"Yannick Noah, pied nus, a re\u00e7u Emmanuel Macron!"},"content":{"rendered":"\n<p><strong><em>Cela fait plus d&#8217;un an que Yannick Noah vit au Cameroun, o\u00f9 il est \u00ab chef de village \u00bb. Et comme le r\u00e9v\u00e8le l&#8217;AFP, l&#8217;ancien tennisman a eu la visite du pr\u00e9sident de la R\u00e9publique, Emmanuel Macron. C&#8217;\u00e9tait le mardi 26 juillet 2022.<\/em><\/strong><\/p>\n\n\n\n<p>Yannick Noah, qui vit d\u00e9sormais au Cameroun, \u00e0 Etoudi, a re\u00e7u une visite du pr\u00e9sident de la R\u00e9publique, Emmanuel Macron !<\/p>\n\n\n\n<p>L&#8217;ancien tennisman, qui s&#8217;est install\u00e9 non loin de Yaound\u00e9 voil\u00e0 plus d&#8217;un an, a en effet accueilli le pr\u00e9sident, <strong><em>\u00ab en short, et pieds nus<\/em><\/strong> \u00bb, r\u00e9v\u00e8le l&#8217;AFP. \u00ab <strong><em>Ce n&#8217;est pas moi qui re\u00e7ois le pr\u00e9sident fran\u00e7ais, mais tout le village<\/em><\/strong>\u00bb, affirme Yannick Noah.<\/p>\n\n\n\n<p><strong>\u00abJ&#8217;ai grandi au milieu de la brousse\u00bb<\/strong><\/p>\n\n\n\n<div class=\"wp-block-image\"><figure class=\"aligncenter size-large is-resized\"><img loading=\"lazy\" decoding=\"async\" src=\"https:\/\/7culture.ci\/wp-content\/uploads\/2022\/07\/macron-noah1-1024x657.jpeg\" alt=\"\" class=\"wp-image-22786\" width=\"620\" height=\"397\" srcset=\"https:\/\/7culture.ci\/wp-content\/uploads\/2022\/07\/macron-noah1-1024x657.jpeg 1024w, https:\/\/7culture.ci\/wp-content\/uploads\/2022\/07\/macron-noah1-300x192.jpeg 300w, https:\/\/7culture.ci\/wp-content\/uploads\/2022\/07\/macron-noah1-768x493.jpeg 768w, https:\/\/7culture.ci\/wp-content\/uploads\/2022\/07\/macron-noah1.jpeg 1280w\" sizes=\"(max-width: 620px) 100vw, 620px\" \/><\/figure><\/div>\n\n\n\n<p>Etoudi est l\u00e0 o\u00f9 l&#8217;ancien champion de tennis a v\u00e9cu entre ses deux et ses 12 ans. \u00ab <strong><em>C&#8217;\u00e9tait tr\u00e8s diff\u00e9rent \u00e0 l&#8217;\u00e9poque. J&#8217;ai grandi au milieu de la brousse, j&#8217;allais \u00e0 la rivi\u00e8re car il n&#8217;y avait ni eau ni \u00e9lectricit\u00e9. Avec le temps, la ville a entour\u00e9 le village et il est devenu un quartier de Yaound\u00e9<\/em><\/strong> \u00bb, explique-t-il.<\/p>\n\n\n\n<figure class=\"wp-block-gallery has-nested-images columns-default is-cropped wp-block-gallery-1 is-layout-flex wp-block-gallery-is-layout-flex\">\n<figure class=\"wp-block-image size-large\"><img loading=\"lazy\" decoding=\"async\" width=\"375\" height=\"250\" data-id=\"22787\" src=\"https:\/\/7culture.ci\/wp-content\/uploads\/2022\/07\/macron-noah2.jpeg\" alt=\"\" class=\"wp-image-22787\" srcset=\"https:\/\/7culture.ci\/wp-content\/uploads\/2022\/07\/macron-noah2.jpeg 375w, https:\/\/7culture.ci\/wp-content\/uploads\/2022\/07\/macron-noah2-300x200.jpeg 300w\" sizes=\"(max-width: 375px) 100vw, 375px\" \/><\/figure>\n\n\n\n<figure class=\"wp-block-image size-large\"><img loading=\"lazy\" decoding=\"async\" width=\"630\" height=\"420\" data-id=\"22788\" src=\"https:\/\/7culture.ci\/wp-content\/uploads\/2022\/07\/macron-noah4.jpeg\" alt=\"\" class=\"wp-image-22788\" srcset=\"https:\/\/7culture.ci\/wp-content\/uploads\/2022\/07\/macron-noah4.jpeg 630w, https:\/\/7culture.ci\/wp-content\/uploads\/2022\/07\/macron-noah4-300x200.jpeg 300w\" sizes=\"(max-width: 630px) 100vw, 630px\" \/><\/figure>\n<\/figure>\n\n\n\n<p>Les deux hommes ont \u00e9voqu\u00e9 les relations franco-camerounaises, auxquelles Yannick Noah affirme \u00eatre \u00ab <strong><em>sensible<\/em><\/strong> \u00bb, mais aussi le r\u00f4le de l&#8217;ancien tennisman. \u00ab <strong><em>Mon r\u00f4le de chef est surtout d&#8217;aider les personnes \u00e2g\u00e9es et de tout faire pour que les enfants re\u00e7oivent une bonne \u00e9ducation<\/em><\/strong> \u00bb, r\u00e9v\u00e8le le sportif.<\/p>\n","protected":false},"excerpt":{"rendered":"<p>Cela fait plus d&#8217;un an que Yannick Noah vit au Cameroun, o\u00f9 il est \u00ab chef de village \u00bb. Et comme le r\u00e9v\u00e8le l&#8217;AFP, l&#8217;ancien tennisman a eu la visite du pr\u00e9sident de la R\u00e9publique, Emmanuel Macron. C&#8217;\u00e9tait le mardi 26 juillet 2022. Yannick Noah, qui vit d\u00e9sormais au Cameroun, \u00e0 Etoudi, a re\u00e7u une &hellip;<\/p>\n<p class=\"read-more\"> <a class=\"\" href=\"https:\/\/7culture.ci\/index.php\/2022\/07\/27\/yannick-noah-pied-nus-a-recu-emmanuel-macron\/\"> <span class=\"screen-reader-text\">Yannick Noah, pied nus, a re\u00e7u Emmanuel Macron!<\/span> Lire la suite\u00a0\u00bb<\/a><\/p>\n","protected":false},"author":1,"featured_media":22785,"comment_status":"open","ping_status":"open","sticky":false,"template":"","format":"standard","meta":{"_mi_skip_tracking":false,"_monsterinsights_sitenote_active":false,"_monsterinsights_sitenote_note":"","_monsterinsights_sitenote_category":0,"site-sidebar-layout":"default","site-content-layout":"default","ast-global-header-display":"","ast-main-header-display":"","ast-hfb-above-header-display":"","ast-hfb-below-header-display":"","ast-hfb-mobile-header-display":"","site-post-title":"","ast-breadcrumbs-content":"","ast-featured-img":"","footer-sml-layout":"","theme-transparent-header-meta":"","adv-header-id-meta":"","stick-header-meta":"","header-above-stick-meta":"","header-main-stick-meta":"","header-below-stick-meta":"","footnotes":"","jetpack_publicize_message":"","jetpack_is_tweetstorm":false,"jetpack_publicize_feature_enabled":true},"categories":[22],"tags":[],"jetpack_publicize_connections":[],"acf":[],"aioseo_notices":[],"yoast_head":"<!-- This site is optimized with the Yoast SEO plugin v19.6.1 - https:\/\/yoast.com\/wordpress\/plugins\/seo\/ -->\n<title>Yannick Noah, pied nus, a re\u00e7u Emmanuel Macron! -<\/title>\n<meta name=\"robots\" content=\"index, follow, max-snippet:-1, max-image-preview:large, max-video-preview:-1\" \/>\n<link rel=\"canonical\" href=\"https:\/\/7culture.ci\/index.php\/2022\/07\/27\/yannick-noah-pied-nus-a-recu-emmanuel-macron\/\" \/>\n<meta property=\"og:locale\" content=\"fr_FR\" \/>\n<meta property=\"og:type\" content=\"article\" \/>\n<meta property=\"og:title\" content=\"Yannick Noah, pied nus, a re\u00e7u Emmanuel Macron! -\" \/>\n<meta property=\"og:description\" content=\"Cela fait plus d&#8217;un an que Yannick Noah vit au Cameroun, o\u00f9 il est \u00ab chef de village \u00bb. Et comme le r\u00e9v\u00e8le l&#8217;AFP, l&#8217;ancien tennisman a eu la visite du pr\u00e9sident de la R\u00e9publique, Emmanuel Macron. C&#8217;\u00e9tait le mardi 26 juillet 2022. Yannick Noah, qui vit d\u00e9sormais au Cameroun, \u00e0 Etoudi, a re\u00e7u une &hellip; Yannick Noah, pied nus, a re\u00e7u Emmanuel Macron! Lire la suite\u00a0\u00bb\" \/>\n<meta property=\"og:url\" content=\"https:\/\/7culture.ci\/index.php\/2022\/07\/27\/yannick-noah-pied-nus-a-recu-emmanuel-macron\/\" \/>\n<meta property=\"og:site_name\" content=\"7culture\" \/>\n<meta property=\"article:publisher\" content=\"https:\/\/www.facebook.com\/redchefclaude\" \/>\n<meta property=\"article:published_time\" content=\"2022-07-27T12:41:33+00:00\" \/>\n<meta property=\"article:modified_time\" content=\"2022-08-04T12:03:46+00:00\" \/>\n<meta property=\"og:image\" content=\"http:\/\/7culture.ci\/wp-content\/uploads\/2022\/07\/macron-noah3-1024x682.jpeg\" \/>\n\t<meta property=\"og:image:width\" content=\"1024\" \/>\n\t<meta property=\"og:image:height\" content=\"682\" \/>\n\t<meta property=\"og:image:type\" content=\"image\/jpeg\" \/>\n<meta name=\"author\" content=\"7culture2020\" \/>\n<meta name=\"twitter:card\" content=\"summary_large_image\" \/>\n<meta name=\"twitter:creator\" content=\"@7culturec\" \/>\n<meta name=\"twitter:site\" content=\"@7culturec\" \/>\n<meta name=\"twitter:label1\" content=\"\u00c9crit par\" \/>\n\t<meta name=\"twitter:data1\" content=\"7culture2020\" \/>\n\t<meta name=\"twitter:label2\" content=\"Dur\u00e9e de lecture estim\u00e9e\" \/>\n\t<meta name=\"twitter:data2\" content=\"2 minutes\" \/>\n<script type=\"application\/ld+json\" class=\"yoast-schema-graph\">{\"@context\":\"https:\/\/schema.org\",\"@graph\":[{\"@type\":\"Article\",\"@id\":\"https:\/\/7culture.ci\/index.php\/2022\/07\/27\/yannick-noah-pied-nus-a-recu-emmanuel-macron\/#article\",\"isPartOf\":{\"@id\":\"https:\/\/7culture.ci\/index.php\/2022\/07\/27\/yannick-noah-pied-nus-a-recu-emmanuel-macron\/\"},\"author\":{\"name\":\"7culture2020\",\"@id\":\"https:\/\/7culture.ci\/#\/schema\/person\/16150d28d7ef66ba788c1f87f28c4426\"},\"headline\":\"Yannick Noah, pied nus, a re\u00e7u Emmanuel Macron!\",\"datePublished\":\"2022-07-27T12:41:33+00:00\",\"dateModified\":\"2022-08-04T12:03:46+00:00\",\"mainEntityOfPage\":{\"@id\":\"https:\/\/7culture.ci\/index.php\/2022\/07\/27\/yannick-noah-pied-nus-a-recu-emmanuel-macron\/\"},\"wordCount\":245,\"commentCount\":0,\"publisher\":{\"@id\":\"https:\/\/7culture.ci\/#organization\"},\"articleSection\":[\"Actualit\u00e9\"],\"inLanguage\":\"fr-FR\",\"potentialAction\":[{\"@type\":\"CommentAction\",\"name\":\"Comment\",\"target\":[\"https:\/\/7culture.ci\/index.php\/2022\/07\/27\/yannick-noah-pied-nus-a-recu-emmanuel-macron\/#respond\"]}]},{\"@type\":\"WebPage\",\"@id\":\"https:\/\/7culture.ci\/index.php\/2022\/07\/27\/yannick-noah-pied-nus-a-recu-emmanuel-macron\/\",\"url\":\"https:\/\/7culture.ci\/index.php\/2022\/07\/27\/yannick-noah-pied-nus-a-recu-emmanuel-macron\/\",\"name\":\"Yannick Noah, pied nus, a re\u00e7u Emmanuel Macron! -\",\"isPartOf\":{\"@id\":\"https:\/\/7culture.ci\/#website\"},\"datePublished\":\"2022-07-27T12:41:33+00:00\",\"dateModified\":\"2022-08-04T12:03:46+00:00\",\"breadcrumb\":{\"@id\":\"https:\/\/7culture.ci\/index.php\/2022\/07\/27\/yannick-noah-pied-nus-a-recu-emmanuel-macron\/#breadcrumb\"},\"inLanguage\":\"fr-FR\",\"potentialAction\":[{\"@type\":\"ReadAction\",\"target\":[\"https:\/\/7culture.ci\/index.php\/2022\/07\/27\/yannick-noah-pied-nus-a-recu-emmanuel-macron\/\"]}]},{\"@type\":\"BreadcrumbList\",\"@id\":\"https:\/\/7culture.ci\/index.php\/2022\/07\/27\/yannick-noah-pied-nus-a-recu-emmanuel-macron\/#breadcrumb\",\"itemListElement\":[{\"@type\":\"ListItem\",\"position\":1,\"name\":\"Accueil\",\"item\":\"https:\/\/7culture.ci\/\"},{\"@type\":\"ListItem\",\"position\":2,\"name\":\"Yannick Noah, pied nus, a re\u00e7u Emmanuel Macron!\"}]},{\"@type\":\"WebSite\",\"@id\":\"https:\/\/7culture.ci\/#website\",\"url\":\"https:\/\/7culture.ci\/\",\"name\":\"7culture\",\"description\":\"Tout sur l&#039;actualit\u00e9\",\"publisher\":{\"@id\":\"https:\/\/7culture.ci\/#organization\"},\"potentialAction\":[{\"@type\":\"SearchAction\",\"target\":{\"@type\":\"EntryPoint\",\"urlTemplate\":\"https:\/\/7culture.ci\/?s={search_term_string}\"},\"query-input\":\"required name=search_term_string\"}],\"inLanguage\":\"fr-FR\"},{\"@type\":\"Organization\",\"@id\":\"https:\/\/7culture.ci\/#organization\",\"name\":\"7culture\",\"url\":\"https:\/\/7culture.ci\/\",\"sameAs\":[\"https:\/\/www.facebook.com\/redchefclaude\",\"https:\/\/twitter.com\/7culturec\"],\"logo\":{\"@type\":\"ImageObject\",\"inLanguage\":\"fr-FR\",\"@id\":\"https:\/\/7culture.ci\/#\/schema\/logo\/image\/\",\"url\":\"https:\/\/7culture.ci\/wp-content\/uploads\/2021\/12\/S1a-1.png\",\"contentUrl\":\"https:\/\/7culture.ci\/wp-content\/uploads\/2021\/12\/S1a-1.png\",\"width\":588,\"height\":192,\"caption\":\"7culture\"},\"image\":{\"@id\":\"https:\/\/7culture.ci\/#\/schema\/logo\/image\/\"}},{\"@type\":\"Person\",\"@id\":\"https:\/\/7culture.ci\/#\/schema\/person\/16150d28d7ef66ba788c1f87f28c4426\",\"name\":\"7culture2020\",\"image\":{\"@type\":\"ImageObject\",\"inLanguage\":\"fr-FR\",\"@id\":\"https:\/\/7culture.ci\/#\/schema\/person\/image\/\",\"url\":\"https:\/\/secure.gravatar.com\/avatar\/9a0784f951306c37bcd065f52844ef95?s=96&d=mm&r=g\",\"contentUrl\":\"https:\/\/secure.gravatar.com\/avatar\/9a0784f951306c37bcd065f52844ef95?s=96&d=mm&r=g\",\"caption\":\"7culture2020\"},\"sameAs\":[\"http:\/\/7culture.ci\",\"Claude.kipre\"],\"url\":\"https:\/\/7culture.ci\/index.php\/author\/7culture2020\/\"}]}<\/script>\n<!-- \/ Yoast SEO plugin. -->","yoast_head_json":{"title":"Yannick Noah, pied nus, a re\u00e7u Emmanuel Macron! -","robots":{"index":"index","follow":"follow","max-snippet":"max-snippet:-1","max-image-preview":"max-image-preview:large","max-video-preview":"max-video-preview:-1"},"canonical":"https:\/\/7culture.ci\/index.php\/2022\/07\/27\/yannick-noah-pied-nus-a-recu-emmanuel-macron\/","og_locale":"fr_FR","og_type":"article","og_title":"Yannick Noah, pied nus, a re\u00e7u Emmanuel Macron! -","og_description":"Cela fait plus d&#8217;un an que Yannick Noah vit au Cameroun, o\u00f9 il est \u00ab chef de village \u00bb. Et comme le r\u00e9v\u00e8le l&#8217;AFP, l&#8217;ancien tennisman a eu la visite du pr\u00e9sident de la R\u00e9publique, Emmanuel Macron. C&#8217;\u00e9tait le mardi 26 juillet 2022. Yannick Noah, qui vit d\u00e9sormais au Cameroun, \u00e0 Etoudi, a re\u00e7u une &hellip; Yannick Noah, pied nus, a re\u00e7u Emmanuel Macron! Lire la suite\u00a0\u00bb","og_url":"https:\/\/7culture.ci\/index.php\/2022\/07\/27\/yannick-noah-pied-nus-a-recu-emmanuel-macron\/","og_site_name":"7culture","article_publisher":"https:\/\/www.facebook.com\/redchefclaude","article_published_time":"2022-07-27T12:41:33+00:00","article_modified_time":"2022-08-04T12:03:46+00:00","og_image":[{"width":1024,"height":682,"url":"http:\/\/7culture.ci\/wp-content\/uploads\/2022\/07\/macron-noah3-1024x682.jpeg","type":"image\/jpeg"}],"author":"7culture2020","twitter_card":"summary_large_image","twitter_creator":"@7culturec","twitter_site":"@7culturec","twitter_misc":{"\u00c9crit par":"7culture2020","Dur\u00e9e de lecture estim\u00e9e":"2 minutes"},"schema":{"@context":"https:\/\/schema.org","@graph":[{"@type":"Article","@id":"https:\/\/7culture.ci\/index.php\/2022\/07\/27\/yannick-noah-pied-nus-a-recu-emmanuel-macron\/#article","isPartOf":{"@id":"https:\/\/7culture.ci\/index.php\/2022\/07\/27\/yannick-noah-pied-nus-a-recu-emmanuel-macron\/"},"author":{"name":"7culture2020","@id":"https:\/\/7culture.ci\/#\/schema\/person\/16150d28d7ef66ba788c1f87f28c4426"},"headline":"Yannick Noah, pied nus, a re\u00e7u Emmanuel Macron!","datePublished":"2022-07-27T12:41:33+00:00","dateModified":"2022-08-04T12:03:46+00:00","mainEntityOfPage":{"@id":"https:\/\/7culture.ci\/index.php\/2022\/07\/27\/yannick-noah-pied-nus-a-recu-emmanuel-macron\/"},"wordCount":245,"commentCount":0,"publisher":{"@id":"https:\/\/7culture.ci\/#organization"},"articleSection":["Actualit\u00e9"],"inLanguage":"fr-FR","potentialAction":[{"@type":"CommentAction","name":"Comment","target":["https:\/\/7culture.ci\/index.php\/2022\/07\/27\/yannick-noah-pied-nus-a-recu-emmanuel-macron\/#respond"]}]},{"@type":"WebPage","@id":"https:\/\/7culture.ci\/index.php\/2022\/07\/27\/yannick-noah-pied-nus-a-recu-emmanuel-macron\/","url":"https:\/\/7culture.ci\/index.php\/2022\/07\/27\/yannick-noah-pied-nus-a-recu-emmanuel-macron\/","name":"Yannick Noah, pied nus, a re\u00e7u Emmanuel Macron! -","isPartOf":{"@id":"https:\/\/7culture.ci\/#website"},"datePublished":"2022-07-27T12:41:33+00:00","dateModified":"2022-08-04T12:03:46+00:00","breadcrumb":{"@id":"https:\/\/7culture.ci\/index.php\/2022\/07\/27\/yannick-noah-pied-nus-a-recu-emmanuel-macron\/#breadcrumb"},"inLanguage":"fr-FR","potentialAction":[{"@type":"ReadAction","target":["https:\/\/7culture.ci\/index.php\/2022\/07\/27\/yannick-noah-pied-nus-a-recu-emmanuel-macron\/"]}]},{"@type":"BreadcrumbList","@id":"https:\/\/7culture.ci\/index.php\/2022\/07\/27\/yannick-noah-pied-nus-a-recu-emmanuel-macron\/#breadcrumb","itemListElement":[{"@type":"ListItem","position":1,"name":"Accueil","item":"https:\/\/7culture.ci\/"},{"@type":"ListItem","position":2,"name":"Yannick Noah, pied nus, a re\u00e7u Emmanuel Macron!"}]},{"@type":"WebSite","@id":"https:\/\/7culture.ci\/#website","url":"https:\/\/7culture.ci\/","name":"7culture","description":"Tout sur l&#039;actualit\u00e9","publisher":{"@id":"https:\/\/7culture.ci\/#organization"},"potentialAction":[{"@type":"SearchAction","target":{"@type":"EntryPoint","urlTemplate":"https:\/\/7culture.ci\/?s={search_term_string}"},"query-input":"required name=search_term_string"}],"inLanguage":"fr-FR"},{"@type":"Organization","@id":"https:\/\/7culture.ci\/#organization","name":"7culture","url":"https:\/\/7culture.ci\/","sameAs":["https:\/\/www.facebook.com\/redchefclaude","https:\/\/twitter.com\/7culturec"],"logo":{"@type":"ImageObject","inLanguage":"fr-FR","@id":"https:\/\/7culture.ci\/#\/schema\/logo\/image\/","url":"https:\/\/7culture.ci\/wp-content\/uploads\/2021\/12\/S1a-1.png","contentUrl":"https:\/\/7culture.ci\/wp-content\/uploads\/2021\/12\/S1a-1.png","width":588,"height":192,"caption":"7culture"},"image":{"@id":"https:\/\/7culture.ci\/#\/schema\/logo\/image\/"}},{"@type":"Person","@id":"https:\/\/7culture.ci\/#\/schema\/person\/16150d28d7ef66ba788c1f87f28c4426","name":"7culture2020","image":{"@type":"ImageObject","inLanguage":"fr-FR","@id":"https:\/\/7culture.ci\/#\/schema\/person\/image\/","url":"https:\/\/secure.gravatar.com\/avatar\/9a0784f951306c37bcd065f52844ef95?s=96&d=mm&r=g","contentUrl":"https:\/\/secure.gravatar.com\/avatar\/9a0784f951306c37bcd065f52844ef95?s=96&d=mm&r=g","caption":"7culture2020"},"sameAs":["http:\/\/7culture.ci","Claude.kipre"],"url":"https:\/\/7culture.ci\/index.php\/author\/7culture2020\/"}]}},"jetpack_featured_media_url":"https:\/\/7culture.ci\/wp-content\/uploads\/2022\/07\/macron-noah3.jpeg","jetpack_likes_enabled":true,"jetpack_sharing_enabled":true,"_links":{"self":[{"href":"https:\/\/7culture.ci\/index.php\/wp-json\/wp\/v2\/posts\/22784"}],"collection":[{"href":"https:\/\/7culture.ci\/index.php\/wp-json\/wp\/v2\/posts"}],"about":[{"href":"https:\/\/7culture.ci\/index.php\/wp-json\/wp\/v2\/types\/post"}],"author":[{"embeddable":true,"href":"https:\/\/7culture.ci\/index.php\/wp-json\/wp\/v2\/users\/1"}],"replies":[{"embeddable":true,"href":"https:\/\/7culture.ci\/index.php\/wp-json\/wp\/v2\/comments?post=22784"}],"version-history":[{"count":0,"href":"https:\/\/7culture.ci\/index.php\/wp-json\/wp\/v2\/posts\/22784\/revisions"}],"wp:featuredmedia":[{"embeddable":true,"href":"https:\/\/7culture.ci\/index.php\/wp-json\/wp\/v2\/media\/22785"}],"wp:attachment":[{"href":"https:\/\/7culture.ci\/index.php\/wp-json\/wp\/v2\/media?parent=22784"}],"wp:term":[{"taxonomy":"category","embeddable":true,"href":"https:\/\/7culture.ci\/index.php\/wp-json\/wp\/v2\/categories?post=22784"},{"taxonomy":"post_tag","embeddable":true,"href":"https:\/\/7culture.ci\/index.php\/wp-json\/wp\/v2\/tags?post=22784"}],"curies":[{"name":"wp","href":"https:\/\/api.w.org\/{rel}","templated":true}]}}