{"id":22769,"date":"2022-07-27T11:36:40","date_gmt":"2022-07-27T09:36:40","guid":{"rendered":"https:\/\/7culture.ci\/?p=22769"},"modified":"2022-07-27T14:42:51","modified_gmt":"2022-07-27T12:42:51","slug":"boxe-ben-badi-molare-abou-nidal-lino-versace-sur-le-ring","status":"publish","type":"post","link":"https:\/\/7culture.ci\/index.php\/2022\/07\/27\/boxe-ben-badi-molare-abou-nidal-lino-versace-sur-le-ring\/","title":{"rendered":"Boxe\u00a0: Ben Badi, Molare, Abou Nidal, Lino Versace sur le ring"},"content":{"rendered":"\n<p>Apr\u00e8s Port-Bou\u00ebt, l\u2019espace Inch\u2019Allah de Koumassi a accueilli la 2<sup>e<\/sup> \u00e9tape de la caravane de d\u00e9tection de talents dans la boxe le 23 juillet dernier. Pour bien faire les choses, l\u2019organisation a am\u00e9nag\u00e9 le coin avec un ring et une salle d&#8217;entra\u00eenement install\u00e9s \u00e7\u00e0 et l\u00e0. Deux \u00e9crans g\u00e9ants diffusent des combats de boxes et des images des l\u00e9gendes du noble art. Le nouvel am\u00e9nagement de l\u2019espace Inch\u2019Allah attire la curiosit\u00e9 des passants et des riverains. Qui occupent les chaises ou se tiennent d\u00e9bout.<\/p>\n\n\n\n<p>Le nombre des spectateurs accro\u00eet inexorablement quand la set-jet abidjanaise d\u00e9barque sur les lieux. Molare, Abou Nidal, Lino Versace, Bilongo String, Chico Lacoste\u2026et leur cohorte d\u2019amis font monter le mercure. Avant eux, l\u2019ancien goaleador des El\u00e9phants de C\u00f4te d\u2018Ivoire, Abdoulaye Traor\u00e9 \u00e9tait d\u00e9j\u00e0 l\u00e0 pour assister \u00e0 cet \u00e9v\u00e9nement de boxe.<\/p>\n\n\n\n<figure class=\"wp-block-gallery has-nested-images columns-default is-cropped wp-block-gallery-1 is-layout-flex wp-block-gallery-is-layout-flex\">\n<figure class=\"wp-block-image size-large\"><img loading=\"lazy\" decoding=\"async\" width=\"908\" height=\"864\" data-id=\"22772\" src=\"https:\/\/7culture.ci\/wp-content\/uploads\/2022\/07\/2.jpg\" alt=\"\" class=\"wp-image-22772\" srcset=\"https:\/\/7culture.ci\/wp-content\/uploads\/2022\/07\/2.jpg 908w, https:\/\/7culture.ci\/wp-content\/uploads\/2022\/07\/2-300x285.jpg 300w, https:\/\/7culture.ci\/wp-content\/uploads\/2022\/07\/2-768x731.jpg 768w\" sizes=\"(max-width: 908px) 100vw, 908px\" \/><\/figure>\n\n\n\n<figure class=\"wp-block-image size-large\"><img loading=\"lazy\" decoding=\"async\" width=\"1024\" height=\"683\" data-id=\"22774\" src=\"https:\/\/7culture.ci\/wp-content\/uploads\/2022\/07\/4-1-1024x683.jpg\" alt=\"\" class=\"wp-image-22774\" srcset=\"https:\/\/7culture.ci\/wp-content\/uploads\/2022\/07\/4-1-1024x683.jpg 1024w, https:\/\/7culture.ci\/wp-content\/uploads\/2022\/07\/4-1-300x200.jpg 300w, https:\/\/7culture.ci\/wp-content\/uploads\/2022\/07\/4-1-768x512.jpg 768w, https:\/\/7culture.ci\/wp-content\/uploads\/2022\/07\/4-1.jpg 1080w\" sizes=\"(max-width: 1024px) 100vw, 1024px\" \/><\/figure>\n\n\n\n<figure class=\"wp-block-image size-large\"><img loading=\"lazy\" decoding=\"async\" width=\"1024\" height=\"683\" data-id=\"22773\" src=\"https:\/\/7culture.ci\/wp-content\/uploads\/2022\/07\/6-1-1024x683.jpg\" alt=\"\" class=\"wp-image-22773\" srcset=\"https:\/\/7culture.ci\/wp-content\/uploads\/2022\/07\/6-1-1024x683.jpg 1024w, https:\/\/7culture.ci\/wp-content\/uploads\/2022\/07\/6-1-300x200.jpg 300w, https:\/\/7culture.ci\/wp-content\/uploads\/2022\/07\/6-1-768x512.jpg 768w, https:\/\/7culture.ci\/wp-content\/uploads\/2022\/07\/6-1.jpg 1080w\" sizes=\"(max-width: 1024px) 100vw, 1024px\" \/><\/figure>\n<\/figure>\n\n\n\n<p>C\u2019est devant ce beau monde et un public de jeunes et d\u2019ados que d\u00e9marrent les diff\u00e9rents combats. Tout commence par une d\u00e9monstration des enfants que les spectateurs appr\u00e9cient fortement. Puis suivent les quatre pugilats du jour. Chez les L\u00e9gers (60kg), El Hadj Bah domine Mamadou Bamba aux points. Le combat est plus dense quand les Super l\u00e9gers (65kg) s\u2019emparent du ring. Aux termes des trois rounds de trois minutes, Jean Claude Abouo prend le meilleur aux points sur Drissa Cissoko. A la 3<sup>e<\/sup> explication pugilistique, ce sont les Moyens (70kg) qui entrent en sc\u00e8ne. L\u00e0 aussi, c\u2019est Ali Obou Timb\u00e9 qui arrive \u00e0 bout de Kapi Ke\u00efta aux points. La belle conclusion des combats du jour intervient avec les 85kg. Moussa Mouhi d\u2019Assicongo Boxing Club du Plateau et Bakary Soumar\u00e9 de Diarra Boxing Club ne se font pas de cadeau. La rigidit\u00e9 de l\u2019affrontement am\u00e8ne l\u2019arbitre \u00e0 interrompre \u00e0 plusieurs reprises la rixe. Finalement, la partie, tr\u00e8s enlev\u00e9e, ne va pas \u00e0 son terme. Bakary Soumar\u00e9 gagne le combat par abandon de son protagoniste Moussa Mouhi au 2<sup>e<\/sup> round.<\/p>\n\n\n\n<figure class=\"wp-block-gallery has-nested-images columns-default is-cropped wp-block-gallery-2 is-layout-flex wp-block-gallery-is-layout-flex\">\n<figure class=\"wp-block-image size-large\"><img loading=\"lazy\" decoding=\"async\" width=\"1024\" height=\"683\" data-id=\"22777\" src=\"https:\/\/7culture.ci\/wp-content\/uploads\/2022\/07\/8-1-1024x683.jpg\" alt=\"\" class=\"wp-image-22777\" srcset=\"https:\/\/7culture.ci\/wp-content\/uploads\/2022\/07\/8-1-1024x683.jpg 1024w, https:\/\/7culture.ci\/wp-content\/uploads\/2022\/07\/8-1-300x200.jpg 300w, https:\/\/7culture.ci\/wp-content\/uploads\/2022\/07\/8-1-768x512.jpg 768w, https:\/\/7culture.ci\/wp-content\/uploads\/2022\/07\/8-1.jpg 1080w\" sizes=\"(max-width: 1024px) 100vw, 1024px\" \/><\/figure>\n\n\n\n<figure class=\"wp-block-image size-large\"><img loading=\"lazy\" decoding=\"async\" width=\"1024\" height=\"683\" data-id=\"22775\" src=\"https:\/\/7culture.ci\/wp-content\/uploads\/2022\/07\/10-1-1024x683.jpg\" alt=\"\" class=\"wp-image-22775\" srcset=\"https:\/\/7culture.ci\/wp-content\/uploads\/2022\/07\/10-1-1024x683.jpg 1024w, https:\/\/7culture.ci\/wp-content\/uploads\/2022\/07\/10-1-300x200.jpg 300w, https:\/\/7culture.ci\/wp-content\/uploads\/2022\/07\/10-1-768x512.jpg 768w, https:\/\/7culture.ci\/wp-content\/uploads\/2022\/07\/10-1.jpg 1080w\" sizes=\"(max-width: 1024px) 100vw, 1024px\" \/><\/figure>\n\n\n\n<figure class=\"wp-block-image size-large\"><img loading=\"lazy\" decoding=\"async\" width=\"1024\" height=\"683\" data-id=\"22776\" src=\"https:\/\/7culture.ci\/wp-content\/uploads\/2022\/07\/IMG-20220725-WA0062-1024x683.jpg\" alt=\"\" class=\"wp-image-22776\" srcset=\"https:\/\/7culture.ci\/wp-content\/uploads\/2022\/07\/IMG-20220725-WA0062-1024x683.jpg 1024w, https:\/\/7culture.ci\/wp-content\/uploads\/2022\/07\/IMG-20220725-WA0062-300x200.jpg 300w, https:\/\/7culture.ci\/wp-content\/uploads\/2022\/07\/IMG-20220725-WA0062-768x512.jpg 768w, https:\/\/7culture.ci\/wp-content\/uploads\/2022\/07\/IMG-20220725-WA0062.jpg 1080w\" sizes=\"(max-width: 1024px) 100vw, 1024px\" \/><\/figure>\n<\/figure>\n\n\n\n<p>Les diff\u00e9rentes confrontations permettent aux spectateurs de passer de purs moments de bonheur. Leur joie s\u2019amplifie lorsque la jet-set monte sur le ring qui sert maintenant de podium. Molare, Abou Nidal et Lino Versace prodigue de sages conseils aux jeunes et organise des parties de danses. L\u2019ambiance monte d\u2019un cran. On assiste \u00e0 une fin en panache de la 2<sup>e<\/sup> \u00e9tape de la caravane de d\u00e9tection de jeunes talents de boxeurs qui parcourt les communes d\u2019Abidjan et les villes de l\u2019int\u00e9rieur du pays. L\u2019organisation effectue 24 heures dans chaque commune. Le menu comprend la d\u00e9tection de talents et le partage d\u2019exp\u00e9rience des professionnels. \u00ab&nbsp;<strong><em>L\u2019id\u00e9e est d\u2019occuper sainement nos jeunes en leur permettant de faire ce qu\u2019ils aiment&nbsp;: la boxe. A la fin de la caravane, nous allons avoir une bonne base de donn\u00e9es. Avec ces r\u00e9sultats, nous pourrons organiser un bon championnat de box e en C\u00f4te d\u2019Ivoire sous la supervision de la f\u00e9d\u00e9ration ivoirienne de boxe<\/em><\/strong>\u00bb, projette M. Jhimmy Traor\u00e9, l\u2019initiateur du Choc Des Titans (CDT) qui pilote l\u2019\u00e9v\u00e9nement.<\/p>\n\n\n\n<figure class=\"wp-block-gallery has-nested-images columns-default is-cropped wp-block-gallery-3 is-layout-flex wp-block-gallery-is-layout-flex\">\n<figure class=\"wp-block-image size-large\"><img loading=\"lazy\" decoding=\"async\" width=\"1024\" height=\"683\" data-id=\"22779\" src=\"https:\/\/7culture.ci\/wp-content\/uploads\/2022\/07\/IMG-20220725-WA0080-1024x683.jpg\" alt=\"\" class=\"wp-image-22779\" srcset=\"https:\/\/7culture.ci\/wp-content\/uploads\/2022\/07\/IMG-20220725-WA0080-1024x683.jpg 1024w, https:\/\/7culture.ci\/wp-content\/uploads\/2022\/07\/IMG-20220725-WA0080-300x200.jpg 300w, https:\/\/7culture.ci\/wp-content\/uploads\/2022\/07\/IMG-20220725-WA0080-768x512.jpg 768w, https:\/\/7culture.ci\/wp-content\/uploads\/2022\/07\/IMG-20220725-WA0080.jpg 1080w\" sizes=\"(max-width: 1024px) 100vw, 1024px\" \/><\/figure>\n\n\n\n<figure class=\"wp-block-image size-large\"><img loading=\"lazy\" decoding=\"async\" width=\"1024\" height=\"683\" data-id=\"22780\" src=\"https:\/\/7culture.ci\/wp-content\/uploads\/2022\/07\/IMG-20220725-WA0081-1024x683.jpg\" alt=\"\" class=\"wp-image-22780\" srcset=\"https:\/\/7culture.ci\/wp-content\/uploads\/2022\/07\/IMG-20220725-WA0081-1024x683.jpg 1024w, https:\/\/7culture.ci\/wp-content\/uploads\/2022\/07\/IMG-20220725-WA0081-300x200.jpg 300w, https:\/\/7culture.ci\/wp-content\/uploads\/2022\/07\/IMG-20220725-WA0081-768x512.jpg 768w, https:\/\/7culture.ci\/wp-content\/uploads\/2022\/07\/IMG-20220725-WA0081.jpg 1080w\" sizes=\"(max-width: 1024px) 100vw, 1024px\" \/><\/figure>\n\n\n\n<figure class=\"wp-block-image size-large\"><img loading=\"lazy\" decoding=\"async\" width=\"1024\" height=\"683\" data-id=\"22778\" src=\"https:\/\/7culture.ci\/wp-content\/uploads\/2022\/07\/IMG-20220725-WA0082-1024x683.jpg\" alt=\"\" class=\"wp-image-22778\" srcset=\"https:\/\/7culture.ci\/wp-content\/uploads\/2022\/07\/IMG-20220725-WA0082-1024x683.jpg 1024w, https:\/\/7culture.ci\/wp-content\/uploads\/2022\/07\/IMG-20220725-WA0082-300x200.jpg 300w, https:\/\/7culture.ci\/wp-content\/uploads\/2022\/07\/IMG-20220725-WA0082-768x512.jpg 768w, https:\/\/7culture.ci\/wp-content\/uploads\/2022\/07\/IMG-20220725-WA0082.jpg 1080w\" sizes=\"(max-width: 1024px) 100vw, 1024px\" \/><\/figure>\n<\/figure>\n\n\n\n<p>Apr\u00e8s Gonzagueville \u00e0 Port-Bou\u00ebt et la Place Inch\u2019Allah \u00e0 Koumassi, le prochain round de la caravane de d\u00e9tection de talents en boxe se d\u00e9roulera \u00e0 Att\u00e9coub\u00e9 \u00e0 la Place de la Chefferie d\u2019Agban Village les 29 et 30 juillet. Dans le programme complet de la tourn\u00e9e, Abobo, Yamoussoukro, Bouak\u00e9, Korhogo, et San Pedro recevront l\u2019\u00e9quipe de Jhimmy Traor\u00e9. Par Omar AK<\/p>\n","protected":false},"excerpt":{"rendered":"<p>Apr\u00e8s Port-Bou\u00ebt, l\u2019espace Inch\u2019Allah de Koumassi a accueilli la 2e \u00e9tape de la caravane de d\u00e9tection de talents dans la boxe le 23 juillet dernier. Pour bien faire les choses, l\u2019organisation a am\u00e9nag\u00e9 le coin avec un ring et une salle d&#8217;entra\u00eenement install\u00e9s \u00e7\u00e0 et l\u00e0. Deux \u00e9crans g\u00e9ants diffusent des combats de boxes et &hellip;<\/p>\n<p class=\"read-more\"> <a class=\"\" href=\"https:\/\/7culture.ci\/index.php\/2022\/07\/27\/boxe-ben-badi-molare-abou-nidal-lino-versace-sur-le-ring\/\"> <span class=\"screen-reader-text\">Boxe\u00a0: Ben Badi, Molare, Abou Nidal, Lino Versace sur le ring<\/span> Lire la suite\u00a0\u00bb<\/a><\/p>\n","protected":false},"author":1,"featured_media":22771,"comment_status":"open","ping_status":"open","sticky":false,"template":"","format":"standard","meta":{"_mi_skip_tracking":false,"_monsterinsights_sitenote_active":false,"_monsterinsights_sitenote_note":"","_monsterinsights_sitenote_category":0,"site-sidebar-layout":"default","site-content-layout":"default","ast-global-header-display":"","ast-main-header-display":"","ast-hfb-above-header-display":"","ast-hfb-below-header-display":"","ast-hfb-mobile-header-display":"","site-post-title":"","ast-breadcrumbs-content":"","ast-featured-img":"","footer-sml-layout":"","theme-transparent-header-meta":"","adv-header-id-meta":"","stick-header-meta":"","header-above-stick-meta":"","header-main-stick-meta":"","header-below-stick-meta":"","footnotes":"","jetpack_publicize_message":"","jetpack_is_tweetstorm":false,"jetpack_publicize_feature_enabled":true},"categories":[22],"tags":[],"jetpack_publicize_connections":[],"acf":[],"aioseo_notices":[],"yoast_head":"<!-- This site is optimized with the Yoast SEO plugin v19.6.1 - https:\/\/yoast.com\/wordpress\/plugins\/seo\/ -->\n<title>Boxe\u00a0: Ben Badi, Molare, Abou Nidal, Lino Versace sur le ring -<\/title>\n<meta name=\"robots\" content=\"index, follow, max-snippet:-1, max-image-preview:large, max-video-preview:-1\" \/>\n<link rel=\"canonical\" href=\"https:\/\/7culture.ci\/index.php\/2022\/07\/27\/boxe-ben-badi-molare-abou-nidal-lino-versace-sur-le-ring\/\" \/>\n<meta property=\"og:locale\" content=\"fr_FR\" \/>\n<meta property=\"og:type\" content=\"article\" \/>\n<meta property=\"og:title\" content=\"Boxe\u00a0: Ben Badi, Molare, Abou Nidal, Lino Versace sur le ring -\" \/>\n<meta property=\"og:description\" content=\"Apr\u00e8s Port-Bou\u00ebt, l\u2019espace Inch\u2019Allah de Koumassi a accueilli la 2e \u00e9tape de la caravane de d\u00e9tection de talents dans la boxe le 23 juillet dernier. Pour bien faire les choses, l\u2019organisation a am\u00e9nag\u00e9 le coin avec un ring et une salle d&#8217;entra\u00eenement install\u00e9s \u00e7\u00e0 et l\u00e0. Deux \u00e9crans g\u00e9ants diffusent des combats de boxes et &hellip; Boxe\u00a0: Ben Badi, Molare, Abou Nidal, Lino Versace sur le ring Lire la suite\u00a0\u00bb\" \/>\n<meta property=\"og:url\" content=\"https:\/\/7culture.ci\/index.php\/2022\/07\/27\/boxe-ben-badi-molare-abou-nidal-lino-versace-sur-le-ring\/\" \/>\n<meta property=\"og:site_name\" content=\"7culture\" \/>\n<meta property=\"article:publisher\" content=\"https:\/\/www.facebook.com\/redchefclaude\" \/>\n<meta property=\"article:published_time\" content=\"2022-07-27T09:36:40+00:00\" \/>\n<meta property=\"article:modified_time\" content=\"2022-07-27T12:42:51+00:00\" \/>\n<meta property=\"og:image\" content=\"http:\/\/7culture.ci\/wp-content\/uploads\/2022\/07\/5-2.jpg\" \/>\n\t<meta property=\"og:image:width\" content=\"984\" \/>\n\t<meta property=\"og:image:height\" content=\"764\" \/>\n\t<meta property=\"og:image:type\" content=\"image\/jpeg\" \/>\n<meta name=\"author\" content=\"7culture2020\" \/>\n<meta name=\"twitter:card\" content=\"summary_large_image\" \/>\n<meta name=\"twitter:creator\" content=\"@7culturec\" \/>\n<meta name=\"twitter:site\" content=\"@7culturec\" \/>\n<meta name=\"twitter:label1\" content=\"\u00c9crit par\" \/>\n\t<meta name=\"twitter:data1\" content=\"7culture2020\" \/>\n\t<meta name=\"twitter:label2\" content=\"Dur\u00e9e de lecture estim\u00e9e\" \/>\n\t<meta name=\"twitter:data2\" content=\"5 minutes\" \/>\n<script type=\"application\/ld+json\" class=\"yoast-schema-graph\">{\"@context\":\"https:\/\/schema.org\",\"@graph\":[{\"@type\":\"Article\",\"@id\":\"https:\/\/7culture.ci\/index.php\/2022\/07\/27\/boxe-ben-badi-molare-abou-nidal-lino-versace-sur-le-ring\/#article\",\"isPartOf\":{\"@id\":\"https:\/\/7culture.ci\/index.php\/2022\/07\/27\/boxe-ben-badi-molare-abou-nidal-lino-versace-sur-le-ring\/\"},\"author\":{\"name\":\"7culture2020\",\"@id\":\"https:\/\/7culture.ci\/#\/schema\/person\/16150d28d7ef66ba788c1f87f28c4426\"},\"headline\":\"Boxe\u00a0: Ben Badi, Molare, Abou Nidal, Lino Versace sur le ring\",\"datePublished\":\"2022-07-27T09:36:40+00:00\",\"dateModified\":\"2022-07-27T12:42:51+00:00\",\"mainEntityOfPage\":{\"@id\":\"https:\/\/7culture.ci\/index.php\/2022\/07\/27\/boxe-ben-badi-molare-abou-nidal-lino-versace-sur-le-ring\/\"},\"wordCount\":620,\"commentCount\":0,\"publisher\":{\"@id\":\"https:\/\/7culture.ci\/#organization\"},\"articleSection\":[\"Actualit\u00e9\"],\"inLanguage\":\"fr-FR\",\"potentialAction\":[{\"@type\":\"CommentAction\",\"name\":\"Comment\",\"target\":[\"https:\/\/7culture.ci\/index.php\/2022\/07\/27\/boxe-ben-badi-molare-abou-nidal-lino-versace-sur-le-ring\/#respond\"]}]},{\"@type\":\"WebPage\",\"@id\":\"https:\/\/7culture.ci\/index.php\/2022\/07\/27\/boxe-ben-badi-molare-abou-nidal-lino-versace-sur-le-ring\/\",\"url\":\"https:\/\/7culture.ci\/index.php\/2022\/07\/27\/boxe-ben-badi-molare-abou-nidal-lino-versace-sur-le-ring\/\",\"name\":\"Boxe\u00a0: Ben Badi, Molare, Abou Nidal, Lino Versace sur le ring -\",\"isPartOf\":{\"@id\":\"https:\/\/7culture.ci\/#website\"},\"datePublished\":\"2022-07-27T09:36:40+00:00\",\"dateModified\":\"2022-07-27T12:42:51+00:00\",\"breadcrumb\":{\"@id\":\"https:\/\/7culture.ci\/index.php\/2022\/07\/27\/boxe-ben-badi-molare-abou-nidal-lino-versace-sur-le-ring\/#breadcrumb\"},\"inLanguage\":\"fr-FR\",\"potentialAction\":[{\"@type\":\"ReadAction\",\"target\":[\"https:\/\/7culture.ci\/index.php\/2022\/07\/27\/boxe-ben-badi-molare-abou-nidal-lino-versace-sur-le-ring\/\"]}]},{\"@type\":\"BreadcrumbList\",\"@id\":\"https:\/\/7culture.ci\/index.php\/2022\/07\/27\/boxe-ben-badi-molare-abou-nidal-lino-versace-sur-le-ring\/#breadcrumb\",\"itemListElement\":[{\"@type\":\"ListItem\",\"position\":1,\"name\":\"Accueil\",\"item\":\"https:\/\/7culture.ci\/\"},{\"@type\":\"ListItem\",\"position\":2,\"name\":\"Boxe\u00a0: Ben Badi, Molare, Abou Nidal, Lino Versace sur le ring\"}]},{\"@type\":\"WebSite\",\"@id\":\"https:\/\/7culture.ci\/#website\",\"url\":\"https:\/\/7culture.ci\/\",\"name\":\"7culture\",\"description\":\"Tout sur l&#039;actualit\u00e9\",\"publisher\":{\"@id\":\"https:\/\/7culture.ci\/#organization\"},\"potentialAction\":[{\"@type\":\"SearchAction\",\"target\":{\"@type\":\"EntryPoint\",\"urlTemplate\":\"https:\/\/7culture.ci\/?s={search_term_string}\"},\"query-input\":\"required name=search_term_string\"}],\"inLanguage\":\"fr-FR\"},{\"@type\":\"Organization\",\"@id\":\"https:\/\/7culture.ci\/#organization\",\"name\":\"7culture\",\"url\":\"https:\/\/7culture.ci\/\",\"sameAs\":[\"https:\/\/www.facebook.com\/redchefclaude\",\"https:\/\/twitter.com\/7culturec\"],\"logo\":{\"@type\":\"ImageObject\",\"inLanguage\":\"fr-FR\",\"@id\":\"https:\/\/7culture.ci\/#\/schema\/logo\/image\/\",\"url\":\"https:\/\/7culture.ci\/wp-content\/uploads\/2021\/12\/S1a-1.png\",\"contentUrl\":\"https:\/\/7culture.ci\/wp-content\/uploads\/2021\/12\/S1a-1.png\",\"width\":588,\"height\":192,\"caption\":\"7culture\"},\"image\":{\"@id\":\"https:\/\/7culture.ci\/#\/schema\/logo\/image\/\"}},{\"@type\":\"Person\",\"@id\":\"https:\/\/7culture.ci\/#\/schema\/person\/16150d28d7ef66ba788c1f87f28c4426\",\"name\":\"7culture2020\",\"image\":{\"@type\":\"ImageObject\",\"inLanguage\":\"fr-FR\",\"@id\":\"https:\/\/7culture.ci\/#\/schema\/person\/image\/\",\"url\":\"https:\/\/secure.gravatar.com\/avatar\/9a0784f951306c37bcd065f52844ef95?s=96&d=mm&r=g\",\"contentUrl\":\"https:\/\/secure.gravatar.com\/avatar\/9a0784f951306c37bcd065f52844ef95?s=96&d=mm&r=g\",\"caption\":\"7culture2020\"},\"sameAs\":[\"http:\/\/7culture.ci\",\"Claude.kipre\"],\"url\":\"https:\/\/7culture.ci\/index.php\/author\/7culture2020\/\"}]}<\/script>\n<!-- \/ Yoast SEO plugin. -->","yoast_head_json":{"title":"Boxe\u00a0: Ben Badi, Molare, Abou Nidal, Lino Versace sur le ring -","robots":{"index":"index","follow":"follow","max-snippet":"max-snippet:-1","max-image-preview":"max-image-preview:large","max-video-preview":"max-video-preview:-1"},"canonical":"https:\/\/7culture.ci\/index.php\/2022\/07\/27\/boxe-ben-badi-molare-abou-nidal-lino-versace-sur-le-ring\/","og_locale":"fr_FR","og_type":"article","og_title":"Boxe\u00a0: Ben Badi, Molare, Abou Nidal, Lino Versace sur le ring -","og_description":"Apr\u00e8s Port-Bou\u00ebt, l\u2019espace Inch\u2019Allah de Koumassi a accueilli la 2e \u00e9tape de la caravane de d\u00e9tection de talents dans la boxe le 23 juillet dernier. Pour bien faire les choses, l\u2019organisation a am\u00e9nag\u00e9 le coin avec un ring et une salle d&#8217;entra\u00eenement install\u00e9s \u00e7\u00e0 et l\u00e0. Deux \u00e9crans g\u00e9ants diffusent des combats de boxes et &hellip; Boxe\u00a0: Ben Badi, Molare, Abou Nidal, Lino Versace sur le ring Lire la suite\u00a0\u00bb","og_url":"https:\/\/7culture.ci\/index.php\/2022\/07\/27\/boxe-ben-badi-molare-abou-nidal-lino-versace-sur-le-ring\/","og_site_name":"7culture","article_publisher":"https:\/\/www.facebook.com\/redchefclaude","article_published_time":"2022-07-27T09:36:40+00:00","article_modified_time":"2022-07-27T12:42:51+00:00","og_image":[{"width":984,"height":764,"url":"http:\/\/7culture.ci\/wp-content\/uploads\/2022\/07\/5-2.jpg","type":"image\/jpeg"}],"author":"7culture2020","twitter_card":"summary_large_image","twitter_creator":"@7culturec","twitter_site":"@7culturec","twitter_misc":{"\u00c9crit par":"7culture2020","Dur\u00e9e de lecture estim\u00e9e":"5 minutes"},"schema":{"@context":"https:\/\/schema.org","@graph":[{"@type":"Article","@id":"https:\/\/7culture.ci\/index.php\/2022\/07\/27\/boxe-ben-badi-molare-abou-nidal-lino-versace-sur-le-ring\/#article","isPartOf":{"@id":"https:\/\/7culture.ci\/index.php\/2022\/07\/27\/boxe-ben-badi-molare-abou-nidal-lino-versace-sur-le-ring\/"},"author":{"name":"7culture2020","@id":"https:\/\/7culture.ci\/#\/schema\/person\/16150d28d7ef66ba788c1f87f28c4426"},"headline":"Boxe\u00a0: Ben Badi, Molare, Abou Nidal, Lino Versace sur le ring","datePublished":"2022-07-27T09:36:40+00:00","dateModified":"2022-07-27T12:42:51+00:00","mainEntityOfPage":{"@id":"https:\/\/7culture.ci\/index.php\/2022\/07\/27\/boxe-ben-badi-molare-abou-nidal-lino-versace-sur-le-ring\/"},"wordCount":620,"commentCount":0,"publisher":{"@id":"https:\/\/7culture.ci\/#organization"},"articleSection":["Actualit\u00e9"],"inLanguage":"fr-FR","potentialAction":[{"@type":"CommentAction","name":"Comment","target":["https:\/\/7culture.ci\/index.php\/2022\/07\/27\/boxe-ben-badi-molare-abou-nidal-lino-versace-sur-le-ring\/#respond"]}]},{"@type":"WebPage","@id":"https:\/\/7culture.ci\/index.php\/2022\/07\/27\/boxe-ben-badi-molare-abou-nidal-lino-versace-sur-le-ring\/","url":"https:\/\/7culture.ci\/index.php\/2022\/07\/27\/boxe-ben-badi-molare-abou-nidal-lino-versace-sur-le-ring\/","name":"Boxe\u00a0: Ben Badi, Molare, Abou Nidal, Lino Versace sur le ring -","isPartOf":{"@id":"https:\/\/7culture.ci\/#website"},"datePublished":"2022-07-27T09:36:40+00:00","dateModified":"2022-07-27T12:42:51+00:00","breadcrumb":{"@id":"https:\/\/7culture.ci\/index.php\/2022\/07\/27\/boxe-ben-badi-molare-abou-nidal-lino-versace-sur-le-ring\/#breadcrumb"},"inLanguage":"fr-FR","potentialAction":[{"@type":"ReadAction","target":["https:\/\/7culture.ci\/index.php\/2022\/07\/27\/boxe-ben-badi-molare-abou-nidal-lino-versace-sur-le-ring\/"]}]},{"@type":"BreadcrumbList","@id":"https:\/\/7culture.ci\/index.php\/2022\/07\/27\/boxe-ben-badi-molare-abou-nidal-lino-versace-sur-le-ring\/#breadcrumb","itemListElement":[{"@type":"ListItem","position":1,"name":"Accueil","item":"https:\/\/7culture.ci\/"},{"@type":"ListItem","position":2,"name":"Boxe\u00a0: Ben Badi, Molare, Abou Nidal, Lino Versace sur le ring"}]},{"@type":"WebSite","@id":"https:\/\/7culture.ci\/#website","url":"https:\/\/7culture.ci\/","name":"7culture","description":"Tout sur l&#039;actualit\u00e9","publisher":{"@id":"https:\/\/7culture.ci\/#organization"},"potentialAction":[{"@type":"SearchAction","target":{"@type":"EntryPoint","urlTemplate":"https:\/\/7culture.ci\/?s={search_term_string}"},"query-input":"required name=search_term_string"}],"inLanguage":"fr-FR"},{"@type":"Organization","@id":"https:\/\/7culture.ci\/#organization","name":"7culture","url":"https:\/\/7culture.ci\/","sameAs":["https:\/\/www.facebook.com\/redchefclaude","https:\/\/twitter.com\/7culturec"],"logo":{"@type":"ImageObject","inLanguage":"fr-FR","@id":"https:\/\/7culture.ci\/#\/schema\/logo\/image\/","url":"https:\/\/7culture.ci\/wp-content\/uploads\/2021\/12\/S1a-1.png","contentUrl":"https:\/\/7culture.ci\/wp-content\/uploads\/2021\/12\/S1a-1.png","width":588,"height":192,"caption":"7culture"},"image":{"@id":"https:\/\/7culture.ci\/#\/schema\/logo\/image\/"}},{"@type":"Person","@id":"https:\/\/7culture.ci\/#\/schema\/person\/16150d28d7ef66ba788c1f87f28c4426","name":"7culture2020","image":{"@type":"ImageObject","inLanguage":"fr-FR","@id":"https:\/\/7culture.ci\/#\/schema\/person\/image\/","url":"https:\/\/secure.gravatar.com\/avatar\/9a0784f951306c37bcd065f52844ef95?s=96&d=mm&r=g","contentUrl":"https:\/\/secure.gravatar.com\/avatar\/9a0784f951306c37bcd065f52844ef95?s=96&d=mm&r=g","caption":"7culture2020"},"sameAs":["http:\/\/7culture.ci","Claude.kipre"],"url":"https:\/\/7culture.ci\/index.php\/author\/7culture2020\/"}]}},"jetpack_featured_media_url":"https:\/\/7culture.ci\/wp-content\/uploads\/2022\/07\/5-2.jpg","jetpack_likes_enabled":true,"jetpack_sharing_enabled":true,"_links":{"self":[{"href":"https:\/\/7culture.ci\/index.php\/wp-json\/wp\/v2\/posts\/22769"}],"collection":[{"href":"https:\/\/7culture.ci\/index.php\/wp-json\/wp\/v2\/posts"}],"about":[{"href":"https:\/\/7culture.ci\/index.php\/wp-json\/wp\/v2\/types\/post"}],"author":[{"embeddable":true,"href":"https:\/\/7culture.ci\/index.php\/wp-json\/wp\/v2\/users\/1"}],"replies":[{"embeddable":true,"href":"https:\/\/7culture.ci\/index.php\/wp-json\/wp\/v2\/comments?post=22769"}],"version-history":[{"count":0,"href":"https:\/\/7culture.ci\/index.php\/wp-json\/wp\/v2\/posts\/22769\/revisions"}],"wp:featuredmedia":[{"embeddable":true,"href":"https:\/\/7culture.ci\/index.php\/wp-json\/wp\/v2\/media\/22771"}],"wp:attachment":[{"href":"https:\/\/7culture.ci\/index.php\/wp-json\/wp\/v2\/media?parent=22769"}],"wp:term":[{"taxonomy":"category","embeddable":true,"href":"https:\/\/7culture.ci\/index.php\/wp-json\/wp\/v2\/categories?post=22769"},{"taxonomy":"post_tag","embeddable":true,"href":"https:\/\/7culture.ci\/index.php\/wp-json\/wp\/v2\/tags?post=22769"}],"curies":[{"name":"wp","href":"https:\/\/api.w.org\/{rel}","templated":true}]}}