{"id":22673,"date":"2022-07-22T17:35:17","date_gmt":"2022-07-22T15:35:17","guid":{"rendered":"https:\/\/7culture.ci\/?p=22673"},"modified":"2022-07-25T13:06:46","modified_gmt":"2022-07-25T11:06:46","slug":"wara-tour-2022-abou-nidal-chez-bedie","status":"publish","type":"post","link":"https:\/\/7culture.ci\/index.php\/2022\/07\/22\/wara-tour-2022-abou-nidal-chez-bedie\/","title":{"rendered":"Wara Tour 2022\u00a0: Abou Nidal chez B\u00e9di\u00e9"},"content":{"rendered":"\n<p>Le chanteur Abou Nidal est \u00e0 l&#8217;origine de la cr\u00e9ation du Wara Tour, initiative en faveur d&#8217;une \u00e9ducation inclusive de qualit\u00e9 et luttant contre le travail des enfants. Plac\u00e9e sous l&#8217;\u00e9gide du minist\u00e8re de l&#8217;Education Nationale et de l&#8217;Alphab\u00e9tisation, la c\u00e9r\u00e9monie de cl\u00f4ture de l&#8217;\u00e9dition 2022 de la Caravane du Wara Tour aura lieu le 28 juillet prochain au Sofitel Abidjan H\u00f4tel Ivoire.<\/p>\n\n\n\n<div class=\"wp-block-image\"><figure class=\"aligncenter size-full is-resized\"><img loading=\"lazy\" decoding=\"async\" src=\"https:\/\/7culture.ci\/wp-content\/uploads\/2022\/07\/WhatsApp-Image-2022-07-22-at-14.32.54.jpeg\" alt=\"\" class=\"wp-image-22675\" width=\"637\" height=\"425\" srcset=\"https:\/\/7culture.ci\/wp-content\/uploads\/2022\/07\/WhatsApp-Image-2022-07-22-at-14.32.54.jpeg 1024w, https:\/\/7culture.ci\/wp-content\/uploads\/2022\/07\/WhatsApp-Image-2022-07-22-at-14.32.54-300x200.jpeg 300w, https:\/\/7culture.ci\/wp-content\/uploads\/2022\/07\/WhatsApp-Image-2022-07-22-at-14.32.54-768x512.jpeg 768w\" sizes=\"(max-width: 637px) 100vw, 637px\" \/><\/figure><\/div>\n\n\n\n<p>Avant cette date, l\u2019un des promoteurs du couper-d\u00e9caler veut rallier tout le monde \u00e0 son projet. Il a ainsi rendu visite \u00e0 l&#8217;ancien pr\u00e9sident Henri Konan B\u00e9di\u00e9. Officiellement, l\u2019artiste couper-d\u00e9caler est all\u00e9 inviter M. B\u00e9di\u00e9 \u00e0 la cl\u00f4ture du Wara Tour. Cette visite au pr\u00e9sident du PDCI RDA intervient apr\u00e8s celle qu\u2019Abou Nidal a rendue au Chef de l&#8217;Etat Alasssane Ouattara. Les deux dirigeants ont d\u00e9j\u00e0 re\u00e7u leurs cartons d\u2019invitation. La semaine prochaine, Abou Nidal remettra une invitation au pr\u00e9sident Laurent Gbagbo.<\/p>\n\n\n\n<p>L\u2019apoth\u00e9ose du Wara Tour 2022 se tiendra jeudi 28 juillet au Sofitel Abidjan H\u00f4tel Ivoire d\u00e8s 14h. L\u2019\u00e9v\u00e8nement sera suivi d&#8217;un concert gratuit qui c\u00e9l\u00e9brera les 20 ans de carri\u00e8re de l&#8217;artiste.<\/p>\n\n\n\n<p>Par Omar AK<\/p>\n","protected":false},"excerpt":{"rendered":"<p>Le chanteur Abou Nidal est \u00e0 l&#8217;origine de la cr\u00e9ation du Wara Tour, initiative en faveur d&#8217;une \u00e9ducation inclusive de qualit\u00e9 et luttant contre le travail des enfants. Plac\u00e9e sous l&#8217;\u00e9gide du minist\u00e8re de l&#8217;Education Nationale et de l&#8217;Alphab\u00e9tisation, la c\u00e9r\u00e9monie de cl\u00f4ture de l&#8217;\u00e9dition 2022 de la Caravane du Wara Tour aura lieu le &hellip;<\/p>\n<p class=\"read-more\"> <a class=\"\" href=\"https:\/\/7culture.ci\/index.php\/2022\/07\/22\/wara-tour-2022-abou-nidal-chez-bedie\/\"> <span class=\"screen-reader-text\">Wara Tour 2022\u00a0: Abou Nidal chez B\u00e9di\u00e9<\/span> Lire la suite\u00a0\u00bb<\/a><\/p>\n","protected":false},"author":1,"featured_media":22674,"comment_status":"open","ping_status":"open","sticky":false,"template":"","format":"standard","meta":{"_mi_skip_tracking":false,"_monsterinsights_sitenote_active":false,"_monsterinsights_sitenote_note":"","_monsterinsights_sitenote_category":0,"site-sidebar-layout":"default","site-content-layout":"default","ast-global-header-display":"","ast-main-header-display":"","ast-hfb-above-header-display":"","ast-hfb-below-header-display":"","ast-hfb-mobile-header-display":"","site-post-title":"","ast-breadcrumbs-content":"","ast-featured-img":"","footer-sml-layout":"","theme-transparent-header-meta":"","adv-header-id-meta":"","stick-header-meta":"","header-above-stick-meta":"","header-main-stick-meta":"","header-below-stick-meta":"","footnotes":"","jetpack_publicize_message":"","jetpack_is_tweetstorm":false,"jetpack_publicize_feature_enabled":true},"categories":[22],"tags":[],"jetpack_publicize_connections":[],"acf":[],"aioseo_notices":[],"yoast_head":"<!-- This site is optimized with the Yoast SEO plugin v19.6.1 - https:\/\/yoast.com\/wordpress\/plugins\/seo\/ -->\n<title>Wara Tour 2022\u00a0: Abou Nidal chez B\u00e9di\u00e9 -<\/title>\n<meta name=\"robots\" content=\"index, follow, max-snippet:-1, max-image-preview:large, max-video-preview:-1\" \/>\n<link rel=\"canonical\" href=\"https:\/\/7culture.ci\/index.php\/2022\/07\/22\/wara-tour-2022-abou-nidal-chez-bedie\/\" \/>\n<meta property=\"og:locale\" content=\"fr_FR\" \/>\n<meta property=\"og:type\" content=\"article\" \/>\n<meta property=\"og:title\" content=\"Wara Tour 2022\u00a0: Abou Nidal chez B\u00e9di\u00e9 -\" \/>\n<meta property=\"og:description\" content=\"Le chanteur Abou Nidal est \u00e0 l&#8217;origine de la cr\u00e9ation du Wara Tour, initiative en faveur d&#8217;une \u00e9ducation inclusive de qualit\u00e9 et luttant contre le travail des enfants. Plac\u00e9e sous l&#8217;\u00e9gide du minist\u00e8re de l&#8217;Education Nationale et de l&#8217;Alphab\u00e9tisation, la c\u00e9r\u00e9monie de cl\u00f4ture de l&#8217;\u00e9dition 2022 de la Caravane du Wara Tour aura lieu le &hellip; Wara Tour 2022\u00a0: Abou Nidal chez B\u00e9di\u00e9 Lire la suite\u00a0\u00bb\" \/>\n<meta property=\"og:url\" content=\"https:\/\/7culture.ci\/index.php\/2022\/07\/22\/wara-tour-2022-abou-nidal-chez-bedie\/\" \/>\n<meta property=\"og:site_name\" content=\"7culture\" \/>\n<meta property=\"article:publisher\" content=\"https:\/\/www.facebook.com\/redchefclaude\" \/>\n<meta property=\"article:published_time\" content=\"2022-07-22T15:35:17+00:00\" \/>\n<meta property=\"article:modified_time\" content=\"2022-07-25T11:06:46+00:00\" \/>\n<meta property=\"og:image\" content=\"http:\/\/7culture.ci\/wp-content\/uploads\/2022\/07\/abou-nidal-bedie.jpeg\" \/>\n\t<meta property=\"og:image:width\" content=\"750\" \/>\n\t<meta property=\"og:image:height\" content=\"450\" \/>\n\t<meta property=\"og:image:type\" content=\"image\/jpeg\" \/>\n<meta name=\"author\" content=\"7culture2020\" \/>\n<meta name=\"twitter:card\" content=\"summary_large_image\" \/>\n<meta name=\"twitter:creator\" content=\"@7culturec\" \/>\n<meta name=\"twitter:site\" content=\"@7culturec\" \/>\n<meta name=\"twitter:label1\" content=\"\u00c9crit par\" \/>\n\t<meta name=\"twitter:data1\" content=\"7culture2020\" \/>\n\t<meta name=\"twitter:label2\" content=\"Dur\u00e9e de lecture estim\u00e9e\" \/>\n\t<meta name=\"twitter:data2\" content=\"2 minutes\" \/>\n<script type=\"application\/ld+json\" class=\"yoast-schema-graph\">{\"@context\":\"https:\/\/schema.org\",\"@graph\":[{\"@type\":\"Article\",\"@id\":\"https:\/\/7culture.ci\/index.php\/2022\/07\/22\/wara-tour-2022-abou-nidal-chez-bedie\/#article\",\"isPartOf\":{\"@id\":\"https:\/\/7culture.ci\/index.php\/2022\/07\/22\/wara-tour-2022-abou-nidal-chez-bedie\/\"},\"author\":{\"name\":\"7culture2020\",\"@id\":\"https:\/\/7culture.ci\/#\/schema\/person\/16150d28d7ef66ba788c1f87f28c4426\"},\"headline\":\"Wara Tour 2022\u00a0: Abou Nidal chez B\u00e9di\u00e9\",\"datePublished\":\"2022-07-22T15:35:17+00:00\",\"dateModified\":\"2022-07-25T11:06:46+00:00\",\"mainEntityOfPage\":{\"@id\":\"https:\/\/7culture.ci\/index.php\/2022\/07\/22\/wara-tour-2022-abou-nidal-chez-bedie\/\"},\"wordCount\":212,\"commentCount\":0,\"publisher\":{\"@id\":\"https:\/\/7culture.ci\/#organization\"},\"articleSection\":[\"Actualit\u00e9\"],\"inLanguage\":\"fr-FR\",\"potentialAction\":[{\"@type\":\"CommentAction\",\"name\":\"Comment\",\"target\":[\"https:\/\/7culture.ci\/index.php\/2022\/07\/22\/wara-tour-2022-abou-nidal-chez-bedie\/#respond\"]}]},{\"@type\":\"WebPage\",\"@id\":\"https:\/\/7culture.ci\/index.php\/2022\/07\/22\/wara-tour-2022-abou-nidal-chez-bedie\/\",\"url\":\"https:\/\/7culture.ci\/index.php\/2022\/07\/22\/wara-tour-2022-abou-nidal-chez-bedie\/\",\"name\":\"Wara Tour 2022\u00a0: Abou Nidal chez B\u00e9di\u00e9 -\",\"isPartOf\":{\"@id\":\"https:\/\/7culture.ci\/#website\"},\"datePublished\":\"2022-07-22T15:35:17+00:00\",\"dateModified\":\"2022-07-25T11:06:46+00:00\",\"breadcrumb\":{\"@id\":\"https:\/\/7culture.ci\/index.php\/2022\/07\/22\/wara-tour-2022-abou-nidal-chez-bedie\/#breadcrumb\"},\"inLanguage\":\"fr-FR\",\"potentialAction\":[{\"@type\":\"ReadAction\",\"target\":[\"https:\/\/7culture.ci\/index.php\/2022\/07\/22\/wara-tour-2022-abou-nidal-chez-bedie\/\"]}]},{\"@type\":\"BreadcrumbList\",\"@id\":\"https:\/\/7culture.ci\/index.php\/2022\/07\/22\/wara-tour-2022-abou-nidal-chez-bedie\/#breadcrumb\",\"itemListElement\":[{\"@type\":\"ListItem\",\"position\":1,\"name\":\"Accueil\",\"item\":\"https:\/\/7culture.ci\/\"},{\"@type\":\"ListItem\",\"position\":2,\"name\":\"Wara Tour 2022\u00a0: Abou Nidal chez B\u00e9di\u00e9\"}]},{\"@type\":\"WebSite\",\"@id\":\"https:\/\/7culture.ci\/#website\",\"url\":\"https:\/\/7culture.ci\/\",\"name\":\"7culture\",\"description\":\"Tout sur l&#039;actualit\u00e9\",\"publisher\":{\"@id\":\"https:\/\/7culture.ci\/#organization\"},\"potentialAction\":[{\"@type\":\"SearchAction\",\"target\":{\"@type\":\"EntryPoint\",\"urlTemplate\":\"https:\/\/7culture.ci\/?s={search_term_string}\"},\"query-input\":\"required name=search_term_string\"}],\"inLanguage\":\"fr-FR\"},{\"@type\":\"Organization\",\"@id\":\"https:\/\/7culture.ci\/#organization\",\"name\":\"7culture\",\"url\":\"https:\/\/7culture.ci\/\",\"sameAs\":[\"https:\/\/www.facebook.com\/redchefclaude\",\"https:\/\/twitter.com\/7culturec\"],\"logo\":{\"@type\":\"ImageObject\",\"inLanguage\":\"fr-FR\",\"@id\":\"https:\/\/7culture.ci\/#\/schema\/logo\/image\/\",\"url\":\"https:\/\/7culture.ci\/wp-content\/uploads\/2021\/12\/S1a-1.png\",\"contentUrl\":\"https:\/\/7culture.ci\/wp-content\/uploads\/2021\/12\/S1a-1.png\",\"width\":588,\"height\":192,\"caption\":\"7culture\"},\"image\":{\"@id\":\"https:\/\/7culture.ci\/#\/schema\/logo\/image\/\"}},{\"@type\":\"Person\",\"@id\":\"https:\/\/7culture.ci\/#\/schema\/person\/16150d28d7ef66ba788c1f87f28c4426\",\"name\":\"7culture2020\",\"image\":{\"@type\":\"ImageObject\",\"inLanguage\":\"fr-FR\",\"@id\":\"https:\/\/7culture.ci\/#\/schema\/person\/image\/\",\"url\":\"https:\/\/secure.gravatar.com\/avatar\/9a0784f951306c37bcd065f52844ef95?s=96&d=mm&r=g\",\"contentUrl\":\"https:\/\/secure.gravatar.com\/avatar\/9a0784f951306c37bcd065f52844ef95?s=96&d=mm&r=g\",\"caption\":\"7culture2020\"},\"sameAs\":[\"http:\/\/7culture.ci\",\"Claude.kipre\"],\"url\":\"https:\/\/7culture.ci\/index.php\/author\/7culture2020\/\"}]}<\/script>\n<!-- \/ Yoast SEO plugin. -->","yoast_head_json":{"title":"Wara Tour 2022\u00a0: Abou Nidal chez B\u00e9di\u00e9 -","robots":{"index":"index","follow":"follow","max-snippet":"max-snippet:-1","max-image-preview":"max-image-preview:large","max-video-preview":"max-video-preview:-1"},"canonical":"https:\/\/7culture.ci\/index.php\/2022\/07\/22\/wara-tour-2022-abou-nidal-chez-bedie\/","og_locale":"fr_FR","og_type":"article","og_title":"Wara Tour 2022\u00a0: Abou Nidal chez B\u00e9di\u00e9 -","og_description":"Le chanteur Abou Nidal est \u00e0 l&#8217;origine de la cr\u00e9ation du Wara Tour, initiative en faveur d&#8217;une \u00e9ducation inclusive de qualit\u00e9 et luttant contre le travail des enfants. Plac\u00e9e sous l&#8217;\u00e9gide du minist\u00e8re de l&#8217;Education Nationale et de l&#8217;Alphab\u00e9tisation, la c\u00e9r\u00e9monie de cl\u00f4ture de l&#8217;\u00e9dition 2022 de la Caravane du Wara Tour aura lieu le &hellip; Wara Tour 2022\u00a0: Abou Nidal chez B\u00e9di\u00e9 Lire la suite\u00a0\u00bb","og_url":"https:\/\/7culture.ci\/index.php\/2022\/07\/22\/wara-tour-2022-abou-nidal-chez-bedie\/","og_site_name":"7culture","article_publisher":"https:\/\/www.facebook.com\/redchefclaude","article_published_time":"2022-07-22T15:35:17+00:00","article_modified_time":"2022-07-25T11:06:46+00:00","og_image":[{"width":750,"height":450,"url":"http:\/\/7culture.ci\/wp-content\/uploads\/2022\/07\/abou-nidal-bedie.jpeg","type":"image\/jpeg"}],"author":"7culture2020","twitter_card":"summary_large_image","twitter_creator":"@7culturec","twitter_site":"@7culturec","twitter_misc":{"\u00c9crit par":"7culture2020","Dur\u00e9e de lecture estim\u00e9e":"2 minutes"},"schema":{"@context":"https:\/\/schema.org","@graph":[{"@type":"Article","@id":"https:\/\/7culture.ci\/index.php\/2022\/07\/22\/wara-tour-2022-abou-nidal-chez-bedie\/#article","isPartOf":{"@id":"https:\/\/7culture.ci\/index.php\/2022\/07\/22\/wara-tour-2022-abou-nidal-chez-bedie\/"},"author":{"name":"7culture2020","@id":"https:\/\/7culture.ci\/#\/schema\/person\/16150d28d7ef66ba788c1f87f28c4426"},"headline":"Wara Tour 2022\u00a0: Abou Nidal chez B\u00e9di\u00e9","datePublished":"2022-07-22T15:35:17+00:00","dateModified":"2022-07-25T11:06:46+00:00","mainEntityOfPage":{"@id":"https:\/\/7culture.ci\/index.php\/2022\/07\/22\/wara-tour-2022-abou-nidal-chez-bedie\/"},"wordCount":212,"commentCount":0,"publisher":{"@id":"https:\/\/7culture.ci\/#organization"},"articleSection":["Actualit\u00e9"],"inLanguage":"fr-FR","potentialAction":[{"@type":"CommentAction","name":"Comment","target":["https:\/\/7culture.ci\/index.php\/2022\/07\/22\/wara-tour-2022-abou-nidal-chez-bedie\/#respond"]}]},{"@type":"WebPage","@id":"https:\/\/7culture.ci\/index.php\/2022\/07\/22\/wara-tour-2022-abou-nidal-chez-bedie\/","url":"https:\/\/7culture.ci\/index.php\/2022\/07\/22\/wara-tour-2022-abou-nidal-chez-bedie\/","name":"Wara Tour 2022\u00a0: Abou Nidal chez B\u00e9di\u00e9 -","isPartOf":{"@id":"https:\/\/7culture.ci\/#website"},"datePublished":"2022-07-22T15:35:17+00:00","dateModified":"2022-07-25T11:06:46+00:00","breadcrumb":{"@id":"https:\/\/7culture.ci\/index.php\/2022\/07\/22\/wara-tour-2022-abou-nidal-chez-bedie\/#breadcrumb"},"inLanguage":"fr-FR","potentialAction":[{"@type":"ReadAction","target":["https:\/\/7culture.ci\/index.php\/2022\/07\/22\/wara-tour-2022-abou-nidal-chez-bedie\/"]}]},{"@type":"BreadcrumbList","@id":"https:\/\/7culture.ci\/index.php\/2022\/07\/22\/wara-tour-2022-abou-nidal-chez-bedie\/#breadcrumb","itemListElement":[{"@type":"ListItem","position":1,"name":"Accueil","item":"https:\/\/7culture.ci\/"},{"@type":"ListItem","position":2,"name":"Wara Tour 2022\u00a0: Abou Nidal chez B\u00e9di\u00e9"}]},{"@type":"WebSite","@id":"https:\/\/7culture.ci\/#website","url":"https:\/\/7culture.ci\/","name":"7culture","description":"Tout sur l&#039;actualit\u00e9","publisher":{"@id":"https:\/\/7culture.ci\/#organization"},"potentialAction":[{"@type":"SearchAction","target":{"@type":"EntryPoint","urlTemplate":"https:\/\/7culture.ci\/?s={search_term_string}"},"query-input":"required name=search_term_string"}],"inLanguage":"fr-FR"},{"@type":"Organization","@id":"https:\/\/7culture.ci\/#organization","name":"7culture","url":"https:\/\/7culture.ci\/","sameAs":["https:\/\/www.facebook.com\/redchefclaude","https:\/\/twitter.com\/7culturec"],"logo":{"@type":"ImageObject","inLanguage":"fr-FR","@id":"https:\/\/7culture.ci\/#\/schema\/logo\/image\/","url":"https:\/\/7culture.ci\/wp-content\/uploads\/2021\/12\/S1a-1.png","contentUrl":"https:\/\/7culture.ci\/wp-content\/uploads\/2021\/12\/S1a-1.png","width":588,"height":192,"caption":"7culture"},"image":{"@id":"https:\/\/7culture.ci\/#\/schema\/logo\/image\/"}},{"@type":"Person","@id":"https:\/\/7culture.ci\/#\/schema\/person\/16150d28d7ef66ba788c1f87f28c4426","name":"7culture2020","image":{"@type":"ImageObject","inLanguage":"fr-FR","@id":"https:\/\/7culture.ci\/#\/schema\/person\/image\/","url":"https:\/\/secure.gravatar.com\/avatar\/9a0784f951306c37bcd065f52844ef95?s=96&d=mm&r=g","contentUrl":"https:\/\/secure.gravatar.com\/avatar\/9a0784f951306c37bcd065f52844ef95?s=96&d=mm&r=g","caption":"7culture2020"},"sameAs":["http:\/\/7culture.ci","Claude.kipre"],"url":"https:\/\/7culture.ci\/index.php\/author\/7culture2020\/"}]}},"jetpack_featured_media_url":"https:\/\/7culture.ci\/wp-content\/uploads\/2022\/07\/abou-nidal-bedie.jpeg","jetpack_likes_enabled":true,"jetpack_sharing_enabled":true,"_links":{"self":[{"href":"https:\/\/7culture.ci\/index.php\/wp-json\/wp\/v2\/posts\/22673"}],"collection":[{"href":"https:\/\/7culture.ci\/index.php\/wp-json\/wp\/v2\/posts"}],"about":[{"href":"https:\/\/7culture.ci\/index.php\/wp-json\/wp\/v2\/types\/post"}],"author":[{"embeddable":true,"href":"https:\/\/7culture.ci\/index.php\/wp-json\/wp\/v2\/users\/1"}],"replies":[{"embeddable":true,"href":"https:\/\/7culture.ci\/index.php\/wp-json\/wp\/v2\/comments?post=22673"}],"version-history":[{"count":0,"href":"https:\/\/7culture.ci\/index.php\/wp-json\/wp\/v2\/posts\/22673\/revisions"}],"wp:featuredmedia":[{"embeddable":true,"href":"https:\/\/7culture.ci\/index.php\/wp-json\/wp\/v2\/media\/22674"}],"wp:attachment":[{"href":"https:\/\/7culture.ci\/index.php\/wp-json\/wp\/v2\/media?parent=22673"}],"wp:term":[{"taxonomy":"category","embeddable":true,"href":"https:\/\/7culture.ci\/index.php\/wp-json\/wp\/v2\/categories?post=22673"},{"taxonomy":"post_tag","embeddable":true,"href":"https:\/\/7culture.ci\/index.php\/wp-json\/wp\/v2\/tags?post=22673"}],"curies":[{"name":"wp","href":"https:\/\/api.w.org\/{rel}","templated":true}]}}