{"id":22656,"date":"2022-07-22T12:01:28","date_gmt":"2022-07-22T10:01:28","guid":{"rendered":"https:\/\/7culture.ci\/?p=22656"},"modified":"2022-07-28T13:42:31","modified_gmt":"2022-07-28T11:42:31","slug":"caf-awards-2022-le-sacre-de-sadio-mane-et-le-palmares-complet","status":"publish","type":"post","link":"https:\/\/7culture.ci\/index.php\/2022\/07\/22\/caf-awards-2022-le-sacre-de-sadio-mane-et-le-palmares-complet\/","title":{"rendered":"Caf Awards 2022\u00a0: le sacre de Sadio Man\u00e9 et le palmar\u00e8s complet"},"content":{"rendered":"\n<p>C\u2019est vraiment l\u2018ann\u00e9e de Sadio Man\u00e9&nbsp;! Apr\u00e8s avoir remport\u00e9 la coupe d\u2019Afrique des nations et qualifi\u00e9 le S\u00e9n\u00e9gal pour la prochaine coupe du monde, c\u2019est logiquement que l\u2019ancien joueur de Liverpool a rafl\u00e9 le troph\u00e9e du meilleur joueur africain de l&#8217;ann\u00e9e lors des CAF Awards 2022, d\u00e9cern\u00e9s ce jeudi 21 juillet \u00e0 Rabat au Maroc.<\/p>\n\n\n\n<p>La nouvelle recrue du Bayern Munich se succ\u00e8de \u00e0 elle-m\u00eame apr\u00e8s son sacre de 2019 et l\u2019annulation des \u00e9ditions de 2020 et 2021 \u00e0 cause de la pand\u00e9mie de Covid-19. \u00ab<strong><em>Je suis tr\u00e8s honor\u00e9 d&#8217;\u00eatre pr\u00e9sent \u00e0 cette c\u00e9r\u00e9monie ici pour la cinqui\u00e8me fois de suite. Je veux remercier notre pr\u00e9sident et mon coach Aliou Ciss\u00e9 sans oublier mes co\u00e9quipiers en club et s\u00e9lection mais aussi ma famille depuis Bambali, mes amis et mes proches. Je n&#8217;ai m\u00eame pas les mots ce soir. Comme je l\u2019ai dit depuis le d\u00e9but, je suis tr\u00e8s content de le gagner car ce n\u2019est pas facile. Je veux remercier mes co\u00e9quipiers car sans eux, \u00e7a n\u2019aurait pas \u00e9t\u00e9 possible tout comme mon club et ma s\u00e9lection. Je remercie tout le monde pour le soutien. Car ils sont tous derri\u00e8re moi depuis le d\u00e9but et encore plus depuis la victoire \u00e0 la CAN et la qualification au Mondial. Merci \u00e0 eux. Je leur dis un grand merci tout comme aux journalistes s\u00e9n\u00e9galais pr\u00e9sents dans la salle<\/em><\/strong>\u00bb, a d\u00e9clar\u00e9 Sadio Man\u00e9.<\/p>\n\n\n\n<figure class=\"wp-block-image size-full is-resized\"><img loading=\"lazy\" decoding=\"async\" src=\"https:\/\/7culture.ci\/wp-content\/uploads\/2022\/07\/sadio-3.jpg\" alt=\"\" class=\"wp-image-22658\" width=\"636\" height=\"424\" srcset=\"https:\/\/7culture.ci\/wp-content\/uploads\/2022\/07\/sadio-3.jpg 900w, https:\/\/7culture.ci\/wp-content\/uploads\/2022\/07\/sadio-3-300x200.jpg 300w, https:\/\/7culture.ci\/wp-content\/uploads\/2022\/07\/sadio-3-768x512.jpg 768w\" sizes=\"(max-width: 636px) 100vw, 636px\" \/><\/figure>\n\n\n\n<p>Chez les femmes, c&#8217;est la Nig\u00e9riane Asisat Oshoala qui a \u00e9t\u00e9 nomm\u00e9e meilleure joueuse.<\/p>\n\n\n\n<p>Ces Caf Awards ont \u00e9t\u00e9 domin\u00e9s par la razzia du S\u00e9n\u00e9gal. Apr\u00e8s la nomination de Sadio Man\u00e9 comme Meilleur joueur de l\u2019ann\u00e9e, Aliou Ciss\u00e9, son coach, a remport\u00e9 le titre de Meilleur entraineur. Le prix de Meilleur jeune joueur est all\u00e9 Pape Matar Sarr (S\u00e9n\u00e9gal\/Tottenham-Metz). Quant au Meilleur but de l\u2019ann\u00e9e, il est accord\u00e9 \u00e0 Pape Ousmane Sakho (S\u00e9n\u00e9gal\/Simba SC Tanzanie). Et \u00e7a ne pouvait pas lui \u00e9chapper, le S\u00e9n\u00e9gal a \u00e9t\u00e9 d\u00e9sign\u00e9 Meilleure \u00e9quipe nationale<\/p>\n\n\n\n<div class=\"wp-block-image\"><figure class=\"aligncenter size-full\"><img loading=\"lazy\" decoding=\"async\" width=\"625\" height=\"375\" src=\"https:\/\/7culture.ci\/wp-content\/uploads\/2022\/07\/sadio5.jpg\" alt=\"\" class=\"wp-image-22659\" srcset=\"https:\/\/7culture.ci\/wp-content\/uploads\/2022\/07\/sadio5.jpg 625w, https:\/\/7culture.ci\/wp-content\/uploads\/2022\/07\/sadio5-300x180.jpg 300w\" sizes=\"(max-width: 625px) 100vw, 625px\" \/><\/figure><\/div>\n\n\n\n<p>Le Palmar\u00e8s complet de la soir\u00e9e :<\/p>\n\n\n\n<p>&#8211; Meilleur club f\u00e9minin : Mamelodi Sundowns Football Club (Afrique du Sud)<\/p>\n\n\n\n<p>&#8211; Meilleur club africain : Wydad Athletic Club (Maroc)<\/p>\n\n\n\n<p>&#8211; Meilleure joueuse interclubs : Evelyn Badu (Ghana- Sekondi Hasaacas Ladies\/Alvaldsnes)<\/p>\n\n\n\n<p>&#8211; Meilleur joueur interclubs : Mohamed El Shenawy (\u00c9gypte \/ Al Ahly)<\/p>\n\n\n\n<p>&#8211; Meilleure jeune joueuse : Evelyn Badu (Ghana- Sekondi Hasaacas Ladies\/Alvaldsnes)<\/p>\n\n\n\n<p>&#8211; Meilleur jeune joueur : Pape Matar Sarr (S\u00e9n\u00e9gal\/Tottenham-Metz)<\/p>\n\n\n\n<p>&#8211; Meilleure \u00e9quipe nationale : S\u00e9n\u00e9gal<\/p>\n\n\n\n<p>&#8211; Meilleur but de l\u2019ann\u00e9e : Pape Ousmane Sakho (S\u00e9n\u00e9gal\/Simba SC Tanzanie)<\/p>\n\n\n\n<p>&#8211; Meilleure entra\u00eeneure d\u2019une \u00e9quipe f\u00e9minine : Desiree Ellis (Afrique du Sud)<\/p>\n\n\n\n<p>&#8211; Meilleur entra\u00eeneur africain : Aliou Ciss\u00e9 (S\u00e9n\u00e9gal)<\/p>\n\n\n\n<p>&#8211; Meilleur joueur africain : Sadio Man\u00e9 (S\u00e9n\u00e9gal)<\/p>\n\n\n\n<p>Par Omar AK<\/p>\n","protected":false},"excerpt":{"rendered":"<p>C\u2019est vraiment l\u2018ann\u00e9e de Sadio Man\u00e9&nbsp;! Apr\u00e8s avoir remport\u00e9 la coupe d\u2019Afrique des nations et qualifi\u00e9 le S\u00e9n\u00e9gal pour la prochaine coupe du monde, c\u2019est logiquement que l\u2019ancien joueur de Liverpool a rafl\u00e9 le troph\u00e9e du meilleur joueur africain de l&#8217;ann\u00e9e lors des CAF Awards 2022, d\u00e9cern\u00e9s ce jeudi 21 juillet \u00e0 Rabat au Maroc. &hellip;<\/p>\n<p class=\"read-more\"> <a class=\"\" href=\"https:\/\/7culture.ci\/index.php\/2022\/07\/22\/caf-awards-2022-le-sacre-de-sadio-mane-et-le-palmares-complet\/\"> <span class=\"screen-reader-text\">Caf Awards 2022\u00a0: le sacre de Sadio Man\u00e9 et le palmar\u00e8s complet<\/span> Lire la suite\u00a0\u00bb<\/a><\/p>\n","protected":false},"author":1,"featured_media":22657,"comment_status":"open","ping_status":"open","sticky":false,"template":"","format":"standard","meta":{"_mi_skip_tracking":false,"_monsterinsights_sitenote_active":false,"_monsterinsights_sitenote_note":"","_monsterinsights_sitenote_category":0,"site-sidebar-layout":"default","site-content-layout":"default","ast-global-header-display":"","ast-main-header-display":"","ast-hfb-above-header-display":"","ast-hfb-below-header-display":"","ast-hfb-mobile-header-display":"","site-post-title":"","ast-breadcrumbs-content":"","ast-featured-img":"","footer-sml-layout":"","theme-transparent-header-meta":"","adv-header-id-meta":"","stick-header-meta":"","header-above-stick-meta":"","header-main-stick-meta":"","header-below-stick-meta":"","footnotes":"","jetpack_publicize_message":"","jetpack_is_tweetstorm":false,"jetpack_publicize_feature_enabled":true},"categories":[22],"tags":[],"jetpack_publicize_connections":[],"acf":[],"aioseo_notices":[],"yoast_head":"<!-- This site is optimized with the Yoast SEO plugin v19.6.1 - https:\/\/yoast.com\/wordpress\/plugins\/seo\/ -->\n<title>Caf Awards 2022\u00a0: le sacre de Sadio Man\u00e9 et le palmar\u00e8s complet -<\/title>\n<meta name=\"robots\" content=\"index, follow, max-snippet:-1, max-image-preview:large, max-video-preview:-1\" \/>\n<link rel=\"canonical\" href=\"https:\/\/7culture.ci\/index.php\/2022\/07\/22\/caf-awards-2022-le-sacre-de-sadio-mane-et-le-palmares-complet\/\" \/>\n<meta property=\"og:locale\" content=\"fr_FR\" \/>\n<meta property=\"og:type\" content=\"article\" \/>\n<meta property=\"og:title\" content=\"Caf Awards 2022\u00a0: le sacre de Sadio Man\u00e9 et le palmar\u00e8s complet -\" \/>\n<meta property=\"og:description\" content=\"C\u2019est vraiment l\u2018ann\u00e9e de Sadio Man\u00e9&nbsp;! Apr\u00e8s avoir remport\u00e9 la coupe d\u2019Afrique des nations et qualifi\u00e9 le S\u00e9n\u00e9gal pour la prochaine coupe du monde, c\u2019est logiquement que l\u2019ancien joueur de Liverpool a rafl\u00e9 le troph\u00e9e du meilleur joueur africain de l&#8217;ann\u00e9e lors des CAF Awards 2022, d\u00e9cern\u00e9s ce jeudi 21 juillet \u00e0 Rabat au Maroc. &hellip; Caf Awards 2022\u00a0: le sacre de Sadio Man\u00e9 et le palmar\u00e8s complet Lire la suite\u00a0\u00bb\" \/>\n<meta property=\"og:url\" content=\"https:\/\/7culture.ci\/index.php\/2022\/07\/22\/caf-awards-2022-le-sacre-de-sadio-mane-et-le-palmares-complet\/\" \/>\n<meta property=\"og:site_name\" content=\"7culture\" \/>\n<meta property=\"article:publisher\" content=\"https:\/\/www.facebook.com\/redchefclaude\" \/>\n<meta property=\"article:published_time\" content=\"2022-07-22T10:01:28+00:00\" \/>\n<meta property=\"article:modified_time\" content=\"2022-07-28T11:42:31+00:00\" \/>\n<meta property=\"og:image\" content=\"http:\/\/7culture.ci\/wp-content\/uploads\/2022\/07\/sadio4.jpg\" \/>\n\t<meta property=\"og:image:width\" content=\"750\" \/>\n\t<meta property=\"og:image:height\" content=\"450\" \/>\n\t<meta property=\"og:image:type\" content=\"image\/jpeg\" \/>\n<meta name=\"author\" content=\"7culture2020\" \/>\n<meta name=\"twitter:card\" content=\"summary_large_image\" \/>\n<meta name=\"twitter:creator\" content=\"@7culturec\" \/>\n<meta name=\"twitter:site\" content=\"@7culturec\" \/>\n<meta name=\"twitter:label1\" content=\"\u00c9crit par\" \/>\n\t<meta name=\"twitter:data1\" content=\"7culture2020\" \/>\n\t<meta name=\"twitter:label2\" content=\"Dur\u00e9e de lecture estim\u00e9e\" \/>\n\t<meta name=\"twitter:data2\" content=\"3 minutes\" \/>\n<script type=\"application\/ld+json\" class=\"yoast-schema-graph\">{\"@context\":\"https:\/\/schema.org\",\"@graph\":[{\"@type\":\"Article\",\"@id\":\"https:\/\/7culture.ci\/index.php\/2022\/07\/22\/caf-awards-2022-le-sacre-de-sadio-mane-et-le-palmares-complet\/#article\",\"isPartOf\":{\"@id\":\"https:\/\/7culture.ci\/index.php\/2022\/07\/22\/caf-awards-2022-le-sacre-de-sadio-mane-et-le-palmares-complet\/\"},\"author\":{\"name\":\"7culture2020\",\"@id\":\"https:\/\/7culture.ci\/#\/schema\/person\/16150d28d7ef66ba788c1f87f28c4426\"},\"headline\":\"Caf Awards 2022\u00a0: le sacre de Sadio Man\u00e9 et le palmar\u00e8s complet\",\"datePublished\":\"2022-07-22T10:01:28+00:00\",\"dateModified\":\"2022-07-28T11:42:31+00:00\",\"mainEntityOfPage\":{\"@id\":\"https:\/\/7culture.ci\/index.php\/2022\/07\/22\/caf-awards-2022-le-sacre-de-sadio-mane-et-le-palmares-complet\/\"},\"wordCount\":511,\"commentCount\":0,\"publisher\":{\"@id\":\"https:\/\/7culture.ci\/#organization\"},\"articleSection\":[\"Actualit\u00e9\"],\"inLanguage\":\"fr-FR\",\"potentialAction\":[{\"@type\":\"CommentAction\",\"name\":\"Comment\",\"target\":[\"https:\/\/7culture.ci\/index.php\/2022\/07\/22\/caf-awards-2022-le-sacre-de-sadio-mane-et-le-palmares-complet\/#respond\"]}]},{\"@type\":\"WebPage\",\"@id\":\"https:\/\/7culture.ci\/index.php\/2022\/07\/22\/caf-awards-2022-le-sacre-de-sadio-mane-et-le-palmares-complet\/\",\"url\":\"https:\/\/7culture.ci\/index.php\/2022\/07\/22\/caf-awards-2022-le-sacre-de-sadio-mane-et-le-palmares-complet\/\",\"name\":\"Caf Awards 2022\u00a0: le sacre de Sadio Man\u00e9 et le palmar\u00e8s complet -\",\"isPartOf\":{\"@id\":\"https:\/\/7culture.ci\/#website\"},\"datePublished\":\"2022-07-22T10:01:28+00:00\",\"dateModified\":\"2022-07-28T11:42:31+00:00\",\"breadcrumb\":{\"@id\":\"https:\/\/7culture.ci\/index.php\/2022\/07\/22\/caf-awards-2022-le-sacre-de-sadio-mane-et-le-palmares-complet\/#breadcrumb\"},\"inLanguage\":\"fr-FR\",\"potentialAction\":[{\"@type\":\"ReadAction\",\"target\":[\"https:\/\/7culture.ci\/index.php\/2022\/07\/22\/caf-awards-2022-le-sacre-de-sadio-mane-et-le-palmares-complet\/\"]}]},{\"@type\":\"BreadcrumbList\",\"@id\":\"https:\/\/7culture.ci\/index.php\/2022\/07\/22\/caf-awards-2022-le-sacre-de-sadio-mane-et-le-palmares-complet\/#breadcrumb\",\"itemListElement\":[{\"@type\":\"ListItem\",\"position\":1,\"name\":\"Accueil\",\"item\":\"https:\/\/7culture.ci\/\"},{\"@type\":\"ListItem\",\"position\":2,\"name\":\"Caf Awards 2022\u00a0: le sacre de Sadio Man\u00e9 et le palmar\u00e8s complet\"}]},{\"@type\":\"WebSite\",\"@id\":\"https:\/\/7culture.ci\/#website\",\"url\":\"https:\/\/7culture.ci\/\",\"name\":\"7culture\",\"description\":\"Tout sur l&#039;actualit\u00e9\",\"publisher\":{\"@id\":\"https:\/\/7culture.ci\/#organization\"},\"potentialAction\":[{\"@type\":\"SearchAction\",\"target\":{\"@type\":\"EntryPoint\",\"urlTemplate\":\"https:\/\/7culture.ci\/?s={search_term_string}\"},\"query-input\":\"required name=search_term_string\"}],\"inLanguage\":\"fr-FR\"},{\"@type\":\"Organization\",\"@id\":\"https:\/\/7culture.ci\/#organization\",\"name\":\"7culture\",\"url\":\"https:\/\/7culture.ci\/\",\"sameAs\":[\"https:\/\/www.facebook.com\/redchefclaude\",\"https:\/\/twitter.com\/7culturec\"],\"logo\":{\"@type\":\"ImageObject\",\"inLanguage\":\"fr-FR\",\"@id\":\"https:\/\/7culture.ci\/#\/schema\/logo\/image\/\",\"url\":\"https:\/\/7culture.ci\/wp-content\/uploads\/2021\/12\/S1a-1.png\",\"contentUrl\":\"https:\/\/7culture.ci\/wp-content\/uploads\/2021\/12\/S1a-1.png\",\"width\":588,\"height\":192,\"caption\":\"7culture\"},\"image\":{\"@id\":\"https:\/\/7culture.ci\/#\/schema\/logo\/image\/\"}},{\"@type\":\"Person\",\"@id\":\"https:\/\/7culture.ci\/#\/schema\/person\/16150d28d7ef66ba788c1f87f28c4426\",\"name\":\"7culture2020\",\"image\":{\"@type\":\"ImageObject\",\"inLanguage\":\"fr-FR\",\"@id\":\"https:\/\/7culture.ci\/#\/schema\/person\/image\/\",\"url\":\"https:\/\/secure.gravatar.com\/avatar\/9a0784f951306c37bcd065f52844ef95?s=96&d=mm&r=g\",\"contentUrl\":\"https:\/\/secure.gravatar.com\/avatar\/9a0784f951306c37bcd065f52844ef95?s=96&d=mm&r=g\",\"caption\":\"7culture2020\"},\"sameAs\":[\"http:\/\/7culture.ci\",\"Claude.kipre\"],\"url\":\"https:\/\/7culture.ci\/index.php\/author\/7culture2020\/\"}]}<\/script>\n<!-- \/ Yoast SEO plugin. -->","yoast_head_json":{"title":"Caf Awards 2022\u00a0: le sacre de Sadio Man\u00e9 et le palmar\u00e8s complet -","robots":{"index":"index","follow":"follow","max-snippet":"max-snippet:-1","max-image-preview":"max-image-preview:large","max-video-preview":"max-video-preview:-1"},"canonical":"https:\/\/7culture.ci\/index.php\/2022\/07\/22\/caf-awards-2022-le-sacre-de-sadio-mane-et-le-palmares-complet\/","og_locale":"fr_FR","og_type":"article","og_title":"Caf Awards 2022\u00a0: le sacre de Sadio Man\u00e9 et le palmar\u00e8s complet -","og_description":"C\u2019est vraiment l\u2018ann\u00e9e de Sadio Man\u00e9&nbsp;! Apr\u00e8s avoir remport\u00e9 la coupe d\u2019Afrique des nations et qualifi\u00e9 le S\u00e9n\u00e9gal pour la prochaine coupe du monde, c\u2019est logiquement que l\u2019ancien joueur de Liverpool a rafl\u00e9 le troph\u00e9e du meilleur joueur africain de l&#8217;ann\u00e9e lors des CAF Awards 2022, d\u00e9cern\u00e9s ce jeudi 21 juillet \u00e0 Rabat au Maroc. &hellip; Caf Awards 2022\u00a0: le sacre de Sadio Man\u00e9 et le palmar\u00e8s complet Lire la suite\u00a0\u00bb","og_url":"https:\/\/7culture.ci\/index.php\/2022\/07\/22\/caf-awards-2022-le-sacre-de-sadio-mane-et-le-palmares-complet\/","og_site_name":"7culture","article_publisher":"https:\/\/www.facebook.com\/redchefclaude","article_published_time":"2022-07-22T10:01:28+00:00","article_modified_time":"2022-07-28T11:42:31+00:00","og_image":[{"width":750,"height":450,"url":"http:\/\/7culture.ci\/wp-content\/uploads\/2022\/07\/sadio4.jpg","type":"image\/jpeg"}],"author":"7culture2020","twitter_card":"summary_large_image","twitter_creator":"@7culturec","twitter_site":"@7culturec","twitter_misc":{"\u00c9crit par":"7culture2020","Dur\u00e9e de lecture estim\u00e9e":"3 minutes"},"schema":{"@context":"https:\/\/schema.org","@graph":[{"@type":"Article","@id":"https:\/\/7culture.ci\/index.php\/2022\/07\/22\/caf-awards-2022-le-sacre-de-sadio-mane-et-le-palmares-complet\/#article","isPartOf":{"@id":"https:\/\/7culture.ci\/index.php\/2022\/07\/22\/caf-awards-2022-le-sacre-de-sadio-mane-et-le-palmares-complet\/"},"author":{"name":"7culture2020","@id":"https:\/\/7culture.ci\/#\/schema\/person\/16150d28d7ef66ba788c1f87f28c4426"},"headline":"Caf Awards 2022\u00a0: le sacre de Sadio Man\u00e9 et le palmar\u00e8s complet","datePublished":"2022-07-22T10:01:28+00:00","dateModified":"2022-07-28T11:42:31+00:00","mainEntityOfPage":{"@id":"https:\/\/7culture.ci\/index.php\/2022\/07\/22\/caf-awards-2022-le-sacre-de-sadio-mane-et-le-palmares-complet\/"},"wordCount":511,"commentCount":0,"publisher":{"@id":"https:\/\/7culture.ci\/#organization"},"articleSection":["Actualit\u00e9"],"inLanguage":"fr-FR","potentialAction":[{"@type":"CommentAction","name":"Comment","target":["https:\/\/7culture.ci\/index.php\/2022\/07\/22\/caf-awards-2022-le-sacre-de-sadio-mane-et-le-palmares-complet\/#respond"]}]},{"@type":"WebPage","@id":"https:\/\/7culture.ci\/index.php\/2022\/07\/22\/caf-awards-2022-le-sacre-de-sadio-mane-et-le-palmares-complet\/","url":"https:\/\/7culture.ci\/index.php\/2022\/07\/22\/caf-awards-2022-le-sacre-de-sadio-mane-et-le-palmares-complet\/","name":"Caf Awards 2022\u00a0: le sacre de Sadio Man\u00e9 et le palmar\u00e8s complet -","isPartOf":{"@id":"https:\/\/7culture.ci\/#website"},"datePublished":"2022-07-22T10:01:28+00:00","dateModified":"2022-07-28T11:42:31+00:00","breadcrumb":{"@id":"https:\/\/7culture.ci\/index.php\/2022\/07\/22\/caf-awards-2022-le-sacre-de-sadio-mane-et-le-palmares-complet\/#breadcrumb"},"inLanguage":"fr-FR","potentialAction":[{"@type":"ReadAction","target":["https:\/\/7culture.ci\/index.php\/2022\/07\/22\/caf-awards-2022-le-sacre-de-sadio-mane-et-le-palmares-complet\/"]}]},{"@type":"BreadcrumbList","@id":"https:\/\/7culture.ci\/index.php\/2022\/07\/22\/caf-awards-2022-le-sacre-de-sadio-mane-et-le-palmares-complet\/#breadcrumb","itemListElement":[{"@type":"ListItem","position":1,"name":"Accueil","item":"https:\/\/7culture.ci\/"},{"@type":"ListItem","position":2,"name":"Caf Awards 2022\u00a0: le sacre de Sadio Man\u00e9 et le palmar\u00e8s complet"}]},{"@type":"WebSite","@id":"https:\/\/7culture.ci\/#website","url":"https:\/\/7culture.ci\/","name":"7culture","description":"Tout sur l&#039;actualit\u00e9","publisher":{"@id":"https:\/\/7culture.ci\/#organization"},"potentialAction":[{"@type":"SearchAction","target":{"@type":"EntryPoint","urlTemplate":"https:\/\/7culture.ci\/?s={search_term_string}"},"query-input":"required name=search_term_string"}],"inLanguage":"fr-FR"},{"@type":"Organization","@id":"https:\/\/7culture.ci\/#organization","name":"7culture","url":"https:\/\/7culture.ci\/","sameAs":["https:\/\/www.facebook.com\/redchefclaude","https:\/\/twitter.com\/7culturec"],"logo":{"@type":"ImageObject","inLanguage":"fr-FR","@id":"https:\/\/7culture.ci\/#\/schema\/logo\/image\/","url":"https:\/\/7culture.ci\/wp-content\/uploads\/2021\/12\/S1a-1.png","contentUrl":"https:\/\/7culture.ci\/wp-content\/uploads\/2021\/12\/S1a-1.png","width":588,"height":192,"caption":"7culture"},"image":{"@id":"https:\/\/7culture.ci\/#\/schema\/logo\/image\/"}},{"@type":"Person","@id":"https:\/\/7culture.ci\/#\/schema\/person\/16150d28d7ef66ba788c1f87f28c4426","name":"7culture2020","image":{"@type":"ImageObject","inLanguage":"fr-FR","@id":"https:\/\/7culture.ci\/#\/schema\/person\/image\/","url":"https:\/\/secure.gravatar.com\/avatar\/9a0784f951306c37bcd065f52844ef95?s=96&d=mm&r=g","contentUrl":"https:\/\/secure.gravatar.com\/avatar\/9a0784f951306c37bcd065f52844ef95?s=96&d=mm&r=g","caption":"7culture2020"},"sameAs":["http:\/\/7culture.ci","Claude.kipre"],"url":"https:\/\/7culture.ci\/index.php\/author\/7culture2020\/"}]}},"jetpack_featured_media_url":"https:\/\/7culture.ci\/wp-content\/uploads\/2022\/07\/sadio4.jpg","jetpack_likes_enabled":true,"jetpack_sharing_enabled":true,"_links":{"self":[{"href":"https:\/\/7culture.ci\/index.php\/wp-json\/wp\/v2\/posts\/22656"}],"collection":[{"href":"https:\/\/7culture.ci\/index.php\/wp-json\/wp\/v2\/posts"}],"about":[{"href":"https:\/\/7culture.ci\/index.php\/wp-json\/wp\/v2\/types\/post"}],"author":[{"embeddable":true,"href":"https:\/\/7culture.ci\/index.php\/wp-json\/wp\/v2\/users\/1"}],"replies":[{"embeddable":true,"href":"https:\/\/7culture.ci\/index.php\/wp-json\/wp\/v2\/comments?post=22656"}],"version-history":[{"count":0,"href":"https:\/\/7culture.ci\/index.php\/wp-json\/wp\/v2\/posts\/22656\/revisions"}],"wp:featuredmedia":[{"embeddable":true,"href":"https:\/\/7culture.ci\/index.php\/wp-json\/wp\/v2\/media\/22657"}],"wp:attachment":[{"href":"https:\/\/7culture.ci\/index.php\/wp-json\/wp\/v2\/media?parent=22656"}],"wp:term":[{"taxonomy":"category","embeddable":true,"href":"https:\/\/7culture.ci\/index.php\/wp-json\/wp\/v2\/categories?post=22656"},{"taxonomy":"post_tag","embeddable":true,"href":"https:\/\/7culture.ci\/index.php\/wp-json\/wp\/v2\/tags?post=22656"}],"curies":[{"name":"wp","href":"https:\/\/api.w.org\/{rel}","templated":true}]}}