{"id":22649,"date":"2022-07-21T18:58:11","date_gmt":"2022-07-21T16:58:11","guid":{"rendered":"https:\/\/7culture.ci\/?p=22649"},"modified":"2022-07-22T12:04:56","modified_gmt":"2022-07-22T10:04:56","slug":"magic-system-representera-la-cote-divoire-aux-caf-awards","status":"publish","type":"post","link":"https:\/\/7culture.ci\/index.php\/2022\/07\/21\/magic-system-representera-la-cote-divoire-aux-caf-awards\/","title":{"rendered":"Magic System repr\u00e9sentera la C\u00f4te d\u2019Ivoire aux CAF Awards"},"content":{"rendered":"\n<p>La c\u00e9r\u00e9monie de remise des prix de la conf\u00e9d\u00e9ration africaine de football (les CAF Awards) aura lieu ce jeudi 21 juillet, \u00e0 partir 20h au Complexe Mohammed VI de Maamora au Maroc.<\/p>\n\n\n\n<p>Lors de ce grand \u00e9v\u00e8nement, plusieurs artistes de renom du continent africain vont se produire. Le groupe ivoirien Magic System, la Marocaine Asmaa Lamaa et Tiwa Savage, chanteuse nig\u00e9riane, sont les artistes qui ont \u00e9t\u00e9 choisis. Ils auront la lourde t\u00e2che d\u2019\u00e9gayer les personnalit\u00e9s qui seront pr\u00e9sentes \u00e0 ce rendez-vous footballistique.<\/p>\n\n\n\n<figure class=\"wp-block-gallery has-nested-images columns-default is-cropped wp-block-gallery-1 is-layout-flex wp-block-gallery-is-layout-flex\">\n<figure class=\"wp-block-image size-large\"><img loading=\"lazy\" decoding=\"async\" width=\"720\" height=\"546\" data-id=\"22651\" src=\"https:\/\/7culture.ci\/wp-content\/uploads\/2022\/07\/WhatsApp-Image-2022-07-21-at-16.03.07.jpeg\" alt=\"\" class=\"wp-image-22651\" srcset=\"https:\/\/7culture.ci\/wp-content\/uploads\/2022\/07\/WhatsApp-Image-2022-07-21-at-16.03.07.jpeg 720w, https:\/\/7culture.ci\/wp-content\/uploads\/2022\/07\/WhatsApp-Image-2022-07-21-at-16.03.07-300x228.jpeg 300w\" sizes=\"(max-width: 720px) 100vw, 720px\" \/><\/figure>\n\n\n\n<figure class=\"wp-block-image size-large\"><img loading=\"lazy\" decoding=\"async\" width=\"720\" height=\"459\" data-id=\"22652\" src=\"https:\/\/7culture.ci\/wp-content\/uploads\/2022\/07\/WhatsApp-Image-2022-07-21-at-16.08.18.jpeg\" alt=\"\" class=\"wp-image-22652\" srcset=\"https:\/\/7culture.ci\/wp-content\/uploads\/2022\/07\/WhatsApp-Image-2022-07-21-at-16.08.18.jpeg 720w, https:\/\/7culture.ci\/wp-content\/uploads\/2022\/07\/WhatsApp-Image-2022-07-21-at-16.08.18-300x191.jpeg 300w\" sizes=\"(max-width: 720px) 100vw, 720px\" \/><\/figure>\n<\/figure>\n\n\n\n<p>Comme \u00e0 leur habitude, les magiciens du Zouglou repr\u00e9senteront valablement la C\u00f4te d\u2019Ivoire. Ils apporteront une touche musicale zouglou \u00e0 cette prestigieuse soir\u00e9e du football africain.<\/p>\n\n\n\n<p>Depuis plus de deux d\u00e9cennies, le quatuor originaire de C\u00f4te d\u2019Ivoire a su remettre au go\u00fbt du jour, les sons africains les m\u00e9tissant. Ils ont fait danser le monde \u00e0 travers leur Zouglou moderne. De cette performance, d\u00e9coulent plusieurs hits qui continuent de faire sensation.<\/p>\n\n\n\n<p>Lors de cette soir\u00e9e qui sera diffus\u00e9e en direct dans 44 pays d\u2019Afrique, le groupe aura le plaisir de jouer quelques titres populaires de leur riche r\u00e9pertoire.<\/p>\n\n\n\n<p>Thierry Samuel<\/p>\n","protected":false},"excerpt":{"rendered":"<p>La c\u00e9r\u00e9monie de remise des prix de la conf\u00e9d\u00e9ration africaine de football (les CAF Awards) aura lieu ce jeudi 21 juillet, \u00e0 partir 20h au Complexe Mohammed VI de Maamora au Maroc. Lors de ce grand \u00e9v\u00e8nement, plusieurs artistes de renom du continent africain vont se produire. Le groupe ivoirien Magic System, la Marocaine Asmaa &hellip;<\/p>\n<p class=\"read-more\"> <a class=\"\" href=\"https:\/\/7culture.ci\/index.php\/2022\/07\/21\/magic-system-representera-la-cote-divoire-aux-caf-awards\/\"> <span class=\"screen-reader-text\">Magic System repr\u00e9sentera la C\u00f4te d\u2019Ivoire aux CAF Awards<\/span> Lire la suite\u00a0\u00bb<\/a><\/p>\n","protected":false},"author":1,"featured_media":22650,"comment_status":"open","ping_status":"open","sticky":false,"template":"","format":"standard","meta":{"_mi_skip_tracking":false,"_monsterinsights_sitenote_active":false,"_monsterinsights_sitenote_note":"","_monsterinsights_sitenote_category":0,"site-sidebar-layout":"default","site-content-layout":"default","ast-global-header-display":"","ast-main-header-display":"","ast-hfb-above-header-display":"","ast-hfb-below-header-display":"","ast-hfb-mobile-header-display":"","site-post-title":"","ast-breadcrumbs-content":"","ast-featured-img":"","footer-sml-layout":"","theme-transparent-header-meta":"","adv-header-id-meta":"","stick-header-meta":"","header-above-stick-meta":"","header-main-stick-meta":"","header-below-stick-meta":"","footnotes":"","jetpack_publicize_message":"","jetpack_is_tweetstorm":false,"jetpack_publicize_feature_enabled":true},"categories":[22],"tags":[],"jetpack_publicize_connections":[],"acf":[],"aioseo_notices":[],"yoast_head":"<!-- This site is optimized with the Yoast SEO plugin v19.6.1 - https:\/\/yoast.com\/wordpress\/plugins\/seo\/ -->\n<title>Magic System repr\u00e9sentera la C\u00f4te d\u2019Ivoire aux CAF Awards -<\/title>\n<meta name=\"robots\" content=\"index, follow, max-snippet:-1, max-image-preview:large, max-video-preview:-1\" \/>\n<link rel=\"canonical\" href=\"https:\/\/7culture.ci\/index.php\/2022\/07\/21\/magic-system-representera-la-cote-divoire-aux-caf-awards\/\" \/>\n<meta property=\"og:locale\" content=\"fr_FR\" \/>\n<meta property=\"og:type\" content=\"article\" \/>\n<meta property=\"og:title\" content=\"Magic System repr\u00e9sentera la C\u00f4te d\u2019Ivoire aux CAF Awards -\" \/>\n<meta property=\"og:description\" content=\"La c\u00e9r\u00e9monie de remise des prix de la conf\u00e9d\u00e9ration africaine de football (les CAF Awards) aura lieu ce jeudi 21 juillet, \u00e0 partir 20h au Complexe Mohammed VI de Maamora au Maroc. Lors de ce grand \u00e9v\u00e8nement, plusieurs artistes de renom du continent africain vont se produire. Le groupe ivoirien Magic System, la Marocaine Asmaa &hellip; Magic System repr\u00e9sentera la C\u00f4te d\u2019Ivoire aux CAF Awards Lire la suite\u00a0\u00bb\" \/>\n<meta property=\"og:url\" content=\"https:\/\/7culture.ci\/index.php\/2022\/07\/21\/magic-system-representera-la-cote-divoire-aux-caf-awards\/\" \/>\n<meta property=\"og:site_name\" content=\"7culture\" \/>\n<meta property=\"article:publisher\" content=\"https:\/\/www.facebook.com\/redchefclaude\" \/>\n<meta property=\"article:published_time\" content=\"2022-07-21T16:58:11+00:00\" \/>\n<meta property=\"article:modified_time\" content=\"2022-07-22T10:04:56+00:00\" \/>\n<meta property=\"og:image\" content=\"http:\/\/7culture.ci\/wp-content\/uploads\/2022\/07\/WhatsApp-Image-2022-07-21-at-16.08.53.jpeg\" \/>\n\t<meta property=\"og:image:width\" content=\"720\" \/>\n\t<meta property=\"og:image:height\" content=\"465\" \/>\n\t<meta property=\"og:image:type\" content=\"image\/jpeg\" \/>\n<meta name=\"author\" content=\"7culture2020\" \/>\n<meta name=\"twitter:card\" content=\"summary_large_image\" \/>\n<meta name=\"twitter:creator\" content=\"@7culturec\" \/>\n<meta name=\"twitter:site\" content=\"@7culturec\" \/>\n<meta name=\"twitter:label1\" content=\"\u00c9crit par\" \/>\n\t<meta name=\"twitter:data1\" content=\"7culture2020\" \/>\n\t<meta name=\"twitter:label2\" content=\"Dur\u00e9e de lecture estim\u00e9e\" \/>\n\t<meta name=\"twitter:data2\" content=\"2 minutes\" \/>\n<script type=\"application\/ld+json\" class=\"yoast-schema-graph\">{\"@context\":\"https:\/\/schema.org\",\"@graph\":[{\"@type\":\"Article\",\"@id\":\"https:\/\/7culture.ci\/index.php\/2022\/07\/21\/magic-system-representera-la-cote-divoire-aux-caf-awards\/#article\",\"isPartOf\":{\"@id\":\"https:\/\/7culture.ci\/index.php\/2022\/07\/21\/magic-system-representera-la-cote-divoire-aux-caf-awards\/\"},\"author\":{\"name\":\"7culture2020\",\"@id\":\"https:\/\/7culture.ci\/#\/schema\/person\/16150d28d7ef66ba788c1f87f28c4426\"},\"headline\":\"Magic System repr\u00e9sentera la C\u00f4te d\u2019Ivoire aux CAF Awards\",\"datePublished\":\"2022-07-21T16:58:11+00:00\",\"dateModified\":\"2022-07-22T10:04:56+00:00\",\"mainEntityOfPage\":{\"@id\":\"https:\/\/7culture.ci\/index.php\/2022\/07\/21\/magic-system-representera-la-cote-divoire-aux-caf-awards\/\"},\"wordCount\":212,\"commentCount\":0,\"publisher\":{\"@id\":\"https:\/\/7culture.ci\/#organization\"},\"articleSection\":[\"Actualit\u00e9\"],\"inLanguage\":\"fr-FR\",\"potentialAction\":[{\"@type\":\"CommentAction\",\"name\":\"Comment\",\"target\":[\"https:\/\/7culture.ci\/index.php\/2022\/07\/21\/magic-system-representera-la-cote-divoire-aux-caf-awards\/#respond\"]}]},{\"@type\":\"WebPage\",\"@id\":\"https:\/\/7culture.ci\/index.php\/2022\/07\/21\/magic-system-representera-la-cote-divoire-aux-caf-awards\/\",\"url\":\"https:\/\/7culture.ci\/index.php\/2022\/07\/21\/magic-system-representera-la-cote-divoire-aux-caf-awards\/\",\"name\":\"Magic System repr\u00e9sentera la C\u00f4te d\u2019Ivoire aux CAF Awards -\",\"isPartOf\":{\"@id\":\"https:\/\/7culture.ci\/#website\"},\"datePublished\":\"2022-07-21T16:58:11+00:00\",\"dateModified\":\"2022-07-22T10:04:56+00:00\",\"breadcrumb\":{\"@id\":\"https:\/\/7culture.ci\/index.php\/2022\/07\/21\/magic-system-representera-la-cote-divoire-aux-caf-awards\/#breadcrumb\"},\"inLanguage\":\"fr-FR\",\"potentialAction\":[{\"@type\":\"ReadAction\",\"target\":[\"https:\/\/7culture.ci\/index.php\/2022\/07\/21\/magic-system-representera-la-cote-divoire-aux-caf-awards\/\"]}]},{\"@type\":\"BreadcrumbList\",\"@id\":\"https:\/\/7culture.ci\/index.php\/2022\/07\/21\/magic-system-representera-la-cote-divoire-aux-caf-awards\/#breadcrumb\",\"itemListElement\":[{\"@type\":\"ListItem\",\"position\":1,\"name\":\"Accueil\",\"item\":\"https:\/\/7culture.ci\/\"},{\"@type\":\"ListItem\",\"position\":2,\"name\":\"Magic System repr\u00e9sentera la C\u00f4te d\u2019Ivoire aux CAF Awards\"}]},{\"@type\":\"WebSite\",\"@id\":\"https:\/\/7culture.ci\/#website\",\"url\":\"https:\/\/7culture.ci\/\",\"name\":\"7culture\",\"description\":\"Tout sur l&#039;actualit\u00e9\",\"publisher\":{\"@id\":\"https:\/\/7culture.ci\/#organization\"},\"potentialAction\":[{\"@type\":\"SearchAction\",\"target\":{\"@type\":\"EntryPoint\",\"urlTemplate\":\"https:\/\/7culture.ci\/?s={search_term_string}\"},\"query-input\":\"required name=search_term_string\"}],\"inLanguage\":\"fr-FR\"},{\"@type\":\"Organization\",\"@id\":\"https:\/\/7culture.ci\/#organization\",\"name\":\"7culture\",\"url\":\"https:\/\/7culture.ci\/\",\"sameAs\":[\"https:\/\/www.facebook.com\/redchefclaude\",\"https:\/\/twitter.com\/7culturec\"],\"logo\":{\"@type\":\"ImageObject\",\"inLanguage\":\"fr-FR\",\"@id\":\"https:\/\/7culture.ci\/#\/schema\/logo\/image\/\",\"url\":\"https:\/\/7culture.ci\/wp-content\/uploads\/2021\/12\/S1a-1.png\",\"contentUrl\":\"https:\/\/7culture.ci\/wp-content\/uploads\/2021\/12\/S1a-1.png\",\"width\":588,\"height\":192,\"caption\":\"7culture\"},\"image\":{\"@id\":\"https:\/\/7culture.ci\/#\/schema\/logo\/image\/\"}},{\"@type\":\"Person\",\"@id\":\"https:\/\/7culture.ci\/#\/schema\/person\/16150d28d7ef66ba788c1f87f28c4426\",\"name\":\"7culture2020\",\"image\":{\"@type\":\"ImageObject\",\"inLanguage\":\"fr-FR\",\"@id\":\"https:\/\/7culture.ci\/#\/schema\/person\/image\/\",\"url\":\"https:\/\/secure.gravatar.com\/avatar\/9a0784f951306c37bcd065f52844ef95?s=96&d=mm&r=g\",\"contentUrl\":\"https:\/\/secure.gravatar.com\/avatar\/9a0784f951306c37bcd065f52844ef95?s=96&d=mm&r=g\",\"caption\":\"7culture2020\"},\"sameAs\":[\"http:\/\/7culture.ci\",\"Claude.kipre\"],\"url\":\"https:\/\/7culture.ci\/index.php\/author\/7culture2020\/\"}]}<\/script>\n<!-- \/ Yoast SEO plugin. -->","yoast_head_json":{"title":"Magic System repr\u00e9sentera la C\u00f4te d\u2019Ivoire aux CAF Awards -","robots":{"index":"index","follow":"follow","max-snippet":"max-snippet:-1","max-image-preview":"max-image-preview:large","max-video-preview":"max-video-preview:-1"},"canonical":"https:\/\/7culture.ci\/index.php\/2022\/07\/21\/magic-system-representera-la-cote-divoire-aux-caf-awards\/","og_locale":"fr_FR","og_type":"article","og_title":"Magic System repr\u00e9sentera la C\u00f4te d\u2019Ivoire aux CAF Awards -","og_description":"La c\u00e9r\u00e9monie de remise des prix de la conf\u00e9d\u00e9ration africaine de football (les CAF Awards) aura lieu ce jeudi 21 juillet, \u00e0 partir 20h au Complexe Mohammed VI de Maamora au Maroc. Lors de ce grand \u00e9v\u00e8nement, plusieurs artistes de renom du continent africain vont se produire. Le groupe ivoirien Magic System, la Marocaine Asmaa &hellip; Magic System repr\u00e9sentera la C\u00f4te d\u2019Ivoire aux CAF Awards Lire la suite\u00a0\u00bb","og_url":"https:\/\/7culture.ci\/index.php\/2022\/07\/21\/magic-system-representera-la-cote-divoire-aux-caf-awards\/","og_site_name":"7culture","article_publisher":"https:\/\/www.facebook.com\/redchefclaude","article_published_time":"2022-07-21T16:58:11+00:00","article_modified_time":"2022-07-22T10:04:56+00:00","og_image":[{"width":720,"height":465,"url":"http:\/\/7culture.ci\/wp-content\/uploads\/2022\/07\/WhatsApp-Image-2022-07-21-at-16.08.53.jpeg","type":"image\/jpeg"}],"author":"7culture2020","twitter_card":"summary_large_image","twitter_creator":"@7culturec","twitter_site":"@7culturec","twitter_misc":{"\u00c9crit par":"7culture2020","Dur\u00e9e de lecture estim\u00e9e":"2 minutes"},"schema":{"@context":"https:\/\/schema.org","@graph":[{"@type":"Article","@id":"https:\/\/7culture.ci\/index.php\/2022\/07\/21\/magic-system-representera-la-cote-divoire-aux-caf-awards\/#article","isPartOf":{"@id":"https:\/\/7culture.ci\/index.php\/2022\/07\/21\/magic-system-representera-la-cote-divoire-aux-caf-awards\/"},"author":{"name":"7culture2020","@id":"https:\/\/7culture.ci\/#\/schema\/person\/16150d28d7ef66ba788c1f87f28c4426"},"headline":"Magic System repr\u00e9sentera la C\u00f4te d\u2019Ivoire aux CAF Awards","datePublished":"2022-07-21T16:58:11+00:00","dateModified":"2022-07-22T10:04:56+00:00","mainEntityOfPage":{"@id":"https:\/\/7culture.ci\/index.php\/2022\/07\/21\/magic-system-representera-la-cote-divoire-aux-caf-awards\/"},"wordCount":212,"commentCount":0,"publisher":{"@id":"https:\/\/7culture.ci\/#organization"},"articleSection":["Actualit\u00e9"],"inLanguage":"fr-FR","potentialAction":[{"@type":"CommentAction","name":"Comment","target":["https:\/\/7culture.ci\/index.php\/2022\/07\/21\/magic-system-representera-la-cote-divoire-aux-caf-awards\/#respond"]}]},{"@type":"WebPage","@id":"https:\/\/7culture.ci\/index.php\/2022\/07\/21\/magic-system-representera-la-cote-divoire-aux-caf-awards\/","url":"https:\/\/7culture.ci\/index.php\/2022\/07\/21\/magic-system-representera-la-cote-divoire-aux-caf-awards\/","name":"Magic System repr\u00e9sentera la C\u00f4te d\u2019Ivoire aux CAF Awards -","isPartOf":{"@id":"https:\/\/7culture.ci\/#website"},"datePublished":"2022-07-21T16:58:11+00:00","dateModified":"2022-07-22T10:04:56+00:00","breadcrumb":{"@id":"https:\/\/7culture.ci\/index.php\/2022\/07\/21\/magic-system-representera-la-cote-divoire-aux-caf-awards\/#breadcrumb"},"inLanguage":"fr-FR","potentialAction":[{"@type":"ReadAction","target":["https:\/\/7culture.ci\/index.php\/2022\/07\/21\/magic-system-representera-la-cote-divoire-aux-caf-awards\/"]}]},{"@type":"BreadcrumbList","@id":"https:\/\/7culture.ci\/index.php\/2022\/07\/21\/magic-system-representera-la-cote-divoire-aux-caf-awards\/#breadcrumb","itemListElement":[{"@type":"ListItem","position":1,"name":"Accueil","item":"https:\/\/7culture.ci\/"},{"@type":"ListItem","position":2,"name":"Magic System repr\u00e9sentera la C\u00f4te d\u2019Ivoire aux CAF Awards"}]},{"@type":"WebSite","@id":"https:\/\/7culture.ci\/#website","url":"https:\/\/7culture.ci\/","name":"7culture","description":"Tout sur l&#039;actualit\u00e9","publisher":{"@id":"https:\/\/7culture.ci\/#organization"},"potentialAction":[{"@type":"SearchAction","target":{"@type":"EntryPoint","urlTemplate":"https:\/\/7culture.ci\/?s={search_term_string}"},"query-input":"required name=search_term_string"}],"inLanguage":"fr-FR"},{"@type":"Organization","@id":"https:\/\/7culture.ci\/#organization","name":"7culture","url":"https:\/\/7culture.ci\/","sameAs":["https:\/\/www.facebook.com\/redchefclaude","https:\/\/twitter.com\/7culturec"],"logo":{"@type":"ImageObject","inLanguage":"fr-FR","@id":"https:\/\/7culture.ci\/#\/schema\/logo\/image\/","url":"https:\/\/7culture.ci\/wp-content\/uploads\/2021\/12\/S1a-1.png","contentUrl":"https:\/\/7culture.ci\/wp-content\/uploads\/2021\/12\/S1a-1.png","width":588,"height":192,"caption":"7culture"},"image":{"@id":"https:\/\/7culture.ci\/#\/schema\/logo\/image\/"}},{"@type":"Person","@id":"https:\/\/7culture.ci\/#\/schema\/person\/16150d28d7ef66ba788c1f87f28c4426","name":"7culture2020","image":{"@type":"ImageObject","inLanguage":"fr-FR","@id":"https:\/\/7culture.ci\/#\/schema\/person\/image\/","url":"https:\/\/secure.gravatar.com\/avatar\/9a0784f951306c37bcd065f52844ef95?s=96&d=mm&r=g","contentUrl":"https:\/\/secure.gravatar.com\/avatar\/9a0784f951306c37bcd065f52844ef95?s=96&d=mm&r=g","caption":"7culture2020"},"sameAs":["http:\/\/7culture.ci","Claude.kipre"],"url":"https:\/\/7culture.ci\/index.php\/author\/7culture2020\/"}]}},"jetpack_featured_media_url":"https:\/\/7culture.ci\/wp-content\/uploads\/2022\/07\/WhatsApp-Image-2022-07-21-at-16.08.53.jpeg","jetpack_likes_enabled":true,"jetpack_sharing_enabled":true,"_links":{"self":[{"href":"https:\/\/7culture.ci\/index.php\/wp-json\/wp\/v2\/posts\/22649"}],"collection":[{"href":"https:\/\/7culture.ci\/index.php\/wp-json\/wp\/v2\/posts"}],"about":[{"href":"https:\/\/7culture.ci\/index.php\/wp-json\/wp\/v2\/types\/post"}],"author":[{"embeddable":true,"href":"https:\/\/7culture.ci\/index.php\/wp-json\/wp\/v2\/users\/1"}],"replies":[{"embeddable":true,"href":"https:\/\/7culture.ci\/index.php\/wp-json\/wp\/v2\/comments?post=22649"}],"version-history":[{"count":0,"href":"https:\/\/7culture.ci\/index.php\/wp-json\/wp\/v2\/posts\/22649\/revisions"}],"wp:featuredmedia":[{"embeddable":true,"href":"https:\/\/7culture.ci\/index.php\/wp-json\/wp\/v2\/media\/22650"}],"wp:attachment":[{"href":"https:\/\/7culture.ci\/index.php\/wp-json\/wp\/v2\/media?parent=22649"}],"wp:term":[{"taxonomy":"category","embeddable":true,"href":"https:\/\/7culture.ci\/index.php\/wp-json\/wp\/v2\/categories?post=22649"},{"taxonomy":"post_tag","embeddable":true,"href":"https:\/\/7culture.ci\/index.php\/wp-json\/wp\/v2\/tags?post=22649"}],"curies":[{"name":"wp","href":"https:\/\/api.w.org\/{rel}","templated":true}]}}