{"id":22622,"date":"2022-07-20T17:35:08","date_gmt":"2022-07-20T15:35:08","guid":{"rendered":"https:\/\/7culture.ci\/?p=22622"},"modified":"2022-07-20T19:19:26","modified_gmt":"2022-07-20T17:19:26","slug":"carnaval-anoumabo-on-est-class-4-avec-ismael-isaac-les-marabouts-et-fior2bior","status":"publish","type":"post","link":"https:\/\/7culture.ci\/index.php\/2022\/07\/20\/carnaval-anoumabo-on-est-class-4-avec-ismael-isaac-les-marabouts-et-fior2bior\/","title":{"rendered":"\u2018\u2019Carnaval Anoumabo, On Est Class 4\u2019\u2019 avec Isma\u00ebl Isaac, Les Marabouts et Fior2Bior"},"content":{"rendered":"\n<p>C\u2019est le temps des vacances festives et populaires dans le village d\u2019Anoumabo. Et le tempo sera amplifi\u00e9 du 12 au 14 ao\u00fbt prochain au cours du \u2018\u2019Carnaval Anoumabo, On Est Class\u2019\u2019. Apr\u00e8s trois ans d\u2019implantation dans le village \u00e9bri\u00e9 de Marcory, l\u2019\u00e9v\u00e8nement fait d\u00e9sormais partie des shows les plus courus d\u2019Abidjan \u00e0 l\u2019instar du Femua ou de la CAN (tournoi de football \u00e0 Anoumabo). La 4<sup>e<\/sup> \u00e9dition qui d\u00e9roulera les 12, 13 et 14 ao\u00fbt 2022, s\u2019annonce plus palpitante. Le menu est vari\u00e9 et surfe entre activit\u00e9s ludiques, didactiques et sociales.<\/p>\n\n\n\n<p>Chaque soir, il y aura un concert live sur le podium g\u00e9ant plant\u00e9 au Terrain du maire Raoul Aby, fils du village. \u00ab&nbsp;<strong><em>Cette ann\u00e9e, il y aura d\u00e9j\u00e0 Isma\u00ebl Isaac, Les Marabouts et Fior2Bior qui sont tous les enfants d\u2019Anoumabo. Auxquels, il faut ajouter d\u2019autres artistes en vogue \u00e0 Abidjan<\/em><\/strong>&nbsp;\u00bb, annonce Michel Gnabl\u00e9, CEO d\u2019Anoumabo.com et Commissaire g\u00e9n\u00e9ral du \u2018\u2019Carnaval Anoumabo, On est Class\u2019\u2019.<\/p>\n\n\n\n<figure class=\"wp-block-gallery has-nested-images columns-default is-cropped wp-block-gallery-1 is-layout-flex wp-block-gallery-is-layout-flex\">\n<figure class=\"wp-block-image size-large\"><img loading=\"lazy\" decoding=\"async\" width=\"1024\" height=\"682\" data-id=\"22627\" src=\"https:\/\/7culture.ci\/wp-content\/uploads\/2022\/07\/fior2BIor-1-1024x682.jpeg\" alt=\"\" class=\"wp-image-22627\" srcset=\"https:\/\/7culture.ci\/wp-content\/uploads\/2022\/07\/fior2BIor-1-1024x682.jpeg 1024w, https:\/\/7culture.ci\/wp-content\/uploads\/2022\/07\/fior2BIor-1-300x200.jpeg 300w, https:\/\/7culture.ci\/wp-content\/uploads\/2022\/07\/fior2BIor-1-768x511.jpeg 768w, https:\/\/7culture.ci\/wp-content\/uploads\/2022\/07\/fior2BIor-1.jpeg 1080w\" sizes=\"(max-width: 1024px) 100vw, 1024px\" \/><\/figure>\n\n\n\n<figure class=\"wp-block-image size-large\"><img loading=\"lazy\" decoding=\"async\" width=\"764\" height=\"764\" data-id=\"22626\" src=\"https:\/\/7culture.ci\/wp-content\/uploads\/2022\/07\/Ismo1-1.jpg\" alt=\"\" class=\"wp-image-22626\" srcset=\"https:\/\/7culture.ci\/wp-content\/uploads\/2022\/07\/Ismo1-1.jpg 764w, https:\/\/7culture.ci\/wp-content\/uploads\/2022\/07\/Ismo1-1-300x300.jpg 300w, https:\/\/7culture.ci\/wp-content\/uploads\/2022\/07\/Ismo1-1-150x150.jpg 150w\" sizes=\"(max-width: 764px) 100vw, 764px\" \/><\/figure>\n\n\n\n<figure class=\"wp-block-image size-large\"><img loading=\"lazy\" decoding=\"async\" width=\"1024\" height=\"691\" data-id=\"22628\" src=\"https:\/\/7culture.ci\/wp-content\/uploads\/2022\/07\/Les-marabouts-1024x691.jpg\" alt=\"\" class=\"wp-image-22628\" srcset=\"https:\/\/7culture.ci\/wp-content\/uploads\/2022\/07\/Les-marabouts-1024x691.jpg 1024w, https:\/\/7culture.ci\/wp-content\/uploads\/2022\/07\/Les-marabouts-300x203.jpg 300w, https:\/\/7culture.ci\/wp-content\/uploads\/2022\/07\/Les-marabouts-768x519.jpg 768w, https:\/\/7culture.ci\/wp-content\/uploads\/2022\/07\/Les-marabouts-1536x1037.jpg 1536w, https:\/\/7culture.ci\/wp-content\/uploads\/2022\/07\/Les-marabouts.jpg 1921w\" sizes=\"(max-width: 1024px) 100vw, 1024px\" \/><\/figure>\n<\/figure>\n\n\n\n<p>En plus de la musique qui repr\u00e9sente un pan important de ce rendez-vous, il y aura \u00e9galement la mode avec un d\u00e9fil\u00e9 de mode en plein air et au c\u0153ur du village. Mais l\u2019in\u00e9dit pour cette \u00e9dition du carnaval d\u2019Anoumabo, ce sera le d\u00e9fil\u00e9 carnavalesque avec toutes sortes de d\u00e9guisements. \u00ab&nbsp;<strong><em>Nous voulons cr\u00e9er le plus grand carnaval d&#8217;Abidjan \u00e0 travers cet \u00e9v\u00e9nement&nbsp;<\/em><\/strong>\u00bb, souhaite le principal promoteur. Il est aussi pr\u00e9vu une c\u00e9r\u00e9monie de distinction et un panel \u00e0 ciel ouvert sur le th\u00e8me g\u00e9n\u00e9ral de la c\u00e9r\u00e9monie \u00e0 savoir&nbsp;: \u2018\u2019Quelle jeunesse pour un environnement sain&nbsp;?\u2019\u2019. \u2018\u2019Anoumabo, On Est Class\u2019\u2019 4 comprendra aussi des actions sociales avec notamment une journ\u00e9e de salubrit\u00e9.<\/p>\n\n\n\n<div class=\"wp-block-image\"><figure class=\"aligncenter size-full is-resized\"><img loading=\"lazy\" decoding=\"async\" src=\"https:\/\/7culture.ci\/wp-content\/uploads\/2022\/07\/Like-Gnable.jpg\" alt=\"\" class=\"wp-image-22629\" width=\"643\" height=\"429\" srcset=\"https:\/\/7culture.ci\/wp-content\/uploads\/2022\/07\/Like-Gnable.jpg 720w, https:\/\/7culture.ci\/wp-content\/uploads\/2022\/07\/Like-Gnable-300x200.jpg 300w\" sizes=\"(max-width: 643px) 100vw, 643px\" \/><figcaption>Michel Gnabl\u00e9, CEO d&#8217;Anoumabo.com<\/figcaption><\/figure><\/div>\n\n\n\n<p>Autour du Terrain du maire, si\u00e8ge de l\u2019\u00e9v\u00e8nement, seront install\u00e9s des stands qui formeront l\u2019espace gastronomique. Les festivaliers y trouveront \u00e0 manger et \u00e0 boire.<\/p>\n\n\n\n<p>Par Omar AK<\/p>\n","protected":false},"excerpt":{"rendered":"<p>C\u2019est le temps des vacances festives et populaires dans le village d\u2019Anoumabo. Et le tempo sera amplifi\u00e9 du 12 au 14 ao\u00fbt prochain au cours du \u2018\u2019Carnaval Anoumabo, On Est Class\u2019\u2019. Apr\u00e8s trois ans d\u2019implantation dans le village \u00e9bri\u00e9 de Marcory, l\u2019\u00e9v\u00e8nement fait d\u00e9sormais partie des shows les plus courus d\u2019Abidjan \u00e0 l\u2019instar du Femua &hellip;<\/p>\n<p class=\"read-more\"> <a class=\"\" href=\"https:\/\/7culture.ci\/index.php\/2022\/07\/20\/carnaval-anoumabo-on-est-class-4-avec-ismael-isaac-les-marabouts-et-fior2bior\/\"> <span class=\"screen-reader-text\">\u2018\u2019Carnaval Anoumabo, On Est Class 4\u2019\u2019 avec Isma\u00ebl Isaac, Les Marabouts et Fior2Bior<\/span> Lire la suite\u00a0\u00bb<\/a><\/p>\n","protected":false},"author":1,"featured_media":22623,"comment_status":"open","ping_status":"open","sticky":false,"template":"","format":"standard","meta":{"_mi_skip_tracking":false,"_monsterinsights_sitenote_active":false,"_monsterinsights_sitenote_note":"","_monsterinsights_sitenote_category":0,"site-sidebar-layout":"default","site-content-layout":"default","ast-global-header-display":"","ast-main-header-display":"","ast-hfb-above-header-display":"","ast-hfb-below-header-display":"","ast-hfb-mobile-header-display":"","site-post-title":"","ast-breadcrumbs-content":"","ast-featured-img":"","footer-sml-layout":"","theme-transparent-header-meta":"","adv-header-id-meta":"","stick-header-meta":"","header-above-stick-meta":"","header-main-stick-meta":"","header-below-stick-meta":"","footnotes":"","jetpack_publicize_message":"","jetpack_is_tweetstorm":false,"jetpack_publicize_feature_enabled":true},"categories":[22],"tags":[],"jetpack_publicize_connections":[],"acf":[],"aioseo_notices":[],"yoast_head":"<!-- This site is optimized with the Yoast SEO plugin v19.6.1 - https:\/\/yoast.com\/wordpress\/plugins\/seo\/ -->\n<title>\u2018\u2019Carnaval Anoumabo, On Est Class 4\u2019\u2019 avec Isma\u00ebl Isaac, Les Marabouts et Fior2Bior -<\/title>\n<meta name=\"robots\" content=\"index, follow, max-snippet:-1, max-image-preview:large, max-video-preview:-1\" \/>\n<link rel=\"canonical\" href=\"https:\/\/7culture.ci\/index.php\/2022\/07\/20\/carnaval-anoumabo-on-est-class-4-avec-ismael-isaac-les-marabouts-et-fior2bior\/\" \/>\n<meta property=\"og:locale\" content=\"fr_FR\" \/>\n<meta property=\"og:type\" content=\"article\" \/>\n<meta property=\"og:title\" content=\"\u2018\u2019Carnaval Anoumabo, On Est Class 4\u2019\u2019 avec Isma\u00ebl Isaac, Les Marabouts et Fior2Bior -\" \/>\n<meta property=\"og:description\" content=\"C\u2019est le temps des vacances festives et populaires dans le village d\u2019Anoumabo. Et le tempo sera amplifi\u00e9 du 12 au 14 ao\u00fbt prochain au cours du \u2018\u2019Carnaval Anoumabo, On Est Class\u2019\u2019. Apr\u00e8s trois ans d\u2019implantation dans le village \u00e9bri\u00e9 de Marcory, l\u2019\u00e9v\u00e8nement fait d\u00e9sormais partie des shows les plus courus d\u2019Abidjan \u00e0 l\u2019instar du Femua &hellip; \u2018\u2019Carnaval Anoumabo, On Est Class 4\u2019\u2019 avec Isma\u00ebl Isaac, Les Marabouts et Fior2Bior Lire la suite\u00a0\u00bb\" \/>\n<meta property=\"og:url\" content=\"https:\/\/7culture.ci\/index.php\/2022\/07\/20\/carnaval-anoumabo-on-est-class-4-avec-ismael-isaac-les-marabouts-et-fior2bior\/\" \/>\n<meta property=\"og:site_name\" content=\"7culture\" \/>\n<meta property=\"article:publisher\" content=\"https:\/\/www.facebook.com\/redchefclaude\" \/>\n<meta property=\"article:published_time\" content=\"2022-07-20T15:35:08+00:00\" \/>\n<meta property=\"article:modified_time\" content=\"2022-07-20T17:19:26+00:00\" \/>\n<meta property=\"og:image\" content=\"http:\/\/7culture.ci\/wp-content\/uploads\/2022\/07\/Anoumabo-Class01.jpg\" \/>\n\t<meta property=\"og:image:width\" content=\"720\" \/>\n\t<meta property=\"og:image:height\" content=\"480\" \/>\n\t<meta property=\"og:image:type\" content=\"image\/jpeg\" \/>\n<meta name=\"author\" content=\"7culture2020\" \/>\n<meta name=\"twitter:card\" content=\"summary_large_image\" \/>\n<meta name=\"twitter:creator\" content=\"@7culturec\" \/>\n<meta name=\"twitter:site\" content=\"@7culturec\" \/>\n<meta name=\"twitter:label1\" content=\"\u00c9crit par\" \/>\n\t<meta name=\"twitter:data1\" content=\"7culture2020\" \/>\n\t<meta name=\"twitter:label2\" content=\"Dur\u00e9e de lecture estim\u00e9e\" \/>\n\t<meta name=\"twitter:data2\" content=\"3 minutes\" \/>\n<script type=\"application\/ld+json\" class=\"yoast-schema-graph\">{\"@context\":\"https:\/\/schema.org\",\"@graph\":[{\"@type\":\"Article\",\"@id\":\"https:\/\/7culture.ci\/index.php\/2022\/07\/20\/carnaval-anoumabo-on-est-class-4-avec-ismael-isaac-les-marabouts-et-fior2bior\/#article\",\"isPartOf\":{\"@id\":\"https:\/\/7culture.ci\/index.php\/2022\/07\/20\/carnaval-anoumabo-on-est-class-4-avec-ismael-isaac-les-marabouts-et-fior2bior\/\"},\"author\":{\"name\":\"7culture2020\",\"@id\":\"https:\/\/7culture.ci\/#\/schema\/person\/16150d28d7ef66ba788c1f87f28c4426\"},\"headline\":\"\u2018\u2019Carnaval Anoumabo, On Est Class 4\u2019\u2019 avec Isma\u00ebl Isaac, Les Marabouts et Fior2Bior\",\"datePublished\":\"2022-07-20T15:35:08+00:00\",\"dateModified\":\"2022-07-20T17:19:26+00:00\",\"mainEntityOfPage\":{\"@id\":\"https:\/\/7culture.ci\/index.php\/2022\/07\/20\/carnaval-anoumabo-on-est-class-4-avec-ismael-isaac-les-marabouts-et-fior2bior\/\"},\"wordCount\":353,\"commentCount\":0,\"publisher\":{\"@id\":\"https:\/\/7culture.ci\/#organization\"},\"articleSection\":[\"Actualit\u00e9\"],\"inLanguage\":\"fr-FR\",\"potentialAction\":[{\"@type\":\"CommentAction\",\"name\":\"Comment\",\"target\":[\"https:\/\/7culture.ci\/index.php\/2022\/07\/20\/carnaval-anoumabo-on-est-class-4-avec-ismael-isaac-les-marabouts-et-fior2bior\/#respond\"]}]},{\"@type\":\"WebPage\",\"@id\":\"https:\/\/7culture.ci\/index.php\/2022\/07\/20\/carnaval-anoumabo-on-est-class-4-avec-ismael-isaac-les-marabouts-et-fior2bior\/\",\"url\":\"https:\/\/7culture.ci\/index.php\/2022\/07\/20\/carnaval-anoumabo-on-est-class-4-avec-ismael-isaac-les-marabouts-et-fior2bior\/\",\"name\":\"\u2018\u2019Carnaval Anoumabo, On Est Class 4\u2019\u2019 avec Isma\u00ebl Isaac, Les Marabouts et Fior2Bior -\",\"isPartOf\":{\"@id\":\"https:\/\/7culture.ci\/#website\"},\"datePublished\":\"2022-07-20T15:35:08+00:00\",\"dateModified\":\"2022-07-20T17:19:26+00:00\",\"breadcrumb\":{\"@id\":\"https:\/\/7culture.ci\/index.php\/2022\/07\/20\/carnaval-anoumabo-on-est-class-4-avec-ismael-isaac-les-marabouts-et-fior2bior\/#breadcrumb\"},\"inLanguage\":\"fr-FR\",\"potentialAction\":[{\"@type\":\"ReadAction\",\"target\":[\"https:\/\/7culture.ci\/index.php\/2022\/07\/20\/carnaval-anoumabo-on-est-class-4-avec-ismael-isaac-les-marabouts-et-fior2bior\/\"]}]},{\"@type\":\"BreadcrumbList\",\"@id\":\"https:\/\/7culture.ci\/index.php\/2022\/07\/20\/carnaval-anoumabo-on-est-class-4-avec-ismael-isaac-les-marabouts-et-fior2bior\/#breadcrumb\",\"itemListElement\":[{\"@type\":\"ListItem\",\"position\":1,\"name\":\"Accueil\",\"item\":\"https:\/\/7culture.ci\/\"},{\"@type\":\"ListItem\",\"position\":2,\"name\":\"\u2018\u2019Carnaval Anoumabo, On Est Class 4\u2019\u2019 avec Isma\u00ebl Isaac, Les Marabouts et Fior2Bior\"}]},{\"@type\":\"WebSite\",\"@id\":\"https:\/\/7culture.ci\/#website\",\"url\":\"https:\/\/7culture.ci\/\",\"name\":\"7culture\",\"description\":\"Tout sur l&#039;actualit\u00e9\",\"publisher\":{\"@id\":\"https:\/\/7culture.ci\/#organization\"},\"potentialAction\":[{\"@type\":\"SearchAction\",\"target\":{\"@type\":\"EntryPoint\",\"urlTemplate\":\"https:\/\/7culture.ci\/?s={search_term_string}\"},\"query-input\":\"required name=search_term_string\"}],\"inLanguage\":\"fr-FR\"},{\"@type\":\"Organization\",\"@id\":\"https:\/\/7culture.ci\/#organization\",\"name\":\"7culture\",\"url\":\"https:\/\/7culture.ci\/\",\"sameAs\":[\"https:\/\/www.facebook.com\/redchefclaude\",\"https:\/\/twitter.com\/7culturec\"],\"logo\":{\"@type\":\"ImageObject\",\"inLanguage\":\"fr-FR\",\"@id\":\"https:\/\/7culture.ci\/#\/schema\/logo\/image\/\",\"url\":\"https:\/\/7culture.ci\/wp-content\/uploads\/2021\/12\/S1a-1.png\",\"contentUrl\":\"https:\/\/7culture.ci\/wp-content\/uploads\/2021\/12\/S1a-1.png\",\"width\":588,\"height\":192,\"caption\":\"7culture\"},\"image\":{\"@id\":\"https:\/\/7culture.ci\/#\/schema\/logo\/image\/\"}},{\"@type\":\"Person\",\"@id\":\"https:\/\/7culture.ci\/#\/schema\/person\/16150d28d7ef66ba788c1f87f28c4426\",\"name\":\"7culture2020\",\"image\":{\"@type\":\"ImageObject\",\"inLanguage\":\"fr-FR\",\"@id\":\"https:\/\/7culture.ci\/#\/schema\/person\/image\/\",\"url\":\"https:\/\/secure.gravatar.com\/avatar\/9a0784f951306c37bcd065f52844ef95?s=96&d=mm&r=g\",\"contentUrl\":\"https:\/\/secure.gravatar.com\/avatar\/9a0784f951306c37bcd065f52844ef95?s=96&d=mm&r=g\",\"caption\":\"7culture2020\"},\"sameAs\":[\"http:\/\/7culture.ci\",\"Claude.kipre\"],\"url\":\"https:\/\/7culture.ci\/index.php\/author\/7culture2020\/\"}]}<\/script>\n<!-- \/ Yoast SEO plugin. -->","yoast_head_json":{"title":"\u2018\u2019Carnaval Anoumabo, On Est Class 4\u2019\u2019 avec Isma\u00ebl Isaac, Les Marabouts et Fior2Bior -","robots":{"index":"index","follow":"follow","max-snippet":"max-snippet:-1","max-image-preview":"max-image-preview:large","max-video-preview":"max-video-preview:-1"},"canonical":"https:\/\/7culture.ci\/index.php\/2022\/07\/20\/carnaval-anoumabo-on-est-class-4-avec-ismael-isaac-les-marabouts-et-fior2bior\/","og_locale":"fr_FR","og_type":"article","og_title":"\u2018\u2019Carnaval Anoumabo, On Est Class 4\u2019\u2019 avec Isma\u00ebl Isaac, Les Marabouts et Fior2Bior -","og_description":"C\u2019est le temps des vacances festives et populaires dans le village d\u2019Anoumabo. Et le tempo sera amplifi\u00e9 du 12 au 14 ao\u00fbt prochain au cours du \u2018\u2019Carnaval Anoumabo, On Est Class\u2019\u2019. Apr\u00e8s trois ans d\u2019implantation dans le village \u00e9bri\u00e9 de Marcory, l\u2019\u00e9v\u00e8nement fait d\u00e9sormais partie des shows les plus courus d\u2019Abidjan \u00e0 l\u2019instar du Femua &hellip; \u2018\u2019Carnaval Anoumabo, On Est Class 4\u2019\u2019 avec Isma\u00ebl Isaac, Les Marabouts et Fior2Bior Lire la suite\u00a0\u00bb","og_url":"https:\/\/7culture.ci\/index.php\/2022\/07\/20\/carnaval-anoumabo-on-est-class-4-avec-ismael-isaac-les-marabouts-et-fior2bior\/","og_site_name":"7culture","article_publisher":"https:\/\/www.facebook.com\/redchefclaude","article_published_time":"2022-07-20T15:35:08+00:00","article_modified_time":"2022-07-20T17:19:26+00:00","og_image":[{"width":720,"height":480,"url":"http:\/\/7culture.ci\/wp-content\/uploads\/2022\/07\/Anoumabo-Class01.jpg","type":"image\/jpeg"}],"author":"7culture2020","twitter_card":"summary_large_image","twitter_creator":"@7culturec","twitter_site":"@7culturec","twitter_misc":{"\u00c9crit par":"7culture2020","Dur\u00e9e de lecture estim\u00e9e":"3 minutes"},"schema":{"@context":"https:\/\/schema.org","@graph":[{"@type":"Article","@id":"https:\/\/7culture.ci\/index.php\/2022\/07\/20\/carnaval-anoumabo-on-est-class-4-avec-ismael-isaac-les-marabouts-et-fior2bior\/#article","isPartOf":{"@id":"https:\/\/7culture.ci\/index.php\/2022\/07\/20\/carnaval-anoumabo-on-est-class-4-avec-ismael-isaac-les-marabouts-et-fior2bior\/"},"author":{"name":"7culture2020","@id":"https:\/\/7culture.ci\/#\/schema\/person\/16150d28d7ef66ba788c1f87f28c4426"},"headline":"\u2018\u2019Carnaval Anoumabo, On Est Class 4\u2019\u2019 avec Isma\u00ebl Isaac, Les Marabouts et Fior2Bior","datePublished":"2022-07-20T15:35:08+00:00","dateModified":"2022-07-20T17:19:26+00:00","mainEntityOfPage":{"@id":"https:\/\/7culture.ci\/index.php\/2022\/07\/20\/carnaval-anoumabo-on-est-class-4-avec-ismael-isaac-les-marabouts-et-fior2bior\/"},"wordCount":353,"commentCount":0,"publisher":{"@id":"https:\/\/7culture.ci\/#organization"},"articleSection":["Actualit\u00e9"],"inLanguage":"fr-FR","potentialAction":[{"@type":"CommentAction","name":"Comment","target":["https:\/\/7culture.ci\/index.php\/2022\/07\/20\/carnaval-anoumabo-on-est-class-4-avec-ismael-isaac-les-marabouts-et-fior2bior\/#respond"]}]},{"@type":"WebPage","@id":"https:\/\/7culture.ci\/index.php\/2022\/07\/20\/carnaval-anoumabo-on-est-class-4-avec-ismael-isaac-les-marabouts-et-fior2bior\/","url":"https:\/\/7culture.ci\/index.php\/2022\/07\/20\/carnaval-anoumabo-on-est-class-4-avec-ismael-isaac-les-marabouts-et-fior2bior\/","name":"\u2018\u2019Carnaval Anoumabo, On Est Class 4\u2019\u2019 avec Isma\u00ebl Isaac, Les Marabouts et Fior2Bior -","isPartOf":{"@id":"https:\/\/7culture.ci\/#website"},"datePublished":"2022-07-20T15:35:08+00:00","dateModified":"2022-07-20T17:19:26+00:00","breadcrumb":{"@id":"https:\/\/7culture.ci\/index.php\/2022\/07\/20\/carnaval-anoumabo-on-est-class-4-avec-ismael-isaac-les-marabouts-et-fior2bior\/#breadcrumb"},"inLanguage":"fr-FR","potentialAction":[{"@type":"ReadAction","target":["https:\/\/7culture.ci\/index.php\/2022\/07\/20\/carnaval-anoumabo-on-est-class-4-avec-ismael-isaac-les-marabouts-et-fior2bior\/"]}]},{"@type":"BreadcrumbList","@id":"https:\/\/7culture.ci\/index.php\/2022\/07\/20\/carnaval-anoumabo-on-est-class-4-avec-ismael-isaac-les-marabouts-et-fior2bior\/#breadcrumb","itemListElement":[{"@type":"ListItem","position":1,"name":"Accueil","item":"https:\/\/7culture.ci\/"},{"@type":"ListItem","position":2,"name":"\u2018\u2019Carnaval Anoumabo, On Est Class 4\u2019\u2019 avec Isma\u00ebl Isaac, Les Marabouts et Fior2Bior"}]},{"@type":"WebSite","@id":"https:\/\/7culture.ci\/#website","url":"https:\/\/7culture.ci\/","name":"7culture","description":"Tout sur l&#039;actualit\u00e9","publisher":{"@id":"https:\/\/7culture.ci\/#organization"},"potentialAction":[{"@type":"SearchAction","target":{"@type":"EntryPoint","urlTemplate":"https:\/\/7culture.ci\/?s={search_term_string}"},"query-input":"required name=search_term_string"}],"inLanguage":"fr-FR"},{"@type":"Organization","@id":"https:\/\/7culture.ci\/#organization","name":"7culture","url":"https:\/\/7culture.ci\/","sameAs":["https:\/\/www.facebook.com\/redchefclaude","https:\/\/twitter.com\/7culturec"],"logo":{"@type":"ImageObject","inLanguage":"fr-FR","@id":"https:\/\/7culture.ci\/#\/schema\/logo\/image\/","url":"https:\/\/7culture.ci\/wp-content\/uploads\/2021\/12\/S1a-1.png","contentUrl":"https:\/\/7culture.ci\/wp-content\/uploads\/2021\/12\/S1a-1.png","width":588,"height":192,"caption":"7culture"},"image":{"@id":"https:\/\/7culture.ci\/#\/schema\/logo\/image\/"}},{"@type":"Person","@id":"https:\/\/7culture.ci\/#\/schema\/person\/16150d28d7ef66ba788c1f87f28c4426","name":"7culture2020","image":{"@type":"ImageObject","inLanguage":"fr-FR","@id":"https:\/\/7culture.ci\/#\/schema\/person\/image\/","url":"https:\/\/secure.gravatar.com\/avatar\/9a0784f951306c37bcd065f52844ef95?s=96&d=mm&r=g","contentUrl":"https:\/\/secure.gravatar.com\/avatar\/9a0784f951306c37bcd065f52844ef95?s=96&d=mm&r=g","caption":"7culture2020"},"sameAs":["http:\/\/7culture.ci","Claude.kipre"],"url":"https:\/\/7culture.ci\/index.php\/author\/7culture2020\/"}]}},"jetpack_featured_media_url":"https:\/\/7culture.ci\/wp-content\/uploads\/2022\/07\/Anoumabo-Class01.jpg","jetpack_likes_enabled":true,"jetpack_sharing_enabled":true,"_links":{"self":[{"href":"https:\/\/7culture.ci\/index.php\/wp-json\/wp\/v2\/posts\/22622"}],"collection":[{"href":"https:\/\/7culture.ci\/index.php\/wp-json\/wp\/v2\/posts"}],"about":[{"href":"https:\/\/7culture.ci\/index.php\/wp-json\/wp\/v2\/types\/post"}],"author":[{"embeddable":true,"href":"https:\/\/7culture.ci\/index.php\/wp-json\/wp\/v2\/users\/1"}],"replies":[{"embeddable":true,"href":"https:\/\/7culture.ci\/index.php\/wp-json\/wp\/v2\/comments?post=22622"}],"version-history":[{"count":0,"href":"https:\/\/7culture.ci\/index.php\/wp-json\/wp\/v2\/posts\/22622\/revisions"}],"wp:featuredmedia":[{"embeddable":true,"href":"https:\/\/7culture.ci\/index.php\/wp-json\/wp\/v2\/media\/22623"}],"wp:attachment":[{"href":"https:\/\/7culture.ci\/index.php\/wp-json\/wp\/v2\/media?parent=22622"}],"wp:term":[{"taxonomy":"category","embeddable":true,"href":"https:\/\/7culture.ci\/index.php\/wp-json\/wp\/v2\/categories?post=22622"},{"taxonomy":"post_tag","embeddable":true,"href":"https:\/\/7culture.ci\/index.php\/wp-json\/wp\/v2\/tags?post=22622"}],"curies":[{"name":"wp","href":"https:\/\/api.w.org\/{rel}","templated":true}]}}