{"id":22599,"date":"2022-07-20T12:26:40","date_gmt":"2022-07-20T10:26:40","guid":{"rendered":"https:\/\/7culture.ci\/?p=22599"},"modified":"2022-07-20T14:34:13","modified_gmt":"2022-07-20T12:34:13","slug":"concerto-de-lindependance-pour-la-solidarite-2022-pourquoi-yakro-a-remplace-yop","status":"publish","type":"post","link":"https:\/\/7culture.ci\/index.php\/2022\/07\/20\/concerto-de-lindependance-pour-la-solidarite-2022-pourquoi-yakro-a-remplace-yop\/","title":{"rendered":"Concerto de l\u2019ind\u00e9pendance pour la solidarit\u00e9 2022\u00a0: Pourquoi Yakro a remplac\u00e9 Yop\u00a0?"},"content":{"rendered":"\n<p>Relay\u00e9 au pied lev\u00e9 par La Place Jean-Paul II de Yamoussoukro, l\u2019espace FICGAYO \u00e0 Yopougon n\u2019accueillera plus \u2018\u2019Le concerto de l\u2019ind\u00e9pendance pour la solidarit\u00e9\u2019\u2019 pr\u00e9vu le 6 ao\u00fbt prochain. \u00ab&nbsp;<strong><em>Pour le comit\u00e9 d\u2019organisation que je repr\u00e9sente, tout \u00e9tait pr\u00eat pour que \u2018\u2019Le concerto de l\u2019ind\u00e9pendance pour la solidarit\u00e9\u2019\u2019 se tienne \u00e0 l\u2019espace Ficgayo \u00e0 Yopougon. Mais le pr\u00e9sident de la r\u00e9publique a d\u00e9cid\u00e9 que cette ann\u00e9e les festivit\u00e9s du 62<sup>e<\/sup> anniversaire de l\u2019accession de la C\u00f4te d\u2019Ivoire \u00e0 la souverainet\u00e9 nationale et notamment le d\u00e9fil\u00e9 militaire, se d\u00e9roulent \u00e0 Yamoussoukro, la capitale politique. Par la m\u00eame occasion, nous avons re\u00e7u mandat de d\u00e9localiser la 2<sup>e<\/sup> \u00e9dition du \u2018\u2019Concerto de l\u2019ind\u00e9pendance pour la solidarit\u00e9 \u00e0 le Place Jean Paul II de la ville h\u00f4te&nbsp;<\/em><\/strong>\u00bb, a expliqu\u00e9 Mohamed Fofana au cours d\u2019un point de presse anim\u00e9 le lundi 18 juillet \u00e0 la salle Jean Delafosse du District Autonome d\u2019Abidjan au Plateau.<\/p>\n\n\n\n<figure class=\"wp-block-gallery has-nested-images columns-default is-cropped wp-block-gallery-1 is-layout-flex wp-block-gallery-is-layout-flex\">\n<figure class=\"wp-block-image size-large\"><img loading=\"lazy\" decoding=\"async\" width=\"720\" height=\"720\" data-id=\"22604\" src=\"https:\/\/7culture.ci\/wp-content\/uploads\/2022\/07\/WhatsApp-Image-2022-07-19-at-19.23.28.jpeg\" alt=\"\" class=\"wp-image-22604\" srcset=\"https:\/\/7culture.ci\/wp-content\/uploads\/2022\/07\/WhatsApp-Image-2022-07-19-at-19.23.28.jpeg 720w, https:\/\/7culture.ci\/wp-content\/uploads\/2022\/07\/WhatsApp-Image-2022-07-19-at-19.23.28-300x300.jpeg 300w, https:\/\/7culture.ci\/wp-content\/uploads\/2022\/07\/WhatsApp-Image-2022-07-19-at-19.23.28-150x150.jpeg 150w\" sizes=\"(max-width: 720px) 100vw, 720px\" \/><\/figure>\n\n\n\n<figure class=\"wp-block-image size-large\"><img loading=\"lazy\" decoding=\"async\" width=\"720\" height=\"480\" data-id=\"22603\" src=\"https:\/\/7culture.ci\/wp-content\/uploads\/2022\/07\/WhatsApp-Image-2022-07-19-at-19.23.29.jpeg\" alt=\"\" class=\"wp-image-22603\" srcset=\"https:\/\/7culture.ci\/wp-content\/uploads\/2022\/07\/WhatsApp-Image-2022-07-19-at-19.23.29.jpeg 720w, https:\/\/7culture.ci\/wp-content\/uploads\/2022\/07\/WhatsApp-Image-2022-07-19-at-19.23.29-300x200.jpeg 300w\" sizes=\"(max-width: 720px) 100vw, 720px\" \/><\/figure>\n\n\n\n<figure class=\"wp-block-image size-large\"><img loading=\"lazy\" decoding=\"async\" width=\"693\" height=\"446\" data-id=\"22602\" src=\"https:\/\/7culture.ci\/wp-content\/uploads\/2022\/07\/WhatsApp-Image-2022-07-19-at-19.31.17.jpeg\" alt=\"\" class=\"wp-image-22602\" srcset=\"https:\/\/7culture.ci\/wp-content\/uploads\/2022\/07\/WhatsApp-Image-2022-07-19-at-19.31.17.jpeg 693w, https:\/\/7culture.ci\/wp-content\/uploads\/2022\/07\/WhatsApp-Image-2022-07-19-at-19.31.17-300x193.jpeg 300w\" sizes=\"(max-width: 693px) 100vw, 693px\" \/><\/figure>\n<\/figure>\n\n\n\n<p>En dehors du changement de lieu d\u2019accueil, le format de l\u2019\u00e9v\u00e8nement ne varie pas. Ce sera toujours en plein air avec la participation de 50 artistes tous genres confondus qui vont se relayer sur un podium g\u00e9ant. L\u2019affiche est purement nationale avec maintenant comme t\u00eate de liste Alpha Blondy. Le rasta de Cocody bouclera le concerto du 62<sup>e<\/sup> anniversaire de l\u2019ind\u00e9pendance de la C\u00f4te d\u2019Ivoire par un concert live in\u00e9dit. Bien avant le \u2018\u2019Pape\u2019\u2019 du reggae africain, Obam\u2019s, Mike Alabi, Dj\u00e9tenin Fi, Ismael Isaac, Fadal dey, Affou K\u00e9\u00efta, Serge Beynaud, Le Molare, Lino Versa, Abou Nidal\u2026feront la f\u00eate avec le public de la capital politique. \u00ab <strong><em>L\u2019id\u00e9e est de faire la f\u00eate \u00e0 la veille de la c\u00e9l\u00e9bration de notre ind\u00e9pendance avec le maximum d\u2019habitants venus de tout le pays. On a une liste vari\u00e9e de plus de 50 artistes nationaux<\/em><\/strong>\u00bb, a d\u00e9clar\u00e9 Mohamed Fofana dont la structure Africa Black Label (ABL) pilote l\u2019organisation.<\/p>\n\n\n\n<figure class=\"wp-block-gallery has-nested-images columns-default is-cropped wp-block-gallery-2 is-layout-flex wp-block-gallery-is-layout-flex\">\n<figure class=\"wp-block-image size-large\"><img loading=\"lazy\" decoding=\"async\" width=\"720\" height=\"480\" data-id=\"22606\" src=\"https:\/\/7culture.ci\/wp-content\/uploads\/2022\/07\/WhatsApp-Image-2022-07-19-at-19.23.29-1.jpeg\" alt=\"\" class=\"wp-image-22606\" srcset=\"https:\/\/7culture.ci\/wp-content\/uploads\/2022\/07\/WhatsApp-Image-2022-07-19-at-19.23.29-1.jpeg 720w, https:\/\/7culture.ci\/wp-content\/uploads\/2022\/07\/WhatsApp-Image-2022-07-19-at-19.23.29-1-300x200.jpeg 300w\" sizes=\"(max-width: 720px) 100vw, 720px\" \/><\/figure>\n\n\n\n<figure class=\"wp-block-image size-large\"><img loading=\"lazy\" decoding=\"async\" width=\"720\" height=\"480\" data-id=\"22605\" src=\"https:\/\/7culture.ci\/wp-content\/uploads\/2022\/07\/WhatsApp-Image-2022-07-19-at-19.23.29-2.jpeg\" alt=\"\" class=\"wp-image-22605\" srcset=\"https:\/\/7culture.ci\/wp-content\/uploads\/2022\/07\/WhatsApp-Image-2022-07-19-at-19.23.29-2.jpeg 720w, https:\/\/7culture.ci\/wp-content\/uploads\/2022\/07\/WhatsApp-Image-2022-07-19-at-19.23.29-2-300x200.jpeg 300w\" sizes=\"(max-width: 720px) 100vw, 720px\" \/><\/figure>\n\n\n\n<figure class=\"wp-block-image size-large\"><img loading=\"lazy\" decoding=\"async\" width=\"721\" height=\"480\" data-id=\"22607\" src=\"https:\/\/7culture.ci\/wp-content\/uploads\/2022\/07\/WhatsApp-Image-2022-07-19-at-19.39.49.jpeg\" alt=\"\" class=\"wp-image-22607\" srcset=\"https:\/\/7culture.ci\/wp-content\/uploads\/2022\/07\/WhatsApp-Image-2022-07-19-at-19.39.49.jpeg 721w, https:\/\/7culture.ci\/wp-content\/uploads\/2022\/07\/WhatsApp-Image-2022-07-19-at-19.39.49-300x200.jpeg 300w\" sizes=\"(max-width: 721px) 100vw, 721px\" \/><\/figure>\n<\/figure>\n\n\n\n<p>Selon l\u2019organisation, toutes les festivit\u00e9s d\u00e9marreront \u00e0 partir de midi le 6 ao\u00fbt par l\u2018ouverture de l\u2019espace gastronomique avec maquis g\u00e9ants et restaurants. Le site sera \u00e9quip\u00e9 d\u2019\u00e9crans relais qui permettront aux festivaliers de suivre le grand show qui sera lanc\u00e9 \u00e0 18h. Une judicieuse programmation sera faite pour alterner musique et humour d\u2019une part, et live et play-back de l\u2019autre. \u00ab <strong><em>Nous pr\u00e9voyons un show m\u00e9morable. En plus de f\u00eater le 62<sup>e<\/sup> anniversaire de l\u2019ind\u00e9pendance de la C\u00f4te d\u2019Ivoire, nous voulons surtout c\u00e9l\u00e9brer la solidarit\u00e9 entre les habitants de notre pays \u00e0 travers cet \u00e9v\u00e8nement offert par le pr\u00e9sident de la R\u00e9publique<\/em><\/strong>\u00bb, a soulign\u00e9 M. Fofana.<\/p>\n\n\n\n<p>Par Omar AK<\/p>\n","protected":false},"excerpt":{"rendered":"<p>Relay\u00e9 au pied lev\u00e9 par La Place Jean-Paul II de Yamoussoukro, l\u2019espace FICGAYO \u00e0 Yopougon n\u2019accueillera plus \u2018\u2019Le concerto de l\u2019ind\u00e9pendance pour la solidarit\u00e9\u2019\u2019 pr\u00e9vu le 6 ao\u00fbt prochain. \u00ab&nbsp;Pour le comit\u00e9 d\u2019organisation que je repr\u00e9sente, tout \u00e9tait pr\u00eat pour que \u2018\u2019Le concerto de l\u2019ind\u00e9pendance pour la solidarit\u00e9\u2019\u2019 se tienne \u00e0 l\u2019espace Ficgayo \u00e0 Yopougon. &hellip;<\/p>\n<p class=\"read-more\"> <a class=\"\" href=\"https:\/\/7culture.ci\/index.php\/2022\/07\/20\/concerto-de-lindependance-pour-la-solidarite-2022-pourquoi-yakro-a-remplace-yop\/\"> <span class=\"screen-reader-text\">Concerto de l\u2019ind\u00e9pendance pour la solidarit\u00e9 2022\u00a0: Pourquoi Yakro a remplac\u00e9 Yop\u00a0?<\/span> Lire la suite\u00a0\u00bb<\/a><\/p>\n","protected":false},"author":1,"featured_media":22601,"comment_status":"open","ping_status":"open","sticky":false,"template":"","format":"standard","meta":{"_mi_skip_tracking":false,"_monsterinsights_sitenote_active":false,"_monsterinsights_sitenote_note":"","_monsterinsights_sitenote_category":0,"site-sidebar-layout":"default","site-content-layout":"default","ast-global-header-display":"","ast-main-header-display":"","ast-hfb-above-header-display":"","ast-hfb-below-header-display":"","ast-hfb-mobile-header-display":"","site-post-title":"","ast-breadcrumbs-content":"","ast-featured-img":"","footer-sml-layout":"","theme-transparent-header-meta":"","adv-header-id-meta":"","stick-header-meta":"","header-above-stick-meta":"","header-main-stick-meta":"","header-below-stick-meta":"","footnotes":"","jetpack_publicize_message":"","jetpack_is_tweetstorm":false,"jetpack_publicize_feature_enabled":true},"categories":[16],"tags":[],"jetpack_publicize_connections":[],"acf":[],"aioseo_notices":[],"yoast_head":"<!-- This site is optimized with the Yoast SEO plugin v19.6.1 - https:\/\/yoast.com\/wordpress\/plugins\/seo\/ -->\n<title>Concerto de l\u2019ind\u00e9pendance pour la solidarit\u00e9 2022\u00a0: Pourquoi Yakro a remplac\u00e9 Yop\u00a0? - 7culture<\/title>\n<meta name=\"robots\" content=\"index, follow, max-snippet:-1, max-image-preview:large, max-video-preview:-1\" \/>\n<link rel=\"canonical\" href=\"https:\/\/7culture.ci\/index.php\/2022\/07\/20\/concerto-de-lindependance-pour-la-solidarite-2022-pourquoi-yakro-a-remplace-yop\/\" \/>\n<meta property=\"og:locale\" content=\"fr_FR\" \/>\n<meta property=\"og:type\" content=\"article\" \/>\n<meta property=\"og:title\" content=\"Concerto de l\u2019ind\u00e9pendance pour la solidarit\u00e9 2022\u00a0: Pourquoi Yakro a remplac\u00e9 Yop\u00a0? - 7culture\" \/>\n<meta property=\"og:description\" content=\"Relay\u00e9 au pied lev\u00e9 par La Place Jean-Paul II de Yamoussoukro, l\u2019espace FICGAYO \u00e0 Yopougon n\u2019accueillera plus \u2018\u2019Le concerto de l\u2019ind\u00e9pendance pour la solidarit\u00e9\u2019\u2019 pr\u00e9vu le 6 ao\u00fbt prochain. \u00ab&nbsp;Pour le comit\u00e9 d\u2019organisation que je repr\u00e9sente, tout \u00e9tait pr\u00eat pour que \u2018\u2019Le concerto de l\u2019ind\u00e9pendance pour la solidarit\u00e9\u2019\u2019 se tienne \u00e0 l\u2019espace Ficgayo \u00e0 Yopougon. &hellip; Concerto de l\u2019ind\u00e9pendance pour la solidarit\u00e9 2022\u00a0: Pourquoi Yakro a remplac\u00e9 Yop\u00a0? Lire la suite\u00a0\u00bb\" \/>\n<meta property=\"og:url\" content=\"https:\/\/7culture.ci\/index.php\/2022\/07\/20\/concerto-de-lindependance-pour-la-solidarite-2022-pourquoi-yakro-a-remplace-yop\/\" \/>\n<meta property=\"og:site_name\" content=\"7culture\" \/>\n<meta property=\"article:publisher\" content=\"https:\/\/www.facebook.com\/redchefclaude\" \/>\n<meta property=\"article:published_time\" content=\"2022-07-20T10:26:40+00:00\" \/>\n<meta property=\"article:modified_time\" content=\"2022-07-20T12:34:13+00:00\" \/>\n<meta property=\"og:image\" content=\"http:\/\/7culture.ci\/wp-content\/uploads\/2022\/07\/concert1.jpeg\" \/>\n\t<meta property=\"og:image:width\" content=\"721\" \/>\n\t<meta property=\"og:image:height\" content=\"450\" \/>\n\t<meta property=\"og:image:type\" content=\"image\/jpeg\" \/>\n<meta name=\"author\" content=\"7culture2020\" \/>\n<meta name=\"twitter:card\" content=\"summary_large_image\" \/>\n<meta name=\"twitter:creator\" content=\"@7culturec\" \/>\n<meta name=\"twitter:site\" content=\"@7culturec\" \/>\n<meta name=\"twitter:label1\" content=\"\u00c9crit par\" \/>\n\t<meta name=\"twitter:data1\" content=\"7culture2020\" \/>\n\t<meta name=\"twitter:label2\" content=\"Dur\u00e9e de lecture estim\u00e9e\" \/>\n\t<meta name=\"twitter:data2\" content=\"4 minutes\" \/>\n<script type=\"application\/ld+json\" class=\"yoast-schema-graph\">{\"@context\":\"https:\/\/schema.org\",\"@graph\":[{\"@type\":\"Article\",\"@id\":\"https:\/\/7culture.ci\/index.php\/2022\/07\/20\/concerto-de-lindependance-pour-la-solidarite-2022-pourquoi-yakro-a-remplace-yop\/#article\",\"isPartOf\":{\"@id\":\"https:\/\/7culture.ci\/index.php\/2022\/07\/20\/concerto-de-lindependance-pour-la-solidarite-2022-pourquoi-yakro-a-remplace-yop\/\"},\"author\":{\"name\":\"7culture2020\",\"@id\":\"https:\/\/7culture.ci\/#\/schema\/person\/16150d28d7ef66ba788c1f87f28c4426\"},\"headline\":\"Concerto de l\u2019ind\u00e9pendance pour la solidarit\u00e9 2022\u00a0: Pourquoi Yakro a remplac\u00e9 Yop\u00a0?\",\"datePublished\":\"2022-07-20T10:26:40+00:00\",\"dateModified\":\"2022-07-20T12:34:13+00:00\",\"mainEntityOfPage\":{\"@id\":\"https:\/\/7culture.ci\/index.php\/2022\/07\/20\/concerto-de-lindependance-pour-la-solidarite-2022-pourquoi-yakro-a-remplace-yop\/\"},\"wordCount\":488,\"commentCount\":0,\"publisher\":{\"@id\":\"https:\/\/7culture.ci\/#organization\"},\"articleSection\":[\"Musique\"],\"inLanguage\":\"fr-FR\",\"potentialAction\":[{\"@type\":\"CommentAction\",\"name\":\"Comment\",\"target\":[\"https:\/\/7culture.ci\/index.php\/2022\/07\/20\/concerto-de-lindependance-pour-la-solidarite-2022-pourquoi-yakro-a-remplace-yop\/#respond\"]}]},{\"@type\":\"WebPage\",\"@id\":\"https:\/\/7culture.ci\/index.php\/2022\/07\/20\/concerto-de-lindependance-pour-la-solidarite-2022-pourquoi-yakro-a-remplace-yop\/\",\"url\":\"https:\/\/7culture.ci\/index.php\/2022\/07\/20\/concerto-de-lindependance-pour-la-solidarite-2022-pourquoi-yakro-a-remplace-yop\/\",\"name\":\"Concerto de l\u2019ind\u00e9pendance pour la solidarit\u00e9 2022\u00a0: Pourquoi Yakro a remplac\u00e9 Yop\u00a0? - 7culture\",\"isPartOf\":{\"@id\":\"https:\/\/7culture.ci\/#website\"},\"datePublished\":\"2022-07-20T10:26:40+00:00\",\"dateModified\":\"2022-07-20T12:34:13+00:00\",\"breadcrumb\":{\"@id\":\"https:\/\/7culture.ci\/index.php\/2022\/07\/20\/concerto-de-lindependance-pour-la-solidarite-2022-pourquoi-yakro-a-remplace-yop\/#breadcrumb\"},\"inLanguage\":\"fr-FR\",\"potentialAction\":[{\"@type\":\"ReadAction\",\"target\":[\"https:\/\/7culture.ci\/index.php\/2022\/07\/20\/concerto-de-lindependance-pour-la-solidarite-2022-pourquoi-yakro-a-remplace-yop\/\"]}]},{\"@type\":\"BreadcrumbList\",\"@id\":\"https:\/\/7culture.ci\/index.php\/2022\/07\/20\/concerto-de-lindependance-pour-la-solidarite-2022-pourquoi-yakro-a-remplace-yop\/#breadcrumb\",\"itemListElement\":[{\"@type\":\"ListItem\",\"position\":1,\"name\":\"Accueil\",\"item\":\"https:\/\/7culture.ci\/\"},{\"@type\":\"ListItem\",\"position\":2,\"name\":\"Concerto de l\u2019ind\u00e9pendance pour la solidarit\u00e9 2022\u00a0: Pourquoi Yakro a remplac\u00e9 Yop\u00a0?\"}]},{\"@type\":\"WebSite\",\"@id\":\"https:\/\/7culture.ci\/#website\",\"url\":\"https:\/\/7culture.ci\/\",\"name\":\"7culture\",\"description\":\"Tout sur l&#039;actualit\u00e9\",\"publisher\":{\"@id\":\"https:\/\/7culture.ci\/#organization\"},\"potentialAction\":[{\"@type\":\"SearchAction\",\"target\":{\"@type\":\"EntryPoint\",\"urlTemplate\":\"https:\/\/7culture.ci\/?s={search_term_string}\"},\"query-input\":\"required name=search_term_string\"}],\"inLanguage\":\"fr-FR\"},{\"@type\":\"Organization\",\"@id\":\"https:\/\/7culture.ci\/#organization\",\"name\":\"7culture\",\"url\":\"https:\/\/7culture.ci\/\",\"sameAs\":[\"https:\/\/www.facebook.com\/redchefclaude\",\"https:\/\/twitter.com\/7culturec\"],\"logo\":{\"@type\":\"ImageObject\",\"inLanguage\":\"fr-FR\",\"@id\":\"https:\/\/7culture.ci\/#\/schema\/logo\/image\/\",\"url\":\"https:\/\/7culture.ci\/wp-content\/uploads\/2021\/12\/S1a-1.png\",\"contentUrl\":\"https:\/\/7culture.ci\/wp-content\/uploads\/2021\/12\/S1a-1.png\",\"width\":588,\"height\":192,\"caption\":\"7culture\"},\"image\":{\"@id\":\"https:\/\/7culture.ci\/#\/schema\/logo\/image\/\"}},{\"@type\":\"Person\",\"@id\":\"https:\/\/7culture.ci\/#\/schema\/person\/16150d28d7ef66ba788c1f87f28c4426\",\"name\":\"7culture2020\",\"image\":{\"@type\":\"ImageObject\",\"inLanguage\":\"fr-FR\",\"@id\":\"https:\/\/7culture.ci\/#\/schema\/person\/image\/\",\"url\":\"https:\/\/secure.gravatar.com\/avatar\/9a0784f951306c37bcd065f52844ef95?s=96&d=mm&r=g\",\"contentUrl\":\"https:\/\/secure.gravatar.com\/avatar\/9a0784f951306c37bcd065f52844ef95?s=96&d=mm&r=g\",\"caption\":\"7culture2020\"},\"sameAs\":[\"http:\/\/7culture.ci\",\"Claude.kipre\"],\"url\":\"https:\/\/7culture.ci\/index.php\/author\/7culture2020\/\"}]}<\/script>\n<!-- \/ Yoast SEO plugin. -->","yoast_head_json":{"title":"Concerto de l\u2019ind\u00e9pendance pour la solidarit\u00e9 2022\u00a0: Pourquoi Yakro a remplac\u00e9 Yop\u00a0? - 7culture","robots":{"index":"index","follow":"follow","max-snippet":"max-snippet:-1","max-image-preview":"max-image-preview:large","max-video-preview":"max-video-preview:-1"},"canonical":"https:\/\/7culture.ci\/index.php\/2022\/07\/20\/concerto-de-lindependance-pour-la-solidarite-2022-pourquoi-yakro-a-remplace-yop\/","og_locale":"fr_FR","og_type":"article","og_title":"Concerto de l\u2019ind\u00e9pendance pour la solidarit\u00e9 2022\u00a0: Pourquoi Yakro a remplac\u00e9 Yop\u00a0? - 7culture","og_description":"Relay\u00e9 au pied lev\u00e9 par La Place Jean-Paul II de Yamoussoukro, l\u2019espace FICGAYO \u00e0 Yopougon n\u2019accueillera plus \u2018\u2019Le concerto de l\u2019ind\u00e9pendance pour la solidarit\u00e9\u2019\u2019 pr\u00e9vu le 6 ao\u00fbt prochain. \u00ab&nbsp;Pour le comit\u00e9 d\u2019organisation que je repr\u00e9sente, tout \u00e9tait pr\u00eat pour que \u2018\u2019Le concerto de l\u2019ind\u00e9pendance pour la solidarit\u00e9\u2019\u2019 se tienne \u00e0 l\u2019espace Ficgayo \u00e0 Yopougon. &hellip; Concerto de l\u2019ind\u00e9pendance pour la solidarit\u00e9 2022\u00a0: Pourquoi Yakro a remplac\u00e9 Yop\u00a0? Lire la suite\u00a0\u00bb","og_url":"https:\/\/7culture.ci\/index.php\/2022\/07\/20\/concerto-de-lindependance-pour-la-solidarite-2022-pourquoi-yakro-a-remplace-yop\/","og_site_name":"7culture","article_publisher":"https:\/\/www.facebook.com\/redchefclaude","article_published_time":"2022-07-20T10:26:40+00:00","article_modified_time":"2022-07-20T12:34:13+00:00","og_image":[{"width":721,"height":450,"url":"http:\/\/7culture.ci\/wp-content\/uploads\/2022\/07\/concert1.jpeg","type":"image\/jpeg"}],"author":"7culture2020","twitter_card":"summary_large_image","twitter_creator":"@7culturec","twitter_site":"@7culturec","twitter_misc":{"\u00c9crit par":"7culture2020","Dur\u00e9e de lecture estim\u00e9e":"4 minutes"},"schema":{"@context":"https:\/\/schema.org","@graph":[{"@type":"Article","@id":"https:\/\/7culture.ci\/index.php\/2022\/07\/20\/concerto-de-lindependance-pour-la-solidarite-2022-pourquoi-yakro-a-remplace-yop\/#article","isPartOf":{"@id":"https:\/\/7culture.ci\/index.php\/2022\/07\/20\/concerto-de-lindependance-pour-la-solidarite-2022-pourquoi-yakro-a-remplace-yop\/"},"author":{"name":"7culture2020","@id":"https:\/\/7culture.ci\/#\/schema\/person\/16150d28d7ef66ba788c1f87f28c4426"},"headline":"Concerto de l\u2019ind\u00e9pendance pour la solidarit\u00e9 2022\u00a0: Pourquoi Yakro a remplac\u00e9 Yop\u00a0?","datePublished":"2022-07-20T10:26:40+00:00","dateModified":"2022-07-20T12:34:13+00:00","mainEntityOfPage":{"@id":"https:\/\/7culture.ci\/index.php\/2022\/07\/20\/concerto-de-lindependance-pour-la-solidarite-2022-pourquoi-yakro-a-remplace-yop\/"},"wordCount":488,"commentCount":0,"publisher":{"@id":"https:\/\/7culture.ci\/#organization"},"articleSection":["Musique"],"inLanguage":"fr-FR","potentialAction":[{"@type":"CommentAction","name":"Comment","target":["https:\/\/7culture.ci\/index.php\/2022\/07\/20\/concerto-de-lindependance-pour-la-solidarite-2022-pourquoi-yakro-a-remplace-yop\/#respond"]}]},{"@type":"WebPage","@id":"https:\/\/7culture.ci\/index.php\/2022\/07\/20\/concerto-de-lindependance-pour-la-solidarite-2022-pourquoi-yakro-a-remplace-yop\/","url":"https:\/\/7culture.ci\/index.php\/2022\/07\/20\/concerto-de-lindependance-pour-la-solidarite-2022-pourquoi-yakro-a-remplace-yop\/","name":"Concerto de l\u2019ind\u00e9pendance pour la solidarit\u00e9 2022\u00a0: Pourquoi Yakro a remplac\u00e9 Yop\u00a0? - 7culture","isPartOf":{"@id":"https:\/\/7culture.ci\/#website"},"datePublished":"2022-07-20T10:26:40+00:00","dateModified":"2022-07-20T12:34:13+00:00","breadcrumb":{"@id":"https:\/\/7culture.ci\/index.php\/2022\/07\/20\/concerto-de-lindependance-pour-la-solidarite-2022-pourquoi-yakro-a-remplace-yop\/#breadcrumb"},"inLanguage":"fr-FR","potentialAction":[{"@type":"ReadAction","target":["https:\/\/7culture.ci\/index.php\/2022\/07\/20\/concerto-de-lindependance-pour-la-solidarite-2022-pourquoi-yakro-a-remplace-yop\/"]}]},{"@type":"BreadcrumbList","@id":"https:\/\/7culture.ci\/index.php\/2022\/07\/20\/concerto-de-lindependance-pour-la-solidarite-2022-pourquoi-yakro-a-remplace-yop\/#breadcrumb","itemListElement":[{"@type":"ListItem","position":1,"name":"Accueil","item":"https:\/\/7culture.ci\/"},{"@type":"ListItem","position":2,"name":"Concerto de l\u2019ind\u00e9pendance pour la solidarit\u00e9 2022\u00a0: Pourquoi Yakro a remplac\u00e9 Yop\u00a0?"}]},{"@type":"WebSite","@id":"https:\/\/7culture.ci\/#website","url":"https:\/\/7culture.ci\/","name":"7culture","description":"Tout sur l&#039;actualit\u00e9","publisher":{"@id":"https:\/\/7culture.ci\/#organization"},"potentialAction":[{"@type":"SearchAction","target":{"@type":"EntryPoint","urlTemplate":"https:\/\/7culture.ci\/?s={search_term_string}"},"query-input":"required name=search_term_string"}],"inLanguage":"fr-FR"},{"@type":"Organization","@id":"https:\/\/7culture.ci\/#organization","name":"7culture","url":"https:\/\/7culture.ci\/","sameAs":["https:\/\/www.facebook.com\/redchefclaude","https:\/\/twitter.com\/7culturec"],"logo":{"@type":"ImageObject","inLanguage":"fr-FR","@id":"https:\/\/7culture.ci\/#\/schema\/logo\/image\/","url":"https:\/\/7culture.ci\/wp-content\/uploads\/2021\/12\/S1a-1.png","contentUrl":"https:\/\/7culture.ci\/wp-content\/uploads\/2021\/12\/S1a-1.png","width":588,"height":192,"caption":"7culture"},"image":{"@id":"https:\/\/7culture.ci\/#\/schema\/logo\/image\/"}},{"@type":"Person","@id":"https:\/\/7culture.ci\/#\/schema\/person\/16150d28d7ef66ba788c1f87f28c4426","name":"7culture2020","image":{"@type":"ImageObject","inLanguage":"fr-FR","@id":"https:\/\/7culture.ci\/#\/schema\/person\/image\/","url":"https:\/\/secure.gravatar.com\/avatar\/9a0784f951306c37bcd065f52844ef95?s=96&d=mm&r=g","contentUrl":"https:\/\/secure.gravatar.com\/avatar\/9a0784f951306c37bcd065f52844ef95?s=96&d=mm&r=g","caption":"7culture2020"},"sameAs":["http:\/\/7culture.ci","Claude.kipre"],"url":"https:\/\/7culture.ci\/index.php\/author\/7culture2020\/"}]}},"jetpack_featured_media_url":"https:\/\/7culture.ci\/wp-content\/uploads\/2022\/07\/concert1.jpeg","jetpack_likes_enabled":true,"jetpack_sharing_enabled":true,"_links":{"self":[{"href":"https:\/\/7culture.ci\/index.php\/wp-json\/wp\/v2\/posts\/22599"}],"collection":[{"href":"https:\/\/7culture.ci\/index.php\/wp-json\/wp\/v2\/posts"}],"about":[{"href":"https:\/\/7culture.ci\/index.php\/wp-json\/wp\/v2\/types\/post"}],"author":[{"embeddable":true,"href":"https:\/\/7culture.ci\/index.php\/wp-json\/wp\/v2\/users\/1"}],"replies":[{"embeddable":true,"href":"https:\/\/7culture.ci\/index.php\/wp-json\/wp\/v2\/comments?post=22599"}],"version-history":[{"count":0,"href":"https:\/\/7culture.ci\/index.php\/wp-json\/wp\/v2\/posts\/22599\/revisions"}],"wp:featuredmedia":[{"embeddable":true,"href":"https:\/\/7culture.ci\/index.php\/wp-json\/wp\/v2\/media\/22601"}],"wp:attachment":[{"href":"https:\/\/7culture.ci\/index.php\/wp-json\/wp\/v2\/media?parent=22599"}],"wp:term":[{"taxonomy":"category","embeddable":true,"href":"https:\/\/7culture.ci\/index.php\/wp-json\/wp\/v2\/categories?post=22599"},{"taxonomy":"post_tag","embeddable":true,"href":"https:\/\/7culture.ci\/index.php\/wp-json\/wp\/v2\/tags?post=22599"}],"curies":[{"name":"wp","href":"https:\/\/api.w.org\/{rel}","templated":true}]}}