{"id":22592,"date":"2022-07-20T10:45:04","date_gmt":"2022-07-20T08:45:04","guid":{"rendered":"https:\/\/7culture.ci\/?p=22592"},"modified":"2022-07-20T12:29:44","modified_gmt":"2022-07-20T10:29:44","slug":"village-dagou-totorino-versace-ramatoulaye-et-aboutou-roots-seront-au-fic3a-2022","status":"publish","type":"post","link":"https:\/\/7culture.ci\/index.php\/2022\/07\/20\/village-dagou-totorino-versace-ramatoulaye-et-aboutou-roots-seront-au-fic3a-2022\/","title":{"rendered":"Commune d\u2019Agou\u00a0: Totorino, Versace, Ramatoulaye et Aboutou Roots seront au FIC3A 2022"},"content":{"rendered":"\n<p>La 2<sup>e<\/sup> \u00e9dition du Festival International de la Culture et des Arts Aky\u00e9s-K\u00ea d\u2019Agou (FIC3A) se d\u00e9roulera du 3 au 7 aout 2022 dans la commune d\u2019Agou, &nbsp;dans la sous-pr\u00e9fecture de la r\u00e9gion de la M\u00e9. L\u2019information a \u00e9t\u00e9 donn\u00e9e, lors d\u2019une conf\u00e9rence de presse, le lundi 18 juillet 2022 \u00e0 la maison de la presse d\u2019Abidjan.<\/p>\n\n\n\n<p>Le commissaire g\u00e9n\u00e9ral du FIC3A, Guyzo Abok\u00e9, a remerci\u00e9 ses diff\u00e9rents partenaires pour leur soutien avant de donner les raisons de la cr\u00e9ation du festival \u00e0 Agou. Selon lui, dans l\u2019optique de vouloir d\u00e9velopper sa r\u00e9gion, l\u2019id\u00e9e lui est venue de cr\u00e9er un festival qui permettra de mettre en lumi\u00e8re les us et coutumes \u2018\u2019aky\u00e9s\u2019\u2019 ainsi que son terroir.<\/p>\n\n\n\n<p>Cette ann\u00e9e le FIC3A est coupl\u00e9 \u00e0 la f\u00eate d\u2019ind\u00e9pendance tournante de la r\u00e9gion de la M\u00e9 dont la ville d\u2019Agou a la chance d\u2019accueillir. Il sera meubl\u00e9 de diverses activit\u00e9s visant \u00e0 faire la vulgarisation des richesses culturelles de ladite ville. Un concours culinaire sur les mets de la r\u00e9gion se fera en vue de faire la promotion de ceux-ci. De m\u00eame, des soir\u00e9es humoristiques et des concerts g\u00e9ants avec quelques artistes de renom comme Ramatoulaye, Aboutou Roots, Lino Versace et des chanteurs aky\u00e9s sont pr\u00e9vus pour le bonheur de la population. &nbsp;La femme Aky\u00e9 ne restera pas en marge. Sa beaut\u00e9 sera c\u00e9l\u00e9br\u00e9e \u00e0 travers l\u2019\u00e9lection de la Miss FIC3A. Un tournoi de football se jouera dans le but d\u2019occuper les jeunes de la M\u00e9 tout le long de cette c\u00e9l\u00e9bration culturelle. \u00c0 titre d\u2019innovation, un s\u00e9minaire sur le th\u00e8me \u2018\u2019r\u00e9chauffement climatique&nbsp;: quelles contributions de la culture et des arts\u2019\u2019 se tiendra. Cette conf\u00e9rence sur le changement de climat sera mat\u00e9rialis\u00e9e par une op\u00e9ration de planting d\u2019arbre sur un espace de deux hectares. &nbsp;&nbsp;<\/p>\n\n\n\n<figure class=\"wp-block-image size-full\"><img loading=\"lazy\" decoding=\"async\" width=\"552\" height=\"368\" src=\"https:\/\/7culture.ci\/wp-content\/uploads\/2022\/07\/WhatsApp-Image-2022-07-19-at-17.45.40.jpeg\" alt=\"\" class=\"wp-image-22594\" srcset=\"https:\/\/7culture.ci\/wp-content\/uploads\/2022\/07\/WhatsApp-Image-2022-07-19-at-17.45.40.jpeg 552w, https:\/\/7culture.ci\/wp-content\/uploads\/2022\/07\/WhatsApp-Image-2022-07-19-at-17.45.40-300x200.jpeg 300w\" sizes=\"(max-width: 552px) 100vw, 552px\" \/><\/figure>\n\n\n\n<p>La mairie d\u2019Agou, partenaire institutionnel du festival, repr\u00e9sent\u00e9e \u00e0 la c\u00e9r\u00e9monie de lancement par sa 2<sup>e<\/sup> &nbsp;adjointe au maire, Mme Cl\u00e9mentine Methan, a remerci\u00e9 les sponsors pour le soutien qu\u2019ils apportent aux organisateurs dans la r\u00e9alisation de cet \u00e9v\u00e8nement. &nbsp;&nbsp;La municipalit\u00e9, par la voix de Mme Methan, a r\u00e9it\u00e9r\u00e9 ses engagements et a rassur\u00e9 de son soutien. <strong>\u00ab <em>Soyez rassur\u00e9s, comptez sur nous, nous vous apporterons l\u2019appui n\u00e9cessaire<\/em>&nbsp;\u00bb, <\/strong>a-t-elle affirm\u00e9. &nbsp;<\/p>\n\n\n\n<p>&nbsp;Elle a profit\u00e9 de l\u2019occasion pour lancer un appel \u00e0 la population de la M\u00e9, afin qu\u2019elle participe massivement \u00e0 cette c\u00e9l\u00e9bration qui mettra en avant la culture \u2018\u2019Aky\u00e9\u2019\u2019.<\/p>\n\n\n\n<div class=\"wp-block-image\"><figure class=\"aligncenter size-large is-resized\"><img loading=\"lazy\" decoding=\"async\" src=\"https:\/\/7culture.ci\/wp-content\/uploads\/2022\/07\/WhatsApp-Image-2022-07-18-at-18.07.32-1024x682.jpeg\" alt=\"\" class=\"wp-image-22595\" width=\"728\" height=\"485\" srcset=\"https:\/\/7culture.ci\/wp-content\/uploads\/2022\/07\/WhatsApp-Image-2022-07-18-at-18.07.32-1024x682.jpeg 1024w, https:\/\/7culture.ci\/wp-content\/uploads\/2022\/07\/WhatsApp-Image-2022-07-18-at-18.07.32-300x200.jpeg 300w, https:\/\/7culture.ci\/wp-content\/uploads\/2022\/07\/WhatsApp-Image-2022-07-18-at-18.07.32-768x512.jpeg 768w, https:\/\/7culture.ci\/wp-content\/uploads\/2022\/07\/WhatsApp-Image-2022-07-18-at-18.07.32.jpeg 1280w\" sizes=\"(max-width: 728px) 100vw, 728px\" \/><\/figure><\/div>\n\n\n\n<p>A cet entretien avec la presse, on notait les pr\u00e9sences du parrain artistique du festival, David Tayorault et l\u2019artiste zouglou Soum bill qui ont apport\u00e9 leur soutien \u00e0 cette activit\u00e9.<\/p>\n\n\n\n<p>C\u2019est dans une ambiance bon enfant avec photo de famille \u00e0 l\u2019appui que la rencontre a pris fin.<\/p>\n\n\n\n<p>Thierry Samuel<\/p>\n","protected":false},"excerpt":{"rendered":"<p>La 2e \u00e9dition du Festival International de la Culture et des Arts Aky\u00e9s-K\u00ea d\u2019Agou (FIC3A) se d\u00e9roulera du 3 au 7 aout 2022 dans la commune d\u2019Agou, &nbsp;dans la sous-pr\u00e9fecture de la r\u00e9gion de la M\u00e9. L\u2019information a \u00e9t\u00e9 donn\u00e9e, lors d\u2019une conf\u00e9rence de presse, le lundi 18 juillet 2022 \u00e0 la maison de la &hellip;<\/p>\n<p class=\"read-more\"> <a class=\"\" href=\"https:\/\/7culture.ci\/index.php\/2022\/07\/20\/village-dagou-totorino-versace-ramatoulaye-et-aboutou-roots-seront-au-fic3a-2022\/\"> <span class=\"screen-reader-text\">Commune d\u2019Agou\u00a0: Totorino, Versace, Ramatoulaye et Aboutou Roots seront au FIC3A 2022<\/span> Lire la suite\u00a0\u00bb<\/a><\/p>\n","protected":false},"author":1,"featured_media":22593,"comment_status":"open","ping_status":"open","sticky":false,"template":"","format":"standard","meta":{"_mi_skip_tracking":false,"_monsterinsights_sitenote_active":false,"_monsterinsights_sitenote_note":"","_monsterinsights_sitenote_category":0,"site-sidebar-layout":"default","site-content-layout":"default","ast-global-header-display":"","ast-main-header-display":"","ast-hfb-above-header-display":"","ast-hfb-below-header-display":"","ast-hfb-mobile-header-display":"","site-post-title":"","ast-breadcrumbs-content":"","ast-featured-img":"","footer-sml-layout":"","theme-transparent-header-meta":"","adv-header-id-meta":"","stick-header-meta":"","header-above-stick-meta":"","header-main-stick-meta":"","header-below-stick-meta":"","footnotes":"","jetpack_publicize_message":"","jetpack_is_tweetstorm":false,"jetpack_publicize_feature_enabled":true},"categories":[16],"tags":[],"jetpack_publicize_connections":[],"acf":[],"aioseo_notices":[],"yoast_head":"<!-- This site is optimized with the Yoast SEO plugin v19.6.1 - https:\/\/yoast.com\/wordpress\/plugins\/seo\/ -->\n<title>Commune d\u2019Agou\u00a0: Totorino, Versace, Ramatoulaye et Aboutou Roots seront au FIC3A 2022 -<\/title>\n<meta name=\"robots\" content=\"index, follow, max-snippet:-1, max-image-preview:large, max-video-preview:-1\" \/>\n<link rel=\"canonical\" href=\"https:\/\/7culture.ci\/index.php\/2022\/07\/20\/village-dagou-totorino-versace-ramatoulaye-et-aboutou-roots-seront-au-fic3a-2022\/\" \/>\n<meta property=\"og:locale\" content=\"fr_FR\" \/>\n<meta property=\"og:type\" content=\"article\" \/>\n<meta property=\"og:title\" content=\"Commune d\u2019Agou\u00a0: Totorino, Versace, Ramatoulaye et Aboutou Roots seront au FIC3A 2022 -\" \/>\n<meta property=\"og:description\" content=\"La 2e \u00e9dition du Festival International de la Culture et des Arts Aky\u00e9s-K\u00ea d\u2019Agou (FIC3A) se d\u00e9roulera du 3 au 7 aout 2022 dans la commune d\u2019Agou, &nbsp;dans la sous-pr\u00e9fecture de la r\u00e9gion de la M\u00e9. L\u2019information a \u00e9t\u00e9 donn\u00e9e, lors d\u2019une conf\u00e9rence de presse, le lundi 18 juillet 2022 \u00e0 la maison de la &hellip; Commune d\u2019Agou\u00a0: Totorino, Versace, Ramatoulaye et Aboutou Roots seront au FIC3A 2022 Lire la suite\u00a0\u00bb\" \/>\n<meta property=\"og:url\" content=\"https:\/\/7culture.ci\/index.php\/2022\/07\/20\/village-dagou-totorino-versace-ramatoulaye-et-aboutou-roots-seront-au-fic3a-2022\/\" \/>\n<meta property=\"og:site_name\" content=\"7culture\" \/>\n<meta property=\"article:publisher\" content=\"https:\/\/www.facebook.com\/redchefclaude\" \/>\n<meta property=\"article:published_time\" content=\"2022-07-20T08:45:04+00:00\" \/>\n<meta property=\"article:modified_time\" content=\"2022-07-20T10:29:44+00:00\" \/>\n<meta property=\"og:image\" content=\"http:\/\/7culture.ci\/wp-content\/uploads\/2022\/07\/agou1.jpeg\" \/>\n\t<meta property=\"og:image:width\" content=\"750\" \/>\n\t<meta property=\"og:image:height\" content=\"500\" \/>\n\t<meta property=\"og:image:type\" content=\"image\/jpeg\" \/>\n<meta name=\"author\" content=\"7culture2020\" \/>\n<meta name=\"twitter:card\" content=\"summary_large_image\" \/>\n<meta name=\"twitter:creator\" content=\"@7culturec\" \/>\n<meta name=\"twitter:site\" content=\"@7culturec\" \/>\n<meta name=\"twitter:label1\" content=\"\u00c9crit par\" \/>\n\t<meta name=\"twitter:data1\" content=\"7culture2020\" \/>\n\t<meta name=\"twitter:label2\" content=\"Dur\u00e9e de lecture estim\u00e9e\" \/>\n\t<meta name=\"twitter:data2\" content=\"3 minutes\" \/>\n<script type=\"application\/ld+json\" class=\"yoast-schema-graph\">{\"@context\":\"https:\/\/schema.org\",\"@graph\":[{\"@type\":\"Article\",\"@id\":\"https:\/\/7culture.ci\/index.php\/2022\/07\/20\/village-dagou-totorino-versace-ramatoulaye-et-aboutou-roots-seront-au-fic3a-2022\/#article\",\"isPartOf\":{\"@id\":\"https:\/\/7culture.ci\/index.php\/2022\/07\/20\/village-dagou-totorino-versace-ramatoulaye-et-aboutou-roots-seront-au-fic3a-2022\/\"},\"author\":{\"name\":\"7culture2020\",\"@id\":\"https:\/\/7culture.ci\/#\/schema\/person\/16150d28d7ef66ba788c1f87f28c4426\"},\"headline\":\"Commune d\u2019Agou\u00a0: Totorino, Versace, Ramatoulaye et Aboutou Roots seront au FIC3A 2022\",\"datePublished\":\"2022-07-20T08:45:04+00:00\",\"dateModified\":\"2022-07-20T10:29:44+00:00\",\"mainEntityOfPage\":{\"@id\":\"https:\/\/7culture.ci\/index.php\/2022\/07\/20\/village-dagou-totorino-versace-ramatoulaye-et-aboutou-roots-seront-au-fic3a-2022\/\"},\"wordCount\":526,\"commentCount\":0,\"publisher\":{\"@id\":\"https:\/\/7culture.ci\/#organization\"},\"articleSection\":[\"Musique\"],\"inLanguage\":\"fr-FR\",\"potentialAction\":[{\"@type\":\"CommentAction\",\"name\":\"Comment\",\"target\":[\"https:\/\/7culture.ci\/index.php\/2022\/07\/20\/village-dagou-totorino-versace-ramatoulaye-et-aboutou-roots-seront-au-fic3a-2022\/#respond\"]}]},{\"@type\":\"WebPage\",\"@id\":\"https:\/\/7culture.ci\/index.php\/2022\/07\/20\/village-dagou-totorino-versace-ramatoulaye-et-aboutou-roots-seront-au-fic3a-2022\/\",\"url\":\"https:\/\/7culture.ci\/index.php\/2022\/07\/20\/village-dagou-totorino-versace-ramatoulaye-et-aboutou-roots-seront-au-fic3a-2022\/\",\"name\":\"Commune d\u2019Agou\u00a0: Totorino, Versace, Ramatoulaye et Aboutou Roots seront au FIC3A 2022 -\",\"isPartOf\":{\"@id\":\"https:\/\/7culture.ci\/#website\"},\"datePublished\":\"2022-07-20T08:45:04+00:00\",\"dateModified\":\"2022-07-20T10:29:44+00:00\",\"breadcrumb\":{\"@id\":\"https:\/\/7culture.ci\/index.php\/2022\/07\/20\/village-dagou-totorino-versace-ramatoulaye-et-aboutou-roots-seront-au-fic3a-2022\/#breadcrumb\"},\"inLanguage\":\"fr-FR\",\"potentialAction\":[{\"@type\":\"ReadAction\",\"target\":[\"https:\/\/7culture.ci\/index.php\/2022\/07\/20\/village-dagou-totorino-versace-ramatoulaye-et-aboutou-roots-seront-au-fic3a-2022\/\"]}]},{\"@type\":\"BreadcrumbList\",\"@id\":\"https:\/\/7culture.ci\/index.php\/2022\/07\/20\/village-dagou-totorino-versace-ramatoulaye-et-aboutou-roots-seront-au-fic3a-2022\/#breadcrumb\",\"itemListElement\":[{\"@type\":\"ListItem\",\"position\":1,\"name\":\"Accueil\",\"item\":\"https:\/\/7culture.ci\/\"},{\"@type\":\"ListItem\",\"position\":2,\"name\":\"Commune d\u2019Agou\u00a0: Totorino, Versace, Ramatoulaye et Aboutou Roots seront au FIC3A 2022\"}]},{\"@type\":\"WebSite\",\"@id\":\"https:\/\/7culture.ci\/#website\",\"url\":\"https:\/\/7culture.ci\/\",\"name\":\"7culture\",\"description\":\"Tout sur l&#039;actualit\u00e9\",\"publisher\":{\"@id\":\"https:\/\/7culture.ci\/#organization\"},\"potentialAction\":[{\"@type\":\"SearchAction\",\"target\":{\"@type\":\"EntryPoint\",\"urlTemplate\":\"https:\/\/7culture.ci\/?s={search_term_string}\"},\"query-input\":\"required name=search_term_string\"}],\"inLanguage\":\"fr-FR\"},{\"@type\":\"Organization\",\"@id\":\"https:\/\/7culture.ci\/#organization\",\"name\":\"7culture\",\"url\":\"https:\/\/7culture.ci\/\",\"sameAs\":[\"https:\/\/www.facebook.com\/redchefclaude\",\"https:\/\/twitter.com\/7culturec\"],\"logo\":{\"@type\":\"ImageObject\",\"inLanguage\":\"fr-FR\",\"@id\":\"https:\/\/7culture.ci\/#\/schema\/logo\/image\/\",\"url\":\"https:\/\/7culture.ci\/wp-content\/uploads\/2021\/12\/S1a-1.png\",\"contentUrl\":\"https:\/\/7culture.ci\/wp-content\/uploads\/2021\/12\/S1a-1.png\",\"width\":588,\"height\":192,\"caption\":\"7culture\"},\"image\":{\"@id\":\"https:\/\/7culture.ci\/#\/schema\/logo\/image\/\"}},{\"@type\":\"Person\",\"@id\":\"https:\/\/7culture.ci\/#\/schema\/person\/16150d28d7ef66ba788c1f87f28c4426\",\"name\":\"7culture2020\",\"image\":{\"@type\":\"ImageObject\",\"inLanguage\":\"fr-FR\",\"@id\":\"https:\/\/7culture.ci\/#\/schema\/person\/image\/\",\"url\":\"https:\/\/secure.gravatar.com\/avatar\/9a0784f951306c37bcd065f52844ef95?s=96&d=mm&r=g\",\"contentUrl\":\"https:\/\/secure.gravatar.com\/avatar\/9a0784f951306c37bcd065f52844ef95?s=96&d=mm&r=g\",\"caption\":\"7culture2020\"},\"sameAs\":[\"http:\/\/7culture.ci\",\"Claude.kipre\"],\"url\":\"https:\/\/7culture.ci\/index.php\/author\/7culture2020\/\"}]}<\/script>\n<!-- \/ Yoast SEO plugin. -->","yoast_head_json":{"title":"Commune d\u2019Agou\u00a0: Totorino, Versace, Ramatoulaye et Aboutou Roots seront au FIC3A 2022 -","robots":{"index":"index","follow":"follow","max-snippet":"max-snippet:-1","max-image-preview":"max-image-preview:large","max-video-preview":"max-video-preview:-1"},"canonical":"https:\/\/7culture.ci\/index.php\/2022\/07\/20\/village-dagou-totorino-versace-ramatoulaye-et-aboutou-roots-seront-au-fic3a-2022\/","og_locale":"fr_FR","og_type":"article","og_title":"Commune d\u2019Agou\u00a0: Totorino, Versace, Ramatoulaye et Aboutou Roots seront au FIC3A 2022 -","og_description":"La 2e \u00e9dition du Festival International de la Culture et des Arts Aky\u00e9s-K\u00ea d\u2019Agou (FIC3A) se d\u00e9roulera du 3 au 7 aout 2022 dans la commune d\u2019Agou, &nbsp;dans la sous-pr\u00e9fecture de la r\u00e9gion de la M\u00e9. L\u2019information a \u00e9t\u00e9 donn\u00e9e, lors d\u2019une conf\u00e9rence de presse, le lundi 18 juillet 2022 \u00e0 la maison de la &hellip; Commune d\u2019Agou\u00a0: Totorino, Versace, Ramatoulaye et Aboutou Roots seront au FIC3A 2022 Lire la suite\u00a0\u00bb","og_url":"https:\/\/7culture.ci\/index.php\/2022\/07\/20\/village-dagou-totorino-versace-ramatoulaye-et-aboutou-roots-seront-au-fic3a-2022\/","og_site_name":"7culture","article_publisher":"https:\/\/www.facebook.com\/redchefclaude","article_published_time":"2022-07-20T08:45:04+00:00","article_modified_time":"2022-07-20T10:29:44+00:00","og_image":[{"width":750,"height":500,"url":"http:\/\/7culture.ci\/wp-content\/uploads\/2022\/07\/agou1.jpeg","type":"image\/jpeg"}],"author":"7culture2020","twitter_card":"summary_large_image","twitter_creator":"@7culturec","twitter_site":"@7culturec","twitter_misc":{"\u00c9crit par":"7culture2020","Dur\u00e9e de lecture estim\u00e9e":"3 minutes"},"schema":{"@context":"https:\/\/schema.org","@graph":[{"@type":"Article","@id":"https:\/\/7culture.ci\/index.php\/2022\/07\/20\/village-dagou-totorino-versace-ramatoulaye-et-aboutou-roots-seront-au-fic3a-2022\/#article","isPartOf":{"@id":"https:\/\/7culture.ci\/index.php\/2022\/07\/20\/village-dagou-totorino-versace-ramatoulaye-et-aboutou-roots-seront-au-fic3a-2022\/"},"author":{"name":"7culture2020","@id":"https:\/\/7culture.ci\/#\/schema\/person\/16150d28d7ef66ba788c1f87f28c4426"},"headline":"Commune d\u2019Agou\u00a0: Totorino, Versace, Ramatoulaye et Aboutou Roots seront au FIC3A 2022","datePublished":"2022-07-20T08:45:04+00:00","dateModified":"2022-07-20T10:29:44+00:00","mainEntityOfPage":{"@id":"https:\/\/7culture.ci\/index.php\/2022\/07\/20\/village-dagou-totorino-versace-ramatoulaye-et-aboutou-roots-seront-au-fic3a-2022\/"},"wordCount":526,"commentCount":0,"publisher":{"@id":"https:\/\/7culture.ci\/#organization"},"articleSection":["Musique"],"inLanguage":"fr-FR","potentialAction":[{"@type":"CommentAction","name":"Comment","target":["https:\/\/7culture.ci\/index.php\/2022\/07\/20\/village-dagou-totorino-versace-ramatoulaye-et-aboutou-roots-seront-au-fic3a-2022\/#respond"]}]},{"@type":"WebPage","@id":"https:\/\/7culture.ci\/index.php\/2022\/07\/20\/village-dagou-totorino-versace-ramatoulaye-et-aboutou-roots-seront-au-fic3a-2022\/","url":"https:\/\/7culture.ci\/index.php\/2022\/07\/20\/village-dagou-totorino-versace-ramatoulaye-et-aboutou-roots-seront-au-fic3a-2022\/","name":"Commune d\u2019Agou\u00a0: Totorino, Versace, Ramatoulaye et Aboutou Roots seront au FIC3A 2022 -","isPartOf":{"@id":"https:\/\/7culture.ci\/#website"},"datePublished":"2022-07-20T08:45:04+00:00","dateModified":"2022-07-20T10:29:44+00:00","breadcrumb":{"@id":"https:\/\/7culture.ci\/index.php\/2022\/07\/20\/village-dagou-totorino-versace-ramatoulaye-et-aboutou-roots-seront-au-fic3a-2022\/#breadcrumb"},"inLanguage":"fr-FR","potentialAction":[{"@type":"ReadAction","target":["https:\/\/7culture.ci\/index.php\/2022\/07\/20\/village-dagou-totorino-versace-ramatoulaye-et-aboutou-roots-seront-au-fic3a-2022\/"]}]},{"@type":"BreadcrumbList","@id":"https:\/\/7culture.ci\/index.php\/2022\/07\/20\/village-dagou-totorino-versace-ramatoulaye-et-aboutou-roots-seront-au-fic3a-2022\/#breadcrumb","itemListElement":[{"@type":"ListItem","position":1,"name":"Accueil","item":"https:\/\/7culture.ci\/"},{"@type":"ListItem","position":2,"name":"Commune d\u2019Agou\u00a0: Totorino, Versace, Ramatoulaye et Aboutou Roots seront au FIC3A 2022"}]},{"@type":"WebSite","@id":"https:\/\/7culture.ci\/#website","url":"https:\/\/7culture.ci\/","name":"7culture","description":"Tout sur l&#039;actualit\u00e9","publisher":{"@id":"https:\/\/7culture.ci\/#organization"},"potentialAction":[{"@type":"SearchAction","target":{"@type":"EntryPoint","urlTemplate":"https:\/\/7culture.ci\/?s={search_term_string}"},"query-input":"required name=search_term_string"}],"inLanguage":"fr-FR"},{"@type":"Organization","@id":"https:\/\/7culture.ci\/#organization","name":"7culture","url":"https:\/\/7culture.ci\/","sameAs":["https:\/\/www.facebook.com\/redchefclaude","https:\/\/twitter.com\/7culturec"],"logo":{"@type":"ImageObject","inLanguage":"fr-FR","@id":"https:\/\/7culture.ci\/#\/schema\/logo\/image\/","url":"https:\/\/7culture.ci\/wp-content\/uploads\/2021\/12\/S1a-1.png","contentUrl":"https:\/\/7culture.ci\/wp-content\/uploads\/2021\/12\/S1a-1.png","width":588,"height":192,"caption":"7culture"},"image":{"@id":"https:\/\/7culture.ci\/#\/schema\/logo\/image\/"}},{"@type":"Person","@id":"https:\/\/7culture.ci\/#\/schema\/person\/16150d28d7ef66ba788c1f87f28c4426","name":"7culture2020","image":{"@type":"ImageObject","inLanguage":"fr-FR","@id":"https:\/\/7culture.ci\/#\/schema\/person\/image\/","url":"https:\/\/secure.gravatar.com\/avatar\/9a0784f951306c37bcd065f52844ef95?s=96&d=mm&r=g","contentUrl":"https:\/\/secure.gravatar.com\/avatar\/9a0784f951306c37bcd065f52844ef95?s=96&d=mm&r=g","caption":"7culture2020"},"sameAs":["http:\/\/7culture.ci","Claude.kipre"],"url":"https:\/\/7culture.ci\/index.php\/author\/7culture2020\/"}]}},"jetpack_featured_media_url":"https:\/\/7culture.ci\/wp-content\/uploads\/2022\/07\/agou1.jpeg","jetpack_likes_enabled":true,"jetpack_sharing_enabled":true,"_links":{"self":[{"href":"https:\/\/7culture.ci\/index.php\/wp-json\/wp\/v2\/posts\/22592"}],"collection":[{"href":"https:\/\/7culture.ci\/index.php\/wp-json\/wp\/v2\/posts"}],"about":[{"href":"https:\/\/7culture.ci\/index.php\/wp-json\/wp\/v2\/types\/post"}],"author":[{"embeddable":true,"href":"https:\/\/7culture.ci\/index.php\/wp-json\/wp\/v2\/users\/1"}],"replies":[{"embeddable":true,"href":"https:\/\/7culture.ci\/index.php\/wp-json\/wp\/v2\/comments?post=22592"}],"version-history":[{"count":0,"href":"https:\/\/7culture.ci\/index.php\/wp-json\/wp\/v2\/posts\/22592\/revisions"}],"wp:featuredmedia":[{"embeddable":true,"href":"https:\/\/7culture.ci\/index.php\/wp-json\/wp\/v2\/media\/22593"}],"wp:attachment":[{"href":"https:\/\/7culture.ci\/index.php\/wp-json\/wp\/v2\/media?parent=22592"}],"wp:term":[{"taxonomy":"category","embeddable":true,"href":"https:\/\/7culture.ci\/index.php\/wp-json\/wp\/v2\/categories?post=22592"},{"taxonomy":"post_tag","embeddable":true,"href":"https:\/\/7culture.ci\/index.php\/wp-json\/wp\/v2\/tags?post=22592"}],"curies":[{"name":"wp","href":"https:\/\/api.w.org\/{rel}","templated":true}]}}