{"id":22561,"date":"2022-07-19T15:14:30","date_gmt":"2022-07-19T13:14:30","guid":{"rendered":"https:\/\/7culture.ci\/?p=22561"},"modified":"2022-07-19T17:22:15","modified_gmt":"2022-07-19T15:22:15","slug":"boxe-la-fete-du-noble-art-a-commence","status":"publish","type":"post","link":"https:\/\/7culture.ci\/index.php\/2022\/07\/19\/boxe-la-fete-du-noble-art-a-commence\/","title":{"rendered":"Boxe\u00a0: la f\u00eate du noble art a commenc\u00e9"},"content":{"rendered":"\n<p>Malgr\u00e9 la grande pluie qui a fortement g\u00ean\u00e9 les activit\u00e9s \u00e0 Abidjan le week-end dernier, les organisateurs de \u2018\u2019La F\u00eate du Noble Art\u2019\u2019 ont r\u00e9ussi \u00e0 faire un beau d\u00e9marrage le samedi 16 juillet \u00e0 Port-Bou\u00ebt-Gonzagueville au bord de la mer. Initi\u00e9e par Jhimmy Isma\u00ebl Traor\u00e9, le promoteur du \u2018\u2019Choc des Titans\u2019\u2019 (CDT), la premi\u00e8re \u00e9tape de la caravane de d\u00e9tection de nouveaux talents de boxeur, a pu commencer. \u00ab&nbsp;<strong><em>Nous sommes l\u00e0 pour d\u00e9couvrir de nouveaux talents et apporter les valeurs de la boxe aux jeunes qui aiment ce sport mais malheureusement, ils n\u2019ont pas de visibilit\u00e9, l\u2019exemplarit\u00e9. Nous avons ici avec nous Youssouf Doumbia, champion intercontinental IBA pour dire aux jeunes qu\u2019apr\u00e8s l\u2019\u00e9chec scolaire, un autre r\u00eave est possible<\/em><\/strong>&nbsp;\u00bb, a expliqu\u00e9 le commissaire g\u00e9n\u00e9ral. L\u2019\u00e9tape de lancement a \u00e9t\u00e9 marqu\u00e9e par quatre excellents affrontements o\u00f9 les jeunes challengers se sont mesur\u00e9s sur le ring. L\u2019activit\u00e9 a \u00e9t\u00e9 marqu\u00e9e par les prestations d\u2019artistes qui ont bien \u00e9gay\u00e9 les invit\u00e9s. Avant d\u2019entrer dans le vif du sujet qui est les combats de boxe, l\u2019organisation et ses partenaires ont nettoy\u00e9 la plage. Il y a \u00e9galement eu de la formation \u00e0 la gestion d\u2019un club de boxe.<\/p>\n\n\n\n<figure class=\"wp-block-gallery has-nested-images columns-default is-cropped wp-block-gallery-1 is-layout-flex wp-block-gallery-is-layout-flex\">\n<figure class=\"wp-block-image size-large\"><img loading=\"lazy\" decoding=\"async\" width=\"1024\" height=\"682\" data-id=\"22565\" src=\"https:\/\/7culture.ci\/wp-content\/uploads\/2022\/07\/2-9-1024x682.jpeg\" alt=\"\" class=\"wp-image-22565\" srcset=\"https:\/\/7culture.ci\/wp-content\/uploads\/2022\/07\/2-9-1024x682.jpeg 1024w, https:\/\/7culture.ci\/wp-content\/uploads\/2022\/07\/2-9-300x200.jpeg 300w, https:\/\/7culture.ci\/wp-content\/uploads\/2022\/07\/2-9-768x512.jpeg 768w, https:\/\/7culture.ci\/wp-content\/uploads\/2022\/07\/2-9.jpeg 1280w\" sizes=\"(max-width: 1024px) 100vw, 1024px\" \/><\/figure>\n\n\n\n<figure class=\"wp-block-image size-large\"><img loading=\"lazy\" decoding=\"async\" width=\"1024\" height=\"683\" data-id=\"22563\" src=\"https:\/\/7culture.ci\/wp-content\/uploads\/2022\/07\/WhatsApp-Image-2022-07-17-at-09.26.47-1024x683.jpeg\" alt=\"\" class=\"wp-image-22563\" srcset=\"https:\/\/7culture.ci\/wp-content\/uploads\/2022\/07\/WhatsApp-Image-2022-07-17-at-09.26.47-1024x683.jpeg 1024w, https:\/\/7culture.ci\/wp-content\/uploads\/2022\/07\/WhatsApp-Image-2022-07-17-at-09.26.47-300x200.jpeg 300w, https:\/\/7culture.ci\/wp-content\/uploads\/2022\/07\/WhatsApp-Image-2022-07-17-at-09.26.47-768x512.jpeg 768w, https:\/\/7culture.ci\/wp-content\/uploads\/2022\/07\/WhatsApp-Image-2022-07-17-at-09.26.47.jpeg 1080w\" sizes=\"(max-width: 1024px) 100vw, 1024px\" \/><\/figure>\n\n\n\n<figure class=\"wp-block-image size-large\"><img loading=\"lazy\" decoding=\"async\" width=\"1024\" height=\"683\" data-id=\"22564\" src=\"https:\/\/7culture.ci\/wp-content\/uploads\/2022\/07\/WhatsApp-Image-2022-07-17-at-09.26.55-1-1024x683.jpeg\" alt=\"\" class=\"wp-image-22564\" srcset=\"https:\/\/7culture.ci\/wp-content\/uploads\/2022\/07\/WhatsApp-Image-2022-07-17-at-09.26.55-1-1024x683.jpeg 1024w, https:\/\/7culture.ci\/wp-content\/uploads\/2022\/07\/WhatsApp-Image-2022-07-17-at-09.26.55-1-300x200.jpeg 300w, https:\/\/7culture.ci\/wp-content\/uploads\/2022\/07\/WhatsApp-Image-2022-07-17-at-09.26.55-1-768x512.jpeg 768w, https:\/\/7culture.ci\/wp-content\/uploads\/2022\/07\/WhatsApp-Image-2022-07-17-at-09.26.55-1.jpeg 1080w\" sizes=\"(max-width: 1024px) 100vw, 1024px\" \/><\/figure>\n<\/figure>\n\n\n\n<p>La caravane de d\u00e9tection de jeunes talents de boxeurs parcourra les communes d\u2019Abidjan et les villes de l\u2019int\u00e9rieur du pays. Apr\u00e8s Gonzagueville \u00e0 Port-Bou\u00ebt, la Place Inch\u2019Allah de Koumassi accueillera la prochaine \u00e9tape les 23 et 24 juillet. Att\u00e9coub\u00e9, Abobo, Yamoussoukro, Bouak\u00e9, Korogho, San Pedro seront visit\u00e9es par l\u2019\u00e9quipe de Jhimmy Traor\u00e9. \u00ab <strong><em>Nous allons effectuer 24 heures dans chaque commune. Notre pr\u00e9sence sera marqu\u00e9e par non seulement la d\u00e9tection, le partage d\u2019exp\u00e9rience des professionnels qui nous accompagnent (Youssouf Doumbia, champion intercontinental IBA et d\u2019autres \u00e9voluant \u00e0 l\u2019international), mais aussi des activit\u00e9s extra-sportives notamment des activit\u00e9s d\u2019assainissement<\/em><\/strong>\u00bb, a soulign\u00e9 M. Traor\u00e9.<\/p>\n\n\n\n<figure class=\"wp-block-gallery has-nested-images columns-default is-cropped wp-block-gallery-2 is-layout-flex wp-block-gallery-is-layout-flex\">\n<figure class=\"wp-block-image size-large\"><img loading=\"lazy\" decoding=\"async\" width=\"1024\" height=\"683\" data-id=\"22567\" src=\"https:\/\/7culture.ci\/wp-content\/uploads\/2022\/07\/WhatsApp-Image-2022-07-17-at-09.26.48-2-1024x683.jpeg\" alt=\"\" class=\"wp-image-22567\" srcset=\"https:\/\/7culture.ci\/wp-content\/uploads\/2022\/07\/WhatsApp-Image-2022-07-17-at-09.26.48-2-1024x683.jpeg 1024w, https:\/\/7culture.ci\/wp-content\/uploads\/2022\/07\/WhatsApp-Image-2022-07-17-at-09.26.48-2-300x200.jpeg 300w, https:\/\/7culture.ci\/wp-content\/uploads\/2022\/07\/WhatsApp-Image-2022-07-17-at-09.26.48-2-768x512.jpeg 768w, https:\/\/7culture.ci\/wp-content\/uploads\/2022\/07\/WhatsApp-Image-2022-07-17-at-09.26.48-2.jpeg 1080w\" sizes=\"(max-width: 1024px) 100vw, 1024px\" \/><\/figure>\n\n\n\n<figure class=\"wp-block-image size-large\"><img loading=\"lazy\" decoding=\"async\" width=\"1024\" height=\"683\" data-id=\"22568\" src=\"https:\/\/7culture.ci\/wp-content\/uploads\/2022\/07\/WhatsApp-Image-2022-07-17-at-09.26.51-1-1024x683.jpeg\" alt=\"\" class=\"wp-image-22568\" srcset=\"https:\/\/7culture.ci\/wp-content\/uploads\/2022\/07\/WhatsApp-Image-2022-07-17-at-09.26.51-1-1024x683.jpeg 1024w, https:\/\/7culture.ci\/wp-content\/uploads\/2022\/07\/WhatsApp-Image-2022-07-17-at-09.26.51-1-300x200.jpeg 300w, https:\/\/7culture.ci\/wp-content\/uploads\/2022\/07\/WhatsApp-Image-2022-07-17-at-09.26.51-1-768x512.jpeg 768w, https:\/\/7culture.ci\/wp-content\/uploads\/2022\/07\/WhatsApp-Image-2022-07-17-at-09.26.51-1.jpeg 1080w\" sizes=\"(max-width: 1024px) 100vw, 1024px\" \/><\/figure>\n\n\n\n<figure class=\"wp-block-image size-large\"><img loading=\"lazy\" decoding=\"async\" width=\"1024\" height=\"683\" data-id=\"22566\" src=\"https:\/\/7culture.ci\/wp-content\/uploads\/2022\/07\/WhatsApp-Image-2022-07-17-at-09.26.53-1024x683.jpeg\" alt=\"\" class=\"wp-image-22566\" srcset=\"https:\/\/7culture.ci\/wp-content\/uploads\/2022\/07\/WhatsApp-Image-2022-07-17-at-09.26.53-1024x683.jpeg 1024w, https:\/\/7culture.ci\/wp-content\/uploads\/2022\/07\/WhatsApp-Image-2022-07-17-at-09.26.53-300x200.jpeg 300w, https:\/\/7culture.ci\/wp-content\/uploads\/2022\/07\/WhatsApp-Image-2022-07-17-at-09.26.53-768x512.jpeg 768w, https:\/\/7culture.ci\/wp-content\/uploads\/2022\/07\/WhatsApp-Image-2022-07-17-at-09.26.53.jpeg 1080w\" sizes=\"(max-width: 1024px) 100vw, 1024px\" \/><\/figure>\n<\/figure>\n\n\n\n<p>L\u2019id\u00e9e est de cr\u00e9er une valeur ajout\u00e9e, trouver des valeurs s\u00fbres parmi les jeunes dans les quartiers. Les initiateurs vont ensuite les organiser afin de chercher des champions sur lesquels \u00ab&nbsp;<strong><em>nous allons cr\u00e9er des combats au parc des Sports de Treichville<\/em><\/strong>\u00bb. Organis\u00e9e en collaboration avec les communes et les clubs, l\u2019initiative d\u00e9nomm\u00e9e \u2018\u2019La f\u00eate du noble art\u2019\u2019 permettra d\u2019avoir un bon championnat de boxe en C\u00f4te d\u2019Ivoire.<\/p>\n\n\n\n<p>Par Omar AK<\/p>\n","protected":false},"excerpt":{"rendered":"<p>Malgr\u00e9 la grande pluie qui a fortement g\u00ean\u00e9 les activit\u00e9s \u00e0 Abidjan le week-end dernier, les organisateurs de \u2018\u2019La F\u00eate du Noble Art\u2019\u2019 ont r\u00e9ussi \u00e0 faire un beau d\u00e9marrage le samedi 16 juillet \u00e0 Port-Bou\u00ebt-Gonzagueville au bord de la mer. Initi\u00e9e par Jhimmy Isma\u00ebl Traor\u00e9, le promoteur du \u2018\u2019Choc des Titans\u2019\u2019 (CDT), la premi\u00e8re &hellip;<\/p>\n<p class=\"read-more\"> <a class=\"\" href=\"https:\/\/7culture.ci\/index.php\/2022\/07\/19\/boxe-la-fete-du-noble-art-a-commence\/\"> <span class=\"screen-reader-text\">Boxe\u00a0: la f\u00eate du noble art a commenc\u00e9<\/span> Lire la suite\u00a0\u00bb<\/a><\/p>\n","protected":false},"author":1,"featured_media":22562,"comment_status":"open","ping_status":"open","sticky":false,"template":"","format":"standard","meta":{"_mi_skip_tracking":false,"_monsterinsights_sitenote_active":false,"_monsterinsights_sitenote_note":"","_monsterinsights_sitenote_category":0,"site-sidebar-layout":"default","site-content-layout":"default","ast-global-header-display":"","ast-main-header-display":"","ast-hfb-above-header-display":"","ast-hfb-below-header-display":"","ast-hfb-mobile-header-display":"","site-post-title":"","ast-breadcrumbs-content":"","ast-featured-img":"","footer-sml-layout":"","theme-transparent-header-meta":"","adv-header-id-meta":"","stick-header-meta":"","header-above-stick-meta":"","header-main-stick-meta":"","header-below-stick-meta":"","footnotes":"","jetpack_publicize_message":"","jetpack_is_tweetstorm":false,"jetpack_publicize_feature_enabled":true},"categories":[22],"tags":[],"jetpack_publicize_connections":[],"acf":[],"aioseo_notices":[],"yoast_head":"<!-- This site is optimized with the Yoast SEO plugin v19.6.1 - https:\/\/yoast.com\/wordpress\/plugins\/seo\/ -->\n<title>Boxe\u00a0: la f\u00eate du noble art a commenc\u00e9 -<\/title>\n<meta name=\"robots\" content=\"index, follow, max-snippet:-1, max-image-preview:large, max-video-preview:-1\" \/>\n<link rel=\"canonical\" href=\"https:\/\/7culture.ci\/index.php\/2022\/07\/19\/boxe-la-fete-du-noble-art-a-commence\/\" \/>\n<meta property=\"og:locale\" content=\"fr_FR\" \/>\n<meta property=\"og:type\" content=\"article\" \/>\n<meta property=\"og:title\" content=\"Boxe\u00a0: la f\u00eate du noble art a commenc\u00e9 -\" \/>\n<meta property=\"og:description\" content=\"Malgr\u00e9 la grande pluie qui a fortement g\u00ean\u00e9 les activit\u00e9s \u00e0 Abidjan le week-end dernier, les organisateurs de \u2018\u2019La F\u00eate du Noble Art\u2019\u2019 ont r\u00e9ussi \u00e0 faire un beau d\u00e9marrage le samedi 16 juillet \u00e0 Port-Bou\u00ebt-Gonzagueville au bord de la mer. Initi\u00e9e par Jhimmy Isma\u00ebl Traor\u00e9, le promoteur du \u2018\u2019Choc des Titans\u2019\u2019 (CDT), la premi\u00e8re &hellip; Boxe\u00a0: la f\u00eate du noble art a commenc\u00e9 Lire la suite\u00a0\u00bb\" \/>\n<meta property=\"og:url\" content=\"https:\/\/7culture.ci\/index.php\/2022\/07\/19\/boxe-la-fete-du-noble-art-a-commence\/\" \/>\n<meta property=\"og:site_name\" content=\"7culture\" \/>\n<meta property=\"article:publisher\" content=\"https:\/\/www.facebook.com\/redchefclaude\" \/>\n<meta property=\"article:published_time\" content=\"2022-07-19T13:14:30+00:00\" \/>\n<meta property=\"article:modified_time\" content=\"2022-07-19T15:22:15+00:00\" \/>\n<meta property=\"og:image\" content=\"http:\/\/7culture.ci\/wp-content\/uploads\/2022\/07\/1-7.jpeg\" \/>\n\t<meta property=\"og:image:width\" content=\"1080\" \/>\n\t<meta property=\"og:image:height\" content=\"720\" \/>\n\t<meta property=\"og:image:type\" content=\"image\/jpeg\" \/>\n<meta name=\"author\" content=\"7culture2020\" \/>\n<meta name=\"twitter:card\" content=\"summary_large_image\" \/>\n<meta name=\"twitter:creator\" content=\"@7culturec\" \/>\n<meta name=\"twitter:site\" content=\"@7culturec\" \/>\n<meta name=\"twitter:label1\" content=\"\u00c9crit par\" \/>\n\t<meta name=\"twitter:data1\" content=\"7culture2020\" \/>\n\t<meta name=\"twitter:label2\" content=\"Dur\u00e9e de lecture estim\u00e9e\" \/>\n\t<meta name=\"twitter:data2\" content=\"4 minutes\" \/>\n<script type=\"application\/ld+json\" class=\"yoast-schema-graph\">{\"@context\":\"https:\/\/schema.org\",\"@graph\":[{\"@type\":\"Article\",\"@id\":\"https:\/\/7culture.ci\/index.php\/2022\/07\/19\/boxe-la-fete-du-noble-art-a-commence\/#article\",\"isPartOf\":{\"@id\":\"https:\/\/7culture.ci\/index.php\/2022\/07\/19\/boxe-la-fete-du-noble-art-a-commence\/\"},\"author\":{\"name\":\"7culture2020\",\"@id\":\"https:\/\/7culture.ci\/#\/schema\/person\/16150d28d7ef66ba788c1f87f28c4426\"},\"headline\":\"Boxe\u00a0: la f\u00eate du noble art a commenc\u00e9\",\"datePublished\":\"2022-07-19T13:14:30+00:00\",\"dateModified\":\"2022-07-19T15:22:15+00:00\",\"mainEntityOfPage\":{\"@id\":\"https:\/\/7culture.ci\/index.php\/2022\/07\/19\/boxe-la-fete-du-noble-art-a-commence\/\"},\"wordCount\":430,\"commentCount\":0,\"publisher\":{\"@id\":\"https:\/\/7culture.ci\/#organization\"},\"articleSection\":[\"Actualit\u00e9\"],\"inLanguage\":\"fr-FR\",\"potentialAction\":[{\"@type\":\"CommentAction\",\"name\":\"Comment\",\"target\":[\"https:\/\/7culture.ci\/index.php\/2022\/07\/19\/boxe-la-fete-du-noble-art-a-commence\/#respond\"]}]},{\"@type\":\"WebPage\",\"@id\":\"https:\/\/7culture.ci\/index.php\/2022\/07\/19\/boxe-la-fete-du-noble-art-a-commence\/\",\"url\":\"https:\/\/7culture.ci\/index.php\/2022\/07\/19\/boxe-la-fete-du-noble-art-a-commence\/\",\"name\":\"Boxe\u00a0: la f\u00eate du noble art a commenc\u00e9 -\",\"isPartOf\":{\"@id\":\"https:\/\/7culture.ci\/#website\"},\"datePublished\":\"2022-07-19T13:14:30+00:00\",\"dateModified\":\"2022-07-19T15:22:15+00:00\",\"breadcrumb\":{\"@id\":\"https:\/\/7culture.ci\/index.php\/2022\/07\/19\/boxe-la-fete-du-noble-art-a-commence\/#breadcrumb\"},\"inLanguage\":\"fr-FR\",\"potentialAction\":[{\"@type\":\"ReadAction\",\"target\":[\"https:\/\/7culture.ci\/index.php\/2022\/07\/19\/boxe-la-fete-du-noble-art-a-commence\/\"]}]},{\"@type\":\"BreadcrumbList\",\"@id\":\"https:\/\/7culture.ci\/index.php\/2022\/07\/19\/boxe-la-fete-du-noble-art-a-commence\/#breadcrumb\",\"itemListElement\":[{\"@type\":\"ListItem\",\"position\":1,\"name\":\"Accueil\",\"item\":\"https:\/\/7culture.ci\/\"},{\"@type\":\"ListItem\",\"position\":2,\"name\":\"Boxe\u00a0: la f\u00eate du noble art a commenc\u00e9\"}]},{\"@type\":\"WebSite\",\"@id\":\"https:\/\/7culture.ci\/#website\",\"url\":\"https:\/\/7culture.ci\/\",\"name\":\"7culture\",\"description\":\"Tout sur l&#039;actualit\u00e9\",\"publisher\":{\"@id\":\"https:\/\/7culture.ci\/#organization\"},\"potentialAction\":[{\"@type\":\"SearchAction\",\"target\":{\"@type\":\"EntryPoint\",\"urlTemplate\":\"https:\/\/7culture.ci\/?s={search_term_string}\"},\"query-input\":\"required name=search_term_string\"}],\"inLanguage\":\"fr-FR\"},{\"@type\":\"Organization\",\"@id\":\"https:\/\/7culture.ci\/#organization\",\"name\":\"7culture\",\"url\":\"https:\/\/7culture.ci\/\",\"sameAs\":[\"https:\/\/www.facebook.com\/redchefclaude\",\"https:\/\/twitter.com\/7culturec\"],\"logo\":{\"@type\":\"ImageObject\",\"inLanguage\":\"fr-FR\",\"@id\":\"https:\/\/7culture.ci\/#\/schema\/logo\/image\/\",\"url\":\"https:\/\/7culture.ci\/wp-content\/uploads\/2021\/12\/S1a-1.png\",\"contentUrl\":\"https:\/\/7culture.ci\/wp-content\/uploads\/2021\/12\/S1a-1.png\",\"width\":588,\"height\":192,\"caption\":\"7culture\"},\"image\":{\"@id\":\"https:\/\/7culture.ci\/#\/schema\/logo\/image\/\"}},{\"@type\":\"Person\",\"@id\":\"https:\/\/7culture.ci\/#\/schema\/person\/16150d28d7ef66ba788c1f87f28c4426\",\"name\":\"7culture2020\",\"image\":{\"@type\":\"ImageObject\",\"inLanguage\":\"fr-FR\",\"@id\":\"https:\/\/7culture.ci\/#\/schema\/person\/image\/\",\"url\":\"https:\/\/secure.gravatar.com\/avatar\/9a0784f951306c37bcd065f52844ef95?s=96&d=mm&r=g\",\"contentUrl\":\"https:\/\/secure.gravatar.com\/avatar\/9a0784f951306c37bcd065f52844ef95?s=96&d=mm&r=g\",\"caption\":\"7culture2020\"},\"sameAs\":[\"http:\/\/7culture.ci\",\"Claude.kipre\"],\"url\":\"https:\/\/7culture.ci\/index.php\/author\/7culture2020\/\"}]}<\/script>\n<!-- \/ Yoast SEO plugin. -->","yoast_head_json":{"title":"Boxe\u00a0: la f\u00eate du noble art a commenc\u00e9 -","robots":{"index":"index","follow":"follow","max-snippet":"max-snippet:-1","max-image-preview":"max-image-preview:large","max-video-preview":"max-video-preview:-1"},"canonical":"https:\/\/7culture.ci\/index.php\/2022\/07\/19\/boxe-la-fete-du-noble-art-a-commence\/","og_locale":"fr_FR","og_type":"article","og_title":"Boxe\u00a0: la f\u00eate du noble art a commenc\u00e9 -","og_description":"Malgr\u00e9 la grande pluie qui a fortement g\u00ean\u00e9 les activit\u00e9s \u00e0 Abidjan le week-end dernier, les organisateurs de \u2018\u2019La F\u00eate du Noble Art\u2019\u2019 ont r\u00e9ussi \u00e0 faire un beau d\u00e9marrage le samedi 16 juillet \u00e0 Port-Bou\u00ebt-Gonzagueville au bord de la mer. Initi\u00e9e par Jhimmy Isma\u00ebl Traor\u00e9, le promoteur du \u2018\u2019Choc des Titans\u2019\u2019 (CDT), la premi\u00e8re &hellip; Boxe\u00a0: la f\u00eate du noble art a commenc\u00e9 Lire la suite\u00a0\u00bb","og_url":"https:\/\/7culture.ci\/index.php\/2022\/07\/19\/boxe-la-fete-du-noble-art-a-commence\/","og_site_name":"7culture","article_publisher":"https:\/\/www.facebook.com\/redchefclaude","article_published_time":"2022-07-19T13:14:30+00:00","article_modified_time":"2022-07-19T15:22:15+00:00","og_image":[{"width":1080,"height":720,"url":"http:\/\/7culture.ci\/wp-content\/uploads\/2022\/07\/1-7.jpeg","type":"image\/jpeg"}],"author":"7culture2020","twitter_card":"summary_large_image","twitter_creator":"@7culturec","twitter_site":"@7culturec","twitter_misc":{"\u00c9crit par":"7culture2020","Dur\u00e9e de lecture estim\u00e9e":"4 minutes"},"schema":{"@context":"https:\/\/schema.org","@graph":[{"@type":"Article","@id":"https:\/\/7culture.ci\/index.php\/2022\/07\/19\/boxe-la-fete-du-noble-art-a-commence\/#article","isPartOf":{"@id":"https:\/\/7culture.ci\/index.php\/2022\/07\/19\/boxe-la-fete-du-noble-art-a-commence\/"},"author":{"name":"7culture2020","@id":"https:\/\/7culture.ci\/#\/schema\/person\/16150d28d7ef66ba788c1f87f28c4426"},"headline":"Boxe\u00a0: la f\u00eate du noble art a commenc\u00e9","datePublished":"2022-07-19T13:14:30+00:00","dateModified":"2022-07-19T15:22:15+00:00","mainEntityOfPage":{"@id":"https:\/\/7culture.ci\/index.php\/2022\/07\/19\/boxe-la-fete-du-noble-art-a-commence\/"},"wordCount":430,"commentCount":0,"publisher":{"@id":"https:\/\/7culture.ci\/#organization"},"articleSection":["Actualit\u00e9"],"inLanguage":"fr-FR","potentialAction":[{"@type":"CommentAction","name":"Comment","target":["https:\/\/7culture.ci\/index.php\/2022\/07\/19\/boxe-la-fete-du-noble-art-a-commence\/#respond"]}]},{"@type":"WebPage","@id":"https:\/\/7culture.ci\/index.php\/2022\/07\/19\/boxe-la-fete-du-noble-art-a-commence\/","url":"https:\/\/7culture.ci\/index.php\/2022\/07\/19\/boxe-la-fete-du-noble-art-a-commence\/","name":"Boxe\u00a0: la f\u00eate du noble art a commenc\u00e9 -","isPartOf":{"@id":"https:\/\/7culture.ci\/#website"},"datePublished":"2022-07-19T13:14:30+00:00","dateModified":"2022-07-19T15:22:15+00:00","breadcrumb":{"@id":"https:\/\/7culture.ci\/index.php\/2022\/07\/19\/boxe-la-fete-du-noble-art-a-commence\/#breadcrumb"},"inLanguage":"fr-FR","potentialAction":[{"@type":"ReadAction","target":["https:\/\/7culture.ci\/index.php\/2022\/07\/19\/boxe-la-fete-du-noble-art-a-commence\/"]}]},{"@type":"BreadcrumbList","@id":"https:\/\/7culture.ci\/index.php\/2022\/07\/19\/boxe-la-fete-du-noble-art-a-commence\/#breadcrumb","itemListElement":[{"@type":"ListItem","position":1,"name":"Accueil","item":"https:\/\/7culture.ci\/"},{"@type":"ListItem","position":2,"name":"Boxe\u00a0: la f\u00eate du noble art a commenc\u00e9"}]},{"@type":"WebSite","@id":"https:\/\/7culture.ci\/#website","url":"https:\/\/7culture.ci\/","name":"7culture","description":"Tout sur l&#039;actualit\u00e9","publisher":{"@id":"https:\/\/7culture.ci\/#organization"},"potentialAction":[{"@type":"SearchAction","target":{"@type":"EntryPoint","urlTemplate":"https:\/\/7culture.ci\/?s={search_term_string}"},"query-input":"required name=search_term_string"}],"inLanguage":"fr-FR"},{"@type":"Organization","@id":"https:\/\/7culture.ci\/#organization","name":"7culture","url":"https:\/\/7culture.ci\/","sameAs":["https:\/\/www.facebook.com\/redchefclaude","https:\/\/twitter.com\/7culturec"],"logo":{"@type":"ImageObject","inLanguage":"fr-FR","@id":"https:\/\/7culture.ci\/#\/schema\/logo\/image\/","url":"https:\/\/7culture.ci\/wp-content\/uploads\/2021\/12\/S1a-1.png","contentUrl":"https:\/\/7culture.ci\/wp-content\/uploads\/2021\/12\/S1a-1.png","width":588,"height":192,"caption":"7culture"},"image":{"@id":"https:\/\/7culture.ci\/#\/schema\/logo\/image\/"}},{"@type":"Person","@id":"https:\/\/7culture.ci\/#\/schema\/person\/16150d28d7ef66ba788c1f87f28c4426","name":"7culture2020","image":{"@type":"ImageObject","inLanguage":"fr-FR","@id":"https:\/\/7culture.ci\/#\/schema\/person\/image\/","url":"https:\/\/secure.gravatar.com\/avatar\/9a0784f951306c37bcd065f52844ef95?s=96&d=mm&r=g","contentUrl":"https:\/\/secure.gravatar.com\/avatar\/9a0784f951306c37bcd065f52844ef95?s=96&d=mm&r=g","caption":"7culture2020"},"sameAs":["http:\/\/7culture.ci","Claude.kipre"],"url":"https:\/\/7culture.ci\/index.php\/author\/7culture2020\/"}]}},"jetpack_featured_media_url":"https:\/\/7culture.ci\/wp-content\/uploads\/2022\/07\/1-7.jpeg","jetpack_likes_enabled":true,"jetpack_sharing_enabled":true,"_links":{"self":[{"href":"https:\/\/7culture.ci\/index.php\/wp-json\/wp\/v2\/posts\/22561"}],"collection":[{"href":"https:\/\/7culture.ci\/index.php\/wp-json\/wp\/v2\/posts"}],"about":[{"href":"https:\/\/7culture.ci\/index.php\/wp-json\/wp\/v2\/types\/post"}],"author":[{"embeddable":true,"href":"https:\/\/7culture.ci\/index.php\/wp-json\/wp\/v2\/users\/1"}],"replies":[{"embeddable":true,"href":"https:\/\/7culture.ci\/index.php\/wp-json\/wp\/v2\/comments?post=22561"}],"version-history":[{"count":0,"href":"https:\/\/7culture.ci\/index.php\/wp-json\/wp\/v2\/posts\/22561\/revisions"}],"wp:featuredmedia":[{"embeddable":true,"href":"https:\/\/7culture.ci\/index.php\/wp-json\/wp\/v2\/media\/22562"}],"wp:attachment":[{"href":"https:\/\/7culture.ci\/index.php\/wp-json\/wp\/v2\/media?parent=22561"}],"wp:term":[{"taxonomy":"category","embeddable":true,"href":"https:\/\/7culture.ci\/index.php\/wp-json\/wp\/v2\/categories?post=22561"},{"taxonomy":"post_tag","embeddable":true,"href":"https:\/\/7culture.ci\/index.php\/wp-json\/wp\/v2\/tags?post=22561"}],"curies":[{"name":"wp","href":"https:\/\/api.w.org\/{rel}","templated":true}]}}