{"id":22466,"date":"2022-07-16T11:17:22","date_gmt":"2022-07-16T09:17:22","guid":{"rendered":"https:\/\/7culture.ci\/?p=22466"},"modified":"2022-07-16T19:39:06","modified_gmt":"2022-07-16T17:39:06","slug":"decothey-ne-sest-pas-marie-a-amelie","status":"publish","type":"post","link":"https:\/\/7culture.ci\/index.php\/2022\/07\/16\/decothey-ne-sest-pas-marie-a-amelie\/","title":{"rendered":"Decothey ne s\u2019est pas mari\u00e9 \u00e0 Am\u00e9lie"},"content":{"rendered":"\n<p>C\u2019est un homme heureux bras dans bras avec sa ch\u00e9rie qui a \u00e9t\u00e9 aper\u00e7u dans la salle de mariage de l\u2019h\u00f4tel de ville d\u2019Abidjan, ce jeudi 14 juillet 2022. L\u2019embl\u00e9matique acteur ivoirien, Decothey et sa conjointe venait de se dire oui devant le maire. Cette union civile r\u00e9pandue sur toute la toile, a \u00e9t\u00e9 pr\u00e9c\u00e9d\u00e9e cinq ans plut\u00f4t, d\u2019un mariage traditionnel. Elle officialisait devant la loi ivoirienne la relation entre M. et Mme Gahuidi.<\/p>\n\n\n\n<div class=\"wp-block-image\"><figure class=\"aligncenter size-full is-resized\"><img loading=\"lazy\" decoding=\"async\" src=\"https:\/\/7culture.ci\/wp-content\/uploads\/2022\/07\/decothey4.jpg\" alt=\"\" class=\"wp-image-22468\" width=\"806\" height=\"363\" srcset=\"https:\/\/7culture.ci\/wp-content\/uploads\/2022\/07\/decothey4.jpg 1020w, https:\/\/7culture.ci\/wp-content\/uploads\/2022\/07\/decothey4-300x135.jpg 300w, https:\/\/7culture.ci\/wp-content\/uploads\/2022\/07\/decothey4-768x346.jpg 768w\" sizes=\"(max-width: 806px) 100vw, 806px\" \/><\/figure><\/div>\n\n\n\n<p>Connu dans la s\u00e9rie \u2018\u2019Ma famille\u2019 \u2018pour avoir toujours exig\u00e9 d\u2019\u00eatre dot\u00e9 par sa femme, Decothey aurait, depuis belle lurette, trouv\u00e9 celle qui r\u00e9pondrait \u00e0 ses attentes. Il compte avec cette derni\u00e8re 20 ans de vie commune et plusieurs enfants, dont une grande fille. &nbsp;&nbsp;<\/p>\n\n\n\n<p>Gnago Guisso Gahuidi alias Decothey est un acteur com\u00e9dien ivoirien. Il est connu du public principalement avec la s\u00e9rie t\u00e9l\u00e9vis\u00e9e \u2018\u2019Ma Famille\u2019\u2019dans laquelle il joue \u00e0 merveille le r\u00f4le du mari mat\u00e9rialiste, cupide et gigolo d\u2019Am\u00e9lie Wabehi.<\/p>\n\n\n\n<p>Thierry Samuel<\/p>\n","protected":false},"excerpt":{"rendered":"<p>C\u2019est un homme heureux bras dans bras avec sa ch\u00e9rie qui a \u00e9t\u00e9 aper\u00e7u dans la salle de mariage de l\u2019h\u00f4tel de ville d\u2019Abidjan, ce jeudi 14 juillet 2022. L\u2019embl\u00e9matique acteur ivoirien, Decothey et sa conjointe venait de se dire oui devant le maire. Cette union civile r\u00e9pandue sur toute la toile, a \u00e9t\u00e9 pr\u00e9c\u00e9d\u00e9e &hellip;<\/p>\n<p class=\"read-more\"> <a class=\"\" href=\"https:\/\/7culture.ci\/index.php\/2022\/07\/16\/decothey-ne-sest-pas-marie-a-amelie\/\"> <span class=\"screen-reader-text\">Decothey ne s\u2019est pas mari\u00e9 \u00e0 Am\u00e9lie<\/span> Lire la suite\u00a0\u00bb<\/a><\/p>\n","protected":false},"author":1,"featured_media":22467,"comment_status":"open","ping_status":"open","sticky":false,"template":"","format":"standard","meta":{"_mi_skip_tracking":false,"_monsterinsights_sitenote_active":false,"_monsterinsights_sitenote_note":"","_monsterinsights_sitenote_category":0,"site-sidebar-layout":"default","site-content-layout":"default","ast-global-header-display":"","ast-main-header-display":"","ast-hfb-above-header-display":"","ast-hfb-below-header-display":"","ast-hfb-mobile-header-display":"","site-post-title":"","ast-breadcrumbs-content":"","ast-featured-img":"","footer-sml-layout":"","theme-transparent-header-meta":"","adv-header-id-meta":"","stick-header-meta":"","header-above-stick-meta":"","header-main-stick-meta":"","header-below-stick-meta":"","footnotes":"","jetpack_publicize_message":"","jetpack_is_tweetstorm":false,"jetpack_publicize_feature_enabled":true},"categories":[22],"tags":[],"jetpack_publicize_connections":[],"acf":[],"aioseo_notices":[],"yoast_head":"<!-- This site is optimized with the Yoast SEO plugin v19.6.1 - https:\/\/yoast.com\/wordpress\/plugins\/seo\/ -->\n<title>Decothey ne s\u2019est pas mari\u00e9 \u00e0 Am\u00e9lie -<\/title>\n<meta name=\"robots\" content=\"index, follow, max-snippet:-1, max-image-preview:large, max-video-preview:-1\" \/>\n<link rel=\"canonical\" href=\"https:\/\/7culture.ci\/index.php\/2022\/07\/16\/decothey-ne-sest-pas-marie-a-amelie\/\" \/>\n<meta property=\"og:locale\" content=\"fr_FR\" \/>\n<meta property=\"og:type\" content=\"article\" \/>\n<meta property=\"og:title\" content=\"Decothey ne s\u2019est pas mari\u00e9 \u00e0 Am\u00e9lie -\" \/>\n<meta property=\"og:description\" content=\"C\u2019est un homme heureux bras dans bras avec sa ch\u00e9rie qui a \u00e9t\u00e9 aper\u00e7u dans la salle de mariage de l\u2019h\u00f4tel de ville d\u2019Abidjan, ce jeudi 14 juillet 2022. L\u2019embl\u00e9matique acteur ivoirien, Decothey et sa conjointe venait de se dire oui devant le maire. Cette union civile r\u00e9pandue sur toute la toile, a \u00e9t\u00e9 pr\u00e9c\u00e9d\u00e9e &hellip; Decothey ne s\u2019est pas mari\u00e9 \u00e0 Am\u00e9lie Lire la suite\u00a0\u00bb\" \/>\n<meta property=\"og:url\" content=\"https:\/\/7culture.ci\/index.php\/2022\/07\/16\/decothey-ne-sest-pas-marie-a-amelie\/\" \/>\n<meta property=\"og:site_name\" content=\"7culture\" \/>\n<meta property=\"article:publisher\" content=\"https:\/\/www.facebook.com\/redchefclaude\" \/>\n<meta property=\"article:published_time\" content=\"2022-07-16T09:17:22+00:00\" \/>\n<meta property=\"article:modified_time\" content=\"2022-07-16T17:39:06+00:00\" \/>\n<meta property=\"og:image\" content=\"http:\/\/7culture.ci\/wp-content\/uploads\/2022\/07\/decothey1.jpg\" \/>\n\t<meta property=\"og:image:width\" content=\"720\" \/>\n\t<meta property=\"og:image:height\" content=\"500\" \/>\n\t<meta property=\"og:image:type\" content=\"image\/jpeg\" \/>\n<meta name=\"author\" content=\"7culture2020\" \/>\n<meta name=\"twitter:card\" content=\"summary_large_image\" \/>\n<meta name=\"twitter:creator\" content=\"@7culturec\" \/>\n<meta name=\"twitter:site\" content=\"@7culturec\" \/>\n<meta name=\"twitter:label1\" content=\"\u00c9crit par\" \/>\n\t<meta name=\"twitter:data1\" content=\"7culture2020\" \/>\n\t<meta name=\"twitter:label2\" content=\"Dur\u00e9e de lecture estim\u00e9e\" \/>\n\t<meta name=\"twitter:data2\" content=\"2 minutes\" \/>\n<script type=\"application\/ld+json\" class=\"yoast-schema-graph\">{\"@context\":\"https:\/\/schema.org\",\"@graph\":[{\"@type\":\"Article\",\"@id\":\"https:\/\/7culture.ci\/index.php\/2022\/07\/16\/decothey-ne-sest-pas-marie-a-amelie\/#article\",\"isPartOf\":{\"@id\":\"https:\/\/7culture.ci\/index.php\/2022\/07\/16\/decothey-ne-sest-pas-marie-a-amelie\/\"},\"author\":{\"name\":\"7culture2020\",\"@id\":\"https:\/\/7culture.ci\/#\/schema\/person\/16150d28d7ef66ba788c1f87f28c4426\"},\"headline\":\"Decothey ne s\u2019est pas mari\u00e9 \u00e0 Am\u00e9lie\",\"datePublished\":\"2022-07-16T09:17:22+00:00\",\"dateModified\":\"2022-07-16T17:39:06+00:00\",\"mainEntityOfPage\":{\"@id\":\"https:\/\/7culture.ci\/index.php\/2022\/07\/16\/decothey-ne-sest-pas-marie-a-amelie\/\"},\"wordCount\":190,\"commentCount\":0,\"publisher\":{\"@id\":\"https:\/\/7culture.ci\/#organization\"},\"articleSection\":[\"Actualit\u00e9\"],\"inLanguage\":\"fr-FR\",\"potentialAction\":[{\"@type\":\"CommentAction\",\"name\":\"Comment\",\"target\":[\"https:\/\/7culture.ci\/index.php\/2022\/07\/16\/decothey-ne-sest-pas-marie-a-amelie\/#respond\"]}]},{\"@type\":\"WebPage\",\"@id\":\"https:\/\/7culture.ci\/index.php\/2022\/07\/16\/decothey-ne-sest-pas-marie-a-amelie\/\",\"url\":\"https:\/\/7culture.ci\/index.php\/2022\/07\/16\/decothey-ne-sest-pas-marie-a-amelie\/\",\"name\":\"Decothey ne s\u2019est pas mari\u00e9 \u00e0 Am\u00e9lie -\",\"isPartOf\":{\"@id\":\"https:\/\/7culture.ci\/#website\"},\"datePublished\":\"2022-07-16T09:17:22+00:00\",\"dateModified\":\"2022-07-16T17:39:06+00:00\",\"breadcrumb\":{\"@id\":\"https:\/\/7culture.ci\/index.php\/2022\/07\/16\/decothey-ne-sest-pas-marie-a-amelie\/#breadcrumb\"},\"inLanguage\":\"fr-FR\",\"potentialAction\":[{\"@type\":\"ReadAction\",\"target\":[\"https:\/\/7culture.ci\/index.php\/2022\/07\/16\/decothey-ne-sest-pas-marie-a-amelie\/\"]}]},{\"@type\":\"BreadcrumbList\",\"@id\":\"https:\/\/7culture.ci\/index.php\/2022\/07\/16\/decothey-ne-sest-pas-marie-a-amelie\/#breadcrumb\",\"itemListElement\":[{\"@type\":\"ListItem\",\"position\":1,\"name\":\"Accueil\",\"item\":\"https:\/\/7culture.ci\/\"},{\"@type\":\"ListItem\",\"position\":2,\"name\":\"Decothey ne s\u2019est pas mari\u00e9 \u00e0 Am\u00e9lie\"}]},{\"@type\":\"WebSite\",\"@id\":\"https:\/\/7culture.ci\/#website\",\"url\":\"https:\/\/7culture.ci\/\",\"name\":\"7culture\",\"description\":\"Tout sur l&#039;actualit\u00e9\",\"publisher\":{\"@id\":\"https:\/\/7culture.ci\/#organization\"},\"potentialAction\":[{\"@type\":\"SearchAction\",\"target\":{\"@type\":\"EntryPoint\",\"urlTemplate\":\"https:\/\/7culture.ci\/?s={search_term_string}\"},\"query-input\":\"required name=search_term_string\"}],\"inLanguage\":\"fr-FR\"},{\"@type\":\"Organization\",\"@id\":\"https:\/\/7culture.ci\/#organization\",\"name\":\"7culture\",\"url\":\"https:\/\/7culture.ci\/\",\"sameAs\":[\"https:\/\/www.facebook.com\/redchefclaude\",\"https:\/\/twitter.com\/7culturec\"],\"logo\":{\"@type\":\"ImageObject\",\"inLanguage\":\"fr-FR\",\"@id\":\"https:\/\/7culture.ci\/#\/schema\/logo\/image\/\",\"url\":\"https:\/\/7culture.ci\/wp-content\/uploads\/2021\/12\/S1a-1.png\",\"contentUrl\":\"https:\/\/7culture.ci\/wp-content\/uploads\/2021\/12\/S1a-1.png\",\"width\":588,\"height\":192,\"caption\":\"7culture\"},\"image\":{\"@id\":\"https:\/\/7culture.ci\/#\/schema\/logo\/image\/\"}},{\"@type\":\"Person\",\"@id\":\"https:\/\/7culture.ci\/#\/schema\/person\/16150d28d7ef66ba788c1f87f28c4426\",\"name\":\"7culture2020\",\"image\":{\"@type\":\"ImageObject\",\"inLanguage\":\"fr-FR\",\"@id\":\"https:\/\/7culture.ci\/#\/schema\/person\/image\/\",\"url\":\"https:\/\/secure.gravatar.com\/avatar\/9a0784f951306c37bcd065f52844ef95?s=96&d=mm&r=g\",\"contentUrl\":\"https:\/\/secure.gravatar.com\/avatar\/9a0784f951306c37bcd065f52844ef95?s=96&d=mm&r=g\",\"caption\":\"7culture2020\"},\"sameAs\":[\"http:\/\/7culture.ci\",\"Claude.kipre\"],\"url\":\"https:\/\/7culture.ci\/index.php\/author\/7culture2020\/\"}]}<\/script>\n<!-- \/ Yoast SEO plugin. -->","yoast_head_json":{"title":"Decothey ne s\u2019est pas mari\u00e9 \u00e0 Am\u00e9lie -","robots":{"index":"index","follow":"follow","max-snippet":"max-snippet:-1","max-image-preview":"max-image-preview:large","max-video-preview":"max-video-preview:-1"},"canonical":"https:\/\/7culture.ci\/index.php\/2022\/07\/16\/decothey-ne-sest-pas-marie-a-amelie\/","og_locale":"fr_FR","og_type":"article","og_title":"Decothey ne s\u2019est pas mari\u00e9 \u00e0 Am\u00e9lie -","og_description":"C\u2019est un homme heureux bras dans bras avec sa ch\u00e9rie qui a \u00e9t\u00e9 aper\u00e7u dans la salle de mariage de l\u2019h\u00f4tel de ville d\u2019Abidjan, ce jeudi 14 juillet 2022. L\u2019embl\u00e9matique acteur ivoirien, Decothey et sa conjointe venait de se dire oui devant le maire. Cette union civile r\u00e9pandue sur toute la toile, a \u00e9t\u00e9 pr\u00e9c\u00e9d\u00e9e &hellip; Decothey ne s\u2019est pas mari\u00e9 \u00e0 Am\u00e9lie Lire la suite\u00a0\u00bb","og_url":"https:\/\/7culture.ci\/index.php\/2022\/07\/16\/decothey-ne-sest-pas-marie-a-amelie\/","og_site_name":"7culture","article_publisher":"https:\/\/www.facebook.com\/redchefclaude","article_published_time":"2022-07-16T09:17:22+00:00","article_modified_time":"2022-07-16T17:39:06+00:00","og_image":[{"width":720,"height":500,"url":"http:\/\/7culture.ci\/wp-content\/uploads\/2022\/07\/decothey1.jpg","type":"image\/jpeg"}],"author":"7culture2020","twitter_card":"summary_large_image","twitter_creator":"@7culturec","twitter_site":"@7culturec","twitter_misc":{"\u00c9crit par":"7culture2020","Dur\u00e9e de lecture estim\u00e9e":"2 minutes"},"schema":{"@context":"https:\/\/schema.org","@graph":[{"@type":"Article","@id":"https:\/\/7culture.ci\/index.php\/2022\/07\/16\/decothey-ne-sest-pas-marie-a-amelie\/#article","isPartOf":{"@id":"https:\/\/7culture.ci\/index.php\/2022\/07\/16\/decothey-ne-sest-pas-marie-a-amelie\/"},"author":{"name":"7culture2020","@id":"https:\/\/7culture.ci\/#\/schema\/person\/16150d28d7ef66ba788c1f87f28c4426"},"headline":"Decothey ne s\u2019est pas mari\u00e9 \u00e0 Am\u00e9lie","datePublished":"2022-07-16T09:17:22+00:00","dateModified":"2022-07-16T17:39:06+00:00","mainEntityOfPage":{"@id":"https:\/\/7culture.ci\/index.php\/2022\/07\/16\/decothey-ne-sest-pas-marie-a-amelie\/"},"wordCount":190,"commentCount":0,"publisher":{"@id":"https:\/\/7culture.ci\/#organization"},"articleSection":["Actualit\u00e9"],"inLanguage":"fr-FR","potentialAction":[{"@type":"CommentAction","name":"Comment","target":["https:\/\/7culture.ci\/index.php\/2022\/07\/16\/decothey-ne-sest-pas-marie-a-amelie\/#respond"]}]},{"@type":"WebPage","@id":"https:\/\/7culture.ci\/index.php\/2022\/07\/16\/decothey-ne-sest-pas-marie-a-amelie\/","url":"https:\/\/7culture.ci\/index.php\/2022\/07\/16\/decothey-ne-sest-pas-marie-a-amelie\/","name":"Decothey ne s\u2019est pas mari\u00e9 \u00e0 Am\u00e9lie -","isPartOf":{"@id":"https:\/\/7culture.ci\/#website"},"datePublished":"2022-07-16T09:17:22+00:00","dateModified":"2022-07-16T17:39:06+00:00","breadcrumb":{"@id":"https:\/\/7culture.ci\/index.php\/2022\/07\/16\/decothey-ne-sest-pas-marie-a-amelie\/#breadcrumb"},"inLanguage":"fr-FR","potentialAction":[{"@type":"ReadAction","target":["https:\/\/7culture.ci\/index.php\/2022\/07\/16\/decothey-ne-sest-pas-marie-a-amelie\/"]}]},{"@type":"BreadcrumbList","@id":"https:\/\/7culture.ci\/index.php\/2022\/07\/16\/decothey-ne-sest-pas-marie-a-amelie\/#breadcrumb","itemListElement":[{"@type":"ListItem","position":1,"name":"Accueil","item":"https:\/\/7culture.ci\/"},{"@type":"ListItem","position":2,"name":"Decothey ne s\u2019est pas mari\u00e9 \u00e0 Am\u00e9lie"}]},{"@type":"WebSite","@id":"https:\/\/7culture.ci\/#website","url":"https:\/\/7culture.ci\/","name":"7culture","description":"Tout sur l&#039;actualit\u00e9","publisher":{"@id":"https:\/\/7culture.ci\/#organization"},"potentialAction":[{"@type":"SearchAction","target":{"@type":"EntryPoint","urlTemplate":"https:\/\/7culture.ci\/?s={search_term_string}"},"query-input":"required name=search_term_string"}],"inLanguage":"fr-FR"},{"@type":"Organization","@id":"https:\/\/7culture.ci\/#organization","name":"7culture","url":"https:\/\/7culture.ci\/","sameAs":["https:\/\/www.facebook.com\/redchefclaude","https:\/\/twitter.com\/7culturec"],"logo":{"@type":"ImageObject","inLanguage":"fr-FR","@id":"https:\/\/7culture.ci\/#\/schema\/logo\/image\/","url":"https:\/\/7culture.ci\/wp-content\/uploads\/2021\/12\/S1a-1.png","contentUrl":"https:\/\/7culture.ci\/wp-content\/uploads\/2021\/12\/S1a-1.png","width":588,"height":192,"caption":"7culture"},"image":{"@id":"https:\/\/7culture.ci\/#\/schema\/logo\/image\/"}},{"@type":"Person","@id":"https:\/\/7culture.ci\/#\/schema\/person\/16150d28d7ef66ba788c1f87f28c4426","name":"7culture2020","image":{"@type":"ImageObject","inLanguage":"fr-FR","@id":"https:\/\/7culture.ci\/#\/schema\/person\/image\/","url":"https:\/\/secure.gravatar.com\/avatar\/9a0784f951306c37bcd065f52844ef95?s=96&d=mm&r=g","contentUrl":"https:\/\/secure.gravatar.com\/avatar\/9a0784f951306c37bcd065f52844ef95?s=96&d=mm&r=g","caption":"7culture2020"},"sameAs":["http:\/\/7culture.ci","Claude.kipre"],"url":"https:\/\/7culture.ci\/index.php\/author\/7culture2020\/"}]}},"jetpack_featured_media_url":"https:\/\/7culture.ci\/wp-content\/uploads\/2022\/07\/decothey1.jpg","jetpack_likes_enabled":true,"jetpack_sharing_enabled":true,"_links":{"self":[{"href":"https:\/\/7culture.ci\/index.php\/wp-json\/wp\/v2\/posts\/22466"}],"collection":[{"href":"https:\/\/7culture.ci\/index.php\/wp-json\/wp\/v2\/posts"}],"about":[{"href":"https:\/\/7culture.ci\/index.php\/wp-json\/wp\/v2\/types\/post"}],"author":[{"embeddable":true,"href":"https:\/\/7culture.ci\/index.php\/wp-json\/wp\/v2\/users\/1"}],"replies":[{"embeddable":true,"href":"https:\/\/7culture.ci\/index.php\/wp-json\/wp\/v2\/comments?post=22466"}],"version-history":[{"count":0,"href":"https:\/\/7culture.ci\/index.php\/wp-json\/wp\/v2\/posts\/22466\/revisions"}],"wp:featuredmedia":[{"embeddable":true,"href":"https:\/\/7culture.ci\/index.php\/wp-json\/wp\/v2\/media\/22467"}],"wp:attachment":[{"href":"https:\/\/7culture.ci\/index.php\/wp-json\/wp\/v2\/media?parent=22466"}],"wp:term":[{"taxonomy":"category","embeddable":true,"href":"https:\/\/7culture.ci\/index.php\/wp-json\/wp\/v2\/categories?post=22466"},{"taxonomy":"post_tag","embeddable":true,"href":"https:\/\/7culture.ci\/index.php\/wp-json\/wp\/v2\/tags?post=22466"}],"curies":[{"name":"wp","href":"https:\/\/api.w.org\/{rel}","templated":true}]}}