{"id":22458,"date":"2022-07-15T14:08:49","date_gmt":"2022-07-15T12:08:49","guid":{"rendered":"https:\/\/7culture.ci\/?p=22458"},"modified":"2022-07-16T11:20:17","modified_gmt":"2022-07-16T09:20:17","slug":"defile-du-14-juillet-naomi-campbell-aux-cotes-de-brigitte-macron","status":"publish","type":"post","link":"https:\/\/7culture.ci\/index.php\/2022\/07\/15\/defile-du-14-juillet-naomi-campbell-aux-cotes-de-brigitte-macron\/","title":{"rendered":"D\u00e9fil\u00e9 du 14 juillet\u00a0: Naomi Campbell aux c\u00f4t\u00e9s de Brigitte Macron"},"content":{"rendered":"\n<p>\u00ab&nbsp;<strong><em>Dans les temps incertains que nous vivons, il me semblait important d\u2019assister \u00e0 la c\u00e9r\u00e9monie officielle du 14 juillet en France afin d\u2019honorer les femmes et les hommes qui risquent leur vie en luttant pour la libert\u00e9 et la paix. Je voulais aussi c\u00e9l\u00e9brer le pays qui a \u00e9tabli la D\u00e9claration des droits de l\u2019Homme. Voir le d\u00e9fil\u00e9 aujourd\u2019hui a \u00e9t\u00e9 l\u2019une des exp\u00e9riences les plus \u00e9mouvantes de ma vie. Merci au pr\u00e9sident Macron et \u00e0 Mme Brigitte Macron d\u2019avoir exauc\u00e9 mon v\u0153u et permis ma pr\u00e9sence aujourd\u2019hui. Je suis tr\u00e8s honor\u00e9e et reconnaissante. Merci \u00e0 la France d\u2019\u00eatre une inspiration<\/em><\/strong> \u00bb. Voici les mots laiss\u00e9s \u00e0 chaud sur compte Instagram par la top model Naomi Campbell apr\u00e8s avoir assist\u00e9 au traditionnel et l\u00e9gendaire d\u00e9fil\u00e9 du 14 juillet sur les Champs-Elys\u00e9es en France.<\/p>\n\n\n\n<div class=\"wp-block-image\"><figure class=\"aligncenter size-full is-resized\"><img loading=\"lazy\" decoding=\"async\" src=\"https:\/\/7culture.ci\/wp-content\/uploads\/2022\/07\/Naomi-Campbell-avec-Brigitte-Macron2.jpg\" alt=\"\" class=\"wp-image-22460\" width=\"489\" height=\"652\" srcset=\"https:\/\/7culture.ci\/wp-content\/uploads\/2022\/07\/Naomi-Campbell-avec-Brigitte-Macron2.jpg 675w, https:\/\/7culture.ci\/wp-content\/uploads\/2022\/07\/Naomi-Campbell-avec-Brigitte-Macron2-225x300.jpg 225w\" sizes=\"(max-width: 489px) 100vw, 489px\" \/><\/figure><\/div>\n\n\n\n<p>Parmi les invit\u00e9s de \u2018\u2019Bastille Day\u2019\u2019 comme les Anglo-saxons d\u00e9signent le 14 juillet, il y avait Naomi Campbell. La top model britannique a \u00e9t\u00e9 aper\u00e7ue \u00e0 la tribune officielle. On l\u2019a aussi vue en compagnie de Brigitte Macron et de plusieurs ministres du gouvernement d\u2019\u00c9lisabeth Borne avec qui elle a pris la pose. L\u2019ancienne panth\u00e8re noire des podiums \u00e9tait habill\u00e9e en Louis Vuitton tout comme sa c\u00e9l\u00e8bre h\u00f4te, Brigitte Macron, la Premi\u00e8re Dame de France.<\/p>\n\n\n\n<p>Par Omar AK<\/p>\n","protected":false},"excerpt":{"rendered":"<p>\u00ab&nbsp;Dans les temps incertains que nous vivons, il me semblait important d\u2019assister \u00e0 la c\u00e9r\u00e9monie officielle du 14 juillet en France afin d\u2019honorer les femmes et les hommes qui risquent leur vie en luttant pour la libert\u00e9 et la paix. Je voulais aussi c\u00e9l\u00e9brer le pays qui a \u00e9tabli la D\u00e9claration des droits de l\u2019Homme. &hellip;<\/p>\n<p class=\"read-more\"> <a class=\"\" href=\"https:\/\/7culture.ci\/index.php\/2022\/07\/15\/defile-du-14-juillet-naomi-campbell-aux-cotes-de-brigitte-macron\/\"> <span class=\"screen-reader-text\">D\u00e9fil\u00e9 du 14 juillet\u00a0: Naomi Campbell aux c\u00f4t\u00e9s de Brigitte Macron<\/span> Lire la suite\u00a0\u00bb<\/a><\/p>\n","protected":false},"author":1,"featured_media":22462,"comment_status":"open","ping_status":"open","sticky":false,"template":"","format":"standard","meta":{"_mi_skip_tracking":false,"_monsterinsights_sitenote_active":false,"_monsterinsights_sitenote_note":"","_monsterinsights_sitenote_category":0,"site-sidebar-layout":"default","site-content-layout":"default","ast-global-header-display":"","ast-main-header-display":"","ast-hfb-above-header-display":"","ast-hfb-below-header-display":"","ast-hfb-mobile-header-display":"","site-post-title":"","ast-breadcrumbs-content":"","ast-featured-img":"","footer-sml-layout":"","theme-transparent-header-meta":"","adv-header-id-meta":"","stick-header-meta":"","header-above-stick-meta":"","header-main-stick-meta":"","header-below-stick-meta":"","footnotes":"","jetpack_publicize_message":"","jetpack_is_tweetstorm":false,"jetpack_publicize_feature_enabled":true},"categories":[22],"tags":[],"jetpack_publicize_connections":[],"acf":[],"aioseo_notices":[],"yoast_head":"<!-- This site is optimized with the Yoast SEO plugin v19.6.1 - https:\/\/yoast.com\/wordpress\/plugins\/seo\/ -->\n<title>D\u00e9fil\u00e9 du 14 juillet\u00a0: Naomi Campbell aux c\u00f4t\u00e9s de Brigitte Macron -<\/title>\n<meta name=\"robots\" content=\"index, follow, max-snippet:-1, max-image-preview:large, max-video-preview:-1\" \/>\n<link rel=\"canonical\" href=\"https:\/\/7culture.ci\/index.php\/2022\/07\/15\/defile-du-14-juillet-naomi-campbell-aux-cotes-de-brigitte-macron\/\" \/>\n<meta property=\"og:locale\" content=\"fr_FR\" \/>\n<meta property=\"og:type\" content=\"article\" \/>\n<meta property=\"og:title\" content=\"D\u00e9fil\u00e9 du 14 juillet\u00a0: Naomi Campbell aux c\u00f4t\u00e9s de Brigitte Macron -\" \/>\n<meta property=\"og:description\" content=\"\u00ab&nbsp;Dans les temps incertains que nous vivons, il me semblait important d\u2019assister \u00e0 la c\u00e9r\u00e9monie officielle du 14 juillet en France afin d\u2019honorer les femmes et les hommes qui risquent leur vie en luttant pour la libert\u00e9 et la paix. Je voulais aussi c\u00e9l\u00e9brer le pays qui a \u00e9tabli la D\u00e9claration des droits de l\u2019Homme. &hellip; D\u00e9fil\u00e9 du 14 juillet\u00a0: Naomi Campbell aux c\u00f4t\u00e9s de Brigitte Macron Lire la suite\u00a0\u00bb\" \/>\n<meta property=\"og:url\" content=\"https:\/\/7culture.ci\/index.php\/2022\/07\/15\/defile-du-14-juillet-naomi-campbell-aux-cotes-de-brigitte-macron\/\" \/>\n<meta property=\"og:site_name\" content=\"7culture\" \/>\n<meta property=\"article:publisher\" content=\"https:\/\/www.facebook.com\/redchefclaude\" \/>\n<meta property=\"article:published_time\" content=\"2022-07-15T12:08:49+00:00\" \/>\n<meta property=\"article:modified_time\" content=\"2022-07-16T09:20:17+00:00\" \/>\n<meta property=\"og:image\" content=\"http:\/\/7culture.ci\/wp-content\/uploads\/2022\/07\/Naomi-Campbell-avec-Brigitte-Macron1-2.jpg\" \/>\n\t<meta property=\"og:image:width\" content=\"700\" \/>\n\t<meta property=\"og:image:height\" content=\"450\" \/>\n\t<meta property=\"og:image:type\" content=\"image\/jpeg\" \/>\n<meta name=\"author\" content=\"7culture2020\" \/>\n<meta name=\"twitter:card\" content=\"summary_large_image\" \/>\n<meta name=\"twitter:creator\" content=\"@7culturec\" \/>\n<meta name=\"twitter:site\" content=\"@7culturec\" \/>\n<meta name=\"twitter:label1\" content=\"\u00c9crit par\" \/>\n\t<meta name=\"twitter:data1\" content=\"7culture2020\" \/>\n\t<meta name=\"twitter:label2\" content=\"Dur\u00e9e de lecture estim\u00e9e\" \/>\n\t<meta name=\"twitter:data2\" content=\"2 minutes\" \/>\n<script type=\"application\/ld+json\" class=\"yoast-schema-graph\">{\"@context\":\"https:\/\/schema.org\",\"@graph\":[{\"@type\":\"Article\",\"@id\":\"https:\/\/7culture.ci\/index.php\/2022\/07\/15\/defile-du-14-juillet-naomi-campbell-aux-cotes-de-brigitte-macron\/#article\",\"isPartOf\":{\"@id\":\"https:\/\/7culture.ci\/index.php\/2022\/07\/15\/defile-du-14-juillet-naomi-campbell-aux-cotes-de-brigitte-macron\/\"},\"author\":{\"name\":\"7culture2020\",\"@id\":\"https:\/\/7culture.ci\/#\/schema\/person\/16150d28d7ef66ba788c1f87f28c4426\"},\"headline\":\"D\u00e9fil\u00e9 du 14 juillet\u00a0: Naomi Campbell aux c\u00f4t\u00e9s de Brigitte Macron\",\"datePublished\":\"2022-07-15T12:08:49+00:00\",\"dateModified\":\"2022-07-16T09:20:17+00:00\",\"mainEntityOfPage\":{\"@id\":\"https:\/\/7culture.ci\/index.php\/2022\/07\/15\/defile-du-14-juillet-naomi-campbell-aux-cotes-de-brigitte-macron\/\"},\"wordCount\":253,\"commentCount\":0,\"publisher\":{\"@id\":\"https:\/\/7culture.ci\/#organization\"},\"articleSection\":[\"Actualit\u00e9\"],\"inLanguage\":\"fr-FR\",\"potentialAction\":[{\"@type\":\"CommentAction\",\"name\":\"Comment\",\"target\":[\"https:\/\/7culture.ci\/index.php\/2022\/07\/15\/defile-du-14-juillet-naomi-campbell-aux-cotes-de-brigitte-macron\/#respond\"]}]},{\"@type\":\"WebPage\",\"@id\":\"https:\/\/7culture.ci\/index.php\/2022\/07\/15\/defile-du-14-juillet-naomi-campbell-aux-cotes-de-brigitte-macron\/\",\"url\":\"https:\/\/7culture.ci\/index.php\/2022\/07\/15\/defile-du-14-juillet-naomi-campbell-aux-cotes-de-brigitte-macron\/\",\"name\":\"D\u00e9fil\u00e9 du 14 juillet\u00a0: Naomi Campbell aux c\u00f4t\u00e9s de Brigitte Macron -\",\"isPartOf\":{\"@id\":\"https:\/\/7culture.ci\/#website\"},\"datePublished\":\"2022-07-15T12:08:49+00:00\",\"dateModified\":\"2022-07-16T09:20:17+00:00\",\"breadcrumb\":{\"@id\":\"https:\/\/7culture.ci\/index.php\/2022\/07\/15\/defile-du-14-juillet-naomi-campbell-aux-cotes-de-brigitte-macron\/#breadcrumb\"},\"inLanguage\":\"fr-FR\",\"potentialAction\":[{\"@type\":\"ReadAction\",\"target\":[\"https:\/\/7culture.ci\/index.php\/2022\/07\/15\/defile-du-14-juillet-naomi-campbell-aux-cotes-de-brigitte-macron\/\"]}]},{\"@type\":\"BreadcrumbList\",\"@id\":\"https:\/\/7culture.ci\/index.php\/2022\/07\/15\/defile-du-14-juillet-naomi-campbell-aux-cotes-de-brigitte-macron\/#breadcrumb\",\"itemListElement\":[{\"@type\":\"ListItem\",\"position\":1,\"name\":\"Accueil\",\"item\":\"https:\/\/7culture.ci\/\"},{\"@type\":\"ListItem\",\"position\":2,\"name\":\"D\u00e9fil\u00e9 du 14 juillet\u00a0: Naomi Campbell aux c\u00f4t\u00e9s de Brigitte Macron\"}]},{\"@type\":\"WebSite\",\"@id\":\"https:\/\/7culture.ci\/#website\",\"url\":\"https:\/\/7culture.ci\/\",\"name\":\"7culture\",\"description\":\"Tout sur l&#039;actualit\u00e9\",\"publisher\":{\"@id\":\"https:\/\/7culture.ci\/#organization\"},\"potentialAction\":[{\"@type\":\"SearchAction\",\"target\":{\"@type\":\"EntryPoint\",\"urlTemplate\":\"https:\/\/7culture.ci\/?s={search_term_string}\"},\"query-input\":\"required name=search_term_string\"}],\"inLanguage\":\"fr-FR\"},{\"@type\":\"Organization\",\"@id\":\"https:\/\/7culture.ci\/#organization\",\"name\":\"7culture\",\"url\":\"https:\/\/7culture.ci\/\",\"sameAs\":[\"https:\/\/www.facebook.com\/redchefclaude\",\"https:\/\/twitter.com\/7culturec\"],\"logo\":{\"@type\":\"ImageObject\",\"inLanguage\":\"fr-FR\",\"@id\":\"https:\/\/7culture.ci\/#\/schema\/logo\/image\/\",\"url\":\"https:\/\/7culture.ci\/wp-content\/uploads\/2021\/12\/S1a-1.png\",\"contentUrl\":\"https:\/\/7culture.ci\/wp-content\/uploads\/2021\/12\/S1a-1.png\",\"width\":588,\"height\":192,\"caption\":\"7culture\"},\"image\":{\"@id\":\"https:\/\/7culture.ci\/#\/schema\/logo\/image\/\"}},{\"@type\":\"Person\",\"@id\":\"https:\/\/7culture.ci\/#\/schema\/person\/16150d28d7ef66ba788c1f87f28c4426\",\"name\":\"7culture2020\",\"image\":{\"@type\":\"ImageObject\",\"inLanguage\":\"fr-FR\",\"@id\":\"https:\/\/7culture.ci\/#\/schema\/person\/image\/\",\"url\":\"https:\/\/secure.gravatar.com\/avatar\/9a0784f951306c37bcd065f52844ef95?s=96&d=mm&r=g\",\"contentUrl\":\"https:\/\/secure.gravatar.com\/avatar\/9a0784f951306c37bcd065f52844ef95?s=96&d=mm&r=g\",\"caption\":\"7culture2020\"},\"sameAs\":[\"http:\/\/7culture.ci\",\"Claude.kipre\"],\"url\":\"https:\/\/7culture.ci\/index.php\/author\/7culture2020\/\"}]}<\/script>\n<!-- \/ Yoast SEO plugin. -->","yoast_head_json":{"title":"D\u00e9fil\u00e9 du 14 juillet\u00a0: Naomi Campbell aux c\u00f4t\u00e9s de Brigitte Macron -","robots":{"index":"index","follow":"follow","max-snippet":"max-snippet:-1","max-image-preview":"max-image-preview:large","max-video-preview":"max-video-preview:-1"},"canonical":"https:\/\/7culture.ci\/index.php\/2022\/07\/15\/defile-du-14-juillet-naomi-campbell-aux-cotes-de-brigitte-macron\/","og_locale":"fr_FR","og_type":"article","og_title":"D\u00e9fil\u00e9 du 14 juillet\u00a0: Naomi Campbell aux c\u00f4t\u00e9s de Brigitte Macron -","og_description":"\u00ab&nbsp;Dans les temps incertains que nous vivons, il me semblait important d\u2019assister \u00e0 la c\u00e9r\u00e9monie officielle du 14 juillet en France afin d\u2019honorer les femmes et les hommes qui risquent leur vie en luttant pour la libert\u00e9 et la paix. Je voulais aussi c\u00e9l\u00e9brer le pays qui a \u00e9tabli la D\u00e9claration des droits de l\u2019Homme. &hellip; D\u00e9fil\u00e9 du 14 juillet\u00a0: Naomi Campbell aux c\u00f4t\u00e9s de Brigitte Macron Lire la suite\u00a0\u00bb","og_url":"https:\/\/7culture.ci\/index.php\/2022\/07\/15\/defile-du-14-juillet-naomi-campbell-aux-cotes-de-brigitte-macron\/","og_site_name":"7culture","article_publisher":"https:\/\/www.facebook.com\/redchefclaude","article_published_time":"2022-07-15T12:08:49+00:00","article_modified_time":"2022-07-16T09:20:17+00:00","og_image":[{"width":700,"height":450,"url":"http:\/\/7culture.ci\/wp-content\/uploads\/2022\/07\/Naomi-Campbell-avec-Brigitte-Macron1-2.jpg","type":"image\/jpeg"}],"author":"7culture2020","twitter_card":"summary_large_image","twitter_creator":"@7culturec","twitter_site":"@7culturec","twitter_misc":{"\u00c9crit par":"7culture2020","Dur\u00e9e de lecture estim\u00e9e":"2 minutes"},"schema":{"@context":"https:\/\/schema.org","@graph":[{"@type":"Article","@id":"https:\/\/7culture.ci\/index.php\/2022\/07\/15\/defile-du-14-juillet-naomi-campbell-aux-cotes-de-brigitte-macron\/#article","isPartOf":{"@id":"https:\/\/7culture.ci\/index.php\/2022\/07\/15\/defile-du-14-juillet-naomi-campbell-aux-cotes-de-brigitte-macron\/"},"author":{"name":"7culture2020","@id":"https:\/\/7culture.ci\/#\/schema\/person\/16150d28d7ef66ba788c1f87f28c4426"},"headline":"D\u00e9fil\u00e9 du 14 juillet\u00a0: Naomi Campbell aux c\u00f4t\u00e9s de Brigitte Macron","datePublished":"2022-07-15T12:08:49+00:00","dateModified":"2022-07-16T09:20:17+00:00","mainEntityOfPage":{"@id":"https:\/\/7culture.ci\/index.php\/2022\/07\/15\/defile-du-14-juillet-naomi-campbell-aux-cotes-de-brigitte-macron\/"},"wordCount":253,"commentCount":0,"publisher":{"@id":"https:\/\/7culture.ci\/#organization"},"articleSection":["Actualit\u00e9"],"inLanguage":"fr-FR","potentialAction":[{"@type":"CommentAction","name":"Comment","target":["https:\/\/7culture.ci\/index.php\/2022\/07\/15\/defile-du-14-juillet-naomi-campbell-aux-cotes-de-brigitte-macron\/#respond"]}]},{"@type":"WebPage","@id":"https:\/\/7culture.ci\/index.php\/2022\/07\/15\/defile-du-14-juillet-naomi-campbell-aux-cotes-de-brigitte-macron\/","url":"https:\/\/7culture.ci\/index.php\/2022\/07\/15\/defile-du-14-juillet-naomi-campbell-aux-cotes-de-brigitte-macron\/","name":"D\u00e9fil\u00e9 du 14 juillet\u00a0: Naomi Campbell aux c\u00f4t\u00e9s de Brigitte Macron -","isPartOf":{"@id":"https:\/\/7culture.ci\/#website"},"datePublished":"2022-07-15T12:08:49+00:00","dateModified":"2022-07-16T09:20:17+00:00","breadcrumb":{"@id":"https:\/\/7culture.ci\/index.php\/2022\/07\/15\/defile-du-14-juillet-naomi-campbell-aux-cotes-de-brigitte-macron\/#breadcrumb"},"inLanguage":"fr-FR","potentialAction":[{"@type":"ReadAction","target":["https:\/\/7culture.ci\/index.php\/2022\/07\/15\/defile-du-14-juillet-naomi-campbell-aux-cotes-de-brigitte-macron\/"]}]},{"@type":"BreadcrumbList","@id":"https:\/\/7culture.ci\/index.php\/2022\/07\/15\/defile-du-14-juillet-naomi-campbell-aux-cotes-de-brigitte-macron\/#breadcrumb","itemListElement":[{"@type":"ListItem","position":1,"name":"Accueil","item":"https:\/\/7culture.ci\/"},{"@type":"ListItem","position":2,"name":"D\u00e9fil\u00e9 du 14 juillet\u00a0: Naomi Campbell aux c\u00f4t\u00e9s de Brigitte Macron"}]},{"@type":"WebSite","@id":"https:\/\/7culture.ci\/#website","url":"https:\/\/7culture.ci\/","name":"7culture","description":"Tout sur l&#039;actualit\u00e9","publisher":{"@id":"https:\/\/7culture.ci\/#organization"},"potentialAction":[{"@type":"SearchAction","target":{"@type":"EntryPoint","urlTemplate":"https:\/\/7culture.ci\/?s={search_term_string}"},"query-input":"required name=search_term_string"}],"inLanguage":"fr-FR"},{"@type":"Organization","@id":"https:\/\/7culture.ci\/#organization","name":"7culture","url":"https:\/\/7culture.ci\/","sameAs":["https:\/\/www.facebook.com\/redchefclaude","https:\/\/twitter.com\/7culturec"],"logo":{"@type":"ImageObject","inLanguage":"fr-FR","@id":"https:\/\/7culture.ci\/#\/schema\/logo\/image\/","url":"https:\/\/7culture.ci\/wp-content\/uploads\/2021\/12\/S1a-1.png","contentUrl":"https:\/\/7culture.ci\/wp-content\/uploads\/2021\/12\/S1a-1.png","width":588,"height":192,"caption":"7culture"},"image":{"@id":"https:\/\/7culture.ci\/#\/schema\/logo\/image\/"}},{"@type":"Person","@id":"https:\/\/7culture.ci\/#\/schema\/person\/16150d28d7ef66ba788c1f87f28c4426","name":"7culture2020","image":{"@type":"ImageObject","inLanguage":"fr-FR","@id":"https:\/\/7culture.ci\/#\/schema\/person\/image\/","url":"https:\/\/secure.gravatar.com\/avatar\/9a0784f951306c37bcd065f52844ef95?s=96&d=mm&r=g","contentUrl":"https:\/\/secure.gravatar.com\/avatar\/9a0784f951306c37bcd065f52844ef95?s=96&d=mm&r=g","caption":"7culture2020"},"sameAs":["http:\/\/7culture.ci","Claude.kipre"],"url":"https:\/\/7culture.ci\/index.php\/author\/7culture2020\/"}]}},"jetpack_featured_media_url":"https:\/\/7culture.ci\/wp-content\/uploads\/2022\/07\/Naomi-Campbell-avec-Brigitte-Macron1-2.jpg","jetpack_likes_enabled":true,"jetpack_sharing_enabled":true,"_links":{"self":[{"href":"https:\/\/7culture.ci\/index.php\/wp-json\/wp\/v2\/posts\/22458"}],"collection":[{"href":"https:\/\/7culture.ci\/index.php\/wp-json\/wp\/v2\/posts"}],"about":[{"href":"https:\/\/7culture.ci\/index.php\/wp-json\/wp\/v2\/types\/post"}],"author":[{"embeddable":true,"href":"https:\/\/7culture.ci\/index.php\/wp-json\/wp\/v2\/users\/1"}],"replies":[{"embeddable":true,"href":"https:\/\/7culture.ci\/index.php\/wp-json\/wp\/v2\/comments?post=22458"}],"version-history":[{"count":0,"href":"https:\/\/7culture.ci\/index.php\/wp-json\/wp\/v2\/posts\/22458\/revisions"}],"wp:featuredmedia":[{"embeddable":true,"href":"https:\/\/7culture.ci\/index.php\/wp-json\/wp\/v2\/media\/22462"}],"wp:attachment":[{"href":"https:\/\/7culture.ci\/index.php\/wp-json\/wp\/v2\/media?parent=22458"}],"wp:term":[{"taxonomy":"category","embeddable":true,"href":"https:\/\/7culture.ci\/index.php\/wp-json\/wp\/v2\/categories?post=22458"},{"taxonomy":"post_tag","embeddable":true,"href":"https:\/\/7culture.ci\/index.php\/wp-json\/wp\/v2\/tags?post=22458"}],"curies":[{"name":"wp","href":"https:\/\/api.w.org\/{rel}","templated":true}]}}