{"id":22443,"date":"2022-07-15T11:59:15","date_gmt":"2022-07-15T09:59:15","guid":{"rendered":"https:\/\/7culture.ci\/?p=22443"},"modified":"2022-07-15T14:22:20","modified_gmt":"2022-07-15T12:22:20","slug":"distinction-le-festival-international-nuits-dafrique-honore-tiken-jah-a-montreal","status":"publish","type":"post","link":"https:\/\/7culture.ci\/index.php\/2022\/07\/15\/distinction-le-festival-international-nuits-dafrique-honore-tiken-jah-a-montreal\/","title":{"rendered":"Distinction\u00a0: Le Festival International Nuits d\u2019Afrique honore Tiken Jah \u00e0 Montr\u00e9al"},"content":{"rendered":"\n<p><strong><em>Apr\u00e8s Amadou et Mariam, Salif Keita, Manu Dibango et S\u00e9kouba Bambino, Tiken Jah Fakoly est \u00e0 son tour honor\u00e9 du \u2018\u2019Prix Nuits d&#8217;Afrique pour la Francophonie\u2019\u2019. D\u00e9cern\u00e9 depuis 2016, le prix vise \u00e0 souligner le travail d\u2019artistes incarnant \u00abune vision rassembleuse de la Francophonie et de la diversit\u00e9 des expressions culturelles \u00bb.&nbsp;<\/em><\/strong><\/p>\n\n\n\n<p>Invit\u00e9 du concert d\u2019ouverture officiel de la 36<sup>e<\/sup> \u00e9dition du Festival International Nuits d&#8217;Afrique, le mercredi 13 juillet au MTelus \u00e0 Montr\u00e9al, Tiken Jah Fakoly a fait vivre aux festivaliers un moment d\u2019anthologie. Devant une foule en liesse qui scandait son nom d\u00e8s le d\u00e9but de la soir\u00e9e, et chantait\u00a0 \u00e0 l&#8217;unisson, l\u2019artiste a \u00e9gren\u00e9 dans une bonne ambiance, ses nombreuses chansons qui ont fait son succ\u00e8s au cours de ces 25 derni\u00e8res ann\u00e9es.<\/p>\n\n\n\n<p>Une prestation m\u00e9morable qui a pr\u00e9c\u00e9d\u00e9 l\u2019hommage officiel de toute une ville. Celle de Montr\u00e9al.\u00a0 C\u2019\u00e9tait le jeudi 14 juillet \u00e0 l&#8217;H\u00f4tel de ville de Montr\u00e9al. Au cours de cette\u00a0 c\u00e9r\u00e9monie, le Festival International Nuits d\u2019Afrique a rendu hommage \u00e0 l&#8217;ambassadeur du reggae africain Tiken Jah Fakoly, en lui d\u00e9cernant le \u2018<em>\u2019Prix Nuits d\u2019Afrique pour la Francophonie 2022<\/em>\u2019\u2019<strong>.<\/strong><\/p>\n\n\n\n<div class=\"wp-block-image\"><figure class=\"aligncenter size-large is-resized\"><img loading=\"lazy\" decoding=\"async\" src=\"https:\/\/7culture.ci\/wp-content\/uploads\/2022\/07\/WhatsApp-Image-2022-07-15-at-02.05.20-2-1024x654.jpeg\" alt=\"\" class=\"wp-image-22446\" width=\"714\" height=\"456\" srcset=\"https:\/\/7culture.ci\/wp-content\/uploads\/2022\/07\/WhatsApp-Image-2022-07-15-at-02.05.20-2-1024x654.jpeg 1024w, https:\/\/7culture.ci\/wp-content\/uploads\/2022\/07\/WhatsApp-Image-2022-07-15-at-02.05.20-2-300x192.jpeg 300w, https:\/\/7culture.ci\/wp-content\/uploads\/2022\/07\/WhatsApp-Image-2022-07-15-at-02.05.20-2-768x491.jpeg 768w, https:\/\/7culture.ci\/wp-content\/uploads\/2022\/07\/WhatsApp-Image-2022-07-15-at-02.05.20-2-1536x981.jpeg 1536w, https:\/\/7culture.ci\/wp-content\/uploads\/2022\/07\/WhatsApp-Image-2022-07-15-at-02.05.20-2.jpeg 2048w\" sizes=\"(max-width: 714px) 100vw, 714px\" \/><\/figure><\/div>\n\n\n\n<p>Apr\u00e8s 25 ans de carri\u00e8re, ce prix vient c\u00e9l\u00e9brer l\u2019immense talent et le rayonnement sans pr\u00e9c\u00e9dent de Tiken Jah Fakoly, porte-\u00e9tendard d\u2019une jeunesse africaine qui a soif de libert\u00e9 et de changement.<\/p>\n\n\n\n<p><strong>\u00ab <em>C\u2019est un honneur pour Montr\u00e9al, m\u00e9tropole francophone d\u2019Am\u00e9rique du Nord, de recevoir ce grand amoureux de notre ville, v\u00e9ritable ic\u00f4ne de la musique africaine, et de lui remettre ce prix fort m\u00e9rit\u00e9. Je remercie Nuits d\u2019Afrique de nous donner l\u2019occasion de nous rassembler autour de valeurs communes et de c\u00e9l\u00e9brer l\u2019ouverture et l\u2019inclusion autour de la musique<\/em> \u00bb,<\/strong> a conclu la pr\u00e9sidente du comit\u00e9 ex\u00e9cutif de la Ville de Montr\u00e9al et responsable de la langue fran\u00e7aise, Dominique Ollivier.<\/p>\n\n\n\n<figure class=\"wp-block-image size-large is-resized\"><img loading=\"lazy\" decoding=\"async\" src=\"https:\/\/7culture.ci\/wp-content\/uploads\/2022\/07\/WhatsApp-Image-2022-07-15-at-02.05.20-1-1024x666.jpeg\" alt=\"\" class=\"wp-image-22447\" width=\"692\" height=\"450\" srcset=\"https:\/\/7culture.ci\/wp-content\/uploads\/2022\/07\/WhatsApp-Image-2022-07-15-at-02.05.20-1-1024x666.jpeg 1024w, https:\/\/7culture.ci\/wp-content\/uploads\/2022\/07\/WhatsApp-Image-2022-07-15-at-02.05.20-1-300x195.jpeg 300w, https:\/\/7culture.ci\/wp-content\/uploads\/2022\/07\/WhatsApp-Image-2022-07-15-at-02.05.20-1-768x499.jpeg 768w, https:\/\/7culture.ci\/wp-content\/uploads\/2022\/07\/WhatsApp-Image-2022-07-15-at-02.05.20-1-1536x998.jpeg 1536w, https:\/\/7culture.ci\/wp-content\/uploads\/2022\/07\/WhatsApp-Image-2022-07-15-at-02.05.20-1.jpeg 2048w\" sizes=\"(max-width: 692px) 100vw, 692px\" \/><\/figure>\n\n\n\n<p>Lors de cette c\u00e9r\u00e9monie, l&#8217;\u00e9crivain Dany Laferri\u00e8re est venu dire quelques mots pour souligner l&#8217;engagement sans rel\u00e2che de l&#8217;artiste qu&#8217;il a qualifi\u00e9 au passage de po\u00e8te. Il a \u00e9galement adress\u00e9 des remerciements \u00e0 M. Lamine Tour\u00e9, pr\u00e9sident-fondateur du Festival International Nuits d&#8217;Afrique, qui travaille dans l&#8217;ombre depuis tant d&#8217;ann\u00e9es, \u00e0 faire briller les artistes d&#8217;ici et d&#8217;ailleurs.<\/p>\n\n\n\n<p>L\u2019occasion pour l\u2019artiste de t\u00e9moigner sa reconnaissance \u00e0 un festival qui lui a toujours fait confiance. \u00ab&nbsp;<strong><em>Je suis tr\u00e8s honor\u00e9 de recevoir le Prix Nuits d&#8217;Afrique pour la Francophonie. Chaque fois que je re\u00e7ois un prix, je me sens soutenu dans le combat difficile que je m\u00e8ne depuis 25 ans. Merci au Festival International Nuits d&#8217;Afrique, ambassadeur de l&#8217;Afrique au Canada&nbsp;\u00bb, <\/em><\/strong>dit-il.<\/p>\n\n\n\n<div class=\"wp-block-image\"><figure class=\"aligncenter size-large is-resized\"><img loading=\"lazy\" decoding=\"async\" src=\"https:\/\/7culture.ci\/wp-content\/uploads\/2022\/07\/WhatsApp-Image-2022-07-15-at-02.05.20-1024x632.jpeg\" alt=\"\" class=\"wp-image-22448\" width=\"689\" height=\"425\" srcset=\"https:\/\/7culture.ci\/wp-content\/uploads\/2022\/07\/WhatsApp-Image-2022-07-15-at-02.05.20-1024x632.jpeg 1024w, https:\/\/7culture.ci\/wp-content\/uploads\/2022\/07\/WhatsApp-Image-2022-07-15-at-02.05.20-300x185.jpeg 300w, https:\/\/7culture.ci\/wp-content\/uploads\/2022\/07\/WhatsApp-Image-2022-07-15-at-02.05.20-768x474.jpeg 768w, https:\/\/7culture.ci\/wp-content\/uploads\/2022\/07\/WhatsApp-Image-2022-07-15-at-02.05.20-1536x949.jpeg 1536w, https:\/\/7culture.ci\/wp-content\/uploads\/2022\/07\/WhatsApp-Image-2022-07-15-at-02.05.20.jpeg 1799w\" sizes=\"(max-width: 689px) 100vw, 689px\" \/><\/figure><\/div>\n\n\n\n<p>\u00c0 cette c\u00e9r\u00e9monie de reconnaissance du talent de Tiken jah Fakoly, la chanteuse griotte malienne Djely Tapa, accompagn\u00e9e \u00e0 la kora par Diely Mori Tounkara, a rendu un vibrant hommage au reggaeman dans la pure tradition mandingue. Elle a chant\u00e9 les louanges de toute la descendance des Fakoly dans l&#8217;empire mandingue. \u00c9mouvant!!!<\/p>\n\n\n\n<p><strong>Une correspondance particuli\u00e8re de Dramane K. D. \u00e0 Montr\u00e9al<\/strong><\/p>\n\n\n\n<p><a href=\"mailto:dkdenkess@gmail.com\"><strong>dkdenkess@gmail.com<\/strong><\/a><\/p>\n","protected":false},"excerpt":{"rendered":"<p>Apr\u00e8s Amadou et Mariam, Salif Keita, Manu Dibango et S\u00e9kouba Bambino, Tiken Jah Fakoly est \u00e0 son tour honor\u00e9 du \u2018\u2019Prix Nuits d&#8217;Afrique pour la Francophonie\u2019\u2019. D\u00e9cern\u00e9 depuis 2016, le prix vise \u00e0 souligner le travail d\u2019artistes incarnant \u00abune vision rassembleuse de la Francophonie et de la diversit\u00e9 des expressions culturelles \u00bb.&nbsp; Invit\u00e9 du concert &hellip;<\/p>\n<p class=\"read-more\"> <a class=\"\" href=\"https:\/\/7culture.ci\/index.php\/2022\/07\/15\/distinction-le-festival-international-nuits-dafrique-honore-tiken-jah-a-montreal\/\"> <span class=\"screen-reader-text\">Distinction\u00a0: Le Festival International Nuits d\u2019Afrique honore Tiken Jah \u00e0 Montr\u00e9al<\/span> Lire la suite\u00a0\u00bb<\/a><\/p>\n","protected":false},"author":1,"featured_media":22445,"comment_status":"open","ping_status":"open","sticky":false,"template":"","format":"standard","meta":{"_mi_skip_tracking":false,"_monsterinsights_sitenote_active":false,"_monsterinsights_sitenote_note":"","_monsterinsights_sitenote_category":0,"site-sidebar-layout":"default","site-content-layout":"default","ast-global-header-display":"","ast-main-header-display":"","ast-hfb-above-header-display":"","ast-hfb-below-header-display":"","ast-hfb-mobile-header-display":"","site-post-title":"","ast-breadcrumbs-content":"","ast-featured-img":"","footer-sml-layout":"","theme-transparent-header-meta":"","adv-header-id-meta":"","stick-header-meta":"","header-above-stick-meta":"","header-main-stick-meta":"","header-below-stick-meta":"","footnotes":"","jetpack_publicize_message":"","jetpack_is_tweetstorm":false,"jetpack_publicize_feature_enabled":true},"categories":[22],"tags":[],"jetpack_publicize_connections":[],"acf":[],"aioseo_notices":[],"yoast_head":"<!-- This site is optimized with the Yoast SEO plugin v19.6.1 - https:\/\/yoast.com\/wordpress\/plugins\/seo\/ -->\n<title>Distinction\u00a0: Le Festival International Nuits d\u2019Afrique honore Tiken Jah \u00e0 Montr\u00e9al - 7culture<\/title>\n<meta name=\"robots\" content=\"index, follow, max-snippet:-1, max-image-preview:large, max-video-preview:-1\" \/>\n<link rel=\"canonical\" href=\"https:\/\/7culture.ci\/index.php\/2022\/07\/15\/distinction-le-festival-international-nuits-dafrique-honore-tiken-jah-a-montreal\/\" \/>\n<meta property=\"og:locale\" content=\"fr_FR\" \/>\n<meta property=\"og:type\" content=\"article\" \/>\n<meta property=\"og:title\" content=\"Distinction\u00a0: Le Festival International Nuits d\u2019Afrique honore Tiken Jah \u00e0 Montr\u00e9al - 7culture\" \/>\n<meta property=\"og:description\" content=\"Apr\u00e8s Amadou et Mariam, Salif Keita, Manu Dibango et S\u00e9kouba Bambino, Tiken Jah Fakoly est \u00e0 son tour honor\u00e9 du \u2018\u2019Prix Nuits d&#8217;Afrique pour la Francophonie\u2019\u2019. D\u00e9cern\u00e9 depuis 2016, le prix vise \u00e0 souligner le travail d\u2019artistes incarnant \u00abune vision rassembleuse de la Francophonie et de la diversit\u00e9 des expressions culturelles \u00bb.&nbsp; Invit\u00e9 du concert &hellip; Distinction\u00a0: Le Festival International Nuits d\u2019Afrique honore Tiken Jah \u00e0 Montr\u00e9al Lire la suite\u00a0\u00bb\" \/>\n<meta property=\"og:url\" content=\"https:\/\/7culture.ci\/index.php\/2022\/07\/15\/distinction-le-festival-international-nuits-dafrique-honore-tiken-jah-a-montreal\/\" \/>\n<meta property=\"og:site_name\" content=\"7culture\" \/>\n<meta property=\"article:publisher\" content=\"https:\/\/www.facebook.com\/redchefclaude\" \/>\n<meta property=\"article:published_time\" content=\"2022-07-15T09:59:15+00:00\" \/>\n<meta property=\"article:modified_time\" content=\"2022-07-15T12:22:20+00:00\" \/>\n<meta property=\"og:image\" content=\"http:\/\/7culture.ci\/wp-content\/uploads\/2022\/07\/tiken-1-1.jpeg\" \/>\n\t<meta property=\"og:image:width\" content=\"750\" \/>\n\t<meta property=\"og:image:height\" content=\"500\" \/>\n\t<meta property=\"og:image:type\" content=\"image\/jpeg\" \/>\n<meta name=\"author\" content=\"7culture2020\" \/>\n<meta name=\"twitter:card\" content=\"summary_large_image\" \/>\n<meta name=\"twitter:creator\" content=\"@7culturec\" \/>\n<meta name=\"twitter:site\" content=\"@7culturec\" \/>\n<meta name=\"twitter:label1\" content=\"\u00c9crit par\" \/>\n\t<meta name=\"twitter:data1\" content=\"7culture2020\" \/>\n\t<meta name=\"twitter:label2\" content=\"Dur\u00e9e de lecture estim\u00e9e\" \/>\n\t<meta name=\"twitter:data2\" content=\"4 minutes\" \/>\n<script type=\"application\/ld+json\" class=\"yoast-schema-graph\">{\"@context\":\"https:\/\/schema.org\",\"@graph\":[{\"@type\":\"Article\",\"@id\":\"https:\/\/7culture.ci\/index.php\/2022\/07\/15\/distinction-le-festival-international-nuits-dafrique-honore-tiken-jah-a-montreal\/#article\",\"isPartOf\":{\"@id\":\"https:\/\/7culture.ci\/index.php\/2022\/07\/15\/distinction-le-festival-international-nuits-dafrique-honore-tiken-jah-a-montreal\/\"},\"author\":{\"name\":\"7culture2020\",\"@id\":\"https:\/\/7culture.ci\/#\/schema\/person\/16150d28d7ef66ba788c1f87f28c4426\"},\"headline\":\"Distinction\u00a0: Le Festival International Nuits d\u2019Afrique honore Tiken Jah \u00e0 Montr\u00e9al\",\"datePublished\":\"2022-07-15T09:59:15+00:00\",\"dateModified\":\"2022-07-15T12:22:20+00:00\",\"mainEntityOfPage\":{\"@id\":\"https:\/\/7culture.ci\/index.php\/2022\/07\/15\/distinction-le-festival-international-nuits-dafrique-honore-tiken-jah-a-montreal\/\"},\"wordCount\":544,\"commentCount\":0,\"publisher\":{\"@id\":\"https:\/\/7culture.ci\/#organization\"},\"articleSection\":[\"Actualit\u00e9\"],\"inLanguage\":\"fr-FR\",\"potentialAction\":[{\"@type\":\"CommentAction\",\"name\":\"Comment\",\"target\":[\"https:\/\/7culture.ci\/index.php\/2022\/07\/15\/distinction-le-festival-international-nuits-dafrique-honore-tiken-jah-a-montreal\/#respond\"]}]},{\"@type\":\"WebPage\",\"@id\":\"https:\/\/7culture.ci\/index.php\/2022\/07\/15\/distinction-le-festival-international-nuits-dafrique-honore-tiken-jah-a-montreal\/\",\"url\":\"https:\/\/7culture.ci\/index.php\/2022\/07\/15\/distinction-le-festival-international-nuits-dafrique-honore-tiken-jah-a-montreal\/\",\"name\":\"Distinction\u00a0: Le Festival International Nuits d\u2019Afrique honore Tiken Jah \u00e0 Montr\u00e9al - 7culture\",\"isPartOf\":{\"@id\":\"https:\/\/7culture.ci\/#website\"},\"datePublished\":\"2022-07-15T09:59:15+00:00\",\"dateModified\":\"2022-07-15T12:22:20+00:00\",\"breadcrumb\":{\"@id\":\"https:\/\/7culture.ci\/index.php\/2022\/07\/15\/distinction-le-festival-international-nuits-dafrique-honore-tiken-jah-a-montreal\/#breadcrumb\"},\"inLanguage\":\"fr-FR\",\"potentialAction\":[{\"@type\":\"ReadAction\",\"target\":[\"https:\/\/7culture.ci\/index.php\/2022\/07\/15\/distinction-le-festival-international-nuits-dafrique-honore-tiken-jah-a-montreal\/\"]}]},{\"@type\":\"BreadcrumbList\",\"@id\":\"https:\/\/7culture.ci\/index.php\/2022\/07\/15\/distinction-le-festival-international-nuits-dafrique-honore-tiken-jah-a-montreal\/#breadcrumb\",\"itemListElement\":[{\"@type\":\"ListItem\",\"position\":1,\"name\":\"Accueil\",\"item\":\"https:\/\/7culture.ci\/\"},{\"@type\":\"ListItem\",\"position\":2,\"name\":\"Distinction\u00a0: Le Festival International Nuits d\u2019Afrique honore Tiken Jah \u00e0 Montr\u00e9al\"}]},{\"@type\":\"WebSite\",\"@id\":\"https:\/\/7culture.ci\/#website\",\"url\":\"https:\/\/7culture.ci\/\",\"name\":\"7culture\",\"description\":\"Tout sur l&#039;actualit\u00e9\",\"publisher\":{\"@id\":\"https:\/\/7culture.ci\/#organization\"},\"potentialAction\":[{\"@type\":\"SearchAction\",\"target\":{\"@type\":\"EntryPoint\",\"urlTemplate\":\"https:\/\/7culture.ci\/?s={search_term_string}\"},\"query-input\":\"required name=search_term_string\"}],\"inLanguage\":\"fr-FR\"},{\"@type\":\"Organization\",\"@id\":\"https:\/\/7culture.ci\/#organization\",\"name\":\"7culture\",\"url\":\"https:\/\/7culture.ci\/\",\"sameAs\":[\"https:\/\/www.facebook.com\/redchefclaude\",\"https:\/\/twitter.com\/7culturec\"],\"logo\":{\"@type\":\"ImageObject\",\"inLanguage\":\"fr-FR\",\"@id\":\"https:\/\/7culture.ci\/#\/schema\/logo\/image\/\",\"url\":\"https:\/\/7culture.ci\/wp-content\/uploads\/2021\/12\/S1a-1.png\",\"contentUrl\":\"https:\/\/7culture.ci\/wp-content\/uploads\/2021\/12\/S1a-1.png\",\"width\":588,\"height\":192,\"caption\":\"7culture\"},\"image\":{\"@id\":\"https:\/\/7culture.ci\/#\/schema\/logo\/image\/\"}},{\"@type\":\"Person\",\"@id\":\"https:\/\/7culture.ci\/#\/schema\/person\/16150d28d7ef66ba788c1f87f28c4426\",\"name\":\"7culture2020\",\"image\":{\"@type\":\"ImageObject\",\"inLanguage\":\"fr-FR\",\"@id\":\"https:\/\/7culture.ci\/#\/schema\/person\/image\/\",\"url\":\"https:\/\/secure.gravatar.com\/avatar\/9a0784f951306c37bcd065f52844ef95?s=96&d=mm&r=g\",\"contentUrl\":\"https:\/\/secure.gravatar.com\/avatar\/9a0784f951306c37bcd065f52844ef95?s=96&d=mm&r=g\",\"caption\":\"7culture2020\"},\"sameAs\":[\"http:\/\/7culture.ci\",\"Claude.kipre\"],\"url\":\"https:\/\/7culture.ci\/index.php\/author\/7culture2020\/\"}]}<\/script>\n<!-- \/ Yoast SEO plugin. -->","yoast_head_json":{"title":"Distinction\u00a0: Le Festival International Nuits d\u2019Afrique honore Tiken Jah \u00e0 Montr\u00e9al - 7culture","robots":{"index":"index","follow":"follow","max-snippet":"max-snippet:-1","max-image-preview":"max-image-preview:large","max-video-preview":"max-video-preview:-1"},"canonical":"https:\/\/7culture.ci\/index.php\/2022\/07\/15\/distinction-le-festival-international-nuits-dafrique-honore-tiken-jah-a-montreal\/","og_locale":"fr_FR","og_type":"article","og_title":"Distinction\u00a0: Le Festival International Nuits d\u2019Afrique honore Tiken Jah \u00e0 Montr\u00e9al - 7culture","og_description":"Apr\u00e8s Amadou et Mariam, Salif Keita, Manu Dibango et S\u00e9kouba Bambino, Tiken Jah Fakoly est \u00e0 son tour honor\u00e9 du \u2018\u2019Prix Nuits d&#8217;Afrique pour la Francophonie\u2019\u2019. D\u00e9cern\u00e9 depuis 2016, le prix vise \u00e0 souligner le travail d\u2019artistes incarnant \u00abune vision rassembleuse de la Francophonie et de la diversit\u00e9 des expressions culturelles \u00bb.&nbsp; Invit\u00e9 du concert &hellip; Distinction\u00a0: Le Festival International Nuits d\u2019Afrique honore Tiken Jah \u00e0 Montr\u00e9al Lire la suite\u00a0\u00bb","og_url":"https:\/\/7culture.ci\/index.php\/2022\/07\/15\/distinction-le-festival-international-nuits-dafrique-honore-tiken-jah-a-montreal\/","og_site_name":"7culture","article_publisher":"https:\/\/www.facebook.com\/redchefclaude","article_published_time":"2022-07-15T09:59:15+00:00","article_modified_time":"2022-07-15T12:22:20+00:00","og_image":[{"width":750,"height":500,"url":"http:\/\/7culture.ci\/wp-content\/uploads\/2022\/07\/tiken-1-1.jpeg","type":"image\/jpeg"}],"author":"7culture2020","twitter_card":"summary_large_image","twitter_creator":"@7culturec","twitter_site":"@7culturec","twitter_misc":{"\u00c9crit par":"7culture2020","Dur\u00e9e de lecture estim\u00e9e":"4 minutes"},"schema":{"@context":"https:\/\/schema.org","@graph":[{"@type":"Article","@id":"https:\/\/7culture.ci\/index.php\/2022\/07\/15\/distinction-le-festival-international-nuits-dafrique-honore-tiken-jah-a-montreal\/#article","isPartOf":{"@id":"https:\/\/7culture.ci\/index.php\/2022\/07\/15\/distinction-le-festival-international-nuits-dafrique-honore-tiken-jah-a-montreal\/"},"author":{"name":"7culture2020","@id":"https:\/\/7culture.ci\/#\/schema\/person\/16150d28d7ef66ba788c1f87f28c4426"},"headline":"Distinction\u00a0: Le Festival International Nuits d\u2019Afrique honore Tiken Jah \u00e0 Montr\u00e9al","datePublished":"2022-07-15T09:59:15+00:00","dateModified":"2022-07-15T12:22:20+00:00","mainEntityOfPage":{"@id":"https:\/\/7culture.ci\/index.php\/2022\/07\/15\/distinction-le-festival-international-nuits-dafrique-honore-tiken-jah-a-montreal\/"},"wordCount":544,"commentCount":0,"publisher":{"@id":"https:\/\/7culture.ci\/#organization"},"articleSection":["Actualit\u00e9"],"inLanguage":"fr-FR","potentialAction":[{"@type":"CommentAction","name":"Comment","target":["https:\/\/7culture.ci\/index.php\/2022\/07\/15\/distinction-le-festival-international-nuits-dafrique-honore-tiken-jah-a-montreal\/#respond"]}]},{"@type":"WebPage","@id":"https:\/\/7culture.ci\/index.php\/2022\/07\/15\/distinction-le-festival-international-nuits-dafrique-honore-tiken-jah-a-montreal\/","url":"https:\/\/7culture.ci\/index.php\/2022\/07\/15\/distinction-le-festival-international-nuits-dafrique-honore-tiken-jah-a-montreal\/","name":"Distinction\u00a0: Le Festival International Nuits d\u2019Afrique honore Tiken Jah \u00e0 Montr\u00e9al - 7culture","isPartOf":{"@id":"https:\/\/7culture.ci\/#website"},"datePublished":"2022-07-15T09:59:15+00:00","dateModified":"2022-07-15T12:22:20+00:00","breadcrumb":{"@id":"https:\/\/7culture.ci\/index.php\/2022\/07\/15\/distinction-le-festival-international-nuits-dafrique-honore-tiken-jah-a-montreal\/#breadcrumb"},"inLanguage":"fr-FR","potentialAction":[{"@type":"ReadAction","target":["https:\/\/7culture.ci\/index.php\/2022\/07\/15\/distinction-le-festival-international-nuits-dafrique-honore-tiken-jah-a-montreal\/"]}]},{"@type":"BreadcrumbList","@id":"https:\/\/7culture.ci\/index.php\/2022\/07\/15\/distinction-le-festival-international-nuits-dafrique-honore-tiken-jah-a-montreal\/#breadcrumb","itemListElement":[{"@type":"ListItem","position":1,"name":"Accueil","item":"https:\/\/7culture.ci\/"},{"@type":"ListItem","position":2,"name":"Distinction\u00a0: Le Festival International Nuits d\u2019Afrique honore Tiken Jah \u00e0 Montr\u00e9al"}]},{"@type":"WebSite","@id":"https:\/\/7culture.ci\/#website","url":"https:\/\/7culture.ci\/","name":"7culture","description":"Tout sur l&#039;actualit\u00e9","publisher":{"@id":"https:\/\/7culture.ci\/#organization"},"potentialAction":[{"@type":"SearchAction","target":{"@type":"EntryPoint","urlTemplate":"https:\/\/7culture.ci\/?s={search_term_string}"},"query-input":"required name=search_term_string"}],"inLanguage":"fr-FR"},{"@type":"Organization","@id":"https:\/\/7culture.ci\/#organization","name":"7culture","url":"https:\/\/7culture.ci\/","sameAs":["https:\/\/www.facebook.com\/redchefclaude","https:\/\/twitter.com\/7culturec"],"logo":{"@type":"ImageObject","inLanguage":"fr-FR","@id":"https:\/\/7culture.ci\/#\/schema\/logo\/image\/","url":"https:\/\/7culture.ci\/wp-content\/uploads\/2021\/12\/S1a-1.png","contentUrl":"https:\/\/7culture.ci\/wp-content\/uploads\/2021\/12\/S1a-1.png","width":588,"height":192,"caption":"7culture"},"image":{"@id":"https:\/\/7culture.ci\/#\/schema\/logo\/image\/"}},{"@type":"Person","@id":"https:\/\/7culture.ci\/#\/schema\/person\/16150d28d7ef66ba788c1f87f28c4426","name":"7culture2020","image":{"@type":"ImageObject","inLanguage":"fr-FR","@id":"https:\/\/7culture.ci\/#\/schema\/person\/image\/","url":"https:\/\/secure.gravatar.com\/avatar\/9a0784f951306c37bcd065f52844ef95?s=96&d=mm&r=g","contentUrl":"https:\/\/secure.gravatar.com\/avatar\/9a0784f951306c37bcd065f52844ef95?s=96&d=mm&r=g","caption":"7culture2020"},"sameAs":["http:\/\/7culture.ci","Claude.kipre"],"url":"https:\/\/7culture.ci\/index.php\/author\/7culture2020\/"}]}},"jetpack_featured_media_url":"https:\/\/7culture.ci\/wp-content\/uploads\/2022\/07\/tiken-1-1.jpeg","jetpack_likes_enabled":true,"jetpack_sharing_enabled":true,"_links":{"self":[{"href":"https:\/\/7culture.ci\/index.php\/wp-json\/wp\/v2\/posts\/22443"}],"collection":[{"href":"https:\/\/7culture.ci\/index.php\/wp-json\/wp\/v2\/posts"}],"about":[{"href":"https:\/\/7culture.ci\/index.php\/wp-json\/wp\/v2\/types\/post"}],"author":[{"embeddable":true,"href":"https:\/\/7culture.ci\/index.php\/wp-json\/wp\/v2\/users\/1"}],"replies":[{"embeddable":true,"href":"https:\/\/7culture.ci\/index.php\/wp-json\/wp\/v2\/comments?post=22443"}],"version-history":[{"count":0,"href":"https:\/\/7culture.ci\/index.php\/wp-json\/wp\/v2\/posts\/22443\/revisions"}],"wp:featuredmedia":[{"embeddable":true,"href":"https:\/\/7culture.ci\/index.php\/wp-json\/wp\/v2\/media\/22445"}],"wp:attachment":[{"href":"https:\/\/7culture.ci\/index.php\/wp-json\/wp\/v2\/media?parent=22443"}],"wp:term":[{"taxonomy":"category","embeddable":true,"href":"https:\/\/7culture.ci\/index.php\/wp-json\/wp\/v2\/categories?post=22443"},{"taxonomy":"post_tag","embeddable":true,"href":"https:\/\/7culture.ci\/index.php\/wp-json\/wp\/v2\/tags?post=22443"}],"curies":[{"name":"wp","href":"https:\/\/api.w.org\/{rel}","templated":true}]}}