{"id":22436,"date":"2022-07-14T16:08:29","date_gmt":"2022-07-14T14:08:29","guid":{"rendered":"https:\/\/7culture.ci\/?p=22436"},"modified":"2022-07-22T14:48:39","modified_gmt":"2022-07-22T12:48:39","slug":"nigeria-le-mari-de-feue-osinachi-nwachukwu-sest-evade-de-prison","status":"publish","type":"post","link":"https:\/\/7culture.ci\/index.php\/2022\/07\/14\/nigeria-le-mari-de-feue-osinachi-nwachukwu-sest-evade-de-prison\/","title":{"rendered":"Nigeria\u00a0: Le mari de feue Osinachi Nwachukwu s\u2019est \u00e9vad\u00e9 de prison"},"content":{"rendered":"\n<p>Alors qu\u2019il \u00e9tait condamn\u00e9 \u00e0 mort par pendaison pour le meurtre de sa d\u00e9funte \u00e9pouse, Peter Nwachukwu s\u2019est \u00e9vad\u00e9 de prison o\u00f9 il \u00e9tait en d\u00e9tention, en attendant son ex\u00e9cution.<\/p>\n\n\n\n<p>Le mari de la chanteuse nig\u00e9riane de gospel Osinachi, aurait \u00e9t\u00e9 identifi\u00e9 comme l\u2019un des d\u00e9tenus ayant fui de la prison de Kuje apr\u00e8s l\u2019attaque terroriste qui a eu lieu le mardi 5 juillet 2022. Il figure avec certains terroristes parmi les 600 d\u00e9tenus qui se sont \u00e9chapp\u00e9s de l\u2019\u00e9tablissement p\u00e9nitentiaire pendant l\u2019attaque.<\/p>\n\n\n\n<p>En juin dernier, Peter Nwachukwu a \u00e9t\u00e9 condamn\u00e9 \u00e0 mort par la Haute Cour du Territoire de la capitale f\u00e9d\u00e9rale de Wuse. Il a, ainsi, \u00e9t\u00e9 plac\u00e9 en d\u00e9tention \u00e0 la prison de Kuje, en attente de l\u2019ex\u00e9cution de sa sentence.<\/p>\n\n\n\n<div class=\"wp-block-image\"><figure class=\"aligncenter size-full\"><img loading=\"lazy\" decoding=\"async\" width=\"715\" height=\"374\" src=\"https:\/\/7culture.ci\/wp-content\/uploads\/2022\/07\/WhatsApp-Image-2022-07-14-at-12.44.07-1.jpeg\" alt=\"\" class=\"wp-image-22438\" srcset=\"https:\/\/7culture.ci\/wp-content\/uploads\/2022\/07\/WhatsApp-Image-2022-07-14-at-12.44.07-1.jpeg 715w, https:\/\/7culture.ci\/wp-content\/uploads\/2022\/07\/WhatsApp-Image-2022-07-14-at-12.44.07-1-300x157.jpeg 300w\" sizes=\"(max-width: 715px) 100vw, 715px\" \/><\/figure><\/div>\n\n\n\n<p>Il a \u00e9t\u00e9 arr\u00eat\u00e9 puis inculp\u00e9 devant le tribunal apr\u00e8s que certains membres de la famille d\u2019Osinachi aient affirm\u00e9 que ses agressions physiques contre l\u2019artiste gospel, avaient entrain\u00e9 la mort de cette derni\u00e8re le 8 avril 2022.<\/p>\n\n\n\n<p>L\u2019homme aurait donn\u00e9 un coup de pied dans la poitrine de sa femme, causant un caillot de sang qui a fini par la tuer.<\/p>\n\n\n\n<p>&nbsp;Les obs\u00e8ques de la d\u00e9funte se sont d\u00e9roul\u00e9es le 25 juin 2022 dans l\u2019Etat d\u2019Abia.<\/p>\n\n\n\n<figure class=\"wp-block-image size-full is-resized\"><img loading=\"lazy\" decoding=\"async\" src=\"https:\/\/7culture.ci\/wp-content\/uploads\/2022\/07\/WhatsApp-Image-2022-07-14-at-12.44.07.jpeg\" alt=\"\" class=\"wp-image-22439\" width=\"611\" height=\"611\" srcset=\"https:\/\/7culture.ci\/wp-content\/uploads\/2022\/07\/WhatsApp-Image-2022-07-14-at-12.44.07.jpeg 715w, https:\/\/7culture.ci\/wp-content\/uploads\/2022\/07\/WhatsApp-Image-2022-07-14-at-12.44.07-300x300.jpeg 300w, https:\/\/7culture.ci\/wp-content\/uploads\/2022\/07\/WhatsApp-Image-2022-07-14-at-12.44.07-150x150.jpeg 150w\" sizes=\"(max-width: 611px) 100vw, 611px\" \/><\/figure>\n\n\n\n<p>Thierry Samuel<\/p>\n","protected":false},"excerpt":{"rendered":"<p>Alors qu\u2019il \u00e9tait condamn\u00e9 \u00e0 mort par pendaison pour le meurtre de sa d\u00e9funte \u00e9pouse, Peter Nwachukwu s\u2019est \u00e9vad\u00e9 de prison o\u00f9 il \u00e9tait en d\u00e9tention, en attendant son ex\u00e9cution. Le mari de la chanteuse nig\u00e9riane de gospel Osinachi, aurait \u00e9t\u00e9 identifi\u00e9 comme l\u2019un des d\u00e9tenus ayant fui de la prison de Kuje apr\u00e8s l\u2019attaque &hellip;<\/p>\n<p class=\"read-more\"> <a class=\"\" href=\"https:\/\/7culture.ci\/index.php\/2022\/07\/14\/nigeria-le-mari-de-feue-osinachi-nwachukwu-sest-evade-de-prison\/\"> <span class=\"screen-reader-text\">Nigeria\u00a0: Le mari de feue Osinachi Nwachukwu s\u2019est \u00e9vad\u00e9 de prison<\/span> Lire la suite\u00a0\u00bb<\/a><\/p>\n","protected":false},"author":1,"featured_media":22437,"comment_status":"open","ping_status":"open","sticky":false,"template":"","format":"standard","meta":{"_mi_skip_tracking":false,"_monsterinsights_sitenote_active":false,"_monsterinsights_sitenote_note":"","_monsterinsights_sitenote_category":0,"site-sidebar-layout":"default","site-content-layout":"default","ast-global-header-display":"","ast-main-header-display":"","ast-hfb-above-header-display":"","ast-hfb-below-header-display":"","ast-hfb-mobile-header-display":"","site-post-title":"","ast-breadcrumbs-content":"","ast-featured-img":"","footer-sml-layout":"","theme-transparent-header-meta":"","adv-header-id-meta":"","stick-header-meta":"","header-above-stick-meta":"","header-main-stick-meta":"","header-below-stick-meta":"","footnotes":"","jetpack_publicize_message":"","jetpack_is_tweetstorm":false,"jetpack_publicize_feature_enabled":true},"categories":[22],"tags":[],"jetpack_publicize_connections":[],"acf":[],"aioseo_notices":[],"yoast_head":"<!-- This site is optimized with the Yoast SEO plugin v19.6.1 - https:\/\/yoast.com\/wordpress\/plugins\/seo\/ -->\n<title>Nigeria\u00a0: Le mari de feue Osinachi Nwachukwu s\u2019est \u00e9vad\u00e9 de prison -<\/title>\n<meta name=\"robots\" content=\"index, follow, max-snippet:-1, max-image-preview:large, max-video-preview:-1\" \/>\n<link rel=\"canonical\" href=\"https:\/\/7culture.ci\/index.php\/2022\/07\/14\/nigeria-le-mari-de-feue-osinachi-nwachukwu-sest-evade-de-prison\/\" \/>\n<meta property=\"og:locale\" content=\"fr_FR\" \/>\n<meta property=\"og:type\" content=\"article\" \/>\n<meta property=\"og:title\" content=\"Nigeria\u00a0: Le mari de feue Osinachi Nwachukwu s\u2019est \u00e9vad\u00e9 de prison -\" \/>\n<meta property=\"og:description\" content=\"Alors qu\u2019il \u00e9tait condamn\u00e9 \u00e0 mort par pendaison pour le meurtre de sa d\u00e9funte \u00e9pouse, Peter Nwachukwu s\u2019est \u00e9vad\u00e9 de prison o\u00f9 il \u00e9tait en d\u00e9tention, en attendant son ex\u00e9cution. Le mari de la chanteuse nig\u00e9riane de gospel Osinachi, aurait \u00e9t\u00e9 identifi\u00e9 comme l\u2019un des d\u00e9tenus ayant fui de la prison de Kuje apr\u00e8s l\u2019attaque &hellip; Nigeria\u00a0: Le mari de feue Osinachi Nwachukwu s\u2019est \u00e9vad\u00e9 de prison Lire la suite\u00a0\u00bb\" \/>\n<meta property=\"og:url\" content=\"https:\/\/7culture.ci\/index.php\/2022\/07\/14\/nigeria-le-mari-de-feue-osinachi-nwachukwu-sest-evade-de-prison\/\" \/>\n<meta property=\"og:site_name\" content=\"7culture\" \/>\n<meta property=\"article:publisher\" content=\"https:\/\/www.facebook.com\/redchefclaude\" \/>\n<meta property=\"article:published_time\" content=\"2022-07-14T14:08:29+00:00\" \/>\n<meta property=\"article:modified_time\" content=\"2022-07-22T12:48:39+00:00\" \/>\n<meta property=\"og:image\" content=\"http:\/\/7culture.ci\/wp-content\/uploads\/2022\/07\/WhatsApp-Image-2022-07-14-at-12.44.07-2.jpeg\" \/>\n\t<meta property=\"og:image:width\" content=\"715\" \/>\n\t<meta property=\"og:image:height\" content=\"504\" \/>\n\t<meta property=\"og:image:type\" content=\"image\/jpeg\" \/>\n<meta name=\"author\" content=\"7culture2020\" \/>\n<meta name=\"twitter:card\" content=\"summary_large_image\" \/>\n<meta name=\"twitter:creator\" content=\"@7culturec\" \/>\n<meta name=\"twitter:site\" content=\"@7culturec\" \/>\n<meta name=\"twitter:label1\" content=\"\u00c9crit par\" \/>\n\t<meta name=\"twitter:data1\" content=\"7culture2020\" \/>\n\t<meta name=\"twitter:label2\" content=\"Dur\u00e9e de lecture estim\u00e9e\" \/>\n\t<meta name=\"twitter:data2\" content=\"2 minutes\" \/>\n<script type=\"application\/ld+json\" class=\"yoast-schema-graph\">{\"@context\":\"https:\/\/schema.org\",\"@graph\":[{\"@type\":\"Article\",\"@id\":\"https:\/\/7culture.ci\/index.php\/2022\/07\/14\/nigeria-le-mari-de-feue-osinachi-nwachukwu-sest-evade-de-prison\/#article\",\"isPartOf\":{\"@id\":\"https:\/\/7culture.ci\/index.php\/2022\/07\/14\/nigeria-le-mari-de-feue-osinachi-nwachukwu-sest-evade-de-prison\/\"},\"author\":{\"name\":\"7culture2020\",\"@id\":\"https:\/\/7culture.ci\/#\/schema\/person\/16150d28d7ef66ba788c1f87f28c4426\"},\"headline\":\"Nigeria\u00a0: Le mari de feue Osinachi Nwachukwu s\u2019est \u00e9vad\u00e9 de prison\",\"datePublished\":\"2022-07-14T14:08:29+00:00\",\"dateModified\":\"2022-07-22T12:48:39+00:00\",\"mainEntityOfPage\":{\"@id\":\"https:\/\/7culture.ci\/index.php\/2022\/07\/14\/nigeria-le-mari-de-feue-osinachi-nwachukwu-sest-evade-de-prison\/\"},\"wordCount\":237,\"commentCount\":0,\"publisher\":{\"@id\":\"https:\/\/7culture.ci\/#organization\"},\"articleSection\":[\"Actualit\u00e9\"],\"inLanguage\":\"fr-FR\",\"potentialAction\":[{\"@type\":\"CommentAction\",\"name\":\"Comment\",\"target\":[\"https:\/\/7culture.ci\/index.php\/2022\/07\/14\/nigeria-le-mari-de-feue-osinachi-nwachukwu-sest-evade-de-prison\/#respond\"]}]},{\"@type\":\"WebPage\",\"@id\":\"https:\/\/7culture.ci\/index.php\/2022\/07\/14\/nigeria-le-mari-de-feue-osinachi-nwachukwu-sest-evade-de-prison\/\",\"url\":\"https:\/\/7culture.ci\/index.php\/2022\/07\/14\/nigeria-le-mari-de-feue-osinachi-nwachukwu-sest-evade-de-prison\/\",\"name\":\"Nigeria\u00a0: Le mari de feue Osinachi Nwachukwu s\u2019est \u00e9vad\u00e9 de prison -\",\"isPartOf\":{\"@id\":\"https:\/\/7culture.ci\/#website\"},\"datePublished\":\"2022-07-14T14:08:29+00:00\",\"dateModified\":\"2022-07-22T12:48:39+00:00\",\"breadcrumb\":{\"@id\":\"https:\/\/7culture.ci\/index.php\/2022\/07\/14\/nigeria-le-mari-de-feue-osinachi-nwachukwu-sest-evade-de-prison\/#breadcrumb\"},\"inLanguage\":\"fr-FR\",\"potentialAction\":[{\"@type\":\"ReadAction\",\"target\":[\"https:\/\/7culture.ci\/index.php\/2022\/07\/14\/nigeria-le-mari-de-feue-osinachi-nwachukwu-sest-evade-de-prison\/\"]}]},{\"@type\":\"BreadcrumbList\",\"@id\":\"https:\/\/7culture.ci\/index.php\/2022\/07\/14\/nigeria-le-mari-de-feue-osinachi-nwachukwu-sest-evade-de-prison\/#breadcrumb\",\"itemListElement\":[{\"@type\":\"ListItem\",\"position\":1,\"name\":\"Accueil\",\"item\":\"https:\/\/7culture.ci\/\"},{\"@type\":\"ListItem\",\"position\":2,\"name\":\"Nigeria\u00a0: Le mari de feue Osinachi Nwachukwu s\u2019est \u00e9vad\u00e9 de prison\"}]},{\"@type\":\"WebSite\",\"@id\":\"https:\/\/7culture.ci\/#website\",\"url\":\"https:\/\/7culture.ci\/\",\"name\":\"7culture\",\"description\":\"Tout sur l&#039;actualit\u00e9\",\"publisher\":{\"@id\":\"https:\/\/7culture.ci\/#organization\"},\"potentialAction\":[{\"@type\":\"SearchAction\",\"target\":{\"@type\":\"EntryPoint\",\"urlTemplate\":\"https:\/\/7culture.ci\/?s={search_term_string}\"},\"query-input\":\"required name=search_term_string\"}],\"inLanguage\":\"fr-FR\"},{\"@type\":\"Organization\",\"@id\":\"https:\/\/7culture.ci\/#organization\",\"name\":\"7culture\",\"url\":\"https:\/\/7culture.ci\/\",\"sameAs\":[\"https:\/\/www.facebook.com\/redchefclaude\",\"https:\/\/twitter.com\/7culturec\"],\"logo\":{\"@type\":\"ImageObject\",\"inLanguage\":\"fr-FR\",\"@id\":\"https:\/\/7culture.ci\/#\/schema\/logo\/image\/\",\"url\":\"https:\/\/7culture.ci\/wp-content\/uploads\/2021\/12\/S1a-1.png\",\"contentUrl\":\"https:\/\/7culture.ci\/wp-content\/uploads\/2021\/12\/S1a-1.png\",\"width\":588,\"height\":192,\"caption\":\"7culture\"},\"image\":{\"@id\":\"https:\/\/7culture.ci\/#\/schema\/logo\/image\/\"}},{\"@type\":\"Person\",\"@id\":\"https:\/\/7culture.ci\/#\/schema\/person\/16150d28d7ef66ba788c1f87f28c4426\",\"name\":\"7culture2020\",\"image\":{\"@type\":\"ImageObject\",\"inLanguage\":\"fr-FR\",\"@id\":\"https:\/\/7culture.ci\/#\/schema\/person\/image\/\",\"url\":\"https:\/\/secure.gravatar.com\/avatar\/9a0784f951306c37bcd065f52844ef95?s=96&d=mm&r=g\",\"contentUrl\":\"https:\/\/secure.gravatar.com\/avatar\/9a0784f951306c37bcd065f52844ef95?s=96&d=mm&r=g\",\"caption\":\"7culture2020\"},\"sameAs\":[\"http:\/\/7culture.ci\",\"Claude.kipre\"],\"url\":\"https:\/\/7culture.ci\/index.php\/author\/7culture2020\/\"}]}<\/script>\n<!-- \/ Yoast SEO plugin. -->","yoast_head_json":{"title":"Nigeria\u00a0: Le mari de feue Osinachi Nwachukwu s\u2019est \u00e9vad\u00e9 de prison -","robots":{"index":"index","follow":"follow","max-snippet":"max-snippet:-1","max-image-preview":"max-image-preview:large","max-video-preview":"max-video-preview:-1"},"canonical":"https:\/\/7culture.ci\/index.php\/2022\/07\/14\/nigeria-le-mari-de-feue-osinachi-nwachukwu-sest-evade-de-prison\/","og_locale":"fr_FR","og_type":"article","og_title":"Nigeria\u00a0: Le mari de feue Osinachi Nwachukwu s\u2019est \u00e9vad\u00e9 de prison -","og_description":"Alors qu\u2019il \u00e9tait condamn\u00e9 \u00e0 mort par pendaison pour le meurtre de sa d\u00e9funte \u00e9pouse, Peter Nwachukwu s\u2019est \u00e9vad\u00e9 de prison o\u00f9 il \u00e9tait en d\u00e9tention, en attendant son ex\u00e9cution. Le mari de la chanteuse nig\u00e9riane de gospel Osinachi, aurait \u00e9t\u00e9 identifi\u00e9 comme l\u2019un des d\u00e9tenus ayant fui de la prison de Kuje apr\u00e8s l\u2019attaque &hellip; Nigeria\u00a0: Le mari de feue Osinachi Nwachukwu s\u2019est \u00e9vad\u00e9 de prison Lire la suite\u00a0\u00bb","og_url":"https:\/\/7culture.ci\/index.php\/2022\/07\/14\/nigeria-le-mari-de-feue-osinachi-nwachukwu-sest-evade-de-prison\/","og_site_name":"7culture","article_publisher":"https:\/\/www.facebook.com\/redchefclaude","article_published_time":"2022-07-14T14:08:29+00:00","article_modified_time":"2022-07-22T12:48:39+00:00","og_image":[{"width":715,"height":504,"url":"http:\/\/7culture.ci\/wp-content\/uploads\/2022\/07\/WhatsApp-Image-2022-07-14-at-12.44.07-2.jpeg","type":"image\/jpeg"}],"author":"7culture2020","twitter_card":"summary_large_image","twitter_creator":"@7culturec","twitter_site":"@7culturec","twitter_misc":{"\u00c9crit par":"7culture2020","Dur\u00e9e de lecture estim\u00e9e":"2 minutes"},"schema":{"@context":"https:\/\/schema.org","@graph":[{"@type":"Article","@id":"https:\/\/7culture.ci\/index.php\/2022\/07\/14\/nigeria-le-mari-de-feue-osinachi-nwachukwu-sest-evade-de-prison\/#article","isPartOf":{"@id":"https:\/\/7culture.ci\/index.php\/2022\/07\/14\/nigeria-le-mari-de-feue-osinachi-nwachukwu-sest-evade-de-prison\/"},"author":{"name":"7culture2020","@id":"https:\/\/7culture.ci\/#\/schema\/person\/16150d28d7ef66ba788c1f87f28c4426"},"headline":"Nigeria\u00a0: Le mari de feue Osinachi Nwachukwu s\u2019est \u00e9vad\u00e9 de prison","datePublished":"2022-07-14T14:08:29+00:00","dateModified":"2022-07-22T12:48:39+00:00","mainEntityOfPage":{"@id":"https:\/\/7culture.ci\/index.php\/2022\/07\/14\/nigeria-le-mari-de-feue-osinachi-nwachukwu-sest-evade-de-prison\/"},"wordCount":237,"commentCount":0,"publisher":{"@id":"https:\/\/7culture.ci\/#organization"},"articleSection":["Actualit\u00e9"],"inLanguage":"fr-FR","potentialAction":[{"@type":"CommentAction","name":"Comment","target":["https:\/\/7culture.ci\/index.php\/2022\/07\/14\/nigeria-le-mari-de-feue-osinachi-nwachukwu-sest-evade-de-prison\/#respond"]}]},{"@type":"WebPage","@id":"https:\/\/7culture.ci\/index.php\/2022\/07\/14\/nigeria-le-mari-de-feue-osinachi-nwachukwu-sest-evade-de-prison\/","url":"https:\/\/7culture.ci\/index.php\/2022\/07\/14\/nigeria-le-mari-de-feue-osinachi-nwachukwu-sest-evade-de-prison\/","name":"Nigeria\u00a0: Le mari de feue Osinachi Nwachukwu s\u2019est \u00e9vad\u00e9 de prison -","isPartOf":{"@id":"https:\/\/7culture.ci\/#website"},"datePublished":"2022-07-14T14:08:29+00:00","dateModified":"2022-07-22T12:48:39+00:00","breadcrumb":{"@id":"https:\/\/7culture.ci\/index.php\/2022\/07\/14\/nigeria-le-mari-de-feue-osinachi-nwachukwu-sest-evade-de-prison\/#breadcrumb"},"inLanguage":"fr-FR","potentialAction":[{"@type":"ReadAction","target":["https:\/\/7culture.ci\/index.php\/2022\/07\/14\/nigeria-le-mari-de-feue-osinachi-nwachukwu-sest-evade-de-prison\/"]}]},{"@type":"BreadcrumbList","@id":"https:\/\/7culture.ci\/index.php\/2022\/07\/14\/nigeria-le-mari-de-feue-osinachi-nwachukwu-sest-evade-de-prison\/#breadcrumb","itemListElement":[{"@type":"ListItem","position":1,"name":"Accueil","item":"https:\/\/7culture.ci\/"},{"@type":"ListItem","position":2,"name":"Nigeria\u00a0: Le mari de feue Osinachi Nwachukwu s\u2019est \u00e9vad\u00e9 de prison"}]},{"@type":"WebSite","@id":"https:\/\/7culture.ci\/#website","url":"https:\/\/7culture.ci\/","name":"7culture","description":"Tout sur l&#039;actualit\u00e9","publisher":{"@id":"https:\/\/7culture.ci\/#organization"},"potentialAction":[{"@type":"SearchAction","target":{"@type":"EntryPoint","urlTemplate":"https:\/\/7culture.ci\/?s={search_term_string}"},"query-input":"required name=search_term_string"}],"inLanguage":"fr-FR"},{"@type":"Organization","@id":"https:\/\/7culture.ci\/#organization","name":"7culture","url":"https:\/\/7culture.ci\/","sameAs":["https:\/\/www.facebook.com\/redchefclaude","https:\/\/twitter.com\/7culturec"],"logo":{"@type":"ImageObject","inLanguage":"fr-FR","@id":"https:\/\/7culture.ci\/#\/schema\/logo\/image\/","url":"https:\/\/7culture.ci\/wp-content\/uploads\/2021\/12\/S1a-1.png","contentUrl":"https:\/\/7culture.ci\/wp-content\/uploads\/2021\/12\/S1a-1.png","width":588,"height":192,"caption":"7culture"},"image":{"@id":"https:\/\/7culture.ci\/#\/schema\/logo\/image\/"}},{"@type":"Person","@id":"https:\/\/7culture.ci\/#\/schema\/person\/16150d28d7ef66ba788c1f87f28c4426","name":"7culture2020","image":{"@type":"ImageObject","inLanguage":"fr-FR","@id":"https:\/\/7culture.ci\/#\/schema\/person\/image\/","url":"https:\/\/secure.gravatar.com\/avatar\/9a0784f951306c37bcd065f52844ef95?s=96&d=mm&r=g","contentUrl":"https:\/\/secure.gravatar.com\/avatar\/9a0784f951306c37bcd065f52844ef95?s=96&d=mm&r=g","caption":"7culture2020"},"sameAs":["http:\/\/7culture.ci","Claude.kipre"],"url":"https:\/\/7culture.ci\/index.php\/author\/7culture2020\/"}]}},"jetpack_featured_media_url":"https:\/\/7culture.ci\/wp-content\/uploads\/2022\/07\/WhatsApp-Image-2022-07-14-at-12.44.07-2.jpeg","jetpack_likes_enabled":true,"jetpack_sharing_enabled":true,"_links":{"self":[{"href":"https:\/\/7culture.ci\/index.php\/wp-json\/wp\/v2\/posts\/22436"}],"collection":[{"href":"https:\/\/7culture.ci\/index.php\/wp-json\/wp\/v2\/posts"}],"about":[{"href":"https:\/\/7culture.ci\/index.php\/wp-json\/wp\/v2\/types\/post"}],"author":[{"embeddable":true,"href":"https:\/\/7culture.ci\/index.php\/wp-json\/wp\/v2\/users\/1"}],"replies":[{"embeddable":true,"href":"https:\/\/7culture.ci\/index.php\/wp-json\/wp\/v2\/comments?post=22436"}],"version-history":[{"count":0,"href":"https:\/\/7culture.ci\/index.php\/wp-json\/wp\/v2\/posts\/22436\/revisions"}],"wp:featuredmedia":[{"embeddable":true,"href":"https:\/\/7culture.ci\/index.php\/wp-json\/wp\/v2\/media\/22437"}],"wp:attachment":[{"href":"https:\/\/7culture.ci\/index.php\/wp-json\/wp\/v2\/media?parent=22436"}],"wp:term":[{"taxonomy":"category","embeddable":true,"href":"https:\/\/7culture.ci\/index.php\/wp-json\/wp\/v2\/categories?post=22436"},{"taxonomy":"post_tag","embeddable":true,"href":"https:\/\/7culture.ci\/index.php\/wp-json\/wp\/v2\/tags?post=22436"}],"curies":[{"name":"wp","href":"https:\/\/api.w.org\/{rel}","templated":true}]}}