{"id":22405,"date":"2022-07-14T14:44:24","date_gmt":"2022-07-14T12:44:24","guid":{"rendered":"https:\/\/7culture.ci\/?p=22405"},"modified":"2022-07-14T16:10:21","modified_gmt":"2022-07-14T14:10:21","slug":"festival-des-arts-cultures-dici-et-dailleurs-belle-fete-des-cultures-afro-a-chateaubriant","status":"publish","type":"post","link":"https:\/\/7culture.ci\/index.php\/2022\/07\/14\/festival-des-arts-cultures-dici-et-dailleurs-belle-fete-des-cultures-afro-a-chateaubriant\/","title":{"rendered":"Festival des Arts &#038; Cultures d&#8217;Ici et D&#8217;Ailleurs : belle f\u00eate des cultures afro \u00e0 Ch\u00e2teaubriant"},"content":{"rendered":"\n<p>Il y a eu une belle f\u00eate africaine \u00e0 la premi\u00e8re \u00e9dition du \u2018\u2019Festival des Arts &amp; Cultures d&#8217;Ici et D&#8217;Ailleurs\u2019\u2019 (FACIA) qui s\u2019est d\u00e9roul\u00e9e du 3 au 5 juin 2022 \u00e0 l\u2019espace Foyer Restaurant de Ch\u00e2teaubriant. Situ\u00e9e dans le d\u00e9partement de la Loire-Atlantique \u00e0 l&#8217;Ouest de la France, la ville a v\u00e9cu pendant trois jours aux couleurs et rythmes africains. L\u2019\u00e9v\u00e8nement a rassembl\u00e9 les artistes de tous bords et toute tendance confondue. Qu\u2019ils soient chanteurs, stylistes, paysagistes, d\u00e9corateurs ou restaurateurs, chacun est venu avec sa sp\u00e9cificit\u00e9 pour embellir la f\u00eate. Arriv\u00e9s d\u2019horizons comme la France, la C\u00f4te d\u2019Ivoire, Madagascar, le Canada, le Togo, le Cameroun ou l\u2019Indon\u00e9sie, les cr\u00e9ateurs ont r\u00e9ussi \u00e0 vendre le Made in Africa. A travers le domaine d\u2019expression de chacun, le public a d\u00e9couvert la richesse des multiples cultures africaines. La curiosit\u00e9 des diff\u00e9rents visiteurs \u00e9tait satisfaite pendant les d\u00e9fil\u00e9s, les prestations artistiques avec Dothy-Z, Serge Mahilet, Kalif, ADN et Cercle celtique ou en faisant le tour des stands. Des cr\u00e9ateurs \u00e0 consonances africaines et des outre-mer ont install\u00e9 leurs stands pendant ces trois jours, aux c\u00f4t\u00e9s des \u00e9tals gastronomiques et autres animations de musique et de danse.<\/p>\n\n\n\n<figure class=\"wp-block-gallery has-nested-images columns-default is-cropped wp-block-gallery-1 is-layout-flex wp-block-gallery-is-layout-flex\">\n<figure class=\"wp-block-image size-large\"><img loading=\"lazy\" decoding=\"async\" width=\"1024\" height=\"683\" data-id=\"22410\" src=\"https:\/\/7culture.ci\/wp-content\/uploads\/2022\/07\/WhatsApp-Image-2022-07-14-at-12.25.58-1-1-1024x683.jpeg\" alt=\"\" class=\"wp-image-22410\" srcset=\"https:\/\/7culture.ci\/wp-content\/uploads\/2022\/07\/WhatsApp-Image-2022-07-14-at-12.25.58-1-1-1024x683.jpeg 1024w, https:\/\/7culture.ci\/wp-content\/uploads\/2022\/07\/WhatsApp-Image-2022-07-14-at-12.25.58-1-1-300x200.jpeg 300w, https:\/\/7culture.ci\/wp-content\/uploads\/2022\/07\/WhatsApp-Image-2022-07-14-at-12.25.58-1-1-768x512.jpeg 768w, https:\/\/7culture.ci\/wp-content\/uploads\/2022\/07\/WhatsApp-Image-2022-07-14-at-12.25.58-1-1.jpeg 1080w\" sizes=\"(max-width: 1024px) 100vw, 1024px\" \/><\/figure>\n\n\n\n<figure class=\"wp-block-image size-large\"><img loading=\"lazy\" decoding=\"async\" width=\"1024\" height=\"683\" data-id=\"22411\" src=\"https:\/\/7culture.ci\/wp-content\/uploads\/2022\/07\/WhatsApp-Image-2022-07-14-at-12.25.59-1-1024x683.jpeg\" alt=\"\" class=\"wp-image-22411\" srcset=\"https:\/\/7culture.ci\/wp-content\/uploads\/2022\/07\/WhatsApp-Image-2022-07-14-at-12.25.59-1-1024x683.jpeg 1024w, https:\/\/7culture.ci\/wp-content\/uploads\/2022\/07\/WhatsApp-Image-2022-07-14-at-12.25.59-1-300x200.jpeg 300w, https:\/\/7culture.ci\/wp-content\/uploads\/2022\/07\/WhatsApp-Image-2022-07-14-at-12.25.59-1-768x512.jpeg 768w, https:\/\/7culture.ci\/wp-content\/uploads\/2022\/07\/WhatsApp-Image-2022-07-14-at-12.25.59-1.jpeg 1080w\" sizes=\"(max-width: 1024px) 100vw, 1024px\" \/><\/figure>\n\n\n\n<figure class=\"wp-block-image size-large\"><img loading=\"lazy\" decoding=\"async\" width=\"683\" height=\"1024\" data-id=\"22412\" src=\"https:\/\/7culture.ci\/wp-content\/uploads\/2022\/07\/WhatsApp-Image-2022-07-14-at-12.26.00-1-1-683x1024.jpeg\" alt=\"\" class=\"wp-image-22412\" srcset=\"https:\/\/7culture.ci\/wp-content\/uploads\/2022\/07\/WhatsApp-Image-2022-07-14-at-12.26.00-1-1-683x1024.jpeg 683w, https:\/\/7culture.ci\/wp-content\/uploads\/2022\/07\/WhatsApp-Image-2022-07-14-at-12.26.00-1-1-200x300.jpeg 200w, https:\/\/7culture.ci\/wp-content\/uploads\/2022\/07\/WhatsApp-Image-2022-07-14-at-12.26.00-1-1.jpeg 720w\" sizes=\"(max-width: 683px) 100vw, 683px\" \/><\/figure>\n<\/figure>\n\n\n\n<p>Le \u2018\u2019Festival des Arts &amp; Cultures d&#8217;Ici et D&#8217;Ailleurs\u2019\u2019 (FACIA) est une initiative de &nbsp;l&#8217;Association \u2018\u2019C\u0153ur Perl\u00e9 Afro\u2019\u2019 (ACPA) dont la pr\u00e9sidente est Ginette Mettier (Jnet). En plus de faire la promotion des cultures afro, il y a une action caritative qui se cache derri\u00e8re cette f\u00eate de la culture afro. Car les fonds r\u00e9colt\u00e9s pendant l\u2019\u00e9v\u00e8nement vont soutenir une pouponni\u00e8re en Afrique. \u00ab\u2009<strong><em>\u00c0 la base, je suis cr\u00e9atrice de mode et c\u2019est autour de nos activit\u00e9s de mode avec d\u2019autres cr\u00e9ateurs que nous essayons de r\u00e9cup\u00e9rer des fonds pour aider des enfants en Afrique. L\u2019association a pour objectif d\u2019am\u00e9liorer le quotidien des enfants malades, des orphelins et des gamins en situation de handicap. Les fonds r\u00e9colt\u00e9 lors du festival iront \u00e0 une pouponni\u00e8re de la ville d\u2019Ayam\u00e9, en C\u00f4te d\u2019Ivoire<\/em><\/strong>\u00bb, a confi\u00e9 Jnet.<\/p>\n\n\n\n<figure class=\"wp-block-gallery has-nested-images columns-default is-cropped wp-block-gallery-2 is-layout-flex wp-block-gallery-is-layout-flex\">\n<figure class=\"wp-block-image size-large\"><img loading=\"lazy\" decoding=\"async\" width=\"1024\" height=\"683\" data-id=\"22413\" src=\"https:\/\/7culture.ci\/wp-content\/uploads\/2022\/07\/WhatsApp-Image-2022-07-14-at-12.25.17-1024x683.jpeg\" alt=\"\" class=\"wp-image-22413\" srcset=\"https:\/\/7culture.ci\/wp-content\/uploads\/2022\/07\/WhatsApp-Image-2022-07-14-at-12.25.17-1024x683.jpeg 1024w, https:\/\/7culture.ci\/wp-content\/uploads\/2022\/07\/WhatsApp-Image-2022-07-14-at-12.25.17-300x200.jpeg 300w, https:\/\/7culture.ci\/wp-content\/uploads\/2022\/07\/WhatsApp-Image-2022-07-14-at-12.25.17-768x512.jpeg 768w, https:\/\/7culture.ci\/wp-content\/uploads\/2022\/07\/WhatsApp-Image-2022-07-14-at-12.25.17.jpeg 1080w\" sizes=\"(max-width: 1024px) 100vw, 1024px\" \/><\/figure>\n\n\n\n<figure class=\"wp-block-image size-large\"><img loading=\"lazy\" decoding=\"async\" width=\"1024\" height=\"683\" data-id=\"22414\" src=\"https:\/\/7culture.ci\/wp-content\/uploads\/2022\/07\/WhatsApp-Image-2022-07-14-at-12.25.27-1024x683.jpeg\" alt=\"\" class=\"wp-image-22414\" srcset=\"https:\/\/7culture.ci\/wp-content\/uploads\/2022\/07\/WhatsApp-Image-2022-07-14-at-12.25.27-1024x683.jpeg 1024w, https:\/\/7culture.ci\/wp-content\/uploads\/2022\/07\/WhatsApp-Image-2022-07-14-at-12.25.27-300x200.jpeg 300w, https:\/\/7culture.ci\/wp-content\/uploads\/2022\/07\/WhatsApp-Image-2022-07-14-at-12.25.27-768x512.jpeg 768w, https:\/\/7culture.ci\/wp-content\/uploads\/2022\/07\/WhatsApp-Image-2022-07-14-at-12.25.27.jpeg 1080w\" sizes=\"(max-width: 1024px) 100vw, 1024px\" \/><\/figure>\n\n\n\n<figure class=\"wp-block-image size-large\"><img loading=\"lazy\" decoding=\"async\" width=\"1024\" height=\"683\" data-id=\"22415\" src=\"https:\/\/7culture.ci\/wp-content\/uploads\/2022\/07\/WhatsApp-Image-2022-07-14-at-12.25.57-1024x683.jpeg\" alt=\"\" class=\"wp-image-22415\" srcset=\"https:\/\/7culture.ci\/wp-content\/uploads\/2022\/07\/WhatsApp-Image-2022-07-14-at-12.25.57-1024x683.jpeg 1024w, https:\/\/7culture.ci\/wp-content\/uploads\/2022\/07\/WhatsApp-Image-2022-07-14-at-12.25.57-300x200.jpeg 300w, https:\/\/7culture.ci\/wp-content\/uploads\/2022\/07\/WhatsApp-Image-2022-07-14-at-12.25.57-768x512.jpeg 768w, https:\/\/7culture.ci\/wp-content\/uploads\/2022\/07\/WhatsApp-Image-2022-07-14-at-12.25.57.jpeg 1080w\" sizes=\"(max-width: 1024px) 100vw, 1024px\" \/><\/figure>\n<\/figure>\n\n\n\n<p>Par Omar AK<\/p>\n\n\n\n<p>Cr\u00e9dit Photos&nbsp;: Ga\u00ebtan Gendrot<\/p>\n","protected":false},"excerpt":{"rendered":"<p>Il y a eu une belle f\u00eate africaine \u00e0 la premi\u00e8re \u00e9dition du \u2018\u2019Festival des Arts &amp; Cultures d&#8217;Ici et D&#8217;Ailleurs\u2019\u2019 (FACIA) qui s\u2019est d\u00e9roul\u00e9e du 3 au 5 juin 2022 \u00e0 l\u2019espace Foyer Restaurant de Ch\u00e2teaubriant. Situ\u00e9e dans le d\u00e9partement de la Loire-Atlantique \u00e0 l&#8217;Ouest de la France, la ville a v\u00e9cu pendant trois &hellip;<\/p>\n<p class=\"read-more\"> <a class=\"\" href=\"https:\/\/7culture.ci\/index.php\/2022\/07\/14\/festival-des-arts-cultures-dici-et-dailleurs-belle-fete-des-cultures-afro-a-chateaubriant\/\"> <span class=\"screen-reader-text\">Festival des Arts &#038; Cultures d&#8217;Ici et D&#8217;Ailleurs : belle f\u00eate des cultures afro \u00e0 Ch\u00e2teaubriant<\/span> Lire la suite\u00a0\u00bb<\/a><\/p>\n","protected":false},"author":1,"featured_media":22406,"comment_status":"open","ping_status":"open","sticky":false,"template":"","format":"standard","meta":{"_mi_skip_tracking":false,"_monsterinsights_sitenote_active":false,"_monsterinsights_sitenote_note":"","_monsterinsights_sitenote_category":0,"site-sidebar-layout":"default","site-content-layout":"default","ast-global-header-display":"","ast-main-header-display":"","ast-hfb-above-header-display":"","ast-hfb-below-header-display":"","ast-hfb-mobile-header-display":"","site-post-title":"","ast-breadcrumbs-content":"","ast-featured-img":"","footer-sml-layout":"","theme-transparent-header-meta":"","adv-header-id-meta":"","stick-header-meta":"","header-above-stick-meta":"","header-main-stick-meta":"","header-below-stick-meta":"","footnotes":"","jetpack_publicize_message":"","jetpack_is_tweetstorm":false,"jetpack_publicize_feature_enabled":true},"categories":[22],"tags":[],"jetpack_publicize_connections":[],"acf":[],"aioseo_notices":[],"yoast_head":"<!-- This site is optimized with the Yoast SEO plugin v19.6.1 - https:\/\/yoast.com\/wordpress\/plugins\/seo\/ -->\n<title>Festival des Arts &amp; Cultures d&#039;Ici et D&#039;Ailleurs : belle f\u00eate des cultures afro \u00e0 Ch\u00e2teaubriant -<\/title>\n<meta name=\"robots\" content=\"index, follow, max-snippet:-1, max-image-preview:large, max-video-preview:-1\" \/>\n<link rel=\"canonical\" href=\"https:\/\/7culture.ci\/index.php\/2022\/07\/14\/festival-des-arts-cultures-dici-et-dailleurs-belle-fete-des-cultures-afro-a-chateaubriant\/\" \/>\n<meta property=\"og:locale\" content=\"fr_FR\" \/>\n<meta property=\"og:type\" content=\"article\" \/>\n<meta property=\"og:title\" content=\"Festival des Arts &amp; Cultures d&#039;Ici et D&#039;Ailleurs : belle f\u00eate des cultures afro \u00e0 Ch\u00e2teaubriant -\" \/>\n<meta property=\"og:description\" content=\"Il y a eu une belle f\u00eate africaine \u00e0 la premi\u00e8re \u00e9dition du \u2018\u2019Festival des Arts &amp; Cultures d&#8217;Ici et D&#8217;Ailleurs\u2019\u2019 (FACIA) qui s\u2019est d\u00e9roul\u00e9e du 3 au 5 juin 2022 \u00e0 l\u2019espace Foyer Restaurant de Ch\u00e2teaubriant. Situ\u00e9e dans le d\u00e9partement de la Loire-Atlantique \u00e0 l&#8217;Ouest de la France, la ville a v\u00e9cu pendant trois &hellip; Festival des Arts &#038; Cultures d&#8217;Ici et D&#8217;Ailleurs : belle f\u00eate des cultures afro \u00e0 Ch\u00e2teaubriant Lire la suite\u00a0\u00bb\" \/>\n<meta property=\"og:url\" content=\"https:\/\/7culture.ci\/index.php\/2022\/07\/14\/festival-des-arts-cultures-dici-et-dailleurs-belle-fete-des-cultures-afro-a-chateaubriant\/\" \/>\n<meta property=\"og:site_name\" content=\"7culture\" \/>\n<meta property=\"article:publisher\" content=\"https:\/\/www.facebook.com\/redchefclaude\" \/>\n<meta property=\"article:published_time\" content=\"2022-07-14T12:44:24+00:00\" \/>\n<meta property=\"article:modified_time\" content=\"2022-07-14T14:10:21+00:00\" \/>\n<meta property=\"og:image\" content=\"https:\/\/7culture.ci\/wp-content\/uploads\/2022\/07\/coeur-per.jpeg\" \/>\n\t<meta property=\"og:image:width\" content=\"750\" \/>\n\t<meta property=\"og:image:height\" content=\"500\" \/>\n\t<meta property=\"og:image:type\" content=\"image\/jpeg\" \/>\n<meta name=\"author\" content=\"7culture2020\" \/>\n<meta name=\"twitter:card\" content=\"summary_large_image\" \/>\n<meta name=\"twitter:creator\" content=\"@7culturec\" \/>\n<meta name=\"twitter:site\" content=\"@7culturec\" \/>\n<meta name=\"twitter:label1\" content=\"\u00c9crit par\" \/>\n\t<meta name=\"twitter:data1\" content=\"7culture2020\" \/>\n\t<meta name=\"twitter:label2\" content=\"Dur\u00e9e de lecture estim\u00e9e\" \/>\n\t<meta name=\"twitter:data2\" content=\"3 minutes\" \/>\n<script type=\"application\/ld+json\" class=\"yoast-schema-graph\">{\"@context\":\"https:\/\/schema.org\",\"@graph\":[{\"@type\":\"Article\",\"@id\":\"https:\/\/7culture.ci\/index.php\/2022\/07\/14\/festival-des-arts-cultures-dici-et-dailleurs-belle-fete-des-cultures-afro-a-chateaubriant\/#article\",\"isPartOf\":{\"@id\":\"https:\/\/7culture.ci\/index.php\/2022\/07\/14\/festival-des-arts-cultures-dici-et-dailleurs-belle-fete-des-cultures-afro-a-chateaubriant\/\"},\"author\":{\"name\":\"7culture2020\",\"@id\":\"https:\/\/7culture.ci\/#\/schema\/person\/16150d28d7ef66ba788c1f87f28c4426\"},\"headline\":\"Festival des Arts &#038; Cultures d&#8217;Ici et D&#8217;Ailleurs : belle f\u00eate des cultures afro \u00e0 Ch\u00e2teaubriant\",\"datePublished\":\"2022-07-14T12:44:24+00:00\",\"dateModified\":\"2022-07-14T14:10:21+00:00\",\"mainEntityOfPage\":{\"@id\":\"https:\/\/7culture.ci\/index.php\/2022\/07\/14\/festival-des-arts-cultures-dici-et-dailleurs-belle-fete-des-cultures-afro-a-chateaubriant\/\"},\"wordCount\":399,\"commentCount\":0,\"publisher\":{\"@id\":\"https:\/\/7culture.ci\/#organization\"},\"articleSection\":[\"Actualit\u00e9\"],\"inLanguage\":\"fr-FR\",\"potentialAction\":[{\"@type\":\"CommentAction\",\"name\":\"Comment\",\"target\":[\"https:\/\/7culture.ci\/index.php\/2022\/07\/14\/festival-des-arts-cultures-dici-et-dailleurs-belle-fete-des-cultures-afro-a-chateaubriant\/#respond\"]}]},{\"@type\":\"WebPage\",\"@id\":\"https:\/\/7culture.ci\/index.php\/2022\/07\/14\/festival-des-arts-cultures-dici-et-dailleurs-belle-fete-des-cultures-afro-a-chateaubriant\/\",\"url\":\"https:\/\/7culture.ci\/index.php\/2022\/07\/14\/festival-des-arts-cultures-dici-et-dailleurs-belle-fete-des-cultures-afro-a-chateaubriant\/\",\"name\":\"Festival des Arts & Cultures d'Ici et D'Ailleurs : belle f\u00eate des cultures afro \u00e0 Ch\u00e2teaubriant -\",\"isPartOf\":{\"@id\":\"https:\/\/7culture.ci\/#website\"},\"datePublished\":\"2022-07-14T12:44:24+00:00\",\"dateModified\":\"2022-07-14T14:10:21+00:00\",\"breadcrumb\":{\"@id\":\"https:\/\/7culture.ci\/index.php\/2022\/07\/14\/festival-des-arts-cultures-dici-et-dailleurs-belle-fete-des-cultures-afro-a-chateaubriant\/#breadcrumb\"},\"inLanguage\":\"fr-FR\",\"potentialAction\":[{\"@type\":\"ReadAction\",\"target\":[\"https:\/\/7culture.ci\/index.php\/2022\/07\/14\/festival-des-arts-cultures-dici-et-dailleurs-belle-fete-des-cultures-afro-a-chateaubriant\/\"]}]},{\"@type\":\"BreadcrumbList\",\"@id\":\"https:\/\/7culture.ci\/index.php\/2022\/07\/14\/festival-des-arts-cultures-dici-et-dailleurs-belle-fete-des-cultures-afro-a-chateaubriant\/#breadcrumb\",\"itemListElement\":[{\"@type\":\"ListItem\",\"position\":1,\"name\":\"Accueil\",\"item\":\"https:\/\/7culture.ci\/\"},{\"@type\":\"ListItem\",\"position\":2,\"name\":\"Festival des Arts &#038; Cultures d&rsquo;Ici et D&rsquo;Ailleurs : belle f\u00eate des cultures afro \u00e0 Ch\u00e2teaubriant\"}]},{\"@type\":\"WebSite\",\"@id\":\"https:\/\/7culture.ci\/#website\",\"url\":\"https:\/\/7culture.ci\/\",\"name\":\"7culture\",\"description\":\"Tout sur l&#039;actualit\u00e9\",\"publisher\":{\"@id\":\"https:\/\/7culture.ci\/#organization\"},\"potentialAction\":[{\"@type\":\"SearchAction\",\"target\":{\"@type\":\"EntryPoint\",\"urlTemplate\":\"https:\/\/7culture.ci\/?s={search_term_string}\"},\"query-input\":\"required name=search_term_string\"}],\"inLanguage\":\"fr-FR\"},{\"@type\":\"Organization\",\"@id\":\"https:\/\/7culture.ci\/#organization\",\"name\":\"7culture\",\"url\":\"https:\/\/7culture.ci\/\",\"sameAs\":[\"https:\/\/www.facebook.com\/redchefclaude\",\"https:\/\/twitter.com\/7culturec\"],\"logo\":{\"@type\":\"ImageObject\",\"inLanguage\":\"fr-FR\",\"@id\":\"https:\/\/7culture.ci\/#\/schema\/logo\/image\/\",\"url\":\"https:\/\/7culture.ci\/wp-content\/uploads\/2021\/12\/S1a-1.png\",\"contentUrl\":\"https:\/\/7culture.ci\/wp-content\/uploads\/2021\/12\/S1a-1.png\",\"width\":588,\"height\":192,\"caption\":\"7culture\"},\"image\":{\"@id\":\"https:\/\/7culture.ci\/#\/schema\/logo\/image\/\"}},{\"@type\":\"Person\",\"@id\":\"https:\/\/7culture.ci\/#\/schema\/person\/16150d28d7ef66ba788c1f87f28c4426\",\"name\":\"7culture2020\",\"image\":{\"@type\":\"ImageObject\",\"inLanguage\":\"fr-FR\",\"@id\":\"https:\/\/7culture.ci\/#\/schema\/person\/image\/\",\"url\":\"https:\/\/secure.gravatar.com\/avatar\/9a0784f951306c37bcd065f52844ef95?s=96&d=mm&r=g\",\"contentUrl\":\"https:\/\/secure.gravatar.com\/avatar\/9a0784f951306c37bcd065f52844ef95?s=96&d=mm&r=g\",\"caption\":\"7culture2020\"},\"sameAs\":[\"http:\/\/7culture.ci\",\"Claude.kipre\"],\"url\":\"https:\/\/7culture.ci\/index.php\/author\/7culture2020\/\"}]}<\/script>\n<!-- \/ Yoast SEO plugin. -->","yoast_head_json":{"title":"Festival des Arts & Cultures d'Ici et D'Ailleurs : belle f\u00eate des cultures afro \u00e0 Ch\u00e2teaubriant -","robots":{"index":"index","follow":"follow","max-snippet":"max-snippet:-1","max-image-preview":"max-image-preview:large","max-video-preview":"max-video-preview:-1"},"canonical":"https:\/\/7culture.ci\/index.php\/2022\/07\/14\/festival-des-arts-cultures-dici-et-dailleurs-belle-fete-des-cultures-afro-a-chateaubriant\/","og_locale":"fr_FR","og_type":"article","og_title":"Festival des Arts & Cultures d'Ici et D'Ailleurs : belle f\u00eate des cultures afro \u00e0 Ch\u00e2teaubriant -","og_description":"Il y a eu une belle f\u00eate africaine \u00e0 la premi\u00e8re \u00e9dition du \u2018\u2019Festival des Arts &amp; Cultures d&#8217;Ici et D&#8217;Ailleurs\u2019\u2019 (FACIA) qui s\u2019est d\u00e9roul\u00e9e du 3 au 5 juin 2022 \u00e0 l\u2019espace Foyer Restaurant de Ch\u00e2teaubriant. Situ\u00e9e dans le d\u00e9partement de la Loire-Atlantique \u00e0 l&#8217;Ouest de la France, la ville a v\u00e9cu pendant trois &hellip; Festival des Arts &#038; Cultures d&#8217;Ici et D&#8217;Ailleurs : belle f\u00eate des cultures afro \u00e0 Ch\u00e2teaubriant Lire la suite\u00a0\u00bb","og_url":"https:\/\/7culture.ci\/index.php\/2022\/07\/14\/festival-des-arts-cultures-dici-et-dailleurs-belle-fete-des-cultures-afro-a-chateaubriant\/","og_site_name":"7culture","article_publisher":"https:\/\/www.facebook.com\/redchefclaude","article_published_time":"2022-07-14T12:44:24+00:00","article_modified_time":"2022-07-14T14:10:21+00:00","og_image":[{"width":750,"height":500,"url":"https:\/\/7culture.ci\/wp-content\/uploads\/2022\/07\/coeur-per.jpeg","type":"image\/jpeg"}],"author":"7culture2020","twitter_card":"summary_large_image","twitter_creator":"@7culturec","twitter_site":"@7culturec","twitter_misc":{"\u00c9crit par":"7culture2020","Dur\u00e9e de lecture estim\u00e9e":"3 minutes"},"schema":{"@context":"https:\/\/schema.org","@graph":[{"@type":"Article","@id":"https:\/\/7culture.ci\/index.php\/2022\/07\/14\/festival-des-arts-cultures-dici-et-dailleurs-belle-fete-des-cultures-afro-a-chateaubriant\/#article","isPartOf":{"@id":"https:\/\/7culture.ci\/index.php\/2022\/07\/14\/festival-des-arts-cultures-dici-et-dailleurs-belle-fete-des-cultures-afro-a-chateaubriant\/"},"author":{"name":"7culture2020","@id":"https:\/\/7culture.ci\/#\/schema\/person\/16150d28d7ef66ba788c1f87f28c4426"},"headline":"Festival des Arts &#038; Cultures d&#8217;Ici et D&#8217;Ailleurs : belle f\u00eate des cultures afro \u00e0 Ch\u00e2teaubriant","datePublished":"2022-07-14T12:44:24+00:00","dateModified":"2022-07-14T14:10:21+00:00","mainEntityOfPage":{"@id":"https:\/\/7culture.ci\/index.php\/2022\/07\/14\/festival-des-arts-cultures-dici-et-dailleurs-belle-fete-des-cultures-afro-a-chateaubriant\/"},"wordCount":399,"commentCount":0,"publisher":{"@id":"https:\/\/7culture.ci\/#organization"},"articleSection":["Actualit\u00e9"],"inLanguage":"fr-FR","potentialAction":[{"@type":"CommentAction","name":"Comment","target":["https:\/\/7culture.ci\/index.php\/2022\/07\/14\/festival-des-arts-cultures-dici-et-dailleurs-belle-fete-des-cultures-afro-a-chateaubriant\/#respond"]}]},{"@type":"WebPage","@id":"https:\/\/7culture.ci\/index.php\/2022\/07\/14\/festival-des-arts-cultures-dici-et-dailleurs-belle-fete-des-cultures-afro-a-chateaubriant\/","url":"https:\/\/7culture.ci\/index.php\/2022\/07\/14\/festival-des-arts-cultures-dici-et-dailleurs-belle-fete-des-cultures-afro-a-chateaubriant\/","name":"Festival des Arts & Cultures d'Ici et D'Ailleurs : belle f\u00eate des cultures afro \u00e0 Ch\u00e2teaubriant -","isPartOf":{"@id":"https:\/\/7culture.ci\/#website"},"datePublished":"2022-07-14T12:44:24+00:00","dateModified":"2022-07-14T14:10:21+00:00","breadcrumb":{"@id":"https:\/\/7culture.ci\/index.php\/2022\/07\/14\/festival-des-arts-cultures-dici-et-dailleurs-belle-fete-des-cultures-afro-a-chateaubriant\/#breadcrumb"},"inLanguage":"fr-FR","potentialAction":[{"@type":"ReadAction","target":["https:\/\/7culture.ci\/index.php\/2022\/07\/14\/festival-des-arts-cultures-dici-et-dailleurs-belle-fete-des-cultures-afro-a-chateaubriant\/"]}]},{"@type":"BreadcrumbList","@id":"https:\/\/7culture.ci\/index.php\/2022\/07\/14\/festival-des-arts-cultures-dici-et-dailleurs-belle-fete-des-cultures-afro-a-chateaubriant\/#breadcrumb","itemListElement":[{"@type":"ListItem","position":1,"name":"Accueil","item":"https:\/\/7culture.ci\/"},{"@type":"ListItem","position":2,"name":"Festival des Arts &#038; Cultures d&rsquo;Ici et D&rsquo;Ailleurs : belle f\u00eate des cultures afro \u00e0 Ch\u00e2teaubriant"}]},{"@type":"WebSite","@id":"https:\/\/7culture.ci\/#website","url":"https:\/\/7culture.ci\/","name":"7culture","description":"Tout sur l&#039;actualit\u00e9","publisher":{"@id":"https:\/\/7culture.ci\/#organization"},"potentialAction":[{"@type":"SearchAction","target":{"@type":"EntryPoint","urlTemplate":"https:\/\/7culture.ci\/?s={search_term_string}"},"query-input":"required name=search_term_string"}],"inLanguage":"fr-FR"},{"@type":"Organization","@id":"https:\/\/7culture.ci\/#organization","name":"7culture","url":"https:\/\/7culture.ci\/","sameAs":["https:\/\/www.facebook.com\/redchefclaude","https:\/\/twitter.com\/7culturec"],"logo":{"@type":"ImageObject","inLanguage":"fr-FR","@id":"https:\/\/7culture.ci\/#\/schema\/logo\/image\/","url":"https:\/\/7culture.ci\/wp-content\/uploads\/2021\/12\/S1a-1.png","contentUrl":"https:\/\/7culture.ci\/wp-content\/uploads\/2021\/12\/S1a-1.png","width":588,"height":192,"caption":"7culture"},"image":{"@id":"https:\/\/7culture.ci\/#\/schema\/logo\/image\/"}},{"@type":"Person","@id":"https:\/\/7culture.ci\/#\/schema\/person\/16150d28d7ef66ba788c1f87f28c4426","name":"7culture2020","image":{"@type":"ImageObject","inLanguage":"fr-FR","@id":"https:\/\/7culture.ci\/#\/schema\/person\/image\/","url":"https:\/\/secure.gravatar.com\/avatar\/9a0784f951306c37bcd065f52844ef95?s=96&d=mm&r=g","contentUrl":"https:\/\/secure.gravatar.com\/avatar\/9a0784f951306c37bcd065f52844ef95?s=96&d=mm&r=g","caption":"7culture2020"},"sameAs":["http:\/\/7culture.ci","Claude.kipre"],"url":"https:\/\/7culture.ci\/index.php\/author\/7culture2020\/"}]}},"jetpack_featured_media_url":"https:\/\/7culture.ci\/wp-content\/uploads\/2022\/07\/coeur-per.jpeg","jetpack_likes_enabled":true,"jetpack_sharing_enabled":true,"_links":{"self":[{"href":"https:\/\/7culture.ci\/index.php\/wp-json\/wp\/v2\/posts\/22405"}],"collection":[{"href":"https:\/\/7culture.ci\/index.php\/wp-json\/wp\/v2\/posts"}],"about":[{"href":"https:\/\/7culture.ci\/index.php\/wp-json\/wp\/v2\/types\/post"}],"author":[{"embeddable":true,"href":"https:\/\/7culture.ci\/index.php\/wp-json\/wp\/v2\/users\/1"}],"replies":[{"embeddable":true,"href":"https:\/\/7culture.ci\/index.php\/wp-json\/wp\/v2\/comments?post=22405"}],"version-history":[{"count":0,"href":"https:\/\/7culture.ci\/index.php\/wp-json\/wp\/v2\/posts\/22405\/revisions"}],"wp:featuredmedia":[{"embeddable":true,"href":"https:\/\/7culture.ci\/index.php\/wp-json\/wp\/v2\/media\/22406"}],"wp:attachment":[{"href":"https:\/\/7culture.ci\/index.php\/wp-json\/wp\/v2\/media?parent=22405"}],"wp:term":[{"taxonomy":"category","embeddable":true,"href":"https:\/\/7culture.ci\/index.php\/wp-json\/wp\/v2\/categories?post=22405"},{"taxonomy":"post_tag","embeddable":true,"href":"https:\/\/7culture.ci\/index.php\/wp-json\/wp\/v2\/tags?post=22405"}],"curies":[{"name":"wp","href":"https:\/\/api.w.org\/{rel}","templated":true}]}}