{"id":22367,"date":"2022-07-13T11:39:59","date_gmt":"2022-07-13T09:39:59","guid":{"rendered":"https:\/\/7culture.ci\/?p=22367"},"modified":"2022-07-20T11:19:08","modified_gmt":"2022-07-20T09:19:08","slug":"concerto-de-lindependance-pour-la-solidarite-yop-city-recoit-les-festivites","status":"publish","type":"post","link":"https:\/\/7culture.ci\/index.php\/2022\/07\/13\/concerto-de-lindependance-pour-la-solidarite-yop-city-recoit-les-festivites\/","title":{"rendered":"Concerto de l\u2019ind\u00e9pendance pour la solidarit\u00e9\u00a0: Yop City re\u00e7oit les festivit\u00e9s"},"content":{"rendered":"\n<p>\u2018\u2019Le concerto de l\u2019ind\u00e9pendance pour la solidarit\u00e9\u2019\u2019 installe cette ann\u00e9e son quartier g\u00e9n\u00e9ral dans la commune chic et populaire de Yopougon apr\u00e8s une premi\u00e8re \u00e9dition pass\u00e9e Abobo en 2021. Et c\u2019est l\u2019espace Ficgayo qui accueille les festivit\u00e9s du 62<sup>e<\/sup> anniversaire de l\u2019accession de la C\u00f4te d\u2019Ivoire \u00e0 la souverainet\u00e9 nationale le 6 ao\u00fbt prochain. Dans un point de presse anim\u00e9 le 4 juillet dernier \u00e0 la mairie de Yopougon, l\u2019organisation a annonc\u00e9 la participation de 50 artistes tous genres confondus qui vont se relayer sur un g\u00e9ant podium plant\u00e9 \u00e0 Ficgayo. Sur un rayonnage de 100 m\u00e8tres de l\u2019espace et sur les rues adjacentes, des points-relais par \u00e9crans plasma permettront \u00e0 la population de suivre les concerts. \u00ab\u00a0<strong><em>L\u2019id\u00e9e est de faire la f\u00eate \u00e0 la veille de la c\u00e9l\u00e9bration de notre ind\u00e9pendance avec le maximum d\u2019habitants venus de tout le pays. On a une liste vari\u00e9e de plus de 50 artistes nationaux et internationaux<\/em><\/strong>\u00a0\u00bb, a d\u00e9clar\u00e9 Mohamed Fofana dont la structure Africa Black Label (ABL) pilote l\u2019organisation.<\/p>\n\n\n\n<figure class=\"wp-block-gallery has-nested-images columns-default is-cropped wp-block-gallery-1 is-layout-flex wp-block-gallery-is-layout-flex\">\n<figure class=\"wp-block-image size-large\"><img loading=\"lazy\" decoding=\"async\" width=\"720\" height=\"720\" data-id=\"22371\" src=\"https:\/\/7culture.ci\/wp-content\/uploads\/2022\/07\/WhatsApp-Image-2022-07-08-at-13.49.49-1.jpeg\" alt=\"\" class=\"wp-image-22371\" srcset=\"https:\/\/7culture.ci\/wp-content\/uploads\/2022\/07\/WhatsApp-Image-2022-07-08-at-13.49.49-1.jpeg 720w, https:\/\/7culture.ci\/wp-content\/uploads\/2022\/07\/WhatsApp-Image-2022-07-08-at-13.49.49-1-300x300.jpeg 300w, https:\/\/7culture.ci\/wp-content\/uploads\/2022\/07\/WhatsApp-Image-2022-07-08-at-13.49.49-1-150x150.jpeg 150w\" sizes=\"(max-width: 720px) 100vw, 720px\" \/><\/figure>\n\n\n\n<figure class=\"wp-block-image size-large\"><img loading=\"lazy\" decoding=\"async\" width=\"720\" height=\"480\" data-id=\"22370\" src=\"https:\/\/7culture.ci\/wp-content\/uploads\/2022\/07\/WhatsApp-Image-2022-07-08-at-13.49.49.jpeg\" alt=\"\" class=\"wp-image-22370\" srcset=\"https:\/\/7culture.ci\/wp-content\/uploads\/2022\/07\/WhatsApp-Image-2022-07-08-at-13.49.49.jpeg 720w, https:\/\/7culture.ci\/wp-content\/uploads\/2022\/07\/WhatsApp-Image-2022-07-08-at-13.49.49-300x200.jpeg 300w\" sizes=\"(max-width: 720px) 100vw, 720px\" \/><\/figure>\n\n\n\n<figure class=\"wp-block-image size-large\"><img loading=\"lazy\" decoding=\"async\" width=\"720\" height=\"480\" data-id=\"22369\" src=\"https:\/\/7culture.ci\/wp-content\/uploads\/2022\/07\/WhatsApp-Image-2022-07-08-at-13.49.50.jpeg\" alt=\"\" class=\"wp-image-22369\" srcset=\"https:\/\/7culture.ci\/wp-content\/uploads\/2022\/07\/WhatsApp-Image-2022-07-08-at-13.49.50.jpeg 720w, https:\/\/7culture.ci\/wp-content\/uploads\/2022\/07\/WhatsApp-Image-2022-07-08-at-13.49.50-300x200.jpeg 300w\" sizes=\"(max-width: 720px) 100vw, 720px\" \/><\/figure>\n<\/figure>\n\n\n\n<p>Le programme pr\u00e9voit des shows artistiques et un village gastronomique avec \u00e9videmment restaurants et maquis. L\u2019ambiance d\u00e9marrera dans la matin\u00e9e du 6 ao\u00fbt 2022. A partir de 16h, d\u00e9butent les spectacles artistiques. Une judicieuse programmation sera faite pour alterner musique et humour d\u2019une part, et live et play-back de l\u2019autre. Les chanteurs Obam\u2019s, Mike Alabi, Dj\u00e9tenin Fi\u2026 feront partie de l\u2019affiche de ce grand spectacle. \u00ab&nbsp;<strong><em>Nous pr\u00e9voyons un show m\u00e9morable. En plus de f\u00eater le 62<sup>e<\/sup> anniversaire de l\u2019ind\u00e9pendance de la C\u00f4te d\u2019Ivoire, nous voulons surtout c\u00e9l\u00e9brer la solidarit\u00e9 entre les habitants de notre pays. C\u2019est l\u2019id\u00e9e qui a pouss\u00e9 M. Lassana Ouattara dit Lass PR \u00e0 initier Le concerto de l\u2019ind\u00e9pendance pour la solidarit\u00e9<\/em><\/strong>&nbsp;\u00bb, a expliqu\u00e9 M. Fofana.<\/p>\n\n\n\n<p>Par Omar AK<\/p>\n","protected":false},"excerpt":{"rendered":"<p>\u2018\u2019Le concerto de l\u2019ind\u00e9pendance pour la solidarit\u00e9\u2019\u2019 installe cette ann\u00e9e son quartier g\u00e9n\u00e9ral dans la commune chic et populaire de Yopougon apr\u00e8s une premi\u00e8re \u00e9dition pass\u00e9e Abobo en 2021. Et c\u2019est l\u2019espace Ficgayo qui accueille les festivit\u00e9s du 62e anniversaire de l\u2019accession de la C\u00f4te d\u2019Ivoire \u00e0 la souverainet\u00e9 nationale le 6 ao\u00fbt prochain. Dans &hellip;<\/p>\n<p class=\"read-more\"> <a class=\"\" href=\"https:\/\/7culture.ci\/index.php\/2022\/07\/13\/concerto-de-lindependance-pour-la-solidarite-yop-city-recoit-les-festivites\/\"> <span class=\"screen-reader-text\">Concerto de l\u2019ind\u00e9pendance pour la solidarit\u00e9\u00a0: Yop City re\u00e7oit les festivit\u00e9s<\/span> Lire la suite\u00a0\u00bb<\/a><\/p>\n","protected":false},"author":1,"featured_media":22373,"comment_status":"open","ping_status":"open","sticky":false,"template":"","format":"standard","meta":{"_mi_skip_tracking":false,"_monsterinsights_sitenote_active":false,"_monsterinsights_sitenote_note":"","_monsterinsights_sitenote_category":0,"site-sidebar-layout":"default","site-content-layout":"default","ast-global-header-display":"","ast-main-header-display":"","ast-hfb-above-header-display":"","ast-hfb-below-header-display":"","ast-hfb-mobile-header-display":"","site-post-title":"","ast-breadcrumbs-content":"","ast-featured-img":"","footer-sml-layout":"","theme-transparent-header-meta":"","adv-header-id-meta":"","stick-header-meta":"","header-above-stick-meta":"","header-main-stick-meta":"","header-below-stick-meta":"","footnotes":"","jetpack_publicize_message":"","jetpack_is_tweetstorm":false,"jetpack_publicize_feature_enabled":true},"categories":[16],"tags":[],"jetpack_publicize_connections":[],"acf":[],"aioseo_notices":[],"yoast_head":"<!-- This site is optimized with the Yoast SEO plugin v19.6.1 - https:\/\/yoast.com\/wordpress\/plugins\/seo\/ -->\n<title>Concerto de l\u2019ind\u00e9pendance pour la solidarit\u00e9\u00a0: Yop City re\u00e7oit les festivit\u00e9s -<\/title>\n<meta name=\"robots\" content=\"index, follow, max-snippet:-1, max-image-preview:large, max-video-preview:-1\" \/>\n<link rel=\"canonical\" href=\"https:\/\/7culture.ci\/index.php\/2022\/07\/13\/concerto-de-lindependance-pour-la-solidarite-yop-city-recoit-les-festivites\/\" \/>\n<meta property=\"og:locale\" content=\"fr_FR\" \/>\n<meta property=\"og:type\" content=\"article\" \/>\n<meta property=\"og:title\" content=\"Concerto de l\u2019ind\u00e9pendance pour la solidarit\u00e9\u00a0: Yop City re\u00e7oit les festivit\u00e9s -\" \/>\n<meta property=\"og:description\" content=\"\u2018\u2019Le concerto de l\u2019ind\u00e9pendance pour la solidarit\u00e9\u2019\u2019 installe cette ann\u00e9e son quartier g\u00e9n\u00e9ral dans la commune chic et populaire de Yopougon apr\u00e8s une premi\u00e8re \u00e9dition pass\u00e9e Abobo en 2021. Et c\u2019est l\u2019espace Ficgayo qui accueille les festivit\u00e9s du 62e anniversaire de l\u2019accession de la C\u00f4te d\u2019Ivoire \u00e0 la souverainet\u00e9 nationale le 6 ao\u00fbt prochain. Dans &hellip; Concerto de l\u2019ind\u00e9pendance pour la solidarit\u00e9\u00a0: Yop City re\u00e7oit les festivit\u00e9s Lire la suite\u00a0\u00bb\" \/>\n<meta property=\"og:url\" content=\"https:\/\/7culture.ci\/index.php\/2022\/07\/13\/concerto-de-lindependance-pour-la-solidarite-yop-city-recoit-les-festivites\/\" \/>\n<meta property=\"og:site_name\" content=\"7culture\" \/>\n<meta property=\"article:publisher\" content=\"https:\/\/www.facebook.com\/redchefclaude\" \/>\n<meta property=\"article:published_time\" content=\"2022-07-13T09:39:59+00:00\" \/>\n<meta property=\"article:modified_time\" content=\"2022-07-20T09:19:08+00:00\" \/>\n<meta property=\"og:image\" content=\"http:\/\/7culture.ci\/wp-content\/uploads\/2022\/07\/mamadou-fofana-1.jpeg\" \/>\n\t<meta property=\"og:image:width\" content=\"579\" \/>\n\t<meta property=\"og:image:height\" content=\"410\" \/>\n\t<meta property=\"og:image:type\" content=\"image\/jpeg\" \/>\n<meta name=\"author\" content=\"7culture2020\" \/>\n<meta name=\"twitter:card\" content=\"summary_large_image\" \/>\n<meta name=\"twitter:creator\" content=\"@7culturec\" \/>\n<meta name=\"twitter:site\" content=\"@7culturec\" \/>\n<meta name=\"twitter:label1\" content=\"\u00c9crit par\" \/>\n\t<meta name=\"twitter:data1\" content=\"7culture2020\" \/>\n\t<meta name=\"twitter:label2\" content=\"Dur\u00e9e de lecture estim\u00e9e\" \/>\n\t<meta name=\"twitter:data2\" content=\"3 minutes\" \/>\n<script type=\"application\/ld+json\" class=\"yoast-schema-graph\">{\"@context\":\"https:\/\/schema.org\",\"@graph\":[{\"@type\":\"Article\",\"@id\":\"https:\/\/7culture.ci\/index.php\/2022\/07\/13\/concerto-de-lindependance-pour-la-solidarite-yop-city-recoit-les-festivites\/#article\",\"isPartOf\":{\"@id\":\"https:\/\/7culture.ci\/index.php\/2022\/07\/13\/concerto-de-lindependance-pour-la-solidarite-yop-city-recoit-les-festivites\/\"},\"author\":{\"name\":\"7culture2020\",\"@id\":\"https:\/\/7culture.ci\/#\/schema\/person\/16150d28d7ef66ba788c1f87f28c4426\"},\"headline\":\"Concerto de l\u2019ind\u00e9pendance pour la solidarit\u00e9\u00a0: Yop City re\u00e7oit les festivit\u00e9s\",\"datePublished\":\"2022-07-13T09:39:59+00:00\",\"dateModified\":\"2022-07-20T09:19:08+00:00\",\"mainEntityOfPage\":{\"@id\":\"https:\/\/7culture.ci\/index.php\/2022\/07\/13\/concerto-de-lindependance-pour-la-solidarite-yop-city-recoit-les-festivites\/\"},\"wordCount\":346,\"commentCount\":0,\"publisher\":{\"@id\":\"https:\/\/7culture.ci\/#organization\"},\"articleSection\":[\"Musique\"],\"inLanguage\":\"fr-FR\",\"potentialAction\":[{\"@type\":\"CommentAction\",\"name\":\"Comment\",\"target\":[\"https:\/\/7culture.ci\/index.php\/2022\/07\/13\/concerto-de-lindependance-pour-la-solidarite-yop-city-recoit-les-festivites\/#respond\"]}]},{\"@type\":\"WebPage\",\"@id\":\"https:\/\/7culture.ci\/index.php\/2022\/07\/13\/concerto-de-lindependance-pour-la-solidarite-yop-city-recoit-les-festivites\/\",\"url\":\"https:\/\/7culture.ci\/index.php\/2022\/07\/13\/concerto-de-lindependance-pour-la-solidarite-yop-city-recoit-les-festivites\/\",\"name\":\"Concerto de l\u2019ind\u00e9pendance pour la solidarit\u00e9\u00a0: Yop City re\u00e7oit les festivit\u00e9s -\",\"isPartOf\":{\"@id\":\"https:\/\/7culture.ci\/#website\"},\"datePublished\":\"2022-07-13T09:39:59+00:00\",\"dateModified\":\"2022-07-20T09:19:08+00:00\",\"breadcrumb\":{\"@id\":\"https:\/\/7culture.ci\/index.php\/2022\/07\/13\/concerto-de-lindependance-pour-la-solidarite-yop-city-recoit-les-festivites\/#breadcrumb\"},\"inLanguage\":\"fr-FR\",\"potentialAction\":[{\"@type\":\"ReadAction\",\"target\":[\"https:\/\/7culture.ci\/index.php\/2022\/07\/13\/concerto-de-lindependance-pour-la-solidarite-yop-city-recoit-les-festivites\/\"]}]},{\"@type\":\"BreadcrumbList\",\"@id\":\"https:\/\/7culture.ci\/index.php\/2022\/07\/13\/concerto-de-lindependance-pour-la-solidarite-yop-city-recoit-les-festivites\/#breadcrumb\",\"itemListElement\":[{\"@type\":\"ListItem\",\"position\":1,\"name\":\"Accueil\",\"item\":\"https:\/\/7culture.ci\/\"},{\"@type\":\"ListItem\",\"position\":2,\"name\":\"Concerto de l\u2019ind\u00e9pendance pour la solidarit\u00e9\u00a0: Yop City re\u00e7oit les festivit\u00e9s\"}]},{\"@type\":\"WebSite\",\"@id\":\"https:\/\/7culture.ci\/#website\",\"url\":\"https:\/\/7culture.ci\/\",\"name\":\"7culture\",\"description\":\"Tout sur l&#039;actualit\u00e9\",\"publisher\":{\"@id\":\"https:\/\/7culture.ci\/#organization\"},\"potentialAction\":[{\"@type\":\"SearchAction\",\"target\":{\"@type\":\"EntryPoint\",\"urlTemplate\":\"https:\/\/7culture.ci\/?s={search_term_string}\"},\"query-input\":\"required name=search_term_string\"}],\"inLanguage\":\"fr-FR\"},{\"@type\":\"Organization\",\"@id\":\"https:\/\/7culture.ci\/#organization\",\"name\":\"7culture\",\"url\":\"https:\/\/7culture.ci\/\",\"sameAs\":[\"https:\/\/www.facebook.com\/redchefclaude\",\"https:\/\/twitter.com\/7culturec\"],\"logo\":{\"@type\":\"ImageObject\",\"inLanguage\":\"fr-FR\",\"@id\":\"https:\/\/7culture.ci\/#\/schema\/logo\/image\/\",\"url\":\"https:\/\/7culture.ci\/wp-content\/uploads\/2021\/12\/S1a-1.png\",\"contentUrl\":\"https:\/\/7culture.ci\/wp-content\/uploads\/2021\/12\/S1a-1.png\",\"width\":588,\"height\":192,\"caption\":\"7culture\"},\"image\":{\"@id\":\"https:\/\/7culture.ci\/#\/schema\/logo\/image\/\"}},{\"@type\":\"Person\",\"@id\":\"https:\/\/7culture.ci\/#\/schema\/person\/16150d28d7ef66ba788c1f87f28c4426\",\"name\":\"7culture2020\",\"image\":{\"@type\":\"ImageObject\",\"inLanguage\":\"fr-FR\",\"@id\":\"https:\/\/7culture.ci\/#\/schema\/person\/image\/\",\"url\":\"https:\/\/secure.gravatar.com\/avatar\/9a0784f951306c37bcd065f52844ef95?s=96&d=mm&r=g\",\"contentUrl\":\"https:\/\/secure.gravatar.com\/avatar\/9a0784f951306c37bcd065f52844ef95?s=96&d=mm&r=g\",\"caption\":\"7culture2020\"},\"sameAs\":[\"http:\/\/7culture.ci\",\"Claude.kipre\"],\"url\":\"https:\/\/7culture.ci\/index.php\/author\/7culture2020\/\"}]}<\/script>\n<!-- \/ Yoast SEO plugin. -->","yoast_head_json":{"title":"Concerto de l\u2019ind\u00e9pendance pour la solidarit\u00e9\u00a0: Yop City re\u00e7oit les festivit\u00e9s -","robots":{"index":"index","follow":"follow","max-snippet":"max-snippet:-1","max-image-preview":"max-image-preview:large","max-video-preview":"max-video-preview:-1"},"canonical":"https:\/\/7culture.ci\/index.php\/2022\/07\/13\/concerto-de-lindependance-pour-la-solidarite-yop-city-recoit-les-festivites\/","og_locale":"fr_FR","og_type":"article","og_title":"Concerto de l\u2019ind\u00e9pendance pour la solidarit\u00e9\u00a0: Yop City re\u00e7oit les festivit\u00e9s -","og_description":"\u2018\u2019Le concerto de l\u2019ind\u00e9pendance pour la solidarit\u00e9\u2019\u2019 installe cette ann\u00e9e son quartier g\u00e9n\u00e9ral dans la commune chic et populaire de Yopougon apr\u00e8s une premi\u00e8re \u00e9dition pass\u00e9e Abobo en 2021. Et c\u2019est l\u2019espace Ficgayo qui accueille les festivit\u00e9s du 62e anniversaire de l\u2019accession de la C\u00f4te d\u2019Ivoire \u00e0 la souverainet\u00e9 nationale le 6 ao\u00fbt prochain. Dans &hellip; Concerto de l\u2019ind\u00e9pendance pour la solidarit\u00e9\u00a0: Yop City re\u00e7oit les festivit\u00e9s Lire la suite\u00a0\u00bb","og_url":"https:\/\/7culture.ci\/index.php\/2022\/07\/13\/concerto-de-lindependance-pour-la-solidarite-yop-city-recoit-les-festivites\/","og_site_name":"7culture","article_publisher":"https:\/\/www.facebook.com\/redchefclaude","article_published_time":"2022-07-13T09:39:59+00:00","article_modified_time":"2022-07-20T09:19:08+00:00","og_image":[{"width":579,"height":410,"url":"http:\/\/7culture.ci\/wp-content\/uploads\/2022\/07\/mamadou-fofana-1.jpeg","type":"image\/jpeg"}],"author":"7culture2020","twitter_card":"summary_large_image","twitter_creator":"@7culturec","twitter_site":"@7culturec","twitter_misc":{"\u00c9crit par":"7culture2020","Dur\u00e9e de lecture estim\u00e9e":"3 minutes"},"schema":{"@context":"https:\/\/schema.org","@graph":[{"@type":"Article","@id":"https:\/\/7culture.ci\/index.php\/2022\/07\/13\/concerto-de-lindependance-pour-la-solidarite-yop-city-recoit-les-festivites\/#article","isPartOf":{"@id":"https:\/\/7culture.ci\/index.php\/2022\/07\/13\/concerto-de-lindependance-pour-la-solidarite-yop-city-recoit-les-festivites\/"},"author":{"name":"7culture2020","@id":"https:\/\/7culture.ci\/#\/schema\/person\/16150d28d7ef66ba788c1f87f28c4426"},"headline":"Concerto de l\u2019ind\u00e9pendance pour la solidarit\u00e9\u00a0: Yop City re\u00e7oit les festivit\u00e9s","datePublished":"2022-07-13T09:39:59+00:00","dateModified":"2022-07-20T09:19:08+00:00","mainEntityOfPage":{"@id":"https:\/\/7culture.ci\/index.php\/2022\/07\/13\/concerto-de-lindependance-pour-la-solidarite-yop-city-recoit-les-festivites\/"},"wordCount":346,"commentCount":0,"publisher":{"@id":"https:\/\/7culture.ci\/#organization"},"articleSection":["Musique"],"inLanguage":"fr-FR","potentialAction":[{"@type":"CommentAction","name":"Comment","target":["https:\/\/7culture.ci\/index.php\/2022\/07\/13\/concerto-de-lindependance-pour-la-solidarite-yop-city-recoit-les-festivites\/#respond"]}]},{"@type":"WebPage","@id":"https:\/\/7culture.ci\/index.php\/2022\/07\/13\/concerto-de-lindependance-pour-la-solidarite-yop-city-recoit-les-festivites\/","url":"https:\/\/7culture.ci\/index.php\/2022\/07\/13\/concerto-de-lindependance-pour-la-solidarite-yop-city-recoit-les-festivites\/","name":"Concerto de l\u2019ind\u00e9pendance pour la solidarit\u00e9\u00a0: Yop City re\u00e7oit les festivit\u00e9s -","isPartOf":{"@id":"https:\/\/7culture.ci\/#website"},"datePublished":"2022-07-13T09:39:59+00:00","dateModified":"2022-07-20T09:19:08+00:00","breadcrumb":{"@id":"https:\/\/7culture.ci\/index.php\/2022\/07\/13\/concerto-de-lindependance-pour-la-solidarite-yop-city-recoit-les-festivites\/#breadcrumb"},"inLanguage":"fr-FR","potentialAction":[{"@type":"ReadAction","target":["https:\/\/7culture.ci\/index.php\/2022\/07\/13\/concerto-de-lindependance-pour-la-solidarite-yop-city-recoit-les-festivites\/"]}]},{"@type":"BreadcrumbList","@id":"https:\/\/7culture.ci\/index.php\/2022\/07\/13\/concerto-de-lindependance-pour-la-solidarite-yop-city-recoit-les-festivites\/#breadcrumb","itemListElement":[{"@type":"ListItem","position":1,"name":"Accueil","item":"https:\/\/7culture.ci\/"},{"@type":"ListItem","position":2,"name":"Concerto de l\u2019ind\u00e9pendance pour la solidarit\u00e9\u00a0: Yop City re\u00e7oit les festivit\u00e9s"}]},{"@type":"WebSite","@id":"https:\/\/7culture.ci\/#website","url":"https:\/\/7culture.ci\/","name":"7culture","description":"Tout sur l&#039;actualit\u00e9","publisher":{"@id":"https:\/\/7culture.ci\/#organization"},"potentialAction":[{"@type":"SearchAction","target":{"@type":"EntryPoint","urlTemplate":"https:\/\/7culture.ci\/?s={search_term_string}"},"query-input":"required name=search_term_string"}],"inLanguage":"fr-FR"},{"@type":"Organization","@id":"https:\/\/7culture.ci\/#organization","name":"7culture","url":"https:\/\/7culture.ci\/","sameAs":["https:\/\/www.facebook.com\/redchefclaude","https:\/\/twitter.com\/7culturec"],"logo":{"@type":"ImageObject","inLanguage":"fr-FR","@id":"https:\/\/7culture.ci\/#\/schema\/logo\/image\/","url":"https:\/\/7culture.ci\/wp-content\/uploads\/2021\/12\/S1a-1.png","contentUrl":"https:\/\/7culture.ci\/wp-content\/uploads\/2021\/12\/S1a-1.png","width":588,"height":192,"caption":"7culture"},"image":{"@id":"https:\/\/7culture.ci\/#\/schema\/logo\/image\/"}},{"@type":"Person","@id":"https:\/\/7culture.ci\/#\/schema\/person\/16150d28d7ef66ba788c1f87f28c4426","name":"7culture2020","image":{"@type":"ImageObject","inLanguage":"fr-FR","@id":"https:\/\/7culture.ci\/#\/schema\/person\/image\/","url":"https:\/\/secure.gravatar.com\/avatar\/9a0784f951306c37bcd065f52844ef95?s=96&d=mm&r=g","contentUrl":"https:\/\/secure.gravatar.com\/avatar\/9a0784f951306c37bcd065f52844ef95?s=96&d=mm&r=g","caption":"7culture2020"},"sameAs":["http:\/\/7culture.ci","Claude.kipre"],"url":"https:\/\/7culture.ci\/index.php\/author\/7culture2020\/"}]}},"jetpack_featured_media_url":"https:\/\/7culture.ci\/wp-content\/uploads\/2022\/07\/mamadou-fofana-1.jpeg","jetpack_likes_enabled":true,"jetpack_sharing_enabled":true,"_links":{"self":[{"href":"https:\/\/7culture.ci\/index.php\/wp-json\/wp\/v2\/posts\/22367"}],"collection":[{"href":"https:\/\/7culture.ci\/index.php\/wp-json\/wp\/v2\/posts"}],"about":[{"href":"https:\/\/7culture.ci\/index.php\/wp-json\/wp\/v2\/types\/post"}],"author":[{"embeddable":true,"href":"https:\/\/7culture.ci\/index.php\/wp-json\/wp\/v2\/users\/1"}],"replies":[{"embeddable":true,"href":"https:\/\/7culture.ci\/index.php\/wp-json\/wp\/v2\/comments?post=22367"}],"version-history":[{"count":0,"href":"https:\/\/7culture.ci\/index.php\/wp-json\/wp\/v2\/posts\/22367\/revisions"}],"wp:featuredmedia":[{"embeddable":true,"href":"https:\/\/7culture.ci\/index.php\/wp-json\/wp\/v2\/media\/22373"}],"wp:attachment":[{"href":"https:\/\/7culture.ci\/index.php\/wp-json\/wp\/v2\/media?parent=22367"}],"wp:term":[{"taxonomy":"category","embeddable":true,"href":"https:\/\/7culture.ci\/index.php\/wp-json\/wp\/v2\/categories?post=22367"},{"taxonomy":"post_tag","embeddable":true,"href":"https:\/\/7culture.ci\/index.php\/wp-json\/wp\/v2\/tags?post=22367"}],"curies":[{"name":"wp","href":"https:\/\/api.w.org\/{rel}","templated":true}]}}