{"id":22312,"date":"2022-07-12T16:52:42","date_gmt":"2022-07-12T14:52:42","guid":{"rendered":"https:\/\/7culture.ci\/?p=22312"},"modified":"2022-07-12T16:52:46","modified_gmt":"2022-07-12T14:52:46","slug":"pour-son-double-concert-vda-invite-alpha-blondy-tiken-jah-et-sidiki-diabate","status":"publish","type":"post","link":"https:\/\/7culture.ci\/index.php\/2022\/07\/12\/pour-son-double-concert-vda-invite-alpha-blondy-tiken-jah-et-sidiki-diabate\/","title":{"rendered":"Pour son double concert, VDA invite Alpha Blondy, Tiken Jah et Sidiki Diabat\u00e9"},"content":{"rendered":"\n<p>Le groupe Zouglou, la Voix Des Anges (VDA), fera plaisir \u00e0 ses fans abidjanais en donnant un double concert. Ces \u00e9v\u00e8nements auront lieu les samedi 30 juillet et 6 aout 2022 respectivement au Sofitel Abidjan H\u00f4tel Ivoire \u00e0 Cocody et au palais de la culture \u00e0 Treichville.<\/p>\n\n\n\n<p>Pour cette double repr\u00e9sentation, le duo invite, pour sa premi\u00e8re partie, une cr\u00e8me d\u2019artistes de diff\u00e9rents genres ivoiriens et de la sous-r\u00e9gion ouest africaine. Il s\u2019agit notamment des chanteurs et humoristes de la terre Ivoire Alpha Blondy, Tiken Jah Fakoly, Suspect 95, Elow\u2019n Kiff No Beat, Mulukuku DJ, DJ Kedjevara, Boukary et Le Magnific. Il est \u00e9galement annonc\u00e9 les artistes Greg Burkimbila du Burkina Faso et Sidiki Diabat\u00e9 du Mali.<\/p>\n\n\n\n<p>Ces concerts vont se d\u00e9rouler sous une forte ambiance \u00e0 l\u2019africaine. Ils seront les 2<sup>e<\/sup> et 3<sup>e<\/sup> grands rendez-vous personnels de cette \u00e9quipe de bardes.<\/p>\n\n\n\n<p>Thierry Samuel<\/p>\n","protected":false},"excerpt":{"rendered":"<p>Le groupe Zouglou, la Voix Des Anges (VDA), fera plaisir \u00e0 ses fans abidjanais en donnant un double concert. Ces \u00e9v\u00e8nements auront lieu les samedi 30 juillet et 6 aout 2022 respectivement au Sofitel Abidjan H\u00f4tel Ivoire \u00e0 Cocody et au palais de la culture \u00e0 Treichville. Pour cette double repr\u00e9sentation, le duo invite, pour &hellip;<\/p>\n<p class=\"read-more\"> <a class=\"\" href=\"https:\/\/7culture.ci\/index.php\/2022\/07\/12\/pour-son-double-concert-vda-invite-alpha-blondy-tiken-jah-et-sidiki-diabate\/\"> <span class=\"screen-reader-text\">Pour son double concert, VDA invite Alpha Blondy, Tiken Jah et Sidiki Diabat\u00e9<\/span> Lire la suite\u00a0\u00bb<\/a><\/p>\n","protected":false},"author":1,"featured_media":22313,"comment_status":"open","ping_status":"open","sticky":false,"template":"","format":"standard","meta":{"_mi_skip_tracking":false,"_monsterinsights_sitenote_active":false,"_monsterinsights_sitenote_note":"","_monsterinsights_sitenote_category":0,"site-sidebar-layout":"default","site-content-layout":"default","ast-global-header-display":"","ast-main-header-display":"","ast-hfb-above-header-display":"","ast-hfb-below-header-display":"","ast-hfb-mobile-header-display":"","site-post-title":"","ast-breadcrumbs-content":"","ast-featured-img":"","footer-sml-layout":"","theme-transparent-header-meta":"","adv-header-id-meta":"","stick-header-meta":"","header-above-stick-meta":"","header-main-stick-meta":"","header-below-stick-meta":"","footnotes":"","jetpack_publicize_message":"","jetpack_is_tweetstorm":false,"jetpack_publicize_feature_enabled":true},"categories":[16],"tags":[],"jetpack_publicize_connections":[],"acf":[],"aioseo_notices":[],"yoast_head":"<!-- This site is optimized with the Yoast SEO plugin v19.6.1 - https:\/\/yoast.com\/wordpress\/plugins\/seo\/ -->\n<title>Pour son double concert, VDA invite Alpha Blondy, Tiken Jah et Sidiki Diabat\u00e9 -<\/title>\n<meta name=\"robots\" content=\"index, follow, max-snippet:-1, max-image-preview:large, max-video-preview:-1\" \/>\n<link rel=\"canonical\" href=\"https:\/\/7culture.ci\/index.php\/2022\/07\/12\/pour-son-double-concert-vda-invite-alpha-blondy-tiken-jah-et-sidiki-diabate\/\" \/>\n<meta property=\"og:locale\" content=\"fr_FR\" \/>\n<meta property=\"og:type\" content=\"article\" \/>\n<meta property=\"og:title\" content=\"Pour son double concert, VDA invite Alpha Blondy, Tiken Jah et Sidiki Diabat\u00e9 -\" \/>\n<meta property=\"og:description\" content=\"Le groupe Zouglou, la Voix Des Anges (VDA), fera plaisir \u00e0 ses fans abidjanais en donnant un double concert. Ces \u00e9v\u00e8nements auront lieu les samedi 30 juillet et 6 aout 2022 respectivement au Sofitel Abidjan H\u00f4tel Ivoire \u00e0 Cocody et au palais de la culture \u00e0 Treichville. Pour cette double repr\u00e9sentation, le duo invite, pour &hellip; Pour son double concert, VDA invite Alpha Blondy, Tiken Jah et Sidiki Diabat\u00e9 Lire la suite\u00a0\u00bb\" \/>\n<meta property=\"og:url\" content=\"https:\/\/7culture.ci\/index.php\/2022\/07\/12\/pour-son-double-concert-vda-invite-alpha-blondy-tiken-jah-et-sidiki-diabate\/\" \/>\n<meta property=\"og:site_name\" content=\"7culture\" \/>\n<meta property=\"article:publisher\" content=\"https:\/\/www.facebook.com\/redchefclaude\" \/>\n<meta property=\"article:published_time\" content=\"2022-07-12T14:52:42+00:00\" \/>\n<meta property=\"article:modified_time\" content=\"2022-07-12T14:52:46+00:00\" \/>\n<meta property=\"og:image\" content=\"http:\/\/7culture.ci\/wp-content\/uploads\/2022\/07\/WhatsApp-Image-2022-07-12-at-13.11.12-2.jpeg\" \/>\n\t<meta property=\"og:image:width\" content=\"715\" \/>\n\t<meta property=\"og:image:height\" content=\"477\" \/>\n\t<meta property=\"og:image:type\" content=\"image\/jpeg\" \/>\n<meta name=\"author\" content=\"7culture2020\" \/>\n<meta name=\"twitter:card\" content=\"summary_large_image\" \/>\n<meta name=\"twitter:creator\" content=\"@7culturec\" \/>\n<meta name=\"twitter:site\" content=\"@7culturec\" \/>\n<meta name=\"twitter:label1\" content=\"\u00c9crit par\" \/>\n\t<meta name=\"twitter:data1\" content=\"7culture2020\" \/>\n\t<meta name=\"twitter:label2\" content=\"Dur\u00e9e de lecture estim\u00e9e\" \/>\n\t<meta name=\"twitter:data2\" content=\"1 minute\" \/>\n<script type=\"application\/ld+json\" class=\"yoast-schema-graph\">{\"@context\":\"https:\/\/schema.org\",\"@graph\":[{\"@type\":\"Article\",\"@id\":\"https:\/\/7culture.ci\/index.php\/2022\/07\/12\/pour-son-double-concert-vda-invite-alpha-blondy-tiken-jah-et-sidiki-diabate\/#article\",\"isPartOf\":{\"@id\":\"https:\/\/7culture.ci\/index.php\/2022\/07\/12\/pour-son-double-concert-vda-invite-alpha-blondy-tiken-jah-et-sidiki-diabate\/\"},\"author\":{\"name\":\"7culture2020\",\"@id\":\"https:\/\/7culture.ci\/#\/schema\/person\/16150d28d7ef66ba788c1f87f28c4426\"},\"headline\":\"Pour son double concert, VDA invite Alpha Blondy, Tiken Jah et Sidiki Diabat\u00e9\",\"datePublished\":\"2022-07-12T14:52:42+00:00\",\"dateModified\":\"2022-07-12T14:52:46+00:00\",\"mainEntityOfPage\":{\"@id\":\"https:\/\/7culture.ci\/index.php\/2022\/07\/12\/pour-son-double-concert-vda-invite-alpha-blondy-tiken-jah-et-sidiki-diabate\/\"},\"wordCount\":161,\"commentCount\":0,\"publisher\":{\"@id\":\"https:\/\/7culture.ci\/#organization\"},\"articleSection\":[\"Musique\"],\"inLanguage\":\"fr-FR\",\"potentialAction\":[{\"@type\":\"CommentAction\",\"name\":\"Comment\",\"target\":[\"https:\/\/7culture.ci\/index.php\/2022\/07\/12\/pour-son-double-concert-vda-invite-alpha-blondy-tiken-jah-et-sidiki-diabate\/#respond\"]}]},{\"@type\":\"WebPage\",\"@id\":\"https:\/\/7culture.ci\/index.php\/2022\/07\/12\/pour-son-double-concert-vda-invite-alpha-blondy-tiken-jah-et-sidiki-diabate\/\",\"url\":\"https:\/\/7culture.ci\/index.php\/2022\/07\/12\/pour-son-double-concert-vda-invite-alpha-blondy-tiken-jah-et-sidiki-diabate\/\",\"name\":\"Pour son double concert, VDA invite Alpha Blondy, Tiken Jah et Sidiki Diabat\u00e9 -\",\"isPartOf\":{\"@id\":\"https:\/\/7culture.ci\/#website\"},\"datePublished\":\"2022-07-12T14:52:42+00:00\",\"dateModified\":\"2022-07-12T14:52:46+00:00\",\"breadcrumb\":{\"@id\":\"https:\/\/7culture.ci\/index.php\/2022\/07\/12\/pour-son-double-concert-vda-invite-alpha-blondy-tiken-jah-et-sidiki-diabate\/#breadcrumb\"},\"inLanguage\":\"fr-FR\",\"potentialAction\":[{\"@type\":\"ReadAction\",\"target\":[\"https:\/\/7culture.ci\/index.php\/2022\/07\/12\/pour-son-double-concert-vda-invite-alpha-blondy-tiken-jah-et-sidiki-diabate\/\"]}]},{\"@type\":\"BreadcrumbList\",\"@id\":\"https:\/\/7culture.ci\/index.php\/2022\/07\/12\/pour-son-double-concert-vda-invite-alpha-blondy-tiken-jah-et-sidiki-diabate\/#breadcrumb\",\"itemListElement\":[{\"@type\":\"ListItem\",\"position\":1,\"name\":\"Accueil\",\"item\":\"https:\/\/7culture.ci\/\"},{\"@type\":\"ListItem\",\"position\":2,\"name\":\"Pour son double concert, VDA invite Alpha Blondy, Tiken Jah et Sidiki Diabat\u00e9\"}]},{\"@type\":\"WebSite\",\"@id\":\"https:\/\/7culture.ci\/#website\",\"url\":\"https:\/\/7culture.ci\/\",\"name\":\"7culture\",\"description\":\"Tout sur l&#039;actualit\u00e9\",\"publisher\":{\"@id\":\"https:\/\/7culture.ci\/#organization\"},\"potentialAction\":[{\"@type\":\"SearchAction\",\"target\":{\"@type\":\"EntryPoint\",\"urlTemplate\":\"https:\/\/7culture.ci\/?s={search_term_string}\"},\"query-input\":\"required name=search_term_string\"}],\"inLanguage\":\"fr-FR\"},{\"@type\":\"Organization\",\"@id\":\"https:\/\/7culture.ci\/#organization\",\"name\":\"7culture\",\"url\":\"https:\/\/7culture.ci\/\",\"sameAs\":[\"https:\/\/www.facebook.com\/redchefclaude\",\"https:\/\/twitter.com\/7culturec\"],\"logo\":{\"@type\":\"ImageObject\",\"inLanguage\":\"fr-FR\",\"@id\":\"https:\/\/7culture.ci\/#\/schema\/logo\/image\/\",\"url\":\"https:\/\/7culture.ci\/wp-content\/uploads\/2021\/12\/S1a-1.png\",\"contentUrl\":\"https:\/\/7culture.ci\/wp-content\/uploads\/2021\/12\/S1a-1.png\",\"width\":588,\"height\":192,\"caption\":\"7culture\"},\"image\":{\"@id\":\"https:\/\/7culture.ci\/#\/schema\/logo\/image\/\"}},{\"@type\":\"Person\",\"@id\":\"https:\/\/7culture.ci\/#\/schema\/person\/16150d28d7ef66ba788c1f87f28c4426\",\"name\":\"7culture2020\",\"image\":{\"@type\":\"ImageObject\",\"inLanguage\":\"fr-FR\",\"@id\":\"https:\/\/7culture.ci\/#\/schema\/person\/image\/\",\"url\":\"https:\/\/secure.gravatar.com\/avatar\/9a0784f951306c37bcd065f52844ef95?s=96&d=mm&r=g\",\"contentUrl\":\"https:\/\/secure.gravatar.com\/avatar\/9a0784f951306c37bcd065f52844ef95?s=96&d=mm&r=g\",\"caption\":\"7culture2020\"},\"sameAs\":[\"http:\/\/7culture.ci\",\"Claude.kipre\"],\"url\":\"https:\/\/7culture.ci\/index.php\/author\/7culture2020\/\"}]}<\/script>\n<!-- \/ Yoast SEO plugin. -->","yoast_head_json":{"title":"Pour son double concert, VDA invite Alpha Blondy, Tiken Jah et Sidiki Diabat\u00e9 -","robots":{"index":"index","follow":"follow","max-snippet":"max-snippet:-1","max-image-preview":"max-image-preview:large","max-video-preview":"max-video-preview:-1"},"canonical":"https:\/\/7culture.ci\/index.php\/2022\/07\/12\/pour-son-double-concert-vda-invite-alpha-blondy-tiken-jah-et-sidiki-diabate\/","og_locale":"fr_FR","og_type":"article","og_title":"Pour son double concert, VDA invite Alpha Blondy, Tiken Jah et Sidiki Diabat\u00e9 -","og_description":"Le groupe Zouglou, la Voix Des Anges (VDA), fera plaisir \u00e0 ses fans abidjanais en donnant un double concert. Ces \u00e9v\u00e8nements auront lieu les samedi 30 juillet et 6 aout 2022 respectivement au Sofitel Abidjan H\u00f4tel Ivoire \u00e0 Cocody et au palais de la culture \u00e0 Treichville. Pour cette double repr\u00e9sentation, le duo invite, pour &hellip; Pour son double concert, VDA invite Alpha Blondy, Tiken Jah et Sidiki Diabat\u00e9 Lire la suite\u00a0\u00bb","og_url":"https:\/\/7culture.ci\/index.php\/2022\/07\/12\/pour-son-double-concert-vda-invite-alpha-blondy-tiken-jah-et-sidiki-diabate\/","og_site_name":"7culture","article_publisher":"https:\/\/www.facebook.com\/redchefclaude","article_published_time":"2022-07-12T14:52:42+00:00","article_modified_time":"2022-07-12T14:52:46+00:00","og_image":[{"width":715,"height":477,"url":"http:\/\/7culture.ci\/wp-content\/uploads\/2022\/07\/WhatsApp-Image-2022-07-12-at-13.11.12-2.jpeg","type":"image\/jpeg"}],"author":"7culture2020","twitter_card":"summary_large_image","twitter_creator":"@7culturec","twitter_site":"@7culturec","twitter_misc":{"\u00c9crit par":"7culture2020","Dur\u00e9e de lecture estim\u00e9e":"1 minute"},"schema":{"@context":"https:\/\/schema.org","@graph":[{"@type":"Article","@id":"https:\/\/7culture.ci\/index.php\/2022\/07\/12\/pour-son-double-concert-vda-invite-alpha-blondy-tiken-jah-et-sidiki-diabate\/#article","isPartOf":{"@id":"https:\/\/7culture.ci\/index.php\/2022\/07\/12\/pour-son-double-concert-vda-invite-alpha-blondy-tiken-jah-et-sidiki-diabate\/"},"author":{"name":"7culture2020","@id":"https:\/\/7culture.ci\/#\/schema\/person\/16150d28d7ef66ba788c1f87f28c4426"},"headline":"Pour son double concert, VDA invite Alpha Blondy, Tiken Jah et Sidiki Diabat\u00e9","datePublished":"2022-07-12T14:52:42+00:00","dateModified":"2022-07-12T14:52:46+00:00","mainEntityOfPage":{"@id":"https:\/\/7culture.ci\/index.php\/2022\/07\/12\/pour-son-double-concert-vda-invite-alpha-blondy-tiken-jah-et-sidiki-diabate\/"},"wordCount":161,"commentCount":0,"publisher":{"@id":"https:\/\/7culture.ci\/#organization"},"articleSection":["Musique"],"inLanguage":"fr-FR","potentialAction":[{"@type":"CommentAction","name":"Comment","target":["https:\/\/7culture.ci\/index.php\/2022\/07\/12\/pour-son-double-concert-vda-invite-alpha-blondy-tiken-jah-et-sidiki-diabate\/#respond"]}]},{"@type":"WebPage","@id":"https:\/\/7culture.ci\/index.php\/2022\/07\/12\/pour-son-double-concert-vda-invite-alpha-blondy-tiken-jah-et-sidiki-diabate\/","url":"https:\/\/7culture.ci\/index.php\/2022\/07\/12\/pour-son-double-concert-vda-invite-alpha-blondy-tiken-jah-et-sidiki-diabate\/","name":"Pour son double concert, VDA invite Alpha Blondy, Tiken Jah et Sidiki Diabat\u00e9 -","isPartOf":{"@id":"https:\/\/7culture.ci\/#website"},"datePublished":"2022-07-12T14:52:42+00:00","dateModified":"2022-07-12T14:52:46+00:00","breadcrumb":{"@id":"https:\/\/7culture.ci\/index.php\/2022\/07\/12\/pour-son-double-concert-vda-invite-alpha-blondy-tiken-jah-et-sidiki-diabate\/#breadcrumb"},"inLanguage":"fr-FR","potentialAction":[{"@type":"ReadAction","target":["https:\/\/7culture.ci\/index.php\/2022\/07\/12\/pour-son-double-concert-vda-invite-alpha-blondy-tiken-jah-et-sidiki-diabate\/"]}]},{"@type":"BreadcrumbList","@id":"https:\/\/7culture.ci\/index.php\/2022\/07\/12\/pour-son-double-concert-vda-invite-alpha-blondy-tiken-jah-et-sidiki-diabate\/#breadcrumb","itemListElement":[{"@type":"ListItem","position":1,"name":"Accueil","item":"https:\/\/7culture.ci\/"},{"@type":"ListItem","position":2,"name":"Pour son double concert, VDA invite Alpha Blondy, Tiken Jah et Sidiki Diabat\u00e9"}]},{"@type":"WebSite","@id":"https:\/\/7culture.ci\/#website","url":"https:\/\/7culture.ci\/","name":"7culture","description":"Tout sur l&#039;actualit\u00e9","publisher":{"@id":"https:\/\/7culture.ci\/#organization"},"potentialAction":[{"@type":"SearchAction","target":{"@type":"EntryPoint","urlTemplate":"https:\/\/7culture.ci\/?s={search_term_string}"},"query-input":"required name=search_term_string"}],"inLanguage":"fr-FR"},{"@type":"Organization","@id":"https:\/\/7culture.ci\/#organization","name":"7culture","url":"https:\/\/7culture.ci\/","sameAs":["https:\/\/www.facebook.com\/redchefclaude","https:\/\/twitter.com\/7culturec"],"logo":{"@type":"ImageObject","inLanguage":"fr-FR","@id":"https:\/\/7culture.ci\/#\/schema\/logo\/image\/","url":"https:\/\/7culture.ci\/wp-content\/uploads\/2021\/12\/S1a-1.png","contentUrl":"https:\/\/7culture.ci\/wp-content\/uploads\/2021\/12\/S1a-1.png","width":588,"height":192,"caption":"7culture"},"image":{"@id":"https:\/\/7culture.ci\/#\/schema\/logo\/image\/"}},{"@type":"Person","@id":"https:\/\/7culture.ci\/#\/schema\/person\/16150d28d7ef66ba788c1f87f28c4426","name":"7culture2020","image":{"@type":"ImageObject","inLanguage":"fr-FR","@id":"https:\/\/7culture.ci\/#\/schema\/person\/image\/","url":"https:\/\/secure.gravatar.com\/avatar\/9a0784f951306c37bcd065f52844ef95?s=96&d=mm&r=g","contentUrl":"https:\/\/secure.gravatar.com\/avatar\/9a0784f951306c37bcd065f52844ef95?s=96&d=mm&r=g","caption":"7culture2020"},"sameAs":["http:\/\/7culture.ci","Claude.kipre"],"url":"https:\/\/7culture.ci\/index.php\/author\/7culture2020\/"}]}},"jetpack_featured_media_url":"https:\/\/7culture.ci\/wp-content\/uploads\/2022\/07\/WhatsApp-Image-2022-07-12-at-13.11.12-2.jpeg","jetpack_likes_enabled":true,"jetpack_sharing_enabled":true,"_links":{"self":[{"href":"https:\/\/7culture.ci\/index.php\/wp-json\/wp\/v2\/posts\/22312"}],"collection":[{"href":"https:\/\/7culture.ci\/index.php\/wp-json\/wp\/v2\/posts"}],"about":[{"href":"https:\/\/7culture.ci\/index.php\/wp-json\/wp\/v2\/types\/post"}],"author":[{"embeddable":true,"href":"https:\/\/7culture.ci\/index.php\/wp-json\/wp\/v2\/users\/1"}],"replies":[{"embeddable":true,"href":"https:\/\/7culture.ci\/index.php\/wp-json\/wp\/v2\/comments?post=22312"}],"version-history":[{"count":0,"href":"https:\/\/7culture.ci\/index.php\/wp-json\/wp\/v2\/posts\/22312\/revisions"}],"wp:featuredmedia":[{"embeddable":true,"href":"https:\/\/7culture.ci\/index.php\/wp-json\/wp\/v2\/media\/22313"}],"wp:attachment":[{"href":"https:\/\/7culture.ci\/index.php\/wp-json\/wp\/v2\/media?parent=22312"}],"wp:term":[{"taxonomy":"category","embeddable":true,"href":"https:\/\/7culture.ci\/index.php\/wp-json\/wp\/v2\/categories?post=22312"},{"taxonomy":"post_tag","embeddable":true,"href":"https:\/\/7culture.ci\/index.php\/wp-json\/wp\/v2\/tags?post=22312"}],"curies":[{"name":"wp","href":"https:\/\/api.w.org\/{rel}","templated":true}]}}