{"id":22287,"date":"2022-07-12T16:12:05","date_gmt":"2022-07-12T14:12:05","guid":{"rendered":"https:\/\/7culture.ci\/?p=22287"},"modified":"2022-07-13T11:44:03","modified_gmt":"2022-07-13T09:44:03","slug":"bouake-oufle-3-les-patrons-obams-lino-versace-moliere-suspect-95-font-le-show","status":"publish","type":"post","link":"https:\/\/7culture.ci\/index.php\/2022\/07\/12\/bouake-oufle-3-les-patrons-obams-lino-versace-moliere-suspect-95-font-le-show\/","title":{"rendered":"Bouak\u00e9 Oufl\u00ea 3\u00a0: Les Patrons, Obam\u2019s, Lino Versace, Moli\u00e8re, Suspect 95\u2026 font le show"},"content":{"rendered":"\n<p>Des pr\u00e9cipitions intermittentes ont fortement perturb\u00e9 toutes les activit\u00e9s de la ville le week-end dernier. Malgr\u00e9 cette m\u00e9t\u00e9o capricieuse, la 3<sup>e<\/sup> \u00e9dition du Festival Bouak\u00e9 Oufl\u00ea a tenu toutes ses promesses dans la capitale de la r\u00e9gion du Gb\u00eak\u00ea les 8, 9 et 10 juillet dernier sur le c\u00e9l\u00e8bre Boulevard du Carnaval.<\/p>\n\n\n\n<p>C\u2019est \u00e0 Suspect 95 qu\u2019est venu l\u2019honneur de clore le festival le dimanche dernier et il l\u2019a fait de fort belle mani\u00e8re. Devant un public constitu\u00e9 majoritairement d\u2019ados, le rappeur a trouv\u00e9 du pain b\u00e9ni pour passer son message qui oppose les festivaliers. D\u2019un c\u00f4t\u00e9, il y a les gar\u00e7ons, partisans ind\u00e9fectibles du chanteur. Et de l\u2019autre c\u00f4t\u00e9, les filles qui rejettent tout ce que l\u2019artiste leur reproche. Entre les deux positions, l\u2019ambiance est \u00e0 son paroxysme et Suspect 95 a tenu la foule en haleine pendant 1h30. Son flow et le verbe qui va avec, ont litt\u00e9ralement mis le public \u00e0 ses pieds de telle sorte qu\u2019il a donn\u00e9 du fil \u00e0 retordre aux forces de s\u00e9curit\u00e9 du site. \u2018<em>\u2019J\u2019ai envie<\/em>\u2019\u2019, \u2018<em>\u2019Enfants des gens\u2019\u2019<\/em>, \u2018<em>\u2019Enfant de boss\u2019\u2019<\/em>, \u2018<em>\u2019Ma seule petite\u2019<\/em>\u2019 et \u2018\u2019<em>Hosanna<\/em>\u2019\u2019 ont \u00e9t\u00e9 des moments de pur bonheur pour le public.<\/p>\n\n\n\n<figure class=\"wp-block-gallery has-nested-images columns-default is-cropped wp-block-gallery-1 is-layout-flex wp-block-gallery-is-layout-flex\">\n<figure class=\"wp-block-image size-large\"><img loading=\"lazy\" decoding=\"async\" width=\"1024\" height=\"683\" data-id=\"22292\" src=\"https:\/\/7culture.ci\/wp-content\/uploads\/2022\/07\/4-4-1024x683.jpeg\" alt=\"\" class=\"wp-image-22292\" srcset=\"https:\/\/7culture.ci\/wp-content\/uploads\/2022\/07\/4-4-1024x683.jpeg 1024w, https:\/\/7culture.ci\/wp-content\/uploads\/2022\/07\/4-4-300x200.jpeg 300w, https:\/\/7culture.ci\/wp-content\/uploads\/2022\/07\/4-4-768x512.jpeg 768w, https:\/\/7culture.ci\/wp-content\/uploads\/2022\/07\/4-4.jpeg 1080w\" sizes=\"(max-width: 1024px) 100vw, 1024px\" \/><\/figure>\n\n\n\n<figure class=\"wp-block-image size-large\"><img loading=\"lazy\" decoding=\"async\" width=\"1024\" height=\"683\" data-id=\"22294\" src=\"https:\/\/7culture.ci\/wp-content\/uploads\/2022\/07\/7-3-1024x683.jpeg\" alt=\"\" class=\"wp-image-22294\" srcset=\"https:\/\/7culture.ci\/wp-content\/uploads\/2022\/07\/7-3-1024x683.jpeg 1024w, https:\/\/7culture.ci\/wp-content\/uploads\/2022\/07\/7-3-300x200.jpeg 300w, https:\/\/7culture.ci\/wp-content\/uploads\/2022\/07\/7-3-768x512.jpeg 768w, https:\/\/7culture.ci\/wp-content\/uploads\/2022\/07\/7-3.jpeg 1080w\" sizes=\"(max-width: 1024px) 100vw, 1024px\" \/><\/figure>\n\n\n\n<figure class=\"wp-block-image size-large\"><img loading=\"lazy\" decoding=\"async\" width=\"1024\" height=\"683\" data-id=\"22293\" src=\"https:\/\/7culture.ci\/wp-content\/uploads\/2022\/07\/8-4-1024x683.jpeg\" alt=\"\" class=\"wp-image-22293\" srcset=\"https:\/\/7culture.ci\/wp-content\/uploads\/2022\/07\/8-4-1024x683.jpeg 1024w, https:\/\/7culture.ci\/wp-content\/uploads\/2022\/07\/8-4-300x200.jpeg 300w, https:\/\/7culture.ci\/wp-content\/uploads\/2022\/07\/8-4-768x512.jpeg 768w, https:\/\/7culture.ci\/wp-content\/uploads\/2022\/07\/8-4.jpeg 1080w\" sizes=\"(max-width: 1024px) 100vw, 1024px\" \/><\/figure>\n<\/figure>\n\n\n\n<p>Le leader du \u2018\u2019Syndicat\u2019\u2019 (des hommes qui refusent de d\u00e9penser sur les femmes) est mont\u00e9 sur la sc\u00e8ne apr\u00e8s Moli\u00e8re et Lino Versace qui avaient chauff\u00e9 l\u2019espace avec leurs diff\u00e9rents tubes repris en ch\u0153ur par les spectateurs. Apr\u00e8s une premi\u00e8re partie assur\u00e9e par des artistes locaux, Lino Versace s\u2019empare de la sc\u00e8ne. L\u2019un des cr\u00e9ateurs du couper-d\u00e9caler prend vite la temp\u00e9rature du public en d\u00e9marrant avec ses titres qui plaisent. La communion est parfaite entre le compagnon de route de Douk\u2019Saga et la foule. Mais le public est plus en extase quand le promoteur de la musique urbaine ivoirienne d\u00e9cide de rendre hommage au Sommet de l\u2019Himalaya et \u00e0 Y\u00f4r\u00f4b\u00f4 en reprenant des titres des deux t\u00eates d\u2019affiche du mouvement qui ont malheureusement quitt\u00e9 pr\u00e9cocement le monde des vivants. Dans son zouglou de conscientisation comme il sait bien le faire, Moli\u00e8re a encore frapp\u00e9 un grand coup au Festival Bouak\u00e9 Oufl\u00ea. Le \u2018\u2019Proph\u00e8te du zouglou\u2019\u2019 a propos\u00e9 un judicieux conducteur avec ses tubes \u2018\u2019Petit Koffi\u2019\u2019, \u2018\u2019Manou\u2019\u2019, \u2018\u2019Maltraitance\u2019\u2019, \u2018\u2019 Sory Kant\u00e9\u2019\u2019, \u2018\u2019Le bon choix\u2019\u2019\u2026 qui ont fait tenir d\u00e9bout le public pendant toute sa prestation.<\/p>\n\n\n\n<p>Comme au dernier jour de Bouak\u00e9 Oufl\u00ea 3, les deux premi\u00e8res nuits du festival ont procur\u00e9 chacun, sa dose de joie aux spectateurs qui revenaient chaque jour.<\/p>\n\n\n\n<figure class=\"wp-block-gallery has-nested-images columns-default is-cropped wp-block-gallery-2 is-layout-flex wp-block-gallery-is-layout-flex\">\n<figure class=\"wp-block-image size-large\"><img loading=\"lazy\" decoding=\"async\" width=\"1024\" height=\"683\" data-id=\"22297\" src=\"https:\/\/7culture.ci\/wp-content\/uploads\/2022\/07\/17-1024x683.jpg\" alt=\"\" class=\"wp-image-22297\" srcset=\"https:\/\/7culture.ci\/wp-content\/uploads\/2022\/07\/17-1024x683.jpg 1024w, https:\/\/7culture.ci\/wp-content\/uploads\/2022\/07\/17-300x200.jpg 300w, https:\/\/7culture.ci\/wp-content\/uploads\/2022\/07\/17-768x512.jpg 768w, https:\/\/7culture.ci\/wp-content\/uploads\/2022\/07\/17-1536x1024.jpg 1536w, https:\/\/7culture.ci\/wp-content\/uploads\/2022\/07\/17.jpg 2048w\" sizes=\"(max-width: 1024px) 100vw, 1024px\" \/><\/figure>\n\n\n\n<figure class=\"wp-block-image size-large\"><img loading=\"lazy\" decoding=\"async\" width=\"1024\" height=\"683\" data-id=\"22295\" src=\"https:\/\/7culture.ci\/wp-content\/uploads\/2022\/07\/19-1024x683.jpg\" alt=\"\" class=\"wp-image-22295\" srcset=\"https:\/\/7culture.ci\/wp-content\/uploads\/2022\/07\/19-1024x683.jpg 1024w, https:\/\/7culture.ci\/wp-content\/uploads\/2022\/07\/19-300x200.jpg 300w, https:\/\/7culture.ci\/wp-content\/uploads\/2022\/07\/19-768x512.jpg 768w, https:\/\/7culture.ci\/wp-content\/uploads\/2022\/07\/19-1536x1024.jpg 1536w, https:\/\/7culture.ci\/wp-content\/uploads\/2022\/07\/19.jpg 2048w\" sizes=\"(max-width: 1024px) 100vw, 1024px\" \/><\/figure>\n\n\n\n<figure class=\"wp-block-image size-large\"><img loading=\"lazy\" decoding=\"async\" width=\"1024\" height=\"683\" data-id=\"22296\" src=\"https:\/\/7culture.ci\/wp-content\/uploads\/2022\/07\/24-1024x683.jpg\" alt=\"\" class=\"wp-image-22296\" srcset=\"https:\/\/7culture.ci\/wp-content\/uploads\/2022\/07\/24-1024x683.jpg 1024w, https:\/\/7culture.ci\/wp-content\/uploads\/2022\/07\/24-300x200.jpg 300w, https:\/\/7culture.ci\/wp-content\/uploads\/2022\/07\/24-768x512.jpg 768w, https:\/\/7culture.ci\/wp-content\/uploads\/2022\/07\/24-1536x1024.jpg 1536w, https:\/\/7culture.ci\/wp-content\/uploads\/2022\/07\/24.jpg 2048w\" sizes=\"(max-width: 1024px) 100vw, 1024px\" \/><\/figure>\n<\/figure>\n\n\n\n<p>Le festival s\u2019est ouvert le vendredi 8 juillet avec Les Patrons, Petit Papou, Ovi\u00e9kan et Francky Dicaprio. La 2<sup>e<\/sup> soir\u00e9e a \u00e9t\u00e9 entretenue par les prestations bien enlev\u00e9es des Leaders, Mamie N\u2019djoul\u00e9, Bi Pomi Junior et surtout Obam\u2019s. D\u00e9v\u00eatu malgr\u00e9 le grand froid qui donnait des frissons, l\u2019artiste a r\u00e9veill\u00e9 la foule avec ses titres et surtout ses pas de danse inimitables.<\/p>\n\n\n\n<figure class=\"wp-block-gallery has-nested-images columns-default is-cropped wp-block-gallery-3 is-layout-flex wp-block-gallery-is-layout-flex\">\n<figure class=\"wp-block-image size-large\"><img loading=\"lazy\" decoding=\"async\" width=\"683\" height=\"1024\" data-id=\"22299\" src=\"https:\/\/7culture.ci\/wp-content\/uploads\/2022\/07\/16-683x1024.jpg\" alt=\"\" class=\"wp-image-22299\" srcset=\"https:\/\/7culture.ci\/wp-content\/uploads\/2022\/07\/16-683x1024.jpg 683w, https:\/\/7culture.ci\/wp-content\/uploads\/2022\/07\/16-200x300.jpg 200w, https:\/\/7culture.ci\/wp-content\/uploads\/2022\/07\/16-768x1152.jpg 768w, https:\/\/7culture.ci\/wp-content\/uploads\/2022\/07\/16-1024x1536.jpg 1024w, https:\/\/7culture.ci\/wp-content\/uploads\/2022\/07\/16.jpg 1365w\" sizes=\"(max-width: 683px) 100vw, 683px\" \/><\/figure>\n\n\n\n<figure class=\"wp-block-image size-large\"><img loading=\"lazy\" decoding=\"async\" width=\"1024\" height=\"683\" data-id=\"22300\" src=\"https:\/\/7culture.ci\/wp-content\/uploads\/2022\/07\/22-1024x683.jpg\" alt=\"\" class=\"wp-image-22300\" srcset=\"https:\/\/7culture.ci\/wp-content\/uploads\/2022\/07\/22-1024x683.jpg 1024w, https:\/\/7culture.ci\/wp-content\/uploads\/2022\/07\/22-300x200.jpg 300w, https:\/\/7culture.ci\/wp-content\/uploads\/2022\/07\/22-768x512.jpg 768w, https:\/\/7culture.ci\/wp-content\/uploads\/2022\/07\/22-1536x1024.jpg 1536w, https:\/\/7culture.ci\/wp-content\/uploads\/2022\/07\/22.jpg 2048w\" sizes=\"(max-width: 1024px) 100vw, 1024px\" \/><\/figure>\n\n\n\n<figure class=\"wp-block-image size-large\"><img loading=\"lazy\" decoding=\"async\" width=\"1024\" height=\"683\" data-id=\"22298\" src=\"https:\/\/7culture.ci\/wp-content\/uploads\/2022\/07\/26-1024x683.jpg\" alt=\"\" class=\"wp-image-22298\" srcset=\"https:\/\/7culture.ci\/wp-content\/uploads\/2022\/07\/26-1024x683.jpg 1024w, https:\/\/7culture.ci\/wp-content\/uploads\/2022\/07\/26-300x200.jpg 300w, https:\/\/7culture.ci\/wp-content\/uploads\/2022\/07\/26-768x512.jpg 768w, https:\/\/7culture.ci\/wp-content\/uploads\/2022\/07\/26-1536x1024.jpg 1536w, https:\/\/7culture.ci\/wp-content\/uploads\/2022\/07\/26.jpg 2048w\" sizes=\"(max-width: 1024px) 100vw, 1024px\" \/><\/figure>\n<\/figure>\n\n\n\n<p>Pour terminer en beaut\u00e9 Bouak\u00e9 Oufl\u00ea 3, l\u2019organisation a rempli l\u2019un des chapitres importants de ce rendez-vous de retrouvailles et rassemblement dans la 2<sup>e<\/sup> grande ville de la C\u00f4te d\u2019Ivoire. Avec Lino Versace, les partenaires du festival et l\u2019ensemble des journalistes, les organisateurs ont fait don de vivres et non-vivres au foyer de la \u2018\u2019Communaut\u00e9 Arche de Bouak\u00e9\u2019\u2019 qui existe depuis 1974. \u00ab&nbsp;<strong><em>Nous souhaiterions que l&#8217;arche soit connu de tous pour que les gens puissent d\u00e9couvrir ce que nous faisons. C\u2019est important pour nous ce que Bouak\u00e9 Oufl\u00ea vient faire. On ne cessera jamais de vous dire merci<\/em><\/strong>&nbsp;\u00bb, a d\u00e9clar\u00e9 &nbsp;Adrien Konan Nguesan, un des encadreurs de ces pensionnaires en situation de handicap intellectuel.<\/p>\n\n\n\n<figure class=\"wp-block-gallery has-nested-images columns-default is-cropped wp-block-gallery-4 is-layout-flex wp-block-gallery-is-layout-flex\">\n<figure class=\"wp-block-image size-large\"><img loading=\"lazy\" decoding=\"async\" width=\"1024\" height=\"683\" data-id=\"22304\" src=\"https:\/\/7culture.ci\/wp-content\/uploads\/2022\/07\/36-1024x683.jpeg\" alt=\"\" class=\"wp-image-22304\" srcset=\"https:\/\/7culture.ci\/wp-content\/uploads\/2022\/07\/36-1024x683.jpeg 1024w, https:\/\/7culture.ci\/wp-content\/uploads\/2022\/07\/36-300x200.jpeg 300w, https:\/\/7culture.ci\/wp-content\/uploads\/2022\/07\/36-768x512.jpeg 768w, https:\/\/7culture.ci\/wp-content\/uploads\/2022\/07\/36.jpeg 1080w\" sizes=\"(max-width: 1024px) 100vw, 1024px\" \/><\/figure>\n\n\n\n<figure class=\"wp-block-image size-large\"><img loading=\"lazy\" decoding=\"async\" width=\"1024\" height=\"683\" data-id=\"22306\" src=\"https:\/\/7culture.ci\/wp-content\/uploads\/2022\/07\/37-1024x683.jpeg\" alt=\"\" class=\"wp-image-22306\" srcset=\"https:\/\/7culture.ci\/wp-content\/uploads\/2022\/07\/37-1024x683.jpeg 1024w, https:\/\/7culture.ci\/wp-content\/uploads\/2022\/07\/37-300x200.jpeg 300w, https:\/\/7culture.ci\/wp-content\/uploads\/2022\/07\/37-768x512.jpeg 768w, https:\/\/7culture.ci\/wp-content\/uploads\/2022\/07\/37.jpeg 1080w\" sizes=\"(max-width: 1024px) 100vw, 1024px\" \/><\/figure>\n\n\n\n<figure class=\"wp-block-image size-large\"><img loading=\"lazy\" decoding=\"async\" width=\"1024\" height=\"683\" data-id=\"22305\" src=\"https:\/\/7culture.ci\/wp-content\/uploads\/2022\/07\/38-1024x683.jpeg\" alt=\"\" class=\"wp-image-22305\" srcset=\"https:\/\/7culture.ci\/wp-content\/uploads\/2022\/07\/38-1024x683.jpeg 1024w, https:\/\/7culture.ci\/wp-content\/uploads\/2022\/07\/38-300x200.jpeg 300w, https:\/\/7culture.ci\/wp-content\/uploads\/2022\/07\/38-768x512.jpeg 768w, https:\/\/7culture.ci\/wp-content\/uploads\/2022\/07\/38.jpeg 1080w\" sizes=\"(max-width: 1024px) 100vw, 1024px\" \/><\/figure>\n<\/figure>\n\n\n\n<p>Au Boulevard du Carnaval qui a abrit\u00e9 le Festival Bouak\u00e9 Oufl\u00ea, il y avait un grand podium aux commodit\u00e9s modernes et des \u00e9crans-relais g\u00e9ants de part et d\u2019autre. Le site bien amen\u00e9 accueillait aussi un espace maquis qui a permis aux festivaliers de se d\u00e9salt\u00e9rer ou de casser la cro\u00fbte en cas de petits creux. De ce lieu de rencontres et retrouvailles entre amis, les spectateurs suivaient le show offert par l\u2019affiche principale. Durant trois jours, les jeunes s\u2019occupaient aux jeux offerts par un mini parc d&#8217;attractions et une salle de gaming climatis\u00e9e pour leur bonheur.<\/p>\n\n\n\n<figure class=\"wp-block-gallery has-nested-images columns-default is-cropped wp-block-gallery-5 is-layout-flex wp-block-gallery-is-layout-flex\">\n<figure class=\"wp-block-image size-large\"><img loading=\"lazy\" decoding=\"async\" width=\"1024\" height=\"683\" data-id=\"22307\" src=\"https:\/\/7culture.ci\/wp-content\/uploads\/2022\/07\/28-1-1024x683.jpg\" alt=\"\" class=\"wp-image-22307\" srcset=\"https:\/\/7culture.ci\/wp-content\/uploads\/2022\/07\/28-1-1024x683.jpg 1024w, https:\/\/7culture.ci\/wp-content\/uploads\/2022\/07\/28-1-300x200.jpg 300w, https:\/\/7culture.ci\/wp-content\/uploads\/2022\/07\/28-1-768x512.jpg 768w, https:\/\/7culture.ci\/wp-content\/uploads\/2022\/07\/28-1-1536x1024.jpg 1536w, https:\/\/7culture.ci\/wp-content\/uploads\/2022\/07\/28-1.jpg 2048w\" sizes=\"(max-width: 1024px) 100vw, 1024px\" \/><\/figure>\n\n\n\n<figure class=\"wp-block-image size-large\"><img loading=\"lazy\" decoding=\"async\" width=\"1024\" height=\"683\" data-id=\"22308\" src=\"https:\/\/7culture.ci\/wp-content\/uploads\/2022\/07\/32-1-1024x683.jpg\" alt=\"\" class=\"wp-image-22308\" srcset=\"https:\/\/7culture.ci\/wp-content\/uploads\/2022\/07\/32-1-1024x683.jpg 1024w, https:\/\/7culture.ci\/wp-content\/uploads\/2022\/07\/32-1-300x200.jpg 300w, https:\/\/7culture.ci\/wp-content\/uploads\/2022\/07\/32-1-768x512.jpg 768w, https:\/\/7culture.ci\/wp-content\/uploads\/2022\/07\/32-1-1536x1024.jpg 1536w, https:\/\/7culture.ci\/wp-content\/uploads\/2022\/07\/32-1.jpg 2048w\" sizes=\"(max-width: 1024px) 100vw, 1024px\" \/><\/figure>\n\n\n\n<figure class=\"wp-block-image size-large\"><img loading=\"lazy\" decoding=\"async\" width=\"1024\" height=\"683\" data-id=\"22309\" src=\"https:\/\/7culture.ci\/wp-content\/uploads\/2022\/07\/34-1-1024x683.jpg\" alt=\"\" class=\"wp-image-22309\" srcset=\"https:\/\/7culture.ci\/wp-content\/uploads\/2022\/07\/34-1-1024x683.jpg 1024w, https:\/\/7culture.ci\/wp-content\/uploads\/2022\/07\/34-1-300x200.jpg 300w, https:\/\/7culture.ci\/wp-content\/uploads\/2022\/07\/34-1-768x512.jpg 768w, https:\/\/7culture.ci\/wp-content\/uploads\/2022\/07\/34-1-1536x1024.jpg 1536w, https:\/\/7culture.ci\/wp-content\/uploads\/2022\/07\/34-1.jpg 2048w\" sizes=\"(max-width: 1024px) 100vw, 1024px\" \/><\/figure>\n<\/figure>\n\n\n\n<p>Par Omar AK<\/p>\n","protected":false},"excerpt":{"rendered":"<p>Des pr\u00e9cipitions intermittentes ont fortement perturb\u00e9 toutes les activit\u00e9s de la ville le week-end dernier. Malgr\u00e9 cette m\u00e9t\u00e9o capricieuse, la 3e \u00e9dition du Festival Bouak\u00e9 Oufl\u00ea a tenu toutes ses promesses dans la capitale de la r\u00e9gion du Gb\u00eak\u00ea les 8, 9 et 10 juillet dernier sur le c\u00e9l\u00e8bre Boulevard du Carnaval. C\u2019est \u00e0 Suspect &hellip;<\/p>\n<p class=\"read-more\"> <a class=\"\" href=\"https:\/\/7culture.ci\/index.php\/2022\/07\/12\/bouake-oufle-3-les-patrons-obams-lino-versace-moliere-suspect-95-font-le-show\/\"> <span class=\"screen-reader-text\">Bouak\u00e9 Oufl\u00ea 3\u00a0: Les Patrons, Obam\u2019s, Lino Versace, Moli\u00e8re, Suspect 95\u2026 font le show<\/span> Lire la suite\u00a0\u00bb<\/a><\/p>\n","protected":false},"author":1,"featured_media":22288,"comment_status":"open","ping_status":"open","sticky":false,"template":"","format":"standard","meta":{"_mi_skip_tracking":false,"_monsterinsights_sitenote_active":false,"_monsterinsights_sitenote_note":"","_monsterinsights_sitenote_category":0,"site-sidebar-layout":"default","site-content-layout":"default","ast-global-header-display":"","ast-main-header-display":"","ast-hfb-above-header-display":"","ast-hfb-below-header-display":"","ast-hfb-mobile-header-display":"","site-post-title":"","ast-breadcrumbs-content":"","ast-featured-img":"","footer-sml-layout":"","theme-transparent-header-meta":"","adv-header-id-meta":"","stick-header-meta":"","header-above-stick-meta":"","header-main-stick-meta":"","header-below-stick-meta":"","footnotes":"","jetpack_publicize_message":"","jetpack_is_tweetstorm":false,"jetpack_publicize_feature_enabled":true},"categories":[16],"tags":[],"jetpack_publicize_connections":[],"acf":[],"aioseo_notices":[],"yoast_head":"<!-- This site is optimized with the Yoast SEO plugin v19.6.1 - https:\/\/yoast.com\/wordpress\/plugins\/seo\/ -->\n<title>Bouak\u00e9 Oufl\u00ea 3\u00a0: Les Patrons, Obam\u2019s, Lino Versace, Moli\u00e8re, Suspect 95\u2026 font le show - 7culture<\/title>\n<meta name=\"robots\" content=\"index, follow, max-snippet:-1, max-image-preview:large, max-video-preview:-1\" \/>\n<link rel=\"canonical\" href=\"https:\/\/7culture.ci\/index.php\/2022\/07\/12\/bouake-oufle-3-les-patrons-obams-lino-versace-moliere-suspect-95-font-le-show\/\" \/>\n<meta property=\"og:locale\" content=\"fr_FR\" \/>\n<meta property=\"og:type\" content=\"article\" \/>\n<meta property=\"og:title\" content=\"Bouak\u00e9 Oufl\u00ea 3\u00a0: Les Patrons, Obam\u2019s, Lino Versace, Moli\u00e8re, Suspect 95\u2026 font le show - 7culture\" \/>\n<meta property=\"og:description\" content=\"Des pr\u00e9cipitions intermittentes ont fortement perturb\u00e9 toutes les activit\u00e9s de la ville le week-end dernier. Malgr\u00e9 cette m\u00e9t\u00e9o capricieuse, la 3e \u00e9dition du Festival Bouak\u00e9 Oufl\u00ea a tenu toutes ses promesses dans la capitale de la r\u00e9gion du Gb\u00eak\u00ea les 8, 9 et 10 juillet dernier sur le c\u00e9l\u00e8bre Boulevard du Carnaval. C\u2019est \u00e0 Suspect &hellip; Bouak\u00e9 Oufl\u00ea 3\u00a0: Les Patrons, Obam\u2019s, Lino Versace, Moli\u00e8re, Suspect 95\u2026 font le show Lire la suite\u00a0\u00bb\" \/>\n<meta property=\"og:url\" content=\"https:\/\/7culture.ci\/index.php\/2022\/07\/12\/bouake-oufle-3-les-patrons-obams-lino-versace-moliere-suspect-95-font-le-show\/\" \/>\n<meta property=\"og:site_name\" content=\"7culture\" \/>\n<meta property=\"article:publisher\" content=\"https:\/\/www.facebook.com\/redchefclaude\" \/>\n<meta property=\"article:published_time\" content=\"2022-07-12T14:12:05+00:00\" \/>\n<meta property=\"article:modified_time\" content=\"2022-07-13T09:44:03+00:00\" \/>\n<meta property=\"og:image\" content=\"http:\/\/7culture.ci\/wp-content\/uploads\/2022\/07\/2-4.jpeg\" \/>\n\t<meta property=\"og:image:width\" content=\"1080\" \/>\n\t<meta property=\"og:image:height\" content=\"720\" \/>\n\t<meta property=\"og:image:type\" content=\"image\/jpeg\" \/>\n<meta name=\"author\" content=\"7culture2020\" \/>\n<meta name=\"twitter:card\" content=\"summary_large_image\" \/>\n<meta name=\"twitter:creator\" content=\"@7culturec\" \/>\n<meta name=\"twitter:site\" content=\"@7culturec\" \/>\n<meta name=\"twitter:label1\" content=\"\u00c9crit par\" \/>\n\t<meta name=\"twitter:data1\" content=\"7culture2020\" \/>\n\t<meta name=\"twitter:label2\" content=\"Dur\u00e9e de lecture estim\u00e9e\" \/>\n\t<meta name=\"twitter:data2\" content=\"7 minutes\" \/>\n<script type=\"application\/ld+json\" class=\"yoast-schema-graph\">{\"@context\":\"https:\/\/schema.org\",\"@graph\":[{\"@type\":\"Article\",\"@id\":\"https:\/\/7culture.ci\/index.php\/2022\/07\/12\/bouake-oufle-3-les-patrons-obams-lino-versace-moliere-suspect-95-font-le-show\/#article\",\"isPartOf\":{\"@id\":\"https:\/\/7culture.ci\/index.php\/2022\/07\/12\/bouake-oufle-3-les-patrons-obams-lino-versace-moliere-suspect-95-font-le-show\/\"},\"author\":{\"name\":\"7culture2020\",\"@id\":\"https:\/\/7culture.ci\/#\/schema\/person\/16150d28d7ef66ba788c1f87f28c4426\"},\"headline\":\"Bouak\u00e9 Oufl\u00ea 3\u00a0: Les Patrons, Obam\u2019s, Lino Versace, Moli\u00e8re, Suspect 95\u2026 font le show\",\"datePublished\":\"2022-07-12T14:12:05+00:00\",\"dateModified\":\"2022-07-13T09:44:03+00:00\",\"mainEntityOfPage\":{\"@id\":\"https:\/\/7culture.ci\/index.php\/2022\/07\/12\/bouake-oufle-3-les-patrons-obams-lino-versace-moliere-suspect-95-font-le-show\/\"},\"wordCount\":766,\"commentCount\":0,\"publisher\":{\"@id\":\"https:\/\/7culture.ci\/#organization\"},\"articleSection\":[\"Musique\"],\"inLanguage\":\"fr-FR\",\"potentialAction\":[{\"@type\":\"CommentAction\",\"name\":\"Comment\",\"target\":[\"https:\/\/7culture.ci\/index.php\/2022\/07\/12\/bouake-oufle-3-les-patrons-obams-lino-versace-moliere-suspect-95-font-le-show\/#respond\"]}]},{\"@type\":\"WebPage\",\"@id\":\"https:\/\/7culture.ci\/index.php\/2022\/07\/12\/bouake-oufle-3-les-patrons-obams-lino-versace-moliere-suspect-95-font-le-show\/\",\"url\":\"https:\/\/7culture.ci\/index.php\/2022\/07\/12\/bouake-oufle-3-les-patrons-obams-lino-versace-moliere-suspect-95-font-le-show\/\",\"name\":\"Bouak\u00e9 Oufl\u00ea 3\u00a0: Les Patrons, Obam\u2019s, Lino Versace, Moli\u00e8re, Suspect 95\u2026 font le show - 7culture\",\"isPartOf\":{\"@id\":\"https:\/\/7culture.ci\/#website\"},\"datePublished\":\"2022-07-12T14:12:05+00:00\",\"dateModified\":\"2022-07-13T09:44:03+00:00\",\"breadcrumb\":{\"@id\":\"https:\/\/7culture.ci\/index.php\/2022\/07\/12\/bouake-oufle-3-les-patrons-obams-lino-versace-moliere-suspect-95-font-le-show\/#breadcrumb\"},\"inLanguage\":\"fr-FR\",\"potentialAction\":[{\"@type\":\"ReadAction\",\"target\":[\"https:\/\/7culture.ci\/index.php\/2022\/07\/12\/bouake-oufle-3-les-patrons-obams-lino-versace-moliere-suspect-95-font-le-show\/\"]}]},{\"@type\":\"BreadcrumbList\",\"@id\":\"https:\/\/7culture.ci\/index.php\/2022\/07\/12\/bouake-oufle-3-les-patrons-obams-lino-versace-moliere-suspect-95-font-le-show\/#breadcrumb\",\"itemListElement\":[{\"@type\":\"ListItem\",\"position\":1,\"name\":\"Accueil\",\"item\":\"https:\/\/7culture.ci\/\"},{\"@type\":\"ListItem\",\"position\":2,\"name\":\"Bouak\u00e9 Oufl\u00ea 3\u00a0: Les Patrons, Obam\u2019s, Lino Versace, Moli\u00e8re, Suspect 95\u2026 font le show\"}]},{\"@type\":\"WebSite\",\"@id\":\"https:\/\/7culture.ci\/#website\",\"url\":\"https:\/\/7culture.ci\/\",\"name\":\"7culture\",\"description\":\"Tout sur l&#039;actualit\u00e9\",\"publisher\":{\"@id\":\"https:\/\/7culture.ci\/#organization\"},\"potentialAction\":[{\"@type\":\"SearchAction\",\"target\":{\"@type\":\"EntryPoint\",\"urlTemplate\":\"https:\/\/7culture.ci\/?s={search_term_string}\"},\"query-input\":\"required name=search_term_string\"}],\"inLanguage\":\"fr-FR\"},{\"@type\":\"Organization\",\"@id\":\"https:\/\/7culture.ci\/#organization\",\"name\":\"7culture\",\"url\":\"https:\/\/7culture.ci\/\",\"sameAs\":[\"https:\/\/www.facebook.com\/redchefclaude\",\"https:\/\/twitter.com\/7culturec\"],\"logo\":{\"@type\":\"ImageObject\",\"inLanguage\":\"fr-FR\",\"@id\":\"https:\/\/7culture.ci\/#\/schema\/logo\/image\/\",\"url\":\"https:\/\/7culture.ci\/wp-content\/uploads\/2021\/12\/S1a-1.png\",\"contentUrl\":\"https:\/\/7culture.ci\/wp-content\/uploads\/2021\/12\/S1a-1.png\",\"width\":588,\"height\":192,\"caption\":\"7culture\"},\"image\":{\"@id\":\"https:\/\/7culture.ci\/#\/schema\/logo\/image\/\"}},{\"@type\":\"Person\",\"@id\":\"https:\/\/7culture.ci\/#\/schema\/person\/16150d28d7ef66ba788c1f87f28c4426\",\"name\":\"7culture2020\",\"image\":{\"@type\":\"ImageObject\",\"inLanguage\":\"fr-FR\",\"@id\":\"https:\/\/7culture.ci\/#\/schema\/person\/image\/\",\"url\":\"https:\/\/secure.gravatar.com\/avatar\/9a0784f951306c37bcd065f52844ef95?s=96&d=mm&r=g\",\"contentUrl\":\"https:\/\/secure.gravatar.com\/avatar\/9a0784f951306c37bcd065f52844ef95?s=96&d=mm&r=g\",\"caption\":\"7culture2020\"},\"sameAs\":[\"http:\/\/7culture.ci\",\"Claude.kipre\"],\"url\":\"https:\/\/7culture.ci\/index.php\/author\/7culture2020\/\"}]}<\/script>\n<!-- \/ Yoast SEO plugin. -->","yoast_head_json":{"title":"Bouak\u00e9 Oufl\u00ea 3\u00a0: Les Patrons, Obam\u2019s, Lino Versace, Moli\u00e8re, Suspect 95\u2026 font le show - 7culture","robots":{"index":"index","follow":"follow","max-snippet":"max-snippet:-1","max-image-preview":"max-image-preview:large","max-video-preview":"max-video-preview:-1"},"canonical":"https:\/\/7culture.ci\/index.php\/2022\/07\/12\/bouake-oufle-3-les-patrons-obams-lino-versace-moliere-suspect-95-font-le-show\/","og_locale":"fr_FR","og_type":"article","og_title":"Bouak\u00e9 Oufl\u00ea 3\u00a0: Les Patrons, Obam\u2019s, Lino Versace, Moli\u00e8re, Suspect 95\u2026 font le show - 7culture","og_description":"Des pr\u00e9cipitions intermittentes ont fortement perturb\u00e9 toutes les activit\u00e9s de la ville le week-end dernier. Malgr\u00e9 cette m\u00e9t\u00e9o capricieuse, la 3e \u00e9dition du Festival Bouak\u00e9 Oufl\u00ea a tenu toutes ses promesses dans la capitale de la r\u00e9gion du Gb\u00eak\u00ea les 8, 9 et 10 juillet dernier sur le c\u00e9l\u00e8bre Boulevard du Carnaval. C\u2019est \u00e0 Suspect &hellip; Bouak\u00e9 Oufl\u00ea 3\u00a0: Les Patrons, Obam\u2019s, Lino Versace, Moli\u00e8re, Suspect 95\u2026 font le show Lire la suite\u00a0\u00bb","og_url":"https:\/\/7culture.ci\/index.php\/2022\/07\/12\/bouake-oufle-3-les-patrons-obams-lino-versace-moliere-suspect-95-font-le-show\/","og_site_name":"7culture","article_publisher":"https:\/\/www.facebook.com\/redchefclaude","article_published_time":"2022-07-12T14:12:05+00:00","article_modified_time":"2022-07-13T09:44:03+00:00","og_image":[{"width":1080,"height":720,"url":"http:\/\/7culture.ci\/wp-content\/uploads\/2022\/07\/2-4.jpeg","type":"image\/jpeg"}],"author":"7culture2020","twitter_card":"summary_large_image","twitter_creator":"@7culturec","twitter_site":"@7culturec","twitter_misc":{"\u00c9crit par":"7culture2020","Dur\u00e9e de lecture estim\u00e9e":"7 minutes"},"schema":{"@context":"https:\/\/schema.org","@graph":[{"@type":"Article","@id":"https:\/\/7culture.ci\/index.php\/2022\/07\/12\/bouake-oufle-3-les-patrons-obams-lino-versace-moliere-suspect-95-font-le-show\/#article","isPartOf":{"@id":"https:\/\/7culture.ci\/index.php\/2022\/07\/12\/bouake-oufle-3-les-patrons-obams-lino-versace-moliere-suspect-95-font-le-show\/"},"author":{"name":"7culture2020","@id":"https:\/\/7culture.ci\/#\/schema\/person\/16150d28d7ef66ba788c1f87f28c4426"},"headline":"Bouak\u00e9 Oufl\u00ea 3\u00a0: Les Patrons, Obam\u2019s, Lino Versace, Moli\u00e8re, Suspect 95\u2026 font le show","datePublished":"2022-07-12T14:12:05+00:00","dateModified":"2022-07-13T09:44:03+00:00","mainEntityOfPage":{"@id":"https:\/\/7culture.ci\/index.php\/2022\/07\/12\/bouake-oufle-3-les-patrons-obams-lino-versace-moliere-suspect-95-font-le-show\/"},"wordCount":766,"commentCount":0,"publisher":{"@id":"https:\/\/7culture.ci\/#organization"},"articleSection":["Musique"],"inLanguage":"fr-FR","potentialAction":[{"@type":"CommentAction","name":"Comment","target":["https:\/\/7culture.ci\/index.php\/2022\/07\/12\/bouake-oufle-3-les-patrons-obams-lino-versace-moliere-suspect-95-font-le-show\/#respond"]}]},{"@type":"WebPage","@id":"https:\/\/7culture.ci\/index.php\/2022\/07\/12\/bouake-oufle-3-les-patrons-obams-lino-versace-moliere-suspect-95-font-le-show\/","url":"https:\/\/7culture.ci\/index.php\/2022\/07\/12\/bouake-oufle-3-les-patrons-obams-lino-versace-moliere-suspect-95-font-le-show\/","name":"Bouak\u00e9 Oufl\u00ea 3\u00a0: Les Patrons, Obam\u2019s, Lino Versace, Moli\u00e8re, Suspect 95\u2026 font le show - 7culture","isPartOf":{"@id":"https:\/\/7culture.ci\/#website"},"datePublished":"2022-07-12T14:12:05+00:00","dateModified":"2022-07-13T09:44:03+00:00","breadcrumb":{"@id":"https:\/\/7culture.ci\/index.php\/2022\/07\/12\/bouake-oufle-3-les-patrons-obams-lino-versace-moliere-suspect-95-font-le-show\/#breadcrumb"},"inLanguage":"fr-FR","potentialAction":[{"@type":"ReadAction","target":["https:\/\/7culture.ci\/index.php\/2022\/07\/12\/bouake-oufle-3-les-patrons-obams-lino-versace-moliere-suspect-95-font-le-show\/"]}]},{"@type":"BreadcrumbList","@id":"https:\/\/7culture.ci\/index.php\/2022\/07\/12\/bouake-oufle-3-les-patrons-obams-lino-versace-moliere-suspect-95-font-le-show\/#breadcrumb","itemListElement":[{"@type":"ListItem","position":1,"name":"Accueil","item":"https:\/\/7culture.ci\/"},{"@type":"ListItem","position":2,"name":"Bouak\u00e9 Oufl\u00ea 3\u00a0: Les Patrons, Obam\u2019s, Lino Versace, Moli\u00e8re, Suspect 95\u2026 font le show"}]},{"@type":"WebSite","@id":"https:\/\/7culture.ci\/#website","url":"https:\/\/7culture.ci\/","name":"7culture","description":"Tout sur l&#039;actualit\u00e9","publisher":{"@id":"https:\/\/7culture.ci\/#organization"},"potentialAction":[{"@type":"SearchAction","target":{"@type":"EntryPoint","urlTemplate":"https:\/\/7culture.ci\/?s={search_term_string}"},"query-input":"required name=search_term_string"}],"inLanguage":"fr-FR"},{"@type":"Organization","@id":"https:\/\/7culture.ci\/#organization","name":"7culture","url":"https:\/\/7culture.ci\/","sameAs":["https:\/\/www.facebook.com\/redchefclaude","https:\/\/twitter.com\/7culturec"],"logo":{"@type":"ImageObject","inLanguage":"fr-FR","@id":"https:\/\/7culture.ci\/#\/schema\/logo\/image\/","url":"https:\/\/7culture.ci\/wp-content\/uploads\/2021\/12\/S1a-1.png","contentUrl":"https:\/\/7culture.ci\/wp-content\/uploads\/2021\/12\/S1a-1.png","width":588,"height":192,"caption":"7culture"},"image":{"@id":"https:\/\/7culture.ci\/#\/schema\/logo\/image\/"}},{"@type":"Person","@id":"https:\/\/7culture.ci\/#\/schema\/person\/16150d28d7ef66ba788c1f87f28c4426","name":"7culture2020","image":{"@type":"ImageObject","inLanguage":"fr-FR","@id":"https:\/\/7culture.ci\/#\/schema\/person\/image\/","url":"https:\/\/secure.gravatar.com\/avatar\/9a0784f951306c37bcd065f52844ef95?s=96&d=mm&r=g","contentUrl":"https:\/\/secure.gravatar.com\/avatar\/9a0784f951306c37bcd065f52844ef95?s=96&d=mm&r=g","caption":"7culture2020"},"sameAs":["http:\/\/7culture.ci","Claude.kipre"],"url":"https:\/\/7culture.ci\/index.php\/author\/7culture2020\/"}]}},"jetpack_featured_media_url":"https:\/\/7culture.ci\/wp-content\/uploads\/2022\/07\/2-4.jpeg","jetpack_likes_enabled":true,"jetpack_sharing_enabled":true,"_links":{"self":[{"href":"https:\/\/7culture.ci\/index.php\/wp-json\/wp\/v2\/posts\/22287"}],"collection":[{"href":"https:\/\/7culture.ci\/index.php\/wp-json\/wp\/v2\/posts"}],"about":[{"href":"https:\/\/7culture.ci\/index.php\/wp-json\/wp\/v2\/types\/post"}],"author":[{"embeddable":true,"href":"https:\/\/7culture.ci\/index.php\/wp-json\/wp\/v2\/users\/1"}],"replies":[{"embeddable":true,"href":"https:\/\/7culture.ci\/index.php\/wp-json\/wp\/v2\/comments?post=22287"}],"version-history":[{"count":0,"href":"https:\/\/7culture.ci\/index.php\/wp-json\/wp\/v2\/posts\/22287\/revisions"}],"wp:featuredmedia":[{"embeddable":true,"href":"https:\/\/7culture.ci\/index.php\/wp-json\/wp\/v2\/media\/22288"}],"wp:attachment":[{"href":"https:\/\/7culture.ci\/index.php\/wp-json\/wp\/v2\/media?parent=22287"}],"wp:term":[{"taxonomy":"category","embeddable":true,"href":"https:\/\/7culture.ci\/index.php\/wp-json\/wp\/v2\/categories?post=22287"},{"taxonomy":"post_tag","embeddable":true,"href":"https:\/\/7culture.ci\/index.php\/wp-json\/wp\/v2\/tags?post=22287"}],"curies":[{"name":"wp","href":"https:\/\/api.w.org\/{rel}","templated":true}]}}