{"id":22281,"date":"2022-07-11T13:13:53","date_gmt":"2022-07-11T11:13:53","guid":{"rendered":"https:\/\/7culture.ci\/?p=22281"},"modified":"2022-07-11T13:13:57","modified_gmt":"2022-07-11T11:13:57","slug":"prix-rfi-theatre-2022-l-ivoirienne-maimouna-sy-parmi-les-preselectionnes","status":"publish","type":"post","link":"https:\/\/7culture.ci\/index.php\/2022\/07\/11\/prix-rfi-theatre-2022-l-ivoirienne-maimouna-sy-parmi-les-preselectionnes\/","title":{"rendered":"Prix RFI Th\u00e9\u00e2tre 2022, l Ivoirienne Ma\u00efmouna Sy, parmi les pr\u00e9s\u00e9lectionn\u00e9s"},"content":{"rendered":"\n<p><strong><em>Le 25 septembre 2022 \u00e0 Limoges, la Radio France Internationale (RFI) donne le verdict de la 9<sup>\u00e8me<\/sup>&nbsp;\u00e9dition de son Prix RFI Th\u00e9\u00e2tre. En attendant, la radio fran\u00e7aise a rendu public r\u00e9cemment sur son site internet la liste des onze textes in\u00e9dits et leurs auteurs pr\u00e9s\u00e9lectionn\u00e9s. L\u2019ivoirienne Ma\u00efmouna Sy est sur la ligne de d\u00e9part avec son texte intitul\u00e9 Collat\u00e9ral.<\/em><\/strong><\/p>\n\n\n\n<p>Ils sont onze (11) auteurs du B\u00e9nin, du Cameroun, de la C\u00f4te d\u2019Ivoire, de Madagascar, de la RD Congo, de la Tunisie&nbsp;; mais aussi de Ha\u00efti qui ont vus leurs textes in\u00e9dits retenus pour tenter de remporter le Prix Rfi de Th\u00e9\u00e2tre \u00e9dition 2022. Le jury compos\u00e9 d\u2019artistes et de professionnels, et pr\u00e9sid\u00e9 cette ann\u00e9e par la metteure en sc\u00e8ne et pr\u00e9sidente de Festival Les R\u00e9cr\u00e9\u00e2trales, la Burkinab\u00e9, Odile Sankara aura donc fort \u00e0 faire pour d\u00e9partager onze textes in\u00e9dits pr\u00e9s\u00e9lectionn\u00e9s pour leurs qualit\u00e9s litt\u00e9raires, dramaturgiques et leur originalit\u00e9.<\/p>\n\n\n\n<p>Ma\u00efmouna Sy, celle qui porte les espoirs du th\u00e9\u00e2tre ivoirien \u00e0 ce rendez-vous de la grande sc\u00e8ne, a choisi de mettre en sc\u00e8ne le r\u00eave d\u2019un fils qui se tisse entre le village et la terre d\u2019exil, le pr\u00e9sent et le pass\u00e9 et un drame familial et social.&nbsp;<em><strong>Collat\u00e9ral&nbsp;<\/strong><\/em><em>est l\u2019histoire d\u2019un&nbsp;<\/em>fils qui fui le pays et la mine de diamant, seule ressource du village. Il esp\u00e8re un meilleur avenir que son p\u00e8re, us\u00e9 par des ann\u00e9es de mine. Sa s\u0153ur, demeur\u00e9e au village, refuse les avances du propri\u00e9taire omnipotent de la mine et tombe amoureuse du fossoyeur du village. Elle va le payer cher. P\u00e8re et m\u00e8re s\u2019offusquent de cette m\u00e9salliance. Quand le fils revient, sa s\u0153ur est morte.<\/p>\n\n\n\n<p>Tout comme ce texte de la candidate ivoirienne, les autres productions en comp\u00e9titions se font \u00e9cho des interrogations r\u00e9currentes qui traversent le th\u00e9\u00e2tre africain de la francophonie et de sa diaspora. A savoir la politique au sens de la gestion de la cit\u00e9. Ainsi d\u00e9noncent-ils le chaos dans lequel baignent les pays africains par&nbsp;&nbsp;l\u2019humour ou la parodie.<\/p>\n\n\n\n<p>Le Prix RFI Th\u00e9\u00e2tre 2022 sera remis le dimanche&nbsp;25 septembre, \u00e0 Limoges, dans le cadre du festival Z\u00e9brures d&#8217;automne.<\/p>\n\n\n\n<p><strong>Les pi\u00e8ces retenues<\/strong><strong><\/strong><\/p>\n\n\n\n<p><em>Partir ou P\u00e2tir,&nbsp;<\/em><strong>Cyril&nbsp;Juvenil Assomo<\/strong><em>&nbsp;(<\/em><strong>Cameroun<\/strong><em>)<\/em><\/p>\n\n\n\n<p><em>Port-au-Prince&nbsp;et sa douce nuit,<\/em><strong>&nbsp;Ga\u00eblle Bien-Aim\u00e9 (Ha\u00efti)<\/strong>&nbsp;<\/p>\n\n\n\n<p><em>Ne t\u2019\u00e9tonne pas si ma lettre sent le sel,&nbsp;<\/em><strong>Jocelyn Danga Motty&nbsp;(R\u00e9publique d\u00e9mocratique du Congo)<\/strong><\/p>\n\n\n\n<p><em>Je reviendrai avec le vent,&nbsp;<\/em><strong>Basma El Euchi<\/strong>&nbsp;(<strong>Tunisie)<\/strong><\/p>\n\n\n\n<p><em>Une femme \u00e0 coudre,&nbsp;<\/em><strong>Sandra \u00c9long (Cameroun)<\/strong><\/p>\n\n\n\n<p><em>Les ombres sauvages,&nbsp;<\/em><strong>Djevens Fransaint (Ha\u00efti)<\/strong><\/p>\n\n\n\n<p><em>Le Lac<\/em>,&nbsp;<strong>Djo Kazadi Ngeleka (R\u00e9publique d\u00e9mocratique du Congo)<\/strong><\/p>\n\n\n\n<p><em>Aomby,&nbsp;<\/em><strong>Gad Bensalem&nbsp;(Madagascar)<\/strong><\/p>\n\n\n\n<p><em>Collat\u00e9ral,&nbsp;<\/em><strong>Fatoumata Sy (C\u00f4te-d\u2019Ivoire)<\/strong><\/p>\n\n\n\n<p><em>Les mangeurs de cuivre,&nbsp;<\/em><strong>Bibatanko&nbsp;(R\u00e9publique d\u00e9mocratique du Congo)<\/strong><\/p>\n\n\n\n<p><em>Bizarro\u00efde,&nbsp;<\/em><strong>Jean-Paul Tooh-Tooh (B\u00e9nin)<\/strong><\/p>\n","protected":false},"excerpt":{"rendered":"<p>Le 25 septembre 2022 \u00e0 Limoges, la Radio France Internationale (RFI) donne le verdict de la 9\u00e8me&nbsp;\u00e9dition de son Prix RFI Th\u00e9\u00e2tre. En attendant, la radio fran\u00e7aise a rendu public r\u00e9cemment sur son site internet la liste des onze textes in\u00e9dits et leurs auteurs pr\u00e9s\u00e9lectionn\u00e9s. L\u2019ivoirienne Ma\u00efmouna Sy est sur la ligne de d\u00e9part avec &hellip;<\/p>\n<p class=\"read-more\"> <a class=\"\" href=\"https:\/\/7culture.ci\/index.php\/2022\/07\/11\/prix-rfi-theatre-2022-l-ivoirienne-maimouna-sy-parmi-les-preselectionnes\/\"> <span class=\"screen-reader-text\">Prix RFI Th\u00e9\u00e2tre 2022, l Ivoirienne Ma\u00efmouna Sy, parmi les pr\u00e9s\u00e9lectionn\u00e9s<\/span> Lire la suite\u00a0\u00bb<\/a><\/p>\n","protected":false},"author":3,"featured_media":22282,"comment_status":"open","ping_status":"open","sticky":false,"template":"","format":"standard","meta":{"_mi_skip_tracking":false,"_monsterinsights_sitenote_active":false,"_monsterinsights_sitenote_note":"","_monsterinsights_sitenote_category":0,"site-sidebar-layout":"default","site-content-layout":"default","ast-global-header-display":"","ast-main-header-display":"","ast-hfb-above-header-display":"","ast-hfb-below-header-display":"","ast-hfb-mobile-header-display":"","site-post-title":"","ast-breadcrumbs-content":"","ast-featured-img":"","footer-sml-layout":"","theme-transparent-header-meta":"","adv-header-id-meta":"","stick-header-meta":"","header-above-stick-meta":"","header-main-stick-meta":"","header-below-stick-meta":"","footnotes":"","jetpack_publicize_message":"","jetpack_is_tweetstorm":false,"jetpack_publicize_feature_enabled":true},"categories":[1],"tags":[],"jetpack_publicize_connections":[],"acf":[],"aioseo_notices":[],"yoast_head":"<!-- This site is optimized with the Yoast SEO plugin v19.6.1 - https:\/\/yoast.com\/wordpress\/plugins\/seo\/ -->\n<title>Prix RFI Th\u00e9\u00e2tre 2022, l Ivoirienne Ma\u00efmouna Sy, parmi les pr\u00e9s\u00e9lectionn\u00e9s - 7culture<\/title>\n<meta name=\"robots\" content=\"index, follow, max-snippet:-1, max-image-preview:large, max-video-preview:-1\" \/>\n<link rel=\"canonical\" href=\"https:\/\/7culture.ci\/index.php\/2022\/07\/11\/prix-rfi-theatre-2022-l-ivoirienne-maimouna-sy-parmi-les-preselectionnes\/\" \/>\n<meta property=\"og:locale\" content=\"fr_FR\" \/>\n<meta property=\"og:type\" content=\"article\" \/>\n<meta property=\"og:title\" content=\"Prix RFI Th\u00e9\u00e2tre 2022, l Ivoirienne Ma\u00efmouna Sy, parmi les pr\u00e9s\u00e9lectionn\u00e9s - 7culture\" \/>\n<meta property=\"og:description\" content=\"Le 25 septembre 2022 \u00e0 Limoges, la Radio France Internationale (RFI) donne le verdict de la 9\u00e8me&nbsp;\u00e9dition de son Prix RFI Th\u00e9\u00e2tre. En attendant, la radio fran\u00e7aise a rendu public r\u00e9cemment sur son site internet la liste des onze textes in\u00e9dits et leurs auteurs pr\u00e9s\u00e9lectionn\u00e9s. L\u2019ivoirienne Ma\u00efmouna Sy est sur la ligne de d\u00e9part avec &hellip; Prix RFI Th\u00e9\u00e2tre 2022, l Ivoirienne Ma\u00efmouna Sy, parmi les pr\u00e9s\u00e9lectionn\u00e9s Lire la suite\u00a0\u00bb\" \/>\n<meta property=\"og:url\" content=\"https:\/\/7culture.ci\/index.php\/2022\/07\/11\/prix-rfi-theatre-2022-l-ivoirienne-maimouna-sy-parmi-les-preselectionnes\/\" \/>\n<meta property=\"og:site_name\" content=\"7culture\" \/>\n<meta property=\"article:publisher\" content=\"https:\/\/www.facebook.com\/redchefclaude\" \/>\n<meta property=\"article:published_time\" content=\"2022-07-11T11:13:53+00:00\" \/>\n<meta property=\"article:modified_time\" content=\"2022-07-11T11:13:57+00:00\" \/>\n<meta property=\"og:image\" content=\"http:\/\/7culture.ci\/wp-content\/uploads\/2022\/07\/Theatre-1.jpg\" \/>\n\t<meta property=\"og:image:width\" content=\"592\" \/>\n\t<meta property=\"og:image:height\" content=\"296\" \/>\n\t<meta property=\"og:image:type\" content=\"image\/jpeg\" \/>\n<meta name=\"author\" content=\"Fahizu FAKAYODE\" \/>\n<meta name=\"twitter:card\" content=\"summary_large_image\" \/>\n<meta name=\"twitter:creator\" content=\"@7culturec\" \/>\n<meta name=\"twitter:site\" content=\"@7culturec\" \/>\n<meta name=\"twitter:label1\" content=\"\u00c9crit par\" \/>\n\t<meta name=\"twitter:data1\" content=\"Fahizu FAKAYODE\" \/>\n\t<meta name=\"twitter:label2\" content=\"Dur\u00e9e de lecture estim\u00e9e\" \/>\n\t<meta name=\"twitter:data2\" content=\"3 minutes\" \/>\n<script type=\"application\/ld+json\" class=\"yoast-schema-graph\">{\"@context\":\"https:\/\/schema.org\",\"@graph\":[{\"@type\":\"Article\",\"@id\":\"https:\/\/7culture.ci\/index.php\/2022\/07\/11\/prix-rfi-theatre-2022-l-ivoirienne-maimouna-sy-parmi-les-preselectionnes\/#article\",\"isPartOf\":{\"@id\":\"https:\/\/7culture.ci\/index.php\/2022\/07\/11\/prix-rfi-theatre-2022-l-ivoirienne-maimouna-sy-parmi-les-preselectionnes\/\"},\"author\":{\"name\":\"Fahizu FAKAYODE\",\"@id\":\"https:\/\/7culture.ci\/#\/schema\/person\/73d24461f401f2fd27e46591435caafc\"},\"headline\":\"Prix RFI Th\u00e9\u00e2tre 2022, l Ivoirienne Ma\u00efmouna Sy, parmi les pr\u00e9s\u00e9lectionn\u00e9s\",\"datePublished\":\"2022-07-11T11:13:53+00:00\",\"dateModified\":\"2022-07-11T11:13:57+00:00\",\"mainEntityOfPage\":{\"@id\":\"https:\/\/7culture.ci\/index.php\/2022\/07\/11\/prix-rfi-theatre-2022-l-ivoirienne-maimouna-sy-parmi-les-preselectionnes\/\"},\"wordCount\":542,\"commentCount\":0,\"publisher\":{\"@id\":\"https:\/\/7culture.ci\/#organization\"},\"inLanguage\":\"fr-FR\",\"potentialAction\":[{\"@type\":\"CommentAction\",\"name\":\"Comment\",\"target\":[\"https:\/\/7culture.ci\/index.php\/2022\/07\/11\/prix-rfi-theatre-2022-l-ivoirienne-maimouna-sy-parmi-les-preselectionnes\/#respond\"]}]},{\"@type\":\"WebPage\",\"@id\":\"https:\/\/7culture.ci\/index.php\/2022\/07\/11\/prix-rfi-theatre-2022-l-ivoirienne-maimouna-sy-parmi-les-preselectionnes\/\",\"url\":\"https:\/\/7culture.ci\/index.php\/2022\/07\/11\/prix-rfi-theatre-2022-l-ivoirienne-maimouna-sy-parmi-les-preselectionnes\/\",\"name\":\"Prix RFI Th\u00e9\u00e2tre 2022, l Ivoirienne Ma\u00efmouna Sy, parmi les pr\u00e9s\u00e9lectionn\u00e9s - 7culture\",\"isPartOf\":{\"@id\":\"https:\/\/7culture.ci\/#website\"},\"datePublished\":\"2022-07-11T11:13:53+00:00\",\"dateModified\":\"2022-07-11T11:13:57+00:00\",\"breadcrumb\":{\"@id\":\"https:\/\/7culture.ci\/index.php\/2022\/07\/11\/prix-rfi-theatre-2022-l-ivoirienne-maimouna-sy-parmi-les-preselectionnes\/#breadcrumb\"},\"inLanguage\":\"fr-FR\",\"potentialAction\":[{\"@type\":\"ReadAction\",\"target\":[\"https:\/\/7culture.ci\/index.php\/2022\/07\/11\/prix-rfi-theatre-2022-l-ivoirienne-maimouna-sy-parmi-les-preselectionnes\/\"]}]},{\"@type\":\"BreadcrumbList\",\"@id\":\"https:\/\/7culture.ci\/index.php\/2022\/07\/11\/prix-rfi-theatre-2022-l-ivoirienne-maimouna-sy-parmi-les-preselectionnes\/#breadcrumb\",\"itemListElement\":[{\"@type\":\"ListItem\",\"position\":1,\"name\":\"Accueil\",\"item\":\"https:\/\/7culture.ci\/\"},{\"@type\":\"ListItem\",\"position\":2,\"name\":\"Prix RFI Th\u00e9\u00e2tre 2022, l Ivoirienne Ma\u00efmouna Sy, parmi les pr\u00e9s\u00e9lectionn\u00e9s\"}]},{\"@type\":\"WebSite\",\"@id\":\"https:\/\/7culture.ci\/#website\",\"url\":\"https:\/\/7culture.ci\/\",\"name\":\"7culture\",\"description\":\"Tout sur l&#039;actualit\u00e9\",\"publisher\":{\"@id\":\"https:\/\/7culture.ci\/#organization\"},\"potentialAction\":[{\"@type\":\"SearchAction\",\"target\":{\"@type\":\"EntryPoint\",\"urlTemplate\":\"https:\/\/7culture.ci\/?s={search_term_string}\"},\"query-input\":\"required name=search_term_string\"}],\"inLanguage\":\"fr-FR\"},{\"@type\":\"Organization\",\"@id\":\"https:\/\/7culture.ci\/#organization\",\"name\":\"7culture\",\"url\":\"https:\/\/7culture.ci\/\",\"sameAs\":[\"https:\/\/www.facebook.com\/redchefclaude\",\"https:\/\/twitter.com\/7culturec\"],\"logo\":{\"@type\":\"ImageObject\",\"inLanguage\":\"fr-FR\",\"@id\":\"https:\/\/7culture.ci\/#\/schema\/logo\/image\/\",\"url\":\"https:\/\/7culture.ci\/wp-content\/uploads\/2021\/12\/S1a-1.png\",\"contentUrl\":\"https:\/\/7culture.ci\/wp-content\/uploads\/2021\/12\/S1a-1.png\",\"width\":588,\"height\":192,\"caption\":\"7culture\"},\"image\":{\"@id\":\"https:\/\/7culture.ci\/#\/schema\/logo\/image\/\"}},{\"@type\":\"Person\",\"@id\":\"https:\/\/7culture.ci\/#\/schema\/person\/73d24461f401f2fd27e46591435caafc\",\"name\":\"Fahizu FAKAYODE\",\"image\":{\"@type\":\"ImageObject\",\"inLanguage\":\"fr-FR\",\"@id\":\"https:\/\/7culture.ci\/#\/schema\/person\/image\/\",\"url\":\"https:\/\/secure.gravatar.com\/avatar\/ac3baef8c34a343dc153cb0854a9dbc5?s=96&d=mm&r=g\",\"contentUrl\":\"https:\/\/secure.gravatar.com\/avatar\/ac3baef8c34a343dc153cb0854a9dbc5?s=96&d=mm&r=g\",\"caption\":\"Fahizu FAKAYODE\"},\"url\":\"https:\/\/7culture.ci\/index.php\/author\/fahizu-fakayode\/\"}]}<\/script>\n<!-- \/ Yoast SEO plugin. -->","yoast_head_json":{"title":"Prix RFI Th\u00e9\u00e2tre 2022, l Ivoirienne Ma\u00efmouna Sy, parmi les pr\u00e9s\u00e9lectionn\u00e9s - 7culture","robots":{"index":"index","follow":"follow","max-snippet":"max-snippet:-1","max-image-preview":"max-image-preview:large","max-video-preview":"max-video-preview:-1"},"canonical":"https:\/\/7culture.ci\/index.php\/2022\/07\/11\/prix-rfi-theatre-2022-l-ivoirienne-maimouna-sy-parmi-les-preselectionnes\/","og_locale":"fr_FR","og_type":"article","og_title":"Prix RFI Th\u00e9\u00e2tre 2022, l Ivoirienne Ma\u00efmouna Sy, parmi les pr\u00e9s\u00e9lectionn\u00e9s - 7culture","og_description":"Le 25 septembre 2022 \u00e0 Limoges, la Radio France Internationale (RFI) donne le verdict de la 9\u00e8me&nbsp;\u00e9dition de son Prix RFI Th\u00e9\u00e2tre. En attendant, la radio fran\u00e7aise a rendu public r\u00e9cemment sur son site internet la liste des onze textes in\u00e9dits et leurs auteurs pr\u00e9s\u00e9lectionn\u00e9s. L\u2019ivoirienne Ma\u00efmouna Sy est sur la ligne de d\u00e9part avec &hellip; Prix RFI Th\u00e9\u00e2tre 2022, l Ivoirienne Ma\u00efmouna Sy, parmi les pr\u00e9s\u00e9lectionn\u00e9s Lire la suite\u00a0\u00bb","og_url":"https:\/\/7culture.ci\/index.php\/2022\/07\/11\/prix-rfi-theatre-2022-l-ivoirienne-maimouna-sy-parmi-les-preselectionnes\/","og_site_name":"7culture","article_publisher":"https:\/\/www.facebook.com\/redchefclaude","article_published_time":"2022-07-11T11:13:53+00:00","article_modified_time":"2022-07-11T11:13:57+00:00","og_image":[{"width":592,"height":296,"url":"http:\/\/7culture.ci\/wp-content\/uploads\/2022\/07\/Theatre-1.jpg","type":"image\/jpeg"}],"author":"Fahizu FAKAYODE","twitter_card":"summary_large_image","twitter_creator":"@7culturec","twitter_site":"@7culturec","twitter_misc":{"\u00c9crit par":"Fahizu FAKAYODE","Dur\u00e9e de lecture estim\u00e9e":"3 minutes"},"schema":{"@context":"https:\/\/schema.org","@graph":[{"@type":"Article","@id":"https:\/\/7culture.ci\/index.php\/2022\/07\/11\/prix-rfi-theatre-2022-l-ivoirienne-maimouna-sy-parmi-les-preselectionnes\/#article","isPartOf":{"@id":"https:\/\/7culture.ci\/index.php\/2022\/07\/11\/prix-rfi-theatre-2022-l-ivoirienne-maimouna-sy-parmi-les-preselectionnes\/"},"author":{"name":"Fahizu FAKAYODE","@id":"https:\/\/7culture.ci\/#\/schema\/person\/73d24461f401f2fd27e46591435caafc"},"headline":"Prix RFI Th\u00e9\u00e2tre 2022, l Ivoirienne Ma\u00efmouna Sy, parmi les pr\u00e9s\u00e9lectionn\u00e9s","datePublished":"2022-07-11T11:13:53+00:00","dateModified":"2022-07-11T11:13:57+00:00","mainEntityOfPage":{"@id":"https:\/\/7culture.ci\/index.php\/2022\/07\/11\/prix-rfi-theatre-2022-l-ivoirienne-maimouna-sy-parmi-les-preselectionnes\/"},"wordCount":542,"commentCount":0,"publisher":{"@id":"https:\/\/7culture.ci\/#organization"},"inLanguage":"fr-FR","potentialAction":[{"@type":"CommentAction","name":"Comment","target":["https:\/\/7culture.ci\/index.php\/2022\/07\/11\/prix-rfi-theatre-2022-l-ivoirienne-maimouna-sy-parmi-les-preselectionnes\/#respond"]}]},{"@type":"WebPage","@id":"https:\/\/7culture.ci\/index.php\/2022\/07\/11\/prix-rfi-theatre-2022-l-ivoirienne-maimouna-sy-parmi-les-preselectionnes\/","url":"https:\/\/7culture.ci\/index.php\/2022\/07\/11\/prix-rfi-theatre-2022-l-ivoirienne-maimouna-sy-parmi-les-preselectionnes\/","name":"Prix RFI Th\u00e9\u00e2tre 2022, l Ivoirienne Ma\u00efmouna Sy, parmi les pr\u00e9s\u00e9lectionn\u00e9s - 7culture","isPartOf":{"@id":"https:\/\/7culture.ci\/#website"},"datePublished":"2022-07-11T11:13:53+00:00","dateModified":"2022-07-11T11:13:57+00:00","breadcrumb":{"@id":"https:\/\/7culture.ci\/index.php\/2022\/07\/11\/prix-rfi-theatre-2022-l-ivoirienne-maimouna-sy-parmi-les-preselectionnes\/#breadcrumb"},"inLanguage":"fr-FR","potentialAction":[{"@type":"ReadAction","target":["https:\/\/7culture.ci\/index.php\/2022\/07\/11\/prix-rfi-theatre-2022-l-ivoirienne-maimouna-sy-parmi-les-preselectionnes\/"]}]},{"@type":"BreadcrumbList","@id":"https:\/\/7culture.ci\/index.php\/2022\/07\/11\/prix-rfi-theatre-2022-l-ivoirienne-maimouna-sy-parmi-les-preselectionnes\/#breadcrumb","itemListElement":[{"@type":"ListItem","position":1,"name":"Accueil","item":"https:\/\/7culture.ci\/"},{"@type":"ListItem","position":2,"name":"Prix RFI Th\u00e9\u00e2tre 2022, l Ivoirienne Ma\u00efmouna Sy, parmi les pr\u00e9s\u00e9lectionn\u00e9s"}]},{"@type":"WebSite","@id":"https:\/\/7culture.ci\/#website","url":"https:\/\/7culture.ci\/","name":"7culture","description":"Tout sur l&#039;actualit\u00e9","publisher":{"@id":"https:\/\/7culture.ci\/#organization"},"potentialAction":[{"@type":"SearchAction","target":{"@type":"EntryPoint","urlTemplate":"https:\/\/7culture.ci\/?s={search_term_string}"},"query-input":"required name=search_term_string"}],"inLanguage":"fr-FR"},{"@type":"Organization","@id":"https:\/\/7culture.ci\/#organization","name":"7culture","url":"https:\/\/7culture.ci\/","sameAs":["https:\/\/www.facebook.com\/redchefclaude","https:\/\/twitter.com\/7culturec"],"logo":{"@type":"ImageObject","inLanguage":"fr-FR","@id":"https:\/\/7culture.ci\/#\/schema\/logo\/image\/","url":"https:\/\/7culture.ci\/wp-content\/uploads\/2021\/12\/S1a-1.png","contentUrl":"https:\/\/7culture.ci\/wp-content\/uploads\/2021\/12\/S1a-1.png","width":588,"height":192,"caption":"7culture"},"image":{"@id":"https:\/\/7culture.ci\/#\/schema\/logo\/image\/"}},{"@type":"Person","@id":"https:\/\/7culture.ci\/#\/schema\/person\/73d24461f401f2fd27e46591435caafc","name":"Fahizu FAKAYODE","image":{"@type":"ImageObject","inLanguage":"fr-FR","@id":"https:\/\/7culture.ci\/#\/schema\/person\/image\/","url":"https:\/\/secure.gravatar.com\/avatar\/ac3baef8c34a343dc153cb0854a9dbc5?s=96&d=mm&r=g","contentUrl":"https:\/\/secure.gravatar.com\/avatar\/ac3baef8c34a343dc153cb0854a9dbc5?s=96&d=mm&r=g","caption":"Fahizu FAKAYODE"},"url":"https:\/\/7culture.ci\/index.php\/author\/fahizu-fakayode\/"}]}},"jetpack_featured_media_url":"https:\/\/7culture.ci\/wp-content\/uploads\/2022\/07\/Theatre-1.jpg","jetpack_likes_enabled":true,"jetpack_sharing_enabled":true,"_links":{"self":[{"href":"https:\/\/7culture.ci\/index.php\/wp-json\/wp\/v2\/posts\/22281"}],"collection":[{"href":"https:\/\/7culture.ci\/index.php\/wp-json\/wp\/v2\/posts"}],"about":[{"href":"https:\/\/7culture.ci\/index.php\/wp-json\/wp\/v2\/types\/post"}],"author":[{"embeddable":true,"href":"https:\/\/7culture.ci\/index.php\/wp-json\/wp\/v2\/users\/3"}],"replies":[{"embeddable":true,"href":"https:\/\/7culture.ci\/index.php\/wp-json\/wp\/v2\/comments?post=22281"}],"version-history":[{"count":0,"href":"https:\/\/7culture.ci\/index.php\/wp-json\/wp\/v2\/posts\/22281\/revisions"}],"wp:featuredmedia":[{"embeddable":true,"href":"https:\/\/7culture.ci\/index.php\/wp-json\/wp\/v2\/media\/22282"}],"wp:attachment":[{"href":"https:\/\/7culture.ci\/index.php\/wp-json\/wp\/v2\/media?parent=22281"}],"wp:term":[{"taxonomy":"category","embeddable":true,"href":"https:\/\/7culture.ci\/index.php\/wp-json\/wp\/v2\/categories?post=22281"},{"taxonomy":"post_tag","embeddable":true,"href":"https:\/\/7culture.ci\/index.php\/wp-json\/wp\/v2\/tags?post=22281"}],"curies":[{"name":"wp","href":"https:\/\/api.w.org\/{rel}","templated":true}]}}