{"id":22197,"date":"2022-07-06T16:31:57","date_gmt":"2022-07-06T14:31:57","guid":{"rendered":"https:\/\/7culture.ci\/?p=22197"},"modified":"2022-07-06T16:31:59","modified_gmt":"2022-07-06T14:31:59","slug":"festival-international-du-bazin-et-du-textile-africain-le-nouveau-rendez-vous-des-professionnels-de-la-mode-et-du-textile-africain","status":"publish","type":"post","link":"https:\/\/7culture.ci\/index.php\/2022\/07\/06\/festival-international-du-bazin-et-du-textile-africain-le-nouveau-rendez-vous-des-professionnels-de-la-mode-et-du-textile-africain\/","title":{"rendered":"Festival international du bazin et du textile africain\u00a0: Le nouveau rendez-vous des professionnels de la mode et du textile africain."},"content":{"rendered":"\n<p><strong><em>Le menu \u00e9tait tiss\u00e9 et un d\u00e9fil\u00e9 mode coupl\u00e9 \u00e0 une c\u00e9r\u00e9monie de distinction. Revivez ce bel \u00e9v\u00e8nement de la mode autour du bazin et tu textile en images.<\/em><\/strong><\/p>\n\n\n\n<figure class=\"wp-block-gallery has-nested-images columns-default is-cropped wp-block-gallery-1 is-layout-flex wp-block-gallery-is-layout-flex\">\n<figure class=\"wp-block-image size-large\"><img loading=\"lazy\" decoding=\"async\" width=\"1024\" height=\"683\" data-id=\"22223\" src=\"https:\/\/7culture.ci\/wp-content\/uploads\/2022\/07\/1-4-1024x683.jpeg\" alt=\"\" class=\"wp-image-22223\" srcset=\"https:\/\/7culture.ci\/wp-content\/uploads\/2022\/07\/1-4-1024x683.jpeg 1024w, https:\/\/7culture.ci\/wp-content\/uploads\/2022\/07\/1-4-300x200.jpeg 300w, https:\/\/7culture.ci\/wp-content\/uploads\/2022\/07\/1-4-768x512.jpeg 768w, https:\/\/7culture.ci\/wp-content\/uploads\/2022\/07\/1-4.jpeg 1080w\" sizes=\"(max-width: 1024px) 100vw, 1024px\" \/><\/figure>\n\n\n\n<figure class=\"wp-block-image size-large\"><img loading=\"lazy\" decoding=\"async\" width=\"1024\" height=\"683\" data-id=\"22224\" src=\"https:\/\/7culture.ci\/wp-content\/uploads\/2022\/07\/2-3-1024x683.jpeg\" alt=\"\" class=\"wp-image-22224\" srcset=\"https:\/\/7culture.ci\/wp-content\/uploads\/2022\/07\/2-3-1024x683.jpeg 1024w, https:\/\/7culture.ci\/wp-content\/uploads\/2022\/07\/2-3-300x200.jpeg 300w, https:\/\/7culture.ci\/wp-content\/uploads\/2022\/07\/2-3-768x512.jpeg 768w, https:\/\/7culture.ci\/wp-content\/uploads\/2022\/07\/2-3.jpeg 1080w\" sizes=\"(max-width: 1024px) 100vw, 1024px\" \/><\/figure>\n\n\n\n<figure class=\"wp-block-image size-large\"><img loading=\"lazy\" decoding=\"async\" width=\"1024\" height=\"683\" data-id=\"22225\" src=\"https:\/\/7culture.ci\/wp-content\/uploads\/2022\/07\/3-4-1024x683.jpeg\" alt=\"\" class=\"wp-image-22225\" srcset=\"https:\/\/7culture.ci\/wp-content\/uploads\/2022\/07\/3-4-1024x683.jpeg 1024w, https:\/\/7culture.ci\/wp-content\/uploads\/2022\/07\/3-4-300x200.jpeg 300w, https:\/\/7culture.ci\/wp-content\/uploads\/2022\/07\/3-4-768x512.jpeg 768w, https:\/\/7culture.ci\/wp-content\/uploads\/2022\/07\/3-4.jpeg 1080w\" sizes=\"(max-width: 1024px) 100vw, 1024px\" \/><\/figure>\n<\/figure>\n\n\n\n<figure class=\"wp-block-gallery has-nested-images columns-default is-cropped wp-block-gallery-2 is-layout-flex wp-block-gallery-is-layout-flex\">\n<figure class=\"wp-block-image size-large\"><img loading=\"lazy\" decoding=\"async\" width=\"1024\" height=\"683\" data-id=\"22228\" src=\"https:\/\/7culture.ci\/wp-content\/uploads\/2022\/07\/4-2-1024x683.jpeg\" alt=\"\" class=\"wp-image-22228\" srcset=\"https:\/\/7culture.ci\/wp-content\/uploads\/2022\/07\/4-2-1024x683.jpeg 1024w, https:\/\/7culture.ci\/wp-content\/uploads\/2022\/07\/4-2-300x200.jpeg 300w, https:\/\/7culture.ci\/wp-content\/uploads\/2022\/07\/4-2-768x512.jpeg 768w, https:\/\/7culture.ci\/wp-content\/uploads\/2022\/07\/4-2.jpeg 1080w\" sizes=\"(max-width: 1024px) 100vw, 1024px\" \/><\/figure>\n\n\n\n<figure class=\"wp-block-image size-large\"><img loading=\"lazy\" decoding=\"async\" width=\"683\" height=\"1024\" data-id=\"22227\" src=\"https:\/\/7culture.ci\/wp-content\/uploads\/2022\/07\/5-2-683x1024.jpeg\" alt=\"\" class=\"wp-image-22227\" srcset=\"https:\/\/7culture.ci\/wp-content\/uploads\/2022\/07\/5-2-683x1024.jpeg 683w, https:\/\/7culture.ci\/wp-content\/uploads\/2022\/07\/5-2-200x300.jpeg 200w, https:\/\/7culture.ci\/wp-content\/uploads\/2022\/07\/5-2.jpeg 720w\" sizes=\"(max-width: 683px) 100vw, 683px\" \/><\/figure>\n\n\n\n<figure class=\"wp-block-image size-large\"><img loading=\"lazy\" decoding=\"async\" width=\"683\" height=\"1024\" data-id=\"22226\" src=\"https:\/\/7culture.ci\/wp-content\/uploads\/2022\/07\/6-2-683x1024.jpeg\" alt=\"\" class=\"wp-image-22226\" srcset=\"https:\/\/7culture.ci\/wp-content\/uploads\/2022\/07\/6-2-683x1024.jpeg 683w, https:\/\/7culture.ci\/wp-content\/uploads\/2022\/07\/6-2-200x300.jpeg 200w, https:\/\/7culture.ci\/wp-content\/uploads\/2022\/07\/6-2.jpeg 720w\" sizes=\"(max-width: 683px) 100vw, 683px\" \/><\/figure>\n<\/figure>\n\n\n\n<figure class=\"wp-block-gallery has-nested-images columns-default is-cropped wp-block-gallery-3 is-layout-flex wp-block-gallery-is-layout-flex\">\n<figure class=\"wp-block-image size-large\"><img loading=\"lazy\" decoding=\"async\" width=\"658\" height=\"1024\" data-id=\"22229\" src=\"https:\/\/7culture.ci\/wp-content\/uploads\/2022\/07\/7-2-658x1024.jpeg\" alt=\"\" class=\"wp-image-22229\" srcset=\"https:\/\/7culture.ci\/wp-content\/uploads\/2022\/07\/7-2-658x1024.jpeg 658w, https:\/\/7culture.ci\/wp-content\/uploads\/2022\/07\/7-2-193x300.jpeg 193w, https:\/\/7culture.ci\/wp-content\/uploads\/2022\/07\/7-2.jpeg 694w\" sizes=\"(max-width: 658px) 100vw, 658px\" \/><\/figure>\n\n\n\n<figure class=\"wp-block-image size-large\"><img loading=\"lazy\" decoding=\"async\" width=\"683\" height=\"1024\" data-id=\"22230\" src=\"https:\/\/7culture.ci\/wp-content\/uploads\/2022\/07\/8-2-683x1024.jpeg\" alt=\"\" class=\"wp-image-22230\" srcset=\"https:\/\/7culture.ci\/wp-content\/uploads\/2022\/07\/8-2-683x1024.jpeg 683w, https:\/\/7culture.ci\/wp-content\/uploads\/2022\/07\/8-2-200x300.jpeg 200w, https:\/\/7culture.ci\/wp-content\/uploads\/2022\/07\/8-2.jpeg 720w\" sizes=\"(max-width: 683px) 100vw, 683px\" \/><\/figure>\n\n\n\n<figure class=\"wp-block-image size-large\"><img loading=\"lazy\" decoding=\"async\" width=\"714\" height=\"1024\" data-id=\"22231\" src=\"https:\/\/7culture.ci\/wp-content\/uploads\/2022\/07\/9-1-714x1024.jpeg\" alt=\"\" class=\"wp-image-22231\" srcset=\"https:\/\/7culture.ci\/wp-content\/uploads\/2022\/07\/9-1-714x1024.jpeg 714w, https:\/\/7culture.ci\/wp-content\/uploads\/2022\/07\/9-1-209x300.jpeg 209w, https:\/\/7culture.ci\/wp-content\/uploads\/2022\/07\/9-1-768x1102.jpeg 768w, https:\/\/7culture.ci\/wp-content\/uploads\/2022\/07\/9-1.jpeg 808w\" sizes=\"(max-width: 714px) 100vw, 714px\" \/><\/figure>\n<\/figure>\n\n\n\n<figure class=\"wp-block-gallery has-nested-images columns-default is-cropped wp-block-gallery-4 is-layout-flex wp-block-gallery-is-layout-flex\">\n<figure class=\"wp-block-image size-large\"><img loading=\"lazy\" decoding=\"async\" width=\"685\" height=\"1024\" data-id=\"22234\" src=\"https:\/\/7culture.ci\/wp-content\/uploads\/2022\/07\/10-1-685x1024.jpeg\" alt=\"\" class=\"wp-image-22234\" srcset=\"https:\/\/7culture.ci\/wp-content\/uploads\/2022\/07\/10-1-685x1024.jpeg 685w, https:\/\/7culture.ci\/wp-content\/uploads\/2022\/07\/10-1-201x300.jpeg 201w, https:\/\/7culture.ci\/wp-content\/uploads\/2022\/07\/10-1.jpeg 722w\" sizes=\"(max-width: 685px) 100vw, 685px\" \/><\/figure>\n\n\n\n<figure class=\"wp-block-image size-large\"><img loading=\"lazy\" decoding=\"async\" width=\"683\" height=\"1024\" data-id=\"22233\" src=\"https:\/\/7culture.ci\/wp-content\/uploads\/2022\/07\/12-2-683x1024.jpeg\" alt=\"\" class=\"wp-image-22233\" srcset=\"https:\/\/7culture.ci\/wp-content\/uploads\/2022\/07\/12-2-683x1024.jpeg 683w, https:\/\/7culture.ci\/wp-content\/uploads\/2022\/07\/12-2-200x300.jpeg 200w, https:\/\/7culture.ci\/wp-content\/uploads\/2022\/07\/12-2.jpeg 720w\" sizes=\"(max-width: 683px) 100vw, 683px\" \/><\/figure>\n\n\n\n<figure class=\"wp-block-image size-large\"><img loading=\"lazy\" decoding=\"async\" width=\"711\" height=\"1024\" data-id=\"22232\" src=\"https:\/\/7culture.ci\/wp-content\/uploads\/2022\/07\/13-1-711x1024.jpeg\" alt=\"\" class=\"wp-image-22232\" srcset=\"https:\/\/7culture.ci\/wp-content\/uploads\/2022\/07\/13-1-711x1024.jpeg 711w, https:\/\/7culture.ci\/wp-content\/uploads\/2022\/07\/13-1-208x300.jpeg 208w, https:\/\/7culture.ci\/wp-content\/uploads\/2022\/07\/13-1.jpeg 750w\" sizes=\"(max-width: 711px) 100vw, 711px\" \/><\/figure>\n<\/figure>\n\n\n\n<figure class=\"wp-block-gallery has-nested-images columns-default is-cropped wp-block-gallery-5 is-layout-flex wp-block-gallery-is-layout-flex\">\n<figure class=\"wp-block-image size-large\"><img loading=\"lazy\" decoding=\"async\" width=\"682\" height=\"1024\" data-id=\"22235\" src=\"https:\/\/7culture.ci\/wp-content\/uploads\/2022\/07\/14-1-682x1024.jpeg\" alt=\"\" class=\"wp-image-22235\" srcset=\"https:\/\/7culture.ci\/wp-content\/uploads\/2022\/07\/14-1-682x1024.jpeg 682w, https:\/\/7culture.ci\/wp-content\/uploads\/2022\/07\/14-1-200x300.jpeg 200w, https:\/\/7culture.ci\/wp-content\/uploads\/2022\/07\/14-1-768x1152.jpeg 768w, https:\/\/7culture.ci\/wp-content\/uploads\/2022\/07\/14-1.jpeg 853w\" sizes=\"(max-width: 682px) 100vw, 682px\" \/><\/figure>\n\n\n\n<figure class=\"wp-block-image size-large\"><img loading=\"lazy\" decoding=\"async\" width=\"700\" height=\"1024\" data-id=\"22237\" src=\"https:\/\/7culture.ci\/wp-content\/uploads\/2022\/07\/15-1-700x1024.jpeg\" alt=\"\" class=\"wp-image-22237\" srcset=\"https:\/\/7culture.ci\/wp-content\/uploads\/2022\/07\/15-1-700x1024.jpeg 700w, https:\/\/7culture.ci\/wp-content\/uploads\/2022\/07\/15-1-205x300.jpeg 205w, https:\/\/7culture.ci\/wp-content\/uploads\/2022\/07\/15-1.jpeg 738w\" sizes=\"(max-width: 700px) 100vw, 700px\" \/><\/figure>\n\n\n\n<figure class=\"wp-block-image size-large\"><img loading=\"lazy\" decoding=\"async\" width=\"1024\" height=\"683\" data-id=\"22236\" src=\"https:\/\/7culture.ci\/wp-content\/uploads\/2022\/07\/16-2-1024x683.jpeg\" alt=\"\" class=\"wp-image-22236\" srcset=\"https:\/\/7culture.ci\/wp-content\/uploads\/2022\/07\/16-2-1024x683.jpeg 1024w, https:\/\/7culture.ci\/wp-content\/uploads\/2022\/07\/16-2-300x200.jpeg 300w, https:\/\/7culture.ci\/wp-content\/uploads\/2022\/07\/16-2-768x512.jpeg 768w, https:\/\/7culture.ci\/wp-content\/uploads\/2022\/07\/16-2.jpeg 1080w\" sizes=\"(max-width: 1024px) 100vw, 1024px\" \/><\/figure>\n<\/figure>\n\n\n\n<figure class=\"wp-block-gallery has-nested-images columns-default is-cropped wp-block-gallery-6 is-layout-flex wp-block-gallery-is-layout-flex\">\n<figure class=\"wp-block-image size-large\"><img loading=\"lazy\" decoding=\"async\" width=\"1024\" height=\"683\" data-id=\"22238\" src=\"https:\/\/7culture.ci\/wp-content\/uploads\/2022\/07\/17-2-1024x683.jpeg\" alt=\"\" class=\"wp-image-22238\" srcset=\"https:\/\/7culture.ci\/wp-content\/uploads\/2022\/07\/17-2-1024x683.jpeg 1024w, https:\/\/7culture.ci\/wp-content\/uploads\/2022\/07\/17-2-300x200.jpeg 300w, https:\/\/7culture.ci\/wp-content\/uploads\/2022\/07\/17-2-768x512.jpeg 768w, https:\/\/7culture.ci\/wp-content\/uploads\/2022\/07\/17-2.jpeg 1080w\" sizes=\"(max-width: 1024px) 100vw, 1024px\" \/><\/figure>\n\n\n\n<figure class=\"wp-block-image size-large\"><img loading=\"lazy\" decoding=\"async\" width=\"1024\" height=\"683\" data-id=\"22239\" src=\"https:\/\/7culture.ci\/wp-content\/uploads\/2022\/07\/18-2-1024x683.jpeg\" alt=\"\" class=\"wp-image-22239\" srcset=\"https:\/\/7culture.ci\/wp-content\/uploads\/2022\/07\/18-2-1024x683.jpeg 1024w, https:\/\/7culture.ci\/wp-content\/uploads\/2022\/07\/18-2-300x200.jpeg 300w, https:\/\/7culture.ci\/wp-content\/uploads\/2022\/07\/18-2-768x512.jpeg 768w, https:\/\/7culture.ci\/wp-content\/uploads\/2022\/07\/18-2.jpeg 1080w\" sizes=\"(max-width: 1024px) 100vw, 1024px\" \/><\/figure>\n\n\n\n<figure class=\"wp-block-image size-large\"><img loading=\"lazy\" decoding=\"async\" width=\"683\" height=\"1024\" data-id=\"22240\" src=\"https:\/\/7culture.ci\/wp-content\/uploads\/2022\/07\/19-2-683x1024.jpeg\" alt=\"\" class=\"wp-image-22240\" srcset=\"https:\/\/7culture.ci\/wp-content\/uploads\/2022\/07\/19-2-683x1024.jpeg 683w, https:\/\/7culture.ci\/wp-content\/uploads\/2022\/07\/19-2-200x300.jpeg 200w, https:\/\/7culture.ci\/wp-content\/uploads\/2022\/07\/19-2.jpeg 720w\" sizes=\"(max-width: 683px) 100vw, 683px\" \/><\/figure>\n<\/figure>\n\n\n\n<figure class=\"wp-block-gallery has-nested-images columns-default is-cropped wp-block-gallery-7 is-layout-flex wp-block-gallery-is-layout-flex\">\n<figure class=\"wp-block-image size-large\"><img loading=\"lazy\" decoding=\"async\" width=\"1024\" height=\"683\" data-id=\"22242\" src=\"https:\/\/7culture.ci\/wp-content\/uploads\/2022\/07\/20-1-1024x683.jpeg\" alt=\"\" class=\"wp-image-22242\" srcset=\"https:\/\/7culture.ci\/wp-content\/uploads\/2022\/07\/20-1-1024x683.jpeg 1024w, https:\/\/7culture.ci\/wp-content\/uploads\/2022\/07\/20-1-300x200.jpeg 300w, https:\/\/7culture.ci\/wp-content\/uploads\/2022\/07\/20-1-768x512.jpeg 768w, https:\/\/7culture.ci\/wp-content\/uploads\/2022\/07\/20-1.jpeg 1080w\" sizes=\"(max-width: 1024px) 100vw, 1024px\" \/><\/figure>\n\n\n\n<figure class=\"wp-block-image size-large\"><img loading=\"lazy\" decoding=\"async\" width=\"1024\" height=\"683\" data-id=\"22241\" src=\"https:\/\/7culture.ci\/wp-content\/uploads\/2022\/07\/21-1-1024x683.jpeg\" alt=\"\" class=\"wp-image-22241\" srcset=\"https:\/\/7culture.ci\/wp-content\/uploads\/2022\/07\/21-1-1024x683.jpeg 1024w, https:\/\/7culture.ci\/wp-content\/uploads\/2022\/07\/21-1-300x200.jpeg 300w, https:\/\/7culture.ci\/wp-content\/uploads\/2022\/07\/21-1-768x512.jpeg 768w, https:\/\/7culture.ci\/wp-content\/uploads\/2022\/07\/21-1.jpeg 1080w\" sizes=\"(max-width: 1024px) 100vw, 1024px\" \/><\/figure>\n\n\n\n<figure class=\"wp-block-image size-large\"><img loading=\"lazy\" decoding=\"async\" width=\"1024\" height=\"683\" data-id=\"22243\" src=\"https:\/\/7culture.ci\/wp-content\/uploads\/2022\/07\/22-2-1024x683.jpeg\" alt=\"\" class=\"wp-image-22243\" srcset=\"https:\/\/7culture.ci\/wp-content\/uploads\/2022\/07\/22-2-1024x683.jpeg 1024w, https:\/\/7culture.ci\/wp-content\/uploads\/2022\/07\/22-2-300x200.jpeg 300w, https:\/\/7culture.ci\/wp-content\/uploads\/2022\/07\/22-2-768x512.jpeg 768w, https:\/\/7culture.ci\/wp-content\/uploads\/2022\/07\/22-2.jpeg 1080w\" sizes=\"(max-width: 1024px) 100vw, 1024px\" \/><\/figure>\n<\/figure>\n\n\n\n<figure class=\"wp-block-gallery has-nested-images columns-default is-cropped wp-block-gallery-8 is-layout-flex wp-block-gallery-is-layout-flex\">\n<figure class=\"wp-block-image size-large\"><img loading=\"lazy\" decoding=\"async\" width=\"1024\" height=\"683\" data-id=\"22244\" src=\"https:\/\/7culture.ci\/wp-content\/uploads\/2022\/07\/23-1-1024x683.jpeg\" alt=\"\" class=\"wp-image-22244\" srcset=\"https:\/\/7culture.ci\/wp-content\/uploads\/2022\/07\/23-1-1024x683.jpeg 1024w, https:\/\/7culture.ci\/wp-content\/uploads\/2022\/07\/23-1-300x200.jpeg 300w, https:\/\/7culture.ci\/wp-content\/uploads\/2022\/07\/23-1-768x512.jpeg 768w, https:\/\/7culture.ci\/wp-content\/uploads\/2022\/07\/23-1.jpeg 1080w\" sizes=\"(max-width: 1024px) 100vw, 1024px\" \/><\/figure>\n\n\n\n<figure class=\"wp-block-image size-large\"><img loading=\"lazy\" decoding=\"async\" width=\"1024\" height=\"683\" data-id=\"22245\" src=\"https:\/\/7culture.ci\/wp-content\/uploads\/2022\/07\/24-1-1024x683.jpeg\" alt=\"\" class=\"wp-image-22245\" srcset=\"https:\/\/7culture.ci\/wp-content\/uploads\/2022\/07\/24-1-1024x683.jpeg 1024w, https:\/\/7culture.ci\/wp-content\/uploads\/2022\/07\/24-1-300x200.jpeg 300w, https:\/\/7culture.ci\/wp-content\/uploads\/2022\/07\/24-1-768x512.jpeg 768w, https:\/\/7culture.ci\/wp-content\/uploads\/2022\/07\/24-1.jpeg 1080w\" sizes=\"(max-width: 1024px) 100vw, 1024px\" \/><\/figure>\n\n\n\n<figure class=\"wp-block-image size-large\"><img loading=\"lazy\" decoding=\"async\" width=\"683\" height=\"1024\" data-id=\"22246\" src=\"https:\/\/7culture.ci\/wp-content\/uploads\/2022\/07\/25-1-683x1024.jpeg\" alt=\"\" class=\"wp-image-22246\" srcset=\"https:\/\/7culture.ci\/wp-content\/uploads\/2022\/07\/25-1-683x1024.jpeg 683w, https:\/\/7culture.ci\/wp-content\/uploads\/2022\/07\/25-1-200x300.jpeg 200w, https:\/\/7culture.ci\/wp-content\/uploads\/2022\/07\/25-1.jpeg 720w\" sizes=\"(max-width: 683px) 100vw, 683px\" \/><\/figure>\n<\/figure>\n\n\n\n<figure class=\"wp-block-gallery has-nested-images columns-default is-cropped wp-block-gallery-9 is-layout-flex wp-block-gallery-is-layout-flex\">\n<figure class=\"wp-block-image size-large\"><img loading=\"lazy\" decoding=\"async\" width=\"683\" height=\"1024\" data-id=\"22247\" src=\"https:\/\/7culture.ci\/wp-content\/uploads\/2022\/07\/5-3-683x1024.jpeg\" alt=\"\" class=\"wp-image-22247\" srcset=\"https:\/\/7culture.ci\/wp-content\/uploads\/2022\/07\/5-3-683x1024.jpeg 683w, https:\/\/7culture.ci\/wp-content\/uploads\/2022\/07\/5-3-200x300.jpeg 200w, https:\/\/7culture.ci\/wp-content\/uploads\/2022\/07\/5-3.jpeg 720w\" sizes=\"(max-width: 683px) 100vw, 683px\" \/><\/figure>\n\n\n\n<figure class=\"wp-block-image size-large\"><img loading=\"lazy\" decoding=\"async\" width=\"1024\" height=\"683\" data-id=\"22248\" src=\"https:\/\/7culture.ci\/wp-content\/uploads\/2022\/07\/26-1024x683.jpeg\" alt=\"\" class=\"wp-image-22248\" srcset=\"https:\/\/7culture.ci\/wp-content\/uploads\/2022\/07\/26-1024x683.jpeg 1024w, https:\/\/7culture.ci\/wp-content\/uploads\/2022\/07\/26-300x200.jpeg 300w, https:\/\/7culture.ci\/wp-content\/uploads\/2022\/07\/26-768x512.jpeg 768w, https:\/\/7culture.ci\/wp-content\/uploads\/2022\/07\/26.jpeg 1080w\" sizes=\"(max-width: 1024px) 100vw, 1024px\" \/><\/figure>\n\n\n\n<figure class=\"wp-block-image size-large\"><img loading=\"lazy\" decoding=\"async\" width=\"1024\" height=\"683\" data-id=\"22249\" src=\"https:\/\/7culture.ci\/wp-content\/uploads\/2022\/07\/27-1-1024x683.jpeg\" alt=\"\" class=\"wp-image-22249\" srcset=\"https:\/\/7culture.ci\/wp-content\/uploads\/2022\/07\/27-1-1024x683.jpeg 1024w, https:\/\/7culture.ci\/wp-content\/uploads\/2022\/07\/27-1-300x200.jpeg 300w, https:\/\/7culture.ci\/wp-content\/uploads\/2022\/07\/27-1-768x512.jpeg 768w, https:\/\/7culture.ci\/wp-content\/uploads\/2022\/07\/27-1.jpeg 1080w\" sizes=\"(max-width: 1024px) 100vw, 1024px\" \/><\/figure>\n<\/figure>\n","protected":false},"excerpt":{"rendered":"<p>Le menu \u00e9tait tiss\u00e9 et un d\u00e9fil\u00e9 mode coupl\u00e9 \u00e0 une c\u00e9r\u00e9monie de distinction. Revivez ce bel \u00e9v\u00e8nement de la mode autour du bazin et tu textile en images.<\/p>\n","protected":false},"author":1,"featured_media":22198,"comment_status":"open","ping_status":"open","sticky":false,"template":"","format":"standard","meta":{"_mi_skip_tracking":false,"_monsterinsights_sitenote_active":false,"_monsterinsights_sitenote_note":"","_monsterinsights_sitenote_category":0,"site-sidebar-layout":"default","site-content-layout":"default","ast-global-header-display":"","ast-main-header-display":"","ast-hfb-above-header-display":"","ast-hfb-below-header-display":"","ast-hfb-mobile-header-display":"","site-post-title":"","ast-breadcrumbs-content":"","ast-featured-img":"","footer-sml-layout":"","theme-transparent-header-meta":"","adv-header-id-meta":"","stick-header-meta":"","header-above-stick-meta":"","header-main-stick-meta":"","header-below-stick-meta":"","footnotes":"","jetpack_publicize_message":"","jetpack_is_tweetstorm":false,"jetpack_publicize_feature_enabled":true},"categories":[43],"tags":[],"jetpack_publicize_connections":[],"acf":[],"aioseo_notices":[],"yoast_head":"<!-- This site is optimized with the Yoast SEO plugin v19.6.1 - https:\/\/yoast.com\/wordpress\/plugins\/seo\/ -->\n<title>Festival international du bazin et du textile africain\u00a0: Le nouveau rendez-vous des professionnels de la mode et du textile africain. - 7culture<\/title>\n<meta name=\"robots\" content=\"index, follow, max-snippet:-1, max-image-preview:large, max-video-preview:-1\" \/>\n<link rel=\"canonical\" href=\"https:\/\/7culture.ci\/index.php\/2022\/07\/06\/festival-international-du-bazin-et-du-textile-africain-le-nouveau-rendez-vous-des-professionnels-de-la-mode-et-du-textile-africain\/\" \/>\n<meta property=\"og:locale\" content=\"fr_FR\" \/>\n<meta property=\"og:type\" content=\"article\" \/>\n<meta property=\"og:title\" content=\"Festival international du bazin et du textile africain\u00a0: Le nouveau rendez-vous des professionnels de la mode et du textile africain. - 7culture\" \/>\n<meta property=\"og:description\" content=\"Le menu \u00e9tait tiss\u00e9 et un d\u00e9fil\u00e9 mode coupl\u00e9 \u00e0 une c\u00e9r\u00e9monie de distinction. Revivez ce bel \u00e9v\u00e8nement de la mode autour du bazin et tu textile en images.\" \/>\n<meta property=\"og:url\" content=\"https:\/\/7culture.ci\/index.php\/2022\/07\/06\/festival-international-du-bazin-et-du-textile-africain-le-nouveau-rendez-vous-des-professionnels-de-la-mode-et-du-textile-africain\/\" \/>\n<meta property=\"og:site_name\" content=\"7culture\" \/>\n<meta property=\"article:publisher\" content=\"https:\/\/www.facebook.com\/redchefclaude\" \/>\n<meta property=\"article:published_time\" content=\"2022-07-06T14:31:57+00:00\" \/>\n<meta property=\"article:modified_time\" content=\"2022-07-06T14:31:59+00:00\" \/>\n<meta property=\"og:image\" content=\"http:\/\/7culture.ci\/wp-content\/uploads\/2022\/07\/22.jpeg\" \/>\n\t<meta property=\"og:image:width\" content=\"1080\" \/>\n\t<meta property=\"og:image:height\" content=\"720\" \/>\n\t<meta property=\"og:image:type\" content=\"image\/jpeg\" \/>\n<meta name=\"author\" content=\"7culture2020\" \/>\n<meta name=\"twitter:card\" content=\"summary_large_image\" \/>\n<meta name=\"twitter:creator\" content=\"@7culturec\" \/>\n<meta name=\"twitter:site\" content=\"@7culturec\" \/>\n<meta name=\"twitter:label1\" content=\"\u00c9crit par\" \/>\n\t<meta name=\"twitter:data1\" content=\"7culture2020\" \/>\n\t<meta name=\"twitter:label2\" content=\"Dur\u00e9e de lecture estim\u00e9e\" \/>\n\t<meta name=\"twitter:data2\" content=\"6 minutes\" \/>\n<script type=\"application\/ld+json\" class=\"yoast-schema-graph\">{\"@context\":\"https:\/\/schema.org\",\"@graph\":[{\"@type\":\"Article\",\"@id\":\"https:\/\/7culture.ci\/index.php\/2022\/07\/06\/festival-international-du-bazin-et-du-textile-africain-le-nouveau-rendez-vous-des-professionnels-de-la-mode-et-du-textile-africain\/#article\",\"isPartOf\":{\"@id\":\"https:\/\/7culture.ci\/index.php\/2022\/07\/06\/festival-international-du-bazin-et-du-textile-africain-le-nouveau-rendez-vous-des-professionnels-de-la-mode-et-du-textile-africain\/\"},\"author\":{\"name\":\"7culture2020\",\"@id\":\"https:\/\/7culture.ci\/#\/schema\/person\/16150d28d7ef66ba788c1f87f28c4426\"},\"headline\":\"Festival international du bazin et du textile africain\u00a0: Le nouveau rendez-vous des professionnels de la mode et du textile africain.\",\"datePublished\":\"2022-07-06T14:31:57+00:00\",\"dateModified\":\"2022-07-06T14:31:59+00:00\",\"mainEntityOfPage\":{\"@id\":\"https:\/\/7culture.ci\/index.php\/2022\/07\/06\/festival-international-du-bazin-et-du-textile-africain-le-nouveau-rendez-vous-des-professionnels-de-la-mode-et-du-textile-africain\/\"},\"wordCount\":52,\"commentCount\":0,\"publisher\":{\"@id\":\"https:\/\/7culture.ci\/#organization\"},\"articleSection\":[\"Album photo\"],\"inLanguage\":\"fr-FR\",\"potentialAction\":[{\"@type\":\"CommentAction\",\"name\":\"Comment\",\"target\":[\"https:\/\/7culture.ci\/index.php\/2022\/07\/06\/festival-international-du-bazin-et-du-textile-africain-le-nouveau-rendez-vous-des-professionnels-de-la-mode-et-du-textile-africain\/#respond\"]}]},{\"@type\":\"WebPage\",\"@id\":\"https:\/\/7culture.ci\/index.php\/2022\/07\/06\/festival-international-du-bazin-et-du-textile-africain-le-nouveau-rendez-vous-des-professionnels-de-la-mode-et-du-textile-africain\/\",\"url\":\"https:\/\/7culture.ci\/index.php\/2022\/07\/06\/festival-international-du-bazin-et-du-textile-africain-le-nouveau-rendez-vous-des-professionnels-de-la-mode-et-du-textile-africain\/\",\"name\":\"Festival international du bazin et du textile africain\u00a0: Le nouveau rendez-vous des professionnels de la mode et du textile africain. - 7culture\",\"isPartOf\":{\"@id\":\"https:\/\/7culture.ci\/#website\"},\"datePublished\":\"2022-07-06T14:31:57+00:00\",\"dateModified\":\"2022-07-06T14:31:59+00:00\",\"breadcrumb\":{\"@id\":\"https:\/\/7culture.ci\/index.php\/2022\/07\/06\/festival-international-du-bazin-et-du-textile-africain-le-nouveau-rendez-vous-des-professionnels-de-la-mode-et-du-textile-africain\/#breadcrumb\"},\"inLanguage\":\"fr-FR\",\"potentialAction\":[{\"@type\":\"ReadAction\",\"target\":[\"https:\/\/7culture.ci\/index.php\/2022\/07\/06\/festival-international-du-bazin-et-du-textile-africain-le-nouveau-rendez-vous-des-professionnels-de-la-mode-et-du-textile-africain\/\"]}]},{\"@type\":\"BreadcrumbList\",\"@id\":\"https:\/\/7culture.ci\/index.php\/2022\/07\/06\/festival-international-du-bazin-et-du-textile-africain-le-nouveau-rendez-vous-des-professionnels-de-la-mode-et-du-textile-africain\/#breadcrumb\",\"itemListElement\":[{\"@type\":\"ListItem\",\"position\":1,\"name\":\"Accueil\",\"item\":\"https:\/\/7culture.ci\/\"},{\"@type\":\"ListItem\",\"position\":2,\"name\":\"Festival international du bazin et du textile africain\u00a0: Le nouveau rendez-vous des professionnels de la mode et du textile africain.\"}]},{\"@type\":\"WebSite\",\"@id\":\"https:\/\/7culture.ci\/#website\",\"url\":\"https:\/\/7culture.ci\/\",\"name\":\"7culture\",\"description\":\"Tout sur l&#039;actualit\u00e9\",\"publisher\":{\"@id\":\"https:\/\/7culture.ci\/#organization\"},\"potentialAction\":[{\"@type\":\"SearchAction\",\"target\":{\"@type\":\"EntryPoint\",\"urlTemplate\":\"https:\/\/7culture.ci\/?s={search_term_string}\"},\"query-input\":\"required name=search_term_string\"}],\"inLanguage\":\"fr-FR\"},{\"@type\":\"Organization\",\"@id\":\"https:\/\/7culture.ci\/#organization\",\"name\":\"7culture\",\"url\":\"https:\/\/7culture.ci\/\",\"sameAs\":[\"https:\/\/www.facebook.com\/redchefclaude\",\"https:\/\/twitter.com\/7culturec\"],\"logo\":{\"@type\":\"ImageObject\",\"inLanguage\":\"fr-FR\",\"@id\":\"https:\/\/7culture.ci\/#\/schema\/logo\/image\/\",\"url\":\"https:\/\/7culture.ci\/wp-content\/uploads\/2021\/12\/S1a-1.png\",\"contentUrl\":\"https:\/\/7culture.ci\/wp-content\/uploads\/2021\/12\/S1a-1.png\",\"width\":588,\"height\":192,\"caption\":\"7culture\"},\"image\":{\"@id\":\"https:\/\/7culture.ci\/#\/schema\/logo\/image\/\"}},{\"@type\":\"Person\",\"@id\":\"https:\/\/7culture.ci\/#\/schema\/person\/16150d28d7ef66ba788c1f87f28c4426\",\"name\":\"7culture2020\",\"image\":{\"@type\":\"ImageObject\",\"inLanguage\":\"fr-FR\",\"@id\":\"https:\/\/7culture.ci\/#\/schema\/person\/image\/\",\"url\":\"https:\/\/secure.gravatar.com\/avatar\/9a0784f951306c37bcd065f52844ef95?s=96&d=mm&r=g\",\"contentUrl\":\"https:\/\/secure.gravatar.com\/avatar\/9a0784f951306c37bcd065f52844ef95?s=96&d=mm&r=g\",\"caption\":\"7culture2020\"},\"sameAs\":[\"http:\/\/7culture.ci\",\"Claude.kipre\"],\"url\":\"https:\/\/7culture.ci\/index.php\/author\/7culture2020\/\"}]}<\/script>\n<!-- \/ Yoast SEO plugin. -->","yoast_head_json":{"title":"Festival international du bazin et du textile africain\u00a0: Le nouveau rendez-vous des professionnels de la mode et du textile africain. - 7culture","robots":{"index":"index","follow":"follow","max-snippet":"max-snippet:-1","max-image-preview":"max-image-preview:large","max-video-preview":"max-video-preview:-1"},"canonical":"https:\/\/7culture.ci\/index.php\/2022\/07\/06\/festival-international-du-bazin-et-du-textile-africain-le-nouveau-rendez-vous-des-professionnels-de-la-mode-et-du-textile-africain\/","og_locale":"fr_FR","og_type":"article","og_title":"Festival international du bazin et du textile africain\u00a0: Le nouveau rendez-vous des professionnels de la mode et du textile africain. - 7culture","og_description":"Le menu \u00e9tait tiss\u00e9 et un d\u00e9fil\u00e9 mode coupl\u00e9 \u00e0 une c\u00e9r\u00e9monie de distinction. Revivez ce bel \u00e9v\u00e8nement de la mode autour du bazin et tu textile en images.","og_url":"https:\/\/7culture.ci\/index.php\/2022\/07\/06\/festival-international-du-bazin-et-du-textile-africain-le-nouveau-rendez-vous-des-professionnels-de-la-mode-et-du-textile-africain\/","og_site_name":"7culture","article_publisher":"https:\/\/www.facebook.com\/redchefclaude","article_published_time":"2022-07-06T14:31:57+00:00","article_modified_time":"2022-07-06T14:31:59+00:00","og_image":[{"width":1080,"height":720,"url":"http:\/\/7culture.ci\/wp-content\/uploads\/2022\/07\/22.jpeg","type":"image\/jpeg"}],"author":"7culture2020","twitter_card":"summary_large_image","twitter_creator":"@7culturec","twitter_site":"@7culturec","twitter_misc":{"\u00c9crit par":"7culture2020","Dur\u00e9e de lecture estim\u00e9e":"6 minutes"},"schema":{"@context":"https:\/\/schema.org","@graph":[{"@type":"Article","@id":"https:\/\/7culture.ci\/index.php\/2022\/07\/06\/festival-international-du-bazin-et-du-textile-africain-le-nouveau-rendez-vous-des-professionnels-de-la-mode-et-du-textile-africain\/#article","isPartOf":{"@id":"https:\/\/7culture.ci\/index.php\/2022\/07\/06\/festival-international-du-bazin-et-du-textile-africain-le-nouveau-rendez-vous-des-professionnels-de-la-mode-et-du-textile-africain\/"},"author":{"name":"7culture2020","@id":"https:\/\/7culture.ci\/#\/schema\/person\/16150d28d7ef66ba788c1f87f28c4426"},"headline":"Festival international du bazin et du textile africain\u00a0: Le nouveau rendez-vous des professionnels de la mode et du textile africain.","datePublished":"2022-07-06T14:31:57+00:00","dateModified":"2022-07-06T14:31:59+00:00","mainEntityOfPage":{"@id":"https:\/\/7culture.ci\/index.php\/2022\/07\/06\/festival-international-du-bazin-et-du-textile-africain-le-nouveau-rendez-vous-des-professionnels-de-la-mode-et-du-textile-africain\/"},"wordCount":52,"commentCount":0,"publisher":{"@id":"https:\/\/7culture.ci\/#organization"},"articleSection":["Album photo"],"inLanguage":"fr-FR","potentialAction":[{"@type":"CommentAction","name":"Comment","target":["https:\/\/7culture.ci\/index.php\/2022\/07\/06\/festival-international-du-bazin-et-du-textile-africain-le-nouveau-rendez-vous-des-professionnels-de-la-mode-et-du-textile-africain\/#respond"]}]},{"@type":"WebPage","@id":"https:\/\/7culture.ci\/index.php\/2022\/07\/06\/festival-international-du-bazin-et-du-textile-africain-le-nouveau-rendez-vous-des-professionnels-de-la-mode-et-du-textile-africain\/","url":"https:\/\/7culture.ci\/index.php\/2022\/07\/06\/festival-international-du-bazin-et-du-textile-africain-le-nouveau-rendez-vous-des-professionnels-de-la-mode-et-du-textile-africain\/","name":"Festival international du bazin et du textile africain\u00a0: Le nouveau rendez-vous des professionnels de la mode et du textile africain. - 7culture","isPartOf":{"@id":"https:\/\/7culture.ci\/#website"},"datePublished":"2022-07-06T14:31:57+00:00","dateModified":"2022-07-06T14:31:59+00:00","breadcrumb":{"@id":"https:\/\/7culture.ci\/index.php\/2022\/07\/06\/festival-international-du-bazin-et-du-textile-africain-le-nouveau-rendez-vous-des-professionnels-de-la-mode-et-du-textile-africain\/#breadcrumb"},"inLanguage":"fr-FR","potentialAction":[{"@type":"ReadAction","target":["https:\/\/7culture.ci\/index.php\/2022\/07\/06\/festival-international-du-bazin-et-du-textile-africain-le-nouveau-rendez-vous-des-professionnels-de-la-mode-et-du-textile-africain\/"]}]},{"@type":"BreadcrumbList","@id":"https:\/\/7culture.ci\/index.php\/2022\/07\/06\/festival-international-du-bazin-et-du-textile-africain-le-nouveau-rendez-vous-des-professionnels-de-la-mode-et-du-textile-africain\/#breadcrumb","itemListElement":[{"@type":"ListItem","position":1,"name":"Accueil","item":"https:\/\/7culture.ci\/"},{"@type":"ListItem","position":2,"name":"Festival international du bazin et du textile africain\u00a0: Le nouveau rendez-vous des professionnels de la mode et du textile africain."}]},{"@type":"WebSite","@id":"https:\/\/7culture.ci\/#website","url":"https:\/\/7culture.ci\/","name":"7culture","description":"Tout sur l&#039;actualit\u00e9","publisher":{"@id":"https:\/\/7culture.ci\/#organization"},"potentialAction":[{"@type":"SearchAction","target":{"@type":"EntryPoint","urlTemplate":"https:\/\/7culture.ci\/?s={search_term_string}"},"query-input":"required name=search_term_string"}],"inLanguage":"fr-FR"},{"@type":"Organization","@id":"https:\/\/7culture.ci\/#organization","name":"7culture","url":"https:\/\/7culture.ci\/","sameAs":["https:\/\/www.facebook.com\/redchefclaude","https:\/\/twitter.com\/7culturec"],"logo":{"@type":"ImageObject","inLanguage":"fr-FR","@id":"https:\/\/7culture.ci\/#\/schema\/logo\/image\/","url":"https:\/\/7culture.ci\/wp-content\/uploads\/2021\/12\/S1a-1.png","contentUrl":"https:\/\/7culture.ci\/wp-content\/uploads\/2021\/12\/S1a-1.png","width":588,"height":192,"caption":"7culture"},"image":{"@id":"https:\/\/7culture.ci\/#\/schema\/logo\/image\/"}},{"@type":"Person","@id":"https:\/\/7culture.ci\/#\/schema\/person\/16150d28d7ef66ba788c1f87f28c4426","name":"7culture2020","image":{"@type":"ImageObject","inLanguage":"fr-FR","@id":"https:\/\/7culture.ci\/#\/schema\/person\/image\/","url":"https:\/\/secure.gravatar.com\/avatar\/9a0784f951306c37bcd065f52844ef95?s=96&d=mm&r=g","contentUrl":"https:\/\/secure.gravatar.com\/avatar\/9a0784f951306c37bcd065f52844ef95?s=96&d=mm&r=g","caption":"7culture2020"},"sameAs":["http:\/\/7culture.ci","Claude.kipre"],"url":"https:\/\/7culture.ci\/index.php\/author\/7culture2020\/"}]}},"jetpack_featured_media_url":"https:\/\/7culture.ci\/wp-content\/uploads\/2022\/07\/22.jpeg","jetpack_likes_enabled":true,"jetpack_sharing_enabled":true,"_links":{"self":[{"href":"https:\/\/7culture.ci\/index.php\/wp-json\/wp\/v2\/posts\/22197"}],"collection":[{"href":"https:\/\/7culture.ci\/index.php\/wp-json\/wp\/v2\/posts"}],"about":[{"href":"https:\/\/7culture.ci\/index.php\/wp-json\/wp\/v2\/types\/post"}],"author":[{"embeddable":true,"href":"https:\/\/7culture.ci\/index.php\/wp-json\/wp\/v2\/users\/1"}],"replies":[{"embeddable":true,"href":"https:\/\/7culture.ci\/index.php\/wp-json\/wp\/v2\/comments?post=22197"}],"version-history":[{"count":0,"href":"https:\/\/7culture.ci\/index.php\/wp-json\/wp\/v2\/posts\/22197\/revisions"}],"wp:featuredmedia":[{"embeddable":true,"href":"https:\/\/7culture.ci\/index.php\/wp-json\/wp\/v2\/media\/22198"}],"wp:attachment":[{"href":"https:\/\/7culture.ci\/index.php\/wp-json\/wp\/v2\/media?parent=22197"}],"wp:term":[{"taxonomy":"category","embeddable":true,"href":"https:\/\/7culture.ci\/index.php\/wp-json\/wp\/v2\/categories?post=22197"},{"taxonomy":"post_tag","embeddable":true,"href":"https:\/\/7culture.ci\/index.php\/wp-json\/wp\/v2\/tags?post=22197"}],"curies":[{"name":"wp","href":"https:\/\/api.w.org\/{rel}","templated":true}]}}