{"id":22172,"date":"2022-07-06T13:53:23","date_gmt":"2022-07-06T11:53:23","guid":{"rendered":"https:\/\/7culture.ci\/?p=22172"},"modified":"2022-07-06T16:14:43","modified_gmt":"2022-07-06T14:14:43","slug":"mode-fibta2-hermann-konan-decroche-le-prix-du-jeune-createur-emergent","status":"publish","type":"post","link":"https:\/\/7culture.ci\/index.php\/2022\/07\/06\/mode-fibta2-hermann-konan-decroche-le-prix-du-jeune-createur-emergent\/","title":{"rendered":"Mode\/FIBTA2\u00a0: Hermann Konan d\u00e9croche le Prix du Jeune cr\u00e9ateur \u00e9mergent"},"content":{"rendered":"\n<p>En deux \u00e9ditions, le Festival International du Bazin et du Textile Africain (FIBTA) s\u2019impose comme un \u00e9v\u00e8nement majeur de mode en C\u00f4te d\u2019Ivoire voire en Afrique. La 2<sup>e<\/sup> mouture qui vient de se d\u00e9rouler les 1<sup>er<\/sup> et 2 juillet au Sofitel Abidjan H\u00f4tel Ivoire a tenu toutes ses promesses. L\u2019all\u00e9chant programme a r\u00e9uni pendant deux jours du beau monde pour une exposition-vente, un panel et un d\u00e9fil\u00e9 mode coupl\u00e9 \u00e0 une c\u00e9r\u00e9monie de distinction.<\/p>\n\n\n\n<p>Pr\u00e9vu le 1<sup>er<\/sup> juillet \u00e0 la salle des F\u00eates du Sofitel Abidjan H\u00f4tel Ivoire, la soir\u00e9e gala du FIBTA donnait plut\u00f4t l\u2019allure d\u2019une f\u00eate du bazin et de textiles africains. Les invit\u00e9s ne s\u2019\u00e9taient pas fait prier pour arborer de majestueuses tenues africaines. C\u2019\u00e9tait une nette id\u00e9e de ce que le beau casting des cr\u00e9ateurs proposait sur le podium. Le froufrou incandescent de bazins et le ballet de robes de grands soirs ont fait corps pour donner un merveilleux d\u00e9fil\u00e9 de mode. Les tenues qui ont \u00e9mu le public bien endimanch\u00e9, \u00e9taient r\u00e9alis\u00e9es par Lamp Fall, Ange Daddy, Anicet Tanoh, Mika\u00ebl Tra, Awa Djaminatou, Ouattara Rokia, Marie Kaba (du Mali), Abiba\u2019O et Bamba Maimouna.<\/p>\n\n\n\n<figure class=\"wp-block-gallery has-nested-images columns-default is-cropped wp-block-gallery-1 is-layout-flex wp-block-gallery-is-layout-flex\">\n<figure class=\"wp-block-image size-large\"><img loading=\"lazy\" decoding=\"async\" width=\"683\" height=\"1024\" data-id=\"22177\" src=\"https:\/\/7culture.ci\/wp-content\/uploads\/2022\/07\/6-683x1024.jpeg\" alt=\"\" class=\"wp-image-22177\" srcset=\"https:\/\/7culture.ci\/wp-content\/uploads\/2022\/07\/6-683x1024.jpeg 683w, https:\/\/7culture.ci\/wp-content\/uploads\/2022\/07\/6-200x300.jpeg 200w, https:\/\/7culture.ci\/wp-content\/uploads\/2022\/07\/6.jpeg 720w\" sizes=\"(max-width: 683px) 100vw, 683px\" \/><\/figure>\n\n\n\n<figure class=\"wp-block-image size-large\"><img loading=\"lazy\" decoding=\"async\" width=\"658\" height=\"1024\" data-id=\"22178\" src=\"https:\/\/7culture.ci\/wp-content\/uploads\/2022\/07\/7-658x1024.jpeg\" alt=\"\" class=\"wp-image-22178\" srcset=\"https:\/\/7culture.ci\/wp-content\/uploads\/2022\/07\/7-658x1024.jpeg 658w, https:\/\/7culture.ci\/wp-content\/uploads\/2022\/07\/7-193x300.jpeg 193w, https:\/\/7culture.ci\/wp-content\/uploads\/2022\/07\/7.jpeg 694w\" sizes=\"(max-width: 658px) 100vw, 658px\" \/><\/figure>\n\n\n\n<figure class=\"wp-block-image size-large\"><img loading=\"lazy\" decoding=\"async\" width=\"683\" height=\"1024\" data-id=\"22179\" src=\"https:\/\/7culture.ci\/wp-content\/uploads\/2022\/07\/8-683x1024.jpeg\" alt=\"\" class=\"wp-image-22179\" srcset=\"https:\/\/7culture.ci\/wp-content\/uploads\/2022\/07\/8-683x1024.jpeg 683w, https:\/\/7culture.ci\/wp-content\/uploads\/2022\/07\/8-200x300.jpeg 200w, https:\/\/7culture.ci\/wp-content\/uploads\/2022\/07\/8.jpeg 720w\" sizes=\"(max-width: 683px) 100vw, 683px\" \/><\/figure>\n<\/figure>\n\n\n\n<p>L\u2019autre point int\u00e9ressant de cette magnifique et f\u00e9\u00e9rique soir\u00e9e du v\u00eatement, a \u00e9t\u00e9 sans conteste la d\u00e9signation du meilleur jeune cr\u00e9ateur \u00e9mergent. Le \u2018\u2019Prix jeune cr\u00e9ateur \u00e9mergent\u2019\u2019 a souri \u00e0 Hermann Konan. Il partage le podium avec Touvoly Amany et Soufiane Mohamed Cherif arriv\u00e9s respectivement 2<sup>e<\/sup> et 3<sup>e<\/sup> du classement. \u00ab <strong><em>Les diff\u00e9rents candidats nous ont propos\u00e9 un travail extraordinaire. Comme vous l\u2019avez certainement constat\u00e9 avec nous, ce sont de tr\u00e8s belles tenues sur la sc\u00e8ne. Les candidats ont beaucoup de talent. Ils sont tous m\u00e9ritants<\/em><\/strong> \u00bb, a reconnu Ciss St-Mo\u00efse, le pr\u00e9sident du jury. Comme r\u00e9compenses, les laur\u00e9ats ont successivement re\u00e7u des dipl\u00f4mes de participation et des ch\u00e8ques d\u2019un million de FCFA pour le vainqueur, 500.000 FCFA pour le 2<sup>e<\/sup> et 300.000 FCFA pour le 3<sup>e<\/sup>. C\u2019est l\u2019heureuse conclusion de cette comp\u00e9tition qui a oppos\u00e9 cinq finalistes au grand d\u00e9fil\u00e9 du Festival International du Bazin et du Textile Africain (FIBTA) le vendredi 1<sup>er<\/sup> juillet dernier.<\/p>\n\n\n\n<figure class=\"wp-block-gallery has-nested-images columns-default is-cropped wp-block-gallery-2 is-layout-flex wp-block-gallery-is-layout-flex\">\n<figure class=\"wp-block-image size-large\"><img loading=\"lazy\" decoding=\"async\" width=\"1024\" height=\"683\" data-id=\"22180\" src=\"https:\/\/7culture.ci\/wp-content\/uploads\/2022\/07\/1-2-1024x683.jpeg\" alt=\"\" class=\"wp-image-22180\" srcset=\"https:\/\/7culture.ci\/wp-content\/uploads\/2022\/07\/1-2-1024x683.jpeg 1024w, https:\/\/7culture.ci\/wp-content\/uploads\/2022\/07\/1-2-300x200.jpeg 300w, https:\/\/7culture.ci\/wp-content\/uploads\/2022\/07\/1-2-768x512.jpeg 768w, https:\/\/7culture.ci\/wp-content\/uploads\/2022\/07\/1-2.jpeg 1080w\" sizes=\"(max-width: 1024px) 100vw, 1024px\" \/><\/figure>\n\n\n\n<figure class=\"wp-block-image size-large\"><img loading=\"lazy\" decoding=\"async\" width=\"1024\" height=\"683\" data-id=\"22181\" src=\"https:\/\/7culture.ci\/wp-content\/uploads\/2022\/07\/3-2-1024x683.jpeg\" alt=\"\" class=\"wp-image-22181\" srcset=\"https:\/\/7culture.ci\/wp-content\/uploads\/2022\/07\/3-2-1024x683.jpeg 1024w, https:\/\/7culture.ci\/wp-content\/uploads\/2022\/07\/3-2-300x200.jpeg 300w, https:\/\/7culture.ci\/wp-content\/uploads\/2022\/07\/3-2-768x512.jpeg 768w, https:\/\/7culture.ci\/wp-content\/uploads\/2022\/07\/3-2.jpeg 1080w\" sizes=\"(max-width: 1024px) 100vw, 1024px\" \/><\/figure>\n\n\n\n<figure class=\"wp-block-image size-large\"><img loading=\"lazy\" decoding=\"async\" width=\"1024\" height=\"683\" data-id=\"22182\" src=\"https:\/\/7culture.ci\/wp-content\/uploads\/2022\/07\/4-1-1024x683.jpeg\" alt=\"\" class=\"wp-image-22182\" srcset=\"https:\/\/7culture.ci\/wp-content\/uploads\/2022\/07\/4-1-1024x683.jpeg 1024w, https:\/\/7culture.ci\/wp-content\/uploads\/2022\/07\/4-1-300x200.jpeg 300w, https:\/\/7culture.ci\/wp-content\/uploads\/2022\/07\/4-1-768x512.jpeg 768w, https:\/\/7culture.ci\/wp-content\/uploads\/2022\/07\/4-1.jpeg 1080w\" sizes=\"(max-width: 1024px) 100vw, 1024px\" \/><\/figure>\n<\/figure>\n\n\n\n<p>Pour arriver \u00e0 ce r\u00e9sultat, il faut remonter des mois en arri\u00e8re. Pilot\u00e9 par Mme Fatou Diaby, Directrice G\u00e9n\u00e9rale de FIJ- Communication, l\u2019initiatrice de l\u2019\u00e9v\u00e8nement, a re\u00e7u 100 dossiers de candidatures. Un premier tri a permis de retenir 40 cr\u00e9ateurs \u00e9valu\u00e9s via une vid\u00e9o de pr\u00e9sentation d&#8217;eux-m\u00eames et d&#8217;une pi\u00e8ce de leur cr\u00e9ation. Cette \u00e9tape a abouti \u00e0 la s\u00e9lection de 15 stylistes qui ont suivi une formation en salle pendant 3 jours \u00e0 la Chambre de commerce et d&#8217;industrie de C\u00f4te d\u2019Ivoire. Apr\u00e8s la formation th\u00e9orique, les candidats ont b\u00e9n\u00e9fici\u00e9s de coachings pratiques chez des cr\u00e9ateurs et professionnels de la mode.<\/p>\n\n\n\n<figure class=\"wp-block-gallery has-nested-images columns-default is-cropped wp-block-gallery-3 is-layout-flex wp-block-gallery-is-layout-flex\">\n<figure class=\"wp-block-image size-large\"><img loading=\"lazy\" decoding=\"async\" width=\"683\" height=\"1024\" data-id=\"22184\" src=\"https:\/\/7culture.ci\/wp-content\/uploads\/2022\/07\/5-683x1024.jpeg\" alt=\"\" class=\"wp-image-22184\" srcset=\"https:\/\/7culture.ci\/wp-content\/uploads\/2022\/07\/5-683x1024.jpeg 683w, https:\/\/7culture.ci\/wp-content\/uploads\/2022\/07\/5-200x300.jpeg 200w, https:\/\/7culture.ci\/wp-content\/uploads\/2022\/07\/5.jpeg 720w\" sizes=\"(max-width: 683px) 100vw, 683px\" \/><\/figure>\n\n\n\n<figure class=\"wp-block-image size-large\"><img loading=\"lazy\" decoding=\"async\" width=\"683\" height=\"1024\" data-id=\"22185\" src=\"https:\/\/7culture.ci\/wp-content\/uploads\/2022\/07\/12-683x1024.jpeg\" alt=\"\" class=\"wp-image-22185\" srcset=\"https:\/\/7culture.ci\/wp-content\/uploads\/2022\/07\/12-683x1024.jpeg 683w, https:\/\/7culture.ci\/wp-content\/uploads\/2022\/07\/12-200x300.jpeg 200w, https:\/\/7culture.ci\/wp-content\/uploads\/2022\/07\/12.jpeg 720w\" sizes=\"(max-width: 683px) 100vw, 683px\" \/><\/figure>\n\n\n\n<figure class=\"wp-block-image size-large\"><img loading=\"lazy\" decoding=\"async\" width=\"683\" height=\"1024\" data-id=\"22183\" src=\"https:\/\/7culture.ci\/wp-content\/uploads\/2022\/07\/19-683x1024.jpeg\" alt=\"\" class=\"wp-image-22183\" srcset=\"https:\/\/7culture.ci\/wp-content\/uploads\/2022\/07\/19-683x1024.jpeg 683w, https:\/\/7culture.ci\/wp-content\/uploads\/2022\/07\/19-200x300.jpeg 200w, https:\/\/7culture.ci\/wp-content\/uploads\/2022\/07\/19.jpeg 720w\" sizes=\"(max-width: 683px) 100vw, 683px\" \/><\/figure>\n<\/figure>\n\n\n\n<p>La 2<sup>e<\/sup> \u00e9dition du Festival International du Bazin et du Textile Africain (FIBTA) a \u00e9t\u00e9 parrain\u00e9e par le mannequin international Fatim Sidim\u00e9. Le top model Fat Tour\u00e9 et l\u2019animateur t\u00e9l\u00e9 Thierry Angeval ont assur\u00e9 la pr\u00e9sentation. L\u2019accessoirisation des tenues de tout le d\u00e9fil\u00e9 a \u00e9t\u00e9 sign\u00e9e Syllama Design et Missa stylisme et foulard.<\/p>\n\n\n\n<figure class=\"wp-block-gallery has-nested-images columns-default is-cropped wp-block-gallery-4 is-layout-flex wp-block-gallery-is-layout-flex\">\n<figure class=\"wp-block-image size-large\"><img loading=\"lazy\" decoding=\"async\" width=\"1024\" height=\"683\" data-id=\"22186\" src=\"https:\/\/7culture.ci\/wp-content\/uploads\/2022\/07\/16-1024x683.jpeg\" alt=\"\" class=\"wp-image-22186\" srcset=\"https:\/\/7culture.ci\/wp-content\/uploads\/2022\/07\/16-1024x683.jpeg 1024w, https:\/\/7culture.ci\/wp-content\/uploads\/2022\/07\/16-300x200.jpeg 300w, https:\/\/7culture.ci\/wp-content\/uploads\/2022\/07\/16-768x512.jpeg 768w, https:\/\/7culture.ci\/wp-content\/uploads\/2022\/07\/16.jpeg 1080w\" sizes=\"(max-width: 1024px) 100vw, 1024px\" \/><\/figure>\n\n\n\n<figure class=\"wp-block-image size-large\"><img loading=\"lazy\" decoding=\"async\" width=\"1024\" height=\"683\" data-id=\"22187\" src=\"https:\/\/7culture.ci\/wp-content\/uploads\/2022\/07\/17-1024x683.jpeg\" alt=\"\" class=\"wp-image-22187\" srcset=\"https:\/\/7culture.ci\/wp-content\/uploads\/2022\/07\/17-1024x683.jpeg 1024w, https:\/\/7culture.ci\/wp-content\/uploads\/2022\/07\/17-300x200.jpeg 300w, https:\/\/7culture.ci\/wp-content\/uploads\/2022\/07\/17-768x512.jpeg 768w, https:\/\/7culture.ci\/wp-content\/uploads\/2022\/07\/17.jpeg 1080w\" sizes=\"(max-width: 1024px) 100vw, 1024px\" \/><\/figure>\n\n\n\n<figure class=\"wp-block-image size-large\"><img loading=\"lazy\" decoding=\"async\" width=\"1024\" height=\"683\" data-id=\"22188\" src=\"https:\/\/7culture.ci\/wp-content\/uploads\/2022\/07\/18-1024x683.jpeg\" alt=\"\" class=\"wp-image-22188\" srcset=\"https:\/\/7culture.ci\/wp-content\/uploads\/2022\/07\/18-1024x683.jpeg 1024w, https:\/\/7culture.ci\/wp-content\/uploads\/2022\/07\/18-300x200.jpeg 300w, https:\/\/7culture.ci\/wp-content\/uploads\/2022\/07\/18-768x512.jpeg 768w, https:\/\/7culture.ci\/wp-content\/uploads\/2022\/07\/18.jpeg 1080w\" sizes=\"(max-width: 1024px) 100vw, 1024px\" \/><\/figure>\n<\/figure>\n\n\n\n<p>Vivement la troisi\u00e8me \u00e9dition du Festival International du Bazin et du Textile Africain, qui sans doute reviendra avec de grandes innovations&nbsp;!<\/p>\n\n\n\n<p>Par Omar AK<\/p>\n","protected":false},"excerpt":{"rendered":"<p>En deux \u00e9ditions, le Festival International du Bazin et du Textile Africain (FIBTA) s\u2019impose comme un \u00e9v\u00e8nement majeur de mode en C\u00f4te d\u2019Ivoire voire en Afrique. La 2e mouture qui vient de se d\u00e9rouler les 1er et 2 juillet au Sofitel Abidjan H\u00f4tel Ivoire a tenu toutes ses promesses. L\u2019all\u00e9chant programme a r\u00e9uni pendant deux &hellip;<\/p>\n<p class=\"read-more\"> <a class=\"\" href=\"https:\/\/7culture.ci\/index.php\/2022\/07\/06\/mode-fibta2-hermann-konan-decroche-le-prix-du-jeune-createur-emergent\/\"> <span class=\"screen-reader-text\">Mode\/FIBTA2\u00a0: Hermann Konan d\u00e9croche le Prix du Jeune cr\u00e9ateur \u00e9mergent<\/span> Lire la suite\u00a0\u00bb<\/a><\/p>\n","protected":false},"author":1,"featured_media":22173,"comment_status":"open","ping_status":"open","sticky":false,"template":"","format":"standard","meta":{"_mi_skip_tracking":false,"_monsterinsights_sitenote_active":false,"_monsterinsights_sitenote_note":"","_monsterinsights_sitenote_category":0,"site-sidebar-layout":"default","site-content-layout":"default","ast-global-header-display":"","ast-main-header-display":"","ast-hfb-above-header-display":"","ast-hfb-below-header-display":"","ast-hfb-mobile-header-display":"","site-post-title":"","ast-breadcrumbs-content":"","ast-featured-img":"","footer-sml-layout":"","theme-transparent-header-meta":"","adv-header-id-meta":"","stick-header-meta":"","header-above-stick-meta":"","header-main-stick-meta":"","header-below-stick-meta":"","footnotes":"","jetpack_publicize_message":"","jetpack_is_tweetstorm":false,"jetpack_publicize_feature_enabled":true},"categories":[39],"tags":[],"jetpack_publicize_connections":[],"acf":[],"aioseo_notices":[],"yoast_head":"<!-- This site is optimized with the Yoast SEO plugin v19.6.1 - https:\/\/yoast.com\/wordpress\/plugins\/seo\/ -->\n<title>Mode\/FIBTA2\u00a0: Hermann Konan d\u00e9croche le Prix du Jeune cr\u00e9ateur \u00e9mergent -<\/title>\n<meta name=\"robots\" content=\"index, follow, max-snippet:-1, max-image-preview:large, max-video-preview:-1\" \/>\n<link rel=\"canonical\" href=\"https:\/\/7culture.ci\/index.php\/2022\/07\/06\/mode-fibta2-hermann-konan-decroche-le-prix-du-jeune-createur-emergent\/\" \/>\n<meta property=\"og:locale\" content=\"fr_FR\" \/>\n<meta property=\"og:type\" content=\"article\" \/>\n<meta property=\"og:title\" content=\"Mode\/FIBTA2\u00a0: Hermann Konan d\u00e9croche le Prix du Jeune cr\u00e9ateur \u00e9mergent -\" \/>\n<meta property=\"og:description\" content=\"En deux \u00e9ditions, le Festival International du Bazin et du Textile Africain (FIBTA) s\u2019impose comme un \u00e9v\u00e8nement majeur de mode en C\u00f4te d\u2019Ivoire voire en Afrique. La 2e mouture qui vient de se d\u00e9rouler les 1er et 2 juillet au Sofitel Abidjan H\u00f4tel Ivoire a tenu toutes ses promesses. L\u2019all\u00e9chant programme a r\u00e9uni pendant deux &hellip; Mode\/FIBTA2\u00a0: Hermann Konan d\u00e9croche le Prix du Jeune cr\u00e9ateur \u00e9mergent Lire la suite\u00a0\u00bb\" \/>\n<meta property=\"og:url\" content=\"https:\/\/7culture.ci\/index.php\/2022\/07\/06\/mode-fibta2-hermann-konan-decroche-le-prix-du-jeune-createur-emergent\/\" \/>\n<meta property=\"og:site_name\" content=\"7culture\" \/>\n<meta property=\"article:publisher\" content=\"https:\/\/www.facebook.com\/redchefclaude\" \/>\n<meta property=\"article:published_time\" content=\"2022-07-06T11:53:23+00:00\" \/>\n<meta property=\"article:modified_time\" content=\"2022-07-06T14:14:43+00:00\" \/>\n<meta property=\"og:image\" content=\"http:\/\/7culture.ci\/wp-content\/uploads\/2022\/07\/2-1.jpeg\" \/>\n\t<meta property=\"og:image:width\" content=\"750\" \/>\n\t<meta property=\"og:image:height\" content=\"500\" \/>\n\t<meta property=\"og:image:type\" content=\"image\/jpeg\" \/>\n<meta name=\"author\" content=\"7culture2020\" \/>\n<meta name=\"twitter:card\" content=\"summary_large_image\" \/>\n<meta name=\"twitter:creator\" content=\"@7culturec\" \/>\n<meta name=\"twitter:site\" content=\"@7culturec\" \/>\n<meta name=\"twitter:label1\" content=\"\u00c9crit par\" \/>\n\t<meta name=\"twitter:data1\" content=\"7culture2020\" \/>\n\t<meta name=\"twitter:label2\" content=\"Dur\u00e9e de lecture estim\u00e9e\" \/>\n\t<meta name=\"twitter:data2\" content=\"6 minutes\" \/>\n<script type=\"application\/ld+json\" class=\"yoast-schema-graph\">{\"@context\":\"https:\/\/schema.org\",\"@graph\":[{\"@type\":\"Article\",\"@id\":\"https:\/\/7culture.ci\/index.php\/2022\/07\/06\/mode-fibta2-hermann-konan-decroche-le-prix-du-jeune-createur-emergent\/#article\",\"isPartOf\":{\"@id\":\"https:\/\/7culture.ci\/index.php\/2022\/07\/06\/mode-fibta2-hermann-konan-decroche-le-prix-du-jeune-createur-emergent\/\"},\"author\":{\"name\":\"7culture2020\",\"@id\":\"https:\/\/7culture.ci\/#\/schema\/person\/16150d28d7ef66ba788c1f87f28c4426\"},\"headline\":\"Mode\/FIBTA2\u00a0: Hermann Konan d\u00e9croche le Prix du Jeune cr\u00e9ateur \u00e9mergent\",\"datePublished\":\"2022-07-06T11:53:23+00:00\",\"dateModified\":\"2022-07-06T14:14:43+00:00\",\"mainEntityOfPage\":{\"@id\":\"https:\/\/7culture.ci\/index.php\/2022\/07\/06\/mode-fibta2-hermann-konan-decroche-le-prix-du-jeune-createur-emergent\/\"},\"wordCount\":610,\"commentCount\":0,\"publisher\":{\"@id\":\"https:\/\/7culture.ci\/#organization\"},\"articleSection\":[\"Mode\"],\"inLanguage\":\"fr-FR\",\"potentialAction\":[{\"@type\":\"CommentAction\",\"name\":\"Comment\",\"target\":[\"https:\/\/7culture.ci\/index.php\/2022\/07\/06\/mode-fibta2-hermann-konan-decroche-le-prix-du-jeune-createur-emergent\/#respond\"]}]},{\"@type\":\"WebPage\",\"@id\":\"https:\/\/7culture.ci\/index.php\/2022\/07\/06\/mode-fibta2-hermann-konan-decroche-le-prix-du-jeune-createur-emergent\/\",\"url\":\"https:\/\/7culture.ci\/index.php\/2022\/07\/06\/mode-fibta2-hermann-konan-decroche-le-prix-du-jeune-createur-emergent\/\",\"name\":\"Mode\/FIBTA2\u00a0: Hermann Konan d\u00e9croche le Prix du Jeune cr\u00e9ateur \u00e9mergent -\",\"isPartOf\":{\"@id\":\"https:\/\/7culture.ci\/#website\"},\"datePublished\":\"2022-07-06T11:53:23+00:00\",\"dateModified\":\"2022-07-06T14:14:43+00:00\",\"breadcrumb\":{\"@id\":\"https:\/\/7culture.ci\/index.php\/2022\/07\/06\/mode-fibta2-hermann-konan-decroche-le-prix-du-jeune-createur-emergent\/#breadcrumb\"},\"inLanguage\":\"fr-FR\",\"potentialAction\":[{\"@type\":\"ReadAction\",\"target\":[\"https:\/\/7culture.ci\/index.php\/2022\/07\/06\/mode-fibta2-hermann-konan-decroche-le-prix-du-jeune-createur-emergent\/\"]}]},{\"@type\":\"BreadcrumbList\",\"@id\":\"https:\/\/7culture.ci\/index.php\/2022\/07\/06\/mode-fibta2-hermann-konan-decroche-le-prix-du-jeune-createur-emergent\/#breadcrumb\",\"itemListElement\":[{\"@type\":\"ListItem\",\"position\":1,\"name\":\"Accueil\",\"item\":\"https:\/\/7culture.ci\/\"},{\"@type\":\"ListItem\",\"position\":2,\"name\":\"Mode\/FIBTA2\u00a0: Hermann Konan d\u00e9croche le Prix du Jeune cr\u00e9ateur \u00e9mergent\"}]},{\"@type\":\"WebSite\",\"@id\":\"https:\/\/7culture.ci\/#website\",\"url\":\"https:\/\/7culture.ci\/\",\"name\":\"7culture\",\"description\":\"Tout sur l&#039;actualit\u00e9\",\"publisher\":{\"@id\":\"https:\/\/7culture.ci\/#organization\"},\"potentialAction\":[{\"@type\":\"SearchAction\",\"target\":{\"@type\":\"EntryPoint\",\"urlTemplate\":\"https:\/\/7culture.ci\/?s={search_term_string}\"},\"query-input\":\"required name=search_term_string\"}],\"inLanguage\":\"fr-FR\"},{\"@type\":\"Organization\",\"@id\":\"https:\/\/7culture.ci\/#organization\",\"name\":\"7culture\",\"url\":\"https:\/\/7culture.ci\/\",\"sameAs\":[\"https:\/\/www.facebook.com\/redchefclaude\",\"https:\/\/twitter.com\/7culturec\"],\"logo\":{\"@type\":\"ImageObject\",\"inLanguage\":\"fr-FR\",\"@id\":\"https:\/\/7culture.ci\/#\/schema\/logo\/image\/\",\"url\":\"https:\/\/7culture.ci\/wp-content\/uploads\/2021\/12\/S1a-1.png\",\"contentUrl\":\"https:\/\/7culture.ci\/wp-content\/uploads\/2021\/12\/S1a-1.png\",\"width\":588,\"height\":192,\"caption\":\"7culture\"},\"image\":{\"@id\":\"https:\/\/7culture.ci\/#\/schema\/logo\/image\/\"}},{\"@type\":\"Person\",\"@id\":\"https:\/\/7culture.ci\/#\/schema\/person\/16150d28d7ef66ba788c1f87f28c4426\",\"name\":\"7culture2020\",\"image\":{\"@type\":\"ImageObject\",\"inLanguage\":\"fr-FR\",\"@id\":\"https:\/\/7culture.ci\/#\/schema\/person\/image\/\",\"url\":\"https:\/\/secure.gravatar.com\/avatar\/9a0784f951306c37bcd065f52844ef95?s=96&d=mm&r=g\",\"contentUrl\":\"https:\/\/secure.gravatar.com\/avatar\/9a0784f951306c37bcd065f52844ef95?s=96&d=mm&r=g\",\"caption\":\"7culture2020\"},\"sameAs\":[\"http:\/\/7culture.ci\",\"Claude.kipre\"],\"url\":\"https:\/\/7culture.ci\/index.php\/author\/7culture2020\/\"}]}<\/script>\n<!-- \/ Yoast SEO plugin. -->","yoast_head_json":{"title":"Mode\/FIBTA2\u00a0: Hermann Konan d\u00e9croche le Prix du Jeune cr\u00e9ateur \u00e9mergent -","robots":{"index":"index","follow":"follow","max-snippet":"max-snippet:-1","max-image-preview":"max-image-preview:large","max-video-preview":"max-video-preview:-1"},"canonical":"https:\/\/7culture.ci\/index.php\/2022\/07\/06\/mode-fibta2-hermann-konan-decroche-le-prix-du-jeune-createur-emergent\/","og_locale":"fr_FR","og_type":"article","og_title":"Mode\/FIBTA2\u00a0: Hermann Konan d\u00e9croche le Prix du Jeune cr\u00e9ateur \u00e9mergent -","og_description":"En deux \u00e9ditions, le Festival International du Bazin et du Textile Africain (FIBTA) s\u2019impose comme un \u00e9v\u00e8nement majeur de mode en C\u00f4te d\u2019Ivoire voire en Afrique. La 2e mouture qui vient de se d\u00e9rouler les 1er et 2 juillet au Sofitel Abidjan H\u00f4tel Ivoire a tenu toutes ses promesses. L\u2019all\u00e9chant programme a r\u00e9uni pendant deux &hellip; Mode\/FIBTA2\u00a0: Hermann Konan d\u00e9croche le Prix du Jeune cr\u00e9ateur \u00e9mergent Lire la suite\u00a0\u00bb","og_url":"https:\/\/7culture.ci\/index.php\/2022\/07\/06\/mode-fibta2-hermann-konan-decroche-le-prix-du-jeune-createur-emergent\/","og_site_name":"7culture","article_publisher":"https:\/\/www.facebook.com\/redchefclaude","article_published_time":"2022-07-06T11:53:23+00:00","article_modified_time":"2022-07-06T14:14:43+00:00","og_image":[{"width":750,"height":500,"url":"http:\/\/7culture.ci\/wp-content\/uploads\/2022\/07\/2-1.jpeg","type":"image\/jpeg"}],"author":"7culture2020","twitter_card":"summary_large_image","twitter_creator":"@7culturec","twitter_site":"@7culturec","twitter_misc":{"\u00c9crit par":"7culture2020","Dur\u00e9e de lecture estim\u00e9e":"6 minutes"},"schema":{"@context":"https:\/\/schema.org","@graph":[{"@type":"Article","@id":"https:\/\/7culture.ci\/index.php\/2022\/07\/06\/mode-fibta2-hermann-konan-decroche-le-prix-du-jeune-createur-emergent\/#article","isPartOf":{"@id":"https:\/\/7culture.ci\/index.php\/2022\/07\/06\/mode-fibta2-hermann-konan-decroche-le-prix-du-jeune-createur-emergent\/"},"author":{"name":"7culture2020","@id":"https:\/\/7culture.ci\/#\/schema\/person\/16150d28d7ef66ba788c1f87f28c4426"},"headline":"Mode\/FIBTA2\u00a0: Hermann Konan d\u00e9croche le Prix du Jeune cr\u00e9ateur \u00e9mergent","datePublished":"2022-07-06T11:53:23+00:00","dateModified":"2022-07-06T14:14:43+00:00","mainEntityOfPage":{"@id":"https:\/\/7culture.ci\/index.php\/2022\/07\/06\/mode-fibta2-hermann-konan-decroche-le-prix-du-jeune-createur-emergent\/"},"wordCount":610,"commentCount":0,"publisher":{"@id":"https:\/\/7culture.ci\/#organization"},"articleSection":["Mode"],"inLanguage":"fr-FR","potentialAction":[{"@type":"CommentAction","name":"Comment","target":["https:\/\/7culture.ci\/index.php\/2022\/07\/06\/mode-fibta2-hermann-konan-decroche-le-prix-du-jeune-createur-emergent\/#respond"]}]},{"@type":"WebPage","@id":"https:\/\/7culture.ci\/index.php\/2022\/07\/06\/mode-fibta2-hermann-konan-decroche-le-prix-du-jeune-createur-emergent\/","url":"https:\/\/7culture.ci\/index.php\/2022\/07\/06\/mode-fibta2-hermann-konan-decroche-le-prix-du-jeune-createur-emergent\/","name":"Mode\/FIBTA2\u00a0: Hermann Konan d\u00e9croche le Prix du Jeune cr\u00e9ateur \u00e9mergent -","isPartOf":{"@id":"https:\/\/7culture.ci\/#website"},"datePublished":"2022-07-06T11:53:23+00:00","dateModified":"2022-07-06T14:14:43+00:00","breadcrumb":{"@id":"https:\/\/7culture.ci\/index.php\/2022\/07\/06\/mode-fibta2-hermann-konan-decroche-le-prix-du-jeune-createur-emergent\/#breadcrumb"},"inLanguage":"fr-FR","potentialAction":[{"@type":"ReadAction","target":["https:\/\/7culture.ci\/index.php\/2022\/07\/06\/mode-fibta2-hermann-konan-decroche-le-prix-du-jeune-createur-emergent\/"]}]},{"@type":"BreadcrumbList","@id":"https:\/\/7culture.ci\/index.php\/2022\/07\/06\/mode-fibta2-hermann-konan-decroche-le-prix-du-jeune-createur-emergent\/#breadcrumb","itemListElement":[{"@type":"ListItem","position":1,"name":"Accueil","item":"https:\/\/7culture.ci\/"},{"@type":"ListItem","position":2,"name":"Mode\/FIBTA2\u00a0: Hermann Konan d\u00e9croche le Prix du Jeune cr\u00e9ateur \u00e9mergent"}]},{"@type":"WebSite","@id":"https:\/\/7culture.ci\/#website","url":"https:\/\/7culture.ci\/","name":"7culture","description":"Tout sur l&#039;actualit\u00e9","publisher":{"@id":"https:\/\/7culture.ci\/#organization"},"potentialAction":[{"@type":"SearchAction","target":{"@type":"EntryPoint","urlTemplate":"https:\/\/7culture.ci\/?s={search_term_string}"},"query-input":"required name=search_term_string"}],"inLanguage":"fr-FR"},{"@type":"Organization","@id":"https:\/\/7culture.ci\/#organization","name":"7culture","url":"https:\/\/7culture.ci\/","sameAs":["https:\/\/www.facebook.com\/redchefclaude","https:\/\/twitter.com\/7culturec"],"logo":{"@type":"ImageObject","inLanguage":"fr-FR","@id":"https:\/\/7culture.ci\/#\/schema\/logo\/image\/","url":"https:\/\/7culture.ci\/wp-content\/uploads\/2021\/12\/S1a-1.png","contentUrl":"https:\/\/7culture.ci\/wp-content\/uploads\/2021\/12\/S1a-1.png","width":588,"height":192,"caption":"7culture"},"image":{"@id":"https:\/\/7culture.ci\/#\/schema\/logo\/image\/"}},{"@type":"Person","@id":"https:\/\/7culture.ci\/#\/schema\/person\/16150d28d7ef66ba788c1f87f28c4426","name":"7culture2020","image":{"@type":"ImageObject","inLanguage":"fr-FR","@id":"https:\/\/7culture.ci\/#\/schema\/person\/image\/","url":"https:\/\/secure.gravatar.com\/avatar\/9a0784f951306c37bcd065f52844ef95?s=96&d=mm&r=g","contentUrl":"https:\/\/secure.gravatar.com\/avatar\/9a0784f951306c37bcd065f52844ef95?s=96&d=mm&r=g","caption":"7culture2020"},"sameAs":["http:\/\/7culture.ci","Claude.kipre"],"url":"https:\/\/7culture.ci\/index.php\/author\/7culture2020\/"}]}},"jetpack_featured_media_url":"https:\/\/7culture.ci\/wp-content\/uploads\/2022\/07\/2-1.jpeg","jetpack_likes_enabled":true,"jetpack_sharing_enabled":true,"_links":{"self":[{"href":"https:\/\/7culture.ci\/index.php\/wp-json\/wp\/v2\/posts\/22172"}],"collection":[{"href":"https:\/\/7culture.ci\/index.php\/wp-json\/wp\/v2\/posts"}],"about":[{"href":"https:\/\/7culture.ci\/index.php\/wp-json\/wp\/v2\/types\/post"}],"author":[{"embeddable":true,"href":"https:\/\/7culture.ci\/index.php\/wp-json\/wp\/v2\/users\/1"}],"replies":[{"embeddable":true,"href":"https:\/\/7culture.ci\/index.php\/wp-json\/wp\/v2\/comments?post=22172"}],"version-history":[{"count":0,"href":"https:\/\/7culture.ci\/index.php\/wp-json\/wp\/v2\/posts\/22172\/revisions"}],"wp:featuredmedia":[{"embeddable":true,"href":"https:\/\/7culture.ci\/index.php\/wp-json\/wp\/v2\/media\/22173"}],"wp:attachment":[{"href":"https:\/\/7culture.ci\/index.php\/wp-json\/wp\/v2\/media?parent=22172"}],"wp:term":[{"taxonomy":"category","embeddable":true,"href":"https:\/\/7culture.ci\/index.php\/wp-json\/wp\/v2\/categories?post=22172"},{"taxonomy":"post_tag","embeddable":true,"href":"https:\/\/7culture.ci\/index.php\/wp-json\/wp\/v2\/tags?post=22172"}],"curies":[{"name":"wp","href":"https:\/\/api.w.org\/{rel}","templated":true}]}}