{"id":22162,"date":"2022-07-06T12:21:15","date_gmt":"2022-07-06T10:21:15","guid":{"rendered":"https:\/\/7culture.ci\/?p=22162"},"modified":"2022-07-06T14:11:35","modified_gmt":"2022-07-06T12:11:35","slug":"bouake-oufle-3-ismael-isaac-obams-luckson-padeau-roselyne-layo-annonces","status":"publish","type":"post","link":"https:\/\/7culture.ci\/index.php\/2022\/07\/06\/bouake-oufle-3-ismael-isaac-obams-luckson-padeau-roselyne-layo-annonces\/","title":{"rendered":"Bouak\u00e9 Oufl\u00ea 3\u00a0: Isma\u00ebl Isaac, Obam\u2019s, Luckson Padeau, Roselyne Layo\u2026 annonc\u00e9s"},"content":{"rendered":"\n<p>Depuis trois ans, c\u2019est devenu le plus grand rendez-vous culturel dans la 2<sup>e<\/sup> ville de la C\u00f4te d\u2019Ivoire. C\u2019est que le Festival Bouak\u00e9 Oufl\u00ea a vite pris ses marques et s\u2019est impos\u00e9 comme un \u00e9v\u00e8nement majeur et s\u00e9rieux. Autour du th\u00e8me g\u00e9n\u00e9ral \u2018\u2019Culture et d\u00e9veloppement pour une ville \u00e9mergente\u2019\u2019, l\u2019\u00e9dition 3 s\u2019annonce plus grande, festive et \u00e9poustouflante. Ces 8, 9 et 10 juillet, le c\u00e9l\u00e8bre Boulevard du Carnaval scintillera aux couleurs de Bouak\u00e9 Oufl\u00ea. Plusieurs concerts live seront offerts gratuitement aux habitants de la r\u00e9gion du Gb\u00eak\u00ea et environs. Parmi les artistes qui tiendront en haleine le public, il y a Luckson Padaud, Isma\u00ebl Isaac, Obam\u2019s, Roselyne Layo, Lino Versace, Les Leaders, Moli\u00e8re\u2026 L\u2019organisation a pris soin de toucher les genres musicaux du pays. Ainsi, aura-t-on pendant les shows Bouak\u00e9 Oufl\u00ea, du reggae, du tradi-moderne, du zouglou, du couper-d\u00e9caler, de l\u2019afrobeat, du mandingue\u2026<\/p>\n\n\n\n<figure class=\"wp-block-gallery has-nested-images columns-default is-cropped wp-block-gallery-1 is-layout-flex wp-block-gallery-is-layout-flex\">\n<figure class=\"wp-block-image size-large\"><img loading=\"lazy\" decoding=\"async\" width=\"720\" height=\"377\" data-id=\"22165\" src=\"https:\/\/7culture.ci\/wp-content\/uploads\/2022\/07\/ismael-isaac.jpg\" alt=\"\" class=\"wp-image-22165\" srcset=\"https:\/\/7culture.ci\/wp-content\/uploads\/2022\/07\/ismael-isaac.jpg 720w, https:\/\/7culture.ci\/wp-content\/uploads\/2022\/07\/ismael-isaac-300x157.jpg 300w\" sizes=\"(max-width: 720px) 100vw, 720px\" \/><\/figure>\n\n\n\n<figure class=\"wp-block-image size-large\"><img loading=\"lazy\" decoding=\"async\" width=\"960\" height=\"640\" data-id=\"22164\" src=\"https:\/\/7culture.ci\/wp-content\/uploads\/2022\/07\/Les-Leaders.jpg\" alt=\"\" class=\"wp-image-22164\" srcset=\"https:\/\/7culture.ci\/wp-content\/uploads\/2022\/07\/Les-Leaders.jpg 960w, https:\/\/7culture.ci\/wp-content\/uploads\/2022\/07\/Les-Leaders-300x200.jpg 300w, https:\/\/7culture.ci\/wp-content\/uploads\/2022\/07\/Les-Leaders-768x512.jpg 768w\" sizes=\"(max-width: 960px) 100vw, 960px\" \/><\/figure>\n\n\n\n<figure class=\"wp-block-image size-large\"><img loading=\"lazy\" decoding=\"async\" width=\"1024\" height=\"678\" data-id=\"22166\" src=\"https:\/\/7culture.ci\/wp-content\/uploads\/2022\/07\/lino-v..jpeg\" alt=\"\" class=\"wp-image-22166\" srcset=\"https:\/\/7culture.ci\/wp-content\/uploads\/2022\/07\/lino-v..jpeg 1024w, https:\/\/7culture.ci\/wp-content\/uploads\/2022\/07\/lino-v.-300x199.jpeg 300w, https:\/\/7culture.ci\/wp-content\/uploads\/2022\/07\/lino-v.-768x509.jpeg 768w\" sizes=\"(max-width: 1024px) 100vw, 1024px\" \/><\/figure>\n<\/figure>\n\n\n\n<p>Bouak\u00e9 Oufl\u00ea rassemble un ensemble d\u2019\u00e9v\u00e8nement autour de la musique. Apr\u00e8s la conf\u00e9rence de lancement le 1 juillet dernier \u00e0 Bouak\u00e9, il se tient un tournoi de Maracana jusqu\u2019au 8 juillet. Au Boulevard du Carnaval qui abrite le Festival Bouak\u00e9 Oufl\u00ea, il sera install\u00e9 un grand podium aux commodit\u00e9s modernes et des \u00e9crans-relais g\u00e9ants de part et d\u2019autre. L\u2019\u00e9tendue bien amen\u00e9e comprendra un espace maquis pour permettre aux festivaliers de se d\u00e9salt\u00e9rer ou de casser la cro\u00fbte en cas de petits creux. C\u2019est aussi un lieu de rencontres \u00e0 deux ou entre amis tout en suivant le show offert par l\u2019affiche principale. Il y aura enfin une salle de gaming climatis\u00e9e pour jeunes publics.<\/p>\n\n\n\n<figure class=\"wp-block-gallery has-nested-images columns-default is-cropped wp-block-gallery-2 is-layout-flex wp-block-gallery-is-layout-flex\">\n<figure class=\"wp-block-image size-large\"><img loading=\"lazy\" decoding=\"async\" width=\"600\" height=\"381\" data-id=\"22169\" src=\"https:\/\/7culture.ci\/wp-content\/uploads\/2022\/07\/Moliere.png\" alt=\"\" class=\"wp-image-22169\" srcset=\"https:\/\/7culture.ci\/wp-content\/uploads\/2022\/07\/Moliere.png 600w, https:\/\/7culture.ci\/wp-content\/uploads\/2022\/07\/Moliere-300x191.png 300w\" sizes=\"(max-width: 600px) 100vw, 600px\" \/><\/figure>\n\n\n\n<figure class=\"wp-block-image size-large\"><img loading=\"lazy\" decoding=\"async\" width=\"797\" height=\"399\" data-id=\"22170\" src=\"https:\/\/7culture.ci\/wp-content\/uploads\/2022\/07\/obams.jpg\" alt=\"\" class=\"wp-image-22170\" srcset=\"https:\/\/7culture.ci\/wp-content\/uploads\/2022\/07\/obams.jpg 797w, https:\/\/7culture.ci\/wp-content\/uploads\/2022\/07\/obams-300x150.jpg 300w, https:\/\/7culture.ci\/wp-content\/uploads\/2022\/07\/obams-768x384.jpg 768w\" sizes=\"(max-width: 797px) 100vw, 797px\" \/><\/figure>\n\n\n\n<figure class=\"wp-block-image size-large\"><img loading=\"lazy\" decoding=\"async\" width=\"183\" height=\"275\" data-id=\"22168\" src=\"https:\/\/7culture.ci\/wp-content\/uploads\/2022\/07\/Roselyne-Layo-1.jpg\" alt=\"\" class=\"wp-image-22168\"\/><\/figure>\n<\/figure>\n\n\n\n<p>Tout est bien en \u0153uvre pour que Bouak\u00e9 soit la destination privil\u00e9gi\u00e9e pendant ce week-end festif.<\/p>\n\n\n\n<p>Par Omar AK<\/p>\n","protected":false},"excerpt":{"rendered":"<p>Depuis trois ans, c\u2019est devenu le plus grand rendez-vous culturel dans la 2e ville de la C\u00f4te d\u2019Ivoire. C\u2019est que le Festival Bouak\u00e9 Oufl\u00ea a vite pris ses marques et s\u2019est impos\u00e9 comme un \u00e9v\u00e8nement majeur et s\u00e9rieux. Autour du th\u00e8me g\u00e9n\u00e9ral \u2018\u2019Culture et d\u00e9veloppement pour une ville \u00e9mergente\u2019\u2019, l\u2019\u00e9dition 3 s\u2019annonce plus grande, festive &hellip;<\/p>\n<p class=\"read-more\"> <a class=\"\" href=\"https:\/\/7culture.ci\/index.php\/2022\/07\/06\/bouake-oufle-3-ismael-isaac-obams-luckson-padeau-roselyne-layo-annonces\/\"> <span class=\"screen-reader-text\">Bouak\u00e9 Oufl\u00ea 3\u00a0: Isma\u00ebl Isaac, Obam\u2019s, Luckson Padeau, Roselyne Layo\u2026 annonc\u00e9s<\/span> Lire la suite\u00a0\u00bb<\/a><\/p>\n","protected":false},"author":1,"featured_media":22163,"comment_status":"open","ping_status":"open","sticky":false,"template":"","format":"standard","meta":{"_mi_skip_tracking":false,"_monsterinsights_sitenote_active":false,"_monsterinsights_sitenote_note":"","_monsterinsights_sitenote_category":0,"site-sidebar-layout":"default","site-content-layout":"default","ast-global-header-display":"","ast-main-header-display":"","ast-hfb-above-header-display":"","ast-hfb-below-header-display":"","ast-hfb-mobile-header-display":"","site-post-title":"","ast-breadcrumbs-content":"","ast-featured-img":"","footer-sml-layout":"","theme-transparent-header-meta":"","adv-header-id-meta":"","stick-header-meta":"","header-above-stick-meta":"","header-main-stick-meta":"","header-below-stick-meta":"","footnotes":"","jetpack_publicize_message":"","jetpack_is_tweetstorm":false,"jetpack_publicize_feature_enabled":true},"categories":[16],"tags":[],"jetpack_publicize_connections":[],"acf":[],"aioseo_notices":[],"yoast_head":"<!-- This site is optimized with the Yoast SEO plugin v19.6.1 - https:\/\/yoast.com\/wordpress\/plugins\/seo\/ -->\n<title>Bouak\u00e9 Oufl\u00ea 3\u00a0: Isma\u00ebl Isaac, Obam\u2019s, Luckson Padeau, Roselyne Layo\u2026 annonc\u00e9s -<\/title>\n<meta name=\"robots\" content=\"index, follow, max-snippet:-1, max-image-preview:large, max-video-preview:-1\" \/>\n<link rel=\"canonical\" href=\"https:\/\/7culture.ci\/index.php\/2022\/07\/06\/bouake-oufle-3-ismael-isaac-obams-luckson-padeau-roselyne-layo-annonces\/\" \/>\n<meta property=\"og:locale\" content=\"fr_FR\" \/>\n<meta property=\"og:type\" content=\"article\" \/>\n<meta property=\"og:title\" content=\"Bouak\u00e9 Oufl\u00ea 3\u00a0: Isma\u00ebl Isaac, Obam\u2019s, Luckson Padeau, Roselyne Layo\u2026 annonc\u00e9s -\" \/>\n<meta property=\"og:description\" content=\"Depuis trois ans, c\u2019est devenu le plus grand rendez-vous culturel dans la 2e ville de la C\u00f4te d\u2019Ivoire. C\u2019est que le Festival Bouak\u00e9 Oufl\u00ea a vite pris ses marques et s\u2019est impos\u00e9 comme un \u00e9v\u00e8nement majeur et s\u00e9rieux. Autour du th\u00e8me g\u00e9n\u00e9ral \u2018\u2019Culture et d\u00e9veloppement pour une ville \u00e9mergente\u2019\u2019, l\u2019\u00e9dition 3 s\u2019annonce plus grande, festive &hellip; Bouak\u00e9 Oufl\u00ea 3\u00a0: Isma\u00ebl Isaac, Obam\u2019s, Luckson Padeau, Roselyne Layo\u2026 annonc\u00e9s Lire la suite\u00a0\u00bb\" \/>\n<meta property=\"og:url\" content=\"https:\/\/7culture.ci\/index.php\/2022\/07\/06\/bouake-oufle-3-ismael-isaac-obams-luckson-padeau-roselyne-layo-annonces\/\" \/>\n<meta property=\"og:site_name\" content=\"7culture\" \/>\n<meta property=\"article:publisher\" content=\"https:\/\/www.facebook.com\/redchefclaude\" \/>\n<meta property=\"article:published_time\" content=\"2022-07-06T10:21:15+00:00\" \/>\n<meta property=\"article:modified_time\" content=\"2022-07-06T12:11:35+00:00\" \/>\n<meta property=\"og:image\" content=\"http:\/\/7culture.ci\/wp-content\/uploads\/2022\/07\/Luckson-Padaud.jpg\" \/>\n\t<meta property=\"og:image:width\" content=\"798\" \/>\n\t<meta property=\"og:image:height\" content=\"400\" \/>\n\t<meta property=\"og:image:type\" content=\"image\/jpeg\" \/>\n<meta name=\"author\" content=\"7culture2020\" \/>\n<meta name=\"twitter:card\" content=\"summary_large_image\" \/>\n<meta name=\"twitter:creator\" content=\"@7culturec\" \/>\n<meta name=\"twitter:site\" content=\"@7culturec\" \/>\n<meta name=\"twitter:label1\" content=\"\u00c9crit par\" \/>\n\t<meta name=\"twitter:data1\" content=\"7culture2020\" \/>\n\t<meta name=\"twitter:label2\" content=\"Dur\u00e9e de lecture estim\u00e9e\" \/>\n\t<meta name=\"twitter:data2\" content=\"3 minutes\" \/>\n<script type=\"application\/ld+json\" class=\"yoast-schema-graph\">{\"@context\":\"https:\/\/schema.org\",\"@graph\":[{\"@type\":\"Article\",\"@id\":\"https:\/\/7culture.ci\/index.php\/2022\/07\/06\/bouake-oufle-3-ismael-isaac-obams-luckson-padeau-roselyne-layo-annonces\/#article\",\"isPartOf\":{\"@id\":\"https:\/\/7culture.ci\/index.php\/2022\/07\/06\/bouake-oufle-3-ismael-isaac-obams-luckson-padeau-roselyne-layo-annonces\/\"},\"author\":{\"name\":\"7culture2020\",\"@id\":\"https:\/\/7culture.ci\/#\/schema\/person\/16150d28d7ef66ba788c1f87f28c4426\"},\"headline\":\"Bouak\u00e9 Oufl\u00ea 3\u00a0: Isma\u00ebl Isaac, Obam\u2019s, Luckson Padeau, Roselyne Layo\u2026 annonc\u00e9s\",\"datePublished\":\"2022-07-06T10:21:15+00:00\",\"dateModified\":\"2022-07-06T12:11:35+00:00\",\"mainEntityOfPage\":{\"@id\":\"https:\/\/7culture.ci\/index.php\/2022\/07\/06\/bouake-oufle-3-ismael-isaac-obams-luckson-padeau-roselyne-layo-annonces\/\"},\"wordCount\":322,\"commentCount\":0,\"publisher\":{\"@id\":\"https:\/\/7culture.ci\/#organization\"},\"articleSection\":[\"Musique\"],\"inLanguage\":\"fr-FR\",\"potentialAction\":[{\"@type\":\"CommentAction\",\"name\":\"Comment\",\"target\":[\"https:\/\/7culture.ci\/index.php\/2022\/07\/06\/bouake-oufle-3-ismael-isaac-obams-luckson-padeau-roselyne-layo-annonces\/#respond\"]}]},{\"@type\":\"WebPage\",\"@id\":\"https:\/\/7culture.ci\/index.php\/2022\/07\/06\/bouake-oufle-3-ismael-isaac-obams-luckson-padeau-roselyne-layo-annonces\/\",\"url\":\"https:\/\/7culture.ci\/index.php\/2022\/07\/06\/bouake-oufle-3-ismael-isaac-obams-luckson-padeau-roselyne-layo-annonces\/\",\"name\":\"Bouak\u00e9 Oufl\u00ea 3\u00a0: Isma\u00ebl Isaac, Obam\u2019s, Luckson Padeau, Roselyne Layo\u2026 annonc\u00e9s -\",\"isPartOf\":{\"@id\":\"https:\/\/7culture.ci\/#website\"},\"datePublished\":\"2022-07-06T10:21:15+00:00\",\"dateModified\":\"2022-07-06T12:11:35+00:00\",\"breadcrumb\":{\"@id\":\"https:\/\/7culture.ci\/index.php\/2022\/07\/06\/bouake-oufle-3-ismael-isaac-obams-luckson-padeau-roselyne-layo-annonces\/#breadcrumb\"},\"inLanguage\":\"fr-FR\",\"potentialAction\":[{\"@type\":\"ReadAction\",\"target\":[\"https:\/\/7culture.ci\/index.php\/2022\/07\/06\/bouake-oufle-3-ismael-isaac-obams-luckson-padeau-roselyne-layo-annonces\/\"]}]},{\"@type\":\"BreadcrumbList\",\"@id\":\"https:\/\/7culture.ci\/index.php\/2022\/07\/06\/bouake-oufle-3-ismael-isaac-obams-luckson-padeau-roselyne-layo-annonces\/#breadcrumb\",\"itemListElement\":[{\"@type\":\"ListItem\",\"position\":1,\"name\":\"Accueil\",\"item\":\"https:\/\/7culture.ci\/\"},{\"@type\":\"ListItem\",\"position\":2,\"name\":\"Bouak\u00e9 Oufl\u00ea 3\u00a0: Isma\u00ebl Isaac, Obam\u2019s, Luckson Padeau, Roselyne Layo\u2026 annonc\u00e9s\"}]},{\"@type\":\"WebSite\",\"@id\":\"https:\/\/7culture.ci\/#website\",\"url\":\"https:\/\/7culture.ci\/\",\"name\":\"7culture\",\"description\":\"Tout sur l&#039;actualit\u00e9\",\"publisher\":{\"@id\":\"https:\/\/7culture.ci\/#organization\"},\"potentialAction\":[{\"@type\":\"SearchAction\",\"target\":{\"@type\":\"EntryPoint\",\"urlTemplate\":\"https:\/\/7culture.ci\/?s={search_term_string}\"},\"query-input\":\"required name=search_term_string\"}],\"inLanguage\":\"fr-FR\"},{\"@type\":\"Organization\",\"@id\":\"https:\/\/7culture.ci\/#organization\",\"name\":\"7culture\",\"url\":\"https:\/\/7culture.ci\/\",\"sameAs\":[\"https:\/\/www.facebook.com\/redchefclaude\",\"https:\/\/twitter.com\/7culturec\"],\"logo\":{\"@type\":\"ImageObject\",\"inLanguage\":\"fr-FR\",\"@id\":\"https:\/\/7culture.ci\/#\/schema\/logo\/image\/\",\"url\":\"https:\/\/7culture.ci\/wp-content\/uploads\/2021\/12\/S1a-1.png\",\"contentUrl\":\"https:\/\/7culture.ci\/wp-content\/uploads\/2021\/12\/S1a-1.png\",\"width\":588,\"height\":192,\"caption\":\"7culture\"},\"image\":{\"@id\":\"https:\/\/7culture.ci\/#\/schema\/logo\/image\/\"}},{\"@type\":\"Person\",\"@id\":\"https:\/\/7culture.ci\/#\/schema\/person\/16150d28d7ef66ba788c1f87f28c4426\",\"name\":\"7culture2020\",\"image\":{\"@type\":\"ImageObject\",\"inLanguage\":\"fr-FR\",\"@id\":\"https:\/\/7culture.ci\/#\/schema\/person\/image\/\",\"url\":\"https:\/\/secure.gravatar.com\/avatar\/9a0784f951306c37bcd065f52844ef95?s=96&d=mm&r=g\",\"contentUrl\":\"https:\/\/secure.gravatar.com\/avatar\/9a0784f951306c37bcd065f52844ef95?s=96&d=mm&r=g\",\"caption\":\"7culture2020\"},\"sameAs\":[\"http:\/\/7culture.ci\",\"Claude.kipre\"],\"url\":\"https:\/\/7culture.ci\/index.php\/author\/7culture2020\/\"}]}<\/script>\n<!-- \/ Yoast SEO plugin. -->","yoast_head_json":{"title":"Bouak\u00e9 Oufl\u00ea 3\u00a0: Isma\u00ebl Isaac, Obam\u2019s, Luckson Padeau, Roselyne Layo\u2026 annonc\u00e9s -","robots":{"index":"index","follow":"follow","max-snippet":"max-snippet:-1","max-image-preview":"max-image-preview:large","max-video-preview":"max-video-preview:-1"},"canonical":"https:\/\/7culture.ci\/index.php\/2022\/07\/06\/bouake-oufle-3-ismael-isaac-obams-luckson-padeau-roselyne-layo-annonces\/","og_locale":"fr_FR","og_type":"article","og_title":"Bouak\u00e9 Oufl\u00ea 3\u00a0: Isma\u00ebl Isaac, Obam\u2019s, Luckson Padeau, Roselyne Layo\u2026 annonc\u00e9s -","og_description":"Depuis trois ans, c\u2019est devenu le plus grand rendez-vous culturel dans la 2e ville de la C\u00f4te d\u2019Ivoire. C\u2019est que le Festival Bouak\u00e9 Oufl\u00ea a vite pris ses marques et s\u2019est impos\u00e9 comme un \u00e9v\u00e8nement majeur et s\u00e9rieux. Autour du th\u00e8me g\u00e9n\u00e9ral \u2018\u2019Culture et d\u00e9veloppement pour une ville \u00e9mergente\u2019\u2019, l\u2019\u00e9dition 3 s\u2019annonce plus grande, festive &hellip; Bouak\u00e9 Oufl\u00ea 3\u00a0: Isma\u00ebl Isaac, Obam\u2019s, Luckson Padeau, Roselyne Layo\u2026 annonc\u00e9s Lire la suite\u00a0\u00bb","og_url":"https:\/\/7culture.ci\/index.php\/2022\/07\/06\/bouake-oufle-3-ismael-isaac-obams-luckson-padeau-roselyne-layo-annonces\/","og_site_name":"7culture","article_publisher":"https:\/\/www.facebook.com\/redchefclaude","article_published_time":"2022-07-06T10:21:15+00:00","article_modified_time":"2022-07-06T12:11:35+00:00","og_image":[{"width":798,"height":400,"url":"http:\/\/7culture.ci\/wp-content\/uploads\/2022\/07\/Luckson-Padaud.jpg","type":"image\/jpeg"}],"author":"7culture2020","twitter_card":"summary_large_image","twitter_creator":"@7culturec","twitter_site":"@7culturec","twitter_misc":{"\u00c9crit par":"7culture2020","Dur\u00e9e de lecture estim\u00e9e":"3 minutes"},"schema":{"@context":"https:\/\/schema.org","@graph":[{"@type":"Article","@id":"https:\/\/7culture.ci\/index.php\/2022\/07\/06\/bouake-oufle-3-ismael-isaac-obams-luckson-padeau-roselyne-layo-annonces\/#article","isPartOf":{"@id":"https:\/\/7culture.ci\/index.php\/2022\/07\/06\/bouake-oufle-3-ismael-isaac-obams-luckson-padeau-roselyne-layo-annonces\/"},"author":{"name":"7culture2020","@id":"https:\/\/7culture.ci\/#\/schema\/person\/16150d28d7ef66ba788c1f87f28c4426"},"headline":"Bouak\u00e9 Oufl\u00ea 3\u00a0: Isma\u00ebl Isaac, Obam\u2019s, Luckson Padeau, Roselyne Layo\u2026 annonc\u00e9s","datePublished":"2022-07-06T10:21:15+00:00","dateModified":"2022-07-06T12:11:35+00:00","mainEntityOfPage":{"@id":"https:\/\/7culture.ci\/index.php\/2022\/07\/06\/bouake-oufle-3-ismael-isaac-obams-luckson-padeau-roselyne-layo-annonces\/"},"wordCount":322,"commentCount":0,"publisher":{"@id":"https:\/\/7culture.ci\/#organization"},"articleSection":["Musique"],"inLanguage":"fr-FR","potentialAction":[{"@type":"CommentAction","name":"Comment","target":["https:\/\/7culture.ci\/index.php\/2022\/07\/06\/bouake-oufle-3-ismael-isaac-obams-luckson-padeau-roselyne-layo-annonces\/#respond"]}]},{"@type":"WebPage","@id":"https:\/\/7culture.ci\/index.php\/2022\/07\/06\/bouake-oufle-3-ismael-isaac-obams-luckson-padeau-roselyne-layo-annonces\/","url":"https:\/\/7culture.ci\/index.php\/2022\/07\/06\/bouake-oufle-3-ismael-isaac-obams-luckson-padeau-roselyne-layo-annonces\/","name":"Bouak\u00e9 Oufl\u00ea 3\u00a0: Isma\u00ebl Isaac, Obam\u2019s, Luckson Padeau, Roselyne Layo\u2026 annonc\u00e9s -","isPartOf":{"@id":"https:\/\/7culture.ci\/#website"},"datePublished":"2022-07-06T10:21:15+00:00","dateModified":"2022-07-06T12:11:35+00:00","breadcrumb":{"@id":"https:\/\/7culture.ci\/index.php\/2022\/07\/06\/bouake-oufle-3-ismael-isaac-obams-luckson-padeau-roselyne-layo-annonces\/#breadcrumb"},"inLanguage":"fr-FR","potentialAction":[{"@type":"ReadAction","target":["https:\/\/7culture.ci\/index.php\/2022\/07\/06\/bouake-oufle-3-ismael-isaac-obams-luckson-padeau-roselyne-layo-annonces\/"]}]},{"@type":"BreadcrumbList","@id":"https:\/\/7culture.ci\/index.php\/2022\/07\/06\/bouake-oufle-3-ismael-isaac-obams-luckson-padeau-roselyne-layo-annonces\/#breadcrumb","itemListElement":[{"@type":"ListItem","position":1,"name":"Accueil","item":"https:\/\/7culture.ci\/"},{"@type":"ListItem","position":2,"name":"Bouak\u00e9 Oufl\u00ea 3\u00a0: Isma\u00ebl Isaac, Obam\u2019s, Luckson Padeau, Roselyne Layo\u2026 annonc\u00e9s"}]},{"@type":"WebSite","@id":"https:\/\/7culture.ci\/#website","url":"https:\/\/7culture.ci\/","name":"7culture","description":"Tout sur l&#039;actualit\u00e9","publisher":{"@id":"https:\/\/7culture.ci\/#organization"},"potentialAction":[{"@type":"SearchAction","target":{"@type":"EntryPoint","urlTemplate":"https:\/\/7culture.ci\/?s={search_term_string}"},"query-input":"required name=search_term_string"}],"inLanguage":"fr-FR"},{"@type":"Organization","@id":"https:\/\/7culture.ci\/#organization","name":"7culture","url":"https:\/\/7culture.ci\/","sameAs":["https:\/\/www.facebook.com\/redchefclaude","https:\/\/twitter.com\/7culturec"],"logo":{"@type":"ImageObject","inLanguage":"fr-FR","@id":"https:\/\/7culture.ci\/#\/schema\/logo\/image\/","url":"https:\/\/7culture.ci\/wp-content\/uploads\/2021\/12\/S1a-1.png","contentUrl":"https:\/\/7culture.ci\/wp-content\/uploads\/2021\/12\/S1a-1.png","width":588,"height":192,"caption":"7culture"},"image":{"@id":"https:\/\/7culture.ci\/#\/schema\/logo\/image\/"}},{"@type":"Person","@id":"https:\/\/7culture.ci\/#\/schema\/person\/16150d28d7ef66ba788c1f87f28c4426","name":"7culture2020","image":{"@type":"ImageObject","inLanguage":"fr-FR","@id":"https:\/\/7culture.ci\/#\/schema\/person\/image\/","url":"https:\/\/secure.gravatar.com\/avatar\/9a0784f951306c37bcd065f52844ef95?s=96&d=mm&r=g","contentUrl":"https:\/\/secure.gravatar.com\/avatar\/9a0784f951306c37bcd065f52844ef95?s=96&d=mm&r=g","caption":"7culture2020"},"sameAs":["http:\/\/7culture.ci","Claude.kipre"],"url":"https:\/\/7culture.ci\/index.php\/author\/7culture2020\/"}]}},"jetpack_featured_media_url":"https:\/\/7culture.ci\/wp-content\/uploads\/2022\/07\/Luckson-Padaud.jpg","jetpack_likes_enabled":true,"jetpack_sharing_enabled":true,"_links":{"self":[{"href":"https:\/\/7culture.ci\/index.php\/wp-json\/wp\/v2\/posts\/22162"}],"collection":[{"href":"https:\/\/7culture.ci\/index.php\/wp-json\/wp\/v2\/posts"}],"about":[{"href":"https:\/\/7culture.ci\/index.php\/wp-json\/wp\/v2\/types\/post"}],"author":[{"embeddable":true,"href":"https:\/\/7culture.ci\/index.php\/wp-json\/wp\/v2\/users\/1"}],"replies":[{"embeddable":true,"href":"https:\/\/7culture.ci\/index.php\/wp-json\/wp\/v2\/comments?post=22162"}],"version-history":[{"count":0,"href":"https:\/\/7culture.ci\/index.php\/wp-json\/wp\/v2\/posts\/22162\/revisions"}],"wp:featuredmedia":[{"embeddable":true,"href":"https:\/\/7culture.ci\/index.php\/wp-json\/wp\/v2\/media\/22163"}],"wp:attachment":[{"href":"https:\/\/7culture.ci\/index.php\/wp-json\/wp\/v2\/media?parent=22162"}],"wp:term":[{"taxonomy":"category","embeddable":true,"href":"https:\/\/7culture.ci\/index.php\/wp-json\/wp\/v2\/categories?post=22162"},{"taxonomy":"post_tag","embeddable":true,"href":"https:\/\/7culture.ci\/index.php\/wp-json\/wp\/v2\/tags?post=22162"}],"curies":[{"name":"wp","href":"https:\/\/api.w.org\/{rel}","templated":true}]}}