{"id":22156,"date":"2022-07-05T18:48:21","date_gmt":"2022-07-05T16:48:21","guid":{"rendered":"https:\/\/7culture.ci\/?p=22156"},"modified":"2022-07-06T12:23:17","modified_gmt":"2022-07-06T10:23:17","slug":"emprisonne-ferre-gola-ecrit-a-sa-fille-qui-la-fait-coffrer","status":"publish","type":"post","link":"https:\/\/7culture.ci\/index.php\/2022\/07\/05\/emprisonne-ferre-gola-ecrit-a-sa-fille-qui-la-fait-coffrer\/","title":{"rendered":"Emprisonn\u00e9, Ferre Gola \u00e9crit \u00e0 sa fille qui l\u2019a fait coffrer"},"content":{"rendered":"\n<p>Le chanteur congolais Ferr\u00e9 Gola est, depuis le 5 juin 2022, d\u00e9tenu \u00e0 la prison de Fleury-M\u00e9rogis, en France. Il purge une peine de 9 mois, dont 3 mois fermes, pour avoir port\u00e9 coup et blessure sur sa fille Osias Gola \u00e2g\u00e9e de 18 ans. &nbsp;<\/p>\n\n\n\n<p>Tr\u00e8s touch\u00e9 par cette situation, l\u2019artiste a adress\u00e9 une lettre, depuis son lieu d\u2019incarc\u00e9ration, \u00e0 sa fille qui est responsable de son interpellation.<\/p>\n\n\n\n<p>Dans la lettre, Ferr\u00e9 raconte l\u2019enfance et ses d\u00e9buts musicaux ardus qu\u2019il a v\u00e9cus. &nbsp;Il&nbsp; craint de ce qu\u2019elle prenne la mauvaise direction.&nbsp;<strong>\u00ab&nbsp;<em>Bonjour ma fille, je t\u2019\u00e9cris depuis ma cellule o\u00f9 tu m\u2019as envoy\u00e9 croupir pour trois mois. Mon nom est Bataringe Gola Herv\u00e9. Je suis artiste musicien congolais. Je suis le 3<sup>e<\/sup> fils de ta grande m\u00e8re Marie Makiesse, une m\u00e8re vaillante qui s\u2019est battue pour donner une bonne \u00e9ducation \u00e0 ses enfants&nbsp;<\/em>\u00bb, <\/strong>a-t-il affirm\u00e9 avant de parler de la conduite de son enfant.<\/p>\n\n\n\n<p><strong>\u00ab&nbsp;<em>Ma fille Osias, tes choix de vie et ta conduite m\u2019ont pouss\u00e9 \u00e0 bout et j\u2019ai franchi une limite, celle de mettre main sur mon enfant. Je suis un artiste, une personnalit\u00e9 publique. Cette vie d\u2019artiste m\u2019a fait commettre certaines erreurs de jeunesse. Comme tu le sais, tu es l\u2019une de mes 18 enfants. Je ne suis pas un homme parfait, je crois m\u00eame que j\u2019ai beaucoup de d\u00e9fauts. Je t\u2019ai battue, parce qu\u2019un p\u00e8re n\u2019a pas vocation \u00e0 voir sa fille s\u2019exhiber sur les r\u00e9seaux sociaux et cheminer dans une vie de d\u00e9bauche. Pour avoir essay\u00e9 de te prot\u00e9ger, je me retrouve emprisonn\u00e9 \u00e0 la suite de ta plainte<\/em>&nbsp;\u00bb, <\/strong>a-t-il d\u00e9clar\u00e9.<\/p>\n\n\n\n<figure class=\"wp-block-gallery has-nested-images columns-default is-cropped wp-block-gallery-1 is-layout-flex wp-block-gallery-is-layout-flex\">\n<figure class=\"wp-block-image size-large\"><img loading=\"lazy\" decoding=\"async\" width=\"719\" height=\"445\" data-id=\"22158\" src=\"https:\/\/7culture.ci\/wp-content\/uploads\/2022\/07\/WhatsApp-Image-2022-07-05-at-15.08.38-1.jpeg\" alt=\"\" class=\"wp-image-22158\" srcset=\"https:\/\/7culture.ci\/wp-content\/uploads\/2022\/07\/WhatsApp-Image-2022-07-05-at-15.08.38-1.jpeg 719w, https:\/\/7culture.ci\/wp-content\/uploads\/2022\/07\/WhatsApp-Image-2022-07-05-at-15.08.38-1-300x186.jpeg 300w\" sizes=\"(max-width: 719px) 100vw, 719px\" \/><\/figure>\n\n\n\n<figure class=\"wp-block-image size-large\"><img loading=\"lazy\" decoding=\"async\" width=\"720\" height=\"799\" data-id=\"22159\" src=\"https:\/\/7culture.ci\/wp-content\/uploads\/2022\/07\/WhatsApp-Image-2022-07-05-at-15.08.38-2.jpeg\" alt=\"\" class=\"wp-image-22159\" srcset=\"https:\/\/7culture.ci\/wp-content\/uploads\/2022\/07\/WhatsApp-Image-2022-07-05-at-15.08.38-2.jpeg 720w, https:\/\/7culture.ci\/wp-content\/uploads\/2022\/07\/WhatsApp-Image-2022-07-05-at-15.08.38-2-270x300.jpeg 270w\" sizes=\"(max-width: 720px) 100vw, 720px\" \/><\/figure>\n<\/figure>\n\n\n\n<p>Il va plus loin en racontant son enfance et ses d\u00e9buts dans la musique&nbsp;\u00ab&nbsp;<strong>je suis n\u00e9 au Congo dans une famille pauvre. Je suis un enfant du quartier Bandal. Maman Marie Makiesse, s\u2019est d\u00e9brouill\u00e9e pour nous \u00e9duquer. Elle n\u2019a jamais fait la prostitution pour nous pr\u00e9parer le Mpondu (feuilles de manioc). Nous n\u2019avions rien comme biens, mais notre c\u0153ur \u00e9tait rempli de joie, de dignit\u00e9 et d\u2019amour. Ma m\u00e8re m\u2019a appris \u00e0 rester digne et fier de moi. Faute de moyen, je n\u2019ai pas pu faire de longues \u00e9tudes. Je n\u2019avais que ma voix pour changer le monde. Ferr\u00e9 Gola s\u2019est battu pour int\u00e9grer le wengue music en 1997. J\u2019y ai appris les ficelles du m\u00e9tier. Parfois, je n\u2019avais pas de sous pour me rendre aux r\u00e9p\u00e9titions. Je m\u2019y rendais \u00e0 pied&nbsp;\u00bb.<\/strong><\/p>\n\n\n\n<p>Il affirme avec regrets avoir connu des moments difficiles&nbsp;: <strong>\u00ab je connais la douleur du m\u00e9pris et de l\u2019indiff\u00e9rence. Pendant ces moments difficiles, je n\u2019avais pas mon p\u00e8re pour m\u2019emp\u00eacher de commettre certaines erreurs&nbsp;\u00bb.<\/strong><\/p>\n\n\n\n<p>Osias a port\u00e9 plainte contre son p\u00e8re qu\u2019elle accuse de l\u2019avoir frapp\u00e9e et ras\u00e9 le crane parce qu\u2019elle se serait exhib\u00e9e sur la toile.<\/p>\n\n\n\n<p>Thierry Samuel<\/p>\n","protected":false},"excerpt":{"rendered":"<p>Le chanteur congolais Ferr\u00e9 Gola est, depuis le 5 juin 2022, d\u00e9tenu \u00e0 la prison de Fleury-M\u00e9rogis, en France. Il purge une peine de 9 mois, dont 3 mois fermes, pour avoir port\u00e9 coup et blessure sur sa fille Osias Gola \u00e2g\u00e9e de 18 ans. &nbsp; Tr\u00e8s touch\u00e9 par cette situation, l\u2019artiste a adress\u00e9 une &hellip;<\/p>\n<p class=\"read-more\"> <a class=\"\" href=\"https:\/\/7culture.ci\/index.php\/2022\/07\/05\/emprisonne-ferre-gola-ecrit-a-sa-fille-qui-la-fait-coffrer\/\"> <span class=\"screen-reader-text\">Emprisonn\u00e9, Ferre Gola \u00e9crit \u00e0 sa fille qui l\u2019a fait coffrer<\/span> Lire la suite\u00a0\u00bb<\/a><\/p>\n","protected":false},"author":1,"featured_media":22157,"comment_status":"open","ping_status":"open","sticky":false,"template":"","format":"standard","meta":{"_mi_skip_tracking":false,"_monsterinsights_sitenote_active":false,"_monsterinsights_sitenote_note":"","_monsterinsights_sitenote_category":0,"site-sidebar-layout":"default","site-content-layout":"default","ast-global-header-display":"","ast-main-header-display":"","ast-hfb-above-header-display":"","ast-hfb-below-header-display":"","ast-hfb-mobile-header-display":"","site-post-title":"","ast-breadcrumbs-content":"","ast-featured-img":"","footer-sml-layout":"","theme-transparent-header-meta":"","adv-header-id-meta":"","stick-header-meta":"","header-above-stick-meta":"","header-main-stick-meta":"","header-below-stick-meta":"","footnotes":"","jetpack_publicize_message":"","jetpack_is_tweetstorm":false,"jetpack_publicize_feature_enabled":true},"categories":[22],"tags":[],"jetpack_publicize_connections":[],"acf":[],"aioseo_notices":[],"yoast_head":"<!-- This site is optimized with the Yoast SEO plugin v19.6.1 - https:\/\/yoast.com\/wordpress\/plugins\/seo\/ -->\n<title>Emprisonn\u00e9, Ferre Gola \u00e9crit \u00e0 sa fille qui l\u2019a fait coffrer -<\/title>\n<meta name=\"robots\" content=\"index, follow, max-snippet:-1, max-image-preview:large, max-video-preview:-1\" \/>\n<link rel=\"canonical\" href=\"https:\/\/7culture.ci\/index.php\/2022\/07\/05\/emprisonne-ferre-gola-ecrit-a-sa-fille-qui-la-fait-coffrer\/\" \/>\n<meta property=\"og:locale\" content=\"fr_FR\" \/>\n<meta property=\"og:type\" content=\"article\" \/>\n<meta property=\"og:title\" content=\"Emprisonn\u00e9, Ferre Gola \u00e9crit \u00e0 sa fille qui l\u2019a fait coffrer -\" \/>\n<meta property=\"og:description\" content=\"Le chanteur congolais Ferr\u00e9 Gola est, depuis le 5 juin 2022, d\u00e9tenu \u00e0 la prison de Fleury-M\u00e9rogis, en France. Il purge une peine de 9 mois, dont 3 mois fermes, pour avoir port\u00e9 coup et blessure sur sa fille Osias Gola \u00e2g\u00e9e de 18 ans. &nbsp; Tr\u00e8s touch\u00e9 par cette situation, l\u2019artiste a adress\u00e9 une &hellip; Emprisonn\u00e9, Ferre Gola \u00e9crit \u00e0 sa fille qui l\u2019a fait coffrer Lire la suite\u00a0\u00bb\" \/>\n<meta property=\"og:url\" content=\"https:\/\/7culture.ci\/index.php\/2022\/07\/05\/emprisonne-ferre-gola-ecrit-a-sa-fille-qui-la-fait-coffrer\/\" \/>\n<meta property=\"og:site_name\" content=\"7culture\" \/>\n<meta property=\"article:publisher\" content=\"https:\/\/www.facebook.com\/redchefclaude\" \/>\n<meta property=\"article:published_time\" content=\"2022-07-05T16:48:21+00:00\" \/>\n<meta property=\"article:modified_time\" content=\"2022-07-06T10:23:17+00:00\" \/>\n<meta property=\"og:image\" content=\"http:\/\/7culture.ci\/wp-content\/uploads\/2022\/07\/WhatsApp-Image-2022-07-05-at-15.08.38.jpeg\" \/>\n\t<meta property=\"og:image:width\" content=\"720\" \/>\n\t<meta property=\"og:image:height\" content=\"651\" \/>\n\t<meta property=\"og:image:type\" content=\"image\/jpeg\" \/>\n<meta name=\"author\" content=\"7culture2020\" \/>\n<meta name=\"twitter:card\" content=\"summary_large_image\" \/>\n<meta name=\"twitter:creator\" content=\"@7culturec\" \/>\n<meta name=\"twitter:site\" content=\"@7culturec\" \/>\n<meta name=\"twitter:label1\" content=\"\u00c9crit par\" \/>\n\t<meta name=\"twitter:data1\" content=\"7culture2020\" \/>\n\t<meta name=\"twitter:label2\" content=\"Dur\u00e9e de lecture estim\u00e9e\" \/>\n\t<meta name=\"twitter:data2\" content=\"3 minutes\" \/>\n<script type=\"application\/ld+json\" class=\"yoast-schema-graph\">{\"@context\":\"https:\/\/schema.org\",\"@graph\":[{\"@type\":\"Article\",\"@id\":\"https:\/\/7culture.ci\/index.php\/2022\/07\/05\/emprisonne-ferre-gola-ecrit-a-sa-fille-qui-la-fait-coffrer\/#article\",\"isPartOf\":{\"@id\":\"https:\/\/7culture.ci\/index.php\/2022\/07\/05\/emprisonne-ferre-gola-ecrit-a-sa-fille-qui-la-fait-coffrer\/\"},\"author\":{\"name\":\"7culture2020\",\"@id\":\"https:\/\/7culture.ci\/#\/schema\/person\/16150d28d7ef66ba788c1f87f28c4426\"},\"headline\":\"Emprisonn\u00e9, Ferre Gola \u00e9crit \u00e0 sa fille qui l\u2019a fait coffrer\",\"datePublished\":\"2022-07-05T16:48:21+00:00\",\"dateModified\":\"2022-07-06T10:23:17+00:00\",\"mainEntityOfPage\":{\"@id\":\"https:\/\/7culture.ci\/index.php\/2022\/07\/05\/emprisonne-ferre-gola-ecrit-a-sa-fille-qui-la-fait-coffrer\/\"},\"wordCount\":535,\"commentCount\":0,\"publisher\":{\"@id\":\"https:\/\/7culture.ci\/#organization\"},\"articleSection\":[\"Actualit\u00e9\"],\"inLanguage\":\"fr-FR\",\"potentialAction\":[{\"@type\":\"CommentAction\",\"name\":\"Comment\",\"target\":[\"https:\/\/7culture.ci\/index.php\/2022\/07\/05\/emprisonne-ferre-gola-ecrit-a-sa-fille-qui-la-fait-coffrer\/#respond\"]}]},{\"@type\":\"WebPage\",\"@id\":\"https:\/\/7culture.ci\/index.php\/2022\/07\/05\/emprisonne-ferre-gola-ecrit-a-sa-fille-qui-la-fait-coffrer\/\",\"url\":\"https:\/\/7culture.ci\/index.php\/2022\/07\/05\/emprisonne-ferre-gola-ecrit-a-sa-fille-qui-la-fait-coffrer\/\",\"name\":\"Emprisonn\u00e9, Ferre Gola \u00e9crit \u00e0 sa fille qui l\u2019a fait coffrer -\",\"isPartOf\":{\"@id\":\"https:\/\/7culture.ci\/#website\"},\"datePublished\":\"2022-07-05T16:48:21+00:00\",\"dateModified\":\"2022-07-06T10:23:17+00:00\",\"breadcrumb\":{\"@id\":\"https:\/\/7culture.ci\/index.php\/2022\/07\/05\/emprisonne-ferre-gola-ecrit-a-sa-fille-qui-la-fait-coffrer\/#breadcrumb\"},\"inLanguage\":\"fr-FR\",\"potentialAction\":[{\"@type\":\"ReadAction\",\"target\":[\"https:\/\/7culture.ci\/index.php\/2022\/07\/05\/emprisonne-ferre-gola-ecrit-a-sa-fille-qui-la-fait-coffrer\/\"]}]},{\"@type\":\"BreadcrumbList\",\"@id\":\"https:\/\/7culture.ci\/index.php\/2022\/07\/05\/emprisonne-ferre-gola-ecrit-a-sa-fille-qui-la-fait-coffrer\/#breadcrumb\",\"itemListElement\":[{\"@type\":\"ListItem\",\"position\":1,\"name\":\"Accueil\",\"item\":\"https:\/\/7culture.ci\/\"},{\"@type\":\"ListItem\",\"position\":2,\"name\":\"Emprisonn\u00e9, Ferre Gola \u00e9crit \u00e0 sa fille qui l\u2019a fait coffrer\"}]},{\"@type\":\"WebSite\",\"@id\":\"https:\/\/7culture.ci\/#website\",\"url\":\"https:\/\/7culture.ci\/\",\"name\":\"7culture\",\"description\":\"Tout sur l&#039;actualit\u00e9\",\"publisher\":{\"@id\":\"https:\/\/7culture.ci\/#organization\"},\"potentialAction\":[{\"@type\":\"SearchAction\",\"target\":{\"@type\":\"EntryPoint\",\"urlTemplate\":\"https:\/\/7culture.ci\/?s={search_term_string}\"},\"query-input\":\"required name=search_term_string\"}],\"inLanguage\":\"fr-FR\"},{\"@type\":\"Organization\",\"@id\":\"https:\/\/7culture.ci\/#organization\",\"name\":\"7culture\",\"url\":\"https:\/\/7culture.ci\/\",\"sameAs\":[\"https:\/\/www.facebook.com\/redchefclaude\",\"https:\/\/twitter.com\/7culturec\"],\"logo\":{\"@type\":\"ImageObject\",\"inLanguage\":\"fr-FR\",\"@id\":\"https:\/\/7culture.ci\/#\/schema\/logo\/image\/\",\"url\":\"https:\/\/7culture.ci\/wp-content\/uploads\/2021\/12\/S1a-1.png\",\"contentUrl\":\"https:\/\/7culture.ci\/wp-content\/uploads\/2021\/12\/S1a-1.png\",\"width\":588,\"height\":192,\"caption\":\"7culture\"},\"image\":{\"@id\":\"https:\/\/7culture.ci\/#\/schema\/logo\/image\/\"}},{\"@type\":\"Person\",\"@id\":\"https:\/\/7culture.ci\/#\/schema\/person\/16150d28d7ef66ba788c1f87f28c4426\",\"name\":\"7culture2020\",\"image\":{\"@type\":\"ImageObject\",\"inLanguage\":\"fr-FR\",\"@id\":\"https:\/\/7culture.ci\/#\/schema\/person\/image\/\",\"url\":\"https:\/\/secure.gravatar.com\/avatar\/9a0784f951306c37bcd065f52844ef95?s=96&d=mm&r=g\",\"contentUrl\":\"https:\/\/secure.gravatar.com\/avatar\/9a0784f951306c37bcd065f52844ef95?s=96&d=mm&r=g\",\"caption\":\"7culture2020\"},\"sameAs\":[\"http:\/\/7culture.ci\",\"Claude.kipre\"],\"url\":\"https:\/\/7culture.ci\/index.php\/author\/7culture2020\/\"}]}<\/script>\n<!-- \/ Yoast SEO plugin. -->","yoast_head_json":{"title":"Emprisonn\u00e9, Ferre Gola \u00e9crit \u00e0 sa fille qui l\u2019a fait coffrer -","robots":{"index":"index","follow":"follow","max-snippet":"max-snippet:-1","max-image-preview":"max-image-preview:large","max-video-preview":"max-video-preview:-1"},"canonical":"https:\/\/7culture.ci\/index.php\/2022\/07\/05\/emprisonne-ferre-gola-ecrit-a-sa-fille-qui-la-fait-coffrer\/","og_locale":"fr_FR","og_type":"article","og_title":"Emprisonn\u00e9, Ferre Gola \u00e9crit \u00e0 sa fille qui l\u2019a fait coffrer -","og_description":"Le chanteur congolais Ferr\u00e9 Gola est, depuis le 5 juin 2022, d\u00e9tenu \u00e0 la prison de Fleury-M\u00e9rogis, en France. Il purge une peine de 9 mois, dont 3 mois fermes, pour avoir port\u00e9 coup et blessure sur sa fille Osias Gola \u00e2g\u00e9e de 18 ans. &nbsp; Tr\u00e8s touch\u00e9 par cette situation, l\u2019artiste a adress\u00e9 une &hellip; Emprisonn\u00e9, Ferre Gola \u00e9crit \u00e0 sa fille qui l\u2019a fait coffrer Lire la suite\u00a0\u00bb","og_url":"https:\/\/7culture.ci\/index.php\/2022\/07\/05\/emprisonne-ferre-gola-ecrit-a-sa-fille-qui-la-fait-coffrer\/","og_site_name":"7culture","article_publisher":"https:\/\/www.facebook.com\/redchefclaude","article_published_time":"2022-07-05T16:48:21+00:00","article_modified_time":"2022-07-06T10:23:17+00:00","og_image":[{"width":720,"height":651,"url":"http:\/\/7culture.ci\/wp-content\/uploads\/2022\/07\/WhatsApp-Image-2022-07-05-at-15.08.38.jpeg","type":"image\/jpeg"}],"author":"7culture2020","twitter_card":"summary_large_image","twitter_creator":"@7culturec","twitter_site":"@7culturec","twitter_misc":{"\u00c9crit par":"7culture2020","Dur\u00e9e de lecture estim\u00e9e":"3 minutes"},"schema":{"@context":"https:\/\/schema.org","@graph":[{"@type":"Article","@id":"https:\/\/7culture.ci\/index.php\/2022\/07\/05\/emprisonne-ferre-gola-ecrit-a-sa-fille-qui-la-fait-coffrer\/#article","isPartOf":{"@id":"https:\/\/7culture.ci\/index.php\/2022\/07\/05\/emprisonne-ferre-gola-ecrit-a-sa-fille-qui-la-fait-coffrer\/"},"author":{"name":"7culture2020","@id":"https:\/\/7culture.ci\/#\/schema\/person\/16150d28d7ef66ba788c1f87f28c4426"},"headline":"Emprisonn\u00e9, Ferre Gola \u00e9crit \u00e0 sa fille qui l\u2019a fait coffrer","datePublished":"2022-07-05T16:48:21+00:00","dateModified":"2022-07-06T10:23:17+00:00","mainEntityOfPage":{"@id":"https:\/\/7culture.ci\/index.php\/2022\/07\/05\/emprisonne-ferre-gola-ecrit-a-sa-fille-qui-la-fait-coffrer\/"},"wordCount":535,"commentCount":0,"publisher":{"@id":"https:\/\/7culture.ci\/#organization"},"articleSection":["Actualit\u00e9"],"inLanguage":"fr-FR","potentialAction":[{"@type":"CommentAction","name":"Comment","target":["https:\/\/7culture.ci\/index.php\/2022\/07\/05\/emprisonne-ferre-gola-ecrit-a-sa-fille-qui-la-fait-coffrer\/#respond"]}]},{"@type":"WebPage","@id":"https:\/\/7culture.ci\/index.php\/2022\/07\/05\/emprisonne-ferre-gola-ecrit-a-sa-fille-qui-la-fait-coffrer\/","url":"https:\/\/7culture.ci\/index.php\/2022\/07\/05\/emprisonne-ferre-gola-ecrit-a-sa-fille-qui-la-fait-coffrer\/","name":"Emprisonn\u00e9, Ferre Gola \u00e9crit \u00e0 sa fille qui l\u2019a fait coffrer -","isPartOf":{"@id":"https:\/\/7culture.ci\/#website"},"datePublished":"2022-07-05T16:48:21+00:00","dateModified":"2022-07-06T10:23:17+00:00","breadcrumb":{"@id":"https:\/\/7culture.ci\/index.php\/2022\/07\/05\/emprisonne-ferre-gola-ecrit-a-sa-fille-qui-la-fait-coffrer\/#breadcrumb"},"inLanguage":"fr-FR","potentialAction":[{"@type":"ReadAction","target":["https:\/\/7culture.ci\/index.php\/2022\/07\/05\/emprisonne-ferre-gola-ecrit-a-sa-fille-qui-la-fait-coffrer\/"]}]},{"@type":"BreadcrumbList","@id":"https:\/\/7culture.ci\/index.php\/2022\/07\/05\/emprisonne-ferre-gola-ecrit-a-sa-fille-qui-la-fait-coffrer\/#breadcrumb","itemListElement":[{"@type":"ListItem","position":1,"name":"Accueil","item":"https:\/\/7culture.ci\/"},{"@type":"ListItem","position":2,"name":"Emprisonn\u00e9, Ferre Gola \u00e9crit \u00e0 sa fille qui l\u2019a fait coffrer"}]},{"@type":"WebSite","@id":"https:\/\/7culture.ci\/#website","url":"https:\/\/7culture.ci\/","name":"7culture","description":"Tout sur l&#039;actualit\u00e9","publisher":{"@id":"https:\/\/7culture.ci\/#organization"},"potentialAction":[{"@type":"SearchAction","target":{"@type":"EntryPoint","urlTemplate":"https:\/\/7culture.ci\/?s={search_term_string}"},"query-input":"required name=search_term_string"}],"inLanguage":"fr-FR"},{"@type":"Organization","@id":"https:\/\/7culture.ci\/#organization","name":"7culture","url":"https:\/\/7culture.ci\/","sameAs":["https:\/\/www.facebook.com\/redchefclaude","https:\/\/twitter.com\/7culturec"],"logo":{"@type":"ImageObject","inLanguage":"fr-FR","@id":"https:\/\/7culture.ci\/#\/schema\/logo\/image\/","url":"https:\/\/7culture.ci\/wp-content\/uploads\/2021\/12\/S1a-1.png","contentUrl":"https:\/\/7culture.ci\/wp-content\/uploads\/2021\/12\/S1a-1.png","width":588,"height":192,"caption":"7culture"},"image":{"@id":"https:\/\/7culture.ci\/#\/schema\/logo\/image\/"}},{"@type":"Person","@id":"https:\/\/7culture.ci\/#\/schema\/person\/16150d28d7ef66ba788c1f87f28c4426","name":"7culture2020","image":{"@type":"ImageObject","inLanguage":"fr-FR","@id":"https:\/\/7culture.ci\/#\/schema\/person\/image\/","url":"https:\/\/secure.gravatar.com\/avatar\/9a0784f951306c37bcd065f52844ef95?s=96&d=mm&r=g","contentUrl":"https:\/\/secure.gravatar.com\/avatar\/9a0784f951306c37bcd065f52844ef95?s=96&d=mm&r=g","caption":"7culture2020"},"sameAs":["http:\/\/7culture.ci","Claude.kipre"],"url":"https:\/\/7culture.ci\/index.php\/author\/7culture2020\/"}]}},"jetpack_featured_media_url":"https:\/\/7culture.ci\/wp-content\/uploads\/2022\/07\/WhatsApp-Image-2022-07-05-at-15.08.38.jpeg","jetpack_likes_enabled":true,"jetpack_sharing_enabled":true,"_links":{"self":[{"href":"https:\/\/7culture.ci\/index.php\/wp-json\/wp\/v2\/posts\/22156"}],"collection":[{"href":"https:\/\/7culture.ci\/index.php\/wp-json\/wp\/v2\/posts"}],"about":[{"href":"https:\/\/7culture.ci\/index.php\/wp-json\/wp\/v2\/types\/post"}],"author":[{"embeddable":true,"href":"https:\/\/7culture.ci\/index.php\/wp-json\/wp\/v2\/users\/1"}],"replies":[{"embeddable":true,"href":"https:\/\/7culture.ci\/index.php\/wp-json\/wp\/v2\/comments?post=22156"}],"version-history":[{"count":0,"href":"https:\/\/7culture.ci\/index.php\/wp-json\/wp\/v2\/posts\/22156\/revisions"}],"wp:featuredmedia":[{"embeddable":true,"href":"https:\/\/7culture.ci\/index.php\/wp-json\/wp\/v2\/media\/22157"}],"wp:attachment":[{"href":"https:\/\/7culture.ci\/index.php\/wp-json\/wp\/v2\/media?parent=22156"}],"wp:term":[{"taxonomy":"category","embeddable":true,"href":"https:\/\/7culture.ci\/index.php\/wp-json\/wp\/v2\/categories?post=22156"},{"taxonomy":"post_tag","embeddable":true,"href":"https:\/\/7culture.ci\/index.php\/wp-json\/wp\/v2\/tags?post=22156"}],"curies":[{"name":"wp","href":"https:\/\/api.w.org\/{rel}","templated":true}]}}