{"id":22141,"date":"2022-07-05T13:36:16","date_gmt":"2022-07-05T11:36:16","guid":{"rendered":"https:\/\/7culture.ci\/?p=22141"},"modified":"2022-07-05T13:36:29","modified_gmt":"2022-07-05T11:36:29","slug":"nouvel-album-leroy-seh-revient-au-nom-du-seigneur","status":"publish","type":"post","link":"https:\/\/7culture.ci\/index.php\/2022\/07\/05\/nouvel-album-leroy-seh-revient-au-nom-du-seigneur\/","title":{"rendered":"Nouvel album\u00a0: Leroy Seh revient au nom du Seigneur"},"content":{"rendered":"\n<p><strong><em>Chandelier d\u2019Or 2010 du meilleur chantre, Leroy Seh est de retour sur la sc\u00e8ne avec un single baptis\u00e9 &#8220;Y\u00e9su Nou\u00e8&#8221;.<\/em><\/strong><\/p>\n\n\n\n<p>Apr\u00e8s avoir succomb\u00e9 aux charmes vocaux de Kon\u00e9 Fontaly, Constance, O\u2019Nel Mala en C\u00f4te d\u2019Ivoire et Ron Kenoly ou <em>Donnie Mc<\/em>Clurkin \u00e0 l\u2019international, Salomon Seh a opt\u00e9 pour le gospel quand il voulait chanter. Mais bien avant son choix d\u00e9finitif pour publier ses chansons, il \u00e9tait maitre de ch\u0153ur et coach vocal pendant plusieurs ann\u00e9es pour de nombreux groupes et artistes chr\u00e9tiens.<\/p>\n\n\n\n<p>La reconnaissance arrive en 2010 quand il est sorti vainqueur du concours chandelier d&#8217;or dans la cat\u00e9gorie Meilleur chantre. Cette r\u00e9compense motive Salomon Seh \u00e0 entamer une carri\u00e8re solo \u00e0 la gloire du Seigneur. Il publie son premier album sous le titre &#8220;Ma reconnaissance&#8221; et se rebaptise d\u00e9sormais Leroy Seh. Avec cet essai musical de belle facture, il fait son entr\u00e9e dans la grande famille des chantres ivoiriens. \u00ab&nbsp;<strong><em>Je suis n\u00e9 pour chanter \u00e0 la gloire de Dieu et v\u00e9hiculer un message spirituel. En Christ, il y a toujours de l\u2019espoir. Pour celui qui croit, qui \u00e0 foi en lui, il y a toujours un miracle qui s\u2019op\u00e8re&nbsp;<\/em><\/strong>\u00bb, confie le chantre.<\/p>\n\n\n\n<figure class=\"wp-block-image size-large is-resized\"><img loading=\"lazy\" decoding=\"async\" src=\"https:\/\/7culture.ci\/wp-content\/uploads\/2022\/07\/WhatsApp-Image-2022-07-05-at-11.30.21-683x1024.jpeg\" alt=\"\" class=\"wp-image-22143\" width=\"418\" height=\"626\" srcset=\"https:\/\/7culture.ci\/wp-content\/uploads\/2022\/07\/WhatsApp-Image-2022-07-05-at-11.30.21-683x1024.jpeg 683w, https:\/\/7culture.ci\/wp-content\/uploads\/2022\/07\/WhatsApp-Image-2022-07-05-at-11.30.21-200x300.jpeg 200w, https:\/\/7culture.ci\/wp-content\/uploads\/2022\/07\/WhatsApp-Image-2022-07-05-at-11.30.21.jpeg 720w\" sizes=\"(max-width: 418px) 100vw, 418px\" \/><\/figure>\n\n\n\n<p>Depuis quelques jours, le chantre Leroy Seh est de retour dans l\u2019ar\u00e8ne musicale avec un single baptis\u00e9 &#8220;<strong><em>Y\u00e9su Nou\u00e8<\/em><\/strong>&#8220;. Disponible depuis le 10 juin sur toutes les plateformes l\u00e9gales de t\u00e9l\u00e9chargement et de streaming, ce single produit sous le label <em>Yadjia Gospel<\/em>, est un cantique de remerciement et de reconnaissance \u00e0 l\u2019Eternel. \u00ab&nbsp;<strong><em>Ce single est un m\u00e9lange d\u2019afrobeat et de tradi-moderne. Le message principal que je v\u00e9hicule c\u2019est rendre gloire \u00e0 Dieu pour ce qu\u2019il a accompli dans ma vie. Dieu fait de grandes choses dans la vie des Hommes. Il b\u00e9nit et \u00e9l\u00e8ve qui il veut et quand il veut. Lorsque dans sa gr\u00e2ce, il d\u00e9cide de changer notre histoire, il faut lui rendre toute la gloire<\/em><\/strong>&nbsp;\u00bb, confesse Leroy Seh. Il chante ses cantiques et adorations en langues Yacouba et Yoruba avec des incursions en Fran\u00e7ais.<\/p>\n\n\n\n<div class=\"wp-block-image\"><figure class=\"aligncenter size-large is-resized\"><img loading=\"lazy\" decoding=\"async\" src=\"https:\/\/7culture.ci\/wp-content\/uploads\/2022\/07\/WhatsApp-Image-2022-07-05-at-11.30.34-694x1024.jpeg\" alt=\"\" class=\"wp-image-22144\" width=\"464\" height=\"684\" srcset=\"https:\/\/7culture.ci\/wp-content\/uploads\/2022\/07\/WhatsApp-Image-2022-07-05-at-11.30.34-694x1024.jpeg 694w, https:\/\/7culture.ci\/wp-content\/uploads\/2022\/07\/WhatsApp-Image-2022-07-05-at-11.30.34-203x300.jpeg 203w, https:\/\/7culture.ci\/wp-content\/uploads\/2022\/07\/WhatsApp-Image-2022-07-05-at-11.30.34.jpeg 732w\" sizes=\"(max-width: 464px) 100vw, 464px\" \/><\/figure><\/div>\n\n\n\n<p>Dans sa jeune carri\u00e8re, Leroy Seh est reconnaissant aux \u0153uvres du Roi des rois J\u00e9sus-Christ pour l&#8217;avoir sorti de toutes les mal\u00e9dictions ancestrales et fait de lui un homme de valeur.&nbsp; \u00ab&nbsp;<strong><em>Je chante en langue yacouba avec des transitions en fran\u00e7ais, anglais et d\u2019autres langues. Dans ce single par exemple, j\u2019ai chant\u00e9 en Yacouba, fran\u00e7ais et yorouba. Ma vision est de rester ouvert sur le monde tant par la langue que par l\u2019orchestration<\/em><\/strong>&nbsp;\u00bb, a-t-il indiqu\u00e9. Son style musical est la vari\u00e9t\u00e9 qu\u2019il tire dans un savant un m\u00e9lange de modernisme et de tradition. \u00ab&nbsp;<strong><em>Mon style musical est la vari\u00e9t\u00e9. Il y a des personnes qui per\u00e7oivent plus facilement le message selon un type de musique. Mais je reste ouvert afin de toucher le plus grand nombre. Je fais du reggae, du R\u2019n\u2019b, du gospel, de l\u2019afrobeat, du jazz, du blues. Je suis dans toutes les musiques que m\u2019inspire Dieu, le cr\u00e9ateur de la musique<\/em><\/strong>&nbsp;\u00bb, explique Leroy Seh qui se positionne \u00e0 la fois comme un messager de Dieu et un \u00e9veilleur de conscience. Avec ses excellentes capacit\u00e9s vocales, il apporte la bonne nouvelle de l\u2019\u00e9vangile dans le monde.<\/p>\n\n\n\n<p>Par Omar AK<\/p>\n","protected":false},"excerpt":{"rendered":"<p>Chandelier d\u2019Or 2010 du meilleur chantre, Leroy Seh est de retour sur la sc\u00e8ne avec un single baptis\u00e9 &#8220;Y\u00e9su Nou\u00e8&#8221;. Apr\u00e8s avoir succomb\u00e9 aux charmes vocaux de Kon\u00e9 Fontaly, Constance, O\u2019Nel Mala en C\u00f4te d\u2019Ivoire et Ron Kenoly ou Donnie McClurkin \u00e0 l\u2019international, Salomon Seh a opt\u00e9 pour le gospel quand il voulait chanter. Mais &hellip;<\/p>\n<p class=\"read-more\"> <a class=\"\" href=\"https:\/\/7culture.ci\/index.php\/2022\/07\/05\/nouvel-album-leroy-seh-revient-au-nom-du-seigneur\/\"> <span class=\"screen-reader-text\">Nouvel album\u00a0: Leroy Seh revient au nom du Seigneur<\/span> Lire la suite\u00a0\u00bb<\/a><\/p>\n","protected":false},"author":1,"featured_media":22146,"comment_status":"open","ping_status":"open","sticky":false,"template":"","format":"standard","meta":{"_mi_skip_tracking":false,"_monsterinsights_sitenote_active":false,"_monsterinsights_sitenote_note":"","_monsterinsights_sitenote_category":0,"site-sidebar-layout":"default","site-content-layout":"default","ast-global-header-display":"","ast-main-header-display":"","ast-hfb-above-header-display":"","ast-hfb-below-header-display":"","ast-hfb-mobile-header-display":"","site-post-title":"","ast-breadcrumbs-content":"","ast-featured-img":"","footer-sml-layout":"","theme-transparent-header-meta":"","adv-header-id-meta":"","stick-header-meta":"","header-above-stick-meta":"","header-main-stick-meta":"","header-below-stick-meta":"","footnotes":"","jetpack_publicize_message":"","jetpack_is_tweetstorm":false,"jetpack_publicize_feature_enabled":true},"categories":[16],"tags":[],"jetpack_publicize_connections":[],"acf":[],"aioseo_notices":[],"yoast_head":"<!-- This site is optimized with the Yoast SEO plugin v19.6.1 - https:\/\/yoast.com\/wordpress\/plugins\/seo\/ -->\n<title>Nouvel album\u00a0: Leroy Seh revient au nom du Seigneur -<\/title>\n<meta name=\"robots\" content=\"index, follow, max-snippet:-1, max-image-preview:large, max-video-preview:-1\" \/>\n<link rel=\"canonical\" href=\"https:\/\/7culture.ci\/index.php\/2022\/07\/05\/nouvel-album-leroy-seh-revient-au-nom-du-seigneur\/\" \/>\n<meta property=\"og:locale\" content=\"fr_FR\" \/>\n<meta property=\"og:type\" content=\"article\" \/>\n<meta property=\"og:title\" content=\"Nouvel album\u00a0: Leroy Seh revient au nom du Seigneur -\" \/>\n<meta property=\"og:description\" content=\"Chandelier d\u2019Or 2010 du meilleur chantre, Leroy Seh est de retour sur la sc\u00e8ne avec un single baptis\u00e9 &#8220;Y\u00e9su Nou\u00e8&#8221;. Apr\u00e8s avoir succomb\u00e9 aux charmes vocaux de Kon\u00e9 Fontaly, Constance, O\u2019Nel Mala en C\u00f4te d\u2019Ivoire et Ron Kenoly ou Donnie McClurkin \u00e0 l\u2019international, Salomon Seh a opt\u00e9 pour le gospel quand il voulait chanter. Mais &hellip; Nouvel album\u00a0: Leroy Seh revient au nom du Seigneur Lire la suite\u00a0\u00bb\" \/>\n<meta property=\"og:url\" content=\"https:\/\/7culture.ci\/index.php\/2022\/07\/05\/nouvel-album-leroy-seh-revient-au-nom-du-seigneur\/\" \/>\n<meta property=\"og:site_name\" content=\"7culture\" \/>\n<meta property=\"article:publisher\" content=\"https:\/\/www.facebook.com\/redchefclaude\" \/>\n<meta property=\"article:published_time\" content=\"2022-07-05T11:36:16+00:00\" \/>\n<meta property=\"article:modified_time\" content=\"2022-07-05T11:36:29+00:00\" \/>\n<meta property=\"og:image\" content=\"http:\/\/7culture.ci\/wp-content\/uploads\/2022\/07\/Leroy-Seh2-1.jpg\" \/>\n\t<meta property=\"og:image:width\" content=\"750\" \/>\n\t<meta property=\"og:image:height\" content=\"500\" \/>\n\t<meta property=\"og:image:type\" content=\"image\/jpeg\" \/>\n<meta name=\"author\" content=\"7culture2020\" \/>\n<meta name=\"twitter:card\" content=\"summary_large_image\" \/>\n<meta name=\"twitter:creator\" content=\"@7culturec\" \/>\n<meta name=\"twitter:site\" content=\"@7culturec\" \/>\n<meta name=\"twitter:label1\" content=\"\u00c9crit par\" \/>\n\t<meta name=\"twitter:data1\" content=\"7culture2020\" \/>\n\t<meta name=\"twitter:label2\" content=\"Dur\u00e9e de lecture estim\u00e9e\" \/>\n\t<meta name=\"twitter:data2\" content=\"4 minutes\" \/>\n<script type=\"application\/ld+json\" class=\"yoast-schema-graph\">{\"@context\":\"https:\/\/schema.org\",\"@graph\":[{\"@type\":\"Article\",\"@id\":\"https:\/\/7culture.ci\/index.php\/2022\/07\/05\/nouvel-album-leroy-seh-revient-au-nom-du-seigneur\/#article\",\"isPartOf\":{\"@id\":\"https:\/\/7culture.ci\/index.php\/2022\/07\/05\/nouvel-album-leroy-seh-revient-au-nom-du-seigneur\/\"},\"author\":{\"name\":\"7culture2020\",\"@id\":\"https:\/\/7culture.ci\/#\/schema\/person\/16150d28d7ef66ba788c1f87f28c4426\"},\"headline\":\"Nouvel album\u00a0: Leroy Seh revient au nom du Seigneur\",\"datePublished\":\"2022-07-05T11:36:16+00:00\",\"dateModified\":\"2022-07-05T11:36:29+00:00\",\"mainEntityOfPage\":{\"@id\":\"https:\/\/7culture.ci\/index.php\/2022\/07\/05\/nouvel-album-leroy-seh-revient-au-nom-du-seigneur\/\"},\"wordCount\":586,\"commentCount\":0,\"publisher\":{\"@id\":\"https:\/\/7culture.ci\/#organization\"},\"articleSection\":[\"Musique\"],\"inLanguage\":\"fr-FR\",\"potentialAction\":[{\"@type\":\"CommentAction\",\"name\":\"Comment\",\"target\":[\"https:\/\/7culture.ci\/index.php\/2022\/07\/05\/nouvel-album-leroy-seh-revient-au-nom-du-seigneur\/#respond\"]}]},{\"@type\":\"WebPage\",\"@id\":\"https:\/\/7culture.ci\/index.php\/2022\/07\/05\/nouvel-album-leroy-seh-revient-au-nom-du-seigneur\/\",\"url\":\"https:\/\/7culture.ci\/index.php\/2022\/07\/05\/nouvel-album-leroy-seh-revient-au-nom-du-seigneur\/\",\"name\":\"Nouvel album\u00a0: Leroy Seh revient au nom du Seigneur -\",\"isPartOf\":{\"@id\":\"https:\/\/7culture.ci\/#website\"},\"datePublished\":\"2022-07-05T11:36:16+00:00\",\"dateModified\":\"2022-07-05T11:36:29+00:00\",\"breadcrumb\":{\"@id\":\"https:\/\/7culture.ci\/index.php\/2022\/07\/05\/nouvel-album-leroy-seh-revient-au-nom-du-seigneur\/#breadcrumb\"},\"inLanguage\":\"fr-FR\",\"potentialAction\":[{\"@type\":\"ReadAction\",\"target\":[\"https:\/\/7culture.ci\/index.php\/2022\/07\/05\/nouvel-album-leroy-seh-revient-au-nom-du-seigneur\/\"]}]},{\"@type\":\"BreadcrumbList\",\"@id\":\"https:\/\/7culture.ci\/index.php\/2022\/07\/05\/nouvel-album-leroy-seh-revient-au-nom-du-seigneur\/#breadcrumb\",\"itemListElement\":[{\"@type\":\"ListItem\",\"position\":1,\"name\":\"Accueil\",\"item\":\"https:\/\/7culture.ci\/\"},{\"@type\":\"ListItem\",\"position\":2,\"name\":\"Nouvel album\u00a0: Leroy Seh revient au nom du Seigneur\"}]},{\"@type\":\"WebSite\",\"@id\":\"https:\/\/7culture.ci\/#website\",\"url\":\"https:\/\/7culture.ci\/\",\"name\":\"7culture\",\"description\":\"Tout sur l&#039;actualit\u00e9\",\"publisher\":{\"@id\":\"https:\/\/7culture.ci\/#organization\"},\"potentialAction\":[{\"@type\":\"SearchAction\",\"target\":{\"@type\":\"EntryPoint\",\"urlTemplate\":\"https:\/\/7culture.ci\/?s={search_term_string}\"},\"query-input\":\"required name=search_term_string\"}],\"inLanguage\":\"fr-FR\"},{\"@type\":\"Organization\",\"@id\":\"https:\/\/7culture.ci\/#organization\",\"name\":\"7culture\",\"url\":\"https:\/\/7culture.ci\/\",\"sameAs\":[\"https:\/\/www.facebook.com\/redchefclaude\",\"https:\/\/twitter.com\/7culturec\"],\"logo\":{\"@type\":\"ImageObject\",\"inLanguage\":\"fr-FR\",\"@id\":\"https:\/\/7culture.ci\/#\/schema\/logo\/image\/\",\"url\":\"https:\/\/7culture.ci\/wp-content\/uploads\/2021\/12\/S1a-1.png\",\"contentUrl\":\"https:\/\/7culture.ci\/wp-content\/uploads\/2021\/12\/S1a-1.png\",\"width\":588,\"height\":192,\"caption\":\"7culture\"},\"image\":{\"@id\":\"https:\/\/7culture.ci\/#\/schema\/logo\/image\/\"}},{\"@type\":\"Person\",\"@id\":\"https:\/\/7culture.ci\/#\/schema\/person\/16150d28d7ef66ba788c1f87f28c4426\",\"name\":\"7culture2020\",\"image\":{\"@type\":\"ImageObject\",\"inLanguage\":\"fr-FR\",\"@id\":\"https:\/\/7culture.ci\/#\/schema\/person\/image\/\",\"url\":\"https:\/\/secure.gravatar.com\/avatar\/9a0784f951306c37bcd065f52844ef95?s=96&d=mm&r=g\",\"contentUrl\":\"https:\/\/secure.gravatar.com\/avatar\/9a0784f951306c37bcd065f52844ef95?s=96&d=mm&r=g\",\"caption\":\"7culture2020\"},\"sameAs\":[\"http:\/\/7culture.ci\",\"Claude.kipre\"],\"url\":\"https:\/\/7culture.ci\/index.php\/author\/7culture2020\/\"}]}<\/script>\n<!-- \/ Yoast SEO plugin. -->","yoast_head_json":{"title":"Nouvel album\u00a0: Leroy Seh revient au nom du Seigneur -","robots":{"index":"index","follow":"follow","max-snippet":"max-snippet:-1","max-image-preview":"max-image-preview:large","max-video-preview":"max-video-preview:-1"},"canonical":"https:\/\/7culture.ci\/index.php\/2022\/07\/05\/nouvel-album-leroy-seh-revient-au-nom-du-seigneur\/","og_locale":"fr_FR","og_type":"article","og_title":"Nouvel album\u00a0: Leroy Seh revient au nom du Seigneur -","og_description":"Chandelier d\u2019Or 2010 du meilleur chantre, Leroy Seh est de retour sur la sc\u00e8ne avec un single baptis\u00e9 &#8220;Y\u00e9su Nou\u00e8&#8221;. Apr\u00e8s avoir succomb\u00e9 aux charmes vocaux de Kon\u00e9 Fontaly, Constance, O\u2019Nel Mala en C\u00f4te d\u2019Ivoire et Ron Kenoly ou Donnie McClurkin \u00e0 l\u2019international, Salomon Seh a opt\u00e9 pour le gospel quand il voulait chanter. Mais &hellip; Nouvel album\u00a0: Leroy Seh revient au nom du Seigneur Lire la suite\u00a0\u00bb","og_url":"https:\/\/7culture.ci\/index.php\/2022\/07\/05\/nouvel-album-leroy-seh-revient-au-nom-du-seigneur\/","og_site_name":"7culture","article_publisher":"https:\/\/www.facebook.com\/redchefclaude","article_published_time":"2022-07-05T11:36:16+00:00","article_modified_time":"2022-07-05T11:36:29+00:00","og_image":[{"width":750,"height":500,"url":"http:\/\/7culture.ci\/wp-content\/uploads\/2022\/07\/Leroy-Seh2-1.jpg","type":"image\/jpeg"}],"author":"7culture2020","twitter_card":"summary_large_image","twitter_creator":"@7culturec","twitter_site":"@7culturec","twitter_misc":{"\u00c9crit par":"7culture2020","Dur\u00e9e de lecture estim\u00e9e":"4 minutes"},"schema":{"@context":"https:\/\/schema.org","@graph":[{"@type":"Article","@id":"https:\/\/7culture.ci\/index.php\/2022\/07\/05\/nouvel-album-leroy-seh-revient-au-nom-du-seigneur\/#article","isPartOf":{"@id":"https:\/\/7culture.ci\/index.php\/2022\/07\/05\/nouvel-album-leroy-seh-revient-au-nom-du-seigneur\/"},"author":{"name":"7culture2020","@id":"https:\/\/7culture.ci\/#\/schema\/person\/16150d28d7ef66ba788c1f87f28c4426"},"headline":"Nouvel album\u00a0: Leroy Seh revient au nom du Seigneur","datePublished":"2022-07-05T11:36:16+00:00","dateModified":"2022-07-05T11:36:29+00:00","mainEntityOfPage":{"@id":"https:\/\/7culture.ci\/index.php\/2022\/07\/05\/nouvel-album-leroy-seh-revient-au-nom-du-seigneur\/"},"wordCount":586,"commentCount":0,"publisher":{"@id":"https:\/\/7culture.ci\/#organization"},"articleSection":["Musique"],"inLanguage":"fr-FR","potentialAction":[{"@type":"CommentAction","name":"Comment","target":["https:\/\/7culture.ci\/index.php\/2022\/07\/05\/nouvel-album-leroy-seh-revient-au-nom-du-seigneur\/#respond"]}]},{"@type":"WebPage","@id":"https:\/\/7culture.ci\/index.php\/2022\/07\/05\/nouvel-album-leroy-seh-revient-au-nom-du-seigneur\/","url":"https:\/\/7culture.ci\/index.php\/2022\/07\/05\/nouvel-album-leroy-seh-revient-au-nom-du-seigneur\/","name":"Nouvel album\u00a0: Leroy Seh revient au nom du Seigneur -","isPartOf":{"@id":"https:\/\/7culture.ci\/#website"},"datePublished":"2022-07-05T11:36:16+00:00","dateModified":"2022-07-05T11:36:29+00:00","breadcrumb":{"@id":"https:\/\/7culture.ci\/index.php\/2022\/07\/05\/nouvel-album-leroy-seh-revient-au-nom-du-seigneur\/#breadcrumb"},"inLanguage":"fr-FR","potentialAction":[{"@type":"ReadAction","target":["https:\/\/7culture.ci\/index.php\/2022\/07\/05\/nouvel-album-leroy-seh-revient-au-nom-du-seigneur\/"]}]},{"@type":"BreadcrumbList","@id":"https:\/\/7culture.ci\/index.php\/2022\/07\/05\/nouvel-album-leroy-seh-revient-au-nom-du-seigneur\/#breadcrumb","itemListElement":[{"@type":"ListItem","position":1,"name":"Accueil","item":"https:\/\/7culture.ci\/"},{"@type":"ListItem","position":2,"name":"Nouvel album\u00a0: Leroy Seh revient au nom du Seigneur"}]},{"@type":"WebSite","@id":"https:\/\/7culture.ci\/#website","url":"https:\/\/7culture.ci\/","name":"7culture","description":"Tout sur l&#039;actualit\u00e9","publisher":{"@id":"https:\/\/7culture.ci\/#organization"},"potentialAction":[{"@type":"SearchAction","target":{"@type":"EntryPoint","urlTemplate":"https:\/\/7culture.ci\/?s={search_term_string}"},"query-input":"required name=search_term_string"}],"inLanguage":"fr-FR"},{"@type":"Organization","@id":"https:\/\/7culture.ci\/#organization","name":"7culture","url":"https:\/\/7culture.ci\/","sameAs":["https:\/\/www.facebook.com\/redchefclaude","https:\/\/twitter.com\/7culturec"],"logo":{"@type":"ImageObject","inLanguage":"fr-FR","@id":"https:\/\/7culture.ci\/#\/schema\/logo\/image\/","url":"https:\/\/7culture.ci\/wp-content\/uploads\/2021\/12\/S1a-1.png","contentUrl":"https:\/\/7culture.ci\/wp-content\/uploads\/2021\/12\/S1a-1.png","width":588,"height":192,"caption":"7culture"},"image":{"@id":"https:\/\/7culture.ci\/#\/schema\/logo\/image\/"}},{"@type":"Person","@id":"https:\/\/7culture.ci\/#\/schema\/person\/16150d28d7ef66ba788c1f87f28c4426","name":"7culture2020","image":{"@type":"ImageObject","inLanguage":"fr-FR","@id":"https:\/\/7culture.ci\/#\/schema\/person\/image\/","url":"https:\/\/secure.gravatar.com\/avatar\/9a0784f951306c37bcd065f52844ef95?s=96&d=mm&r=g","contentUrl":"https:\/\/secure.gravatar.com\/avatar\/9a0784f951306c37bcd065f52844ef95?s=96&d=mm&r=g","caption":"7culture2020"},"sameAs":["http:\/\/7culture.ci","Claude.kipre"],"url":"https:\/\/7culture.ci\/index.php\/author\/7culture2020\/"}]}},"jetpack_featured_media_url":"https:\/\/7culture.ci\/wp-content\/uploads\/2022\/07\/Leroy-Seh2-1.jpg","jetpack_likes_enabled":true,"jetpack_sharing_enabled":true,"_links":{"self":[{"href":"https:\/\/7culture.ci\/index.php\/wp-json\/wp\/v2\/posts\/22141"}],"collection":[{"href":"https:\/\/7culture.ci\/index.php\/wp-json\/wp\/v2\/posts"}],"about":[{"href":"https:\/\/7culture.ci\/index.php\/wp-json\/wp\/v2\/types\/post"}],"author":[{"embeddable":true,"href":"https:\/\/7culture.ci\/index.php\/wp-json\/wp\/v2\/users\/1"}],"replies":[{"embeddable":true,"href":"https:\/\/7culture.ci\/index.php\/wp-json\/wp\/v2\/comments?post=22141"}],"version-history":[{"count":0,"href":"https:\/\/7culture.ci\/index.php\/wp-json\/wp\/v2\/posts\/22141\/revisions"}],"wp:featuredmedia":[{"embeddable":true,"href":"https:\/\/7culture.ci\/index.php\/wp-json\/wp\/v2\/media\/22146"}],"wp:attachment":[{"href":"https:\/\/7culture.ci\/index.php\/wp-json\/wp\/v2\/media?parent=22141"}],"wp:term":[{"taxonomy":"category","embeddable":true,"href":"https:\/\/7culture.ci\/index.php\/wp-json\/wp\/v2\/categories?post=22141"},{"taxonomy":"post_tag","embeddable":true,"href":"https:\/\/7culture.ci\/index.php\/wp-json\/wp\/v2\/tags?post=22141"}],"curies":[{"name":"wp","href":"https:\/\/api.w.org\/{rel}","templated":true}]}}