{"id":22126,"date":"2022-07-04T13:56:51","date_gmt":"2022-07-04T11:56:51","guid":{"rendered":"https:\/\/7culture.ci\/?p=22126"},"modified":"2022-07-05T12:39:38","modified_gmt":"2022-07-05T10:39:38","slug":"spectacle-mbn-a-lassaut-du-palais-de-la-culture","status":"publish","type":"post","link":"https:\/\/7culture.ci\/index.php\/2022\/07\/04\/spectacle-mbn-a-lassaut-du-palais-de-la-culture\/","title":{"rendered":"Spectacle\u00a0: MBN \u00e0 l&#8217;assaut du palais de la culture"},"content":{"rendered":"\n<p>Le groupe de chantres les \u2018\u2019Messagers de la Bonne Nouvelle\u2019\u2019 (MBN), a, lors d\u2019une conf\u00e9rence de presse, annonc\u00e9 la tenue de son concert live. Cette rencontre avec les journalistes a eu lieu le vendredi 1<sup>er<\/sup> juillet 2022 \u00e0 la salle de conf\u00e9rence de l\u2019h\u00f4tel Palm Club \u00e0 Cocody.<\/p>\n\n\n\n<p>Annonc\u00e9 pour le dimanche 28 ao\u00fbt 2022 \u00e0 la salle Anoumabo du palais de la culture d\u2019Abidjan, ce spectacle d\u00e9nomm\u00e9 \u2018\u2019El\u00e9vation\u2019\u2019 sera le premier pour ce groupe faiseur de zouglou gospel.<\/p>\n\n\n\n<div class=\"wp-block-image\"><figure class=\"aligncenter size-large is-resized\"><img loading=\"lazy\" decoding=\"async\" src=\"https:\/\/7culture.ci\/wp-content\/uploads\/2022\/07\/3M3A0027-1024x683.jpg\" alt=\"\" class=\"wp-image-22128\" width=\"646\" height=\"431\" srcset=\"https:\/\/7culture.ci\/wp-content\/uploads\/2022\/07\/3M3A0027-1024x683.jpg 1024w, https:\/\/7culture.ci\/wp-content\/uploads\/2022\/07\/3M3A0027-300x200.jpg 300w, https:\/\/7culture.ci\/wp-content\/uploads\/2022\/07\/3M3A0027-768x512.jpg 768w, https:\/\/7culture.ci\/wp-content\/uploads\/2022\/07\/3M3A0027-1536x1024.jpg 1536w, https:\/\/7culture.ci\/wp-content\/uploads\/2022\/07\/3M3A0027-2048x1365.jpg 2048w\" sizes=\"(max-width: 646px) 100vw, 646px\" \/><\/figure><\/div>\n\n\n\n<p>Le groupe MBN 100&nbsp;% J\u00e9sus, comme ses membres se font appeler, a \u00e9tal\u00e9, devant les hommes de m\u00e9dias, le contexte et les objectifs de cet \u00e9v\u00e8nement. \u00ab <strong><em>C\u2019est un concert de positionnement qui vise \u00e0 faire la promotion des artistes. Ils vont au palais de la culture pour \u00e9tablir un minist\u00e8re divin, qui est d\u2019\u00e9vang\u00e9liser dans le but d\u2019amener les adeptes du zouglou au seigneur J\u00e9sus-Christ<\/em>&nbsp;\u00bb, <\/strong>a d\u00e9clar\u00e9 Elie Oyedou, leur directeur artistique et par ailleurs pr\u00e9sident des acteurs du gospel en C\u00f4te d\u2019Ivoire. &nbsp;Ceci en pr\u00e9sence des repr\u00e9sentants des structures promotrices dudit spectacle tels \u2018\u20195-19 Consulting\u2019\u2019 et \u2018\u2019Back Office\u2019\u2019.<\/p>\n\n\n\n<p>\u00c7a \u00e9t\u00e9 une aubaine pour les hommes de m\u00e9dias de d\u00e9couvrir ce groupe chr\u00e9tien m\u00e9connu par la grande masse ivoirienne.&nbsp; &nbsp;&nbsp;&nbsp;<\/p>\n\n\n\n<p>Le concert de MBN, c\u2019est 2h30 de show \u00e9l\u00e9vateur \u00e0 la gloire du Christ avec des guet-stars. MBN 100% J\u00e9sus est une \u00e9quipe de trois commandos. Il ex\u00e9cutera sur la sc\u00e8ne de la 4000 places, les dix titres de son deuxi\u00e8me album intitul\u00e9 \u2018<em>\u2019J\u00e9sus est ma vie<\/em>\u2019\u2019.&nbsp; Opus dont est extrait la chanson \u2018\u2019El\u00e9vation\u2019\u2019, adul\u00e9e par le public chr\u00e9tien.<\/p>\n\n\n\n<figure class=\"wp-block-gallery has-nested-images columns-default is-cropped wp-block-gallery-1 is-layout-flex wp-block-gallery-is-layout-flex\">\n<figure class=\"wp-block-image size-large\"><img loading=\"lazy\" decoding=\"async\" width=\"683\" height=\"1024\" data-id=\"22129\" src=\"https:\/\/7culture.ci\/wp-content\/uploads\/2022\/07\/1-683x1024.jpeg\" alt=\"\" class=\"wp-image-22129\" srcset=\"https:\/\/7culture.ci\/wp-content\/uploads\/2022\/07\/1-683x1024.jpeg 683w, https:\/\/7culture.ci\/wp-content\/uploads\/2022\/07\/1-200x300.jpeg 200w, https:\/\/7culture.ci\/wp-content\/uploads\/2022\/07\/1.jpeg 720w\" sizes=\"(max-width: 683px) 100vw, 683px\" \/><\/figure>\n\n\n\n<figure class=\"wp-block-image size-large\"><img loading=\"lazy\" decoding=\"async\" width=\"683\" height=\"1024\" data-id=\"22131\" src=\"https:\/\/7culture.ci\/wp-content\/uploads\/2022\/07\/2-683x1024.jpeg\" alt=\"\" class=\"wp-image-22131\" srcset=\"https:\/\/7culture.ci\/wp-content\/uploads\/2022\/07\/2-683x1024.jpeg 683w, https:\/\/7culture.ci\/wp-content\/uploads\/2022\/07\/2-200x300.jpeg 200w, https:\/\/7culture.ci\/wp-content\/uploads\/2022\/07\/2.jpeg 720w\" sizes=\"(max-width: 683px) 100vw, 683px\" \/><\/figure>\n\n\n\n<figure class=\"wp-block-image size-large\"><img loading=\"lazy\" decoding=\"async\" width=\"683\" height=\"1024\" data-id=\"22130\" src=\"https:\/\/7culture.ci\/wp-content\/uploads\/2022\/07\/3-683x1024.jpeg\" alt=\"\" class=\"wp-image-22130\" srcset=\"https:\/\/7culture.ci\/wp-content\/uploads\/2022\/07\/3-683x1024.jpeg 683w, https:\/\/7culture.ci\/wp-content\/uploads\/2022\/07\/3-200x300.jpeg 200w, https:\/\/7culture.ci\/wp-content\/uploads\/2022\/07\/3.jpeg 720w\" sizes=\"(max-width: 683px) 100vw, 683px\" \/><\/figure>\n<\/figure>\n\n\n\n<p>Si le groupe a choisi \u2018\u2019El\u00e9vation\u2019\u2019 comme d\u00e9nomination de son de son premier concert au palais de la culture d\u2019Abidjan, c\u2019est pour remercier l\u2019\u00e9ternel Dieu pour la bonne marche de leur modeste carri\u00e8re musicale. &nbsp;&nbsp;<\/p>\n\n\n\n<div class=\"wp-block-image\"><figure class=\"aligncenter size-large is-resized\"><img loading=\"lazy\" decoding=\"async\" src=\"https:\/\/7culture.ci\/wp-content\/uploads\/2022\/07\/3M3A0042-1024x683.jpg\" alt=\"\" class=\"wp-image-22132\" width=\"533\" height=\"355\" srcset=\"https:\/\/7culture.ci\/wp-content\/uploads\/2022\/07\/3M3A0042-1024x683.jpg 1024w, https:\/\/7culture.ci\/wp-content\/uploads\/2022\/07\/3M3A0042-300x200.jpg 300w, https:\/\/7culture.ci\/wp-content\/uploads\/2022\/07\/3M3A0042-768x512.jpg 768w, https:\/\/7culture.ci\/wp-content\/uploads\/2022\/07\/3M3A0042-1536x1024.jpg 1536w, https:\/\/7culture.ci\/wp-content\/uploads\/2022\/07\/3M3A0042-2048x1365.jpg 2048w\" sizes=\"(max-width: 533px) 100vw, 533px\" \/><\/figure><\/div>\n\n\n\n<p>Les tickets du concert sont disponibles dans les grandes surfaces et dans certaines radios confessionnelles chr\u00e9tiennes.<\/p>\n\n\n\n<p>Thierry Samuel &nbsp;<\/p>\n","protected":false},"excerpt":{"rendered":"<p>Le groupe de chantres les \u2018\u2019Messagers de la Bonne Nouvelle\u2019\u2019 (MBN), a, lors d\u2019une conf\u00e9rence de presse, annonc\u00e9 la tenue de son concert live. Cette rencontre avec les journalistes a eu lieu le vendredi 1er juillet 2022 \u00e0 la salle de conf\u00e9rence de l\u2019h\u00f4tel Palm Club \u00e0 Cocody. Annonc\u00e9 pour le dimanche 28 ao\u00fbt 2022 &hellip;<\/p>\n<p class=\"read-more\"> <a class=\"\" href=\"https:\/\/7culture.ci\/index.php\/2022\/07\/04\/spectacle-mbn-a-lassaut-du-palais-de-la-culture\/\"> <span class=\"screen-reader-text\">Spectacle\u00a0: MBN \u00e0 l&#8217;assaut du palais de la culture<\/span> Lire la suite\u00a0\u00bb<\/a><\/p>\n","protected":false},"author":1,"featured_media":22127,"comment_status":"open","ping_status":"open","sticky":false,"template":"","format":"standard","meta":{"_mi_skip_tracking":false,"_monsterinsights_sitenote_active":false,"_monsterinsights_sitenote_note":"","_monsterinsights_sitenote_category":0,"site-sidebar-layout":"default","site-content-layout":"default","ast-global-header-display":"","ast-main-header-display":"","ast-hfb-above-header-display":"","ast-hfb-below-header-display":"","ast-hfb-mobile-header-display":"","site-post-title":"","ast-breadcrumbs-content":"","ast-featured-img":"","footer-sml-layout":"","theme-transparent-header-meta":"","adv-header-id-meta":"","stick-header-meta":"","header-above-stick-meta":"","header-main-stick-meta":"","header-below-stick-meta":"","footnotes":"","jetpack_publicize_message":"","jetpack_is_tweetstorm":false,"jetpack_publicize_feature_enabled":true},"categories":[16],"tags":[],"jetpack_publicize_connections":[],"acf":[],"aioseo_notices":[],"yoast_head":"<!-- This site is optimized with the Yoast SEO plugin v19.6.1 - https:\/\/yoast.com\/wordpress\/plugins\/seo\/ -->\n<title>Spectacle\u00a0: MBN \u00e0 l&#039;assaut du palais de la culture -<\/title>\n<meta name=\"robots\" content=\"index, follow, max-snippet:-1, max-image-preview:large, max-video-preview:-1\" \/>\n<link rel=\"canonical\" href=\"https:\/\/7culture.ci\/index.php\/2022\/07\/04\/spectacle-mbn-a-lassaut-du-palais-de-la-culture\/\" \/>\n<meta property=\"og:locale\" content=\"fr_FR\" \/>\n<meta property=\"og:type\" content=\"article\" \/>\n<meta property=\"og:title\" content=\"Spectacle\u00a0: MBN \u00e0 l&#039;assaut du palais de la culture -\" \/>\n<meta property=\"og:description\" content=\"Le groupe de chantres les \u2018\u2019Messagers de la Bonne Nouvelle\u2019\u2019 (MBN), a, lors d\u2019une conf\u00e9rence de presse, annonc\u00e9 la tenue de son concert live. Cette rencontre avec les journalistes a eu lieu le vendredi 1er juillet 2022 \u00e0 la salle de conf\u00e9rence de l\u2019h\u00f4tel Palm Club \u00e0 Cocody. Annonc\u00e9 pour le dimanche 28 ao\u00fbt 2022 &hellip; Spectacle\u00a0: MBN \u00e0 l&#8217;assaut du palais de la culture Lire la suite\u00a0\u00bb\" \/>\n<meta property=\"og:url\" content=\"https:\/\/7culture.ci\/index.php\/2022\/07\/04\/spectacle-mbn-a-lassaut-du-palais-de-la-culture\/\" \/>\n<meta property=\"og:site_name\" content=\"7culture\" \/>\n<meta property=\"article:publisher\" content=\"https:\/\/www.facebook.com\/redchefclaude\" \/>\n<meta property=\"article:published_time\" content=\"2022-07-04T11:56:51+00:00\" \/>\n<meta property=\"article:modified_time\" content=\"2022-07-05T10:39:38+00:00\" \/>\n<meta property=\"og:image\" content=\"http:\/\/7culture.ci\/wp-content\/uploads\/2022\/07\/mbn-bon.jpg\" \/>\n\t<meta property=\"og:image:width\" content=\"750\" \/>\n\t<meta property=\"og:image:height\" content=\"500\" \/>\n\t<meta property=\"og:image:type\" content=\"image\/jpeg\" \/>\n<meta name=\"author\" content=\"7culture2020\" \/>\n<meta name=\"twitter:card\" content=\"summary_large_image\" \/>\n<meta name=\"twitter:creator\" content=\"@7culturec\" \/>\n<meta name=\"twitter:site\" content=\"@7culturec\" \/>\n<meta name=\"twitter:label1\" content=\"\u00c9crit par\" \/>\n\t<meta name=\"twitter:data1\" content=\"7culture2020\" \/>\n\t<meta name=\"twitter:label2\" content=\"Dur\u00e9e de lecture estim\u00e9e\" \/>\n\t<meta name=\"twitter:data2\" content=\"3 minutes\" \/>\n<script type=\"application\/ld+json\" class=\"yoast-schema-graph\">{\"@context\":\"https:\/\/schema.org\",\"@graph\":[{\"@type\":\"Article\",\"@id\":\"https:\/\/7culture.ci\/index.php\/2022\/07\/04\/spectacle-mbn-a-lassaut-du-palais-de-la-culture\/#article\",\"isPartOf\":{\"@id\":\"https:\/\/7culture.ci\/index.php\/2022\/07\/04\/spectacle-mbn-a-lassaut-du-palais-de-la-culture\/\"},\"author\":{\"name\":\"7culture2020\",\"@id\":\"https:\/\/7culture.ci\/#\/schema\/person\/16150d28d7ef66ba788c1f87f28c4426\"},\"headline\":\"Spectacle\u00a0: MBN \u00e0 l&#8217;assaut du palais de la culture\",\"datePublished\":\"2022-07-04T11:56:51+00:00\",\"dateModified\":\"2022-07-05T10:39:38+00:00\",\"mainEntityOfPage\":{\"@id\":\"https:\/\/7culture.ci\/index.php\/2022\/07\/04\/spectacle-mbn-a-lassaut-du-palais-de-la-culture\/\"},\"wordCount\":362,\"commentCount\":0,\"publisher\":{\"@id\":\"https:\/\/7culture.ci\/#organization\"},\"articleSection\":[\"Musique\"],\"inLanguage\":\"fr-FR\",\"potentialAction\":[{\"@type\":\"CommentAction\",\"name\":\"Comment\",\"target\":[\"https:\/\/7culture.ci\/index.php\/2022\/07\/04\/spectacle-mbn-a-lassaut-du-palais-de-la-culture\/#respond\"]}]},{\"@type\":\"WebPage\",\"@id\":\"https:\/\/7culture.ci\/index.php\/2022\/07\/04\/spectacle-mbn-a-lassaut-du-palais-de-la-culture\/\",\"url\":\"https:\/\/7culture.ci\/index.php\/2022\/07\/04\/spectacle-mbn-a-lassaut-du-palais-de-la-culture\/\",\"name\":\"Spectacle\u00a0: MBN \u00e0 l'assaut du palais de la culture -\",\"isPartOf\":{\"@id\":\"https:\/\/7culture.ci\/#website\"},\"datePublished\":\"2022-07-04T11:56:51+00:00\",\"dateModified\":\"2022-07-05T10:39:38+00:00\",\"breadcrumb\":{\"@id\":\"https:\/\/7culture.ci\/index.php\/2022\/07\/04\/spectacle-mbn-a-lassaut-du-palais-de-la-culture\/#breadcrumb\"},\"inLanguage\":\"fr-FR\",\"potentialAction\":[{\"@type\":\"ReadAction\",\"target\":[\"https:\/\/7culture.ci\/index.php\/2022\/07\/04\/spectacle-mbn-a-lassaut-du-palais-de-la-culture\/\"]}]},{\"@type\":\"BreadcrumbList\",\"@id\":\"https:\/\/7culture.ci\/index.php\/2022\/07\/04\/spectacle-mbn-a-lassaut-du-palais-de-la-culture\/#breadcrumb\",\"itemListElement\":[{\"@type\":\"ListItem\",\"position\":1,\"name\":\"Accueil\",\"item\":\"https:\/\/7culture.ci\/\"},{\"@type\":\"ListItem\",\"position\":2,\"name\":\"Spectacle\u00a0: MBN \u00e0 l&rsquo;assaut du palais de la culture\"}]},{\"@type\":\"WebSite\",\"@id\":\"https:\/\/7culture.ci\/#website\",\"url\":\"https:\/\/7culture.ci\/\",\"name\":\"7culture\",\"description\":\"Tout sur l&#039;actualit\u00e9\",\"publisher\":{\"@id\":\"https:\/\/7culture.ci\/#organization\"},\"potentialAction\":[{\"@type\":\"SearchAction\",\"target\":{\"@type\":\"EntryPoint\",\"urlTemplate\":\"https:\/\/7culture.ci\/?s={search_term_string}\"},\"query-input\":\"required name=search_term_string\"}],\"inLanguage\":\"fr-FR\"},{\"@type\":\"Organization\",\"@id\":\"https:\/\/7culture.ci\/#organization\",\"name\":\"7culture\",\"url\":\"https:\/\/7culture.ci\/\",\"sameAs\":[\"https:\/\/www.facebook.com\/redchefclaude\",\"https:\/\/twitter.com\/7culturec\"],\"logo\":{\"@type\":\"ImageObject\",\"inLanguage\":\"fr-FR\",\"@id\":\"https:\/\/7culture.ci\/#\/schema\/logo\/image\/\",\"url\":\"https:\/\/7culture.ci\/wp-content\/uploads\/2021\/12\/S1a-1.png\",\"contentUrl\":\"https:\/\/7culture.ci\/wp-content\/uploads\/2021\/12\/S1a-1.png\",\"width\":588,\"height\":192,\"caption\":\"7culture\"},\"image\":{\"@id\":\"https:\/\/7culture.ci\/#\/schema\/logo\/image\/\"}},{\"@type\":\"Person\",\"@id\":\"https:\/\/7culture.ci\/#\/schema\/person\/16150d28d7ef66ba788c1f87f28c4426\",\"name\":\"7culture2020\",\"image\":{\"@type\":\"ImageObject\",\"inLanguage\":\"fr-FR\",\"@id\":\"https:\/\/7culture.ci\/#\/schema\/person\/image\/\",\"url\":\"https:\/\/secure.gravatar.com\/avatar\/9a0784f951306c37bcd065f52844ef95?s=96&d=mm&r=g\",\"contentUrl\":\"https:\/\/secure.gravatar.com\/avatar\/9a0784f951306c37bcd065f52844ef95?s=96&d=mm&r=g\",\"caption\":\"7culture2020\"},\"sameAs\":[\"http:\/\/7culture.ci\",\"Claude.kipre\"],\"url\":\"https:\/\/7culture.ci\/index.php\/author\/7culture2020\/\"}]}<\/script>\n<!-- \/ Yoast SEO plugin. -->","yoast_head_json":{"title":"Spectacle\u00a0: MBN \u00e0 l'assaut du palais de la culture -","robots":{"index":"index","follow":"follow","max-snippet":"max-snippet:-1","max-image-preview":"max-image-preview:large","max-video-preview":"max-video-preview:-1"},"canonical":"https:\/\/7culture.ci\/index.php\/2022\/07\/04\/spectacle-mbn-a-lassaut-du-palais-de-la-culture\/","og_locale":"fr_FR","og_type":"article","og_title":"Spectacle\u00a0: MBN \u00e0 l'assaut du palais de la culture -","og_description":"Le groupe de chantres les \u2018\u2019Messagers de la Bonne Nouvelle\u2019\u2019 (MBN), a, lors d\u2019une conf\u00e9rence de presse, annonc\u00e9 la tenue de son concert live. Cette rencontre avec les journalistes a eu lieu le vendredi 1er juillet 2022 \u00e0 la salle de conf\u00e9rence de l\u2019h\u00f4tel Palm Club \u00e0 Cocody. Annonc\u00e9 pour le dimanche 28 ao\u00fbt 2022 &hellip; Spectacle\u00a0: MBN \u00e0 l&#8217;assaut du palais de la culture Lire la suite\u00a0\u00bb","og_url":"https:\/\/7culture.ci\/index.php\/2022\/07\/04\/spectacle-mbn-a-lassaut-du-palais-de-la-culture\/","og_site_name":"7culture","article_publisher":"https:\/\/www.facebook.com\/redchefclaude","article_published_time":"2022-07-04T11:56:51+00:00","article_modified_time":"2022-07-05T10:39:38+00:00","og_image":[{"width":750,"height":500,"url":"http:\/\/7culture.ci\/wp-content\/uploads\/2022\/07\/mbn-bon.jpg","type":"image\/jpeg"}],"author":"7culture2020","twitter_card":"summary_large_image","twitter_creator":"@7culturec","twitter_site":"@7culturec","twitter_misc":{"\u00c9crit par":"7culture2020","Dur\u00e9e de lecture estim\u00e9e":"3 minutes"},"schema":{"@context":"https:\/\/schema.org","@graph":[{"@type":"Article","@id":"https:\/\/7culture.ci\/index.php\/2022\/07\/04\/spectacle-mbn-a-lassaut-du-palais-de-la-culture\/#article","isPartOf":{"@id":"https:\/\/7culture.ci\/index.php\/2022\/07\/04\/spectacle-mbn-a-lassaut-du-palais-de-la-culture\/"},"author":{"name":"7culture2020","@id":"https:\/\/7culture.ci\/#\/schema\/person\/16150d28d7ef66ba788c1f87f28c4426"},"headline":"Spectacle\u00a0: MBN \u00e0 l&#8217;assaut du palais de la culture","datePublished":"2022-07-04T11:56:51+00:00","dateModified":"2022-07-05T10:39:38+00:00","mainEntityOfPage":{"@id":"https:\/\/7culture.ci\/index.php\/2022\/07\/04\/spectacle-mbn-a-lassaut-du-palais-de-la-culture\/"},"wordCount":362,"commentCount":0,"publisher":{"@id":"https:\/\/7culture.ci\/#organization"},"articleSection":["Musique"],"inLanguage":"fr-FR","potentialAction":[{"@type":"CommentAction","name":"Comment","target":["https:\/\/7culture.ci\/index.php\/2022\/07\/04\/spectacle-mbn-a-lassaut-du-palais-de-la-culture\/#respond"]}]},{"@type":"WebPage","@id":"https:\/\/7culture.ci\/index.php\/2022\/07\/04\/spectacle-mbn-a-lassaut-du-palais-de-la-culture\/","url":"https:\/\/7culture.ci\/index.php\/2022\/07\/04\/spectacle-mbn-a-lassaut-du-palais-de-la-culture\/","name":"Spectacle\u00a0: MBN \u00e0 l'assaut du palais de la culture -","isPartOf":{"@id":"https:\/\/7culture.ci\/#website"},"datePublished":"2022-07-04T11:56:51+00:00","dateModified":"2022-07-05T10:39:38+00:00","breadcrumb":{"@id":"https:\/\/7culture.ci\/index.php\/2022\/07\/04\/spectacle-mbn-a-lassaut-du-palais-de-la-culture\/#breadcrumb"},"inLanguage":"fr-FR","potentialAction":[{"@type":"ReadAction","target":["https:\/\/7culture.ci\/index.php\/2022\/07\/04\/spectacle-mbn-a-lassaut-du-palais-de-la-culture\/"]}]},{"@type":"BreadcrumbList","@id":"https:\/\/7culture.ci\/index.php\/2022\/07\/04\/spectacle-mbn-a-lassaut-du-palais-de-la-culture\/#breadcrumb","itemListElement":[{"@type":"ListItem","position":1,"name":"Accueil","item":"https:\/\/7culture.ci\/"},{"@type":"ListItem","position":2,"name":"Spectacle\u00a0: MBN \u00e0 l&rsquo;assaut du palais de la culture"}]},{"@type":"WebSite","@id":"https:\/\/7culture.ci\/#website","url":"https:\/\/7culture.ci\/","name":"7culture","description":"Tout sur l&#039;actualit\u00e9","publisher":{"@id":"https:\/\/7culture.ci\/#organization"},"potentialAction":[{"@type":"SearchAction","target":{"@type":"EntryPoint","urlTemplate":"https:\/\/7culture.ci\/?s={search_term_string}"},"query-input":"required name=search_term_string"}],"inLanguage":"fr-FR"},{"@type":"Organization","@id":"https:\/\/7culture.ci\/#organization","name":"7culture","url":"https:\/\/7culture.ci\/","sameAs":["https:\/\/www.facebook.com\/redchefclaude","https:\/\/twitter.com\/7culturec"],"logo":{"@type":"ImageObject","inLanguage":"fr-FR","@id":"https:\/\/7culture.ci\/#\/schema\/logo\/image\/","url":"https:\/\/7culture.ci\/wp-content\/uploads\/2021\/12\/S1a-1.png","contentUrl":"https:\/\/7culture.ci\/wp-content\/uploads\/2021\/12\/S1a-1.png","width":588,"height":192,"caption":"7culture"},"image":{"@id":"https:\/\/7culture.ci\/#\/schema\/logo\/image\/"}},{"@type":"Person","@id":"https:\/\/7culture.ci\/#\/schema\/person\/16150d28d7ef66ba788c1f87f28c4426","name":"7culture2020","image":{"@type":"ImageObject","inLanguage":"fr-FR","@id":"https:\/\/7culture.ci\/#\/schema\/person\/image\/","url":"https:\/\/secure.gravatar.com\/avatar\/9a0784f951306c37bcd065f52844ef95?s=96&d=mm&r=g","contentUrl":"https:\/\/secure.gravatar.com\/avatar\/9a0784f951306c37bcd065f52844ef95?s=96&d=mm&r=g","caption":"7culture2020"},"sameAs":["http:\/\/7culture.ci","Claude.kipre"],"url":"https:\/\/7culture.ci\/index.php\/author\/7culture2020\/"}]}},"jetpack_featured_media_url":"https:\/\/7culture.ci\/wp-content\/uploads\/2022\/07\/mbn-bon.jpg","jetpack_likes_enabled":true,"jetpack_sharing_enabled":true,"_links":{"self":[{"href":"https:\/\/7culture.ci\/index.php\/wp-json\/wp\/v2\/posts\/22126"}],"collection":[{"href":"https:\/\/7culture.ci\/index.php\/wp-json\/wp\/v2\/posts"}],"about":[{"href":"https:\/\/7culture.ci\/index.php\/wp-json\/wp\/v2\/types\/post"}],"author":[{"embeddable":true,"href":"https:\/\/7culture.ci\/index.php\/wp-json\/wp\/v2\/users\/1"}],"replies":[{"embeddable":true,"href":"https:\/\/7culture.ci\/index.php\/wp-json\/wp\/v2\/comments?post=22126"}],"version-history":[{"count":0,"href":"https:\/\/7culture.ci\/index.php\/wp-json\/wp\/v2\/posts\/22126\/revisions"}],"wp:featuredmedia":[{"embeddable":true,"href":"https:\/\/7culture.ci\/index.php\/wp-json\/wp\/v2\/media\/22127"}],"wp:attachment":[{"href":"https:\/\/7culture.ci\/index.php\/wp-json\/wp\/v2\/media?parent=22126"}],"wp:term":[{"taxonomy":"category","embeddable":true,"href":"https:\/\/7culture.ci\/index.php\/wp-json\/wp\/v2\/categories?post=22126"},{"taxonomy":"post_tag","embeddable":true,"href":"https:\/\/7culture.ci\/index.php\/wp-json\/wp\/v2\/tags?post=22126"}],"curies":[{"name":"wp","href":"https:\/\/api.w.org\/{rel}","templated":true}]}}