{"id":22093,"date":"2022-07-01T18:14:46","date_gmt":"2022-07-01T16:14:46","guid":{"rendered":"https:\/\/7culture.ci\/?p=22093"},"modified":"2022-07-03T16:34:03","modified_gmt":"2022-07-03T14:34:03","slug":"mani-bella-nest-plus-mme-avom","status":"publish","type":"post","link":"https:\/\/7culture.ci\/index.php\/2022\/07\/01\/mani-bella-nest-plus-mme-avom\/","title":{"rendered":"Mani Bella n\u2019est plus Mme Avom!"},"content":{"rendered":"\n<p>Divorc\u00e9e \u00e0 peine une semaine, l\u2019artiste camerounaise Mani Bella a pu constater sur les r\u00e9seaux sociaux, le remariage de son ex-mari, Anthony Avom, avec une autre. Elle cumulait avec son mari, 12 ann\u00e9es de vie commune. Les internautes sont choqu\u00e9s par la nouvelle et ne manquent pas d\u2019envoyer beaucoup d\u2019amour et de consolation \u00e0 la faiseuse du bikutsi.<\/p>\n\n\n\n<p>Les raisons du divorce sont m\u00e9connues, mais l\u2019interpr\u00e8te de \u2018\u2019Pala Pala\u2019\u2019 \u00e9tonne par la mani\u00e8re dont elle a su g\u00e9rer son divorce ces derniers jours. Elle n\u2019a pas cess\u00e9 d\u2019\u00eatre pr\u00e9sente sur les r\u00e9seaux sociaux et s\u2019est d\u2019ailleurs retrouv\u00e9e dans un clash avec la c\u00e9l\u00e8bre coach matrimoniale camerounaise la coach Blonde.<\/p>\n\n\n\n<figure class=\"wp-block-gallery has-nested-images columns-default is-cropped wp-block-gallery-1 is-layout-flex wp-block-gallery-is-layout-flex\">\n<figure class=\"wp-block-image size-large\"><img loading=\"lazy\" decoding=\"async\" width=\"604\" height=\"900\" data-id=\"22095\" src=\"https:\/\/7culture.ci\/wp-content\/uploads\/2022\/07\/WhatsApp-Image-2022-07-01-at-12.20.07-2.jpeg\" alt=\"\" class=\"wp-image-22095\" srcset=\"https:\/\/7culture.ci\/wp-content\/uploads\/2022\/07\/WhatsApp-Image-2022-07-01-at-12.20.07-2.jpeg 604w, https:\/\/7culture.ci\/wp-content\/uploads\/2022\/07\/WhatsApp-Image-2022-07-01-at-12.20.07-2-201x300.jpeg 201w\" sizes=\"(max-width: 604px) 100vw, 604px\" \/><\/figure>\n\n\n\n<figure class=\"wp-block-image size-large\"><img loading=\"lazy\" decoding=\"async\" width=\"180\" height=\"280\" data-id=\"22096\" src=\"https:\/\/7culture.ci\/wp-content\/uploads\/2022\/07\/WhatsApp-Image-2022-07-01-at-12.20.07.jpeg\" alt=\"\" class=\"wp-image-22096\"\/><\/figure>\n<\/figure>\n\n\n\n<p>Il y a deux ans, Mani Bella r\u00e9pondait aux d\u00e9clarations d\u2019une internaute qui d\u00e9clarait que le mariage n\u2019est pas important dans la vie d\u2019une personne et particuli\u00e8rement la femme.<\/p>\n\n\n\n<p><strong>\u00ab&nbsp;<em>Donc, c\u2019est vivre avec un homme en concubinage, faire des enfants avec lui, le voir \u00e9voluer, investir ensemble, travailler, r\u00e9aliser. Et apr\u00e8s, \u00e0 cause d\u2019une raison quelconque, il te met facilement \u00e0 la porte ou alors, sa famille te chasse et tu recommences tout \u00e0 z\u00e9ro sans rien&nbsp;! Aucune possibilit\u00e9 d\u2019indemnisation du temps et des efforts fournis avec lui. C\u2019est \u00e7a qui est une fin en soi hein&nbsp;? Ou bien vivre seule et faire des enfants, les \u00e9duquer sans une figure paternelle fixe et aller coucher \u00e7\u00e0 et l\u00e0, c\u2019est \u00e7a une fin en soi&nbsp;?<\/em>\u00bb<\/strong>, s\u2019est-elle interrog\u00e9e. Elle continue ses dires en invitant chacun \u00e0 mieux s\u2019\u00e9duquer au sujet du mariage, car il est sacr\u00e9 et divin. Elle soutenait d\u2019ailleurs le fait que le mariage est important en pr\u00e9cisant que la plupart des femmes qui occupent des postes importants dans le monde sont d\u2019abord des \u00e9pouses. <strong>\u00ab <em>Mariez-vous et assumez les hauts et les bas. Celles qui sont depuis deux ans, trois ans ou cinq ans dans la maison d\u2019un homme sans alliance, rebellez-vous&nbsp;! Ils doivent vous l\u00e9galiser<\/em>&nbsp;\u00bb,<\/strong> a-t-elle ajout\u00e9 avant de conclure en pr\u00e9cisant que le divorce est mieux que la mise \u00e0 la porte sans justice.<\/p>\n\n\n\n<div class=\"wp-block-image\"><figure class=\"aligncenter size-full is-resized\"><img loading=\"lazy\" decoding=\"async\" src=\"https:\/\/7culture.ci\/wp-content\/uploads\/2022\/07\/WhatsApp-Image-2022-07-01-at-12.20.07-1.jpeg\" alt=\"\" class=\"wp-image-22097\" width=\"532\" height=\"758\" srcset=\"https:\/\/7culture.ci\/wp-content\/uploads\/2022\/07\/WhatsApp-Image-2022-07-01-at-12.20.07-1.jpeg 674w, https:\/\/7culture.ci\/wp-content\/uploads\/2022\/07\/WhatsApp-Image-2022-07-01-at-12.20.07-1-211x300.jpeg 211w\" sizes=\"(max-width: 532px) 100vw, 532px\" \/><figcaption>M. Avom et sa nouvelle femme<\/figcaption><\/figure><\/div>\n\n\n\n<p>Thierry Samuel<\/p>\n","protected":false},"excerpt":{"rendered":"<p>Divorc\u00e9e \u00e0 peine une semaine, l\u2019artiste camerounaise Mani Bella a pu constater sur les r\u00e9seaux sociaux, le remariage de son ex-mari, Anthony Avom, avec une autre. Elle cumulait avec son mari, 12 ann\u00e9es de vie commune. Les internautes sont choqu\u00e9s par la nouvelle et ne manquent pas d\u2019envoyer beaucoup d\u2019amour et de consolation \u00e0 la &hellip;<\/p>\n<p class=\"read-more\"> <a class=\"\" href=\"https:\/\/7culture.ci\/index.php\/2022\/07\/01\/mani-bella-nest-plus-mme-avom\/\"> <span class=\"screen-reader-text\">Mani Bella n\u2019est plus Mme Avom!<\/span> Lire la suite\u00a0\u00bb<\/a><\/p>\n","protected":false},"author":1,"featured_media":22099,"comment_status":"open","ping_status":"open","sticky":false,"template":"","format":"standard","meta":{"_mi_skip_tracking":false,"_monsterinsights_sitenote_active":false,"_monsterinsights_sitenote_note":"","_monsterinsights_sitenote_category":0,"site-sidebar-layout":"default","site-content-layout":"default","ast-global-header-display":"","ast-main-header-display":"","ast-hfb-above-header-display":"","ast-hfb-below-header-display":"","ast-hfb-mobile-header-display":"","site-post-title":"","ast-breadcrumbs-content":"","ast-featured-img":"","footer-sml-layout":"","theme-transparent-header-meta":"","adv-header-id-meta":"","stick-header-meta":"","header-above-stick-meta":"","header-main-stick-meta":"","header-below-stick-meta":"","footnotes":"","jetpack_publicize_message":"","jetpack_is_tweetstorm":false,"jetpack_publicize_feature_enabled":true},"categories":[22],"tags":[],"jetpack_publicize_connections":[],"acf":[],"aioseo_notices":[],"yoast_head":"<!-- This site is optimized with the Yoast SEO plugin v19.6.1 - https:\/\/yoast.com\/wordpress\/plugins\/seo\/ -->\n<title>Mani Bella n\u2019est plus Mme Avom! -<\/title>\n<meta name=\"robots\" content=\"index, follow, max-snippet:-1, max-image-preview:large, max-video-preview:-1\" \/>\n<link rel=\"canonical\" href=\"https:\/\/7culture.ci\/index.php\/2022\/07\/01\/mani-bella-nest-plus-mme-avom\/\" \/>\n<meta property=\"og:locale\" content=\"fr_FR\" \/>\n<meta property=\"og:type\" content=\"article\" \/>\n<meta property=\"og:title\" content=\"Mani Bella n\u2019est plus Mme Avom! -\" \/>\n<meta property=\"og:description\" content=\"Divorc\u00e9e \u00e0 peine une semaine, l\u2019artiste camerounaise Mani Bella a pu constater sur les r\u00e9seaux sociaux, le remariage de son ex-mari, Anthony Avom, avec une autre. Elle cumulait avec son mari, 12 ann\u00e9es de vie commune. Les internautes sont choqu\u00e9s par la nouvelle et ne manquent pas d\u2019envoyer beaucoup d\u2019amour et de consolation \u00e0 la &hellip; Mani Bella n\u2019est plus Mme Avom! Lire la suite\u00a0\u00bb\" \/>\n<meta property=\"og:url\" content=\"https:\/\/7culture.ci\/index.php\/2022\/07\/01\/mani-bella-nest-plus-mme-avom\/\" \/>\n<meta property=\"og:site_name\" content=\"7culture\" \/>\n<meta property=\"article:publisher\" content=\"https:\/\/www.facebook.com\/redchefclaude\" \/>\n<meta property=\"article:published_time\" content=\"2022-07-01T16:14:46+00:00\" \/>\n<meta property=\"article:modified_time\" content=\"2022-07-03T14:34:03+00:00\" \/>\n<meta property=\"og:image\" content=\"http:\/\/7culture.ci\/wp-content\/uploads\/2022\/07\/mb.jpeg\" \/>\n\t<meta property=\"og:image:width\" content=\"715\" \/>\n\t<meta property=\"og:image:height\" content=\"450\" \/>\n\t<meta property=\"og:image:type\" content=\"image\/jpeg\" \/>\n<meta name=\"author\" content=\"7culture2020\" \/>\n<meta name=\"twitter:card\" content=\"summary_large_image\" \/>\n<meta name=\"twitter:creator\" content=\"@7culturec\" \/>\n<meta name=\"twitter:site\" content=\"@7culturec\" \/>\n<meta name=\"twitter:label1\" content=\"\u00c9crit par\" \/>\n\t<meta name=\"twitter:data1\" content=\"7culture2020\" \/>\n\t<meta name=\"twitter:label2\" content=\"Dur\u00e9e de lecture estim\u00e9e\" \/>\n\t<meta name=\"twitter:data2\" content=\"3 minutes\" \/>\n<script type=\"application\/ld+json\" class=\"yoast-schema-graph\">{\"@context\":\"https:\/\/schema.org\",\"@graph\":[{\"@type\":\"Article\",\"@id\":\"https:\/\/7culture.ci\/index.php\/2022\/07\/01\/mani-bella-nest-plus-mme-avom\/#article\",\"isPartOf\":{\"@id\":\"https:\/\/7culture.ci\/index.php\/2022\/07\/01\/mani-bella-nest-plus-mme-avom\/\"},\"author\":{\"name\":\"7culture2020\",\"@id\":\"https:\/\/7culture.ci\/#\/schema\/person\/16150d28d7ef66ba788c1f87f28c4426\"},\"headline\":\"Mani Bella n\u2019est plus Mme Avom!\",\"datePublished\":\"2022-07-01T16:14:46+00:00\",\"dateModified\":\"2022-07-03T14:34:03+00:00\",\"mainEntityOfPage\":{\"@id\":\"https:\/\/7culture.ci\/index.php\/2022\/07\/01\/mani-bella-nest-plus-mme-avom\/\"},\"wordCount\":392,\"commentCount\":0,\"publisher\":{\"@id\":\"https:\/\/7culture.ci\/#organization\"},\"articleSection\":[\"Actualit\u00e9\"],\"inLanguage\":\"fr-FR\",\"potentialAction\":[{\"@type\":\"CommentAction\",\"name\":\"Comment\",\"target\":[\"https:\/\/7culture.ci\/index.php\/2022\/07\/01\/mani-bella-nest-plus-mme-avom\/#respond\"]}]},{\"@type\":\"WebPage\",\"@id\":\"https:\/\/7culture.ci\/index.php\/2022\/07\/01\/mani-bella-nest-plus-mme-avom\/\",\"url\":\"https:\/\/7culture.ci\/index.php\/2022\/07\/01\/mani-bella-nest-plus-mme-avom\/\",\"name\":\"Mani Bella n\u2019est plus Mme Avom! -\",\"isPartOf\":{\"@id\":\"https:\/\/7culture.ci\/#website\"},\"datePublished\":\"2022-07-01T16:14:46+00:00\",\"dateModified\":\"2022-07-03T14:34:03+00:00\",\"breadcrumb\":{\"@id\":\"https:\/\/7culture.ci\/index.php\/2022\/07\/01\/mani-bella-nest-plus-mme-avom\/#breadcrumb\"},\"inLanguage\":\"fr-FR\",\"potentialAction\":[{\"@type\":\"ReadAction\",\"target\":[\"https:\/\/7culture.ci\/index.php\/2022\/07\/01\/mani-bella-nest-plus-mme-avom\/\"]}]},{\"@type\":\"BreadcrumbList\",\"@id\":\"https:\/\/7culture.ci\/index.php\/2022\/07\/01\/mani-bella-nest-plus-mme-avom\/#breadcrumb\",\"itemListElement\":[{\"@type\":\"ListItem\",\"position\":1,\"name\":\"Accueil\",\"item\":\"https:\/\/7culture.ci\/\"},{\"@type\":\"ListItem\",\"position\":2,\"name\":\"Mani Bella n\u2019est plus Mme Avom!\"}]},{\"@type\":\"WebSite\",\"@id\":\"https:\/\/7culture.ci\/#website\",\"url\":\"https:\/\/7culture.ci\/\",\"name\":\"7culture\",\"description\":\"Tout sur l&#039;actualit\u00e9\",\"publisher\":{\"@id\":\"https:\/\/7culture.ci\/#organization\"},\"potentialAction\":[{\"@type\":\"SearchAction\",\"target\":{\"@type\":\"EntryPoint\",\"urlTemplate\":\"https:\/\/7culture.ci\/?s={search_term_string}\"},\"query-input\":\"required name=search_term_string\"}],\"inLanguage\":\"fr-FR\"},{\"@type\":\"Organization\",\"@id\":\"https:\/\/7culture.ci\/#organization\",\"name\":\"7culture\",\"url\":\"https:\/\/7culture.ci\/\",\"sameAs\":[\"https:\/\/www.facebook.com\/redchefclaude\",\"https:\/\/twitter.com\/7culturec\"],\"logo\":{\"@type\":\"ImageObject\",\"inLanguage\":\"fr-FR\",\"@id\":\"https:\/\/7culture.ci\/#\/schema\/logo\/image\/\",\"url\":\"https:\/\/7culture.ci\/wp-content\/uploads\/2021\/12\/S1a-1.png\",\"contentUrl\":\"https:\/\/7culture.ci\/wp-content\/uploads\/2021\/12\/S1a-1.png\",\"width\":588,\"height\":192,\"caption\":\"7culture\"},\"image\":{\"@id\":\"https:\/\/7culture.ci\/#\/schema\/logo\/image\/\"}},{\"@type\":\"Person\",\"@id\":\"https:\/\/7culture.ci\/#\/schema\/person\/16150d28d7ef66ba788c1f87f28c4426\",\"name\":\"7culture2020\",\"image\":{\"@type\":\"ImageObject\",\"inLanguage\":\"fr-FR\",\"@id\":\"https:\/\/7culture.ci\/#\/schema\/person\/image\/\",\"url\":\"https:\/\/secure.gravatar.com\/avatar\/9a0784f951306c37bcd065f52844ef95?s=96&d=mm&r=g\",\"contentUrl\":\"https:\/\/secure.gravatar.com\/avatar\/9a0784f951306c37bcd065f52844ef95?s=96&d=mm&r=g\",\"caption\":\"7culture2020\"},\"sameAs\":[\"http:\/\/7culture.ci\",\"Claude.kipre\"],\"url\":\"https:\/\/7culture.ci\/index.php\/author\/7culture2020\/\"}]}<\/script>\n<!-- \/ Yoast SEO plugin. -->","yoast_head_json":{"title":"Mani Bella n\u2019est plus Mme Avom! -","robots":{"index":"index","follow":"follow","max-snippet":"max-snippet:-1","max-image-preview":"max-image-preview:large","max-video-preview":"max-video-preview:-1"},"canonical":"https:\/\/7culture.ci\/index.php\/2022\/07\/01\/mani-bella-nest-plus-mme-avom\/","og_locale":"fr_FR","og_type":"article","og_title":"Mani Bella n\u2019est plus Mme Avom! -","og_description":"Divorc\u00e9e \u00e0 peine une semaine, l\u2019artiste camerounaise Mani Bella a pu constater sur les r\u00e9seaux sociaux, le remariage de son ex-mari, Anthony Avom, avec une autre. Elle cumulait avec son mari, 12 ann\u00e9es de vie commune. Les internautes sont choqu\u00e9s par la nouvelle et ne manquent pas d\u2019envoyer beaucoup d\u2019amour et de consolation \u00e0 la &hellip; Mani Bella n\u2019est plus Mme Avom! Lire la suite\u00a0\u00bb","og_url":"https:\/\/7culture.ci\/index.php\/2022\/07\/01\/mani-bella-nest-plus-mme-avom\/","og_site_name":"7culture","article_publisher":"https:\/\/www.facebook.com\/redchefclaude","article_published_time":"2022-07-01T16:14:46+00:00","article_modified_time":"2022-07-03T14:34:03+00:00","og_image":[{"width":715,"height":450,"url":"http:\/\/7culture.ci\/wp-content\/uploads\/2022\/07\/mb.jpeg","type":"image\/jpeg"}],"author":"7culture2020","twitter_card":"summary_large_image","twitter_creator":"@7culturec","twitter_site":"@7culturec","twitter_misc":{"\u00c9crit par":"7culture2020","Dur\u00e9e de lecture estim\u00e9e":"3 minutes"},"schema":{"@context":"https:\/\/schema.org","@graph":[{"@type":"Article","@id":"https:\/\/7culture.ci\/index.php\/2022\/07\/01\/mani-bella-nest-plus-mme-avom\/#article","isPartOf":{"@id":"https:\/\/7culture.ci\/index.php\/2022\/07\/01\/mani-bella-nest-plus-mme-avom\/"},"author":{"name":"7culture2020","@id":"https:\/\/7culture.ci\/#\/schema\/person\/16150d28d7ef66ba788c1f87f28c4426"},"headline":"Mani Bella n\u2019est plus Mme Avom!","datePublished":"2022-07-01T16:14:46+00:00","dateModified":"2022-07-03T14:34:03+00:00","mainEntityOfPage":{"@id":"https:\/\/7culture.ci\/index.php\/2022\/07\/01\/mani-bella-nest-plus-mme-avom\/"},"wordCount":392,"commentCount":0,"publisher":{"@id":"https:\/\/7culture.ci\/#organization"},"articleSection":["Actualit\u00e9"],"inLanguage":"fr-FR","potentialAction":[{"@type":"CommentAction","name":"Comment","target":["https:\/\/7culture.ci\/index.php\/2022\/07\/01\/mani-bella-nest-plus-mme-avom\/#respond"]}]},{"@type":"WebPage","@id":"https:\/\/7culture.ci\/index.php\/2022\/07\/01\/mani-bella-nest-plus-mme-avom\/","url":"https:\/\/7culture.ci\/index.php\/2022\/07\/01\/mani-bella-nest-plus-mme-avom\/","name":"Mani Bella n\u2019est plus Mme Avom! -","isPartOf":{"@id":"https:\/\/7culture.ci\/#website"},"datePublished":"2022-07-01T16:14:46+00:00","dateModified":"2022-07-03T14:34:03+00:00","breadcrumb":{"@id":"https:\/\/7culture.ci\/index.php\/2022\/07\/01\/mani-bella-nest-plus-mme-avom\/#breadcrumb"},"inLanguage":"fr-FR","potentialAction":[{"@type":"ReadAction","target":["https:\/\/7culture.ci\/index.php\/2022\/07\/01\/mani-bella-nest-plus-mme-avom\/"]}]},{"@type":"BreadcrumbList","@id":"https:\/\/7culture.ci\/index.php\/2022\/07\/01\/mani-bella-nest-plus-mme-avom\/#breadcrumb","itemListElement":[{"@type":"ListItem","position":1,"name":"Accueil","item":"https:\/\/7culture.ci\/"},{"@type":"ListItem","position":2,"name":"Mani Bella n\u2019est plus Mme Avom!"}]},{"@type":"WebSite","@id":"https:\/\/7culture.ci\/#website","url":"https:\/\/7culture.ci\/","name":"7culture","description":"Tout sur l&#039;actualit\u00e9","publisher":{"@id":"https:\/\/7culture.ci\/#organization"},"potentialAction":[{"@type":"SearchAction","target":{"@type":"EntryPoint","urlTemplate":"https:\/\/7culture.ci\/?s={search_term_string}"},"query-input":"required name=search_term_string"}],"inLanguage":"fr-FR"},{"@type":"Organization","@id":"https:\/\/7culture.ci\/#organization","name":"7culture","url":"https:\/\/7culture.ci\/","sameAs":["https:\/\/www.facebook.com\/redchefclaude","https:\/\/twitter.com\/7culturec"],"logo":{"@type":"ImageObject","inLanguage":"fr-FR","@id":"https:\/\/7culture.ci\/#\/schema\/logo\/image\/","url":"https:\/\/7culture.ci\/wp-content\/uploads\/2021\/12\/S1a-1.png","contentUrl":"https:\/\/7culture.ci\/wp-content\/uploads\/2021\/12\/S1a-1.png","width":588,"height":192,"caption":"7culture"},"image":{"@id":"https:\/\/7culture.ci\/#\/schema\/logo\/image\/"}},{"@type":"Person","@id":"https:\/\/7culture.ci\/#\/schema\/person\/16150d28d7ef66ba788c1f87f28c4426","name":"7culture2020","image":{"@type":"ImageObject","inLanguage":"fr-FR","@id":"https:\/\/7culture.ci\/#\/schema\/person\/image\/","url":"https:\/\/secure.gravatar.com\/avatar\/9a0784f951306c37bcd065f52844ef95?s=96&d=mm&r=g","contentUrl":"https:\/\/secure.gravatar.com\/avatar\/9a0784f951306c37bcd065f52844ef95?s=96&d=mm&r=g","caption":"7culture2020"},"sameAs":["http:\/\/7culture.ci","Claude.kipre"],"url":"https:\/\/7culture.ci\/index.php\/author\/7culture2020\/"}]}},"jetpack_featured_media_url":"https:\/\/7culture.ci\/wp-content\/uploads\/2022\/07\/mb.jpeg","jetpack_likes_enabled":true,"jetpack_sharing_enabled":true,"_links":{"self":[{"href":"https:\/\/7culture.ci\/index.php\/wp-json\/wp\/v2\/posts\/22093"}],"collection":[{"href":"https:\/\/7culture.ci\/index.php\/wp-json\/wp\/v2\/posts"}],"about":[{"href":"https:\/\/7culture.ci\/index.php\/wp-json\/wp\/v2\/types\/post"}],"author":[{"embeddable":true,"href":"https:\/\/7culture.ci\/index.php\/wp-json\/wp\/v2\/users\/1"}],"replies":[{"embeddable":true,"href":"https:\/\/7culture.ci\/index.php\/wp-json\/wp\/v2\/comments?post=22093"}],"version-history":[{"count":0,"href":"https:\/\/7culture.ci\/index.php\/wp-json\/wp\/v2\/posts\/22093\/revisions"}],"wp:featuredmedia":[{"embeddable":true,"href":"https:\/\/7culture.ci\/index.php\/wp-json\/wp\/v2\/media\/22099"}],"wp:attachment":[{"href":"https:\/\/7culture.ci\/index.php\/wp-json\/wp\/v2\/media?parent=22093"}],"wp:term":[{"taxonomy":"category","embeddable":true,"href":"https:\/\/7culture.ci\/index.php\/wp-json\/wp\/v2\/categories?post=22093"},{"taxonomy":"post_tag","embeddable":true,"href":"https:\/\/7culture.ci\/index.php\/wp-json\/wp\/v2\/tags?post=22093"}],"curies":[{"name":"wp","href":"https:\/\/api.w.org\/{rel}","templated":true}]}}